{"id":62723,"date":"2023-03-02T11:20:01","date_gmt":"2023-03-02T10:20:01","guid":{"rendered":"https:\/\/vosgesinfo.fr\/saintdieinfo\/2023\/03\/anould-commune-recoit-legs-de-12-million-de\/"},"modified":"2023-03-02T11:20:01","modified_gmt":"2023-03-02T10:20:01","slug":"anould-commune-recoit-legs-de-12-million-de","status":"publish","type":"post","link":"https:\/\/vosgesinfo.fr\/saintdieinfo\/2023\/03\/anould-commune-recoit-legs-de-12-million-de\/","title":{"rendered":"Anould \u2013 La commune re\u00e7oit un legs de 1,2 million d&rsquo;\u20ac"},"content":{"rendered":"<div id=\"attachment_197708\" style=\"width: 970px\" class=\"wp-caption aligncenter\"><a href=\"\/2023\/03\/Anould_01.jpg\" target=\"_blank\" rel=\"noopener\"><img decoding=\"async\" aria-describedby=\"caption-attachment-197708\" class=\"wp-image-197708 size-large\" src=\"\/2023\/03\/Anould_01-1024x768.jpg\" alt=\"Anould_01\" width=\"960\" height=\"720\" \/><\/a><p id=\"caption-attachment-197708\" class=\"wp-caption-text\">(Photographie Wikipedia.org)<\/p><\/div>\n<h2><strong><span style=\"font-size: 14pt;\">Il arrive parfois que des communes fran\u00e7aises re\u00e7oivent d&rsquo;importants legs. C&rsquo;est le cas \u00e0 Anould, qui a b\u00e9n\u00e9fici\u00e9 d&rsquo;un legs de plus d&rsquo;un million d&rsquo;\u20ac de la part de Claude Fleurence. Aulnois de naissance, ce dernier est d\u00e9c\u00e9d\u00e9 le 18 f\u00e9vrier 2021, \u00e0 l&rsquo;aube de ses 85 ans.<\/span><\/strong><\/h2>\n<p><!--more--><\/p>\n<p>Conform\u00e9ment \u00e0 ses volont\u00e9s, il a l\u00e9gu\u00e9 la somme de 1 259 941,08\u20ac \u00e0 la commune d&rsquo;Anould, sous la condition de la construction d&rsquo;un \u00e9tablissement d&rsquo;accueil pour personnes \u00e2g\u00e9es, comprenant un pavillon r\u00e9serv\u00e9 aux malades d&rsquo;Alzheimer. \u00ab\u00a0Tr\u00e8s attach\u00e9 \u00e0 sa commune de naissance, Claude Fleurence appelait de tous ses v\u0153ux que les \u00ab\u00a0gens d&rsquo;Anould\u00a0\u00bb puissent disposer d&rsquo;un \u00e9tablissement au plus pr\u00e8s de chez eux\u00a0\u00bb pr\u00e9cise le maire Jacques Hestin, qui a rendu public ce legs ce mercredi 1er mars.<\/p>\n<p>D\u00e8s 2017, Claude Fleurence avait pris contact avec l&rsquo;\u00e9dile de la commune pour lui indiquer que la Mairie d&rsquo;Anould allait \u00eatre b\u00e9n\u00e9ficiaire de plusieurs contrats d&rsquo;assurance-vie. Dans ses volont\u00e9s, le g\u00e9n\u00e9reux donateur avait exprim\u00e9 le souhait que le futur \u00e9tablissement porte le nom \u00ab\u00a0Annette et Claude\u00a0\u00bb. Une d\u00e9lib\u00e9ration du Conseil Municipal sera prochainement \u00e0 l&rsquo;ordre du jour afin que Claude Fleurence et sa s\u0153ur Anne soient d\u00e9sin\u00e9s comme \u00ab\u00a0bienfaiteurs de la commune d&rsquo;Anould.\u00a0\u00bb De son vivant, il avait insist\u00e9 pour conserver un anonymat total sur cette d\u00e9marche.<\/p>\n<p>\u00ab\u00a0A pr\u00e9sent, les administrations concern\u00e9es vont \u00eatre officiellement inform\u00e9es et les partenaires \u00e9ventuels contact\u00e9s afin de mener \u00e0 bien ce projet. Je tiens aujourd&rsquo;hui \u00e0 rendre hommage \u00e0 monsieur Claude Fleurence pour la g\u00e9n\u00e9rosit\u00e9 dont il a fait preuve au profit des habitants de notre cit\u00e9, et ai \u00e9galement une pens\u00e9e pour sa s\u0153ur Annette\u00a0\u00bb a soulign\u00e9 Jacques Hestin \u00e0 propos de cet important legs.<\/p>\n<p>J.J.<\/p>\n","protected":false},"excerpt":{"rendered":"<p>Il arrive parfois que des communes fran\u00e7aises re\u00e7oivent d&rsquo;importants legs. C&rsquo;est le cas \u00e0 Anould, qui a b\u00e9n\u00e9fici\u00e9 d&rsquo;un legs [&hellip;]<\/p>\n","protected":false},"author":44,"featured_media":62724,"comment_status":"open","ping_status":"open","sticky":false,"template":"","format":"standard","meta":{"footnotes":""},"categories":[460,2915],"tags":[3927,13905,13906,13907],"class_list":["post-62723","post","type-post","status-publish","format-standard","has-post-thumbnail","hentry","category-a-la-une","category-saint-die-son-canton","tag-anould","tag-claude-fleurence","tag-jacques-hestin","tag-legs"],"acf":[],"yoast_head":"<!-- This site is optimized with the Yoast SEO plugin v22.5 - https:\/\/yoast.com\/wordpress\/plugins\/seo\/ -->\n<title>Anould \u2013 La commune re\u00e7oit un legs de 1,2 million d&#039;\u20ac - Saint Die Info<\/title>\n<meta name=\"robots\" content=\"index, follow, max-snippet:-1, max-image-preview:large, max-video-preview:-1\" \/>\n<link rel=\"canonical\" href=\"https:\/\/vosgesinfo.fr\/saintdieinfo\/2023\/03\/anould-commune-recoit-legs-de-12-million-de\/\" \/>\n<meta name=\"twitter:card\" content=\"summary_large_image\" \/>\n<meta name=\"twitter:title\" content=\"Anould \u2013 La commune re\u00e7oit un legs de 1,2 million d&#039;\u20ac - Saint Die Info\" \/>\n<meta name=\"twitter:description\" content=\"Il arrive parfois que des communes fran\u00e7aises re\u00e7oivent d&rsquo;importants legs. C&rsquo;est le cas \u00e0 Anould, qui a b\u00e9n\u00e9fici\u00e9 d&rsquo;un legs [&hellip;]\" \/>\n<meta name=\"twitter:image\" content=\"https:\/\/vosgesinfo.fr\/app\/uploads\/sites\/4\/2024\/08\/202303anould-01.jpg\" \/>\n<meta name=\"twitter:creator\" content=\"@VosgesInfo88\" \/>\n<meta name=\"twitter:site\" content=\"@VosgesInfo88\" \/>\n<meta name=\"twitter:label1\" content=\"\u00c9crit par\" \/>\n\t<meta name=\"twitter:data1\" content=\"la r\u00e9daction\" \/>\n\t<meta name=\"twitter:label2\" content=\"Dur\u00e9e de lecture estim\u00e9e\" \/>\n\t<meta name=\"twitter:data2\" content=\"2 minutes\" \/>\n<script type=\"application\/ld+json\" class=\"yoast-schema-graph\">{\"@context\":\"https:\/\/schema.org\",\"@graph\":[{\"@type\":\"Article\",\"@id\":\"https:\/\/vosgesinfo.fr\/saintdieinfo\/2023\/03\/anould-commune-recoit-legs-de-12-million-de\/#article\",\"isPartOf\":{\"@id\":\"https:\/\/vosgesinfo.fr\/saintdieinfo\/2023\/03\/anould-commune-recoit-legs-de-12-million-de\/\"},\"author\":{\"name\":\"la r\u00e9daction\",\"@id\":\"https:\/\/vosgesinfo.fr\/saintdieinfo\/#\/schema\/person\/faee6704a21f3977511db84bd1cd450f\"},\"headline\":\"Anould \u2013 La commune re\u00e7oit un legs de 1,2 million d&rsquo;\u20ac\",\"datePublished\":\"2023-03-02T10:20:01+00:00\",\"dateModified\":\"2023-03-02T10:20:01+00:00\",\"mainEntityOfPage\":{\"@id\":\"https:\/\/vosgesinfo.fr\/saintdieinfo\/2023\/03\/anould-commune-recoit-legs-de-12-million-de\/\"},\"wordCount\":337,\"commentCount\":0,\"publisher\":{\"@id\":\"https:\/\/vosgesinfo.fr\/saintdieinfo\/#organization\"},\"image\":{\"@id\":\"https:\/\/vosgesinfo.fr\/saintdieinfo\/2023\/03\/anould-commune-recoit-legs-de-12-million-de\/#primaryimage\"},\"thumbnailUrl\":\"https:\/\/vosgesinfo.fr\/app\/uploads\/sites\/4\/2024\/08\/202303anould-01.jpg\",\"keywords\":[\"Anould\",\"Claude Fleurence\",\"Jacques Hestin\",\"Legs\"],\"articleSection\":[\"A la Une\",\"Saint-Di\u00e9-des-Vosges et son Agglom\u00e9ration\"],\"inLanguage\":\"fr-FR\",\"potentialAction\":[{\"@type\":\"CommentAction\",\"name\":\"Comment\",\"target\":[\"https:\/\/vosgesinfo.fr\/saintdieinfo\/2023\/03\/anould-commune-recoit-legs-de-12-million-de\/#respond\"]}]},{\"@type\":\"WebPage\",\"@id\":\"https:\/\/vosgesinfo.fr\/saintdieinfo\/2023\/03\/anould-commune-recoit-legs-de-12-million-de\/\",\"url\":\"https:\/\/vosgesinfo.fr\/saintdieinfo\/2023\/03\/anould-commune-recoit-legs-de-12-million-de\/\",\"name\":\"Anould \u2013 La commune re\u00e7oit un legs de 1,2 million d'\u20ac - Saint Die Info\",\"isPartOf\":{\"@id\":\"https:\/\/vosgesinfo.fr\/saintdieinfo\/#website\"},\"primaryImageOfPage\":{\"@id\":\"https:\/\/vosgesinfo.fr\/saintdieinfo\/2023\/03\/anould-commune-recoit-legs-de-12-million-de\/#primaryimage\"},\"image\":{\"@id\":\"https:\/\/vosgesinfo.fr\/saintdieinfo\/2023\/03\/anould-commune-recoit-legs-de-12-million-de\/#primaryimage\"},\"thumbnailUrl\":\"https:\/\/vosgesinfo.fr\/app\/uploads\/sites\/4\/2024\/08\/202303anould-01.jpg\",\"datePublished\":\"2023-03-02T10:20:01+00:00\",\"dateModified\":\"2023-03-02T10:20:01+00:00\",\"breadcrumb\":{\"@id\":\"https:\/\/vosgesinfo.fr\/saintdieinfo\/2023\/03\/anould-commune-recoit-legs-de-12-million-de\/#breadcrumb\"},\"inLanguage\":\"fr-FR\",\"potentialAction\":[{\"@type\":\"ReadAction\",\"target\":[\"https:\/\/vosgesinfo.fr\/saintdieinfo\/2023\/03\/anould-commune-recoit-legs-de-12-million-de\/\"]}]},{\"@type\":\"ImageObject\",\"inLanguage\":\"fr-FR\",\"@id\":\"https:\/\/vosgesinfo.fr\/saintdieinfo\/2023\/03\/anould-commune-recoit-legs-de-12-million-de\/#primaryimage\",\"url\":\"https:\/\/vosgesinfo.fr\/app\/uploads\/sites\/4\/2024\/08\/202303anould-01.jpg\",\"contentUrl\":\"https:\/\/vosgesinfo.fr\/app\/uploads\/sites\/4\/2024\/08\/202303anould-01.jpg\",\"width\":1024,\"height\":768},{\"@type\":\"BreadcrumbList\",\"@id\":\"https:\/\/vosgesinfo.fr\/saintdieinfo\/2023\/03\/anould-commune-recoit-legs-de-12-million-de\/#breadcrumb\",\"itemListElement\":[{\"@type\":\"ListItem\",\"position\":1,\"name\":\"Home\",\"item\":\"https:\/\/vosgesinfo.fr\/saintdieinfo\/\"},{\"@type\":\"ListItem\",\"position\":2,\"name\":\"Anould \u2013 La commune re\u00e7oit un legs de 1,2 million d&rsquo;\u20ac\"}]},{\"@type\":\"WebSite\",\"@id\":\"https:\/\/vosgesinfo.fr\/saintdieinfo\/#website\",\"url\":\"https:\/\/vosgesinfo.fr\/saintdieinfo\/\",\"name\":\"Saint Die Info\",\"description\":\"Toute l&#039;actualit\u00e9 de Saint-Di\u00e9-Des-Vosges\",\"publisher\":{\"@id\":\"https:\/\/vosgesinfo.fr\/saintdieinfo\/#organization\"},\"alternateName\":\"Toute l'actualit\u00e9 de Saint-Di\u00e9-Des-Vosges\",\"potentialAction\":[{\"@type\":\"SearchAction\",\"target\":{\"@type\":\"EntryPoint\",\"urlTemplate\":\"https:\/\/vosgesinfo.fr\/saintdieinfo\/?s={search_term_string}\"},\"query-input\":\"required name=search_term_string\"}],\"inLanguage\":\"fr-FR\"},{\"@type\":\"Organization\",\"@id\":\"https:\/\/vosgesinfo.fr\/saintdieinfo\/#organization\",\"name\":\"Saint Die Info\",\"url\":\"https:\/\/vosgesinfo.fr\/saintdieinfo\/\",\"logo\":{\"@type\":\"ImageObject\",\"inLanguage\":\"fr-FR\",\"@id\":\"https:\/\/vosgesinfo.fr\/saintdieinfo\/#\/schema\/logo\/image\/\",\"url\":\"https:\/\/vosgesinfo.fr\/app\/uploads\/sites\/4\/2024\/02\/logo-sdi.jpg\",\"contentUrl\":\"https:\/\/vosgesinfo.fr\/app\/uploads\/sites\/4\/2024\/02\/logo-sdi.jpg\",\"width\":600,\"height\":600,\"caption\":\"Saint Die Info\"},\"image\":{\"@id\":\"https:\/\/vosgesinfo.fr\/saintdieinfo\/#\/schema\/logo\/image\/\"},\"sameAs\":[\"https:\/\/www.facebook.com\/Saintdieinfofr\",\"https:\/\/x.com\/VosgesInfo88\",\"https:\/\/www.youtube.com\/@vosgesinfo\"]},{\"@type\":\"Person\",\"@id\":\"https:\/\/vosgesinfo.fr\/saintdieinfo\/#\/schema\/person\/faee6704a21f3977511db84bd1cd450f\",\"name\":\"la r\u00e9daction\",\"image\":{\"@type\":\"ImageObject\",\"inLanguage\":\"fr-FR\",\"@id\":\"https:\/\/vosgesinfo.fr\/saintdieinfo\/#\/schema\/person\/image\/\",\"url\":\"https:\/\/secure.gravatar.com\/avatar\/6673d8bc6a9c17fa9a453eaa3448de834fa308c2ec9635b7aa99441a7c8d2cf6?s=96&d=mm&r=g\",\"contentUrl\":\"https:\/\/secure.gravatar.com\/avatar\/6673d8bc6a9c17fa9a453eaa3448de834fa308c2ec9635b7aa99441a7c8d2cf6?s=96&d=mm&r=g\",\"caption\":\"la r\u00e9daction\"},\"url\":\"https:\/\/vosgesinfo.fr\/saintdieinfo\/author\/redac\/\"}]}<\/script>\n<!-- \/ Yoast SEO plugin. -->","yoast_head_json":{"title":"Anould \u2013 La commune re\u00e7oit un legs de 1,2 million d'\u20ac - Saint Die Info","robots":{"index":"index","follow":"follow","max-snippet":"max-snippet:-1","max-image-preview":"max-image-preview:large","max-video-preview":"max-video-preview:-1"},"canonical":"https:\/\/vosgesinfo.fr\/saintdieinfo\/2023\/03\/anould-commune-recoit-legs-de-12-million-de\/","twitter_card":"summary_large_image","twitter_title":"Anould \u2013 La commune re\u00e7oit un legs de 1,2 million d'\u20ac - Saint Die Info","twitter_description":"Il arrive parfois que des communes fran\u00e7aises re\u00e7oivent d&rsquo;importants legs. C&rsquo;est le cas \u00e0 Anould, qui a b\u00e9n\u00e9fici\u00e9 d&rsquo;un legs [&hellip;]","twitter_image":"https:\/\/vosgesinfo.fr\/app\/uploads\/sites\/4\/2024\/08\/202303anould-01.jpg","twitter_creator":"@VosgesInfo88","twitter_site":"@VosgesInfo88","twitter_misc":{"\u00c9crit par":"la r\u00e9daction","Dur\u00e9e de lecture estim\u00e9e":"2 minutes"},"schema":{"@context":"https:\/\/schema.org","@graph":[{"@type":"Article","@id":"https:\/\/vosgesinfo.fr\/saintdieinfo\/2023\/03\/anould-commune-recoit-legs-de-12-million-de\/#article","isPartOf":{"@id":"https:\/\/vosgesinfo.fr\/saintdieinfo\/2023\/03\/anould-commune-recoit-legs-de-12-million-de\/"},"author":{"name":"la r\u00e9daction","@id":"https:\/\/vosgesinfo.fr\/saintdieinfo\/#\/schema\/person\/faee6704a21f3977511db84bd1cd450f"},"headline":"Anould \u2013 La commune re\u00e7oit un legs de 1,2 million d&rsquo;\u20ac","datePublished":"2023-03-02T10:20:01+00:00","dateModified":"2023-03-02T10:20:01+00:00","mainEntityOfPage":{"@id":"https:\/\/vosgesinfo.fr\/saintdieinfo\/2023\/03\/anould-commune-recoit-legs-de-12-million-de\/"},"wordCount":337,"commentCount":0,"publisher":{"@id":"https:\/\/vosgesinfo.fr\/saintdieinfo\/#organization"},"image":{"@id":"https:\/\/vosgesinfo.fr\/saintdieinfo\/2023\/03\/anould-commune-recoit-legs-de-12-million-de\/#primaryimage"},"thumbnailUrl":"https:\/\/vosgesinfo.fr\/app\/uploads\/sites\/4\/2024\/08\/202303anould-01.jpg","keywords":["Anould","Claude Fleurence","Jacques Hestin","Legs"],"articleSection":["A la Une","Saint-Di\u00e9-des-Vosges et son Agglom\u00e9ration"],"inLanguage":"fr-FR","potentialAction":[{"@type":"CommentAction","name":"Comment","target":["https:\/\/vosgesinfo.fr\/saintdieinfo\/2023\/03\/anould-commune-recoit-legs-de-12-million-de\/#respond"]}]},{"@type":"WebPage","@id":"https:\/\/vosgesinfo.fr\/saintdieinfo\/2023\/03\/anould-commune-recoit-legs-de-12-million-de\/","url":"https:\/\/vosgesinfo.fr\/saintdieinfo\/2023\/03\/anould-commune-recoit-legs-de-12-million-de\/","name":"Anould \u2013 La commune re\u00e7oit un legs de 1,2 million d'\u20ac - Saint Die Info","isPartOf":{"@id":"https:\/\/vosgesinfo.fr\/saintdieinfo\/#website"},"primaryImageOfPage":{"@id":"https:\/\/vosgesinfo.fr\/saintdieinfo\/2023\/03\/anould-commune-recoit-legs-de-12-million-de\/#primaryimage"},"image":{"@id":"https:\/\/vosgesinfo.fr\/saintdieinfo\/2023\/03\/anould-commune-recoit-legs-de-12-million-de\/#primaryimage"},"thumbnailUrl":"https:\/\/vosgesinfo.fr\/app\/uploads\/sites\/4\/2024\/08\/202303anould-01.jpg","datePublished":"2023-03-02T10:20:01+00:00","dateModified":"2023-03-02T10:20:01+00:00","breadcrumb":{"@id":"https:\/\/vosgesinfo.fr\/saintdieinfo\/2023\/03\/anould-commune-recoit-legs-de-12-million-de\/#breadcrumb"},"inLanguage":"fr-FR","potentialAction":[{"@type":"ReadAction","target":["https:\/\/vosgesinfo.fr\/saintdieinfo\/2023\/03\/anould-commune-recoit-legs-de-12-million-de\/"]}]},{"@type":"ImageObject","inLanguage":"fr-FR","@id":"https:\/\/vosgesinfo.fr\/saintdieinfo\/2023\/03\/anould-commune-recoit-legs-de-12-million-de\/#primaryimage","url":"https:\/\/vosgesinfo.fr\/app\/uploads\/sites\/4\/2024\/08\/202303anould-01.jpg","contentUrl":"https:\/\/vosgesinfo.fr\/app\/uploads\/sites\/4\/2024\/08\/202303anould-01.jpg","width":1024,"height":768},{"@type":"BreadcrumbList","@id":"https:\/\/vosgesinfo.fr\/saintdieinfo\/2023\/03\/anould-commune-recoit-legs-de-12-million-de\/#breadcrumb","itemListElement":[{"@type":"ListItem","position":1,"name":"Home","item":"https:\/\/vosgesinfo.fr\/saintdieinfo\/"},{"@type":"ListItem","position":2,"name":"Anould \u2013 La commune re\u00e7oit un legs de 1,2 million d&rsquo;\u20ac"}]},{"@type":"WebSite","@id":"https:\/\/vosgesinfo.fr\/saintdieinfo\/#website","url":"https:\/\/vosgesinfo.fr\/saintdieinfo\/","name":"Saint Die Info","description":"Toute l&#039;actualit\u00e9 de Saint-Di\u00e9-Des-Vosges","publisher":{"@id":"https:\/\/vosgesinfo.fr\/saintdieinfo\/#organization"},"alternateName":"Toute l'actualit\u00e9 de Saint-Di\u00e9-Des-Vosges","potentialAction":[{"@type":"SearchAction","target":{"@type":"EntryPoint","urlTemplate":"https:\/\/vosgesinfo.fr\/saintdieinfo\/?s={search_term_string}"},"query-input":"required name=search_term_string"}],"inLanguage":"fr-FR"},{"@type":"Organization","@id":"https:\/\/vosgesinfo.fr\/saintdieinfo\/#organization","name":"Saint Die Info","url":"https:\/\/vosgesinfo.fr\/saintdieinfo\/","logo":{"@type":"ImageObject","inLanguage":"fr-FR","@id":"https:\/\/vosgesinfo.fr\/saintdieinfo\/#\/schema\/logo\/image\/","url":"https:\/\/vosgesinfo.fr\/app\/uploads\/sites\/4\/2024\/02\/logo-sdi.jpg","contentUrl":"https:\/\/vosgesinfo.fr\/app\/uploads\/sites\/4\/2024\/02\/logo-sdi.jpg","width":600,"height":600,"caption":"Saint Die Info"},"image":{"@id":"https:\/\/vosgesinfo.fr\/saintdieinfo\/#\/schema\/logo\/image\/"},"sameAs":["https:\/\/www.facebook.com\/Saintdieinfofr","https:\/\/x.com\/VosgesInfo88","https:\/\/www.youtube.com\/@vosgesinfo"]},{"@type":"Person","@id":"https:\/\/vosgesinfo.fr\/saintdieinfo\/#\/schema\/person\/faee6704a21f3977511db84bd1cd450f","name":"la r\u00e9daction","image":{"@type":"ImageObject","inLanguage":"fr-FR","@id":"https:\/\/vosgesinfo.fr\/saintdieinfo\/#\/schema\/person\/image\/","url":"https:\/\/secure.gravatar.com\/avatar\/6673d8bc6a9c17fa9a453eaa3448de834fa308c2ec9635b7aa99441a7c8d2cf6?s=96&d=mm&r=g","contentUrl":"https:\/\/secure.gravatar.com\/avatar\/6673d8bc6a9c17fa9a453eaa3448de834fa308c2ec9635b7aa99441a7c8d2cf6?s=96&d=mm&r=g","caption":"la r\u00e9daction"},"url":"https:\/\/vosgesinfo.fr\/saintdieinfo\/author\/redac\/"}]}},"_links":{"self":[{"href":"https:\/\/vosgesinfo.fr\/saintdieinfo\/wp-json\/wp\/v2\/posts\/62723","targetHints":{"allow":["GET"]}}],"collection":[{"href":"https:\/\/vosgesinfo.fr\/saintdieinfo\/wp-json\/wp\/v2\/posts"}],"about":[{"href":"https:\/\/vosgesinfo.fr\/saintdieinfo\/wp-json\/wp\/v2\/types\/post"}],"author":[{"embeddable":true,"href":"https:\/\/vosgesinfo.fr\/saintdieinfo\/wp-json\/wp\/v2\/users\/44"}],"replies":[{"embeddable":true,"href":"https:\/\/vosgesinfo.fr\/saintdieinfo\/wp-json\/wp\/v2\/comments?post=62723"}],"version-history":[{"count":0,"href":"https:\/\/vosgesinfo.fr\/saintdieinfo\/wp-json\/wp\/v2\/posts\/62723\/revisions"}],"wp:featuredmedia":[{"embeddable":true,"href":"https:\/\/vosgesinfo.fr\/saintdieinfo\/wp-json\/wp\/v2\/media\/62724"}],"wp:attachment":[{"href":"https:\/\/vosgesinfo.fr\/saintdieinfo\/wp-json\/wp\/v2\/media?parent=62723"}],"wp:term":[{"taxonomy":"category","embeddable":true,"href":"https:\/\/vosgesinfo.fr\/saintdieinfo\/wp-json\/wp\/v2\/categories?post=62723"},{"taxonomy":"post_tag","embeddable":true,"href":"https:\/\/vosgesinfo.fr\/saintdieinfo\/wp-json\/wp\/v2\/tags?post=62723"}],"curies":[{"name":"wp","href":"https:\/\/api.w.org\/{rel}","templated":true}]}}