{"id":62728,"date":"2023-03-02T17:18:43","date_gmt":"2023-03-02T16:18:43","guid":{"rendered":"https:\/\/vosgesinfo.fr\/saintdieinfo\/2023\/03\/ministre-transports-clement-beaune-inaugure-pole-multimodal-de-saint-die-vosges\/"},"modified":"2023-03-02T17:18:43","modified_gmt":"2023-03-02T16:18:43","slug":"ministre-transports-clement-beaune-inaugure-pole-multimodal-de-saint-die-vosges","status":"publish","type":"post","link":"https:\/\/vosgesinfo.fr\/saintdieinfo\/2023\/03\/ministre-transports-clement-beaune-inaugure-pole-multimodal-de-saint-die-vosges\/","title":{"rendered":"Le ministre des Transports Cl\u00e9ment Beaune inaugure le p\u00f4le multimodal de Saint-Di\u00e9-des-Vosges"},"content":{"rendered":"<p><a href=\"\/2023\/03\/Inauguration_P\u00f4le_Multimodal_Cl\u00e9ment_Beaune-12.jpg\" target=\"_blank\" rel=\"noopener\"><img decoding=\"async\" class=\"aligncenter wp-image-197725 size-large\" src=\"\/2023\/03\/Inauguration_P\u00f4le_Multimodal_Cl\u00e9ment_Beaune-12-1024x771.jpg\" alt=\"Inauguration_P\u00f4le_Multimodal_Cl\u00e9ment_Beaune (12)\" width=\"960\" height=\"723\" \/><\/a><\/p>\n<h2><strong><span style=\"font-size: 14pt;\">Le projet de p\u00f4le multimodal de la gare de Saint-Di\u00e9-des-Vosges avait \u00e9t\u00e9 initi\u00e9 en 2014. Il aura fallu attendre pr\u00e8s de 10 ans pour que ce projet se concr\u00e9tise. Car c&rsquo;est en ce d\u00e9but d&rsquo;ann\u00e9e 2023, ce jeudi en milieu d&rsquo;apr\u00e8s-midi, que le p\u00f4le multimodal d\u00e9odatien a \u00e9t\u00e9 inaugur\u00e9, par le ministre des Transports Cl\u00e9ment Beaune.<\/span><\/strong><\/h2>\n<p><!--more--><\/p>\n<p>Accompagn\u00e9 de la pr\u00e9f\u00e8te des Vosges Val\u00e9rie Michel-Moreaux et accueilli sur place par le maire Bruno Toussaint, le pr\u00e9sident de la Communaut\u00e9 d&rsquo;Agglom\u00e9ration Claude George, le d\u00e9put\u00e9 David Valence, la premi\u00e8re vice-pr\u00e9sidente du Conseil D\u00e9partemental Caroline Privat-Mattioni, le ministre a coup\u00e9 le ruban tricolore inaugural sur les coups de 16h, apr\u00e8s une pr\u00e9sentation du p\u00f4le multimodal dans ses grandes lignes (<a href=\"https:\/\/saintdieinfo.fr\/2022\/11\/derniere-ligne-droite-travaux-pole-multimodal-de-saint-die-vosges\/\" target=\"_blank\" rel=\"noopener\">lire notre article<\/a>) et apr\u00e8s \u00eatre all\u00e9 \u00e0 la rencontre des cheminots CGT et Sud Rail. Ces derniers ont notamment d\u00e9plor\u00e9 que \u00ab\u00a0la mise \u00e0 niveau du r\u00e9seau entre Arches et Saint-Di\u00e9-des-Vosges n&rsquo;interviendra que dans le cadre du projet d&rsquo;ouverture \u00e0 la concurrence ferroviaire du lot Bruche \u2013 Pi\u00e9mont \u2013 Vosges.\u00a0\u00bb<\/p>\n<p>La deuxi\u00e8me partie de sa visite s&rsquo;est d\u00e9roul\u00e9e du c\u00f4t\u00e9 de la Boussole, o\u00f9 Cl\u00e9ment Beaune a \u00e9chang\u00e9 avec le maire de Bruy\u00e8res Denis Masy, B\u00e9atrix L\u00e9toff\u00e9, repr\u00e9sentante de l&rsquo;association d&rsquo;usagers du rail Adele-S, ainsi que des dirigeants d&rsquo;entreprises du BTP de la fili\u00e8re ferroviaire. Ce temps d&rsquo;\u00e9change \u00e9tait l&rsquo;occasion de pr\u00e9ciser que depuis sa r\u00e9ouverture fin 2021, la ligne Epinal \u2013 Saint-Di\u00e9-des-Vosges a enregistr\u00e9 235 000 voyageurs sur l&rsquo;ann\u00e9e 2022, soit 103 000 de plus qu&rsquo;avant sa fermeture. 41% de ces voyageurs l&rsquo;utilisent \u00e0 titre occasionnel, et la desserte la plus fr\u00e9quent\u00e9e est Epinal \u2013 Bruy\u00e8res, devant Epinal \u2013 Saint-Di\u00e9-des-Vosges. L&rsquo;occasion \u00e9galement de soulever les probl\u00e8mes de fiabilit\u00e9, en particulier du R\u00e9seau Express M\u00e9tropolitain Europ\u00e9en \u2013 REME. A ce sujet, le ministre des Transports s&rsquo;est dit \u00ab\u00a0d\u00e9fendre \u00e0 100% le projet de REME\u00a0\u00bb tout en \u00e9tant \u00ab\u00a0conscient que \u00e7a ne va pas.\u00a0\u00bb \u00ab\u00a0Le REME de Strasbourg est une vitrine. Il y a du rodage et un peu de plantage, mais ce projet doit r\u00e9ussir. On ne va pas le l\u00e2cher.\u00a0\u00bb<\/p>\n<p>Derni\u00e8re \u00e9tape de sa visite en D\u00e9odatie, Cl\u00e9ment Beaune s&rsquo;est rendu \u00e0 Raon-l&rsquo;Etape pour y visiter les carri\u00e8res Trapp.<\/p>\n<p>J.J.<\/p>\n<p><iframe loading=\"lazy\" src=\"\/\/www.youtube.com\/embed\/yJHuqqm7CqY\" width=\"425\" height=\"350\" allowfullscreen=\"allowfullscreen\"><\/iframe><\/p>\n\n","protected":false},"excerpt":{"rendered":"<p>Le projet de p\u00f4le multimodal de la gare de Saint-Di\u00e9-des-Vosges avait \u00e9t\u00e9 initi\u00e9 en 2014. Il aura fallu attendre pr\u00e8s [&hellip;]<\/p>\n","protected":false},"author":44,"featured_media":62729,"comment_status":"open","ping_status":"open","sticky":false,"template":"","format":"standard","meta":{"footnotes":""},"categories":[460,2915],"tags":[13900,3552,11336,13229],"class_list":["post-62728","post","type-post","status-publish","format-standard","has-post-thumbnail","hentry","category-a-la-une","category-saint-die-son-canton","tag-clement-beaune","tag-gare-sncf-de-saint-die-des-vosges","tag-ministre-des-transports","tag-pole-multimodal-de-saint-die-des-vosges"],"acf":[],"yoast_head":"<!-- This site is optimized with the Yoast SEO plugin v22.5 - https:\/\/yoast.com\/wordpress\/plugins\/seo\/ -->\n<title>Le ministre des Transports Cl\u00e9ment Beaune inaugure le p\u00f4le multimodal de Saint-Di\u00e9-des-Vosges - Saint Die Info<\/title>\n<meta name=\"robots\" content=\"index, follow, max-snippet:-1, max-image-preview:large, max-video-preview:-1\" \/>\n<link rel=\"canonical\" href=\"https:\/\/vosgesinfo.fr\/saintdieinfo\/2023\/03\/ministre-transports-clement-beaune-inaugure-pole-multimodal-de-saint-die-vosges\/\" \/>\n<meta name=\"twitter:card\" content=\"summary_large_image\" \/>\n<meta name=\"twitter:title\" content=\"Le ministre des Transports Cl\u00e9ment Beaune inaugure le p\u00f4le multimodal de Saint-Di\u00e9-des-Vosges - Saint Die Info\" \/>\n<meta name=\"twitter:description\" content=\"Le projet de p\u00f4le multimodal de la gare de Saint-Di\u00e9-des-Vosges avait \u00e9t\u00e9 initi\u00e9 en 2014. Il aura fallu attendre pr\u00e8s [&hellip;]\" \/>\n<meta name=\"twitter:image\" content=\"https:\/\/vosgesinfo.fr\/app\/uploads\/sites\/4\/2024\/08\/202303inauguration-pole-multimodal-clement-beaune-12.jpg\" \/>\n<meta name=\"twitter:creator\" content=\"@VosgesInfo88\" \/>\n<meta name=\"twitter:site\" content=\"@VosgesInfo88\" \/>\n<meta name=\"twitter:label1\" content=\"\u00c9crit par\" \/>\n\t<meta name=\"twitter:data1\" content=\"la r\u00e9daction\" \/>\n\t<meta name=\"twitter:label2\" content=\"Dur\u00e9e de lecture estim\u00e9e\" \/>\n\t<meta name=\"twitter:data2\" content=\"2 minutes\" \/>\n<script type=\"application\/ld+json\" class=\"yoast-schema-graph\">{\"@context\":\"https:\/\/schema.org\",\"@graph\":[{\"@type\":\"Article\",\"@id\":\"https:\/\/vosgesinfo.fr\/saintdieinfo\/2023\/03\/ministre-transports-clement-beaune-inaugure-pole-multimodal-de-saint-die-vosges\/#article\",\"isPartOf\":{\"@id\":\"https:\/\/vosgesinfo.fr\/saintdieinfo\/2023\/03\/ministre-transports-clement-beaune-inaugure-pole-multimodal-de-saint-die-vosges\/\"},\"author\":{\"name\":\"la r\u00e9daction\",\"@id\":\"https:\/\/vosgesinfo.fr\/saintdieinfo\/#\/schema\/person\/faee6704a21f3977511db84bd1cd450f\"},\"headline\":\"Le ministre des Transports Cl\u00e9ment Beaune inaugure le p\u00f4le multimodal de Saint-Di\u00e9-des-Vosges\",\"datePublished\":\"2023-03-02T16:18:43+00:00\",\"dateModified\":\"2023-03-02T16:18:43+00:00\",\"mainEntityOfPage\":{\"@id\":\"https:\/\/vosgesinfo.fr\/saintdieinfo\/2023\/03\/ministre-transports-clement-beaune-inaugure-pole-multimodal-de-saint-die-vosges\/\"},\"wordCount\":432,\"commentCount\":0,\"publisher\":{\"@id\":\"https:\/\/vosgesinfo.fr\/saintdieinfo\/#organization\"},\"image\":{\"@id\":\"https:\/\/vosgesinfo.fr\/saintdieinfo\/2023\/03\/ministre-transports-clement-beaune-inaugure-pole-multimodal-de-saint-die-vosges\/#primaryimage\"},\"thumbnailUrl\":\"https:\/\/vosgesinfo.fr\/app\/uploads\/sites\/4\/2024\/08\/202303inauguration-pole-multimodal-clement-beaune-12.jpg\",\"keywords\":[\"Cl\u00e9ment Beaune\",\"Gare SNCF de Saint-Di\u00e9-des-Vosges\",\"Ministre des Transports\",\"P\u00f4le multimodal de Saint-Di\u00e9-des-Vosges\"],\"articleSection\":[\"A la Une\",\"Saint-Di\u00e9-des-Vosges et son Agglom\u00e9ration\"],\"inLanguage\":\"fr-FR\",\"potentialAction\":[{\"@type\":\"CommentAction\",\"name\":\"Comment\",\"target\":[\"https:\/\/vosgesinfo.fr\/saintdieinfo\/2023\/03\/ministre-transports-clement-beaune-inaugure-pole-multimodal-de-saint-die-vosges\/#respond\"]}]},{\"@type\":\"WebPage\",\"@id\":\"https:\/\/vosgesinfo.fr\/saintdieinfo\/2023\/03\/ministre-transports-clement-beaune-inaugure-pole-multimodal-de-saint-die-vosges\/\",\"url\":\"https:\/\/vosgesinfo.fr\/saintdieinfo\/2023\/03\/ministre-transports-clement-beaune-inaugure-pole-multimodal-de-saint-die-vosges\/\",\"name\":\"Le ministre des Transports Cl\u00e9ment Beaune inaugure le p\u00f4le multimodal de Saint-Di\u00e9-des-Vosges - Saint Die Info\",\"isPartOf\":{\"@id\":\"https:\/\/vosgesinfo.fr\/saintdieinfo\/#website\"},\"primaryImageOfPage\":{\"@id\":\"https:\/\/vosgesinfo.fr\/saintdieinfo\/2023\/03\/ministre-transports-clement-beaune-inaugure-pole-multimodal-de-saint-die-vosges\/#primaryimage\"},\"image\":{\"@id\":\"https:\/\/vosgesinfo.fr\/saintdieinfo\/2023\/03\/ministre-transports-clement-beaune-inaugure-pole-multimodal-de-saint-die-vosges\/#primaryimage\"},\"thumbnailUrl\":\"https:\/\/vosgesinfo.fr\/app\/uploads\/sites\/4\/2024\/08\/202303inauguration-pole-multimodal-clement-beaune-12.jpg\",\"datePublished\":\"2023-03-02T16:18:43+00:00\",\"dateModified\":\"2023-03-02T16:18:43+00:00\",\"breadcrumb\":{\"@id\":\"https:\/\/vosgesinfo.fr\/saintdieinfo\/2023\/03\/ministre-transports-clement-beaune-inaugure-pole-multimodal-de-saint-die-vosges\/#breadcrumb\"},\"inLanguage\":\"fr-FR\",\"potentialAction\":[{\"@type\":\"ReadAction\",\"target\":[\"https:\/\/vosgesinfo.fr\/saintdieinfo\/2023\/03\/ministre-transports-clement-beaune-inaugure-pole-multimodal-de-saint-die-vosges\/\"]}]},{\"@type\":\"ImageObject\",\"inLanguage\":\"fr-FR\",\"@id\":\"https:\/\/vosgesinfo.fr\/saintdieinfo\/2023\/03\/ministre-transports-clement-beaune-inaugure-pole-multimodal-de-saint-die-vosges\/#primaryimage\",\"url\":\"https:\/\/vosgesinfo.fr\/app\/uploads\/sites\/4\/2024\/08\/202303inauguration-pole-multimodal-clement-beaune-12.jpg\",\"contentUrl\":\"https:\/\/vosgesinfo.fr\/app\/uploads\/sites\/4\/2024\/08\/202303inauguration-pole-multimodal-clement-beaune-12.jpg\",\"width\":1600,\"height\":1205},{\"@type\":\"BreadcrumbList\",\"@id\":\"https:\/\/vosgesinfo.fr\/saintdieinfo\/2023\/03\/ministre-transports-clement-beaune-inaugure-pole-multimodal-de-saint-die-vosges\/#breadcrumb\",\"itemListElement\":[{\"@type\":\"ListItem\",\"position\":1,\"name\":\"Home\",\"item\":\"https:\/\/vosgesinfo.fr\/saintdieinfo\/\"},{\"@type\":\"ListItem\",\"position\":2,\"name\":\"Le ministre des Transports Cl\u00e9ment Beaune inaugure le p\u00f4le multimodal de Saint-Di\u00e9-des-Vosges\"}]},{\"@type\":\"WebSite\",\"@id\":\"https:\/\/vosgesinfo.fr\/saintdieinfo\/#website\",\"url\":\"https:\/\/vosgesinfo.fr\/saintdieinfo\/\",\"name\":\"Saint Die Info\",\"description\":\"Toute l&#039;actualit\u00e9 de Saint-Di\u00e9-Des-Vosges\",\"publisher\":{\"@id\":\"https:\/\/vosgesinfo.fr\/saintdieinfo\/#organization\"},\"alternateName\":\"Toute l'actualit\u00e9 de Saint-Di\u00e9-Des-Vosges\",\"potentialAction\":[{\"@type\":\"SearchAction\",\"target\":{\"@type\":\"EntryPoint\",\"urlTemplate\":\"https:\/\/vosgesinfo.fr\/saintdieinfo\/?s={search_term_string}\"},\"query-input\":\"required name=search_term_string\"}],\"inLanguage\":\"fr-FR\"},{\"@type\":\"Organization\",\"@id\":\"https:\/\/vosgesinfo.fr\/saintdieinfo\/#organization\",\"name\":\"Saint Die Info\",\"url\":\"https:\/\/vosgesinfo.fr\/saintdieinfo\/\",\"logo\":{\"@type\":\"ImageObject\",\"inLanguage\":\"fr-FR\",\"@id\":\"https:\/\/vosgesinfo.fr\/saintdieinfo\/#\/schema\/logo\/image\/\",\"url\":\"https:\/\/vosgesinfo.fr\/app\/uploads\/sites\/4\/2024\/02\/logo-sdi.jpg\",\"contentUrl\":\"https:\/\/vosgesinfo.fr\/app\/uploads\/sites\/4\/2024\/02\/logo-sdi.jpg\",\"width\":600,\"height\":600,\"caption\":\"Saint Die Info\"},\"image\":{\"@id\":\"https:\/\/vosgesinfo.fr\/saintdieinfo\/#\/schema\/logo\/image\/\"},\"sameAs\":[\"https:\/\/www.facebook.com\/Saintdieinfofr\",\"https:\/\/x.com\/VosgesInfo88\",\"https:\/\/www.youtube.com\/@vosgesinfo\"]},{\"@type\":\"Person\",\"@id\":\"https:\/\/vosgesinfo.fr\/saintdieinfo\/#\/schema\/person\/faee6704a21f3977511db84bd1cd450f\",\"name\":\"la r\u00e9daction\",\"image\":{\"@type\":\"ImageObject\",\"inLanguage\":\"fr-FR\",\"@id\":\"https:\/\/vosgesinfo.fr\/saintdieinfo\/#\/schema\/person\/image\/\",\"url\":\"https:\/\/secure.gravatar.com\/avatar\/6673d8bc6a9c17fa9a453eaa3448de834fa308c2ec9635b7aa99441a7c8d2cf6?s=96&d=mm&r=g\",\"contentUrl\":\"https:\/\/secure.gravatar.com\/avatar\/6673d8bc6a9c17fa9a453eaa3448de834fa308c2ec9635b7aa99441a7c8d2cf6?s=96&d=mm&r=g\",\"caption\":\"la r\u00e9daction\"},\"url\":\"https:\/\/vosgesinfo.fr\/saintdieinfo\/author\/redac\/\"}]}<\/script>\n<!-- \/ Yoast SEO plugin. -->","yoast_head_json":{"title":"Le ministre des Transports Cl\u00e9ment Beaune inaugure le p\u00f4le multimodal de Saint-Di\u00e9-des-Vosges - Saint Die Info","robots":{"index":"index","follow":"follow","max-snippet":"max-snippet:-1","max-image-preview":"max-image-preview:large","max-video-preview":"max-video-preview:-1"},"canonical":"https:\/\/vosgesinfo.fr\/saintdieinfo\/2023\/03\/ministre-transports-clement-beaune-inaugure-pole-multimodal-de-saint-die-vosges\/","twitter_card":"summary_large_image","twitter_title":"Le ministre des Transports Cl\u00e9ment Beaune inaugure le p\u00f4le multimodal de Saint-Di\u00e9-des-Vosges - Saint Die Info","twitter_description":"Le projet de p\u00f4le multimodal de la gare de Saint-Di\u00e9-des-Vosges avait \u00e9t\u00e9 initi\u00e9 en 2014. Il aura fallu attendre pr\u00e8s [&hellip;]","twitter_image":"https:\/\/vosgesinfo.fr\/app\/uploads\/sites\/4\/2024\/08\/202303inauguration-pole-multimodal-clement-beaune-12.jpg","twitter_creator":"@VosgesInfo88","twitter_site":"@VosgesInfo88","twitter_misc":{"\u00c9crit par":"la r\u00e9daction","Dur\u00e9e de lecture estim\u00e9e":"2 minutes"},"schema":{"@context":"https:\/\/schema.org","@graph":[{"@type":"Article","@id":"https:\/\/vosgesinfo.fr\/saintdieinfo\/2023\/03\/ministre-transports-clement-beaune-inaugure-pole-multimodal-de-saint-die-vosges\/#article","isPartOf":{"@id":"https:\/\/vosgesinfo.fr\/saintdieinfo\/2023\/03\/ministre-transports-clement-beaune-inaugure-pole-multimodal-de-saint-die-vosges\/"},"author":{"name":"la r\u00e9daction","@id":"https:\/\/vosgesinfo.fr\/saintdieinfo\/#\/schema\/person\/faee6704a21f3977511db84bd1cd450f"},"headline":"Le ministre des Transports Cl\u00e9ment Beaune inaugure le p\u00f4le multimodal de Saint-Di\u00e9-des-Vosges","datePublished":"2023-03-02T16:18:43+00:00","dateModified":"2023-03-02T16:18:43+00:00","mainEntityOfPage":{"@id":"https:\/\/vosgesinfo.fr\/saintdieinfo\/2023\/03\/ministre-transports-clement-beaune-inaugure-pole-multimodal-de-saint-die-vosges\/"},"wordCount":432,"commentCount":0,"publisher":{"@id":"https:\/\/vosgesinfo.fr\/saintdieinfo\/#organization"},"image":{"@id":"https:\/\/vosgesinfo.fr\/saintdieinfo\/2023\/03\/ministre-transports-clement-beaune-inaugure-pole-multimodal-de-saint-die-vosges\/#primaryimage"},"thumbnailUrl":"https:\/\/vosgesinfo.fr\/app\/uploads\/sites\/4\/2024\/08\/202303inauguration-pole-multimodal-clement-beaune-12.jpg","keywords":["Cl\u00e9ment Beaune","Gare SNCF de Saint-Di\u00e9-des-Vosges","Ministre des Transports","P\u00f4le multimodal de Saint-Di\u00e9-des-Vosges"],"articleSection":["A la Une","Saint-Di\u00e9-des-Vosges et son Agglom\u00e9ration"],"inLanguage":"fr-FR","potentialAction":[{"@type":"CommentAction","name":"Comment","target":["https:\/\/vosgesinfo.fr\/saintdieinfo\/2023\/03\/ministre-transports-clement-beaune-inaugure-pole-multimodal-de-saint-die-vosges\/#respond"]}]},{"@type":"WebPage","@id":"https:\/\/vosgesinfo.fr\/saintdieinfo\/2023\/03\/ministre-transports-clement-beaune-inaugure-pole-multimodal-de-saint-die-vosges\/","url":"https:\/\/vosgesinfo.fr\/saintdieinfo\/2023\/03\/ministre-transports-clement-beaune-inaugure-pole-multimodal-de-saint-die-vosges\/","name":"Le ministre des Transports Cl\u00e9ment Beaune inaugure le p\u00f4le multimodal de Saint-Di\u00e9-des-Vosges - Saint Die Info","isPartOf":{"@id":"https:\/\/vosgesinfo.fr\/saintdieinfo\/#website"},"primaryImageOfPage":{"@id":"https:\/\/vosgesinfo.fr\/saintdieinfo\/2023\/03\/ministre-transports-clement-beaune-inaugure-pole-multimodal-de-saint-die-vosges\/#primaryimage"},"image":{"@id":"https:\/\/vosgesinfo.fr\/saintdieinfo\/2023\/03\/ministre-transports-clement-beaune-inaugure-pole-multimodal-de-saint-die-vosges\/#primaryimage"},"thumbnailUrl":"https:\/\/vosgesinfo.fr\/app\/uploads\/sites\/4\/2024\/08\/202303inauguration-pole-multimodal-clement-beaune-12.jpg","datePublished":"2023-03-02T16:18:43+00:00","dateModified":"2023-03-02T16:18:43+00:00","breadcrumb":{"@id":"https:\/\/vosgesinfo.fr\/saintdieinfo\/2023\/03\/ministre-transports-clement-beaune-inaugure-pole-multimodal-de-saint-die-vosges\/#breadcrumb"},"inLanguage":"fr-FR","potentialAction":[{"@type":"ReadAction","target":["https:\/\/vosgesinfo.fr\/saintdieinfo\/2023\/03\/ministre-transports-clement-beaune-inaugure-pole-multimodal-de-saint-die-vosges\/"]}]},{"@type":"ImageObject","inLanguage":"fr-FR","@id":"https:\/\/vosgesinfo.fr\/saintdieinfo\/2023\/03\/ministre-transports-clement-beaune-inaugure-pole-multimodal-de-saint-die-vosges\/#primaryimage","url":"https:\/\/vosgesinfo.fr\/app\/uploads\/sites\/4\/2024\/08\/202303inauguration-pole-multimodal-clement-beaune-12.jpg","contentUrl":"https:\/\/vosgesinfo.fr\/app\/uploads\/sites\/4\/2024\/08\/202303inauguration-pole-multimodal-clement-beaune-12.jpg","width":1600,"height":1205},{"@type":"BreadcrumbList","@id":"https:\/\/vosgesinfo.fr\/saintdieinfo\/2023\/03\/ministre-transports-clement-beaune-inaugure-pole-multimodal-de-saint-die-vosges\/#breadcrumb","itemListElement":[{"@type":"ListItem","position":1,"name":"Home","item":"https:\/\/vosgesinfo.fr\/saintdieinfo\/"},{"@type":"ListItem","position":2,"name":"Le ministre des Transports Cl\u00e9ment Beaune inaugure le p\u00f4le multimodal de Saint-Di\u00e9-des-Vosges"}]},{"@type":"WebSite","@id":"https:\/\/vosgesinfo.fr\/saintdieinfo\/#website","url":"https:\/\/vosgesinfo.fr\/saintdieinfo\/","name":"Saint Die Info","description":"Toute l&#039;actualit\u00e9 de Saint-Di\u00e9-Des-Vosges","publisher":{"@id":"https:\/\/vosgesinfo.fr\/saintdieinfo\/#organization"},"alternateName":"Toute l'actualit\u00e9 de Saint-Di\u00e9-Des-Vosges","potentialAction":[{"@type":"SearchAction","target":{"@type":"EntryPoint","urlTemplate":"https:\/\/vosgesinfo.fr\/saintdieinfo\/?s={search_term_string}"},"query-input":"required name=search_term_string"}],"inLanguage":"fr-FR"},{"@type":"Organization","@id":"https:\/\/vosgesinfo.fr\/saintdieinfo\/#organization","name":"Saint Die Info","url":"https:\/\/vosgesinfo.fr\/saintdieinfo\/","logo":{"@type":"ImageObject","inLanguage":"fr-FR","@id":"https:\/\/vosgesinfo.fr\/saintdieinfo\/#\/schema\/logo\/image\/","url":"https:\/\/vosgesinfo.fr\/app\/uploads\/sites\/4\/2024\/02\/logo-sdi.jpg","contentUrl":"https:\/\/vosgesinfo.fr\/app\/uploads\/sites\/4\/2024\/02\/logo-sdi.jpg","width":600,"height":600,"caption":"Saint Die Info"},"image":{"@id":"https:\/\/vosgesinfo.fr\/saintdieinfo\/#\/schema\/logo\/image\/"},"sameAs":["https:\/\/www.facebook.com\/Saintdieinfofr","https:\/\/x.com\/VosgesInfo88","https:\/\/www.youtube.com\/@vosgesinfo"]},{"@type":"Person","@id":"https:\/\/vosgesinfo.fr\/saintdieinfo\/#\/schema\/person\/faee6704a21f3977511db84bd1cd450f","name":"la r\u00e9daction","image":{"@type":"ImageObject","inLanguage":"fr-FR","@id":"https:\/\/vosgesinfo.fr\/saintdieinfo\/#\/schema\/person\/image\/","url":"https:\/\/secure.gravatar.com\/avatar\/6673d8bc6a9c17fa9a453eaa3448de834fa308c2ec9635b7aa99441a7c8d2cf6?s=96&d=mm&r=g","contentUrl":"https:\/\/secure.gravatar.com\/avatar\/6673d8bc6a9c17fa9a453eaa3448de834fa308c2ec9635b7aa99441a7c8d2cf6?s=96&d=mm&r=g","caption":"la r\u00e9daction"},"url":"https:\/\/vosgesinfo.fr\/saintdieinfo\/author\/redac\/"}]}},"_links":{"self":[{"href":"https:\/\/vosgesinfo.fr\/saintdieinfo\/wp-json\/wp\/v2\/posts\/62728","targetHints":{"allow":["GET"]}}],"collection":[{"href":"https:\/\/vosgesinfo.fr\/saintdieinfo\/wp-json\/wp\/v2\/posts"}],"about":[{"href":"https:\/\/vosgesinfo.fr\/saintdieinfo\/wp-json\/wp\/v2\/types\/post"}],"author":[{"embeddable":true,"href":"https:\/\/vosgesinfo.fr\/saintdieinfo\/wp-json\/wp\/v2\/users\/44"}],"replies":[{"embeddable":true,"href":"https:\/\/vosgesinfo.fr\/saintdieinfo\/wp-json\/wp\/v2\/comments?post=62728"}],"version-history":[{"count":0,"href":"https:\/\/vosgesinfo.fr\/saintdieinfo\/wp-json\/wp\/v2\/posts\/62728\/revisions"}],"wp:featuredmedia":[{"embeddable":true,"href":"https:\/\/vosgesinfo.fr\/saintdieinfo\/wp-json\/wp\/v2\/media\/62729"}],"wp:attachment":[{"href":"https:\/\/vosgesinfo.fr\/saintdieinfo\/wp-json\/wp\/v2\/media?parent=62728"}],"wp:term":[{"taxonomy":"category","embeddable":true,"href":"https:\/\/vosgesinfo.fr\/saintdieinfo\/wp-json\/wp\/v2\/categories?post=62728"},{"taxonomy":"post_tag","embeddable":true,"href":"https:\/\/vosgesinfo.fr\/saintdieinfo\/wp-json\/wp\/v2\/tags?post=62728"}],"curies":[{"name":"wp","href":"https:\/\/api.w.org\/{rel}","templated":true}]}}