{"id":62749,"date":"2023-03-02T18:11:40","date_gmt":"2023-03-02T17:11:40","guid":{"rendered":"https:\/\/vosgesinfo.fr\/saintdieinfo\/2023\/03\/rencontre-a-librairie-neuf-claire-baglin-autour-de-premier-roman-salle\/"},"modified":"2023-03-02T18:11:40","modified_gmt":"2023-03-02T17:11:40","slug":"rencontre-a-librairie-neuf-claire-baglin-autour-de-premier-roman-salle","status":"publish","type":"post","link":"https:\/\/vosgesinfo.fr\/saintdieinfo\/2023\/03\/rencontre-a-librairie-neuf-claire-baglin-autour-de-premier-roman-salle\/","title":{"rendered":"Rencontre \u00e0 la Librairie Le Neuf avec Claire Baglin autour de son premier roman \u00ab\u00a0En salle\u00a0\u00bb"},"content":{"rendered":"<p><a href=\"\/2023\/03\/Jeunes_en_Librairie_Claire_Baglin_Le_Neuf-1.jpg\" target=\"_blank\" rel=\"noopener\"><img decoding=\"async\" class=\"aligncenter wp-image-197702 size-large\" src=\"\/2023\/03\/Jeunes_en_Librairie_Claire_Baglin_Le_Neuf-1-1024x771.jpg\" alt=\"Jeunes_en_Librairie_Claire_Baglin_Le_Neuf (1)\" width=\"960\" height=\"723\" \/><\/a><\/p>\n<h2><strong><span style=\"font-size: 14pt;\">Claire Baglin a publi\u00e9 son premier roman le 1er septembre 2022, \u00ab\u00a0En salle\u00a0\u00bb, aux Editions de Minuit. Dans le cadre du \u00ab\u00a0Quart d&rsquo;heure de lecture national\u00a0\u00bb initi\u00e9 par le Centre National du Livre \u2013 CNL \u2013 elle ira \u00e0 la rencontre du public le vendredi 10 mars \u00e0 la Librairie Le Neuf, de 18h30 \u00e0 20h, pour une lecture et une s\u00e9ance de d\u00e9dicaces. Cette rencontre est gratuite, mais une inscription pr\u00e9alable est demand\u00e9e (<a href=\"https:\/\/librairie-le-neuf.booksdataservices.fr\/20230228\/729WdGz2nMOXXMjDqSUpVzN9XMoXi2xaJkx3WtxDgtEtQkVqF62GHvy91vo9i0UAbKGpdwodAMVpDwJdbvogiKJ6523Ad112\/82x1wvKIIMfIbr7A7jsr4I2HTastDJe1yRHxkGcUp0MmFbCoAVNMfHb5JwMmpWxVUUIAdsijcDx4MeXkP1GdgvUkkVuENvT3LkUj23LbYJbeldfYR8DwxidYsqrM9dXlpyBkvEzYFFOKCPhn4ZvB3pYU8zZtNPd9s8YMkBF0wB4bae8jtdicoNq6xKWXqFVrwgtdB6gpoF1Uiqw6Vt4a8ae6ZqCGzhi8kaii.ompp\" target=\"_blank\" rel=\"noopener\">lien ici<\/a>).<\/span><\/strong><\/h2>\n<p><!--more--><\/p>\n<p>\u00c2g\u00e9e de 24 ans, Claire Baglin est dipl\u00f4m\u00e9e du Master Cr\u00e9ation Litt\u00e9raire de l&rsquo;Universit\u00e9 Le Havre Normandie, apr\u00e8s avoir notamment suivi 2 ann\u00e9es de classe pr\u00e9paratoire litt\u00e9raire. \u00ab\u00a0En salle\u00a0\u00bb est un roman sur le travail, qui se d\u00e9roule en 2 r\u00e9cits altern\u00e9s. D&rsquo;un c\u00f4t\u00e9 le travail de la narratrice dans un fastfood qu&rsquo;on ne pr\u00e9sente plus, entre \u00ab\u00a0rush\u00a0\u00bb et temps d&rsquo;attente. De l&rsquo;autre, son enfance et son adolescence avec en toile de fond le travail de son p\u00e8re, ouvrier dans la maintenance automobile. Deux fragments d&rsquo;un monde du travail r\u00e9p\u00e9titif, ali\u00e9nant et impitoyable que relate \u00ab\u00a0En salle\u00a0\u00bb, un roman salu\u00e9 par la critique nationale. Le Monde, T\u00e9l\u00e9rama, les Inrockuptibles, Madame Figaro, La Croix ou Lib\u00e9ration ont pl\u00e9biscit\u00e9 l&rsquo;ouvrage.<\/p>\n<p>La venue de Claire Baglin en terres d\u00e9odatiennes s&rsquo;inscrit \u00e9galement dans le cadre de \u00ab\u00a0Jeunes en librairie\u00a0\u00bb, un dispositif national port\u00e9 dans le Grand Est par 70 libraires ind\u00e9pendants en partenariat avec l&rsquo;Education Nationale. Le matin de la rencontre \u00e0 la Librairie Le Neuf, l&rsquo;autrice rencontrera les \u00e9l\u00e8ves du coll\u00e8ge de Rambervillers, qui restitueront cet entretien lors d&rsquo;une \u00e9mission de la radio de l&rsquo;\u00e9tablissement.<\/p>\n<p>J.J.<\/p>\n<p><a href=\"\/2023\/03\/Jeunes_en_Librairie_Claire_Baglin_Le_Neuf-2.jpg\" target=\"_blank\" rel=\"noopener\"><img decoding=\"async\" class=\"aligncenter wp-image-197703 size-large\" src=\"\/2023\/03\/Jeunes_en_Librairie_Claire_Baglin_Le_Neuf-2-771x1024.jpg\" alt=\"Jeunes_en_Librairie_Claire_Baglin_Le_Neuf (2)\" width=\"771\" height=\"1024\" \/><\/a><\/p>\n","protected":false},"excerpt":{"rendered":"<p>Claire Baglin a publi\u00e9 son premier roman le 1er septembre 2022, \u00ab\u00a0En salle\u00a0\u00bb, aux Editions de Minuit. Dans le cadre [&hellip;]<\/p>\n","protected":false},"author":44,"featured_media":62750,"comment_status":"open","ping_status":"open","sticky":false,"template":"","format":"standard","meta":{"footnotes":""},"categories":[460,7847,8090,2915],"tags":[13909,13910,13911,13912,13913,3192,13914],"class_list":["post-62749","post","type-post","status-publish","format-standard","has-post-thumbnail","hentry","category-a-la-une","category-art-culture","category-litterature","category-saint-die-son-canton","tag-claire-baglin","tag-college-de-rambervillers","tag-en-salle","tag-jeunes-en-librairie","tag-les-editions-de-minuit","tag-librairie-le-neuf","tag-quart-dheure-de-lecture-national"],"acf":[],"yoast_head":"<!-- This site is optimized with the Yoast SEO plugin v22.5 - https:\/\/yoast.com\/wordpress\/plugins\/seo\/ -->\n<title>Rencontre \u00e0 la Librairie Le Neuf avec Claire Baglin autour de son premier roman \u00ab\u00a0En salle\u00a0\u00bb - Saint Die Info<\/title>\n<meta name=\"robots\" content=\"index, follow, max-snippet:-1, max-image-preview:large, max-video-preview:-1\" \/>\n<link rel=\"canonical\" href=\"https:\/\/vosgesinfo.fr\/saintdieinfo\/2023\/03\/rencontre-a-librairie-neuf-claire-baglin-autour-de-premier-roman-salle\/\" \/>\n<meta name=\"twitter:card\" content=\"summary_large_image\" \/>\n<meta name=\"twitter:title\" content=\"Rencontre \u00e0 la Librairie Le Neuf avec Claire Baglin autour de son premier roman \u00ab\u00a0En salle\u00a0\u00bb - Saint Die Info\" \/>\n<meta name=\"twitter:description\" content=\"Claire Baglin a publi\u00e9 son premier roman le 1er septembre 2022, \u00ab\u00a0En salle\u00a0\u00bb, aux Editions de Minuit. Dans le cadre [&hellip;]\" \/>\n<meta name=\"twitter:image\" content=\"https:\/\/vosgesinfo.fr\/app\/uploads\/sites\/4\/2024\/08\/202303jeunes-en-librairie-claire-baglin-le-neuf-1-1.jpg\" \/>\n<meta name=\"twitter:creator\" content=\"@VosgesInfo88\" \/>\n<meta name=\"twitter:site\" content=\"@VosgesInfo88\" \/>\n<meta name=\"twitter:label1\" content=\"\u00c9crit par\" \/>\n\t<meta name=\"twitter:data1\" content=\"la r\u00e9daction\" \/>\n\t<meta name=\"twitter:label2\" content=\"Dur\u00e9e de lecture estim\u00e9e\" \/>\n\t<meta name=\"twitter:data2\" content=\"1 minute\" \/>\n<script type=\"application\/ld+json\" class=\"yoast-schema-graph\">{\"@context\":\"https:\/\/schema.org\",\"@graph\":[{\"@type\":\"Article\",\"@id\":\"https:\/\/vosgesinfo.fr\/saintdieinfo\/2023\/03\/rencontre-a-librairie-neuf-claire-baglin-autour-de-premier-roman-salle\/#article\",\"isPartOf\":{\"@id\":\"https:\/\/vosgesinfo.fr\/saintdieinfo\/2023\/03\/rencontre-a-librairie-neuf-claire-baglin-autour-de-premier-roman-salle\/\"},\"author\":{\"name\":\"la r\u00e9daction\",\"@id\":\"https:\/\/vosgesinfo.fr\/saintdieinfo\/#\/schema\/person\/faee6704a21f3977511db84bd1cd450f\"},\"headline\":\"Rencontre \u00e0 la Librairie Le Neuf avec Claire Baglin autour de son premier roman \u00ab\u00a0En salle\u00a0\u00bb\",\"datePublished\":\"2023-03-02T17:11:40+00:00\",\"dateModified\":\"2023-03-02T17:11:40+00:00\",\"mainEntityOfPage\":{\"@id\":\"https:\/\/vosgesinfo.fr\/saintdieinfo\/2023\/03\/rencontre-a-librairie-neuf-claire-baglin-autour-de-premier-roman-salle\/\"},\"wordCount\":306,\"commentCount\":0,\"publisher\":{\"@id\":\"https:\/\/vosgesinfo.fr\/saintdieinfo\/#organization\"},\"image\":{\"@id\":\"https:\/\/vosgesinfo.fr\/saintdieinfo\/2023\/03\/rencontre-a-librairie-neuf-claire-baglin-autour-de-premier-roman-salle\/#primaryimage\"},\"thumbnailUrl\":\"https:\/\/vosgesinfo.fr\/app\/uploads\/sites\/4\/2024\/08\/202303jeunes-en-librairie-claire-baglin-le-neuf-1-1.jpg\",\"keywords\":[\"Claire Baglin\",\"Coll\u00e8ge de Rambervillers\",\"En salle\",\"Jeunes en librairie\",\"Les Editions de Minuit\",\"Librairie Le Neuf\",\"Quart d'heure de lecture national\"],\"articleSection\":[\"A la Une\",\"Culture\",\"Litt\u00e9rature\",\"Saint-Di\u00e9-des-Vosges et son Agglom\u00e9ration\"],\"inLanguage\":\"fr-FR\",\"potentialAction\":[{\"@type\":\"CommentAction\",\"name\":\"Comment\",\"target\":[\"https:\/\/vosgesinfo.fr\/saintdieinfo\/2023\/03\/rencontre-a-librairie-neuf-claire-baglin-autour-de-premier-roman-salle\/#respond\"]}]},{\"@type\":\"WebPage\",\"@id\":\"https:\/\/vosgesinfo.fr\/saintdieinfo\/2023\/03\/rencontre-a-librairie-neuf-claire-baglin-autour-de-premier-roman-salle\/\",\"url\":\"https:\/\/vosgesinfo.fr\/saintdieinfo\/2023\/03\/rencontre-a-librairie-neuf-claire-baglin-autour-de-premier-roman-salle\/\",\"name\":\"Rencontre \u00e0 la Librairie Le Neuf avec Claire Baglin autour de son premier roman \u00ab\u00a0En salle\u00a0\u00bb - Saint Die Info\",\"isPartOf\":{\"@id\":\"https:\/\/vosgesinfo.fr\/saintdieinfo\/#website\"},\"primaryImageOfPage\":{\"@id\":\"https:\/\/vosgesinfo.fr\/saintdieinfo\/2023\/03\/rencontre-a-librairie-neuf-claire-baglin-autour-de-premier-roman-salle\/#primaryimage\"},\"image\":{\"@id\":\"https:\/\/vosgesinfo.fr\/saintdieinfo\/2023\/03\/rencontre-a-librairie-neuf-claire-baglin-autour-de-premier-roman-salle\/#primaryimage\"},\"thumbnailUrl\":\"https:\/\/vosgesinfo.fr\/app\/uploads\/sites\/4\/2024\/08\/202303jeunes-en-librairie-claire-baglin-le-neuf-1-1.jpg\",\"datePublished\":\"2023-03-02T17:11:40+00:00\",\"dateModified\":\"2023-03-02T17:11:40+00:00\",\"breadcrumb\":{\"@id\":\"https:\/\/vosgesinfo.fr\/saintdieinfo\/2023\/03\/rencontre-a-librairie-neuf-claire-baglin-autour-de-premier-roman-salle\/#breadcrumb\"},\"inLanguage\":\"fr-FR\",\"potentialAction\":[{\"@type\":\"ReadAction\",\"target\":[\"https:\/\/vosgesinfo.fr\/saintdieinfo\/2023\/03\/rencontre-a-librairie-neuf-claire-baglin-autour-de-premier-roman-salle\/\"]}]},{\"@type\":\"ImageObject\",\"inLanguage\":\"fr-FR\",\"@id\":\"https:\/\/vosgesinfo.fr\/saintdieinfo\/2023\/03\/rencontre-a-librairie-neuf-claire-baglin-autour-de-premier-roman-salle\/#primaryimage\",\"url\":\"https:\/\/vosgesinfo.fr\/app\/uploads\/sites\/4\/2024\/08\/202303jeunes-en-librairie-claire-baglin-le-neuf-1-1.jpg\",\"contentUrl\":\"https:\/\/vosgesinfo.fr\/app\/uploads\/sites\/4\/2024\/08\/202303jeunes-en-librairie-claire-baglin-le-neuf-1-1.jpg\",\"width\":1600,\"height\":1205},{\"@type\":\"BreadcrumbList\",\"@id\":\"https:\/\/vosgesinfo.fr\/saintdieinfo\/2023\/03\/rencontre-a-librairie-neuf-claire-baglin-autour-de-premier-roman-salle\/#breadcrumb\",\"itemListElement\":[{\"@type\":\"ListItem\",\"position\":1,\"name\":\"Home\",\"item\":\"https:\/\/vosgesinfo.fr\/saintdieinfo\/\"},{\"@type\":\"ListItem\",\"position\":2,\"name\":\"Rencontre \u00e0 la Librairie Le Neuf avec Claire Baglin autour de son premier roman \u00ab\u00a0En salle\u00a0\u00bb\"}]},{\"@type\":\"WebSite\",\"@id\":\"https:\/\/vosgesinfo.fr\/saintdieinfo\/#website\",\"url\":\"https:\/\/vosgesinfo.fr\/saintdieinfo\/\",\"name\":\"Saint Die Info\",\"description\":\"Toute l&#039;actualit\u00e9 de Saint-Di\u00e9-Des-Vosges\",\"publisher\":{\"@id\":\"https:\/\/vosgesinfo.fr\/saintdieinfo\/#organization\"},\"alternateName\":\"Toute l'actualit\u00e9 de Saint-Di\u00e9-Des-Vosges\",\"potentialAction\":[{\"@type\":\"SearchAction\",\"target\":{\"@type\":\"EntryPoint\",\"urlTemplate\":\"https:\/\/vosgesinfo.fr\/saintdieinfo\/?s={search_term_string}\"},\"query-input\":\"required name=search_term_string\"}],\"inLanguage\":\"fr-FR\"},{\"@type\":\"Organization\",\"@id\":\"https:\/\/vosgesinfo.fr\/saintdieinfo\/#organization\",\"name\":\"Saint Die Info\",\"url\":\"https:\/\/vosgesinfo.fr\/saintdieinfo\/\",\"logo\":{\"@type\":\"ImageObject\",\"inLanguage\":\"fr-FR\",\"@id\":\"https:\/\/vosgesinfo.fr\/saintdieinfo\/#\/schema\/logo\/image\/\",\"url\":\"https:\/\/vosgesinfo.fr\/app\/uploads\/sites\/4\/2024\/02\/logo-sdi.jpg\",\"contentUrl\":\"https:\/\/vosgesinfo.fr\/app\/uploads\/sites\/4\/2024\/02\/logo-sdi.jpg\",\"width\":600,\"height\":600,\"caption\":\"Saint Die Info\"},\"image\":{\"@id\":\"https:\/\/vosgesinfo.fr\/saintdieinfo\/#\/schema\/logo\/image\/\"},\"sameAs\":[\"https:\/\/www.facebook.com\/Saintdieinfofr\",\"https:\/\/x.com\/VosgesInfo88\",\"https:\/\/www.youtube.com\/@vosgesinfo\"]},{\"@type\":\"Person\",\"@id\":\"https:\/\/vosgesinfo.fr\/saintdieinfo\/#\/schema\/person\/faee6704a21f3977511db84bd1cd450f\",\"name\":\"la r\u00e9daction\",\"image\":{\"@type\":\"ImageObject\",\"inLanguage\":\"fr-FR\",\"@id\":\"https:\/\/vosgesinfo.fr\/saintdieinfo\/#\/schema\/person\/image\/\",\"url\":\"https:\/\/secure.gravatar.com\/avatar\/6673d8bc6a9c17fa9a453eaa3448de834fa308c2ec9635b7aa99441a7c8d2cf6?s=96&d=mm&r=g\",\"contentUrl\":\"https:\/\/secure.gravatar.com\/avatar\/6673d8bc6a9c17fa9a453eaa3448de834fa308c2ec9635b7aa99441a7c8d2cf6?s=96&d=mm&r=g\",\"caption\":\"la r\u00e9daction\"},\"url\":\"https:\/\/vosgesinfo.fr\/saintdieinfo\/author\/redac\/\"}]}<\/script>\n<!-- \/ Yoast SEO plugin. -->","yoast_head_json":{"title":"Rencontre \u00e0 la Librairie Le Neuf avec Claire Baglin autour de son premier roman \u00ab\u00a0En salle\u00a0\u00bb - Saint Die Info","robots":{"index":"index","follow":"follow","max-snippet":"max-snippet:-1","max-image-preview":"max-image-preview:large","max-video-preview":"max-video-preview:-1"},"canonical":"https:\/\/vosgesinfo.fr\/saintdieinfo\/2023\/03\/rencontre-a-librairie-neuf-claire-baglin-autour-de-premier-roman-salle\/","twitter_card":"summary_large_image","twitter_title":"Rencontre \u00e0 la Librairie Le Neuf avec Claire Baglin autour de son premier roman \u00ab\u00a0En salle\u00a0\u00bb - Saint Die Info","twitter_description":"Claire Baglin a publi\u00e9 son premier roman le 1er septembre 2022, \u00ab\u00a0En salle\u00a0\u00bb, aux Editions de Minuit. Dans le cadre [&hellip;]","twitter_image":"https:\/\/vosgesinfo.fr\/app\/uploads\/sites\/4\/2024\/08\/202303jeunes-en-librairie-claire-baglin-le-neuf-1-1.jpg","twitter_creator":"@VosgesInfo88","twitter_site":"@VosgesInfo88","twitter_misc":{"\u00c9crit par":"la r\u00e9daction","Dur\u00e9e de lecture estim\u00e9e":"1 minute"},"schema":{"@context":"https:\/\/schema.org","@graph":[{"@type":"Article","@id":"https:\/\/vosgesinfo.fr\/saintdieinfo\/2023\/03\/rencontre-a-librairie-neuf-claire-baglin-autour-de-premier-roman-salle\/#article","isPartOf":{"@id":"https:\/\/vosgesinfo.fr\/saintdieinfo\/2023\/03\/rencontre-a-librairie-neuf-claire-baglin-autour-de-premier-roman-salle\/"},"author":{"name":"la r\u00e9daction","@id":"https:\/\/vosgesinfo.fr\/saintdieinfo\/#\/schema\/person\/faee6704a21f3977511db84bd1cd450f"},"headline":"Rencontre \u00e0 la Librairie Le Neuf avec Claire Baglin autour de son premier roman \u00ab\u00a0En salle\u00a0\u00bb","datePublished":"2023-03-02T17:11:40+00:00","dateModified":"2023-03-02T17:11:40+00:00","mainEntityOfPage":{"@id":"https:\/\/vosgesinfo.fr\/saintdieinfo\/2023\/03\/rencontre-a-librairie-neuf-claire-baglin-autour-de-premier-roman-salle\/"},"wordCount":306,"commentCount":0,"publisher":{"@id":"https:\/\/vosgesinfo.fr\/saintdieinfo\/#organization"},"image":{"@id":"https:\/\/vosgesinfo.fr\/saintdieinfo\/2023\/03\/rencontre-a-librairie-neuf-claire-baglin-autour-de-premier-roman-salle\/#primaryimage"},"thumbnailUrl":"https:\/\/vosgesinfo.fr\/app\/uploads\/sites\/4\/2024\/08\/202303jeunes-en-librairie-claire-baglin-le-neuf-1-1.jpg","keywords":["Claire Baglin","Coll\u00e8ge de Rambervillers","En salle","Jeunes en librairie","Les Editions de Minuit","Librairie Le Neuf","Quart d'heure de lecture national"],"articleSection":["A la Une","Culture","Litt\u00e9rature","Saint-Di\u00e9-des-Vosges et son Agglom\u00e9ration"],"inLanguage":"fr-FR","potentialAction":[{"@type":"CommentAction","name":"Comment","target":["https:\/\/vosgesinfo.fr\/saintdieinfo\/2023\/03\/rencontre-a-librairie-neuf-claire-baglin-autour-de-premier-roman-salle\/#respond"]}]},{"@type":"WebPage","@id":"https:\/\/vosgesinfo.fr\/saintdieinfo\/2023\/03\/rencontre-a-librairie-neuf-claire-baglin-autour-de-premier-roman-salle\/","url":"https:\/\/vosgesinfo.fr\/saintdieinfo\/2023\/03\/rencontre-a-librairie-neuf-claire-baglin-autour-de-premier-roman-salle\/","name":"Rencontre \u00e0 la Librairie Le Neuf avec Claire Baglin autour de son premier roman \u00ab\u00a0En salle\u00a0\u00bb - Saint Die Info","isPartOf":{"@id":"https:\/\/vosgesinfo.fr\/saintdieinfo\/#website"},"primaryImageOfPage":{"@id":"https:\/\/vosgesinfo.fr\/saintdieinfo\/2023\/03\/rencontre-a-librairie-neuf-claire-baglin-autour-de-premier-roman-salle\/#primaryimage"},"image":{"@id":"https:\/\/vosgesinfo.fr\/saintdieinfo\/2023\/03\/rencontre-a-librairie-neuf-claire-baglin-autour-de-premier-roman-salle\/#primaryimage"},"thumbnailUrl":"https:\/\/vosgesinfo.fr\/app\/uploads\/sites\/4\/2024\/08\/202303jeunes-en-librairie-claire-baglin-le-neuf-1-1.jpg","datePublished":"2023-03-02T17:11:40+00:00","dateModified":"2023-03-02T17:11:40+00:00","breadcrumb":{"@id":"https:\/\/vosgesinfo.fr\/saintdieinfo\/2023\/03\/rencontre-a-librairie-neuf-claire-baglin-autour-de-premier-roman-salle\/#breadcrumb"},"inLanguage":"fr-FR","potentialAction":[{"@type":"ReadAction","target":["https:\/\/vosgesinfo.fr\/saintdieinfo\/2023\/03\/rencontre-a-librairie-neuf-claire-baglin-autour-de-premier-roman-salle\/"]}]},{"@type":"ImageObject","inLanguage":"fr-FR","@id":"https:\/\/vosgesinfo.fr\/saintdieinfo\/2023\/03\/rencontre-a-librairie-neuf-claire-baglin-autour-de-premier-roman-salle\/#primaryimage","url":"https:\/\/vosgesinfo.fr\/app\/uploads\/sites\/4\/2024\/08\/202303jeunes-en-librairie-claire-baglin-le-neuf-1-1.jpg","contentUrl":"https:\/\/vosgesinfo.fr\/app\/uploads\/sites\/4\/2024\/08\/202303jeunes-en-librairie-claire-baglin-le-neuf-1-1.jpg","width":1600,"height":1205},{"@type":"BreadcrumbList","@id":"https:\/\/vosgesinfo.fr\/saintdieinfo\/2023\/03\/rencontre-a-librairie-neuf-claire-baglin-autour-de-premier-roman-salle\/#breadcrumb","itemListElement":[{"@type":"ListItem","position":1,"name":"Home","item":"https:\/\/vosgesinfo.fr\/saintdieinfo\/"},{"@type":"ListItem","position":2,"name":"Rencontre \u00e0 la Librairie Le Neuf avec Claire Baglin autour de son premier roman \u00ab\u00a0En salle\u00a0\u00bb"}]},{"@type":"WebSite","@id":"https:\/\/vosgesinfo.fr\/saintdieinfo\/#website","url":"https:\/\/vosgesinfo.fr\/saintdieinfo\/","name":"Saint Die Info","description":"Toute l&#039;actualit\u00e9 de Saint-Di\u00e9-Des-Vosges","publisher":{"@id":"https:\/\/vosgesinfo.fr\/saintdieinfo\/#organization"},"alternateName":"Toute l'actualit\u00e9 de Saint-Di\u00e9-Des-Vosges","potentialAction":[{"@type":"SearchAction","target":{"@type":"EntryPoint","urlTemplate":"https:\/\/vosgesinfo.fr\/saintdieinfo\/?s={search_term_string}"},"query-input":"required name=search_term_string"}],"inLanguage":"fr-FR"},{"@type":"Organization","@id":"https:\/\/vosgesinfo.fr\/saintdieinfo\/#organization","name":"Saint Die Info","url":"https:\/\/vosgesinfo.fr\/saintdieinfo\/","logo":{"@type":"ImageObject","inLanguage":"fr-FR","@id":"https:\/\/vosgesinfo.fr\/saintdieinfo\/#\/schema\/logo\/image\/","url":"https:\/\/vosgesinfo.fr\/app\/uploads\/sites\/4\/2024\/02\/logo-sdi.jpg","contentUrl":"https:\/\/vosgesinfo.fr\/app\/uploads\/sites\/4\/2024\/02\/logo-sdi.jpg","width":600,"height":600,"caption":"Saint Die Info"},"image":{"@id":"https:\/\/vosgesinfo.fr\/saintdieinfo\/#\/schema\/logo\/image\/"},"sameAs":["https:\/\/www.facebook.com\/Saintdieinfofr","https:\/\/x.com\/VosgesInfo88","https:\/\/www.youtube.com\/@vosgesinfo"]},{"@type":"Person","@id":"https:\/\/vosgesinfo.fr\/saintdieinfo\/#\/schema\/person\/faee6704a21f3977511db84bd1cd450f","name":"la r\u00e9daction","image":{"@type":"ImageObject","inLanguage":"fr-FR","@id":"https:\/\/vosgesinfo.fr\/saintdieinfo\/#\/schema\/person\/image\/","url":"https:\/\/secure.gravatar.com\/avatar\/6673d8bc6a9c17fa9a453eaa3448de834fa308c2ec9635b7aa99441a7c8d2cf6?s=96&d=mm&r=g","contentUrl":"https:\/\/secure.gravatar.com\/avatar\/6673d8bc6a9c17fa9a453eaa3448de834fa308c2ec9635b7aa99441a7c8d2cf6?s=96&d=mm&r=g","caption":"la r\u00e9daction"},"url":"https:\/\/vosgesinfo.fr\/saintdieinfo\/author\/redac\/"}]}},"_links":{"self":[{"href":"https:\/\/vosgesinfo.fr\/saintdieinfo\/wp-json\/wp\/v2\/posts\/62749","targetHints":{"allow":["GET"]}}],"collection":[{"href":"https:\/\/vosgesinfo.fr\/saintdieinfo\/wp-json\/wp\/v2\/posts"}],"about":[{"href":"https:\/\/vosgesinfo.fr\/saintdieinfo\/wp-json\/wp\/v2\/types\/post"}],"author":[{"embeddable":true,"href":"https:\/\/vosgesinfo.fr\/saintdieinfo\/wp-json\/wp\/v2\/users\/44"}],"replies":[{"embeddable":true,"href":"https:\/\/vosgesinfo.fr\/saintdieinfo\/wp-json\/wp\/v2\/comments?post=62749"}],"version-history":[{"count":0,"href":"https:\/\/vosgesinfo.fr\/saintdieinfo\/wp-json\/wp\/v2\/posts\/62749\/revisions"}],"wp:featuredmedia":[{"embeddable":true,"href":"https:\/\/vosgesinfo.fr\/saintdieinfo\/wp-json\/wp\/v2\/media\/62750"}],"wp:attachment":[{"href":"https:\/\/vosgesinfo.fr\/saintdieinfo\/wp-json\/wp\/v2\/media?parent=62749"}],"wp:term":[{"taxonomy":"category","embeddable":true,"href":"https:\/\/vosgesinfo.fr\/saintdieinfo\/wp-json\/wp\/v2\/categories?post=62749"},{"taxonomy":"post_tag","embeddable":true,"href":"https:\/\/vosgesinfo.fr\/saintdieinfo\/wp-json\/wp\/v2\/tags?post=62749"}],"curies":[{"name":"wp","href":"https:\/\/api.w.org\/{rel}","templated":true}]}}