{"id":62751,"date":"2023-03-03T08:37:52","date_gmt":"2023-03-03T07:37:52","guid":{"rendered":"https:\/\/vosgesinfo.fr\/saintdieinfo\/2023\/03\/deux-individus-interpelles-flagrant-delit-de-vente-de-stupefiants-a-saint-die-vosges\/"},"modified":"2023-03-03T08:37:52","modified_gmt":"2023-03-03T07:37:52","slug":"deux-individus-interpelles-flagrant-delit-de-vente-de-stupefiants-a-saint-die-vosges","status":"publish","type":"post","link":"https:\/\/vosgesinfo.fr\/saintdieinfo\/2023\/03\/deux-individus-interpelles-flagrant-delit-de-vente-de-stupefiants-a-saint-die-vosges\/","title":{"rendered":"Deux individus interpell\u00e9s en flagrant d\u00e9lit de vente de stup\u00e9fiants \u00e0 Saint-Di\u00e9-des-Vosges"},"content":{"rendered":"<div id=\"attachment_80094\" style=\"width: 410px\" class=\"wp-caption aligncenter\"><img decoding=\"async\" aria-describedby=\"caption-attachment-80094\" class=\"wp-image-80094 size-medium\" src=\"\/2016\/04\/Police_Nationale_01-400x225.jpg\" alt=\"Police_Nationale_01\" width=\"400\" height=\"225\" \/><p id=\"caption-attachment-80094\" class=\"wp-caption-text\">(Illustration)<\/p><\/div>\n<h2><strong><span style=\"font-size: 14pt;\">Cette semaine, la Police Nationale de Saint-Di\u00e9-des-Vosges a interpell\u00e9 2 individus en flagrant d\u00e9lit de vente de stup\u00e9fiants, au niveau du quai de la Digue.<\/span><\/strong><\/h2>\n<p><!--more--><\/p>\n<p>Cette double interpellation d\u00e9coule d&rsquo;une surveillance de plusieurs semaines. Au cours de la perquisition, les policiers ont trouv\u00e9 130 gr de coca\u00efne, 500 gr de r\u00e9sine de cannabis, 3320\u20ac en num\u00e9raire, et tout le mat\u00e9riel pour peser et conditionner les produits stup\u00e9fiants. Dans le cadre de ce trafic, 7 usagers ont \u00e9t\u00e9 entendus. L&rsquo;un des 2 individus interpell\u00e9s a \u00e9t\u00e9 remis en libert\u00e9, le principal auteur a \u00e9t\u00e9 quant \u00e0 lui pr\u00e9sent\u00e9 ce jeudi au tribunal d&rsquo;Epinal. Il a \u00e9t\u00e9 condamn\u00e9 \u00e0 une peine de 2 ans de prison, dont un an ferme, ainsi que l&rsquo;interdiction de se trouver \u00e0 Saint-Di\u00e9-des-Vosges.<\/p>\n<p>J.J.<\/p>\n","protected":false},"excerpt":{"rendered":"<p>Cette semaine, la Police Nationale de Saint-Di\u00e9-des-Vosges a interpell\u00e9 2 individus en flagrant d\u00e9lit de vente de stup\u00e9fiants, au niveau [&hellip;]<\/p>\n","protected":false},"author":44,"featured_media":22036,"comment_status":"open","ping_status":"open","sticky":false,"template":"","format":"standard","meta":{"footnotes":""},"categories":[460,2924,2915],"tags":[4918,4860,1096,490,13915],"class_list":["post-62751","post","type-post","status-publish","format-standard","has-post-thumbnail","hentry","category-a-la-une","category-fait-divers","category-saint-die-son-canton","tag-commissariat-de-police-nationale-de-saint-die-des-vosges","tag-police-nationale","tag-trafic-de-stupefiants","tag-tribunal-depinal","tag-vente-de-stupefiants"],"acf":[],"yoast_head":"<!-- This site is optimized with the Yoast SEO plugin v22.5 - https:\/\/yoast.com\/wordpress\/plugins\/seo\/ -->\n<title>Deux individus interpell\u00e9s en flagrant d\u00e9lit de vente de stup\u00e9fiants \u00e0 Saint-Di\u00e9-des-Vosges - Saint Die Info<\/title>\n<meta name=\"robots\" content=\"index, follow, max-snippet:-1, max-image-preview:large, max-video-preview:-1\" \/>\n<link rel=\"canonical\" href=\"https:\/\/vosgesinfo.fr\/saintdieinfo\/2023\/03\/deux-individus-interpelles-flagrant-delit-de-vente-de-stupefiants-a-saint-die-vosges\/\" \/>\n<meta name=\"twitter:card\" content=\"summary_large_image\" \/>\n<meta name=\"twitter:title\" content=\"Deux individus interpell\u00e9s en flagrant d\u00e9lit de vente de stup\u00e9fiants \u00e0 Saint-Di\u00e9-des-Vosges - Saint Die Info\" \/>\n<meta name=\"twitter:description\" content=\"Cette semaine, la Police Nationale de Saint-Di\u00e9-des-Vosges a interpell\u00e9 2 individus en flagrant d\u00e9lit de vente de stup\u00e9fiants, au niveau [&hellip;]\" \/>\n<meta name=\"twitter:image\" content=\"https:\/\/vosgesinfo.fr\/app\/uploads\/sites\/4\/2016\/04\/police-nationale-01.jpg\" \/>\n<meta name=\"twitter:creator\" content=\"@VosgesInfo88\" \/>\n<meta name=\"twitter:site\" content=\"@VosgesInfo88\" \/>\n<meta name=\"twitter:label1\" content=\"\u00c9crit par\" \/>\n\t<meta name=\"twitter:data1\" content=\"la r\u00e9daction\" \/>\n\t<meta name=\"twitter:label2\" content=\"Dur\u00e9e de lecture estim\u00e9e\" \/>\n\t<meta name=\"twitter:data2\" content=\"1 minute\" \/>\n<script type=\"application\/ld+json\" class=\"yoast-schema-graph\">{\"@context\":\"https:\/\/schema.org\",\"@graph\":[{\"@type\":\"Article\",\"@id\":\"https:\/\/vosgesinfo.fr\/saintdieinfo\/2023\/03\/deux-individus-interpelles-flagrant-delit-de-vente-de-stupefiants-a-saint-die-vosges\/#article\",\"isPartOf\":{\"@id\":\"https:\/\/vosgesinfo.fr\/saintdieinfo\/2023\/03\/deux-individus-interpelles-flagrant-delit-de-vente-de-stupefiants-a-saint-die-vosges\/\"},\"author\":{\"name\":\"la r\u00e9daction\",\"@id\":\"https:\/\/vosgesinfo.fr\/saintdieinfo\/#\/schema\/person\/faee6704a21f3977511db84bd1cd450f\"},\"headline\":\"Deux individus interpell\u00e9s en flagrant d\u00e9lit de vente de stup\u00e9fiants \u00e0 Saint-Di\u00e9-des-Vosges\",\"datePublished\":\"2023-03-03T07:37:52+00:00\",\"dateModified\":\"2023-03-03T07:37:52+00:00\",\"mainEntityOfPage\":{\"@id\":\"https:\/\/vosgesinfo.fr\/saintdieinfo\/2023\/03\/deux-individus-interpelles-flagrant-delit-de-vente-de-stupefiants-a-saint-die-vosges\/\"},\"wordCount\":157,\"commentCount\":0,\"publisher\":{\"@id\":\"https:\/\/vosgesinfo.fr\/saintdieinfo\/#organization\"},\"image\":{\"@id\":\"https:\/\/vosgesinfo.fr\/saintdieinfo\/2023\/03\/deux-individus-interpelles-flagrant-delit-de-vente-de-stupefiants-a-saint-die-vosges\/#primaryimage\"},\"thumbnailUrl\":\"https:\/\/vosgesinfo.fr\/app\/uploads\/sites\/4\/2016\/04\/police-nationale-01.jpg\",\"keywords\":[\"Commissariat de Police Nationale de Saint-Di\u00e9-des-Vosges\",\"Police Nationale\",\"Trafic de stup\u00e9fiants\",\"tribunal d'Epinal\",\"Vente de stup\u00e9fiants\"],\"articleSection\":[\"A la Une\",\"Fait Divers\",\"Saint-Di\u00e9-des-Vosges et son Agglom\u00e9ration\"],\"inLanguage\":\"fr-FR\",\"potentialAction\":[{\"@type\":\"CommentAction\",\"name\":\"Comment\",\"target\":[\"https:\/\/vosgesinfo.fr\/saintdieinfo\/2023\/03\/deux-individus-interpelles-flagrant-delit-de-vente-de-stupefiants-a-saint-die-vosges\/#respond\"]}]},{\"@type\":\"WebPage\",\"@id\":\"https:\/\/vosgesinfo.fr\/saintdieinfo\/2023\/03\/deux-individus-interpelles-flagrant-delit-de-vente-de-stupefiants-a-saint-die-vosges\/\",\"url\":\"https:\/\/vosgesinfo.fr\/saintdieinfo\/2023\/03\/deux-individus-interpelles-flagrant-delit-de-vente-de-stupefiants-a-saint-die-vosges\/\",\"name\":\"Deux individus interpell\u00e9s en flagrant d\u00e9lit de vente de stup\u00e9fiants \u00e0 Saint-Di\u00e9-des-Vosges - Saint Die Info\",\"isPartOf\":{\"@id\":\"https:\/\/vosgesinfo.fr\/saintdieinfo\/#website\"},\"primaryImageOfPage\":{\"@id\":\"https:\/\/vosgesinfo.fr\/saintdieinfo\/2023\/03\/deux-individus-interpelles-flagrant-delit-de-vente-de-stupefiants-a-saint-die-vosges\/#primaryimage\"},\"image\":{\"@id\":\"https:\/\/vosgesinfo.fr\/saintdieinfo\/2023\/03\/deux-individus-interpelles-flagrant-delit-de-vente-de-stupefiants-a-saint-die-vosges\/#primaryimage\"},\"thumbnailUrl\":\"https:\/\/vosgesinfo.fr\/app\/uploads\/sites\/4\/2016\/04\/police-nationale-01.jpg\",\"datePublished\":\"2023-03-03T07:37:52+00:00\",\"dateModified\":\"2023-03-03T07:37:52+00:00\",\"breadcrumb\":{\"@id\":\"https:\/\/vosgesinfo.fr\/saintdieinfo\/2023\/03\/deux-individus-interpelles-flagrant-delit-de-vente-de-stupefiants-a-saint-die-vosges\/#breadcrumb\"},\"inLanguage\":\"fr-FR\",\"potentialAction\":[{\"@type\":\"ReadAction\",\"target\":[\"https:\/\/vosgesinfo.fr\/saintdieinfo\/2023\/03\/deux-individus-interpelles-flagrant-delit-de-vente-de-stupefiants-a-saint-die-vosges\/\"]}]},{\"@type\":\"ImageObject\",\"inLanguage\":\"fr-FR\",\"@id\":\"https:\/\/vosgesinfo.fr\/saintdieinfo\/2023\/03\/deux-individus-interpelles-flagrant-delit-de-vente-de-stupefiants-a-saint-die-vosges\/#primaryimage\",\"url\":\"https:\/\/vosgesinfo.fr\/app\/uploads\/sites\/4\/2016\/04\/police-nationale-01.jpg\",\"contentUrl\":\"https:\/\/vosgesinfo.fr\/app\/uploads\/sites\/4\/2016\/04\/police-nationale-01.jpg\",\"width\":1024,\"height\":576},{\"@type\":\"BreadcrumbList\",\"@id\":\"https:\/\/vosgesinfo.fr\/saintdieinfo\/2023\/03\/deux-individus-interpelles-flagrant-delit-de-vente-de-stupefiants-a-saint-die-vosges\/#breadcrumb\",\"itemListElement\":[{\"@type\":\"ListItem\",\"position\":1,\"name\":\"Home\",\"item\":\"https:\/\/vosgesinfo.fr\/saintdieinfo\/\"},{\"@type\":\"ListItem\",\"position\":2,\"name\":\"Deux individus interpell\u00e9s en flagrant d\u00e9lit de vente de stup\u00e9fiants \u00e0 Saint-Di\u00e9-des-Vosges\"}]},{\"@type\":\"WebSite\",\"@id\":\"https:\/\/vosgesinfo.fr\/saintdieinfo\/#website\",\"url\":\"https:\/\/vosgesinfo.fr\/saintdieinfo\/\",\"name\":\"Saint Die Info\",\"description\":\"Toute l&#039;actualit\u00e9 de Saint-Di\u00e9-Des-Vosges\",\"publisher\":{\"@id\":\"https:\/\/vosgesinfo.fr\/saintdieinfo\/#organization\"},\"alternateName\":\"Toute l'actualit\u00e9 de Saint-Di\u00e9-Des-Vosges\",\"potentialAction\":[{\"@type\":\"SearchAction\",\"target\":{\"@type\":\"EntryPoint\",\"urlTemplate\":\"https:\/\/vosgesinfo.fr\/saintdieinfo\/?s={search_term_string}\"},\"query-input\":\"required name=search_term_string\"}],\"inLanguage\":\"fr-FR\"},{\"@type\":\"Organization\",\"@id\":\"https:\/\/vosgesinfo.fr\/saintdieinfo\/#organization\",\"name\":\"Saint Die Info\",\"url\":\"https:\/\/vosgesinfo.fr\/saintdieinfo\/\",\"logo\":{\"@type\":\"ImageObject\",\"inLanguage\":\"fr-FR\",\"@id\":\"https:\/\/vosgesinfo.fr\/saintdieinfo\/#\/schema\/logo\/image\/\",\"url\":\"https:\/\/vosgesinfo.fr\/app\/uploads\/sites\/4\/2024\/02\/logo-sdi.jpg\",\"contentUrl\":\"https:\/\/vosgesinfo.fr\/app\/uploads\/sites\/4\/2024\/02\/logo-sdi.jpg\",\"width\":600,\"height\":600,\"caption\":\"Saint Die Info\"},\"image\":{\"@id\":\"https:\/\/vosgesinfo.fr\/saintdieinfo\/#\/schema\/logo\/image\/\"},\"sameAs\":[\"https:\/\/www.facebook.com\/Saintdieinfofr\",\"https:\/\/x.com\/VosgesInfo88\",\"https:\/\/www.youtube.com\/@vosgesinfo\"]},{\"@type\":\"Person\",\"@id\":\"https:\/\/vosgesinfo.fr\/saintdieinfo\/#\/schema\/person\/faee6704a21f3977511db84bd1cd450f\",\"name\":\"la r\u00e9daction\",\"image\":{\"@type\":\"ImageObject\",\"inLanguage\":\"fr-FR\",\"@id\":\"https:\/\/vosgesinfo.fr\/saintdieinfo\/#\/schema\/person\/image\/\",\"url\":\"https:\/\/secure.gravatar.com\/avatar\/6673d8bc6a9c17fa9a453eaa3448de834fa308c2ec9635b7aa99441a7c8d2cf6?s=96&d=mm&r=g\",\"contentUrl\":\"https:\/\/secure.gravatar.com\/avatar\/6673d8bc6a9c17fa9a453eaa3448de834fa308c2ec9635b7aa99441a7c8d2cf6?s=96&d=mm&r=g\",\"caption\":\"la r\u00e9daction\"},\"url\":\"https:\/\/vosgesinfo.fr\/saintdieinfo\/author\/redac\/\"}]}<\/script>\n<!-- \/ Yoast SEO plugin. -->","yoast_head_json":{"title":"Deux individus interpell\u00e9s en flagrant d\u00e9lit de vente de stup\u00e9fiants \u00e0 Saint-Di\u00e9-des-Vosges - Saint Die Info","robots":{"index":"index","follow":"follow","max-snippet":"max-snippet:-1","max-image-preview":"max-image-preview:large","max-video-preview":"max-video-preview:-1"},"canonical":"https:\/\/vosgesinfo.fr\/saintdieinfo\/2023\/03\/deux-individus-interpelles-flagrant-delit-de-vente-de-stupefiants-a-saint-die-vosges\/","twitter_card":"summary_large_image","twitter_title":"Deux individus interpell\u00e9s en flagrant d\u00e9lit de vente de stup\u00e9fiants \u00e0 Saint-Di\u00e9-des-Vosges - Saint Die Info","twitter_description":"Cette semaine, la Police Nationale de Saint-Di\u00e9-des-Vosges a interpell\u00e9 2 individus en flagrant d\u00e9lit de vente de stup\u00e9fiants, au niveau [&hellip;]","twitter_image":"https:\/\/vosgesinfo.fr\/app\/uploads\/sites\/4\/2016\/04\/police-nationale-01.jpg","twitter_creator":"@VosgesInfo88","twitter_site":"@VosgesInfo88","twitter_misc":{"\u00c9crit par":"la r\u00e9daction","Dur\u00e9e de lecture estim\u00e9e":"1 minute"},"schema":{"@context":"https:\/\/schema.org","@graph":[{"@type":"Article","@id":"https:\/\/vosgesinfo.fr\/saintdieinfo\/2023\/03\/deux-individus-interpelles-flagrant-delit-de-vente-de-stupefiants-a-saint-die-vosges\/#article","isPartOf":{"@id":"https:\/\/vosgesinfo.fr\/saintdieinfo\/2023\/03\/deux-individus-interpelles-flagrant-delit-de-vente-de-stupefiants-a-saint-die-vosges\/"},"author":{"name":"la r\u00e9daction","@id":"https:\/\/vosgesinfo.fr\/saintdieinfo\/#\/schema\/person\/faee6704a21f3977511db84bd1cd450f"},"headline":"Deux individus interpell\u00e9s en flagrant d\u00e9lit de vente de stup\u00e9fiants \u00e0 Saint-Di\u00e9-des-Vosges","datePublished":"2023-03-03T07:37:52+00:00","dateModified":"2023-03-03T07:37:52+00:00","mainEntityOfPage":{"@id":"https:\/\/vosgesinfo.fr\/saintdieinfo\/2023\/03\/deux-individus-interpelles-flagrant-delit-de-vente-de-stupefiants-a-saint-die-vosges\/"},"wordCount":157,"commentCount":0,"publisher":{"@id":"https:\/\/vosgesinfo.fr\/saintdieinfo\/#organization"},"image":{"@id":"https:\/\/vosgesinfo.fr\/saintdieinfo\/2023\/03\/deux-individus-interpelles-flagrant-delit-de-vente-de-stupefiants-a-saint-die-vosges\/#primaryimage"},"thumbnailUrl":"https:\/\/vosgesinfo.fr\/app\/uploads\/sites\/4\/2016\/04\/police-nationale-01.jpg","keywords":["Commissariat de Police Nationale de Saint-Di\u00e9-des-Vosges","Police Nationale","Trafic de stup\u00e9fiants","tribunal d'Epinal","Vente de stup\u00e9fiants"],"articleSection":["A la Une","Fait Divers","Saint-Di\u00e9-des-Vosges et son Agglom\u00e9ration"],"inLanguage":"fr-FR","potentialAction":[{"@type":"CommentAction","name":"Comment","target":["https:\/\/vosgesinfo.fr\/saintdieinfo\/2023\/03\/deux-individus-interpelles-flagrant-delit-de-vente-de-stupefiants-a-saint-die-vosges\/#respond"]}]},{"@type":"WebPage","@id":"https:\/\/vosgesinfo.fr\/saintdieinfo\/2023\/03\/deux-individus-interpelles-flagrant-delit-de-vente-de-stupefiants-a-saint-die-vosges\/","url":"https:\/\/vosgesinfo.fr\/saintdieinfo\/2023\/03\/deux-individus-interpelles-flagrant-delit-de-vente-de-stupefiants-a-saint-die-vosges\/","name":"Deux individus interpell\u00e9s en flagrant d\u00e9lit de vente de stup\u00e9fiants \u00e0 Saint-Di\u00e9-des-Vosges - Saint Die Info","isPartOf":{"@id":"https:\/\/vosgesinfo.fr\/saintdieinfo\/#website"},"primaryImageOfPage":{"@id":"https:\/\/vosgesinfo.fr\/saintdieinfo\/2023\/03\/deux-individus-interpelles-flagrant-delit-de-vente-de-stupefiants-a-saint-die-vosges\/#primaryimage"},"image":{"@id":"https:\/\/vosgesinfo.fr\/saintdieinfo\/2023\/03\/deux-individus-interpelles-flagrant-delit-de-vente-de-stupefiants-a-saint-die-vosges\/#primaryimage"},"thumbnailUrl":"https:\/\/vosgesinfo.fr\/app\/uploads\/sites\/4\/2016\/04\/police-nationale-01.jpg","datePublished":"2023-03-03T07:37:52+00:00","dateModified":"2023-03-03T07:37:52+00:00","breadcrumb":{"@id":"https:\/\/vosgesinfo.fr\/saintdieinfo\/2023\/03\/deux-individus-interpelles-flagrant-delit-de-vente-de-stupefiants-a-saint-die-vosges\/#breadcrumb"},"inLanguage":"fr-FR","potentialAction":[{"@type":"ReadAction","target":["https:\/\/vosgesinfo.fr\/saintdieinfo\/2023\/03\/deux-individus-interpelles-flagrant-delit-de-vente-de-stupefiants-a-saint-die-vosges\/"]}]},{"@type":"ImageObject","inLanguage":"fr-FR","@id":"https:\/\/vosgesinfo.fr\/saintdieinfo\/2023\/03\/deux-individus-interpelles-flagrant-delit-de-vente-de-stupefiants-a-saint-die-vosges\/#primaryimage","url":"https:\/\/vosgesinfo.fr\/app\/uploads\/sites\/4\/2016\/04\/police-nationale-01.jpg","contentUrl":"https:\/\/vosgesinfo.fr\/app\/uploads\/sites\/4\/2016\/04\/police-nationale-01.jpg","width":1024,"height":576},{"@type":"BreadcrumbList","@id":"https:\/\/vosgesinfo.fr\/saintdieinfo\/2023\/03\/deux-individus-interpelles-flagrant-delit-de-vente-de-stupefiants-a-saint-die-vosges\/#breadcrumb","itemListElement":[{"@type":"ListItem","position":1,"name":"Home","item":"https:\/\/vosgesinfo.fr\/saintdieinfo\/"},{"@type":"ListItem","position":2,"name":"Deux individus interpell\u00e9s en flagrant d\u00e9lit de vente de stup\u00e9fiants \u00e0 Saint-Di\u00e9-des-Vosges"}]},{"@type":"WebSite","@id":"https:\/\/vosgesinfo.fr\/saintdieinfo\/#website","url":"https:\/\/vosgesinfo.fr\/saintdieinfo\/","name":"Saint Die Info","description":"Toute l&#039;actualit\u00e9 de Saint-Di\u00e9-Des-Vosges","publisher":{"@id":"https:\/\/vosgesinfo.fr\/saintdieinfo\/#organization"},"alternateName":"Toute l'actualit\u00e9 de Saint-Di\u00e9-Des-Vosges","potentialAction":[{"@type":"SearchAction","target":{"@type":"EntryPoint","urlTemplate":"https:\/\/vosgesinfo.fr\/saintdieinfo\/?s={search_term_string}"},"query-input":"required name=search_term_string"}],"inLanguage":"fr-FR"},{"@type":"Organization","@id":"https:\/\/vosgesinfo.fr\/saintdieinfo\/#organization","name":"Saint Die Info","url":"https:\/\/vosgesinfo.fr\/saintdieinfo\/","logo":{"@type":"ImageObject","inLanguage":"fr-FR","@id":"https:\/\/vosgesinfo.fr\/saintdieinfo\/#\/schema\/logo\/image\/","url":"https:\/\/vosgesinfo.fr\/app\/uploads\/sites\/4\/2024\/02\/logo-sdi.jpg","contentUrl":"https:\/\/vosgesinfo.fr\/app\/uploads\/sites\/4\/2024\/02\/logo-sdi.jpg","width":600,"height":600,"caption":"Saint Die Info"},"image":{"@id":"https:\/\/vosgesinfo.fr\/saintdieinfo\/#\/schema\/logo\/image\/"},"sameAs":["https:\/\/www.facebook.com\/Saintdieinfofr","https:\/\/x.com\/VosgesInfo88","https:\/\/www.youtube.com\/@vosgesinfo"]},{"@type":"Person","@id":"https:\/\/vosgesinfo.fr\/saintdieinfo\/#\/schema\/person\/faee6704a21f3977511db84bd1cd450f","name":"la r\u00e9daction","image":{"@type":"ImageObject","inLanguage":"fr-FR","@id":"https:\/\/vosgesinfo.fr\/saintdieinfo\/#\/schema\/person\/image\/","url":"https:\/\/secure.gravatar.com\/avatar\/6673d8bc6a9c17fa9a453eaa3448de834fa308c2ec9635b7aa99441a7c8d2cf6?s=96&d=mm&r=g","contentUrl":"https:\/\/secure.gravatar.com\/avatar\/6673d8bc6a9c17fa9a453eaa3448de834fa308c2ec9635b7aa99441a7c8d2cf6?s=96&d=mm&r=g","caption":"la r\u00e9daction"},"url":"https:\/\/vosgesinfo.fr\/saintdieinfo\/author\/redac\/"}]}},"_links":{"self":[{"href":"https:\/\/vosgesinfo.fr\/saintdieinfo\/wp-json\/wp\/v2\/posts\/62751","targetHints":{"allow":["GET"]}}],"collection":[{"href":"https:\/\/vosgesinfo.fr\/saintdieinfo\/wp-json\/wp\/v2\/posts"}],"about":[{"href":"https:\/\/vosgesinfo.fr\/saintdieinfo\/wp-json\/wp\/v2\/types\/post"}],"author":[{"embeddable":true,"href":"https:\/\/vosgesinfo.fr\/saintdieinfo\/wp-json\/wp\/v2\/users\/44"}],"replies":[{"embeddable":true,"href":"https:\/\/vosgesinfo.fr\/saintdieinfo\/wp-json\/wp\/v2\/comments?post=62751"}],"version-history":[{"count":0,"href":"https:\/\/vosgesinfo.fr\/saintdieinfo\/wp-json\/wp\/v2\/posts\/62751\/revisions"}],"wp:featuredmedia":[{"embeddable":true,"href":"https:\/\/vosgesinfo.fr\/saintdieinfo\/wp-json\/wp\/v2\/media\/22036"}],"wp:attachment":[{"href":"https:\/\/vosgesinfo.fr\/saintdieinfo\/wp-json\/wp\/v2\/media?parent=62751"}],"wp:term":[{"taxonomy":"category","embeddable":true,"href":"https:\/\/vosgesinfo.fr\/saintdieinfo\/wp-json\/wp\/v2\/categories?post=62751"},{"taxonomy":"post_tag","embeddable":true,"href":"https:\/\/vosgesinfo.fr\/saintdieinfo\/wp-json\/wp\/v2\/tags?post=62751"}],"curies":[{"name":"wp","href":"https:\/\/api.w.org\/{rel}","templated":true}]}}