{"id":62756,"date":"2023-03-03T09:57:47","date_gmt":"2023-03-03T08:57:47","guid":{"rendered":"https:\/\/vosgesinfo.fr\/saintdieinfo\/2023\/03\/homme-fonce-groupe-de-personnes-vehicule-quai-sadi-carnot\/"},"modified":"2023-03-03T09:57:47","modified_gmt":"2023-03-03T08:57:47","slug":"homme-fonce-groupe-de-personnes-vehicule-quai-sadi-carnot","status":"publish","type":"post","link":"https:\/\/vosgesinfo.fr\/saintdieinfo\/2023\/03\/homme-fonce-groupe-de-personnes-vehicule-quai-sadi-carnot\/","title":{"rendered":"Un homme fonce dans un groupe de personnes avec son v\u00e9hicule quai Sadi-Carnot"},"content":{"rendered":"<div id=\"attachment_80094\" style=\"width: 970px\" class=\"wp-caption aligncenter\"><a href=\"\/2016\/04\/Police_Nationale_01.jpg\" target=\"_blank\" rel=\"noopener\"><img decoding=\"async\" aria-describedby=\"caption-attachment-80094\" class=\"wp-image-80094 size-large\" src=\"\/2016\/04\/Police_Nationale_01-1024x576.jpg\" alt=\"Police_Nationale_01\" width=\"960\" height=\"540\" \/><\/a><p id=\"caption-attachment-80094\" class=\"wp-caption-text\">(Illustration)<\/p><\/div>\n<h2><strong><span style=\"font-size: 14pt;\">Les faits se sont d\u00e9roul\u00e9s le week-end dernier \u00e0 Saint-Di\u00e9-des-Vosges. Un homme \u00e2g\u00e9 d&rsquo;une cinquantaine d&rsquo;ann\u00e9es, qui circulait au volant de sa voiture, s&rsquo;est senti humili\u00e9 par un groupe de personnes de sa connaissance qui se trouvait quai Sadi-Carnot.<\/span><\/strong><\/h2>\n<p><!--more--><\/p>\n<p>Ces derniers l&rsquo;auraient chambr\u00e9 et le conducteur a vu rouge\u00a0: il a fonc\u00e9 sur le groupe avec son v\u00e9hicule, puis est sorti de sa voiture pour les agresser et les menacer avec du dissolvant \u00e0 peinture et un briquet. 2 des personnes ont \u00e9t\u00e9 bless\u00e9es, avec 5 jours d&rsquo;ITT pour l&rsquo;un et 10 jours pour l&rsquo;autre. L&rsquo;individu responsable de l&rsquo;agression a ensuite refus\u00e9 d&rsquo;obtemp\u00e9rer avec la Police Municipale, puis a pris les jambes \u00e0 son cou.<\/p>\n<p>Dans sa fuite, il a commis diff\u00e9rentes d\u00e9gradations de v\u00e9hicules en stationnement, tout en parvenant \u00e0 \u00e9chapper aux policiers municipaux. Il d\u00e9robe un v\u00e9hicule pour s&rsquo;enfuir et quitte Saint-Di\u00e9-des-Vosges. Se sachant recherch\u00e9, un dispositif de surveillance ayant \u00e9t\u00e9 mis en place pour l&rsquo;interpeller, il se pr\u00e9sente finalement dans une Gendarmerie d&rsquo;Alsace.<\/p>\n<p>Bien connu du commissariat de Police Nationale de Saint-Di\u00e9-des-Vosges, il a reconnu l&rsquo;ensemble des faits. Il est en cours de pr\u00e9sentation au tribunal d&rsquo;Epinal, o\u00f9 il devra r\u00e9pondre d&rsquo;agression, menaces, refus d&rsquo;obtemp\u00e9rer, d\u00e9lit de fuite, mise en danger d&rsquo;un agent de la force publique et vol de v\u00e9hicule.<\/p>\n<p>J.J.<\/p>\n","protected":false},"excerpt":{"rendered":"<p>Les faits se sont d\u00e9roul\u00e9s le week-end dernier \u00e0 Saint-Di\u00e9-des-Vosges. Un homme \u00e2g\u00e9 d&rsquo;une cinquantaine d&rsquo;ann\u00e9es, qui circulait au volant [&hellip;]<\/p>\n","protected":false},"author":44,"featured_media":22036,"comment_status":"open","ping_status":"open","sticky":false,"template":"","format":"standard","meta":{"footnotes":""},"categories":[460,2924,2915],"tags":[3890,3042,4875,13916],"class_list":["post-62756","post","type-post","status-publish","format-standard","has-post-thumbnail","hentry","category-a-la-une","category-fait-divers","category-saint-die-son-canton","tag-police-municipale-de-saint-die-des-vosges","tag-police-nationale-de-saint-die-des-vosges","tag-quai-sadi-carnot","tag-un-homme-fonce-dans-un-groupe-de-personnes-avec-son-vehicule-a-saint-die-des-vosges"],"acf":[],"yoast_head":"<!-- This site is optimized with the Yoast SEO plugin v22.5 - https:\/\/yoast.com\/wordpress\/plugins\/seo\/ -->\n<title>Un homme fonce dans un groupe de personnes avec son v\u00e9hicule quai Sadi-Carnot - Saint Die Info<\/title>\n<meta name=\"robots\" content=\"index, follow, max-snippet:-1, max-image-preview:large, max-video-preview:-1\" \/>\n<link rel=\"canonical\" href=\"https:\/\/vosgesinfo.fr\/saintdieinfo\/2023\/03\/homme-fonce-groupe-de-personnes-vehicule-quai-sadi-carnot\/\" \/>\n<meta name=\"twitter:card\" content=\"summary_large_image\" \/>\n<meta name=\"twitter:title\" content=\"Un homme fonce dans un groupe de personnes avec son v\u00e9hicule quai Sadi-Carnot - Saint Die Info\" \/>\n<meta name=\"twitter:description\" content=\"Les faits se sont d\u00e9roul\u00e9s le week-end dernier \u00e0 Saint-Di\u00e9-des-Vosges. Un homme \u00e2g\u00e9 d&rsquo;une cinquantaine d&rsquo;ann\u00e9es, qui circulait au volant [&hellip;]\" \/>\n<meta name=\"twitter:image\" content=\"https:\/\/vosgesinfo.fr\/app\/uploads\/sites\/4\/2016\/04\/police-nationale-01.jpg\" \/>\n<meta name=\"twitter:creator\" content=\"@VosgesInfo88\" \/>\n<meta name=\"twitter:site\" content=\"@VosgesInfo88\" \/>\n<meta name=\"twitter:label1\" content=\"\u00c9crit par\" \/>\n\t<meta name=\"twitter:data1\" content=\"la r\u00e9daction\" \/>\n\t<meta name=\"twitter:label2\" content=\"Dur\u00e9e de lecture estim\u00e9e\" \/>\n\t<meta name=\"twitter:data2\" content=\"1 minute\" \/>\n<script type=\"application\/ld+json\" class=\"yoast-schema-graph\">{\"@context\":\"https:\/\/schema.org\",\"@graph\":[{\"@type\":\"Article\",\"@id\":\"https:\/\/vosgesinfo.fr\/saintdieinfo\/2023\/03\/homme-fonce-groupe-de-personnes-vehicule-quai-sadi-carnot\/#article\",\"isPartOf\":{\"@id\":\"https:\/\/vosgesinfo.fr\/saintdieinfo\/2023\/03\/homme-fonce-groupe-de-personnes-vehicule-quai-sadi-carnot\/\"},\"author\":{\"name\":\"la r\u00e9daction\",\"@id\":\"https:\/\/vosgesinfo.fr\/saintdieinfo\/#\/schema\/person\/faee6704a21f3977511db84bd1cd450f\"},\"headline\":\"Un homme fonce dans un groupe de personnes avec son v\u00e9hicule quai Sadi-Carnot\",\"datePublished\":\"2023-03-03T08:57:47+00:00\",\"dateModified\":\"2023-03-03T08:57:47+00:00\",\"mainEntityOfPage\":{\"@id\":\"https:\/\/vosgesinfo.fr\/saintdieinfo\/2023\/03\/homme-fonce-groupe-de-personnes-vehicule-quai-sadi-carnot\/\"},\"wordCount\":269,\"commentCount\":0,\"publisher\":{\"@id\":\"https:\/\/vosgesinfo.fr\/saintdieinfo\/#organization\"},\"image\":{\"@id\":\"https:\/\/vosgesinfo.fr\/saintdieinfo\/2023\/03\/homme-fonce-groupe-de-personnes-vehicule-quai-sadi-carnot\/#primaryimage\"},\"thumbnailUrl\":\"https:\/\/vosgesinfo.fr\/app\/uploads\/sites\/4\/2016\/04\/police-nationale-01.jpg\",\"keywords\":[\"Police Municipale de Saint-Di\u00e9-des-Vosges\",\"Police Nationale de Saint-Di\u00e9-des-Vosges\",\"Quai Sadi-Carnot\",\"Un homme fonce dans un groupe de personnes avec son v\u00e9hicule \u00e0 Saint-Di\u00e9-des-Vosges\"],\"articleSection\":[\"A la Une\",\"Fait Divers\",\"Saint-Di\u00e9-des-Vosges et son Agglom\u00e9ration\"],\"inLanguage\":\"fr-FR\",\"potentialAction\":[{\"@type\":\"CommentAction\",\"name\":\"Comment\",\"target\":[\"https:\/\/vosgesinfo.fr\/saintdieinfo\/2023\/03\/homme-fonce-groupe-de-personnes-vehicule-quai-sadi-carnot\/#respond\"]}]},{\"@type\":\"WebPage\",\"@id\":\"https:\/\/vosgesinfo.fr\/saintdieinfo\/2023\/03\/homme-fonce-groupe-de-personnes-vehicule-quai-sadi-carnot\/\",\"url\":\"https:\/\/vosgesinfo.fr\/saintdieinfo\/2023\/03\/homme-fonce-groupe-de-personnes-vehicule-quai-sadi-carnot\/\",\"name\":\"Un homme fonce dans un groupe de personnes avec son v\u00e9hicule quai Sadi-Carnot - Saint Die Info\",\"isPartOf\":{\"@id\":\"https:\/\/vosgesinfo.fr\/saintdieinfo\/#website\"},\"primaryImageOfPage\":{\"@id\":\"https:\/\/vosgesinfo.fr\/saintdieinfo\/2023\/03\/homme-fonce-groupe-de-personnes-vehicule-quai-sadi-carnot\/#primaryimage\"},\"image\":{\"@id\":\"https:\/\/vosgesinfo.fr\/saintdieinfo\/2023\/03\/homme-fonce-groupe-de-personnes-vehicule-quai-sadi-carnot\/#primaryimage\"},\"thumbnailUrl\":\"https:\/\/vosgesinfo.fr\/app\/uploads\/sites\/4\/2016\/04\/police-nationale-01.jpg\",\"datePublished\":\"2023-03-03T08:57:47+00:00\",\"dateModified\":\"2023-03-03T08:57:47+00:00\",\"breadcrumb\":{\"@id\":\"https:\/\/vosgesinfo.fr\/saintdieinfo\/2023\/03\/homme-fonce-groupe-de-personnes-vehicule-quai-sadi-carnot\/#breadcrumb\"},\"inLanguage\":\"fr-FR\",\"potentialAction\":[{\"@type\":\"ReadAction\",\"target\":[\"https:\/\/vosgesinfo.fr\/saintdieinfo\/2023\/03\/homme-fonce-groupe-de-personnes-vehicule-quai-sadi-carnot\/\"]}]},{\"@type\":\"ImageObject\",\"inLanguage\":\"fr-FR\",\"@id\":\"https:\/\/vosgesinfo.fr\/saintdieinfo\/2023\/03\/homme-fonce-groupe-de-personnes-vehicule-quai-sadi-carnot\/#primaryimage\",\"url\":\"https:\/\/vosgesinfo.fr\/app\/uploads\/sites\/4\/2016\/04\/police-nationale-01.jpg\",\"contentUrl\":\"https:\/\/vosgesinfo.fr\/app\/uploads\/sites\/4\/2016\/04\/police-nationale-01.jpg\",\"width\":1024,\"height\":576},{\"@type\":\"BreadcrumbList\",\"@id\":\"https:\/\/vosgesinfo.fr\/saintdieinfo\/2023\/03\/homme-fonce-groupe-de-personnes-vehicule-quai-sadi-carnot\/#breadcrumb\",\"itemListElement\":[{\"@type\":\"ListItem\",\"position\":1,\"name\":\"Home\",\"item\":\"https:\/\/vosgesinfo.fr\/saintdieinfo\/\"},{\"@type\":\"ListItem\",\"position\":2,\"name\":\"Un homme fonce dans un groupe de personnes avec son v\u00e9hicule quai Sadi-Carnot\"}]},{\"@type\":\"WebSite\",\"@id\":\"https:\/\/vosgesinfo.fr\/saintdieinfo\/#website\",\"url\":\"https:\/\/vosgesinfo.fr\/saintdieinfo\/\",\"name\":\"Saint Die Info\",\"description\":\"Toute l&#039;actualit\u00e9 de Saint-Di\u00e9-Des-Vosges\",\"publisher\":{\"@id\":\"https:\/\/vosgesinfo.fr\/saintdieinfo\/#organization\"},\"alternateName\":\"Toute l'actualit\u00e9 de Saint-Di\u00e9-Des-Vosges\",\"potentialAction\":[{\"@type\":\"SearchAction\",\"target\":{\"@type\":\"EntryPoint\",\"urlTemplate\":\"https:\/\/vosgesinfo.fr\/saintdieinfo\/?s={search_term_string}\"},\"query-input\":\"required name=search_term_string\"}],\"inLanguage\":\"fr-FR\"},{\"@type\":\"Organization\",\"@id\":\"https:\/\/vosgesinfo.fr\/saintdieinfo\/#organization\",\"name\":\"Saint Die Info\",\"url\":\"https:\/\/vosgesinfo.fr\/saintdieinfo\/\",\"logo\":{\"@type\":\"ImageObject\",\"inLanguage\":\"fr-FR\",\"@id\":\"https:\/\/vosgesinfo.fr\/saintdieinfo\/#\/schema\/logo\/image\/\",\"url\":\"https:\/\/vosgesinfo.fr\/app\/uploads\/sites\/4\/2024\/02\/logo-sdi.jpg\",\"contentUrl\":\"https:\/\/vosgesinfo.fr\/app\/uploads\/sites\/4\/2024\/02\/logo-sdi.jpg\",\"width\":600,\"height\":600,\"caption\":\"Saint Die Info\"},\"image\":{\"@id\":\"https:\/\/vosgesinfo.fr\/saintdieinfo\/#\/schema\/logo\/image\/\"},\"sameAs\":[\"https:\/\/www.facebook.com\/Saintdieinfofr\",\"https:\/\/x.com\/VosgesInfo88\",\"https:\/\/www.youtube.com\/@vosgesinfo\"]},{\"@type\":\"Person\",\"@id\":\"https:\/\/vosgesinfo.fr\/saintdieinfo\/#\/schema\/person\/faee6704a21f3977511db84bd1cd450f\",\"name\":\"la r\u00e9daction\",\"image\":{\"@type\":\"ImageObject\",\"inLanguage\":\"fr-FR\",\"@id\":\"https:\/\/vosgesinfo.fr\/saintdieinfo\/#\/schema\/person\/image\/\",\"url\":\"https:\/\/secure.gravatar.com\/avatar\/6673d8bc6a9c17fa9a453eaa3448de834fa308c2ec9635b7aa99441a7c8d2cf6?s=96&d=mm&r=g\",\"contentUrl\":\"https:\/\/secure.gravatar.com\/avatar\/6673d8bc6a9c17fa9a453eaa3448de834fa308c2ec9635b7aa99441a7c8d2cf6?s=96&d=mm&r=g\",\"caption\":\"la r\u00e9daction\"},\"url\":\"https:\/\/vosgesinfo.fr\/saintdieinfo\/author\/redac\/\"}]}<\/script>\n<!-- \/ Yoast SEO plugin. -->","yoast_head_json":{"title":"Un homme fonce dans un groupe de personnes avec son v\u00e9hicule quai Sadi-Carnot - Saint Die Info","robots":{"index":"index","follow":"follow","max-snippet":"max-snippet:-1","max-image-preview":"max-image-preview:large","max-video-preview":"max-video-preview:-1"},"canonical":"https:\/\/vosgesinfo.fr\/saintdieinfo\/2023\/03\/homme-fonce-groupe-de-personnes-vehicule-quai-sadi-carnot\/","twitter_card":"summary_large_image","twitter_title":"Un homme fonce dans un groupe de personnes avec son v\u00e9hicule quai Sadi-Carnot - Saint Die Info","twitter_description":"Les faits se sont d\u00e9roul\u00e9s le week-end dernier \u00e0 Saint-Di\u00e9-des-Vosges. Un homme \u00e2g\u00e9 d&rsquo;une cinquantaine d&rsquo;ann\u00e9es, qui circulait au volant [&hellip;]","twitter_image":"https:\/\/vosgesinfo.fr\/app\/uploads\/sites\/4\/2016\/04\/police-nationale-01.jpg","twitter_creator":"@VosgesInfo88","twitter_site":"@VosgesInfo88","twitter_misc":{"\u00c9crit par":"la r\u00e9daction","Dur\u00e9e de lecture estim\u00e9e":"1 minute"},"schema":{"@context":"https:\/\/schema.org","@graph":[{"@type":"Article","@id":"https:\/\/vosgesinfo.fr\/saintdieinfo\/2023\/03\/homme-fonce-groupe-de-personnes-vehicule-quai-sadi-carnot\/#article","isPartOf":{"@id":"https:\/\/vosgesinfo.fr\/saintdieinfo\/2023\/03\/homme-fonce-groupe-de-personnes-vehicule-quai-sadi-carnot\/"},"author":{"name":"la r\u00e9daction","@id":"https:\/\/vosgesinfo.fr\/saintdieinfo\/#\/schema\/person\/faee6704a21f3977511db84bd1cd450f"},"headline":"Un homme fonce dans un groupe de personnes avec son v\u00e9hicule quai Sadi-Carnot","datePublished":"2023-03-03T08:57:47+00:00","dateModified":"2023-03-03T08:57:47+00:00","mainEntityOfPage":{"@id":"https:\/\/vosgesinfo.fr\/saintdieinfo\/2023\/03\/homme-fonce-groupe-de-personnes-vehicule-quai-sadi-carnot\/"},"wordCount":269,"commentCount":0,"publisher":{"@id":"https:\/\/vosgesinfo.fr\/saintdieinfo\/#organization"},"image":{"@id":"https:\/\/vosgesinfo.fr\/saintdieinfo\/2023\/03\/homme-fonce-groupe-de-personnes-vehicule-quai-sadi-carnot\/#primaryimage"},"thumbnailUrl":"https:\/\/vosgesinfo.fr\/app\/uploads\/sites\/4\/2016\/04\/police-nationale-01.jpg","keywords":["Police Municipale de Saint-Di\u00e9-des-Vosges","Police Nationale de Saint-Di\u00e9-des-Vosges","Quai Sadi-Carnot","Un homme fonce dans un groupe de personnes avec son v\u00e9hicule \u00e0 Saint-Di\u00e9-des-Vosges"],"articleSection":["A la Une","Fait Divers","Saint-Di\u00e9-des-Vosges et son Agglom\u00e9ration"],"inLanguage":"fr-FR","potentialAction":[{"@type":"CommentAction","name":"Comment","target":["https:\/\/vosgesinfo.fr\/saintdieinfo\/2023\/03\/homme-fonce-groupe-de-personnes-vehicule-quai-sadi-carnot\/#respond"]}]},{"@type":"WebPage","@id":"https:\/\/vosgesinfo.fr\/saintdieinfo\/2023\/03\/homme-fonce-groupe-de-personnes-vehicule-quai-sadi-carnot\/","url":"https:\/\/vosgesinfo.fr\/saintdieinfo\/2023\/03\/homme-fonce-groupe-de-personnes-vehicule-quai-sadi-carnot\/","name":"Un homme fonce dans un groupe de personnes avec son v\u00e9hicule quai Sadi-Carnot - Saint Die Info","isPartOf":{"@id":"https:\/\/vosgesinfo.fr\/saintdieinfo\/#website"},"primaryImageOfPage":{"@id":"https:\/\/vosgesinfo.fr\/saintdieinfo\/2023\/03\/homme-fonce-groupe-de-personnes-vehicule-quai-sadi-carnot\/#primaryimage"},"image":{"@id":"https:\/\/vosgesinfo.fr\/saintdieinfo\/2023\/03\/homme-fonce-groupe-de-personnes-vehicule-quai-sadi-carnot\/#primaryimage"},"thumbnailUrl":"https:\/\/vosgesinfo.fr\/app\/uploads\/sites\/4\/2016\/04\/police-nationale-01.jpg","datePublished":"2023-03-03T08:57:47+00:00","dateModified":"2023-03-03T08:57:47+00:00","breadcrumb":{"@id":"https:\/\/vosgesinfo.fr\/saintdieinfo\/2023\/03\/homme-fonce-groupe-de-personnes-vehicule-quai-sadi-carnot\/#breadcrumb"},"inLanguage":"fr-FR","potentialAction":[{"@type":"ReadAction","target":["https:\/\/vosgesinfo.fr\/saintdieinfo\/2023\/03\/homme-fonce-groupe-de-personnes-vehicule-quai-sadi-carnot\/"]}]},{"@type":"ImageObject","inLanguage":"fr-FR","@id":"https:\/\/vosgesinfo.fr\/saintdieinfo\/2023\/03\/homme-fonce-groupe-de-personnes-vehicule-quai-sadi-carnot\/#primaryimage","url":"https:\/\/vosgesinfo.fr\/app\/uploads\/sites\/4\/2016\/04\/police-nationale-01.jpg","contentUrl":"https:\/\/vosgesinfo.fr\/app\/uploads\/sites\/4\/2016\/04\/police-nationale-01.jpg","width":1024,"height":576},{"@type":"BreadcrumbList","@id":"https:\/\/vosgesinfo.fr\/saintdieinfo\/2023\/03\/homme-fonce-groupe-de-personnes-vehicule-quai-sadi-carnot\/#breadcrumb","itemListElement":[{"@type":"ListItem","position":1,"name":"Home","item":"https:\/\/vosgesinfo.fr\/saintdieinfo\/"},{"@type":"ListItem","position":2,"name":"Un homme fonce dans un groupe de personnes avec son v\u00e9hicule quai Sadi-Carnot"}]},{"@type":"WebSite","@id":"https:\/\/vosgesinfo.fr\/saintdieinfo\/#website","url":"https:\/\/vosgesinfo.fr\/saintdieinfo\/","name":"Saint Die Info","description":"Toute l&#039;actualit\u00e9 de Saint-Di\u00e9-Des-Vosges","publisher":{"@id":"https:\/\/vosgesinfo.fr\/saintdieinfo\/#organization"},"alternateName":"Toute l'actualit\u00e9 de Saint-Di\u00e9-Des-Vosges","potentialAction":[{"@type":"SearchAction","target":{"@type":"EntryPoint","urlTemplate":"https:\/\/vosgesinfo.fr\/saintdieinfo\/?s={search_term_string}"},"query-input":"required name=search_term_string"}],"inLanguage":"fr-FR"},{"@type":"Organization","@id":"https:\/\/vosgesinfo.fr\/saintdieinfo\/#organization","name":"Saint Die Info","url":"https:\/\/vosgesinfo.fr\/saintdieinfo\/","logo":{"@type":"ImageObject","inLanguage":"fr-FR","@id":"https:\/\/vosgesinfo.fr\/saintdieinfo\/#\/schema\/logo\/image\/","url":"https:\/\/vosgesinfo.fr\/app\/uploads\/sites\/4\/2024\/02\/logo-sdi.jpg","contentUrl":"https:\/\/vosgesinfo.fr\/app\/uploads\/sites\/4\/2024\/02\/logo-sdi.jpg","width":600,"height":600,"caption":"Saint Die Info"},"image":{"@id":"https:\/\/vosgesinfo.fr\/saintdieinfo\/#\/schema\/logo\/image\/"},"sameAs":["https:\/\/www.facebook.com\/Saintdieinfofr","https:\/\/x.com\/VosgesInfo88","https:\/\/www.youtube.com\/@vosgesinfo"]},{"@type":"Person","@id":"https:\/\/vosgesinfo.fr\/saintdieinfo\/#\/schema\/person\/faee6704a21f3977511db84bd1cd450f","name":"la r\u00e9daction","image":{"@type":"ImageObject","inLanguage":"fr-FR","@id":"https:\/\/vosgesinfo.fr\/saintdieinfo\/#\/schema\/person\/image\/","url":"https:\/\/secure.gravatar.com\/avatar\/6673d8bc6a9c17fa9a453eaa3448de834fa308c2ec9635b7aa99441a7c8d2cf6?s=96&d=mm&r=g","contentUrl":"https:\/\/secure.gravatar.com\/avatar\/6673d8bc6a9c17fa9a453eaa3448de834fa308c2ec9635b7aa99441a7c8d2cf6?s=96&d=mm&r=g","caption":"la r\u00e9daction"},"url":"https:\/\/vosgesinfo.fr\/saintdieinfo\/author\/redac\/"}]}},"_links":{"self":[{"href":"https:\/\/vosgesinfo.fr\/saintdieinfo\/wp-json\/wp\/v2\/posts\/62756","targetHints":{"allow":["GET"]}}],"collection":[{"href":"https:\/\/vosgesinfo.fr\/saintdieinfo\/wp-json\/wp\/v2\/posts"}],"about":[{"href":"https:\/\/vosgesinfo.fr\/saintdieinfo\/wp-json\/wp\/v2\/types\/post"}],"author":[{"embeddable":true,"href":"https:\/\/vosgesinfo.fr\/saintdieinfo\/wp-json\/wp\/v2\/users\/44"}],"replies":[{"embeddable":true,"href":"https:\/\/vosgesinfo.fr\/saintdieinfo\/wp-json\/wp\/v2\/comments?post=62756"}],"version-history":[{"count":0,"href":"https:\/\/vosgesinfo.fr\/saintdieinfo\/wp-json\/wp\/v2\/posts\/62756\/revisions"}],"wp:featuredmedia":[{"embeddable":true,"href":"https:\/\/vosgesinfo.fr\/saintdieinfo\/wp-json\/wp\/v2\/media\/22036"}],"wp:attachment":[{"href":"https:\/\/vosgesinfo.fr\/saintdieinfo\/wp-json\/wp\/v2\/media?parent=62756"}],"wp:term":[{"taxonomy":"category","embeddable":true,"href":"https:\/\/vosgesinfo.fr\/saintdieinfo\/wp-json\/wp\/v2\/categories?post=62756"},{"taxonomy":"post_tag","embeddable":true,"href":"https:\/\/vosgesinfo.fr\/saintdieinfo\/wp-json\/wp\/v2\/tags?post=62756"}],"curies":[{"name":"wp","href":"https:\/\/api.w.org\/{rel}","templated":true}]}}