{"id":62763,"date":"2023-03-03T13:11:39","date_gmt":"2023-03-03T12:11:39","guid":{"rendered":"https:\/\/vosgesinfo.fr\/saintdieinfo\/2023\/03\/vosges-52-sapeurs-pompiers-mobilises-lincendie-dun-batiment-agricole\/"},"modified":"2023-03-03T13:11:39","modified_gmt":"2023-03-03T12:11:39","slug":"vosges-52-sapeurs-pompiers-mobilises-lincendie-dun-batiment-agricole","status":"publish","type":"post","link":"https:\/\/vosgesinfo.fr\/saintdieinfo\/2023\/03\/vosges-52-sapeurs-pompiers-mobilises-lincendie-dun-batiment-agricole\/","title":{"rendered":"Vosges \u2013 52 sapeurs-pompiers mobilis\u00e9s sur l&rsquo;incendie d&rsquo;un b\u00e2timent agricole"},"content":{"rendered":"<div dir=\"auto\">\n<div id=\"attachment_197780\" style=\"width: 810px\" class=\"wp-caption aligncenter\"><a href=\"\/2023\/03\/331547920_872936177109904_1942956850407523873_n.jpg\" target=\"_blank\" rel=\"noopener\"><img decoding=\"async\" aria-describedby=\"caption-attachment-197780\" class=\"wp-image-197780 size-full\" src=\"\/2023\/03\/331547920_872936177109904_1942956850407523873_n.jpg\" alt=\"331547920_872936177109904_1942956850407523873_n\" width=\"800\" height=\"533\" \/><\/a><p id=\"caption-attachment-197780\" class=\"wp-caption-text\">(Photographies SDIS88)<\/p><\/div>\n<\/div>\n<div dir=\"auto\"><\/div>\n<h2 dir=\"auto\"><strong><span style=\"font-size: 14pt;\">Un incendie s\u2019est d\u00e9clar\u00e9 ce vendredi matin, sur les coups de 7h, dans une exploitation agricole sur la commune de Ligneville, rue de Nancy. Les animaux ont \u00e9t\u00e9 mis en s\u00e9curit\u00e9. 52 pompiers se sont relay\u00e9s sur les lieux avec 11 engins. Des \u00e9quipes restent sur place pour assurer la sortie du fourrage durant ces op\u00e9rations qui dureront la journ\u00e9e. Un d\u00e9gagement de fum\u00e9e restera visible.<\/span><\/strong><\/h2>\n\n","protected":false},"excerpt":{"rendered":"<p>Un incendie s\u2019est d\u00e9clar\u00e9 ce vendredi matin, sur les coups de 7h, dans une exploitation agricole sur la commune de [&hellip;]<\/p>\n","protected":false},"author":44,"featured_media":62764,"comment_status":"open","ping_status":"open","sticky":false,"template":"","format":"standard","meta":{"footnotes":""},"categories":[460,2924,18],"tags":[13918,997,1017],"class_list":["post-62763","post","type-post","status-publish","format-standard","has-post-thumbnail","hentry","category-a-la-une","category-fait-divers","category-vosges","tag-incendie-de-batiment-agricole","tag-ligneville","tag-sapeurs-pompiers-des-vosges"],"acf":[],"yoast_head":"<!-- This site is optimized with the Yoast SEO plugin v22.5 - https:\/\/yoast.com\/wordpress\/plugins\/seo\/ -->\n<title>Vosges \u2013 52 sapeurs-pompiers mobilis\u00e9s sur l&#039;incendie d&#039;un b\u00e2timent agricole - Saint Die Info<\/title>\n<meta name=\"robots\" content=\"index, follow, max-snippet:-1, max-image-preview:large, max-video-preview:-1\" \/>\n<link rel=\"canonical\" href=\"https:\/\/vosgesinfo.fr\/saintdieinfo\/2023\/03\/vosges-52-sapeurs-pompiers-mobilises-lincendie-dun-batiment-agricole\/\" \/>\n<meta name=\"twitter:card\" content=\"summary_large_image\" \/>\n<meta name=\"twitter:title\" content=\"Vosges \u2013 52 sapeurs-pompiers mobilis\u00e9s sur l&#039;incendie d&#039;un b\u00e2timent agricole - Saint Die Info\" \/>\n<meta name=\"twitter:description\" content=\"Un incendie s\u2019est d\u00e9clar\u00e9 ce vendredi matin, sur les coups de 7h, dans une exploitation agricole sur la commune de [&hellip;]\" \/>\n<meta name=\"twitter:image\" content=\"https:\/\/vosgesinfo.fr\/app\/uploads\/sites\/4\/2024\/08\/202303331547920-872936177109904-1942956850407523873-n.jpg\" \/>\n<meta name=\"twitter:creator\" content=\"@VosgesInfo88\" \/>\n<meta name=\"twitter:site\" content=\"@VosgesInfo88\" \/>\n<meta name=\"twitter:label1\" content=\"\u00c9crit par\" \/>\n\t<meta name=\"twitter:data1\" content=\"la r\u00e9daction\" \/>\n<script type=\"application\/ld+json\" class=\"yoast-schema-graph\">{\"@context\":\"https:\/\/schema.org\",\"@graph\":[{\"@type\":\"Article\",\"@id\":\"https:\/\/vosgesinfo.fr\/saintdieinfo\/2023\/03\/vosges-52-sapeurs-pompiers-mobilises-lincendie-dun-batiment-agricole\/#article\",\"isPartOf\":{\"@id\":\"https:\/\/vosgesinfo.fr\/saintdieinfo\/2023\/03\/vosges-52-sapeurs-pompiers-mobilises-lincendie-dun-batiment-agricole\/\"},\"author\":{\"name\":\"la r\u00e9daction\",\"@id\":\"https:\/\/vosgesinfo.fr\/saintdieinfo\/#\/schema\/person\/faee6704a21f3977511db84bd1cd450f\"},\"headline\":\"Vosges \u2013 52 sapeurs-pompiers mobilis\u00e9s sur l&rsquo;incendie d&rsquo;un b\u00e2timent agricole\",\"datePublished\":\"2023-03-03T12:11:39+00:00\",\"dateModified\":\"2023-03-03T12:11:39+00:00\",\"mainEntityOfPage\":{\"@id\":\"https:\/\/vosgesinfo.fr\/saintdieinfo\/2023\/03\/vosges-52-sapeurs-pompiers-mobilises-lincendie-dun-batiment-agricole\/\"},\"wordCount\":99,\"commentCount\":0,\"publisher\":{\"@id\":\"https:\/\/vosgesinfo.fr\/saintdieinfo\/#organization\"},\"image\":{\"@id\":\"https:\/\/vosgesinfo.fr\/saintdieinfo\/2023\/03\/vosges-52-sapeurs-pompiers-mobilises-lincendie-dun-batiment-agricole\/#primaryimage\"},\"thumbnailUrl\":\"https:\/\/vosgesinfo.fr\/app\/uploads\/sites\/4\/2024\/08\/202303331547920-872936177109904-1942956850407523873-n.jpg\",\"keywords\":[\"Incendie de b\u00e2timent agricole\",\"Lign\u00e9ville\",\"sapeurs-pompiers des Vosges\"],\"articleSection\":[\"A la Une\",\"Fait Divers\",\"Vosges\"],\"inLanguage\":\"fr-FR\",\"potentialAction\":[{\"@type\":\"CommentAction\",\"name\":\"Comment\",\"target\":[\"https:\/\/vosgesinfo.fr\/saintdieinfo\/2023\/03\/vosges-52-sapeurs-pompiers-mobilises-lincendie-dun-batiment-agricole\/#respond\"]}]},{\"@type\":\"WebPage\",\"@id\":\"https:\/\/vosgesinfo.fr\/saintdieinfo\/2023\/03\/vosges-52-sapeurs-pompiers-mobilises-lincendie-dun-batiment-agricole\/\",\"url\":\"https:\/\/vosgesinfo.fr\/saintdieinfo\/2023\/03\/vosges-52-sapeurs-pompiers-mobilises-lincendie-dun-batiment-agricole\/\",\"name\":\"Vosges \u2013 52 sapeurs-pompiers mobilis\u00e9s sur l'incendie d'un b\u00e2timent agricole - Saint Die Info\",\"isPartOf\":{\"@id\":\"https:\/\/vosgesinfo.fr\/saintdieinfo\/#website\"},\"primaryImageOfPage\":{\"@id\":\"https:\/\/vosgesinfo.fr\/saintdieinfo\/2023\/03\/vosges-52-sapeurs-pompiers-mobilises-lincendie-dun-batiment-agricole\/#primaryimage\"},\"image\":{\"@id\":\"https:\/\/vosgesinfo.fr\/saintdieinfo\/2023\/03\/vosges-52-sapeurs-pompiers-mobilises-lincendie-dun-batiment-agricole\/#primaryimage\"},\"thumbnailUrl\":\"https:\/\/vosgesinfo.fr\/app\/uploads\/sites\/4\/2024\/08\/202303331547920-872936177109904-1942956850407523873-n.jpg\",\"datePublished\":\"2023-03-03T12:11:39+00:00\",\"dateModified\":\"2023-03-03T12:11:39+00:00\",\"breadcrumb\":{\"@id\":\"https:\/\/vosgesinfo.fr\/saintdieinfo\/2023\/03\/vosges-52-sapeurs-pompiers-mobilises-lincendie-dun-batiment-agricole\/#breadcrumb\"},\"inLanguage\":\"fr-FR\",\"potentialAction\":[{\"@type\":\"ReadAction\",\"target\":[\"https:\/\/vosgesinfo.fr\/saintdieinfo\/2023\/03\/vosges-52-sapeurs-pompiers-mobilises-lincendie-dun-batiment-agricole\/\"]}]},{\"@type\":\"ImageObject\",\"inLanguage\":\"fr-FR\",\"@id\":\"https:\/\/vosgesinfo.fr\/saintdieinfo\/2023\/03\/vosges-52-sapeurs-pompiers-mobilises-lincendie-dun-batiment-agricole\/#primaryimage\",\"url\":\"https:\/\/vosgesinfo.fr\/app\/uploads\/sites\/4\/2024\/08\/202303331547920-872936177109904-1942956850407523873-n.jpg\",\"contentUrl\":\"https:\/\/vosgesinfo.fr\/app\/uploads\/sites\/4\/2024\/08\/202303331547920-872936177109904-1942956850407523873-n.jpg\",\"width\":800,\"height\":533},{\"@type\":\"BreadcrumbList\",\"@id\":\"https:\/\/vosgesinfo.fr\/saintdieinfo\/2023\/03\/vosges-52-sapeurs-pompiers-mobilises-lincendie-dun-batiment-agricole\/#breadcrumb\",\"itemListElement\":[{\"@type\":\"ListItem\",\"position\":1,\"name\":\"Home\",\"item\":\"https:\/\/vosgesinfo.fr\/saintdieinfo\/\"},{\"@type\":\"ListItem\",\"position\":2,\"name\":\"Vosges \u2013 52 sapeurs-pompiers mobilis\u00e9s sur l&rsquo;incendie d&rsquo;un b\u00e2timent agricole\"}]},{\"@type\":\"WebSite\",\"@id\":\"https:\/\/vosgesinfo.fr\/saintdieinfo\/#website\",\"url\":\"https:\/\/vosgesinfo.fr\/saintdieinfo\/\",\"name\":\"Saint Die Info\",\"description\":\"Toute l&#039;actualit\u00e9 de Saint-Di\u00e9-Des-Vosges\",\"publisher\":{\"@id\":\"https:\/\/vosgesinfo.fr\/saintdieinfo\/#organization\"},\"alternateName\":\"Toute l'actualit\u00e9 de Saint-Di\u00e9-Des-Vosges\",\"potentialAction\":[{\"@type\":\"SearchAction\",\"target\":{\"@type\":\"EntryPoint\",\"urlTemplate\":\"https:\/\/vosgesinfo.fr\/saintdieinfo\/?s={search_term_string}\"},\"query-input\":\"required name=search_term_string\"}],\"inLanguage\":\"fr-FR\"},{\"@type\":\"Organization\",\"@id\":\"https:\/\/vosgesinfo.fr\/saintdieinfo\/#organization\",\"name\":\"Saint Die Info\",\"url\":\"https:\/\/vosgesinfo.fr\/saintdieinfo\/\",\"logo\":{\"@type\":\"ImageObject\",\"inLanguage\":\"fr-FR\",\"@id\":\"https:\/\/vosgesinfo.fr\/saintdieinfo\/#\/schema\/logo\/image\/\",\"url\":\"https:\/\/vosgesinfo.fr\/app\/uploads\/sites\/4\/2024\/02\/logo-sdi.jpg\",\"contentUrl\":\"https:\/\/vosgesinfo.fr\/app\/uploads\/sites\/4\/2024\/02\/logo-sdi.jpg\",\"width\":600,\"height\":600,\"caption\":\"Saint Die Info\"},\"image\":{\"@id\":\"https:\/\/vosgesinfo.fr\/saintdieinfo\/#\/schema\/logo\/image\/\"},\"sameAs\":[\"https:\/\/www.facebook.com\/Saintdieinfofr\",\"https:\/\/x.com\/VosgesInfo88\",\"https:\/\/www.youtube.com\/@vosgesinfo\"]},{\"@type\":\"Person\",\"@id\":\"https:\/\/vosgesinfo.fr\/saintdieinfo\/#\/schema\/person\/faee6704a21f3977511db84bd1cd450f\",\"name\":\"la r\u00e9daction\",\"image\":{\"@type\":\"ImageObject\",\"inLanguage\":\"fr-FR\",\"@id\":\"https:\/\/vosgesinfo.fr\/saintdieinfo\/#\/schema\/person\/image\/\",\"url\":\"https:\/\/secure.gravatar.com\/avatar\/6673d8bc6a9c17fa9a453eaa3448de834fa308c2ec9635b7aa99441a7c8d2cf6?s=96&d=mm&r=g\",\"contentUrl\":\"https:\/\/secure.gravatar.com\/avatar\/6673d8bc6a9c17fa9a453eaa3448de834fa308c2ec9635b7aa99441a7c8d2cf6?s=96&d=mm&r=g\",\"caption\":\"la r\u00e9daction\"},\"url\":\"https:\/\/vosgesinfo.fr\/saintdieinfo\/author\/redac\/\"}]}<\/script>\n<!-- \/ Yoast SEO plugin. -->","yoast_head_json":{"title":"Vosges \u2013 52 sapeurs-pompiers mobilis\u00e9s sur l'incendie d'un b\u00e2timent agricole - Saint Die Info","robots":{"index":"index","follow":"follow","max-snippet":"max-snippet:-1","max-image-preview":"max-image-preview:large","max-video-preview":"max-video-preview:-1"},"canonical":"https:\/\/vosgesinfo.fr\/saintdieinfo\/2023\/03\/vosges-52-sapeurs-pompiers-mobilises-lincendie-dun-batiment-agricole\/","twitter_card":"summary_large_image","twitter_title":"Vosges \u2013 52 sapeurs-pompiers mobilis\u00e9s sur l'incendie d'un b\u00e2timent agricole - Saint Die Info","twitter_description":"Un incendie s\u2019est d\u00e9clar\u00e9 ce vendredi matin, sur les coups de 7h, dans une exploitation agricole sur la commune de [&hellip;]","twitter_image":"https:\/\/vosgesinfo.fr\/app\/uploads\/sites\/4\/2024\/08\/202303331547920-872936177109904-1942956850407523873-n.jpg","twitter_creator":"@VosgesInfo88","twitter_site":"@VosgesInfo88","twitter_misc":{"\u00c9crit par":"la r\u00e9daction"},"schema":{"@context":"https:\/\/schema.org","@graph":[{"@type":"Article","@id":"https:\/\/vosgesinfo.fr\/saintdieinfo\/2023\/03\/vosges-52-sapeurs-pompiers-mobilises-lincendie-dun-batiment-agricole\/#article","isPartOf":{"@id":"https:\/\/vosgesinfo.fr\/saintdieinfo\/2023\/03\/vosges-52-sapeurs-pompiers-mobilises-lincendie-dun-batiment-agricole\/"},"author":{"name":"la r\u00e9daction","@id":"https:\/\/vosgesinfo.fr\/saintdieinfo\/#\/schema\/person\/faee6704a21f3977511db84bd1cd450f"},"headline":"Vosges \u2013 52 sapeurs-pompiers mobilis\u00e9s sur l&rsquo;incendie d&rsquo;un b\u00e2timent agricole","datePublished":"2023-03-03T12:11:39+00:00","dateModified":"2023-03-03T12:11:39+00:00","mainEntityOfPage":{"@id":"https:\/\/vosgesinfo.fr\/saintdieinfo\/2023\/03\/vosges-52-sapeurs-pompiers-mobilises-lincendie-dun-batiment-agricole\/"},"wordCount":99,"commentCount":0,"publisher":{"@id":"https:\/\/vosgesinfo.fr\/saintdieinfo\/#organization"},"image":{"@id":"https:\/\/vosgesinfo.fr\/saintdieinfo\/2023\/03\/vosges-52-sapeurs-pompiers-mobilises-lincendie-dun-batiment-agricole\/#primaryimage"},"thumbnailUrl":"https:\/\/vosgesinfo.fr\/app\/uploads\/sites\/4\/2024\/08\/202303331547920-872936177109904-1942956850407523873-n.jpg","keywords":["Incendie de b\u00e2timent agricole","Lign\u00e9ville","sapeurs-pompiers des Vosges"],"articleSection":["A la Une","Fait Divers","Vosges"],"inLanguage":"fr-FR","potentialAction":[{"@type":"CommentAction","name":"Comment","target":["https:\/\/vosgesinfo.fr\/saintdieinfo\/2023\/03\/vosges-52-sapeurs-pompiers-mobilises-lincendie-dun-batiment-agricole\/#respond"]}]},{"@type":"WebPage","@id":"https:\/\/vosgesinfo.fr\/saintdieinfo\/2023\/03\/vosges-52-sapeurs-pompiers-mobilises-lincendie-dun-batiment-agricole\/","url":"https:\/\/vosgesinfo.fr\/saintdieinfo\/2023\/03\/vosges-52-sapeurs-pompiers-mobilises-lincendie-dun-batiment-agricole\/","name":"Vosges \u2013 52 sapeurs-pompiers mobilis\u00e9s sur l'incendie d'un b\u00e2timent agricole - Saint Die Info","isPartOf":{"@id":"https:\/\/vosgesinfo.fr\/saintdieinfo\/#website"},"primaryImageOfPage":{"@id":"https:\/\/vosgesinfo.fr\/saintdieinfo\/2023\/03\/vosges-52-sapeurs-pompiers-mobilises-lincendie-dun-batiment-agricole\/#primaryimage"},"image":{"@id":"https:\/\/vosgesinfo.fr\/saintdieinfo\/2023\/03\/vosges-52-sapeurs-pompiers-mobilises-lincendie-dun-batiment-agricole\/#primaryimage"},"thumbnailUrl":"https:\/\/vosgesinfo.fr\/app\/uploads\/sites\/4\/2024\/08\/202303331547920-872936177109904-1942956850407523873-n.jpg","datePublished":"2023-03-03T12:11:39+00:00","dateModified":"2023-03-03T12:11:39+00:00","breadcrumb":{"@id":"https:\/\/vosgesinfo.fr\/saintdieinfo\/2023\/03\/vosges-52-sapeurs-pompiers-mobilises-lincendie-dun-batiment-agricole\/#breadcrumb"},"inLanguage":"fr-FR","potentialAction":[{"@type":"ReadAction","target":["https:\/\/vosgesinfo.fr\/saintdieinfo\/2023\/03\/vosges-52-sapeurs-pompiers-mobilises-lincendie-dun-batiment-agricole\/"]}]},{"@type":"ImageObject","inLanguage":"fr-FR","@id":"https:\/\/vosgesinfo.fr\/saintdieinfo\/2023\/03\/vosges-52-sapeurs-pompiers-mobilises-lincendie-dun-batiment-agricole\/#primaryimage","url":"https:\/\/vosgesinfo.fr\/app\/uploads\/sites\/4\/2024\/08\/202303331547920-872936177109904-1942956850407523873-n.jpg","contentUrl":"https:\/\/vosgesinfo.fr\/app\/uploads\/sites\/4\/2024\/08\/202303331547920-872936177109904-1942956850407523873-n.jpg","width":800,"height":533},{"@type":"BreadcrumbList","@id":"https:\/\/vosgesinfo.fr\/saintdieinfo\/2023\/03\/vosges-52-sapeurs-pompiers-mobilises-lincendie-dun-batiment-agricole\/#breadcrumb","itemListElement":[{"@type":"ListItem","position":1,"name":"Home","item":"https:\/\/vosgesinfo.fr\/saintdieinfo\/"},{"@type":"ListItem","position":2,"name":"Vosges \u2013 52 sapeurs-pompiers mobilis\u00e9s sur l&rsquo;incendie d&rsquo;un b\u00e2timent agricole"}]},{"@type":"WebSite","@id":"https:\/\/vosgesinfo.fr\/saintdieinfo\/#website","url":"https:\/\/vosgesinfo.fr\/saintdieinfo\/","name":"Saint Die Info","description":"Toute l&#039;actualit\u00e9 de Saint-Di\u00e9-Des-Vosges","publisher":{"@id":"https:\/\/vosgesinfo.fr\/saintdieinfo\/#organization"},"alternateName":"Toute l'actualit\u00e9 de Saint-Di\u00e9-Des-Vosges","potentialAction":[{"@type":"SearchAction","target":{"@type":"EntryPoint","urlTemplate":"https:\/\/vosgesinfo.fr\/saintdieinfo\/?s={search_term_string}"},"query-input":"required name=search_term_string"}],"inLanguage":"fr-FR"},{"@type":"Organization","@id":"https:\/\/vosgesinfo.fr\/saintdieinfo\/#organization","name":"Saint Die Info","url":"https:\/\/vosgesinfo.fr\/saintdieinfo\/","logo":{"@type":"ImageObject","inLanguage":"fr-FR","@id":"https:\/\/vosgesinfo.fr\/saintdieinfo\/#\/schema\/logo\/image\/","url":"https:\/\/vosgesinfo.fr\/app\/uploads\/sites\/4\/2024\/02\/logo-sdi.jpg","contentUrl":"https:\/\/vosgesinfo.fr\/app\/uploads\/sites\/4\/2024\/02\/logo-sdi.jpg","width":600,"height":600,"caption":"Saint Die Info"},"image":{"@id":"https:\/\/vosgesinfo.fr\/saintdieinfo\/#\/schema\/logo\/image\/"},"sameAs":["https:\/\/www.facebook.com\/Saintdieinfofr","https:\/\/x.com\/VosgesInfo88","https:\/\/www.youtube.com\/@vosgesinfo"]},{"@type":"Person","@id":"https:\/\/vosgesinfo.fr\/saintdieinfo\/#\/schema\/person\/faee6704a21f3977511db84bd1cd450f","name":"la r\u00e9daction","image":{"@type":"ImageObject","inLanguage":"fr-FR","@id":"https:\/\/vosgesinfo.fr\/saintdieinfo\/#\/schema\/person\/image\/","url":"https:\/\/secure.gravatar.com\/avatar\/6673d8bc6a9c17fa9a453eaa3448de834fa308c2ec9635b7aa99441a7c8d2cf6?s=96&d=mm&r=g","contentUrl":"https:\/\/secure.gravatar.com\/avatar\/6673d8bc6a9c17fa9a453eaa3448de834fa308c2ec9635b7aa99441a7c8d2cf6?s=96&d=mm&r=g","caption":"la r\u00e9daction"},"url":"https:\/\/vosgesinfo.fr\/saintdieinfo\/author\/redac\/"}]}},"_links":{"self":[{"href":"https:\/\/vosgesinfo.fr\/saintdieinfo\/wp-json\/wp\/v2\/posts\/62763","targetHints":{"allow":["GET"]}}],"collection":[{"href":"https:\/\/vosgesinfo.fr\/saintdieinfo\/wp-json\/wp\/v2\/posts"}],"about":[{"href":"https:\/\/vosgesinfo.fr\/saintdieinfo\/wp-json\/wp\/v2\/types\/post"}],"author":[{"embeddable":true,"href":"https:\/\/vosgesinfo.fr\/saintdieinfo\/wp-json\/wp\/v2\/users\/44"}],"replies":[{"embeddable":true,"href":"https:\/\/vosgesinfo.fr\/saintdieinfo\/wp-json\/wp\/v2\/comments?post=62763"}],"version-history":[{"count":0,"href":"https:\/\/vosgesinfo.fr\/saintdieinfo\/wp-json\/wp\/v2\/posts\/62763\/revisions"}],"wp:featuredmedia":[{"embeddable":true,"href":"https:\/\/vosgesinfo.fr\/saintdieinfo\/wp-json\/wp\/v2\/media\/62764"}],"wp:attachment":[{"href":"https:\/\/vosgesinfo.fr\/saintdieinfo\/wp-json\/wp\/v2\/media?parent=62763"}],"wp:term":[{"taxonomy":"category","embeddable":true,"href":"https:\/\/vosgesinfo.fr\/saintdieinfo\/wp-json\/wp\/v2\/categories?post=62763"},{"taxonomy":"post_tag","embeddable":true,"href":"https:\/\/vosgesinfo.fr\/saintdieinfo\/wp-json\/wp\/v2\/tags?post=62763"}],"curies":[{"name":"wp","href":"https:\/\/api.w.org\/{rel}","templated":true}]}}