{"id":62768,"date":"2023-03-03T15:29:41","date_gmt":"2023-03-03T14:29:41","guid":{"rendered":"https:\/\/vosgesinfo.fr\/saintdieinfo\/2023\/03\/maternite-de-saint-die-vosges-beneficie-desormais-forfait-activite-isolee\/"},"modified":"2023-03-03T15:29:41","modified_gmt":"2023-03-03T14:29:41","slug":"maternite-de-saint-die-vosges-beneficie-desormais-forfait-activite-isolee","status":"publish","type":"post","link":"https:\/\/vosgesinfo.fr\/saintdieinfo\/2023\/03\/maternite-de-saint-die-vosges-beneficie-desormais-forfait-activite-isolee\/","title":{"rendered":"La maternit\u00e9 de Saint-Di\u00e9-des-Vosges b\u00e9n\u00e9ficie d\u00e9sormais du Forfait Activit\u00e9 Isol\u00e9e"},"content":{"rendered":"\n<h2><strong><span style=\"font-size: 14pt;\">Comme annonc\u00e9 ce mercredi, la maternit\u00e9 de Saint-Di\u00e9-des-Vosges a r\u00e9cemment \u00e9t\u00e9 reconnue \u00ab\u00a0maternit\u00e9 isol\u00e9e\u00a0\u00bb, puisqu&rsquo;elle est d\u00e9sormais \u00e9ligible au Forfait Activit\u00e9 Isol\u00e9e \u2013 FAI \u2013 en application de l&rsquo;article L.162-88-1 du code de la s\u00e9curit\u00e9 sociale (<a href=\"https:\/\/saintdieinfo.fr\/2023\/03\/maternite-de-saint-die-vosges-reconnue-maternite-isolee\/\" target=\"_blank\" rel=\"noopener\">lire notre article<\/a>).<\/span><\/strong><\/h2>\n<p><!--more--><\/p>\n<p>Le FAI est un forfait annuel de financement sp\u00e9cifique qui a \u00e9t\u00e9 cr\u00e9\u00e9 pour les \u00e9tablissements de sant\u00e9 pr\u00e9sentant un caract\u00e8re d&rsquo;isolement g\u00e9ographique. Un certain nombre de crit\u00e8res sont \u00e0 remplir pour pouvoir b\u00e9n\u00e9ficier du FAI. L&rsquo;\u00e9tablissement doit par exemple \u00eatre situ\u00e9 \u00e0 maximum 45 minutes de route depuis n&rsquo;importe quel endroit de son territoire, tout en devant \u00eatre suffisamment \u00e9loign\u00e9 d&rsquo;un autre \u00e9tablissement de sant\u00e9 proposant des activit\u00e9s de soins en m\u00e9decine, chirurgie et gyn\u00e9cologie-obst\u00e9trique. Autre crit\u00e8re important, la densit\u00e9 de population de la zone d&rsquo;attractivit\u00e9 de l&rsquo;\u00e9tablissement ne doit pas exc\u00e9der pas un certain plafond d\u00e9fini au pr\u00e9alable.<\/p>\n<p>C&rsquo;est en raison de ce dernier crit\u00e8re que le Minist\u00e8re de la Sant\u00e9 et de la Pr\u00e9vention n&rsquo;avait jusqu&rsquo;\u00e0 pr\u00e9sent pas retenu le Centre Hospitalier de Saint-Di\u00e9-des-Vosges comme \u00e9ligible au FAI. C&rsquo;est par un courrier adress\u00e9 au Minist\u00e8re, en date du 20 janvier 2023, que l&rsquo;h\u00f4pital d\u00e9odatien a contest\u00e9 le mode de calcul appliqu\u00e9, en se fondant sur une diff\u00e9rence d&rsquo;interpr\u00e9tation de la d\u00e9finition indiqu\u00e9e dans le d\u00e9cret. Le Centre Hospitalier a eu gain de cause, et r\u00e9pond d\u00e9sormais \u00e0 l&rsquo;ensemble des crit\u00e8res permettant l&rsquo;octroi de ce forfait.<\/p>\n<p>Quant au montant du forfait dont b\u00e9n\u00e9ficiera l&rsquo;h\u00f4pital d\u00e9odatien en 2023, au titre de l&rsquo;activit\u00e9 obst\u00e9trique, il sera attribu\u00e9 en tenant compte de l&rsquo;activit\u00e9 consolid\u00e9e de l&rsquo;ann\u00e9e 2022. Concr\u00e8tement, avec 494 naissances en 2022 \u00e0 la maternit\u00e9 de Saint-Di\u00e9-des-Vosges, le FAI repr\u00e9senterait la somme de 547 644\u20ac selon l&rsquo;arr\u00eat\u00e9 fixant les \u00e9l\u00e9ments tarifaires. Le tout en sachant que ce nombre d&rsquo;accouchements est tr\u00e8s inf\u00e9rieur au seuil constituant le point d&rsquo;\u00e9quilibre budg\u00e9taire, puisqu&rsquo;il est de 1200 accouchements par an.<\/p>\n<p>Labellis\u00e9e \u00ab\u00a0Amie des b\u00e9b\u00e9s\u00a0\u00bb depuis 2018, la maternit\u00e9 de Saint-Di\u00e9-des-Vosges a \u00e9t\u00e9 la premi\u00e8re de Lorraine \u00e0 d\u00e9crocher ce label, qui a \u00e9t\u00e9 lanc\u00e9 en 1991 par l&rsquo;Organisation Mondiale de Sant\u00e9 \u2013 OMS \u2013 et l&rsquo;Unicef. Le label \u00ab\u00a0Amie des b\u00e9b\u00e9s\u00a0\u00bb implique notamment la protection, l&rsquo;encouragement et le soutien de l&rsquo;allaitement maternel est prot\u00e9g\u00e9, en coh\u00e9rence avec les recommandations de sant\u00e9 publique. C&rsquo;est \u00e9galement un soutien pour que chaque maman puisse faire un choix \u00e9clair\u00e9 sur l&rsquo;alimentation de son nouveau-n\u00e9, sans influence des messages publicitaires.<\/p>\n<p>Au Centre Hospitalier de Saint-Di\u00e9-des-Vosges, 52 professionnelles (sages-femmes, infirmi\u00e8res, pu\u00e9ricultrices, auxiliaires pu\u00e9ricultrices) et 10 praticiens exercent au sein du p\u00f4le femme-enfant du Centre Hospitalier de Saint-Di\u00e9-des-Vosges, qui regroupe les services de gyn\u00e9cologie, de p\u00e9diatrie et la maternit\u00e9.<\/p>\n<p>J.J.<\/p>\n","protected":false},"excerpt":{"rendered":"<p>Comme annonc\u00e9 ce mercredi, la maternit\u00e9 de Saint-Di\u00e9-des-Vosges a r\u00e9cemment \u00e9t\u00e9 reconnue \u00ab\u00a0maternit\u00e9 isol\u00e9e\u00a0\u00bb, puisqu&rsquo;elle est d\u00e9sormais \u00e9ligible au Forfait [&hellip;]<\/p>\n","protected":false},"author":44,"featured_media":62769,"comment_status":"open","ping_status":"open","sticky":false,"template":"","format":"standard","meta":{"footnotes":""},"categories":[460,2915,4152,13],"tags":[3056,13897,6555],"class_list":["post-62768","post","type-post","status-publish","format-standard","has-post-thumbnail","hentry","category-a-la-une","category-saint-die-son-canton","category-sante","category-societe","tag-centre-hospitalier-de-saint-die-des-vosges","tag-forfait-activite-isolee","tag-maternite-de-saint-die-des-vosges"],"acf":[],"yoast_head":"<!-- This site is optimized with the Yoast SEO plugin v22.5 - https:\/\/yoast.com\/wordpress\/plugins\/seo\/ -->\n<title>La maternit\u00e9 de Saint-Di\u00e9-des-Vosges b\u00e9n\u00e9ficie d\u00e9sormais du Forfait Activit\u00e9 Isol\u00e9e - Saint Die Info<\/title>\n<meta name=\"robots\" content=\"index, follow, max-snippet:-1, max-image-preview:large, max-video-preview:-1\" \/>\n<link rel=\"canonical\" href=\"https:\/\/vosgesinfo.fr\/saintdieinfo\/2023\/03\/maternite-de-saint-die-vosges-beneficie-desormais-forfait-activite-isolee\/\" \/>\n<meta name=\"twitter:card\" content=\"summary_large_image\" \/>\n<meta name=\"twitter:title\" content=\"La maternit\u00e9 de Saint-Di\u00e9-des-Vosges b\u00e9n\u00e9ficie d\u00e9sormais du Forfait Activit\u00e9 Isol\u00e9e - Saint Die Info\" \/>\n<meta name=\"twitter:description\" content=\"Comme annonc\u00e9 ce mercredi, la maternit\u00e9 de Saint-Di\u00e9-des-Vosges a r\u00e9cemment \u00e9t\u00e9 reconnue \u00ab\u00a0maternit\u00e9 isol\u00e9e\u00a0\u00bb, puisqu&rsquo;elle est d\u00e9sormais \u00e9ligible au Forfait [&hellip;]\" \/>\n<meta name=\"twitter:image\" content=\"https:\/\/vosgesinfo.fr\/app\/uploads\/sites\/4\/2024\/08\/202303forfait-maternite-isolee-sddv-2.jpg\" \/>\n<meta name=\"twitter:creator\" content=\"@VosgesInfo88\" \/>\n<meta name=\"twitter:site\" content=\"@VosgesInfo88\" \/>\n<meta name=\"twitter:label1\" content=\"\u00c9crit par\" \/>\n\t<meta name=\"twitter:data1\" content=\"la r\u00e9daction\" \/>\n\t<meta name=\"twitter:label2\" content=\"Dur\u00e9e de lecture estim\u00e9e\" \/>\n\t<meta name=\"twitter:data2\" content=\"2 minutes\" \/>\n<script type=\"application\/ld+json\" class=\"yoast-schema-graph\">{\"@context\":\"https:\/\/schema.org\",\"@graph\":[{\"@type\":\"Article\",\"@id\":\"https:\/\/vosgesinfo.fr\/saintdieinfo\/2023\/03\/maternite-de-saint-die-vosges-beneficie-desormais-forfait-activite-isolee\/#article\",\"isPartOf\":{\"@id\":\"https:\/\/vosgesinfo.fr\/saintdieinfo\/2023\/03\/maternite-de-saint-die-vosges-beneficie-desormais-forfait-activite-isolee\/\"},\"author\":{\"name\":\"la r\u00e9daction\",\"@id\":\"https:\/\/vosgesinfo.fr\/saintdieinfo\/#\/schema\/person\/faee6704a21f3977511db84bd1cd450f\"},\"headline\":\"La maternit\u00e9 de Saint-Di\u00e9-des-Vosges b\u00e9n\u00e9ficie d\u00e9sormais du Forfait Activit\u00e9 Isol\u00e9e\",\"datePublished\":\"2023-03-03T14:29:41+00:00\",\"dateModified\":\"2023-03-03T14:29:41+00:00\",\"mainEntityOfPage\":{\"@id\":\"https:\/\/vosgesinfo.fr\/saintdieinfo\/2023\/03\/maternite-de-saint-die-vosges-beneficie-desormais-forfait-activite-isolee\/\"},\"wordCount\":528,\"commentCount\":0,\"publisher\":{\"@id\":\"https:\/\/vosgesinfo.fr\/saintdieinfo\/#organization\"},\"image\":{\"@id\":\"https:\/\/vosgesinfo.fr\/saintdieinfo\/2023\/03\/maternite-de-saint-die-vosges-beneficie-desormais-forfait-activite-isolee\/#primaryimage\"},\"thumbnailUrl\":\"https:\/\/vosgesinfo.fr\/app\/uploads\/sites\/4\/2024\/08\/202303forfait-maternite-isolee-sddv-2.jpg\",\"keywords\":[\"Centre Hospitalier de Saint-Di\u00e9-des-Vosges\",\"Forfait Activit\u00e9 Isol\u00e9e\",\"Maternit\u00e9 de Saint-Di\u00e9-des-Vosges\"],\"articleSection\":[\"A la Une\",\"Saint-Di\u00e9-des-Vosges et son Agglom\u00e9ration\",\"Sant\u00e9\",\"Soci\u00e9t\u00e9\"],\"inLanguage\":\"fr-FR\",\"potentialAction\":[{\"@type\":\"CommentAction\",\"name\":\"Comment\",\"target\":[\"https:\/\/vosgesinfo.fr\/saintdieinfo\/2023\/03\/maternite-de-saint-die-vosges-beneficie-desormais-forfait-activite-isolee\/#respond\"]}]},{\"@type\":\"WebPage\",\"@id\":\"https:\/\/vosgesinfo.fr\/saintdieinfo\/2023\/03\/maternite-de-saint-die-vosges-beneficie-desormais-forfait-activite-isolee\/\",\"url\":\"https:\/\/vosgesinfo.fr\/saintdieinfo\/2023\/03\/maternite-de-saint-die-vosges-beneficie-desormais-forfait-activite-isolee\/\",\"name\":\"La maternit\u00e9 de Saint-Di\u00e9-des-Vosges b\u00e9n\u00e9ficie d\u00e9sormais du Forfait Activit\u00e9 Isol\u00e9e - Saint Die Info\",\"isPartOf\":{\"@id\":\"https:\/\/vosgesinfo.fr\/saintdieinfo\/#website\"},\"primaryImageOfPage\":{\"@id\":\"https:\/\/vosgesinfo.fr\/saintdieinfo\/2023\/03\/maternite-de-saint-die-vosges-beneficie-desormais-forfait-activite-isolee\/#primaryimage\"},\"image\":{\"@id\":\"https:\/\/vosgesinfo.fr\/saintdieinfo\/2023\/03\/maternite-de-saint-die-vosges-beneficie-desormais-forfait-activite-isolee\/#primaryimage\"},\"thumbnailUrl\":\"https:\/\/vosgesinfo.fr\/app\/uploads\/sites\/4\/2024\/08\/202303forfait-maternite-isolee-sddv-2.jpg\",\"datePublished\":\"2023-03-03T14:29:41+00:00\",\"dateModified\":\"2023-03-03T14:29:41+00:00\",\"breadcrumb\":{\"@id\":\"https:\/\/vosgesinfo.fr\/saintdieinfo\/2023\/03\/maternite-de-saint-die-vosges-beneficie-desormais-forfait-activite-isolee\/#breadcrumb\"},\"inLanguage\":\"fr-FR\",\"potentialAction\":[{\"@type\":\"ReadAction\",\"target\":[\"https:\/\/vosgesinfo.fr\/saintdieinfo\/2023\/03\/maternite-de-saint-die-vosges-beneficie-desormais-forfait-activite-isolee\/\"]}]},{\"@type\":\"ImageObject\",\"inLanguage\":\"fr-FR\",\"@id\":\"https:\/\/vosgesinfo.fr\/saintdieinfo\/2023\/03\/maternite-de-saint-die-vosges-beneficie-desormais-forfait-activite-isolee\/#primaryimage\",\"url\":\"https:\/\/vosgesinfo.fr\/app\/uploads\/sites\/4\/2024\/08\/202303forfait-maternite-isolee-sddv-2.jpg\",\"contentUrl\":\"https:\/\/vosgesinfo.fr\/app\/uploads\/sites\/4\/2024\/08\/202303forfait-maternite-isolee-sddv-2.jpg\",\"width\":1600,\"height\":1200},{\"@type\":\"BreadcrumbList\",\"@id\":\"https:\/\/vosgesinfo.fr\/saintdieinfo\/2023\/03\/maternite-de-saint-die-vosges-beneficie-desormais-forfait-activite-isolee\/#breadcrumb\",\"itemListElement\":[{\"@type\":\"ListItem\",\"position\":1,\"name\":\"Home\",\"item\":\"https:\/\/vosgesinfo.fr\/saintdieinfo\/\"},{\"@type\":\"ListItem\",\"position\":2,\"name\":\"La maternit\u00e9 de Saint-Di\u00e9-des-Vosges b\u00e9n\u00e9ficie d\u00e9sormais du Forfait Activit\u00e9 Isol\u00e9e\"}]},{\"@type\":\"WebSite\",\"@id\":\"https:\/\/vosgesinfo.fr\/saintdieinfo\/#website\",\"url\":\"https:\/\/vosgesinfo.fr\/saintdieinfo\/\",\"name\":\"Saint Die Info\",\"description\":\"Toute l&#039;actualit\u00e9 de Saint-Di\u00e9-Des-Vosges\",\"publisher\":{\"@id\":\"https:\/\/vosgesinfo.fr\/saintdieinfo\/#organization\"},\"alternateName\":\"Toute l'actualit\u00e9 de Saint-Di\u00e9-Des-Vosges\",\"potentialAction\":[{\"@type\":\"SearchAction\",\"target\":{\"@type\":\"EntryPoint\",\"urlTemplate\":\"https:\/\/vosgesinfo.fr\/saintdieinfo\/?s={search_term_string}\"},\"query-input\":\"required name=search_term_string\"}],\"inLanguage\":\"fr-FR\"},{\"@type\":\"Organization\",\"@id\":\"https:\/\/vosgesinfo.fr\/saintdieinfo\/#organization\",\"name\":\"Saint Die Info\",\"url\":\"https:\/\/vosgesinfo.fr\/saintdieinfo\/\",\"logo\":{\"@type\":\"ImageObject\",\"inLanguage\":\"fr-FR\",\"@id\":\"https:\/\/vosgesinfo.fr\/saintdieinfo\/#\/schema\/logo\/image\/\",\"url\":\"https:\/\/vosgesinfo.fr\/app\/uploads\/sites\/4\/2024\/02\/logo-sdi.jpg\",\"contentUrl\":\"https:\/\/vosgesinfo.fr\/app\/uploads\/sites\/4\/2024\/02\/logo-sdi.jpg\",\"width\":600,\"height\":600,\"caption\":\"Saint Die Info\"},\"image\":{\"@id\":\"https:\/\/vosgesinfo.fr\/saintdieinfo\/#\/schema\/logo\/image\/\"},\"sameAs\":[\"https:\/\/www.facebook.com\/Saintdieinfofr\",\"https:\/\/x.com\/VosgesInfo88\",\"https:\/\/www.youtube.com\/@vosgesinfo\"]},{\"@type\":\"Person\",\"@id\":\"https:\/\/vosgesinfo.fr\/saintdieinfo\/#\/schema\/person\/faee6704a21f3977511db84bd1cd450f\",\"name\":\"la r\u00e9daction\",\"image\":{\"@type\":\"ImageObject\",\"inLanguage\":\"fr-FR\",\"@id\":\"https:\/\/vosgesinfo.fr\/saintdieinfo\/#\/schema\/person\/image\/\",\"url\":\"https:\/\/secure.gravatar.com\/avatar\/6673d8bc6a9c17fa9a453eaa3448de834fa308c2ec9635b7aa99441a7c8d2cf6?s=96&d=mm&r=g\",\"contentUrl\":\"https:\/\/secure.gravatar.com\/avatar\/6673d8bc6a9c17fa9a453eaa3448de834fa308c2ec9635b7aa99441a7c8d2cf6?s=96&d=mm&r=g\",\"caption\":\"la r\u00e9daction\"},\"url\":\"https:\/\/vosgesinfo.fr\/saintdieinfo\/author\/redac\/\"}]}<\/script>\n<!-- \/ Yoast SEO plugin. -->","yoast_head_json":{"title":"La maternit\u00e9 de Saint-Di\u00e9-des-Vosges b\u00e9n\u00e9ficie d\u00e9sormais du Forfait Activit\u00e9 Isol\u00e9e - Saint Die Info","robots":{"index":"index","follow":"follow","max-snippet":"max-snippet:-1","max-image-preview":"max-image-preview:large","max-video-preview":"max-video-preview:-1"},"canonical":"https:\/\/vosgesinfo.fr\/saintdieinfo\/2023\/03\/maternite-de-saint-die-vosges-beneficie-desormais-forfait-activite-isolee\/","twitter_card":"summary_large_image","twitter_title":"La maternit\u00e9 de Saint-Di\u00e9-des-Vosges b\u00e9n\u00e9ficie d\u00e9sormais du Forfait Activit\u00e9 Isol\u00e9e - Saint Die Info","twitter_description":"Comme annonc\u00e9 ce mercredi, la maternit\u00e9 de Saint-Di\u00e9-des-Vosges a r\u00e9cemment \u00e9t\u00e9 reconnue \u00ab\u00a0maternit\u00e9 isol\u00e9e\u00a0\u00bb, puisqu&rsquo;elle est d\u00e9sormais \u00e9ligible au Forfait [&hellip;]","twitter_image":"https:\/\/vosgesinfo.fr\/app\/uploads\/sites\/4\/2024\/08\/202303forfait-maternite-isolee-sddv-2.jpg","twitter_creator":"@VosgesInfo88","twitter_site":"@VosgesInfo88","twitter_misc":{"\u00c9crit par":"la r\u00e9daction","Dur\u00e9e de lecture estim\u00e9e":"2 minutes"},"schema":{"@context":"https:\/\/schema.org","@graph":[{"@type":"Article","@id":"https:\/\/vosgesinfo.fr\/saintdieinfo\/2023\/03\/maternite-de-saint-die-vosges-beneficie-desormais-forfait-activite-isolee\/#article","isPartOf":{"@id":"https:\/\/vosgesinfo.fr\/saintdieinfo\/2023\/03\/maternite-de-saint-die-vosges-beneficie-desormais-forfait-activite-isolee\/"},"author":{"name":"la r\u00e9daction","@id":"https:\/\/vosgesinfo.fr\/saintdieinfo\/#\/schema\/person\/faee6704a21f3977511db84bd1cd450f"},"headline":"La maternit\u00e9 de Saint-Di\u00e9-des-Vosges b\u00e9n\u00e9ficie d\u00e9sormais du Forfait Activit\u00e9 Isol\u00e9e","datePublished":"2023-03-03T14:29:41+00:00","dateModified":"2023-03-03T14:29:41+00:00","mainEntityOfPage":{"@id":"https:\/\/vosgesinfo.fr\/saintdieinfo\/2023\/03\/maternite-de-saint-die-vosges-beneficie-desormais-forfait-activite-isolee\/"},"wordCount":528,"commentCount":0,"publisher":{"@id":"https:\/\/vosgesinfo.fr\/saintdieinfo\/#organization"},"image":{"@id":"https:\/\/vosgesinfo.fr\/saintdieinfo\/2023\/03\/maternite-de-saint-die-vosges-beneficie-desormais-forfait-activite-isolee\/#primaryimage"},"thumbnailUrl":"https:\/\/vosgesinfo.fr\/app\/uploads\/sites\/4\/2024\/08\/202303forfait-maternite-isolee-sddv-2.jpg","keywords":["Centre Hospitalier de Saint-Di\u00e9-des-Vosges","Forfait Activit\u00e9 Isol\u00e9e","Maternit\u00e9 de Saint-Di\u00e9-des-Vosges"],"articleSection":["A la Une","Saint-Di\u00e9-des-Vosges et son Agglom\u00e9ration","Sant\u00e9","Soci\u00e9t\u00e9"],"inLanguage":"fr-FR","potentialAction":[{"@type":"CommentAction","name":"Comment","target":["https:\/\/vosgesinfo.fr\/saintdieinfo\/2023\/03\/maternite-de-saint-die-vosges-beneficie-desormais-forfait-activite-isolee\/#respond"]}]},{"@type":"WebPage","@id":"https:\/\/vosgesinfo.fr\/saintdieinfo\/2023\/03\/maternite-de-saint-die-vosges-beneficie-desormais-forfait-activite-isolee\/","url":"https:\/\/vosgesinfo.fr\/saintdieinfo\/2023\/03\/maternite-de-saint-die-vosges-beneficie-desormais-forfait-activite-isolee\/","name":"La maternit\u00e9 de Saint-Di\u00e9-des-Vosges b\u00e9n\u00e9ficie d\u00e9sormais du Forfait Activit\u00e9 Isol\u00e9e - Saint Die Info","isPartOf":{"@id":"https:\/\/vosgesinfo.fr\/saintdieinfo\/#website"},"primaryImageOfPage":{"@id":"https:\/\/vosgesinfo.fr\/saintdieinfo\/2023\/03\/maternite-de-saint-die-vosges-beneficie-desormais-forfait-activite-isolee\/#primaryimage"},"image":{"@id":"https:\/\/vosgesinfo.fr\/saintdieinfo\/2023\/03\/maternite-de-saint-die-vosges-beneficie-desormais-forfait-activite-isolee\/#primaryimage"},"thumbnailUrl":"https:\/\/vosgesinfo.fr\/app\/uploads\/sites\/4\/2024\/08\/202303forfait-maternite-isolee-sddv-2.jpg","datePublished":"2023-03-03T14:29:41+00:00","dateModified":"2023-03-03T14:29:41+00:00","breadcrumb":{"@id":"https:\/\/vosgesinfo.fr\/saintdieinfo\/2023\/03\/maternite-de-saint-die-vosges-beneficie-desormais-forfait-activite-isolee\/#breadcrumb"},"inLanguage":"fr-FR","potentialAction":[{"@type":"ReadAction","target":["https:\/\/vosgesinfo.fr\/saintdieinfo\/2023\/03\/maternite-de-saint-die-vosges-beneficie-desormais-forfait-activite-isolee\/"]}]},{"@type":"ImageObject","inLanguage":"fr-FR","@id":"https:\/\/vosgesinfo.fr\/saintdieinfo\/2023\/03\/maternite-de-saint-die-vosges-beneficie-desormais-forfait-activite-isolee\/#primaryimage","url":"https:\/\/vosgesinfo.fr\/app\/uploads\/sites\/4\/2024\/08\/202303forfait-maternite-isolee-sddv-2.jpg","contentUrl":"https:\/\/vosgesinfo.fr\/app\/uploads\/sites\/4\/2024\/08\/202303forfait-maternite-isolee-sddv-2.jpg","width":1600,"height":1200},{"@type":"BreadcrumbList","@id":"https:\/\/vosgesinfo.fr\/saintdieinfo\/2023\/03\/maternite-de-saint-die-vosges-beneficie-desormais-forfait-activite-isolee\/#breadcrumb","itemListElement":[{"@type":"ListItem","position":1,"name":"Home","item":"https:\/\/vosgesinfo.fr\/saintdieinfo\/"},{"@type":"ListItem","position":2,"name":"La maternit\u00e9 de Saint-Di\u00e9-des-Vosges b\u00e9n\u00e9ficie d\u00e9sormais du Forfait Activit\u00e9 Isol\u00e9e"}]},{"@type":"WebSite","@id":"https:\/\/vosgesinfo.fr\/saintdieinfo\/#website","url":"https:\/\/vosgesinfo.fr\/saintdieinfo\/","name":"Saint Die Info","description":"Toute l&#039;actualit\u00e9 de Saint-Di\u00e9-Des-Vosges","publisher":{"@id":"https:\/\/vosgesinfo.fr\/saintdieinfo\/#organization"},"alternateName":"Toute l'actualit\u00e9 de Saint-Di\u00e9-Des-Vosges","potentialAction":[{"@type":"SearchAction","target":{"@type":"EntryPoint","urlTemplate":"https:\/\/vosgesinfo.fr\/saintdieinfo\/?s={search_term_string}"},"query-input":"required name=search_term_string"}],"inLanguage":"fr-FR"},{"@type":"Organization","@id":"https:\/\/vosgesinfo.fr\/saintdieinfo\/#organization","name":"Saint Die Info","url":"https:\/\/vosgesinfo.fr\/saintdieinfo\/","logo":{"@type":"ImageObject","inLanguage":"fr-FR","@id":"https:\/\/vosgesinfo.fr\/saintdieinfo\/#\/schema\/logo\/image\/","url":"https:\/\/vosgesinfo.fr\/app\/uploads\/sites\/4\/2024\/02\/logo-sdi.jpg","contentUrl":"https:\/\/vosgesinfo.fr\/app\/uploads\/sites\/4\/2024\/02\/logo-sdi.jpg","width":600,"height":600,"caption":"Saint Die Info"},"image":{"@id":"https:\/\/vosgesinfo.fr\/saintdieinfo\/#\/schema\/logo\/image\/"},"sameAs":["https:\/\/www.facebook.com\/Saintdieinfofr","https:\/\/x.com\/VosgesInfo88","https:\/\/www.youtube.com\/@vosgesinfo"]},{"@type":"Person","@id":"https:\/\/vosgesinfo.fr\/saintdieinfo\/#\/schema\/person\/faee6704a21f3977511db84bd1cd450f","name":"la r\u00e9daction","image":{"@type":"ImageObject","inLanguage":"fr-FR","@id":"https:\/\/vosgesinfo.fr\/saintdieinfo\/#\/schema\/person\/image\/","url":"https:\/\/secure.gravatar.com\/avatar\/6673d8bc6a9c17fa9a453eaa3448de834fa308c2ec9635b7aa99441a7c8d2cf6?s=96&d=mm&r=g","contentUrl":"https:\/\/secure.gravatar.com\/avatar\/6673d8bc6a9c17fa9a453eaa3448de834fa308c2ec9635b7aa99441a7c8d2cf6?s=96&d=mm&r=g","caption":"la r\u00e9daction"},"url":"https:\/\/vosgesinfo.fr\/saintdieinfo\/author\/redac\/"}]}},"_links":{"self":[{"href":"https:\/\/vosgesinfo.fr\/saintdieinfo\/wp-json\/wp\/v2\/posts\/62768","targetHints":{"allow":["GET"]}}],"collection":[{"href":"https:\/\/vosgesinfo.fr\/saintdieinfo\/wp-json\/wp\/v2\/posts"}],"about":[{"href":"https:\/\/vosgesinfo.fr\/saintdieinfo\/wp-json\/wp\/v2\/types\/post"}],"author":[{"embeddable":true,"href":"https:\/\/vosgesinfo.fr\/saintdieinfo\/wp-json\/wp\/v2\/users\/44"}],"replies":[{"embeddable":true,"href":"https:\/\/vosgesinfo.fr\/saintdieinfo\/wp-json\/wp\/v2\/comments?post=62768"}],"version-history":[{"count":0,"href":"https:\/\/vosgesinfo.fr\/saintdieinfo\/wp-json\/wp\/v2\/posts\/62768\/revisions"}],"wp:featuredmedia":[{"embeddable":true,"href":"https:\/\/vosgesinfo.fr\/saintdieinfo\/wp-json\/wp\/v2\/media\/62769"}],"wp:attachment":[{"href":"https:\/\/vosgesinfo.fr\/saintdieinfo\/wp-json\/wp\/v2\/media?parent=62768"}],"wp:term":[{"taxonomy":"category","embeddable":true,"href":"https:\/\/vosgesinfo.fr\/saintdieinfo\/wp-json\/wp\/v2\/categories?post=62768"},{"taxonomy":"post_tag","embeddable":true,"href":"https:\/\/vosgesinfo.fr\/saintdieinfo\/wp-json\/wp\/v2\/tags?post=62768"}],"curies":[{"name":"wp","href":"https:\/\/api.w.org\/{rel}","templated":true}]}}