{"id":62771,"date":"2023-03-03T16:41:47","date_gmt":"2023-03-03T15:41:47","guid":{"rendered":"https:\/\/vosgesinfo.fr\/saintdieinfo\/2023\/03\/six-grandes-surfaces-de-saint-die-vosges-sainte-marguerite-accueillent-collecte-de-printemps-restos-coeur\/"},"modified":"2023-03-03T16:41:47","modified_gmt":"2023-03-03T15:41:47","slug":"six-grandes-surfaces-de-saint-die-vosges-sainte-marguerite-accueillent-collecte-de-printemps-restos-coeur","status":"publish","type":"post","link":"https:\/\/vosgesinfo.fr\/saintdieinfo\/2023\/03\/six-grandes-surfaces-de-saint-die-vosges-sainte-marguerite-accueillent-collecte-de-printemps-restos-coeur\/","title":{"rendered":"Six grandes surfaces de Saint-Di\u00e9-des-Vosges et Sainte-Marguerite accueillent la collecte de printemps des Restos du Coeur"},"content":{"rendered":"<p><a href=\"\/2023\/03\/Collectes_Restos_du_Coeur.jpg\" target=\"_blank\" rel=\"noopener\"><img decoding=\"async\" class=\"aligncenter wp-image-197789 size-large\" src=\"\/2023\/03\/Collectes_Restos_du_Coeur-1024x771.jpg\" alt=\"Collectes_Restos_du_Coeur\" width=\"960\" height=\"723\" \/><\/a><\/p>\n<h2><strong><span style=\"font-size: 14pt;\">Ces vendredi et samedi, comme chaque ann\u00e9e \u00e0 l&rsquo;arriv\u00e9e du printemps, les b\u00e9n\u00e9voles de l&rsquo;antenne d\u00e9odatienne des Restos du Coeur s&rsquo;installent \u00e0 l&rsquo;entr\u00e9e de grandes surfaces du secteur avec des caddies, afin de r\u00e9colter des denr\u00e9es alimentaires destin\u00e9es aux familles b\u00e9n\u00e9ficiaires de l&rsquo;association solidaire.<\/span><\/strong><\/h2>\n<p><!--more--><\/p>\n<p>En 2023, ce sont 41 b\u00e9n\u00e9voles, dont 4 jeunes femmes ukrainiennes qui ont souhait\u00e9 particip\u00e9 \u00e0 la collecte, qui sont install\u00e9s dans 6 hypermarch\u00e9s et supermarch\u00e9s de Saint-Di\u00e9-des-Vosges et Sainte-Marguerite. Respectivement l&rsquo;hypermarch\u00e9 E.Leclerc de la zone Hellieule 2, l&rsquo;hypermarch\u00e9 Cora de Sainte-Marguerite, les 2 LIDL de Saint-Di\u00e9-des-Vosges, l&rsquo;Intermarch\u00e9 du quartier Kellermann et le Carrefour Market du centre-ville d\u00e9odatien.<\/p>\n<p>En milieu d&rsquo;apr\u00e8s-midi ce vendredi, le responsable de l&rsquo;antenne locale des Restos du Coeur Yves Jacquel s&rsquo;est montr\u00e9 plut\u00f4t satisfait. \u00ab\u00a0La collecte fonctionne bien pour le moment, je pense qu&rsquo;on arrivera \u00e0 r\u00e9colter plus de 2 tonnes de denr\u00e9es. La nouveaut\u00e9 cette ann\u00e9e est que nous sommes \u00e9galement pr\u00e9sents dans les 2 magasins LIDL. L&rsquo;engouement est l\u00e0, mais on sent que la conjoncture est difficile et les gens ont peu de moyens. Il faut que l&rsquo;on mette tout notre c\u0153ur pour les sensibiliser \u00e0 donner.\u00a0\u00bb<\/p>\n<p>La collecte se poursuit demain toute la journ\u00e9e, sachant que les produits les plus utiles sont les produits alimentaires non p\u00e9rissables en petit conditionnement (conserves de l\u00e9gumes, de poisson et de viande,, l\u00e9gumes secs, riz, desserts, conserves de fruits, chocolat, compotes, biscuits, confitures), des produits pour b\u00e9b\u00e9s (produits d&rsquo;hygi\u00e8ne, couches, lait en poudre, petits pots b\u00e9b\u00e9) ainsi que des produits d&rsquo;hygi\u00e8ne (savons, gel douche, shampoing, rasoirs, brosses \u00e0 dents, dentifrice, protections f\u00e9minines)&#8230;<\/p>\n<p>L&rsquo;antenne d\u00e9odatienne recherche toujours des b\u00e9n\u00e9voles qui souhaiteraient donner de leur temps. Les personnes int\u00e9ress\u00e9es peuvent se rendre au local de l&rsquo;association, situ\u00e9 \u00e0 la Maison des Syndicats au 4 rue du G\u00e9n\u00e9ral Cherin, chaque lundi apr\u00e8s-midi \u00e0 partir de 14h. L&rsquo;\u00e9quipe des Restos du Coeur a fort \u00e0 faire, avec plus de 300 familles b\u00e9n\u00e9ficiaires et hiver. Ce qui place Saint-Di\u00e9-des-Vosges \u00e0 la 2e place des villes ayant le plus de b\u00e9n\u00e9ficiaires dans les Vosges.<\/p>\n<p>J.J.<\/p>\n","protected":false},"excerpt":{"rendered":"<p>Ces vendredi et samedi, comme chaque ann\u00e9e \u00e0 l&rsquo;arriv\u00e9e du printemps, les b\u00e9n\u00e9voles de l&rsquo;antenne d\u00e9odatienne des Restos du Coeur [&hellip;]<\/p>\n","protected":false},"author":44,"featured_media":62772,"comment_status":"open","ping_status":"open","sticky":false,"template":"","format":"standard","meta":{"footnotes":""},"categories":[460,2915,29,17],"tags":[13919,563],"class_list":["post-62771","post","type-post","status-publish","format-standard","has-post-thumbnail","hentry","category-a-la-une","category-saint-die-son-canton","category-solidarite","category-vie-associative","tag-collecte-de-printemps-des-restos-du-coeur","tag-restos-du-coeur"],"acf":[],"yoast_head":"<!-- This site is optimized with the Yoast SEO plugin v22.5 - https:\/\/yoast.com\/wordpress\/plugins\/seo\/ -->\n<title>Six grandes surfaces de Saint-Di\u00e9-des-Vosges et Sainte-Marguerite accueillent la collecte de printemps des Restos du Coeur - Saint Die Info<\/title>\n<meta name=\"robots\" content=\"index, follow, max-snippet:-1, max-image-preview:large, max-video-preview:-1\" \/>\n<link rel=\"canonical\" href=\"https:\/\/vosgesinfo.fr\/saintdieinfo\/2023\/03\/six-grandes-surfaces-de-saint-die-vosges-sainte-marguerite-accueillent-collecte-de-printemps-restos-coeur\/\" \/>\n<meta name=\"twitter:card\" content=\"summary_large_image\" \/>\n<meta name=\"twitter:title\" content=\"Six grandes surfaces de Saint-Di\u00e9-des-Vosges et Sainte-Marguerite accueillent la collecte de printemps des Restos du Coeur - Saint Die Info\" \/>\n<meta name=\"twitter:description\" content=\"Ces vendredi et samedi, comme chaque ann\u00e9e \u00e0 l&rsquo;arriv\u00e9e du printemps, les b\u00e9n\u00e9voles de l&rsquo;antenne d\u00e9odatienne des Restos du Coeur [&hellip;]\" \/>\n<meta name=\"twitter:image\" content=\"https:\/\/vosgesinfo.fr\/app\/uploads\/sites\/4\/2024\/08\/202303collectes-restos-du-coeur.jpg\" \/>\n<meta name=\"twitter:creator\" content=\"@VosgesInfo88\" \/>\n<meta name=\"twitter:site\" content=\"@VosgesInfo88\" \/>\n<meta name=\"twitter:label1\" content=\"\u00c9crit par\" \/>\n\t<meta name=\"twitter:data1\" content=\"la r\u00e9daction\" \/>\n\t<meta name=\"twitter:label2\" content=\"Dur\u00e9e de lecture estim\u00e9e\" \/>\n\t<meta name=\"twitter:data2\" content=\"2 minutes\" \/>\n<script type=\"application\/ld+json\" class=\"yoast-schema-graph\">{\"@context\":\"https:\/\/schema.org\",\"@graph\":[{\"@type\":\"Article\",\"@id\":\"https:\/\/vosgesinfo.fr\/saintdieinfo\/2023\/03\/six-grandes-surfaces-de-saint-die-vosges-sainte-marguerite-accueillent-collecte-de-printemps-restos-coeur\/#article\",\"isPartOf\":{\"@id\":\"https:\/\/vosgesinfo.fr\/saintdieinfo\/2023\/03\/six-grandes-surfaces-de-saint-die-vosges-sainte-marguerite-accueillent-collecte-de-printemps-restos-coeur\/\"},\"author\":{\"name\":\"la r\u00e9daction\",\"@id\":\"https:\/\/vosgesinfo.fr\/saintdieinfo\/#\/schema\/person\/faee6704a21f3977511db84bd1cd450f\"},\"headline\":\"Six grandes surfaces de Saint-Di\u00e9-des-Vosges et Sainte-Marguerite accueillent la collecte de printemps des Restos du Coeur\",\"datePublished\":\"2023-03-03T15:41:47+00:00\",\"dateModified\":\"2023-03-03T15:41:47+00:00\",\"mainEntityOfPage\":{\"@id\":\"https:\/\/vosgesinfo.fr\/saintdieinfo\/2023\/03\/six-grandes-surfaces-de-saint-die-vosges-sainte-marguerite-accueillent-collecte-de-printemps-restos-coeur\/\"},\"wordCount\":403,\"commentCount\":0,\"publisher\":{\"@id\":\"https:\/\/vosgesinfo.fr\/saintdieinfo\/#organization\"},\"image\":{\"@id\":\"https:\/\/vosgesinfo.fr\/saintdieinfo\/2023\/03\/six-grandes-surfaces-de-saint-die-vosges-sainte-marguerite-accueillent-collecte-de-printemps-restos-coeur\/#primaryimage\"},\"thumbnailUrl\":\"https:\/\/vosgesinfo.fr\/app\/uploads\/sites\/4\/2024\/08\/202303collectes-restos-du-coeur.jpg\",\"keywords\":[\"Collecte de printemps des Restos du Coeur\",\"Restos du Coeur\"],\"articleSection\":[\"A la Une\",\"Saint-Di\u00e9-des-Vosges et son Agglom\u00e9ration\",\"Solidarit\u00e9\",\"Vie Associative\"],\"inLanguage\":\"fr-FR\",\"potentialAction\":[{\"@type\":\"CommentAction\",\"name\":\"Comment\",\"target\":[\"https:\/\/vosgesinfo.fr\/saintdieinfo\/2023\/03\/six-grandes-surfaces-de-saint-die-vosges-sainte-marguerite-accueillent-collecte-de-printemps-restos-coeur\/#respond\"]}]},{\"@type\":\"WebPage\",\"@id\":\"https:\/\/vosgesinfo.fr\/saintdieinfo\/2023\/03\/six-grandes-surfaces-de-saint-die-vosges-sainte-marguerite-accueillent-collecte-de-printemps-restos-coeur\/\",\"url\":\"https:\/\/vosgesinfo.fr\/saintdieinfo\/2023\/03\/six-grandes-surfaces-de-saint-die-vosges-sainte-marguerite-accueillent-collecte-de-printemps-restos-coeur\/\",\"name\":\"Six grandes surfaces de Saint-Di\u00e9-des-Vosges et Sainte-Marguerite accueillent la collecte de printemps des Restos du Coeur - Saint Die Info\",\"isPartOf\":{\"@id\":\"https:\/\/vosgesinfo.fr\/saintdieinfo\/#website\"},\"primaryImageOfPage\":{\"@id\":\"https:\/\/vosgesinfo.fr\/saintdieinfo\/2023\/03\/six-grandes-surfaces-de-saint-die-vosges-sainte-marguerite-accueillent-collecte-de-printemps-restos-coeur\/#primaryimage\"},\"image\":{\"@id\":\"https:\/\/vosgesinfo.fr\/saintdieinfo\/2023\/03\/six-grandes-surfaces-de-saint-die-vosges-sainte-marguerite-accueillent-collecte-de-printemps-restos-coeur\/#primaryimage\"},\"thumbnailUrl\":\"https:\/\/vosgesinfo.fr\/app\/uploads\/sites\/4\/2024\/08\/202303collectes-restos-du-coeur.jpg\",\"datePublished\":\"2023-03-03T15:41:47+00:00\",\"dateModified\":\"2023-03-03T15:41:47+00:00\",\"breadcrumb\":{\"@id\":\"https:\/\/vosgesinfo.fr\/saintdieinfo\/2023\/03\/six-grandes-surfaces-de-saint-die-vosges-sainte-marguerite-accueillent-collecte-de-printemps-restos-coeur\/#breadcrumb\"},\"inLanguage\":\"fr-FR\",\"potentialAction\":[{\"@type\":\"ReadAction\",\"target\":[\"https:\/\/vosgesinfo.fr\/saintdieinfo\/2023\/03\/six-grandes-surfaces-de-saint-die-vosges-sainte-marguerite-accueillent-collecte-de-printemps-restos-coeur\/\"]}]},{\"@type\":\"ImageObject\",\"inLanguage\":\"fr-FR\",\"@id\":\"https:\/\/vosgesinfo.fr\/saintdieinfo\/2023\/03\/six-grandes-surfaces-de-saint-die-vosges-sainte-marguerite-accueillent-collecte-de-printemps-restos-coeur\/#primaryimage\",\"url\":\"https:\/\/vosgesinfo.fr\/app\/uploads\/sites\/4\/2024\/08\/202303collectes-restos-du-coeur.jpg\",\"contentUrl\":\"https:\/\/vosgesinfo.fr\/app\/uploads\/sites\/4\/2024\/08\/202303collectes-restos-du-coeur.jpg\",\"width\":1600,\"height\":1205},{\"@type\":\"BreadcrumbList\",\"@id\":\"https:\/\/vosgesinfo.fr\/saintdieinfo\/2023\/03\/six-grandes-surfaces-de-saint-die-vosges-sainte-marguerite-accueillent-collecte-de-printemps-restos-coeur\/#breadcrumb\",\"itemListElement\":[{\"@type\":\"ListItem\",\"position\":1,\"name\":\"Home\",\"item\":\"https:\/\/vosgesinfo.fr\/saintdieinfo\/\"},{\"@type\":\"ListItem\",\"position\":2,\"name\":\"Six grandes surfaces de Saint-Di\u00e9-des-Vosges et Sainte-Marguerite accueillent la collecte de printemps des Restos du Coeur\"}]},{\"@type\":\"WebSite\",\"@id\":\"https:\/\/vosgesinfo.fr\/saintdieinfo\/#website\",\"url\":\"https:\/\/vosgesinfo.fr\/saintdieinfo\/\",\"name\":\"Saint Die Info\",\"description\":\"Toute l&#039;actualit\u00e9 de Saint-Di\u00e9-Des-Vosges\",\"publisher\":{\"@id\":\"https:\/\/vosgesinfo.fr\/saintdieinfo\/#organization\"},\"alternateName\":\"Toute l'actualit\u00e9 de Saint-Di\u00e9-Des-Vosges\",\"potentialAction\":[{\"@type\":\"SearchAction\",\"target\":{\"@type\":\"EntryPoint\",\"urlTemplate\":\"https:\/\/vosgesinfo.fr\/saintdieinfo\/?s={search_term_string}\"},\"query-input\":\"required name=search_term_string\"}],\"inLanguage\":\"fr-FR\"},{\"@type\":\"Organization\",\"@id\":\"https:\/\/vosgesinfo.fr\/saintdieinfo\/#organization\",\"name\":\"Saint Die Info\",\"url\":\"https:\/\/vosgesinfo.fr\/saintdieinfo\/\",\"logo\":{\"@type\":\"ImageObject\",\"inLanguage\":\"fr-FR\",\"@id\":\"https:\/\/vosgesinfo.fr\/saintdieinfo\/#\/schema\/logo\/image\/\",\"url\":\"https:\/\/vosgesinfo.fr\/app\/uploads\/sites\/4\/2024\/02\/logo-sdi.jpg\",\"contentUrl\":\"https:\/\/vosgesinfo.fr\/app\/uploads\/sites\/4\/2024\/02\/logo-sdi.jpg\",\"width\":600,\"height\":600,\"caption\":\"Saint Die Info\"},\"image\":{\"@id\":\"https:\/\/vosgesinfo.fr\/saintdieinfo\/#\/schema\/logo\/image\/\"},\"sameAs\":[\"https:\/\/www.facebook.com\/Saintdieinfofr\",\"https:\/\/x.com\/VosgesInfo88\",\"https:\/\/www.youtube.com\/@vosgesinfo\"]},{\"@type\":\"Person\",\"@id\":\"https:\/\/vosgesinfo.fr\/saintdieinfo\/#\/schema\/person\/faee6704a21f3977511db84bd1cd450f\",\"name\":\"la r\u00e9daction\",\"image\":{\"@type\":\"ImageObject\",\"inLanguage\":\"fr-FR\",\"@id\":\"https:\/\/vosgesinfo.fr\/saintdieinfo\/#\/schema\/person\/image\/\",\"url\":\"https:\/\/secure.gravatar.com\/avatar\/6673d8bc6a9c17fa9a453eaa3448de834fa308c2ec9635b7aa99441a7c8d2cf6?s=96&d=mm&r=g\",\"contentUrl\":\"https:\/\/secure.gravatar.com\/avatar\/6673d8bc6a9c17fa9a453eaa3448de834fa308c2ec9635b7aa99441a7c8d2cf6?s=96&d=mm&r=g\",\"caption\":\"la r\u00e9daction\"},\"url\":\"https:\/\/vosgesinfo.fr\/saintdieinfo\/author\/redac\/\"}]}<\/script>\n<!-- \/ Yoast SEO plugin. -->","yoast_head_json":{"title":"Six grandes surfaces de Saint-Di\u00e9-des-Vosges et Sainte-Marguerite accueillent la collecte de printemps des Restos du Coeur - Saint Die Info","robots":{"index":"index","follow":"follow","max-snippet":"max-snippet:-1","max-image-preview":"max-image-preview:large","max-video-preview":"max-video-preview:-1"},"canonical":"https:\/\/vosgesinfo.fr\/saintdieinfo\/2023\/03\/six-grandes-surfaces-de-saint-die-vosges-sainte-marguerite-accueillent-collecte-de-printemps-restos-coeur\/","twitter_card":"summary_large_image","twitter_title":"Six grandes surfaces de Saint-Di\u00e9-des-Vosges et Sainte-Marguerite accueillent la collecte de printemps des Restos du Coeur - Saint Die Info","twitter_description":"Ces vendredi et samedi, comme chaque ann\u00e9e \u00e0 l&rsquo;arriv\u00e9e du printemps, les b\u00e9n\u00e9voles de l&rsquo;antenne d\u00e9odatienne des Restos du Coeur [&hellip;]","twitter_image":"https:\/\/vosgesinfo.fr\/app\/uploads\/sites\/4\/2024\/08\/202303collectes-restos-du-coeur.jpg","twitter_creator":"@VosgesInfo88","twitter_site":"@VosgesInfo88","twitter_misc":{"\u00c9crit par":"la r\u00e9daction","Dur\u00e9e de lecture estim\u00e9e":"2 minutes"},"schema":{"@context":"https:\/\/schema.org","@graph":[{"@type":"Article","@id":"https:\/\/vosgesinfo.fr\/saintdieinfo\/2023\/03\/six-grandes-surfaces-de-saint-die-vosges-sainte-marguerite-accueillent-collecte-de-printemps-restos-coeur\/#article","isPartOf":{"@id":"https:\/\/vosgesinfo.fr\/saintdieinfo\/2023\/03\/six-grandes-surfaces-de-saint-die-vosges-sainte-marguerite-accueillent-collecte-de-printemps-restos-coeur\/"},"author":{"name":"la r\u00e9daction","@id":"https:\/\/vosgesinfo.fr\/saintdieinfo\/#\/schema\/person\/faee6704a21f3977511db84bd1cd450f"},"headline":"Six grandes surfaces de Saint-Di\u00e9-des-Vosges et Sainte-Marguerite accueillent la collecte de printemps des Restos du Coeur","datePublished":"2023-03-03T15:41:47+00:00","dateModified":"2023-03-03T15:41:47+00:00","mainEntityOfPage":{"@id":"https:\/\/vosgesinfo.fr\/saintdieinfo\/2023\/03\/six-grandes-surfaces-de-saint-die-vosges-sainte-marguerite-accueillent-collecte-de-printemps-restos-coeur\/"},"wordCount":403,"commentCount":0,"publisher":{"@id":"https:\/\/vosgesinfo.fr\/saintdieinfo\/#organization"},"image":{"@id":"https:\/\/vosgesinfo.fr\/saintdieinfo\/2023\/03\/six-grandes-surfaces-de-saint-die-vosges-sainte-marguerite-accueillent-collecte-de-printemps-restos-coeur\/#primaryimage"},"thumbnailUrl":"https:\/\/vosgesinfo.fr\/app\/uploads\/sites\/4\/2024\/08\/202303collectes-restos-du-coeur.jpg","keywords":["Collecte de printemps des Restos du Coeur","Restos du Coeur"],"articleSection":["A la Une","Saint-Di\u00e9-des-Vosges et son Agglom\u00e9ration","Solidarit\u00e9","Vie Associative"],"inLanguage":"fr-FR","potentialAction":[{"@type":"CommentAction","name":"Comment","target":["https:\/\/vosgesinfo.fr\/saintdieinfo\/2023\/03\/six-grandes-surfaces-de-saint-die-vosges-sainte-marguerite-accueillent-collecte-de-printemps-restos-coeur\/#respond"]}]},{"@type":"WebPage","@id":"https:\/\/vosgesinfo.fr\/saintdieinfo\/2023\/03\/six-grandes-surfaces-de-saint-die-vosges-sainte-marguerite-accueillent-collecte-de-printemps-restos-coeur\/","url":"https:\/\/vosgesinfo.fr\/saintdieinfo\/2023\/03\/six-grandes-surfaces-de-saint-die-vosges-sainte-marguerite-accueillent-collecte-de-printemps-restos-coeur\/","name":"Six grandes surfaces de Saint-Di\u00e9-des-Vosges et Sainte-Marguerite accueillent la collecte de printemps des Restos du Coeur - Saint Die Info","isPartOf":{"@id":"https:\/\/vosgesinfo.fr\/saintdieinfo\/#website"},"primaryImageOfPage":{"@id":"https:\/\/vosgesinfo.fr\/saintdieinfo\/2023\/03\/six-grandes-surfaces-de-saint-die-vosges-sainte-marguerite-accueillent-collecte-de-printemps-restos-coeur\/#primaryimage"},"image":{"@id":"https:\/\/vosgesinfo.fr\/saintdieinfo\/2023\/03\/six-grandes-surfaces-de-saint-die-vosges-sainte-marguerite-accueillent-collecte-de-printemps-restos-coeur\/#primaryimage"},"thumbnailUrl":"https:\/\/vosgesinfo.fr\/app\/uploads\/sites\/4\/2024\/08\/202303collectes-restos-du-coeur.jpg","datePublished":"2023-03-03T15:41:47+00:00","dateModified":"2023-03-03T15:41:47+00:00","breadcrumb":{"@id":"https:\/\/vosgesinfo.fr\/saintdieinfo\/2023\/03\/six-grandes-surfaces-de-saint-die-vosges-sainte-marguerite-accueillent-collecte-de-printemps-restos-coeur\/#breadcrumb"},"inLanguage":"fr-FR","potentialAction":[{"@type":"ReadAction","target":["https:\/\/vosgesinfo.fr\/saintdieinfo\/2023\/03\/six-grandes-surfaces-de-saint-die-vosges-sainte-marguerite-accueillent-collecte-de-printemps-restos-coeur\/"]}]},{"@type":"ImageObject","inLanguage":"fr-FR","@id":"https:\/\/vosgesinfo.fr\/saintdieinfo\/2023\/03\/six-grandes-surfaces-de-saint-die-vosges-sainte-marguerite-accueillent-collecte-de-printemps-restos-coeur\/#primaryimage","url":"https:\/\/vosgesinfo.fr\/app\/uploads\/sites\/4\/2024\/08\/202303collectes-restos-du-coeur.jpg","contentUrl":"https:\/\/vosgesinfo.fr\/app\/uploads\/sites\/4\/2024\/08\/202303collectes-restos-du-coeur.jpg","width":1600,"height":1205},{"@type":"BreadcrumbList","@id":"https:\/\/vosgesinfo.fr\/saintdieinfo\/2023\/03\/six-grandes-surfaces-de-saint-die-vosges-sainte-marguerite-accueillent-collecte-de-printemps-restos-coeur\/#breadcrumb","itemListElement":[{"@type":"ListItem","position":1,"name":"Home","item":"https:\/\/vosgesinfo.fr\/saintdieinfo\/"},{"@type":"ListItem","position":2,"name":"Six grandes surfaces de Saint-Di\u00e9-des-Vosges et Sainte-Marguerite accueillent la collecte de printemps des Restos du Coeur"}]},{"@type":"WebSite","@id":"https:\/\/vosgesinfo.fr\/saintdieinfo\/#website","url":"https:\/\/vosgesinfo.fr\/saintdieinfo\/","name":"Saint Die Info","description":"Toute l&#039;actualit\u00e9 de Saint-Di\u00e9-Des-Vosges","publisher":{"@id":"https:\/\/vosgesinfo.fr\/saintdieinfo\/#organization"},"alternateName":"Toute l'actualit\u00e9 de Saint-Di\u00e9-Des-Vosges","potentialAction":[{"@type":"SearchAction","target":{"@type":"EntryPoint","urlTemplate":"https:\/\/vosgesinfo.fr\/saintdieinfo\/?s={search_term_string}"},"query-input":"required name=search_term_string"}],"inLanguage":"fr-FR"},{"@type":"Organization","@id":"https:\/\/vosgesinfo.fr\/saintdieinfo\/#organization","name":"Saint Die Info","url":"https:\/\/vosgesinfo.fr\/saintdieinfo\/","logo":{"@type":"ImageObject","inLanguage":"fr-FR","@id":"https:\/\/vosgesinfo.fr\/saintdieinfo\/#\/schema\/logo\/image\/","url":"https:\/\/vosgesinfo.fr\/app\/uploads\/sites\/4\/2024\/02\/logo-sdi.jpg","contentUrl":"https:\/\/vosgesinfo.fr\/app\/uploads\/sites\/4\/2024\/02\/logo-sdi.jpg","width":600,"height":600,"caption":"Saint Die Info"},"image":{"@id":"https:\/\/vosgesinfo.fr\/saintdieinfo\/#\/schema\/logo\/image\/"},"sameAs":["https:\/\/www.facebook.com\/Saintdieinfofr","https:\/\/x.com\/VosgesInfo88","https:\/\/www.youtube.com\/@vosgesinfo"]},{"@type":"Person","@id":"https:\/\/vosgesinfo.fr\/saintdieinfo\/#\/schema\/person\/faee6704a21f3977511db84bd1cd450f","name":"la r\u00e9daction","image":{"@type":"ImageObject","inLanguage":"fr-FR","@id":"https:\/\/vosgesinfo.fr\/saintdieinfo\/#\/schema\/person\/image\/","url":"https:\/\/secure.gravatar.com\/avatar\/6673d8bc6a9c17fa9a453eaa3448de834fa308c2ec9635b7aa99441a7c8d2cf6?s=96&d=mm&r=g","contentUrl":"https:\/\/secure.gravatar.com\/avatar\/6673d8bc6a9c17fa9a453eaa3448de834fa308c2ec9635b7aa99441a7c8d2cf6?s=96&d=mm&r=g","caption":"la r\u00e9daction"},"url":"https:\/\/vosgesinfo.fr\/saintdieinfo\/author\/redac\/"}]}},"_links":{"self":[{"href":"https:\/\/vosgesinfo.fr\/saintdieinfo\/wp-json\/wp\/v2\/posts\/62771","targetHints":{"allow":["GET"]}}],"collection":[{"href":"https:\/\/vosgesinfo.fr\/saintdieinfo\/wp-json\/wp\/v2\/posts"}],"about":[{"href":"https:\/\/vosgesinfo.fr\/saintdieinfo\/wp-json\/wp\/v2\/types\/post"}],"author":[{"embeddable":true,"href":"https:\/\/vosgesinfo.fr\/saintdieinfo\/wp-json\/wp\/v2\/users\/44"}],"replies":[{"embeddable":true,"href":"https:\/\/vosgesinfo.fr\/saintdieinfo\/wp-json\/wp\/v2\/comments?post=62771"}],"version-history":[{"count":0,"href":"https:\/\/vosgesinfo.fr\/saintdieinfo\/wp-json\/wp\/v2\/posts\/62771\/revisions"}],"wp:featuredmedia":[{"embeddable":true,"href":"https:\/\/vosgesinfo.fr\/saintdieinfo\/wp-json\/wp\/v2\/media\/62772"}],"wp:attachment":[{"href":"https:\/\/vosgesinfo.fr\/saintdieinfo\/wp-json\/wp\/v2\/media?parent=62771"}],"wp:term":[{"taxonomy":"category","embeddable":true,"href":"https:\/\/vosgesinfo.fr\/saintdieinfo\/wp-json\/wp\/v2\/categories?post=62771"},{"taxonomy":"post_tag","embeddable":true,"href":"https:\/\/vosgesinfo.fr\/saintdieinfo\/wp-json\/wp\/v2\/tags?post=62771"}],"curies":[{"name":"wp","href":"https:\/\/api.w.org\/{rel}","templated":true}]}}