{"id":62888,"date":"2023-03-07T18:12:13","date_gmt":"2023-03-07T17:12:13","guid":{"rendered":"https:\/\/vosgesinfo.fr\/saintdieinfo\/2023\/03\/inauguration-de-lunite-denseignement-maternelle-enfants-autistes-a-lecole-ferdinand-brunot\/"},"modified":"2023-03-07T18:12:13","modified_gmt":"2023-03-07T17:12:13","slug":"inauguration-de-lunite-denseignement-maternelle-enfants-autistes-a-lecole-ferdinand-brunot","status":"publish","type":"post","link":"https:\/\/vosgesinfo.fr\/saintdieinfo\/2023\/03\/inauguration-de-lunite-denseignement-maternelle-enfants-autistes-a-lecole-ferdinand-brunot\/","title":{"rendered":"Inauguration de l&rsquo;Unit\u00e9 d&rsquo;Enseignement Maternelle pour Enfants Autistes \u00e0 l&rsquo;\u00e9cole Ferdinand-Brunot"},"content":{"rendered":"<p><a href=\"\/2023\/03\/Inauguration_UEMEA_Ferdinant-Brunot-5.jpg\" target=\"_blank\" rel=\"noopener\"><img decoding=\"async\" class=\"aligncenter wp-image-197988 size-large\" src=\"\/2023\/03\/Inauguration_UEMEA_Ferdinant-Brunot-5-1024x771.jpg\" alt=\"Inauguration_UEMEA_Ferdinant-Brunot (5)\" width=\"960\" height=\"723\" \/><\/a><\/p>\n<h2><strong><span style=\"font-size: 14pt;\">Ouverte depuis la rentr\u00e9e de septembre 2021, l&rsquo;Unit\u00e9 d&rsquo;Enseignement Maternelle pour Enfants Autistes \u2013 UEMEA \u2013 de l&rsquo;\u00e9cole Ferdinand-Brunot de Saint-Di\u00e9-des-Vosges a \u00e9t\u00e9 inaugur\u00e9e ce mardi en fin de journ\u00e9e.<\/span><\/strong><\/h2>\n<p><!--more--><\/p>\n<p>Si l&rsquo;inauguration a \u00e9t\u00e9 aussi tardive, c&rsquo;est en raison de la crise sanitaire, comme l&rsquo;a rappel\u00e9 le maire Bruno Toussaint. Fruit d&rsquo;un partenariat entre l&rsquo;Education Nationale, la Municipalit\u00e9, l&rsquo;Etat, l&rsquo;ARS Grand Est et l&rsquo;Association Vosgienne Sauvegarde Enfance Adolescence \u2013 AVSEA \u2013 l&rsquo;UEMA d\u00e9odatienne, la deuxi\u00e8me du d\u00e9partement avec celle d&rsquo;Epinal, permet \u00e0 Aaron, Arthur, Cameron, No\u00e9mie, Nolan et Serena, 6 enfants \u00e2g\u00e9s de 3 \u00e0 6 ans atteints du trouble du spectre de l&rsquo;autisme, de suivre une scolarit\u00e9 adapt\u00e9e inclusive dans un environnement stimulant et bienveillant.<\/p>\n<p>Concr\u00e8tement, les jeunes \u00e9l\u00e8ves se rendent \u00e0 l&rsquo;\u00e9cole comme leurs autre camarades et b\u00e9n\u00e9ficient d&rsquo;interventions p\u00e9dagogiques, \u00e9ducatives et th\u00e9rapeutiques se r\u00e9f\u00e9rant aux recommandations de bonnes pratiques de l&rsquo;Agence Nationale de l&rsquo;Evaluation et de la Qualit\u00e9 des Etablissements et Services Sociaux et M\u00e9dico-Sociaux \u2013 ANESM et de la Haute Autorit\u00e9 de Sant\u00e9 \u2013 HAS.<\/p>\n<p>Les 6 enfants qui suivent leur scolarit\u00e9 au sein de l&rsquo;UEMA de Ferdinand-Brunot, sur 7 places maximum, sont encadr\u00e9s par un enseignant sp\u00e9cialis\u00e9 qui coordonne le projet et r\u00e9alise des \u00e9valuations permettant de d\u00e9finir \u2013 ou red\u00e9finir \u2013 les objectifs. Les \u00e9coliers sont \u00e9galement suivis par une \u00e9quipe m\u00e9dico-sociale qui met en place les objectifs, \u00e9tablit les protocoles d&rsquo;interventions \u00e0 r\u00e9f\u00e9rence \u00e9ducative, comportementale ou d\u00e9veloppement, et aide les enfants dans leur processus d&rsquo;autonomie et de sociabilisation en dehors des temps en classe. De plus, une psychologue accompagne l&rsquo;\u00e9quipe \u00e9ducative tout en intervenant aupr\u00e8s des enfants.<\/p>\n<p>J.J.<\/p>\n\n","protected":false},"excerpt":{"rendered":"<p>Ouverte depuis la rentr\u00e9e de septembre 2021, l&rsquo;Unit\u00e9 d&rsquo;Enseignement Maternelle pour Enfants Autistes \u2013 UEMEA \u2013 de l&rsquo;\u00e9cole Ferdinand-Brunot de [&hellip;]<\/p>\n","protected":false},"author":44,"featured_media":62889,"comment_status":"open","ping_status":"open","sticky":false,"template":"","format":"standard","meta":{"footnotes":""},"categories":[460,6,2915],"tags":[4129,13935,13936],"class_list":["post-62888","post","type-post","status-publish","format-standard","has-post-thumbnail","hentry","category-a-la-une","category-education","category-saint-die-son-canton","tag-ecole-ferdinand-brunot","tag-inauguration-de-lunite-denseignement-maternelle-pour-enfants-autistes-a-lecole-ferdinand-brunot","tag-unite-denseignement-maternelle-pour-enfants-autistes"],"acf":[],"yoast_head":"<!-- This site is optimized with the Yoast SEO plugin v22.5 - https:\/\/yoast.com\/wordpress\/plugins\/seo\/ -->\n<title>Inauguration de l&#039;Unit\u00e9 d&#039;Enseignement Maternelle pour Enfants Autistes \u00e0 l&#039;\u00e9cole Ferdinand-Brunot - Saint Die Info<\/title>\n<meta name=\"robots\" content=\"index, follow, max-snippet:-1, max-image-preview:large, max-video-preview:-1\" \/>\n<link rel=\"canonical\" href=\"https:\/\/vosgesinfo.fr\/saintdieinfo\/2023\/03\/inauguration-de-lunite-denseignement-maternelle-enfants-autistes-a-lecole-ferdinand-brunot\/\" \/>\n<meta name=\"twitter:card\" content=\"summary_large_image\" \/>\n<meta name=\"twitter:title\" content=\"Inauguration de l&#039;Unit\u00e9 d&#039;Enseignement Maternelle pour Enfants Autistes \u00e0 l&#039;\u00e9cole Ferdinand-Brunot - Saint Die Info\" \/>\n<meta name=\"twitter:description\" content=\"Ouverte depuis la rentr\u00e9e de septembre 2021, l&rsquo;Unit\u00e9 d&rsquo;Enseignement Maternelle pour Enfants Autistes \u2013 UEMEA \u2013 de l&rsquo;\u00e9cole Ferdinand-Brunot de [&hellip;]\" \/>\n<meta name=\"twitter:image\" content=\"https:\/\/vosgesinfo.fr\/app\/uploads\/sites\/4\/2024\/08\/202303inauguration-uemea-ferdinant-brunot-5.jpg\" \/>\n<meta name=\"twitter:creator\" content=\"@VosgesInfo88\" \/>\n<meta name=\"twitter:site\" content=\"@VosgesInfo88\" \/>\n<meta name=\"twitter:label1\" content=\"\u00c9crit par\" \/>\n\t<meta name=\"twitter:data1\" content=\"la r\u00e9daction\" \/>\n\t<meta name=\"twitter:label2\" content=\"Dur\u00e9e de lecture estim\u00e9e\" \/>\n\t<meta name=\"twitter:data2\" content=\"1 minute\" \/>\n<script type=\"application\/ld+json\" class=\"yoast-schema-graph\">{\"@context\":\"https:\/\/schema.org\",\"@graph\":[{\"@type\":\"Article\",\"@id\":\"https:\/\/vosgesinfo.fr\/saintdieinfo\/2023\/03\/inauguration-de-lunite-denseignement-maternelle-enfants-autistes-a-lecole-ferdinand-brunot\/#article\",\"isPartOf\":{\"@id\":\"https:\/\/vosgesinfo.fr\/saintdieinfo\/2023\/03\/inauguration-de-lunite-denseignement-maternelle-enfants-autistes-a-lecole-ferdinand-brunot\/\"},\"author\":{\"name\":\"la r\u00e9daction\",\"@id\":\"https:\/\/vosgesinfo.fr\/saintdieinfo\/#\/schema\/person\/faee6704a21f3977511db84bd1cd450f\"},\"headline\":\"Inauguration de l&rsquo;Unit\u00e9 d&rsquo;Enseignement Maternelle pour Enfants Autistes \u00e0 l&rsquo;\u00e9cole Ferdinand-Brunot\",\"datePublished\":\"2023-03-07T17:12:13+00:00\",\"dateModified\":\"2023-03-07T17:12:13+00:00\",\"mainEntityOfPage\":{\"@id\":\"https:\/\/vosgesinfo.fr\/saintdieinfo\/2023\/03\/inauguration-de-lunite-denseignement-maternelle-enfants-autistes-a-lecole-ferdinand-brunot\/\"},\"wordCount\":318,\"commentCount\":0,\"publisher\":{\"@id\":\"https:\/\/vosgesinfo.fr\/saintdieinfo\/#organization\"},\"image\":{\"@id\":\"https:\/\/vosgesinfo.fr\/saintdieinfo\/2023\/03\/inauguration-de-lunite-denseignement-maternelle-enfants-autistes-a-lecole-ferdinand-brunot\/#primaryimage\"},\"thumbnailUrl\":\"https:\/\/vosgesinfo.fr\/app\/uploads\/sites\/4\/2024\/08\/202303inauguration-uemea-ferdinant-brunot-5.jpg\",\"keywords\":[\"Ecole Ferdinand-Brunot\",\"Inauguration de l'Unit\u00e9 d'Enseignement Maternelle pour Enfants Autistes \u00e0 l'\u00e9cole Ferdinand-Brunot\",\"Unit\u00e9 d'Enseignement Maternelle pour Enfants Autistes\"],\"articleSection\":[\"A la Une\",\"\u00c9ducation\",\"Saint-Di\u00e9-des-Vosges et son Agglom\u00e9ration\"],\"inLanguage\":\"fr-FR\",\"potentialAction\":[{\"@type\":\"CommentAction\",\"name\":\"Comment\",\"target\":[\"https:\/\/vosgesinfo.fr\/saintdieinfo\/2023\/03\/inauguration-de-lunite-denseignement-maternelle-enfants-autistes-a-lecole-ferdinand-brunot\/#respond\"]}]},{\"@type\":\"WebPage\",\"@id\":\"https:\/\/vosgesinfo.fr\/saintdieinfo\/2023\/03\/inauguration-de-lunite-denseignement-maternelle-enfants-autistes-a-lecole-ferdinand-brunot\/\",\"url\":\"https:\/\/vosgesinfo.fr\/saintdieinfo\/2023\/03\/inauguration-de-lunite-denseignement-maternelle-enfants-autistes-a-lecole-ferdinand-brunot\/\",\"name\":\"Inauguration de l'Unit\u00e9 d'Enseignement Maternelle pour Enfants Autistes \u00e0 l'\u00e9cole Ferdinand-Brunot - Saint Die Info\",\"isPartOf\":{\"@id\":\"https:\/\/vosgesinfo.fr\/saintdieinfo\/#website\"},\"primaryImageOfPage\":{\"@id\":\"https:\/\/vosgesinfo.fr\/saintdieinfo\/2023\/03\/inauguration-de-lunite-denseignement-maternelle-enfants-autistes-a-lecole-ferdinand-brunot\/#primaryimage\"},\"image\":{\"@id\":\"https:\/\/vosgesinfo.fr\/saintdieinfo\/2023\/03\/inauguration-de-lunite-denseignement-maternelle-enfants-autistes-a-lecole-ferdinand-brunot\/#primaryimage\"},\"thumbnailUrl\":\"https:\/\/vosgesinfo.fr\/app\/uploads\/sites\/4\/2024\/08\/202303inauguration-uemea-ferdinant-brunot-5.jpg\",\"datePublished\":\"2023-03-07T17:12:13+00:00\",\"dateModified\":\"2023-03-07T17:12:13+00:00\",\"breadcrumb\":{\"@id\":\"https:\/\/vosgesinfo.fr\/saintdieinfo\/2023\/03\/inauguration-de-lunite-denseignement-maternelle-enfants-autistes-a-lecole-ferdinand-brunot\/#breadcrumb\"},\"inLanguage\":\"fr-FR\",\"potentialAction\":[{\"@type\":\"ReadAction\",\"target\":[\"https:\/\/vosgesinfo.fr\/saintdieinfo\/2023\/03\/inauguration-de-lunite-denseignement-maternelle-enfants-autistes-a-lecole-ferdinand-brunot\/\"]}]},{\"@type\":\"ImageObject\",\"inLanguage\":\"fr-FR\",\"@id\":\"https:\/\/vosgesinfo.fr\/saintdieinfo\/2023\/03\/inauguration-de-lunite-denseignement-maternelle-enfants-autistes-a-lecole-ferdinand-brunot\/#primaryimage\",\"url\":\"https:\/\/vosgesinfo.fr\/app\/uploads\/sites\/4\/2024\/08\/202303inauguration-uemea-ferdinant-brunot-5.jpg\",\"contentUrl\":\"https:\/\/vosgesinfo.fr\/app\/uploads\/sites\/4\/2024\/08\/202303inauguration-uemea-ferdinant-brunot-5.jpg\",\"width\":1600,\"height\":1205},{\"@type\":\"BreadcrumbList\",\"@id\":\"https:\/\/vosgesinfo.fr\/saintdieinfo\/2023\/03\/inauguration-de-lunite-denseignement-maternelle-enfants-autistes-a-lecole-ferdinand-brunot\/#breadcrumb\",\"itemListElement\":[{\"@type\":\"ListItem\",\"position\":1,\"name\":\"Home\",\"item\":\"https:\/\/vosgesinfo.fr\/saintdieinfo\/\"},{\"@type\":\"ListItem\",\"position\":2,\"name\":\"Inauguration de l&rsquo;Unit\u00e9 d&rsquo;Enseignement Maternelle pour Enfants Autistes \u00e0 l&rsquo;\u00e9cole Ferdinand-Brunot\"}]},{\"@type\":\"WebSite\",\"@id\":\"https:\/\/vosgesinfo.fr\/saintdieinfo\/#website\",\"url\":\"https:\/\/vosgesinfo.fr\/saintdieinfo\/\",\"name\":\"Saint Die Info\",\"description\":\"Toute l&#039;actualit\u00e9 de Saint-Di\u00e9-Des-Vosges\",\"publisher\":{\"@id\":\"https:\/\/vosgesinfo.fr\/saintdieinfo\/#organization\"},\"alternateName\":\"Toute l'actualit\u00e9 de Saint-Di\u00e9-Des-Vosges\",\"potentialAction\":[{\"@type\":\"SearchAction\",\"target\":{\"@type\":\"EntryPoint\",\"urlTemplate\":\"https:\/\/vosgesinfo.fr\/saintdieinfo\/?s={search_term_string}\"},\"query-input\":\"required name=search_term_string\"}],\"inLanguage\":\"fr-FR\"},{\"@type\":\"Organization\",\"@id\":\"https:\/\/vosgesinfo.fr\/saintdieinfo\/#organization\",\"name\":\"Saint Die Info\",\"url\":\"https:\/\/vosgesinfo.fr\/saintdieinfo\/\",\"logo\":{\"@type\":\"ImageObject\",\"inLanguage\":\"fr-FR\",\"@id\":\"https:\/\/vosgesinfo.fr\/saintdieinfo\/#\/schema\/logo\/image\/\",\"url\":\"https:\/\/vosgesinfo.fr\/app\/uploads\/sites\/4\/2024\/02\/logo-sdi.jpg\",\"contentUrl\":\"https:\/\/vosgesinfo.fr\/app\/uploads\/sites\/4\/2024\/02\/logo-sdi.jpg\",\"width\":600,\"height\":600,\"caption\":\"Saint Die Info\"},\"image\":{\"@id\":\"https:\/\/vosgesinfo.fr\/saintdieinfo\/#\/schema\/logo\/image\/\"},\"sameAs\":[\"https:\/\/www.facebook.com\/Saintdieinfofr\",\"https:\/\/x.com\/VosgesInfo88\",\"https:\/\/www.youtube.com\/@vosgesinfo\"]},{\"@type\":\"Person\",\"@id\":\"https:\/\/vosgesinfo.fr\/saintdieinfo\/#\/schema\/person\/faee6704a21f3977511db84bd1cd450f\",\"name\":\"la r\u00e9daction\",\"image\":{\"@type\":\"ImageObject\",\"inLanguage\":\"fr-FR\",\"@id\":\"https:\/\/vosgesinfo.fr\/saintdieinfo\/#\/schema\/person\/image\/\",\"url\":\"https:\/\/secure.gravatar.com\/avatar\/6673d8bc6a9c17fa9a453eaa3448de834fa308c2ec9635b7aa99441a7c8d2cf6?s=96&d=mm&r=g\",\"contentUrl\":\"https:\/\/secure.gravatar.com\/avatar\/6673d8bc6a9c17fa9a453eaa3448de834fa308c2ec9635b7aa99441a7c8d2cf6?s=96&d=mm&r=g\",\"caption\":\"la r\u00e9daction\"},\"url\":\"https:\/\/vosgesinfo.fr\/saintdieinfo\/author\/redac\/\"}]}<\/script>\n<!-- \/ Yoast SEO plugin. -->","yoast_head_json":{"title":"Inauguration de l'Unit\u00e9 d'Enseignement Maternelle pour Enfants Autistes \u00e0 l'\u00e9cole Ferdinand-Brunot - Saint Die Info","robots":{"index":"index","follow":"follow","max-snippet":"max-snippet:-1","max-image-preview":"max-image-preview:large","max-video-preview":"max-video-preview:-1"},"canonical":"https:\/\/vosgesinfo.fr\/saintdieinfo\/2023\/03\/inauguration-de-lunite-denseignement-maternelle-enfants-autistes-a-lecole-ferdinand-brunot\/","twitter_card":"summary_large_image","twitter_title":"Inauguration de l'Unit\u00e9 d'Enseignement Maternelle pour Enfants Autistes \u00e0 l'\u00e9cole Ferdinand-Brunot - Saint Die Info","twitter_description":"Ouverte depuis la rentr\u00e9e de septembre 2021, l&rsquo;Unit\u00e9 d&rsquo;Enseignement Maternelle pour Enfants Autistes \u2013 UEMEA \u2013 de l&rsquo;\u00e9cole Ferdinand-Brunot de [&hellip;]","twitter_image":"https:\/\/vosgesinfo.fr\/app\/uploads\/sites\/4\/2024\/08\/202303inauguration-uemea-ferdinant-brunot-5.jpg","twitter_creator":"@VosgesInfo88","twitter_site":"@VosgesInfo88","twitter_misc":{"\u00c9crit par":"la r\u00e9daction","Dur\u00e9e de lecture estim\u00e9e":"1 minute"},"schema":{"@context":"https:\/\/schema.org","@graph":[{"@type":"Article","@id":"https:\/\/vosgesinfo.fr\/saintdieinfo\/2023\/03\/inauguration-de-lunite-denseignement-maternelle-enfants-autistes-a-lecole-ferdinand-brunot\/#article","isPartOf":{"@id":"https:\/\/vosgesinfo.fr\/saintdieinfo\/2023\/03\/inauguration-de-lunite-denseignement-maternelle-enfants-autistes-a-lecole-ferdinand-brunot\/"},"author":{"name":"la r\u00e9daction","@id":"https:\/\/vosgesinfo.fr\/saintdieinfo\/#\/schema\/person\/faee6704a21f3977511db84bd1cd450f"},"headline":"Inauguration de l&rsquo;Unit\u00e9 d&rsquo;Enseignement Maternelle pour Enfants Autistes \u00e0 l&rsquo;\u00e9cole Ferdinand-Brunot","datePublished":"2023-03-07T17:12:13+00:00","dateModified":"2023-03-07T17:12:13+00:00","mainEntityOfPage":{"@id":"https:\/\/vosgesinfo.fr\/saintdieinfo\/2023\/03\/inauguration-de-lunite-denseignement-maternelle-enfants-autistes-a-lecole-ferdinand-brunot\/"},"wordCount":318,"commentCount":0,"publisher":{"@id":"https:\/\/vosgesinfo.fr\/saintdieinfo\/#organization"},"image":{"@id":"https:\/\/vosgesinfo.fr\/saintdieinfo\/2023\/03\/inauguration-de-lunite-denseignement-maternelle-enfants-autistes-a-lecole-ferdinand-brunot\/#primaryimage"},"thumbnailUrl":"https:\/\/vosgesinfo.fr\/app\/uploads\/sites\/4\/2024\/08\/202303inauguration-uemea-ferdinant-brunot-5.jpg","keywords":["Ecole Ferdinand-Brunot","Inauguration de l'Unit\u00e9 d'Enseignement Maternelle pour Enfants Autistes \u00e0 l'\u00e9cole Ferdinand-Brunot","Unit\u00e9 d'Enseignement Maternelle pour Enfants Autistes"],"articleSection":["A la Une","\u00c9ducation","Saint-Di\u00e9-des-Vosges et son Agglom\u00e9ration"],"inLanguage":"fr-FR","potentialAction":[{"@type":"CommentAction","name":"Comment","target":["https:\/\/vosgesinfo.fr\/saintdieinfo\/2023\/03\/inauguration-de-lunite-denseignement-maternelle-enfants-autistes-a-lecole-ferdinand-brunot\/#respond"]}]},{"@type":"WebPage","@id":"https:\/\/vosgesinfo.fr\/saintdieinfo\/2023\/03\/inauguration-de-lunite-denseignement-maternelle-enfants-autistes-a-lecole-ferdinand-brunot\/","url":"https:\/\/vosgesinfo.fr\/saintdieinfo\/2023\/03\/inauguration-de-lunite-denseignement-maternelle-enfants-autistes-a-lecole-ferdinand-brunot\/","name":"Inauguration de l'Unit\u00e9 d'Enseignement Maternelle pour Enfants Autistes \u00e0 l'\u00e9cole Ferdinand-Brunot - Saint Die Info","isPartOf":{"@id":"https:\/\/vosgesinfo.fr\/saintdieinfo\/#website"},"primaryImageOfPage":{"@id":"https:\/\/vosgesinfo.fr\/saintdieinfo\/2023\/03\/inauguration-de-lunite-denseignement-maternelle-enfants-autistes-a-lecole-ferdinand-brunot\/#primaryimage"},"image":{"@id":"https:\/\/vosgesinfo.fr\/saintdieinfo\/2023\/03\/inauguration-de-lunite-denseignement-maternelle-enfants-autistes-a-lecole-ferdinand-brunot\/#primaryimage"},"thumbnailUrl":"https:\/\/vosgesinfo.fr\/app\/uploads\/sites\/4\/2024\/08\/202303inauguration-uemea-ferdinant-brunot-5.jpg","datePublished":"2023-03-07T17:12:13+00:00","dateModified":"2023-03-07T17:12:13+00:00","breadcrumb":{"@id":"https:\/\/vosgesinfo.fr\/saintdieinfo\/2023\/03\/inauguration-de-lunite-denseignement-maternelle-enfants-autistes-a-lecole-ferdinand-brunot\/#breadcrumb"},"inLanguage":"fr-FR","potentialAction":[{"@type":"ReadAction","target":["https:\/\/vosgesinfo.fr\/saintdieinfo\/2023\/03\/inauguration-de-lunite-denseignement-maternelle-enfants-autistes-a-lecole-ferdinand-brunot\/"]}]},{"@type":"ImageObject","inLanguage":"fr-FR","@id":"https:\/\/vosgesinfo.fr\/saintdieinfo\/2023\/03\/inauguration-de-lunite-denseignement-maternelle-enfants-autistes-a-lecole-ferdinand-brunot\/#primaryimage","url":"https:\/\/vosgesinfo.fr\/app\/uploads\/sites\/4\/2024\/08\/202303inauguration-uemea-ferdinant-brunot-5.jpg","contentUrl":"https:\/\/vosgesinfo.fr\/app\/uploads\/sites\/4\/2024\/08\/202303inauguration-uemea-ferdinant-brunot-5.jpg","width":1600,"height":1205},{"@type":"BreadcrumbList","@id":"https:\/\/vosgesinfo.fr\/saintdieinfo\/2023\/03\/inauguration-de-lunite-denseignement-maternelle-enfants-autistes-a-lecole-ferdinand-brunot\/#breadcrumb","itemListElement":[{"@type":"ListItem","position":1,"name":"Home","item":"https:\/\/vosgesinfo.fr\/saintdieinfo\/"},{"@type":"ListItem","position":2,"name":"Inauguration de l&rsquo;Unit\u00e9 d&rsquo;Enseignement Maternelle pour Enfants Autistes \u00e0 l&rsquo;\u00e9cole Ferdinand-Brunot"}]},{"@type":"WebSite","@id":"https:\/\/vosgesinfo.fr\/saintdieinfo\/#website","url":"https:\/\/vosgesinfo.fr\/saintdieinfo\/","name":"Saint Die Info","description":"Toute l&#039;actualit\u00e9 de Saint-Di\u00e9-Des-Vosges","publisher":{"@id":"https:\/\/vosgesinfo.fr\/saintdieinfo\/#organization"},"alternateName":"Toute l'actualit\u00e9 de Saint-Di\u00e9-Des-Vosges","potentialAction":[{"@type":"SearchAction","target":{"@type":"EntryPoint","urlTemplate":"https:\/\/vosgesinfo.fr\/saintdieinfo\/?s={search_term_string}"},"query-input":"required name=search_term_string"}],"inLanguage":"fr-FR"},{"@type":"Organization","@id":"https:\/\/vosgesinfo.fr\/saintdieinfo\/#organization","name":"Saint Die Info","url":"https:\/\/vosgesinfo.fr\/saintdieinfo\/","logo":{"@type":"ImageObject","inLanguage":"fr-FR","@id":"https:\/\/vosgesinfo.fr\/saintdieinfo\/#\/schema\/logo\/image\/","url":"https:\/\/vosgesinfo.fr\/app\/uploads\/sites\/4\/2024\/02\/logo-sdi.jpg","contentUrl":"https:\/\/vosgesinfo.fr\/app\/uploads\/sites\/4\/2024\/02\/logo-sdi.jpg","width":600,"height":600,"caption":"Saint Die Info"},"image":{"@id":"https:\/\/vosgesinfo.fr\/saintdieinfo\/#\/schema\/logo\/image\/"},"sameAs":["https:\/\/www.facebook.com\/Saintdieinfofr","https:\/\/x.com\/VosgesInfo88","https:\/\/www.youtube.com\/@vosgesinfo"]},{"@type":"Person","@id":"https:\/\/vosgesinfo.fr\/saintdieinfo\/#\/schema\/person\/faee6704a21f3977511db84bd1cd450f","name":"la r\u00e9daction","image":{"@type":"ImageObject","inLanguage":"fr-FR","@id":"https:\/\/vosgesinfo.fr\/saintdieinfo\/#\/schema\/person\/image\/","url":"https:\/\/secure.gravatar.com\/avatar\/6673d8bc6a9c17fa9a453eaa3448de834fa308c2ec9635b7aa99441a7c8d2cf6?s=96&d=mm&r=g","contentUrl":"https:\/\/secure.gravatar.com\/avatar\/6673d8bc6a9c17fa9a453eaa3448de834fa308c2ec9635b7aa99441a7c8d2cf6?s=96&d=mm&r=g","caption":"la r\u00e9daction"},"url":"https:\/\/vosgesinfo.fr\/saintdieinfo\/author\/redac\/"}]}},"_links":{"self":[{"href":"https:\/\/vosgesinfo.fr\/saintdieinfo\/wp-json\/wp\/v2\/posts\/62888","targetHints":{"allow":["GET"]}}],"collection":[{"href":"https:\/\/vosgesinfo.fr\/saintdieinfo\/wp-json\/wp\/v2\/posts"}],"about":[{"href":"https:\/\/vosgesinfo.fr\/saintdieinfo\/wp-json\/wp\/v2\/types\/post"}],"author":[{"embeddable":true,"href":"https:\/\/vosgesinfo.fr\/saintdieinfo\/wp-json\/wp\/v2\/users\/44"}],"replies":[{"embeddable":true,"href":"https:\/\/vosgesinfo.fr\/saintdieinfo\/wp-json\/wp\/v2\/comments?post=62888"}],"version-history":[{"count":0,"href":"https:\/\/vosgesinfo.fr\/saintdieinfo\/wp-json\/wp\/v2\/posts\/62888\/revisions"}],"wp:featuredmedia":[{"embeddable":true,"href":"https:\/\/vosgesinfo.fr\/saintdieinfo\/wp-json\/wp\/v2\/media\/62889"}],"wp:attachment":[{"href":"https:\/\/vosgesinfo.fr\/saintdieinfo\/wp-json\/wp\/v2\/media?parent=62888"}],"wp:term":[{"taxonomy":"category","embeddable":true,"href":"https:\/\/vosgesinfo.fr\/saintdieinfo\/wp-json\/wp\/v2\/categories?post=62888"},{"taxonomy":"post_tag","embeddable":true,"href":"https:\/\/vosgesinfo.fr\/saintdieinfo\/wp-json\/wp\/v2\/tags?post=62888"}],"curies":[{"name":"wp","href":"https:\/\/api.w.org\/{rel}","templated":true}]}}