{"id":62904,"date":"2023-03-08T10:03:26","date_gmt":"2023-03-08T09:03:26","guid":{"rendered":"https:\/\/vosgesinfo.fr\/saintdieinfo\/2023\/03\/vosges-avis-negatif-reintroduction-grand-tetras\/"},"modified":"2023-03-08T10:03:26","modified_gmt":"2023-03-08T09:03:26","slug":"vosges-avis-negatif-reintroduction-grand-tetras","status":"publish","type":"post","link":"https:\/\/vosgesinfo.fr\/saintdieinfo\/2023\/03\/vosges-avis-negatif-reintroduction-grand-tetras\/","title":{"rendered":"Vosges \u2013 Avis n\u00e9gatif pour la r\u00e9introduction du grand t\u00e9tras"},"content":{"rendered":"<div id=\"attachment_116659\" style=\"width: 550px\" class=\"wp-caption aligncenter\"><a href=\"\/2018\/02\/Grand_T\u00e9tras.jpg\" target=\"_blank\" rel=\"noopener\"><img decoding=\"async\" aria-describedby=\"caption-attachment-116659\" class=\"wp-image-116659 size-full\" src=\"\/2018\/02\/Grand_T\u00e9tras.jpg\" alt=\"Grand_T\u00e9tras\" width=\"540\" height=\"358\" \/><\/a><p id=\"caption-attachment-116659\" class=\"wp-caption-text\">(Illustration)<\/p><\/div>\n<h2><strong><span style=\"font-size: 14pt;\"><span dir=\"ltr\">la Pr\u00e9f\u00e8te des Vosges\u00a0 et le Pr\u00e9sident du<\/span> <span dir=\"ltr\">P<\/span><span dir=\"ltr\">arc<\/span> <span dir=\"ltr\">N<\/span><span dir=\"ltr\">ational<\/span> <span dir=\"ltr\">R<\/span><span dir=\"ltr\">\u00e9gional (PNR)<\/span> <span dir=\"ltr\">des <\/span><span dir=\"ltr\">B<\/span><span dir=\"ltr\">allons des Vosges ont r\u00e9uni le mercredi 22 f\u00e9vrier le comit\u00e9 de pilotage du projet<\/span><span dir=\"ltr\"> de renforcement du Grand T\u00e9tras pour faire un point d\u2019\u00e9tape sur ce projet. Le conseil a \u00e9mis un avis n\u00e9gatif quant \u00e0 la r\u00e9introduction du grand t\u00e9tras dans le massif vosgien.<br \/>\n<\/span><\/span><\/strong><\/h2>\n<p><!--more--><\/p>\n<p><span dir=\"ltr\">Ce comit\u00e9 r\u00e9unit l\u2019ensemble des acteurs qui participent \u00e0 la pr\u00e9paration de ce<\/span><span dir=\"ltr\"> projet<\/span> <span dir=\"ltr\">: le PNR, l\u2019\u00c9tat (direction d\u00e9partementale des territoires des Vosges et du<\/span><span dir=\"ltr\"> Haut-Rhin,<\/span> <span dir=\"ltr\">direction<\/span> <span dir=\"ltr\">r\u00e9gionale<\/span> <span dir=\"ltr\">de<\/span> <span dir=\"ltr\">l\u2019environnement,<\/span> <span dir=\"ltr\">de<\/span> <span dir=\"ltr\">l\u2019am\u00e9nagement<\/span> <span dir=\"ltr\">et<\/span> <span dir=\"ltr\">du<\/span><span dir=\"ltr\"> logement du Grand Est, Commissariat du massif des Vosges), la R\u00e9gion Grand Est,<\/span><span dir=\"ltr\"> le Conseil d\u00e9partemental, l\u2019Office fran\u00e7ais de la biodiversit\u00e9, l\u2019Office national des<\/span><span dir=\"ltr\"> for\u00eats, le conservatoire d\u2019espaces naturels de Lorraine, le Groupe T\u00e9tras Vosges, les<\/span><span dir=\"ltr\"> repr\u00e9sentants des chasseurs des Vosges et du Haut-Rhin, le Parc animalier de<\/span><span dir=\"ltr\"> Sainte-Croix, la Collectivit\u00e9 europ\u00e9enne d\u2019Alsace et le D\u00e9partement des Vosges.<\/span><\/p>\n<p><span dir=\"ltr\">Le<\/span> <span dir=\"ltr\">comite<\/span> <span dir=\"ltr\">de<\/span> <span dir=\"ltr\">pilotage<\/span> <span dir=\"ltr\">a<\/span> <span dir=\"ltr\">valid\u00e9<\/span> <span dir=\"ltr\">le<\/span> <span dir=\"ltr\">lancement<\/span> <span dir=\"ltr\">du<\/span> <span dir=\"ltr\">projet<\/span> <span dir=\"ltr\">de<\/span> <span dir=\"ltr\">renforcement<\/span> <span dir=\"ltr\">en<\/span><span dir=\"ltr\"> d\u00e9cembre<\/span> <span dir=\"ltr\">2021.<\/span> <span dir=\"ltr\">Ce<\/span> <span dir=\"ltr\">projet<\/span> <span dir=\"ltr\">comprend<\/span> <span dir=\"ltr\">d\u2019une<\/span> <span dir=\"ltr\">part<\/span> <span dir=\"ltr\">un<\/span> <span dir=\"ltr\">protocole<\/span> <span dir=\"ltr\">technique<\/span> <span dir=\"ltr\">de<\/span><span dir=\"ltr\"> capture d\u2019oiseaux sauvages issus de Scandinavie, de l\u00e2cher dans le massif des<\/span><span dir=\"ltr\"> Vosges<\/span> <span dir=\"ltr\">et<\/span> <span dir=\"ltr\">de<\/span> <span dir=\"ltr\">suivi<\/span> <span dir=\"ltr\">des<\/span> <span dir=\"ltr\">introductions<\/span><span dir=\"ltr\">.<\/span> <span dir=\"ltr\">I<\/span><span dir=\"ltr\">l<\/span> <span dir=\"ltr\">pr\u00e9voit<\/span> <span dir=\"ltr\">d<\/span><span dir=\"ltr\">\u2019autre<\/span> <span dir=\"ltr\">part<\/span> <span dir=\"ltr\">un<\/span> <span dir=\"ltr\">plan<\/span><span dir=\"ltr\"> d\u2019accompagnement<\/span> <span dir=\"ltr\">pour<\/span> <span dir=\"ltr\">acc\u00e9l\u00e9rer<\/span> <span dir=\"ltr\">l\u2019am\u00e9lioration<\/span> <span dir=\"ltr\">de<\/span> <span dir=\"ltr\">la<\/span> <span dir=\"ltr\">qualit\u00e9<\/span> <span dir=\"ltr\">de<\/span> <span dir=\"ltr\">l\u2019habitat<\/span><span dir=\"ltr\"> forestier, la qui\u00e9tude dans les habitats du Grand T\u00e9tras, l\u2019\u00e9quilibre for\u00eat-gibier,<\/span><span dir=\"ltr\"> l\u2019appropriation et la valorisation de cette esp\u00e8ce embl\u00e9matique par les acteurs<\/span><span dir=\"ltr\"> locaux. L\u2019ambition de ce plan d\u2019accompagnement est une condition de la r\u00e9ussite<\/span><span dir=\"ltr\"> du renforcement<\/span> <span dir=\"ltr\">de la population du massif vosgien<\/span><span dir=\"ltr\">.<\/span><\/p>\n<p><span dir=\"ltr\">L\u2019objectif de ce projet est d\u2019enrayer \u00e0<\/span> <span dir=\"ltr\">court terme<\/span> <span dir=\"ltr\">l\u2019ex<\/span><span dir=\"ltr\">tinction de l\u2019esp\u00e8ce dans les<\/span><span dir=\"ltr\"> Vosges, moins d\u2019une dizaine d\u2019individus \u00e9tant recens\u00e9s \u00e0 ce stade. Il s\u2019agit d\u2019un<\/span><span dir=\"ltr\"> projet exp\u00e9rimental qui fera l\u2019objet d\u2019un suivi annuel partag\u00e9 avec la communaut\u00e9<\/span><span dir=\"ltr\"> scientifique afin d\u2019adapter le projet en continu. La poursuite de cette op\u00e9ration de<\/span><span dir=\"ltr\"> renforcement par un projet de plus long terme sera envisag\u00e9e par la suite \u00e0 l\u2019aune <\/span><span dir=\"ltr\">des r\u00e9sultats de ce premier programme d\u2019urgence \u00e0 5 ans.<\/span><\/p>\n","protected":false},"excerpt":{"rendered":"<p>la Pr\u00e9f\u00e8te des Vosges\u00a0 et le Pr\u00e9sident du Parc National R\u00e9gional (PNR) des Ballons des Vosges ont r\u00e9uni le mercredi [&hellip;]<\/p>\n","protected":false},"author":44,"featured_media":23725,"comment_status":"open","ping_status":"open","sticky":false,"template":"","format":"standard","meta":{"footnotes":""},"categories":[460,18],"tags":[3773,13938],"class_list":["post-62904","post","type-post","status-publish","format-standard","has-post-thumbnail","hentry","category-a-la-une","category-vosges","tag-grand-tetras","tag-reintroduction-du-grand-tetras"],"acf":[],"yoast_head":"<!-- This site is optimized with the Yoast SEO plugin v22.5 - https:\/\/yoast.com\/wordpress\/plugins\/seo\/ -->\n<title>Vosges \u2013 Avis n\u00e9gatif pour la r\u00e9introduction du grand t\u00e9tras - Saint Die Info<\/title>\n<meta name=\"robots\" content=\"index, follow, max-snippet:-1, max-image-preview:large, max-video-preview:-1\" \/>\n<link rel=\"canonical\" href=\"https:\/\/vosgesinfo.fr\/saintdieinfo\/2023\/03\/vosges-avis-negatif-reintroduction-grand-tetras\/\" \/>\n<meta name=\"twitter:card\" content=\"summary_large_image\" \/>\n<meta name=\"twitter:title\" content=\"Vosges \u2013 Avis n\u00e9gatif pour la r\u00e9introduction du grand t\u00e9tras - Saint Die Info\" \/>\n<meta name=\"twitter:description\" content=\"la Pr\u00e9f\u00e8te des Vosges\u00a0 et le Pr\u00e9sident du Parc National R\u00e9gional (PNR) des Ballons des Vosges ont r\u00e9uni le mercredi [&hellip;]\" \/>\n<meta name=\"twitter:image\" content=\"https:\/\/vosgesinfo.fr\/app\/uploads\/sites\/4\/2018\/02\/grand-tetras.jpg\" \/>\n<meta name=\"twitter:creator\" content=\"@VosgesInfo88\" \/>\n<meta name=\"twitter:site\" content=\"@VosgesInfo88\" \/>\n<meta name=\"twitter:label1\" content=\"\u00c9crit par\" \/>\n\t<meta name=\"twitter:data1\" content=\"la r\u00e9daction\" \/>\n\t<meta name=\"twitter:label2\" content=\"Dur\u00e9e de lecture estim\u00e9e\" \/>\n\t<meta name=\"twitter:data2\" content=\"2 minutes\" \/>\n<script type=\"application\/ld+json\" class=\"yoast-schema-graph\">{\"@context\":\"https:\/\/schema.org\",\"@graph\":[{\"@type\":\"Article\",\"@id\":\"https:\/\/vosgesinfo.fr\/saintdieinfo\/2023\/03\/vosges-avis-negatif-reintroduction-grand-tetras\/#article\",\"isPartOf\":{\"@id\":\"https:\/\/vosgesinfo.fr\/saintdieinfo\/2023\/03\/vosges-avis-negatif-reintroduction-grand-tetras\/\"},\"author\":{\"name\":\"la r\u00e9daction\",\"@id\":\"https:\/\/vosgesinfo.fr\/saintdieinfo\/#\/schema\/person\/faee6704a21f3977511db84bd1cd450f\"},\"headline\":\"Vosges \u2013 Avis n\u00e9gatif pour la r\u00e9introduction du grand t\u00e9tras\",\"datePublished\":\"2023-03-08T09:03:26+00:00\",\"dateModified\":\"2023-03-08T09:03:26+00:00\",\"mainEntityOfPage\":{\"@id\":\"https:\/\/vosgesinfo.fr\/saintdieinfo\/2023\/03\/vosges-avis-negatif-reintroduction-grand-tetras\/\"},\"wordCount\":416,\"commentCount\":0,\"publisher\":{\"@id\":\"https:\/\/vosgesinfo.fr\/saintdieinfo\/#organization\"},\"image\":{\"@id\":\"https:\/\/vosgesinfo.fr\/saintdieinfo\/2023\/03\/vosges-avis-negatif-reintroduction-grand-tetras\/#primaryimage\"},\"thumbnailUrl\":\"https:\/\/vosgesinfo.fr\/app\/uploads\/sites\/4\/2018\/02\/grand-tetras.jpg\",\"keywords\":[\"Grand t\u00e9tras\",\"R\u00e9introduction du grand t\u00e9tras\"],\"articleSection\":[\"A la Une\",\"Vosges\"],\"inLanguage\":\"fr-FR\",\"potentialAction\":[{\"@type\":\"CommentAction\",\"name\":\"Comment\",\"target\":[\"https:\/\/vosgesinfo.fr\/saintdieinfo\/2023\/03\/vosges-avis-negatif-reintroduction-grand-tetras\/#respond\"]}]},{\"@type\":\"WebPage\",\"@id\":\"https:\/\/vosgesinfo.fr\/saintdieinfo\/2023\/03\/vosges-avis-negatif-reintroduction-grand-tetras\/\",\"url\":\"https:\/\/vosgesinfo.fr\/saintdieinfo\/2023\/03\/vosges-avis-negatif-reintroduction-grand-tetras\/\",\"name\":\"Vosges \u2013 Avis n\u00e9gatif pour la r\u00e9introduction du grand t\u00e9tras - Saint Die Info\",\"isPartOf\":{\"@id\":\"https:\/\/vosgesinfo.fr\/saintdieinfo\/#website\"},\"primaryImageOfPage\":{\"@id\":\"https:\/\/vosgesinfo.fr\/saintdieinfo\/2023\/03\/vosges-avis-negatif-reintroduction-grand-tetras\/#primaryimage\"},\"image\":{\"@id\":\"https:\/\/vosgesinfo.fr\/saintdieinfo\/2023\/03\/vosges-avis-negatif-reintroduction-grand-tetras\/#primaryimage\"},\"thumbnailUrl\":\"https:\/\/vosgesinfo.fr\/app\/uploads\/sites\/4\/2018\/02\/grand-tetras.jpg\",\"datePublished\":\"2023-03-08T09:03:26+00:00\",\"dateModified\":\"2023-03-08T09:03:26+00:00\",\"breadcrumb\":{\"@id\":\"https:\/\/vosgesinfo.fr\/saintdieinfo\/2023\/03\/vosges-avis-negatif-reintroduction-grand-tetras\/#breadcrumb\"},\"inLanguage\":\"fr-FR\",\"potentialAction\":[{\"@type\":\"ReadAction\",\"target\":[\"https:\/\/vosgesinfo.fr\/saintdieinfo\/2023\/03\/vosges-avis-negatif-reintroduction-grand-tetras\/\"]}]},{\"@type\":\"ImageObject\",\"inLanguage\":\"fr-FR\",\"@id\":\"https:\/\/vosgesinfo.fr\/saintdieinfo\/2023\/03\/vosges-avis-negatif-reintroduction-grand-tetras\/#primaryimage\",\"url\":\"https:\/\/vosgesinfo.fr\/app\/uploads\/sites\/4\/2018\/02\/grand-tetras.jpg\",\"contentUrl\":\"https:\/\/vosgesinfo.fr\/app\/uploads\/sites\/4\/2018\/02\/grand-tetras.jpg\",\"width\":540,\"height\":358},{\"@type\":\"BreadcrumbList\",\"@id\":\"https:\/\/vosgesinfo.fr\/saintdieinfo\/2023\/03\/vosges-avis-negatif-reintroduction-grand-tetras\/#breadcrumb\",\"itemListElement\":[{\"@type\":\"ListItem\",\"position\":1,\"name\":\"Home\",\"item\":\"https:\/\/vosgesinfo.fr\/saintdieinfo\/\"},{\"@type\":\"ListItem\",\"position\":2,\"name\":\"Vosges \u2013 Avis n\u00e9gatif pour la r\u00e9introduction du grand t\u00e9tras\"}]},{\"@type\":\"WebSite\",\"@id\":\"https:\/\/vosgesinfo.fr\/saintdieinfo\/#website\",\"url\":\"https:\/\/vosgesinfo.fr\/saintdieinfo\/\",\"name\":\"Saint Die Info\",\"description\":\"Toute l&#039;actualit\u00e9 de Saint-Di\u00e9-Des-Vosges\",\"publisher\":{\"@id\":\"https:\/\/vosgesinfo.fr\/saintdieinfo\/#organization\"},\"alternateName\":\"Toute l'actualit\u00e9 de Saint-Di\u00e9-Des-Vosges\",\"potentialAction\":[{\"@type\":\"SearchAction\",\"target\":{\"@type\":\"EntryPoint\",\"urlTemplate\":\"https:\/\/vosgesinfo.fr\/saintdieinfo\/?s={search_term_string}\"},\"query-input\":\"required name=search_term_string\"}],\"inLanguage\":\"fr-FR\"},{\"@type\":\"Organization\",\"@id\":\"https:\/\/vosgesinfo.fr\/saintdieinfo\/#organization\",\"name\":\"Saint Die Info\",\"url\":\"https:\/\/vosgesinfo.fr\/saintdieinfo\/\",\"logo\":{\"@type\":\"ImageObject\",\"inLanguage\":\"fr-FR\",\"@id\":\"https:\/\/vosgesinfo.fr\/saintdieinfo\/#\/schema\/logo\/image\/\",\"url\":\"https:\/\/vosgesinfo.fr\/app\/uploads\/sites\/4\/2024\/02\/logo-sdi.jpg\",\"contentUrl\":\"https:\/\/vosgesinfo.fr\/app\/uploads\/sites\/4\/2024\/02\/logo-sdi.jpg\",\"width\":600,\"height\":600,\"caption\":\"Saint Die Info\"},\"image\":{\"@id\":\"https:\/\/vosgesinfo.fr\/saintdieinfo\/#\/schema\/logo\/image\/\"},\"sameAs\":[\"https:\/\/www.facebook.com\/Saintdieinfofr\",\"https:\/\/x.com\/VosgesInfo88\",\"https:\/\/www.youtube.com\/@vosgesinfo\"]},{\"@type\":\"Person\",\"@id\":\"https:\/\/vosgesinfo.fr\/saintdieinfo\/#\/schema\/person\/faee6704a21f3977511db84bd1cd450f\",\"name\":\"la r\u00e9daction\",\"image\":{\"@type\":\"ImageObject\",\"inLanguage\":\"fr-FR\",\"@id\":\"https:\/\/vosgesinfo.fr\/saintdieinfo\/#\/schema\/person\/image\/\",\"url\":\"https:\/\/secure.gravatar.com\/avatar\/6673d8bc6a9c17fa9a453eaa3448de834fa308c2ec9635b7aa99441a7c8d2cf6?s=96&d=mm&r=g\",\"contentUrl\":\"https:\/\/secure.gravatar.com\/avatar\/6673d8bc6a9c17fa9a453eaa3448de834fa308c2ec9635b7aa99441a7c8d2cf6?s=96&d=mm&r=g\",\"caption\":\"la r\u00e9daction\"},\"url\":\"https:\/\/vosgesinfo.fr\/saintdieinfo\/author\/redac\/\"}]}<\/script>\n<!-- \/ Yoast SEO plugin. -->","yoast_head_json":{"title":"Vosges \u2013 Avis n\u00e9gatif pour la r\u00e9introduction du grand t\u00e9tras - Saint Die Info","robots":{"index":"index","follow":"follow","max-snippet":"max-snippet:-1","max-image-preview":"max-image-preview:large","max-video-preview":"max-video-preview:-1"},"canonical":"https:\/\/vosgesinfo.fr\/saintdieinfo\/2023\/03\/vosges-avis-negatif-reintroduction-grand-tetras\/","twitter_card":"summary_large_image","twitter_title":"Vosges \u2013 Avis n\u00e9gatif pour la r\u00e9introduction du grand t\u00e9tras - Saint Die Info","twitter_description":"la Pr\u00e9f\u00e8te des Vosges\u00a0 et le Pr\u00e9sident du Parc National R\u00e9gional (PNR) des Ballons des Vosges ont r\u00e9uni le mercredi [&hellip;]","twitter_image":"https:\/\/vosgesinfo.fr\/app\/uploads\/sites\/4\/2018\/02\/grand-tetras.jpg","twitter_creator":"@VosgesInfo88","twitter_site":"@VosgesInfo88","twitter_misc":{"\u00c9crit par":"la r\u00e9daction","Dur\u00e9e de lecture estim\u00e9e":"2 minutes"},"schema":{"@context":"https:\/\/schema.org","@graph":[{"@type":"Article","@id":"https:\/\/vosgesinfo.fr\/saintdieinfo\/2023\/03\/vosges-avis-negatif-reintroduction-grand-tetras\/#article","isPartOf":{"@id":"https:\/\/vosgesinfo.fr\/saintdieinfo\/2023\/03\/vosges-avis-negatif-reintroduction-grand-tetras\/"},"author":{"name":"la r\u00e9daction","@id":"https:\/\/vosgesinfo.fr\/saintdieinfo\/#\/schema\/person\/faee6704a21f3977511db84bd1cd450f"},"headline":"Vosges \u2013 Avis n\u00e9gatif pour la r\u00e9introduction du grand t\u00e9tras","datePublished":"2023-03-08T09:03:26+00:00","dateModified":"2023-03-08T09:03:26+00:00","mainEntityOfPage":{"@id":"https:\/\/vosgesinfo.fr\/saintdieinfo\/2023\/03\/vosges-avis-negatif-reintroduction-grand-tetras\/"},"wordCount":416,"commentCount":0,"publisher":{"@id":"https:\/\/vosgesinfo.fr\/saintdieinfo\/#organization"},"image":{"@id":"https:\/\/vosgesinfo.fr\/saintdieinfo\/2023\/03\/vosges-avis-negatif-reintroduction-grand-tetras\/#primaryimage"},"thumbnailUrl":"https:\/\/vosgesinfo.fr\/app\/uploads\/sites\/4\/2018\/02\/grand-tetras.jpg","keywords":["Grand t\u00e9tras","R\u00e9introduction du grand t\u00e9tras"],"articleSection":["A la Une","Vosges"],"inLanguage":"fr-FR","potentialAction":[{"@type":"CommentAction","name":"Comment","target":["https:\/\/vosgesinfo.fr\/saintdieinfo\/2023\/03\/vosges-avis-negatif-reintroduction-grand-tetras\/#respond"]}]},{"@type":"WebPage","@id":"https:\/\/vosgesinfo.fr\/saintdieinfo\/2023\/03\/vosges-avis-negatif-reintroduction-grand-tetras\/","url":"https:\/\/vosgesinfo.fr\/saintdieinfo\/2023\/03\/vosges-avis-negatif-reintroduction-grand-tetras\/","name":"Vosges \u2013 Avis n\u00e9gatif pour la r\u00e9introduction du grand t\u00e9tras - Saint Die Info","isPartOf":{"@id":"https:\/\/vosgesinfo.fr\/saintdieinfo\/#website"},"primaryImageOfPage":{"@id":"https:\/\/vosgesinfo.fr\/saintdieinfo\/2023\/03\/vosges-avis-negatif-reintroduction-grand-tetras\/#primaryimage"},"image":{"@id":"https:\/\/vosgesinfo.fr\/saintdieinfo\/2023\/03\/vosges-avis-negatif-reintroduction-grand-tetras\/#primaryimage"},"thumbnailUrl":"https:\/\/vosgesinfo.fr\/app\/uploads\/sites\/4\/2018\/02\/grand-tetras.jpg","datePublished":"2023-03-08T09:03:26+00:00","dateModified":"2023-03-08T09:03:26+00:00","breadcrumb":{"@id":"https:\/\/vosgesinfo.fr\/saintdieinfo\/2023\/03\/vosges-avis-negatif-reintroduction-grand-tetras\/#breadcrumb"},"inLanguage":"fr-FR","potentialAction":[{"@type":"ReadAction","target":["https:\/\/vosgesinfo.fr\/saintdieinfo\/2023\/03\/vosges-avis-negatif-reintroduction-grand-tetras\/"]}]},{"@type":"ImageObject","inLanguage":"fr-FR","@id":"https:\/\/vosgesinfo.fr\/saintdieinfo\/2023\/03\/vosges-avis-negatif-reintroduction-grand-tetras\/#primaryimage","url":"https:\/\/vosgesinfo.fr\/app\/uploads\/sites\/4\/2018\/02\/grand-tetras.jpg","contentUrl":"https:\/\/vosgesinfo.fr\/app\/uploads\/sites\/4\/2018\/02\/grand-tetras.jpg","width":540,"height":358},{"@type":"BreadcrumbList","@id":"https:\/\/vosgesinfo.fr\/saintdieinfo\/2023\/03\/vosges-avis-negatif-reintroduction-grand-tetras\/#breadcrumb","itemListElement":[{"@type":"ListItem","position":1,"name":"Home","item":"https:\/\/vosgesinfo.fr\/saintdieinfo\/"},{"@type":"ListItem","position":2,"name":"Vosges \u2013 Avis n\u00e9gatif pour la r\u00e9introduction du grand t\u00e9tras"}]},{"@type":"WebSite","@id":"https:\/\/vosgesinfo.fr\/saintdieinfo\/#website","url":"https:\/\/vosgesinfo.fr\/saintdieinfo\/","name":"Saint Die Info","description":"Toute l&#039;actualit\u00e9 de Saint-Di\u00e9-Des-Vosges","publisher":{"@id":"https:\/\/vosgesinfo.fr\/saintdieinfo\/#organization"},"alternateName":"Toute l'actualit\u00e9 de Saint-Di\u00e9-Des-Vosges","potentialAction":[{"@type":"SearchAction","target":{"@type":"EntryPoint","urlTemplate":"https:\/\/vosgesinfo.fr\/saintdieinfo\/?s={search_term_string}"},"query-input":"required name=search_term_string"}],"inLanguage":"fr-FR"},{"@type":"Organization","@id":"https:\/\/vosgesinfo.fr\/saintdieinfo\/#organization","name":"Saint Die Info","url":"https:\/\/vosgesinfo.fr\/saintdieinfo\/","logo":{"@type":"ImageObject","inLanguage":"fr-FR","@id":"https:\/\/vosgesinfo.fr\/saintdieinfo\/#\/schema\/logo\/image\/","url":"https:\/\/vosgesinfo.fr\/app\/uploads\/sites\/4\/2024\/02\/logo-sdi.jpg","contentUrl":"https:\/\/vosgesinfo.fr\/app\/uploads\/sites\/4\/2024\/02\/logo-sdi.jpg","width":600,"height":600,"caption":"Saint Die Info"},"image":{"@id":"https:\/\/vosgesinfo.fr\/saintdieinfo\/#\/schema\/logo\/image\/"},"sameAs":["https:\/\/www.facebook.com\/Saintdieinfofr","https:\/\/x.com\/VosgesInfo88","https:\/\/www.youtube.com\/@vosgesinfo"]},{"@type":"Person","@id":"https:\/\/vosgesinfo.fr\/saintdieinfo\/#\/schema\/person\/faee6704a21f3977511db84bd1cd450f","name":"la r\u00e9daction","image":{"@type":"ImageObject","inLanguage":"fr-FR","@id":"https:\/\/vosgesinfo.fr\/saintdieinfo\/#\/schema\/person\/image\/","url":"https:\/\/secure.gravatar.com\/avatar\/6673d8bc6a9c17fa9a453eaa3448de834fa308c2ec9635b7aa99441a7c8d2cf6?s=96&d=mm&r=g","contentUrl":"https:\/\/secure.gravatar.com\/avatar\/6673d8bc6a9c17fa9a453eaa3448de834fa308c2ec9635b7aa99441a7c8d2cf6?s=96&d=mm&r=g","caption":"la r\u00e9daction"},"url":"https:\/\/vosgesinfo.fr\/saintdieinfo\/author\/redac\/"}]}},"_links":{"self":[{"href":"https:\/\/vosgesinfo.fr\/saintdieinfo\/wp-json\/wp\/v2\/posts\/62904","targetHints":{"allow":["GET"]}}],"collection":[{"href":"https:\/\/vosgesinfo.fr\/saintdieinfo\/wp-json\/wp\/v2\/posts"}],"about":[{"href":"https:\/\/vosgesinfo.fr\/saintdieinfo\/wp-json\/wp\/v2\/types\/post"}],"author":[{"embeddable":true,"href":"https:\/\/vosgesinfo.fr\/saintdieinfo\/wp-json\/wp\/v2\/users\/44"}],"replies":[{"embeddable":true,"href":"https:\/\/vosgesinfo.fr\/saintdieinfo\/wp-json\/wp\/v2\/comments?post=62904"}],"version-history":[{"count":0,"href":"https:\/\/vosgesinfo.fr\/saintdieinfo\/wp-json\/wp\/v2\/posts\/62904\/revisions"}],"wp:featuredmedia":[{"embeddable":true,"href":"https:\/\/vosgesinfo.fr\/saintdieinfo\/wp-json\/wp\/v2\/media\/23725"}],"wp:attachment":[{"href":"https:\/\/vosgesinfo.fr\/saintdieinfo\/wp-json\/wp\/v2\/media?parent=62904"}],"wp:term":[{"taxonomy":"category","embeddable":true,"href":"https:\/\/vosgesinfo.fr\/saintdieinfo\/wp-json\/wp\/v2\/categories?post=62904"},{"taxonomy":"post_tag","embeddable":true,"href":"https:\/\/vosgesinfo.fr\/saintdieinfo\/wp-json\/wp\/v2\/tags?post=62904"}],"curies":[{"name":"wp","href":"https:\/\/api.w.org\/{rel}","templated":true}]}}