{"id":62905,"date":"2023-03-08T10:27:07","date_gmt":"2023-03-08T09:27:07","guid":{"rendered":"https:\/\/vosgesinfo.fr\/saintdieinfo\/2023\/03\/a-lapproche-baccalaureat-lyceens-de-saint-die-vosges-fetent-pere-cent\/"},"modified":"2023-03-08T10:27:07","modified_gmt":"2023-03-08T09:27:07","slug":"a-lapproche-baccalaureat-lyceens-de-saint-die-vosges-fetent-pere-cent","status":"publish","type":"post","link":"https:\/\/vosgesinfo.fr\/saintdieinfo\/2023\/03\/a-lapproche-baccalaureat-lyceens-de-saint-die-vosges-fetent-pere-cent\/","title":{"rendered":"A l&rsquo;approche du Baccalaur\u00e9at, les lyc\u00e9ens de Saint-Di\u00e9-des-Vosges f\u00eatent le P\u00e8re Cent"},"content":{"rendered":"<div id=\"attachment_198020\" style=\"width: 970px\" class=\"wp-caption aligncenter\"><a href=\"\/2023\/03\/P\u00e8re-Cent_SDDV-2.jpg\" target=\"_blank\" rel=\"noopener\"><img decoding=\"async\" aria-describedby=\"caption-attachment-198020\" class=\"wp-image-198020 size-large\" src=\"\/2023\/03\/P\u00e8re-Cent_SDDV-2-1024x683.jpg\" alt=\"P\u00e8re-Cent_SDDV (2)\" width=\"960\" height=\"640\" \/><\/a><p id=\"caption-attachment-198020\" class=\"wp-caption-text\">(Photographies Marc Fourniquet)<\/p><\/div>\n<h2><strong><span style=\"font-size: 14pt;\">C&rsquo;est une tradition bien ancr\u00e9e \u00e0 Saint-Di\u00e9-des-Vosges, et cette ann\u00e9e 2023 le montre encore une fois. Car La pluie, le vent et la grisaille n&rsquo;ont pas emp\u00each\u00e9 les lyc\u00e9ens d\u00e9odatiens de f\u00eater le P\u00e8re Cent ce mercredi 8 mars.<\/span><\/strong><\/h2>\n<p><!--more--><\/p>\n<p>Ces derniers ont sillonn\u00e9 les rues du centre-ville et les abords des lyc\u00e9es de la ville. A grands renforts de d\u00e9guisements&#8230; et \u00e0 grands renforts de sacs de farine, \u0153ufs et autres produits vaisselle. Afin d&rsquo;\u00e9viter les d\u00e9bordements, ce qui est d\u00e9j\u00e0 arriv\u00e9 par le pass\u00e9, les Polices Municipale et Nationale ont encadr\u00e9 les adolescents tout au long de la journ\u00e9e. Traditionnellement, le P\u00e8re Cent vient marquer les 100 jours avant le d\u00e9but des \u00e9preuves du Baccalaur\u00e9at.<\/p>\n<p>J.J.<\/p>\n\n","protected":false},"excerpt":{"rendered":"<p>C&rsquo;est une tradition bien ancr\u00e9e \u00e0 Saint-Di\u00e9-des-Vosges, et cette ann\u00e9e 2023 le montre encore une fois. Car La pluie, le [&hellip;]<\/p>\n","protected":false},"author":44,"featured_media":31434,"comment_status":"open","ping_status":"open","sticky":false,"template":"","format":"standard","meta":{"footnotes":""},"categories":[460,6,2915],"tags":[1080,5554],"class_list":["post-62905","post","type-post","status-publish","format-standard","has-post-thumbnail","hentry","category-a-la-une","category-education","category-saint-die-son-canton","tag-pere-cent","tag-pere-cent-a-saint-die-des-vosges"],"acf":[],"yoast_head":"<!-- This site is optimized with the Yoast SEO plugin v22.5 - https:\/\/yoast.com\/wordpress\/plugins\/seo\/ -->\n<title>A l&#039;approche du Baccalaur\u00e9at, les lyc\u00e9ens de Saint-Di\u00e9-des-Vosges f\u00eatent le P\u00e8re Cent - Saint Die Info<\/title>\n<meta name=\"robots\" content=\"index, follow, max-snippet:-1, max-image-preview:large, max-video-preview:-1\" \/>\n<link rel=\"canonical\" href=\"https:\/\/vosgesinfo.fr\/saintdieinfo\/2023\/03\/a-lapproche-baccalaureat-lyceens-de-saint-die-vosges-fetent-pere-cent\/\" \/>\n<meta name=\"twitter:card\" content=\"summary_large_image\" \/>\n<meta name=\"twitter:title\" content=\"A l&#039;approche du Baccalaur\u00e9at, les lyc\u00e9ens de Saint-Di\u00e9-des-Vosges f\u00eatent le P\u00e8re Cent - Saint Die Info\" \/>\n<meta name=\"twitter:description\" content=\"C&rsquo;est une tradition bien ancr\u00e9e \u00e0 Saint-Di\u00e9-des-Vosges, et cette ann\u00e9e 2023 le montre encore une fois. Car La pluie, le [&hellip;]\" \/>\n<meta name=\"twitter:image\" content=\"https:\/\/vosgesinfo.fr\/app\/uploads\/sites\/4\/2024\/03\/pere-cent-sddv-2.jpg\" \/>\n<meta name=\"twitter:creator\" content=\"@VosgesInfo88\" \/>\n<meta name=\"twitter:site\" content=\"@VosgesInfo88\" \/>\n<meta name=\"twitter:label1\" content=\"\u00c9crit par\" \/>\n\t<meta name=\"twitter:data1\" content=\"la r\u00e9daction\" \/>\n\t<meta name=\"twitter:label2\" content=\"Dur\u00e9e de lecture estim\u00e9e\" \/>\n\t<meta name=\"twitter:data2\" content=\"1 minute\" \/>\n<script type=\"application\/ld+json\" class=\"yoast-schema-graph\">{\"@context\":\"https:\/\/schema.org\",\"@graph\":[{\"@type\":\"Article\",\"@id\":\"https:\/\/vosgesinfo.fr\/saintdieinfo\/2023\/03\/a-lapproche-baccalaureat-lyceens-de-saint-die-vosges-fetent-pere-cent\/#article\",\"isPartOf\":{\"@id\":\"https:\/\/vosgesinfo.fr\/saintdieinfo\/2023\/03\/a-lapproche-baccalaureat-lyceens-de-saint-die-vosges-fetent-pere-cent\/\"},\"author\":{\"name\":\"la r\u00e9daction\",\"@id\":\"https:\/\/vosgesinfo.fr\/saintdieinfo\/#\/schema\/person\/faee6704a21f3977511db84bd1cd450f\"},\"headline\":\"A l&rsquo;approche du Baccalaur\u00e9at, les lyc\u00e9ens de Saint-Di\u00e9-des-Vosges f\u00eatent le P\u00e8re Cent\",\"datePublished\":\"2023-03-08T09:27:07+00:00\",\"dateModified\":\"2023-03-08T09:27:07+00:00\",\"mainEntityOfPage\":{\"@id\":\"https:\/\/vosgesinfo.fr\/saintdieinfo\/2023\/03\/a-lapproche-baccalaureat-lyceens-de-saint-die-vosges-fetent-pere-cent\/\"},\"wordCount\":166,\"commentCount\":0,\"publisher\":{\"@id\":\"https:\/\/vosgesinfo.fr\/saintdieinfo\/#organization\"},\"image\":{\"@id\":\"https:\/\/vosgesinfo.fr\/saintdieinfo\/2023\/03\/a-lapproche-baccalaureat-lyceens-de-saint-die-vosges-fetent-pere-cent\/#primaryimage\"},\"thumbnailUrl\":\"https:\/\/vosgesinfo.fr\/app\/uploads\/sites\/4\/2024\/03\/pere-cent-sddv-2.jpg\",\"keywords\":[\"P\u00e8re Cent\",\"P\u00e8re Cent \u00e0 Saint-Di\u00e9-des-Vosges\"],\"articleSection\":[\"A la Une\",\"\u00c9ducation\",\"Saint-Di\u00e9-des-Vosges et son Agglom\u00e9ration\"],\"inLanguage\":\"fr-FR\",\"potentialAction\":[{\"@type\":\"CommentAction\",\"name\":\"Comment\",\"target\":[\"https:\/\/vosgesinfo.fr\/saintdieinfo\/2023\/03\/a-lapproche-baccalaureat-lyceens-de-saint-die-vosges-fetent-pere-cent\/#respond\"]}]},{\"@type\":\"WebPage\",\"@id\":\"https:\/\/vosgesinfo.fr\/saintdieinfo\/2023\/03\/a-lapproche-baccalaureat-lyceens-de-saint-die-vosges-fetent-pere-cent\/\",\"url\":\"https:\/\/vosgesinfo.fr\/saintdieinfo\/2023\/03\/a-lapproche-baccalaureat-lyceens-de-saint-die-vosges-fetent-pere-cent\/\",\"name\":\"A l'approche du Baccalaur\u00e9at, les lyc\u00e9ens de Saint-Di\u00e9-des-Vosges f\u00eatent le P\u00e8re Cent - Saint Die Info\",\"isPartOf\":{\"@id\":\"https:\/\/vosgesinfo.fr\/saintdieinfo\/#website\"},\"primaryImageOfPage\":{\"@id\":\"https:\/\/vosgesinfo.fr\/saintdieinfo\/2023\/03\/a-lapproche-baccalaureat-lyceens-de-saint-die-vosges-fetent-pere-cent\/#primaryimage\"},\"image\":{\"@id\":\"https:\/\/vosgesinfo.fr\/saintdieinfo\/2023\/03\/a-lapproche-baccalaureat-lyceens-de-saint-die-vosges-fetent-pere-cent\/#primaryimage\"},\"thumbnailUrl\":\"https:\/\/vosgesinfo.fr\/app\/uploads\/sites\/4\/2024\/03\/pere-cent-sddv-2.jpg\",\"datePublished\":\"2023-03-08T09:27:07+00:00\",\"dateModified\":\"2023-03-08T09:27:07+00:00\",\"breadcrumb\":{\"@id\":\"https:\/\/vosgesinfo.fr\/saintdieinfo\/2023\/03\/a-lapproche-baccalaureat-lyceens-de-saint-die-vosges-fetent-pere-cent\/#breadcrumb\"},\"inLanguage\":\"fr-FR\",\"potentialAction\":[{\"@type\":\"ReadAction\",\"target\":[\"https:\/\/vosgesinfo.fr\/saintdieinfo\/2023\/03\/a-lapproche-baccalaureat-lyceens-de-saint-die-vosges-fetent-pere-cent\/\"]}]},{\"@type\":\"ImageObject\",\"inLanguage\":\"fr-FR\",\"@id\":\"https:\/\/vosgesinfo.fr\/saintdieinfo\/2023\/03\/a-lapproche-baccalaureat-lyceens-de-saint-die-vosges-fetent-pere-cent\/#primaryimage\",\"url\":\"https:\/\/vosgesinfo.fr\/app\/uploads\/sites\/4\/2024\/03\/pere-cent-sddv-2.jpg\",\"contentUrl\":\"https:\/\/vosgesinfo.fr\/app\/uploads\/sites\/4\/2024\/03\/pere-cent-sddv-2.jpg\",\"width\":1200,\"height\":800},{\"@type\":\"BreadcrumbList\",\"@id\":\"https:\/\/vosgesinfo.fr\/saintdieinfo\/2023\/03\/a-lapproche-baccalaureat-lyceens-de-saint-die-vosges-fetent-pere-cent\/#breadcrumb\",\"itemListElement\":[{\"@type\":\"ListItem\",\"position\":1,\"name\":\"Home\",\"item\":\"https:\/\/vosgesinfo.fr\/saintdieinfo\/\"},{\"@type\":\"ListItem\",\"position\":2,\"name\":\"A l&rsquo;approche du Baccalaur\u00e9at, les lyc\u00e9ens de Saint-Di\u00e9-des-Vosges f\u00eatent le P\u00e8re Cent\"}]},{\"@type\":\"WebSite\",\"@id\":\"https:\/\/vosgesinfo.fr\/saintdieinfo\/#website\",\"url\":\"https:\/\/vosgesinfo.fr\/saintdieinfo\/\",\"name\":\"Saint Die Info\",\"description\":\"Toute l&#039;actualit\u00e9 de Saint-Di\u00e9-Des-Vosges\",\"publisher\":{\"@id\":\"https:\/\/vosgesinfo.fr\/saintdieinfo\/#organization\"},\"alternateName\":\"Toute l'actualit\u00e9 de Saint-Di\u00e9-Des-Vosges\",\"potentialAction\":[{\"@type\":\"SearchAction\",\"target\":{\"@type\":\"EntryPoint\",\"urlTemplate\":\"https:\/\/vosgesinfo.fr\/saintdieinfo\/?s={search_term_string}\"},\"query-input\":\"required name=search_term_string\"}],\"inLanguage\":\"fr-FR\"},{\"@type\":\"Organization\",\"@id\":\"https:\/\/vosgesinfo.fr\/saintdieinfo\/#organization\",\"name\":\"Saint Die Info\",\"url\":\"https:\/\/vosgesinfo.fr\/saintdieinfo\/\",\"logo\":{\"@type\":\"ImageObject\",\"inLanguage\":\"fr-FR\",\"@id\":\"https:\/\/vosgesinfo.fr\/saintdieinfo\/#\/schema\/logo\/image\/\",\"url\":\"https:\/\/vosgesinfo.fr\/app\/uploads\/sites\/4\/2024\/02\/logo-sdi.jpg\",\"contentUrl\":\"https:\/\/vosgesinfo.fr\/app\/uploads\/sites\/4\/2024\/02\/logo-sdi.jpg\",\"width\":600,\"height\":600,\"caption\":\"Saint Die Info\"},\"image\":{\"@id\":\"https:\/\/vosgesinfo.fr\/saintdieinfo\/#\/schema\/logo\/image\/\"},\"sameAs\":[\"https:\/\/www.facebook.com\/Saintdieinfofr\",\"https:\/\/x.com\/VosgesInfo88\",\"https:\/\/www.youtube.com\/@vosgesinfo\"]},{\"@type\":\"Person\",\"@id\":\"https:\/\/vosgesinfo.fr\/saintdieinfo\/#\/schema\/person\/faee6704a21f3977511db84bd1cd450f\",\"name\":\"la r\u00e9daction\",\"image\":{\"@type\":\"ImageObject\",\"inLanguage\":\"fr-FR\",\"@id\":\"https:\/\/vosgesinfo.fr\/saintdieinfo\/#\/schema\/person\/image\/\",\"url\":\"https:\/\/secure.gravatar.com\/avatar\/6673d8bc6a9c17fa9a453eaa3448de834fa308c2ec9635b7aa99441a7c8d2cf6?s=96&d=mm&r=g\",\"contentUrl\":\"https:\/\/secure.gravatar.com\/avatar\/6673d8bc6a9c17fa9a453eaa3448de834fa308c2ec9635b7aa99441a7c8d2cf6?s=96&d=mm&r=g\",\"caption\":\"la r\u00e9daction\"},\"url\":\"https:\/\/vosgesinfo.fr\/saintdieinfo\/author\/redac\/\"}]}<\/script>\n<!-- \/ Yoast SEO plugin. -->","yoast_head_json":{"title":"A l'approche du Baccalaur\u00e9at, les lyc\u00e9ens de Saint-Di\u00e9-des-Vosges f\u00eatent le P\u00e8re Cent - Saint Die Info","robots":{"index":"index","follow":"follow","max-snippet":"max-snippet:-1","max-image-preview":"max-image-preview:large","max-video-preview":"max-video-preview:-1"},"canonical":"https:\/\/vosgesinfo.fr\/saintdieinfo\/2023\/03\/a-lapproche-baccalaureat-lyceens-de-saint-die-vosges-fetent-pere-cent\/","twitter_card":"summary_large_image","twitter_title":"A l'approche du Baccalaur\u00e9at, les lyc\u00e9ens de Saint-Di\u00e9-des-Vosges f\u00eatent le P\u00e8re Cent - Saint Die Info","twitter_description":"C&rsquo;est une tradition bien ancr\u00e9e \u00e0 Saint-Di\u00e9-des-Vosges, et cette ann\u00e9e 2023 le montre encore une fois. Car La pluie, le [&hellip;]","twitter_image":"https:\/\/vosgesinfo.fr\/app\/uploads\/sites\/4\/2024\/03\/pere-cent-sddv-2.jpg","twitter_creator":"@VosgesInfo88","twitter_site":"@VosgesInfo88","twitter_misc":{"\u00c9crit par":"la r\u00e9daction","Dur\u00e9e de lecture estim\u00e9e":"1 minute"},"schema":{"@context":"https:\/\/schema.org","@graph":[{"@type":"Article","@id":"https:\/\/vosgesinfo.fr\/saintdieinfo\/2023\/03\/a-lapproche-baccalaureat-lyceens-de-saint-die-vosges-fetent-pere-cent\/#article","isPartOf":{"@id":"https:\/\/vosgesinfo.fr\/saintdieinfo\/2023\/03\/a-lapproche-baccalaureat-lyceens-de-saint-die-vosges-fetent-pere-cent\/"},"author":{"name":"la r\u00e9daction","@id":"https:\/\/vosgesinfo.fr\/saintdieinfo\/#\/schema\/person\/faee6704a21f3977511db84bd1cd450f"},"headline":"A l&rsquo;approche du Baccalaur\u00e9at, les lyc\u00e9ens de Saint-Di\u00e9-des-Vosges f\u00eatent le P\u00e8re Cent","datePublished":"2023-03-08T09:27:07+00:00","dateModified":"2023-03-08T09:27:07+00:00","mainEntityOfPage":{"@id":"https:\/\/vosgesinfo.fr\/saintdieinfo\/2023\/03\/a-lapproche-baccalaureat-lyceens-de-saint-die-vosges-fetent-pere-cent\/"},"wordCount":166,"commentCount":0,"publisher":{"@id":"https:\/\/vosgesinfo.fr\/saintdieinfo\/#organization"},"image":{"@id":"https:\/\/vosgesinfo.fr\/saintdieinfo\/2023\/03\/a-lapproche-baccalaureat-lyceens-de-saint-die-vosges-fetent-pere-cent\/#primaryimage"},"thumbnailUrl":"https:\/\/vosgesinfo.fr\/app\/uploads\/sites\/4\/2024\/03\/pere-cent-sddv-2.jpg","keywords":["P\u00e8re Cent","P\u00e8re Cent \u00e0 Saint-Di\u00e9-des-Vosges"],"articleSection":["A la Une","\u00c9ducation","Saint-Di\u00e9-des-Vosges et son Agglom\u00e9ration"],"inLanguage":"fr-FR","potentialAction":[{"@type":"CommentAction","name":"Comment","target":["https:\/\/vosgesinfo.fr\/saintdieinfo\/2023\/03\/a-lapproche-baccalaureat-lyceens-de-saint-die-vosges-fetent-pere-cent\/#respond"]}]},{"@type":"WebPage","@id":"https:\/\/vosgesinfo.fr\/saintdieinfo\/2023\/03\/a-lapproche-baccalaureat-lyceens-de-saint-die-vosges-fetent-pere-cent\/","url":"https:\/\/vosgesinfo.fr\/saintdieinfo\/2023\/03\/a-lapproche-baccalaureat-lyceens-de-saint-die-vosges-fetent-pere-cent\/","name":"A l'approche du Baccalaur\u00e9at, les lyc\u00e9ens de Saint-Di\u00e9-des-Vosges f\u00eatent le P\u00e8re Cent - Saint Die Info","isPartOf":{"@id":"https:\/\/vosgesinfo.fr\/saintdieinfo\/#website"},"primaryImageOfPage":{"@id":"https:\/\/vosgesinfo.fr\/saintdieinfo\/2023\/03\/a-lapproche-baccalaureat-lyceens-de-saint-die-vosges-fetent-pere-cent\/#primaryimage"},"image":{"@id":"https:\/\/vosgesinfo.fr\/saintdieinfo\/2023\/03\/a-lapproche-baccalaureat-lyceens-de-saint-die-vosges-fetent-pere-cent\/#primaryimage"},"thumbnailUrl":"https:\/\/vosgesinfo.fr\/app\/uploads\/sites\/4\/2024\/03\/pere-cent-sddv-2.jpg","datePublished":"2023-03-08T09:27:07+00:00","dateModified":"2023-03-08T09:27:07+00:00","breadcrumb":{"@id":"https:\/\/vosgesinfo.fr\/saintdieinfo\/2023\/03\/a-lapproche-baccalaureat-lyceens-de-saint-die-vosges-fetent-pere-cent\/#breadcrumb"},"inLanguage":"fr-FR","potentialAction":[{"@type":"ReadAction","target":["https:\/\/vosgesinfo.fr\/saintdieinfo\/2023\/03\/a-lapproche-baccalaureat-lyceens-de-saint-die-vosges-fetent-pere-cent\/"]}]},{"@type":"ImageObject","inLanguage":"fr-FR","@id":"https:\/\/vosgesinfo.fr\/saintdieinfo\/2023\/03\/a-lapproche-baccalaureat-lyceens-de-saint-die-vosges-fetent-pere-cent\/#primaryimage","url":"https:\/\/vosgesinfo.fr\/app\/uploads\/sites\/4\/2024\/03\/pere-cent-sddv-2.jpg","contentUrl":"https:\/\/vosgesinfo.fr\/app\/uploads\/sites\/4\/2024\/03\/pere-cent-sddv-2.jpg","width":1200,"height":800},{"@type":"BreadcrumbList","@id":"https:\/\/vosgesinfo.fr\/saintdieinfo\/2023\/03\/a-lapproche-baccalaureat-lyceens-de-saint-die-vosges-fetent-pere-cent\/#breadcrumb","itemListElement":[{"@type":"ListItem","position":1,"name":"Home","item":"https:\/\/vosgesinfo.fr\/saintdieinfo\/"},{"@type":"ListItem","position":2,"name":"A l&rsquo;approche du Baccalaur\u00e9at, les lyc\u00e9ens de Saint-Di\u00e9-des-Vosges f\u00eatent le P\u00e8re Cent"}]},{"@type":"WebSite","@id":"https:\/\/vosgesinfo.fr\/saintdieinfo\/#website","url":"https:\/\/vosgesinfo.fr\/saintdieinfo\/","name":"Saint Die Info","description":"Toute l&#039;actualit\u00e9 de Saint-Di\u00e9-Des-Vosges","publisher":{"@id":"https:\/\/vosgesinfo.fr\/saintdieinfo\/#organization"},"alternateName":"Toute l'actualit\u00e9 de Saint-Di\u00e9-Des-Vosges","potentialAction":[{"@type":"SearchAction","target":{"@type":"EntryPoint","urlTemplate":"https:\/\/vosgesinfo.fr\/saintdieinfo\/?s={search_term_string}"},"query-input":"required name=search_term_string"}],"inLanguage":"fr-FR"},{"@type":"Organization","@id":"https:\/\/vosgesinfo.fr\/saintdieinfo\/#organization","name":"Saint Die Info","url":"https:\/\/vosgesinfo.fr\/saintdieinfo\/","logo":{"@type":"ImageObject","inLanguage":"fr-FR","@id":"https:\/\/vosgesinfo.fr\/saintdieinfo\/#\/schema\/logo\/image\/","url":"https:\/\/vosgesinfo.fr\/app\/uploads\/sites\/4\/2024\/02\/logo-sdi.jpg","contentUrl":"https:\/\/vosgesinfo.fr\/app\/uploads\/sites\/4\/2024\/02\/logo-sdi.jpg","width":600,"height":600,"caption":"Saint Die Info"},"image":{"@id":"https:\/\/vosgesinfo.fr\/saintdieinfo\/#\/schema\/logo\/image\/"},"sameAs":["https:\/\/www.facebook.com\/Saintdieinfofr","https:\/\/x.com\/VosgesInfo88","https:\/\/www.youtube.com\/@vosgesinfo"]},{"@type":"Person","@id":"https:\/\/vosgesinfo.fr\/saintdieinfo\/#\/schema\/person\/faee6704a21f3977511db84bd1cd450f","name":"la r\u00e9daction","image":{"@type":"ImageObject","inLanguage":"fr-FR","@id":"https:\/\/vosgesinfo.fr\/saintdieinfo\/#\/schema\/person\/image\/","url":"https:\/\/secure.gravatar.com\/avatar\/6673d8bc6a9c17fa9a453eaa3448de834fa308c2ec9635b7aa99441a7c8d2cf6?s=96&d=mm&r=g","contentUrl":"https:\/\/secure.gravatar.com\/avatar\/6673d8bc6a9c17fa9a453eaa3448de834fa308c2ec9635b7aa99441a7c8d2cf6?s=96&d=mm&r=g","caption":"la r\u00e9daction"},"url":"https:\/\/vosgesinfo.fr\/saintdieinfo\/author\/redac\/"}]}},"_links":{"self":[{"href":"https:\/\/vosgesinfo.fr\/saintdieinfo\/wp-json\/wp\/v2\/posts\/62905","targetHints":{"allow":["GET"]}}],"collection":[{"href":"https:\/\/vosgesinfo.fr\/saintdieinfo\/wp-json\/wp\/v2\/posts"}],"about":[{"href":"https:\/\/vosgesinfo.fr\/saintdieinfo\/wp-json\/wp\/v2\/types\/post"}],"author":[{"embeddable":true,"href":"https:\/\/vosgesinfo.fr\/saintdieinfo\/wp-json\/wp\/v2\/users\/44"}],"replies":[{"embeddable":true,"href":"https:\/\/vosgesinfo.fr\/saintdieinfo\/wp-json\/wp\/v2\/comments?post=62905"}],"version-history":[{"count":0,"href":"https:\/\/vosgesinfo.fr\/saintdieinfo\/wp-json\/wp\/v2\/posts\/62905\/revisions"}],"wp:featuredmedia":[{"embeddable":true,"href":"https:\/\/vosgesinfo.fr\/saintdieinfo\/wp-json\/wp\/v2\/media\/31434"}],"wp:attachment":[{"href":"https:\/\/vosgesinfo.fr\/saintdieinfo\/wp-json\/wp\/v2\/media?parent=62905"}],"wp:term":[{"taxonomy":"category","embeddable":true,"href":"https:\/\/vosgesinfo.fr\/saintdieinfo\/wp-json\/wp\/v2\/categories?post=62905"},{"taxonomy":"post_tag","embeddable":true,"href":"https:\/\/vosgesinfo.fr\/saintdieinfo\/wp-json\/wp\/v2\/tags?post=62905"}],"curies":[{"name":"wp","href":"https:\/\/api.w.org\/{rel}","templated":true}]}}