{"id":62913,"date":"2023-03-08T10:43:11","date_gmt":"2023-03-08T09:43:11","guid":{"rendered":"https:\/\/vosgesinfo.fr\/saintdieinfo\/2023\/03\/journee-defense-citoyennete-cinquantaine-de-jeunes-de-deodatie\/"},"modified":"2023-03-08T10:43:11","modified_gmt":"2023-03-08T09:43:11","slug":"journee-defense-citoyennete-cinquantaine-de-jeunes-de-deodatie","status":"publish","type":"post","link":"https:\/\/vosgesinfo.fr\/saintdieinfo\/2023\/03\/journee-defense-citoyennete-cinquantaine-de-jeunes-de-deodatie\/","title":{"rendered":"Journ\u00e9e D\u00e9fense et Citoyennet\u00e9 pour une cinquantaine de jeunes de la D\u00e9odatie"},"content":{"rendered":"<p><a href=\"\/2023\/03\/Journ\u00e9e_Citoyennet\u00e9_D\u00e9fense_SDDV-2.jpg\" target=\"_blank\" rel=\"noopener\"><img decoding=\"async\" class=\"aligncenter wp-image-198013 size-large\" src=\"\/2023\/03\/Journ\u00e9e_Citoyennet\u00e9_D\u00e9fense_SDDV-2-1024x771.jpg\" alt=\"Journ\u00e9e_Citoyennet\u00e9_D\u00e9fense_SDDV (2)\" width=\"960\" height=\"723\" \/><\/a><\/p>\n<h2><strong><span style=\"font-size: 14pt;\">En ce mercredi 8 mars, Journ\u00e9e des droits des femmes, Saint-Di\u00e9-des-Vosges accueille une nouvelle session de la Journ\u00e9e D\u00e9fense et Citoyennet\u00e9 \u2013 JDC \u2013 comme chaque ann\u00e9e depuis maintenant 2018.<\/span><\/strong><\/h2>\n<p><!--more--><\/p>\n<p>Comme les pr\u00e9c\u00e9dentes, cette JDC d\u00e9odatienne est coordonn\u00e9e par le Minist\u00e8re des Arm\u00e9es, en lien avec la Ville et la Mission Locale. Compte tenu du calendrier, le fil rouge cette ann\u00e9e est \u00ab\u00a0La place des femmes dans les Arm\u00e9es\u00a0\u00bb. Une cinquantaine de jeunes originaires de la D\u00e9odatie, convoqu\u00e9s au pr\u00e9alable et scolaris\u00e9s ou suivis par la Mission Locale, participent \u00e0 cette session 2023, qui se d\u00e9roule \u00e0 la Tour de la Libert\u00e9. La journ\u00e9e s&rsquo;est ouverte par un temps d&rsquo;accueil et un petit-d\u00e9jeuner. Le midi, les participants \u00e0 la JDC d\u00e9jeuneront avec des \u00e9lus d\u00e9odatiens, dont le maire Toussaint, pour visiter en d\u00e9but d&rsquo;apr\u00e8s-midi l&rsquo;exposition au mus\u00e9e Pierre-No\u00ebl sur le m\u00e9tier d&rsquo;h\u00f4tesse de l&rsquo;air. Puis \u00e0 partir de 13h45, les jeunes participeront \u00e0 des tables-rondes pour \u00e9changer sur la place des femmes dans les forces arm\u00e9es. La journ\u00e9e se terminera par la c\u00e9r\u00e9monie de remise des certificats individuels de participation, qui se d\u00e9roulera au Grand Salon de l&rsquo;H\u00f4tel de Ville.<\/p>\n<p>J.J.<\/p>\n<p><iframe loading=\"lazy\" src=\"\/\/www.youtube.com\/embed\/yGyEpnnYaqw\" width=\"425\" height=\"350\" allowfullscreen=\"allowfullscreen\"><\/iframe><\/p>\n\n","protected":false},"excerpt":{"rendered":"<p>En ce mercredi 8 mars, Journ\u00e9e des droits des femmes, Saint-Di\u00e9-des-Vosges accueille une nouvelle session de la Journ\u00e9e D\u00e9fense et [&hellip;]<\/p>\n","protected":false},"author":44,"featured_media":62914,"comment_status":"open","ping_status":"open","sticky":false,"template":"","format":"standard","meta":{"footnotes":""},"categories":[460,6,2915],"tags":[9663,13903,13939,3154,2953,3240],"class_list":["post-62913","post","type-post","status-publish","format-standard","has-post-thumbnail","hentry","category-a-la-une","category-education","category-saint-die-son-canton","tag-journee-defense-et-citoyennete","tag-journee-des-droits-des-femmes","tag-la-place-des-femmes-dans-les-armees","tag-mission-locale-de-saint-die-des-vosges","tag-tour-de-la-liberte","tag-ville-de-saint-die-des-vosges"],"acf":[],"yoast_head":"<!-- This site is optimized with the Yoast SEO plugin v22.5 - https:\/\/yoast.com\/wordpress\/plugins\/seo\/ -->\n<title>Journ\u00e9e D\u00e9fense et Citoyennet\u00e9 pour une cinquantaine de jeunes de la D\u00e9odatie - Saint Die Info<\/title>\n<meta name=\"robots\" content=\"index, follow, max-snippet:-1, max-image-preview:large, max-video-preview:-1\" \/>\n<link rel=\"canonical\" href=\"https:\/\/vosgesinfo.fr\/saintdieinfo\/2023\/03\/journee-defense-citoyennete-cinquantaine-de-jeunes-de-deodatie\/\" \/>\n<meta name=\"twitter:card\" content=\"summary_large_image\" \/>\n<meta name=\"twitter:title\" content=\"Journ\u00e9e D\u00e9fense et Citoyennet\u00e9 pour une cinquantaine de jeunes de la D\u00e9odatie - Saint Die Info\" \/>\n<meta name=\"twitter:description\" content=\"En ce mercredi 8 mars, Journ\u00e9e des droits des femmes, Saint-Di\u00e9-des-Vosges accueille une nouvelle session de la Journ\u00e9e D\u00e9fense et [&hellip;]\" \/>\n<meta name=\"twitter:image\" content=\"https:\/\/vosgesinfo.fr\/app\/uploads\/sites\/4\/2024\/08\/202303journee-citoyennete-defense-sddv-2-1.jpg\" \/>\n<meta name=\"twitter:creator\" content=\"@VosgesInfo88\" \/>\n<meta name=\"twitter:site\" content=\"@VosgesInfo88\" \/>\n<meta name=\"twitter:label1\" content=\"\u00c9crit par\" \/>\n\t<meta name=\"twitter:data1\" content=\"la r\u00e9daction\" \/>\n\t<meta name=\"twitter:label2\" content=\"Dur\u00e9e de lecture estim\u00e9e\" \/>\n\t<meta name=\"twitter:data2\" content=\"1 minute\" \/>\n<script type=\"application\/ld+json\" class=\"yoast-schema-graph\">{\"@context\":\"https:\/\/schema.org\",\"@graph\":[{\"@type\":\"Article\",\"@id\":\"https:\/\/vosgesinfo.fr\/saintdieinfo\/2023\/03\/journee-defense-citoyennete-cinquantaine-de-jeunes-de-deodatie\/#article\",\"isPartOf\":{\"@id\":\"https:\/\/vosgesinfo.fr\/saintdieinfo\/2023\/03\/journee-defense-citoyennete-cinquantaine-de-jeunes-de-deodatie\/\"},\"author\":{\"name\":\"la r\u00e9daction\",\"@id\":\"https:\/\/vosgesinfo.fr\/saintdieinfo\/#\/schema\/person\/faee6704a21f3977511db84bd1cd450f\"},\"headline\":\"Journ\u00e9e D\u00e9fense et Citoyennet\u00e9 pour une cinquantaine de jeunes de la D\u00e9odatie\",\"datePublished\":\"2023-03-08T09:43:11+00:00\",\"dateModified\":\"2023-03-08T09:43:11+00:00\",\"mainEntityOfPage\":{\"@id\":\"https:\/\/vosgesinfo.fr\/saintdieinfo\/2023\/03\/journee-defense-citoyennete-cinquantaine-de-jeunes-de-deodatie\/\"},\"wordCount\":244,\"commentCount\":0,\"publisher\":{\"@id\":\"https:\/\/vosgesinfo.fr\/saintdieinfo\/#organization\"},\"image\":{\"@id\":\"https:\/\/vosgesinfo.fr\/saintdieinfo\/2023\/03\/journee-defense-citoyennete-cinquantaine-de-jeunes-de-deodatie\/#primaryimage\"},\"thumbnailUrl\":\"https:\/\/vosgesinfo.fr\/app\/uploads\/sites\/4\/2024\/08\/202303journee-citoyennete-defense-sddv-2-1.jpg\",\"keywords\":[\"Journ\u00e9e D\u00e9fense et Citoyennet\u00e9\",\"Journ\u00e9e des droits des femmes\",\"La place des femmes dans les Arm\u00e9es\",\"Mission Locale de Saint-Di\u00e9-des-Vosges\",\"Tour de la Libert\u00e9\",\"Ville de Saint-Di\u00e9-des-Vosges\"],\"articleSection\":[\"A la Une\",\"\u00c9ducation\",\"Saint-Di\u00e9-des-Vosges et son Agglom\u00e9ration\"],\"inLanguage\":\"fr-FR\",\"potentialAction\":[{\"@type\":\"CommentAction\",\"name\":\"Comment\",\"target\":[\"https:\/\/vosgesinfo.fr\/saintdieinfo\/2023\/03\/journee-defense-citoyennete-cinquantaine-de-jeunes-de-deodatie\/#respond\"]}]},{\"@type\":\"WebPage\",\"@id\":\"https:\/\/vosgesinfo.fr\/saintdieinfo\/2023\/03\/journee-defense-citoyennete-cinquantaine-de-jeunes-de-deodatie\/\",\"url\":\"https:\/\/vosgesinfo.fr\/saintdieinfo\/2023\/03\/journee-defense-citoyennete-cinquantaine-de-jeunes-de-deodatie\/\",\"name\":\"Journ\u00e9e D\u00e9fense et Citoyennet\u00e9 pour une cinquantaine de jeunes de la D\u00e9odatie - Saint Die Info\",\"isPartOf\":{\"@id\":\"https:\/\/vosgesinfo.fr\/saintdieinfo\/#website\"},\"primaryImageOfPage\":{\"@id\":\"https:\/\/vosgesinfo.fr\/saintdieinfo\/2023\/03\/journee-defense-citoyennete-cinquantaine-de-jeunes-de-deodatie\/#primaryimage\"},\"image\":{\"@id\":\"https:\/\/vosgesinfo.fr\/saintdieinfo\/2023\/03\/journee-defense-citoyennete-cinquantaine-de-jeunes-de-deodatie\/#primaryimage\"},\"thumbnailUrl\":\"https:\/\/vosgesinfo.fr\/app\/uploads\/sites\/4\/2024\/08\/202303journee-citoyennete-defense-sddv-2-1.jpg\",\"datePublished\":\"2023-03-08T09:43:11+00:00\",\"dateModified\":\"2023-03-08T09:43:11+00:00\",\"breadcrumb\":{\"@id\":\"https:\/\/vosgesinfo.fr\/saintdieinfo\/2023\/03\/journee-defense-citoyennete-cinquantaine-de-jeunes-de-deodatie\/#breadcrumb\"},\"inLanguage\":\"fr-FR\",\"potentialAction\":[{\"@type\":\"ReadAction\",\"target\":[\"https:\/\/vosgesinfo.fr\/saintdieinfo\/2023\/03\/journee-defense-citoyennete-cinquantaine-de-jeunes-de-deodatie\/\"]}]},{\"@type\":\"ImageObject\",\"inLanguage\":\"fr-FR\",\"@id\":\"https:\/\/vosgesinfo.fr\/saintdieinfo\/2023\/03\/journee-defense-citoyennete-cinquantaine-de-jeunes-de-deodatie\/#primaryimage\",\"url\":\"https:\/\/vosgesinfo.fr\/app\/uploads\/sites\/4\/2024\/08\/202303journee-citoyennete-defense-sddv-2-1.jpg\",\"contentUrl\":\"https:\/\/vosgesinfo.fr\/app\/uploads\/sites\/4\/2024\/08\/202303journee-citoyennete-defense-sddv-2-1.jpg\",\"width\":1600,\"height\":1205},{\"@type\":\"BreadcrumbList\",\"@id\":\"https:\/\/vosgesinfo.fr\/saintdieinfo\/2023\/03\/journee-defense-citoyennete-cinquantaine-de-jeunes-de-deodatie\/#breadcrumb\",\"itemListElement\":[{\"@type\":\"ListItem\",\"position\":1,\"name\":\"Home\",\"item\":\"https:\/\/vosgesinfo.fr\/saintdieinfo\/\"},{\"@type\":\"ListItem\",\"position\":2,\"name\":\"Journ\u00e9e D\u00e9fense et Citoyennet\u00e9 pour une cinquantaine de jeunes de la D\u00e9odatie\"}]},{\"@type\":\"WebSite\",\"@id\":\"https:\/\/vosgesinfo.fr\/saintdieinfo\/#website\",\"url\":\"https:\/\/vosgesinfo.fr\/saintdieinfo\/\",\"name\":\"Saint Die Info\",\"description\":\"Toute l&#039;actualit\u00e9 de Saint-Di\u00e9-Des-Vosges\",\"publisher\":{\"@id\":\"https:\/\/vosgesinfo.fr\/saintdieinfo\/#organization\"},\"alternateName\":\"Toute l'actualit\u00e9 de Saint-Di\u00e9-Des-Vosges\",\"potentialAction\":[{\"@type\":\"SearchAction\",\"target\":{\"@type\":\"EntryPoint\",\"urlTemplate\":\"https:\/\/vosgesinfo.fr\/saintdieinfo\/?s={search_term_string}\"},\"query-input\":\"required name=search_term_string\"}],\"inLanguage\":\"fr-FR\"},{\"@type\":\"Organization\",\"@id\":\"https:\/\/vosgesinfo.fr\/saintdieinfo\/#organization\",\"name\":\"Saint Die Info\",\"url\":\"https:\/\/vosgesinfo.fr\/saintdieinfo\/\",\"logo\":{\"@type\":\"ImageObject\",\"inLanguage\":\"fr-FR\",\"@id\":\"https:\/\/vosgesinfo.fr\/saintdieinfo\/#\/schema\/logo\/image\/\",\"url\":\"https:\/\/vosgesinfo.fr\/app\/uploads\/sites\/4\/2024\/02\/logo-sdi.jpg\",\"contentUrl\":\"https:\/\/vosgesinfo.fr\/app\/uploads\/sites\/4\/2024\/02\/logo-sdi.jpg\",\"width\":600,\"height\":600,\"caption\":\"Saint Die Info\"},\"image\":{\"@id\":\"https:\/\/vosgesinfo.fr\/saintdieinfo\/#\/schema\/logo\/image\/\"},\"sameAs\":[\"https:\/\/www.facebook.com\/Saintdieinfofr\",\"https:\/\/x.com\/VosgesInfo88\",\"https:\/\/www.youtube.com\/@vosgesinfo\"]},{\"@type\":\"Person\",\"@id\":\"https:\/\/vosgesinfo.fr\/saintdieinfo\/#\/schema\/person\/faee6704a21f3977511db84bd1cd450f\",\"name\":\"la r\u00e9daction\",\"image\":{\"@type\":\"ImageObject\",\"inLanguage\":\"fr-FR\",\"@id\":\"https:\/\/vosgesinfo.fr\/saintdieinfo\/#\/schema\/person\/image\/\",\"url\":\"https:\/\/secure.gravatar.com\/avatar\/6673d8bc6a9c17fa9a453eaa3448de834fa308c2ec9635b7aa99441a7c8d2cf6?s=96&d=mm&r=g\",\"contentUrl\":\"https:\/\/secure.gravatar.com\/avatar\/6673d8bc6a9c17fa9a453eaa3448de834fa308c2ec9635b7aa99441a7c8d2cf6?s=96&d=mm&r=g\",\"caption\":\"la r\u00e9daction\"},\"url\":\"https:\/\/vosgesinfo.fr\/saintdieinfo\/author\/redac\/\"}]}<\/script>\n<!-- \/ Yoast SEO plugin. -->","yoast_head_json":{"title":"Journ\u00e9e D\u00e9fense et Citoyennet\u00e9 pour une cinquantaine de jeunes de la D\u00e9odatie - Saint Die Info","robots":{"index":"index","follow":"follow","max-snippet":"max-snippet:-1","max-image-preview":"max-image-preview:large","max-video-preview":"max-video-preview:-1"},"canonical":"https:\/\/vosgesinfo.fr\/saintdieinfo\/2023\/03\/journee-defense-citoyennete-cinquantaine-de-jeunes-de-deodatie\/","twitter_card":"summary_large_image","twitter_title":"Journ\u00e9e D\u00e9fense et Citoyennet\u00e9 pour une cinquantaine de jeunes de la D\u00e9odatie - Saint Die Info","twitter_description":"En ce mercredi 8 mars, Journ\u00e9e des droits des femmes, Saint-Di\u00e9-des-Vosges accueille une nouvelle session de la Journ\u00e9e D\u00e9fense et [&hellip;]","twitter_image":"https:\/\/vosgesinfo.fr\/app\/uploads\/sites\/4\/2024\/08\/202303journee-citoyennete-defense-sddv-2-1.jpg","twitter_creator":"@VosgesInfo88","twitter_site":"@VosgesInfo88","twitter_misc":{"\u00c9crit par":"la r\u00e9daction","Dur\u00e9e de lecture estim\u00e9e":"1 minute"},"schema":{"@context":"https:\/\/schema.org","@graph":[{"@type":"Article","@id":"https:\/\/vosgesinfo.fr\/saintdieinfo\/2023\/03\/journee-defense-citoyennete-cinquantaine-de-jeunes-de-deodatie\/#article","isPartOf":{"@id":"https:\/\/vosgesinfo.fr\/saintdieinfo\/2023\/03\/journee-defense-citoyennete-cinquantaine-de-jeunes-de-deodatie\/"},"author":{"name":"la r\u00e9daction","@id":"https:\/\/vosgesinfo.fr\/saintdieinfo\/#\/schema\/person\/faee6704a21f3977511db84bd1cd450f"},"headline":"Journ\u00e9e D\u00e9fense et Citoyennet\u00e9 pour une cinquantaine de jeunes de la D\u00e9odatie","datePublished":"2023-03-08T09:43:11+00:00","dateModified":"2023-03-08T09:43:11+00:00","mainEntityOfPage":{"@id":"https:\/\/vosgesinfo.fr\/saintdieinfo\/2023\/03\/journee-defense-citoyennete-cinquantaine-de-jeunes-de-deodatie\/"},"wordCount":244,"commentCount":0,"publisher":{"@id":"https:\/\/vosgesinfo.fr\/saintdieinfo\/#organization"},"image":{"@id":"https:\/\/vosgesinfo.fr\/saintdieinfo\/2023\/03\/journee-defense-citoyennete-cinquantaine-de-jeunes-de-deodatie\/#primaryimage"},"thumbnailUrl":"https:\/\/vosgesinfo.fr\/app\/uploads\/sites\/4\/2024\/08\/202303journee-citoyennete-defense-sddv-2-1.jpg","keywords":["Journ\u00e9e D\u00e9fense et Citoyennet\u00e9","Journ\u00e9e des droits des femmes","La place des femmes dans les Arm\u00e9es","Mission Locale de Saint-Di\u00e9-des-Vosges","Tour de la Libert\u00e9","Ville de Saint-Di\u00e9-des-Vosges"],"articleSection":["A la Une","\u00c9ducation","Saint-Di\u00e9-des-Vosges et son Agglom\u00e9ration"],"inLanguage":"fr-FR","potentialAction":[{"@type":"CommentAction","name":"Comment","target":["https:\/\/vosgesinfo.fr\/saintdieinfo\/2023\/03\/journee-defense-citoyennete-cinquantaine-de-jeunes-de-deodatie\/#respond"]}]},{"@type":"WebPage","@id":"https:\/\/vosgesinfo.fr\/saintdieinfo\/2023\/03\/journee-defense-citoyennete-cinquantaine-de-jeunes-de-deodatie\/","url":"https:\/\/vosgesinfo.fr\/saintdieinfo\/2023\/03\/journee-defense-citoyennete-cinquantaine-de-jeunes-de-deodatie\/","name":"Journ\u00e9e D\u00e9fense et Citoyennet\u00e9 pour une cinquantaine de jeunes de la D\u00e9odatie - Saint Die Info","isPartOf":{"@id":"https:\/\/vosgesinfo.fr\/saintdieinfo\/#website"},"primaryImageOfPage":{"@id":"https:\/\/vosgesinfo.fr\/saintdieinfo\/2023\/03\/journee-defense-citoyennete-cinquantaine-de-jeunes-de-deodatie\/#primaryimage"},"image":{"@id":"https:\/\/vosgesinfo.fr\/saintdieinfo\/2023\/03\/journee-defense-citoyennete-cinquantaine-de-jeunes-de-deodatie\/#primaryimage"},"thumbnailUrl":"https:\/\/vosgesinfo.fr\/app\/uploads\/sites\/4\/2024\/08\/202303journee-citoyennete-defense-sddv-2-1.jpg","datePublished":"2023-03-08T09:43:11+00:00","dateModified":"2023-03-08T09:43:11+00:00","breadcrumb":{"@id":"https:\/\/vosgesinfo.fr\/saintdieinfo\/2023\/03\/journee-defense-citoyennete-cinquantaine-de-jeunes-de-deodatie\/#breadcrumb"},"inLanguage":"fr-FR","potentialAction":[{"@type":"ReadAction","target":["https:\/\/vosgesinfo.fr\/saintdieinfo\/2023\/03\/journee-defense-citoyennete-cinquantaine-de-jeunes-de-deodatie\/"]}]},{"@type":"ImageObject","inLanguage":"fr-FR","@id":"https:\/\/vosgesinfo.fr\/saintdieinfo\/2023\/03\/journee-defense-citoyennete-cinquantaine-de-jeunes-de-deodatie\/#primaryimage","url":"https:\/\/vosgesinfo.fr\/app\/uploads\/sites\/4\/2024\/08\/202303journee-citoyennete-defense-sddv-2-1.jpg","contentUrl":"https:\/\/vosgesinfo.fr\/app\/uploads\/sites\/4\/2024\/08\/202303journee-citoyennete-defense-sddv-2-1.jpg","width":1600,"height":1205},{"@type":"BreadcrumbList","@id":"https:\/\/vosgesinfo.fr\/saintdieinfo\/2023\/03\/journee-defense-citoyennete-cinquantaine-de-jeunes-de-deodatie\/#breadcrumb","itemListElement":[{"@type":"ListItem","position":1,"name":"Home","item":"https:\/\/vosgesinfo.fr\/saintdieinfo\/"},{"@type":"ListItem","position":2,"name":"Journ\u00e9e D\u00e9fense et Citoyennet\u00e9 pour une cinquantaine de jeunes de la D\u00e9odatie"}]},{"@type":"WebSite","@id":"https:\/\/vosgesinfo.fr\/saintdieinfo\/#website","url":"https:\/\/vosgesinfo.fr\/saintdieinfo\/","name":"Saint Die Info","description":"Toute l&#039;actualit\u00e9 de Saint-Di\u00e9-Des-Vosges","publisher":{"@id":"https:\/\/vosgesinfo.fr\/saintdieinfo\/#organization"},"alternateName":"Toute l'actualit\u00e9 de Saint-Di\u00e9-Des-Vosges","potentialAction":[{"@type":"SearchAction","target":{"@type":"EntryPoint","urlTemplate":"https:\/\/vosgesinfo.fr\/saintdieinfo\/?s={search_term_string}"},"query-input":"required name=search_term_string"}],"inLanguage":"fr-FR"},{"@type":"Organization","@id":"https:\/\/vosgesinfo.fr\/saintdieinfo\/#organization","name":"Saint Die Info","url":"https:\/\/vosgesinfo.fr\/saintdieinfo\/","logo":{"@type":"ImageObject","inLanguage":"fr-FR","@id":"https:\/\/vosgesinfo.fr\/saintdieinfo\/#\/schema\/logo\/image\/","url":"https:\/\/vosgesinfo.fr\/app\/uploads\/sites\/4\/2024\/02\/logo-sdi.jpg","contentUrl":"https:\/\/vosgesinfo.fr\/app\/uploads\/sites\/4\/2024\/02\/logo-sdi.jpg","width":600,"height":600,"caption":"Saint Die Info"},"image":{"@id":"https:\/\/vosgesinfo.fr\/saintdieinfo\/#\/schema\/logo\/image\/"},"sameAs":["https:\/\/www.facebook.com\/Saintdieinfofr","https:\/\/x.com\/VosgesInfo88","https:\/\/www.youtube.com\/@vosgesinfo"]},{"@type":"Person","@id":"https:\/\/vosgesinfo.fr\/saintdieinfo\/#\/schema\/person\/faee6704a21f3977511db84bd1cd450f","name":"la r\u00e9daction","image":{"@type":"ImageObject","inLanguage":"fr-FR","@id":"https:\/\/vosgesinfo.fr\/saintdieinfo\/#\/schema\/person\/image\/","url":"https:\/\/secure.gravatar.com\/avatar\/6673d8bc6a9c17fa9a453eaa3448de834fa308c2ec9635b7aa99441a7c8d2cf6?s=96&d=mm&r=g","contentUrl":"https:\/\/secure.gravatar.com\/avatar\/6673d8bc6a9c17fa9a453eaa3448de834fa308c2ec9635b7aa99441a7c8d2cf6?s=96&d=mm&r=g","caption":"la r\u00e9daction"},"url":"https:\/\/vosgesinfo.fr\/saintdieinfo\/author\/redac\/"}]}},"_links":{"self":[{"href":"https:\/\/vosgesinfo.fr\/saintdieinfo\/wp-json\/wp\/v2\/posts\/62913","targetHints":{"allow":["GET"]}}],"collection":[{"href":"https:\/\/vosgesinfo.fr\/saintdieinfo\/wp-json\/wp\/v2\/posts"}],"about":[{"href":"https:\/\/vosgesinfo.fr\/saintdieinfo\/wp-json\/wp\/v2\/types\/post"}],"author":[{"embeddable":true,"href":"https:\/\/vosgesinfo.fr\/saintdieinfo\/wp-json\/wp\/v2\/users\/44"}],"replies":[{"embeddable":true,"href":"https:\/\/vosgesinfo.fr\/saintdieinfo\/wp-json\/wp\/v2\/comments?post=62913"}],"version-history":[{"count":0,"href":"https:\/\/vosgesinfo.fr\/saintdieinfo\/wp-json\/wp\/v2\/posts\/62913\/revisions"}],"wp:featuredmedia":[{"embeddable":true,"href":"https:\/\/vosgesinfo.fr\/saintdieinfo\/wp-json\/wp\/v2\/media\/62914"}],"wp:attachment":[{"href":"https:\/\/vosgesinfo.fr\/saintdieinfo\/wp-json\/wp\/v2\/media?parent=62913"}],"wp:term":[{"taxonomy":"category","embeddable":true,"href":"https:\/\/vosgesinfo.fr\/saintdieinfo\/wp-json\/wp\/v2\/categories?post=62913"},{"taxonomy":"post_tag","embeddable":true,"href":"https:\/\/vosgesinfo.fr\/saintdieinfo\/wp-json\/wp\/v2\/tags?post=62913"}],"curies":[{"name":"wp","href":"https:\/\/api.w.org\/{rel}","templated":true}]}}