{"id":62915,"date":"2023-03-08T10:51:45","date_gmt":"2023-03-08T09:51:45","guid":{"rendered":"https:\/\/vosgesinfo.fr\/saintdieinfo\/2023\/03\/succes-de-loperation-don-de-cheveux-chez-gamm-vert\/"},"modified":"2023-03-08T10:51:45","modified_gmt":"2023-03-08T09:51:45","slug":"succes-de-loperation-don-de-cheveux-chez-gamm-vert","status":"publish","type":"post","link":"https:\/\/vosgesinfo.fr\/saintdieinfo\/2023\/03\/succes-de-loperation-don-de-cheveux-chez-gamm-vert\/","title":{"rendered":"Succ\u00e8s de l\u2019Op\u00e9ration \u00ab\u00a0Don de Cheveux\u00a0\u00bb chez Gamm Vert"},"content":{"rendered":"<p align=\"LEFT\"><a href=\"\/2023\/03\/don-cheveux-photo-premium.jpg\" target=\"_blank\" rel=\"noopener\"><img decoding=\"async\" class=\"aligncenter wp-image-198071 size-full\" src=\"\/2023\/03\/don-cheveux-photo-premium.jpg\" alt=\"don cheveux photo premium\" width=\"375\" height=\"351\" \/><\/a><\/p>\n<h2 align=\"LEFT\"><strong><span style=\"font-size: 14pt;\">Le samedi 4 Mars 2023, Gamm Vert Saint-Di\u00e9 a organis\u00e9, pour l\u2019association \u00ab\u00a0Fakehairdontcar\u00a0\u00bb, une op\u00e9ration visant \u00e0 r\u00e9colter des cheveux, dans le cadre de la lutte contre le cancer, 19 personnes ont r\u00e9pondu pr\u00e9sent en offrant leurs cheveux, qui serviront \u00e0 la confection de perruques de qualit\u00e9, naturelles et uniques, pour les personnes \u00a0qui sont en soin contre le cancer. <\/span><\/strong><\/h2>\n<p align=\"LEFT\"><!--more--><\/p>\n<p align=\"LEFT\"><strong><a name=\"_GoBack\"><\/a><span style=\"font-size: medium;\">Gamm Vert qui s\u2019investit, depuis de longue date dans la lutte contre le cancer,<\/span><\/strong><span style=\"font-size: medium;\"> remercie toutes ces \u00ab\u00a0donneuses\u00a0\u00bb, dont la plus jeune participante a 10 ans, apr\u00e8s leur avoir offert un bon d\u2019achat de 10 euros valable dans tout le magasin, et un grand merci \u00e0 la coiffeuse professionnelle, bien connue de la D\u00e9odatie \u00ab\u00a0Evelyne\u00a0\u00bb de <strong>\u00ab\u00a0<\/strong><\/span><strong><span style=\"font-size: medium;\">D\u00e9tox Coiffure\u00a0<\/span><\/strong><span style=\"font-size: medium;\"><strong>\u00bb<\/strong> qui a \u0153uvr\u00e9 durant toute la journ\u00e9e de ce samedi, \u00e0 r\u00e9colter ces cheveux, \u00e9paul\u00e9e \u00e9galement par Marjolaine.<\/span><\/p>\n\n<p align=\"LEFT\"><span style=\"font-size: medium;\">R\u00e9daction\u00a0: Patricia Ferry-Demange \u00a0; patricia.ferrydemange@gmail.com<\/span><\/p>\n","protected":false},"excerpt":{"rendered":"<p>Le samedi 4 Mars 2023, Gamm Vert Saint-Di\u00e9 a organis\u00e9, pour l\u2019association \u00ab\u00a0Fakehairdontcar\u00a0\u00bb, une op\u00e9ration visant \u00e0 r\u00e9colter des cheveux, [&hellip;]<\/p>\n","protected":false},"author":44,"featured_media":62916,"comment_status":"open","ping_status":"open","sticky":false,"template":"","format":"standard","meta":{"footnotes":""},"categories":[460,2915,29],"tags":[13830,2942],"class_list":["post-62915","post","type-post","status-publish","format-standard","has-post-thumbnail","hentry","category-a-la-une","category-saint-die-son-canton","category-solidarite","tag-don-de-cheveux","tag-gamm-vert"],"acf":[],"yoast_head":"<!-- This site is optimized with the Yoast SEO plugin v22.5 - https:\/\/yoast.com\/wordpress\/plugins\/seo\/ -->\n<title>Succ\u00e8s de l\u2019Op\u00e9ration \u00ab\u00a0Don de Cheveux\u00a0\u00bb chez Gamm Vert - Saint Die Info<\/title>\n<meta name=\"robots\" content=\"index, follow, max-snippet:-1, max-image-preview:large, max-video-preview:-1\" \/>\n<link rel=\"canonical\" href=\"https:\/\/vosgesinfo.fr\/saintdieinfo\/2023\/03\/succes-de-loperation-don-de-cheveux-chez-gamm-vert\/\" \/>\n<meta name=\"twitter:card\" content=\"summary_large_image\" \/>\n<meta name=\"twitter:title\" content=\"Succ\u00e8s de l\u2019Op\u00e9ration \u00ab\u00a0Don de Cheveux\u00a0\u00bb chez Gamm Vert - Saint Die Info\" \/>\n<meta name=\"twitter:description\" content=\"Le samedi 4 Mars 2023, Gamm Vert Saint-Di\u00e9 a organis\u00e9, pour l\u2019association \u00ab\u00a0Fakehairdontcar\u00a0\u00bb, une op\u00e9ration visant \u00e0 r\u00e9colter des cheveux, [&hellip;]\" \/>\n<meta name=\"twitter:image\" content=\"https:\/\/vosgesinfo.fr\/app\/uploads\/sites\/4\/2024\/08\/202303don-cheveux-photo-premium.jpg\" \/>\n<meta name=\"twitter:creator\" content=\"@VosgesInfo88\" \/>\n<meta name=\"twitter:site\" content=\"@VosgesInfo88\" \/>\n<meta name=\"twitter:label1\" content=\"\u00c9crit par\" \/>\n\t<meta name=\"twitter:data1\" content=\"la r\u00e9daction\" \/>\n\t<meta name=\"twitter:label2\" content=\"Dur\u00e9e de lecture estim\u00e9e\" \/>\n\t<meta name=\"twitter:data2\" content=\"1 minute\" \/>\n<script type=\"application\/ld+json\" class=\"yoast-schema-graph\">{\"@context\":\"https:\/\/schema.org\",\"@graph\":[{\"@type\":\"Article\",\"@id\":\"https:\/\/vosgesinfo.fr\/saintdieinfo\/2023\/03\/succes-de-loperation-don-de-cheveux-chez-gamm-vert\/#article\",\"isPartOf\":{\"@id\":\"https:\/\/vosgesinfo.fr\/saintdieinfo\/2023\/03\/succes-de-loperation-don-de-cheveux-chez-gamm-vert\/\"},\"author\":{\"name\":\"la r\u00e9daction\",\"@id\":\"https:\/\/vosgesinfo.fr\/saintdieinfo\/#\/schema\/person\/faee6704a21f3977511db84bd1cd450f\"},\"headline\":\"Succ\u00e8s de l\u2019Op\u00e9ration \u00ab\u00a0Don de Cheveux\u00a0\u00bb chez Gamm Vert\",\"datePublished\":\"2023-03-08T09:51:45+00:00\",\"dateModified\":\"2023-03-08T09:51:45+00:00\",\"mainEntityOfPage\":{\"@id\":\"https:\/\/vosgesinfo.fr\/saintdieinfo\/2023\/03\/succes-de-loperation-don-de-cheveux-chez-gamm-vert\/\"},\"wordCount\":166,\"commentCount\":0,\"publisher\":{\"@id\":\"https:\/\/vosgesinfo.fr\/saintdieinfo\/#organization\"},\"image\":{\"@id\":\"https:\/\/vosgesinfo.fr\/saintdieinfo\/2023\/03\/succes-de-loperation-don-de-cheveux-chez-gamm-vert\/#primaryimage\"},\"thumbnailUrl\":\"https:\/\/vosgesinfo.fr\/app\/uploads\/sites\/4\/2024\/08\/202303don-cheveux-photo-premium.jpg\",\"keywords\":[\"Don de cheveux\",\"Gamm Vert\"],\"articleSection\":[\"A la Une\",\"Saint-Di\u00e9-des-Vosges et son Agglom\u00e9ration\",\"Solidarit\u00e9\"],\"inLanguage\":\"fr-FR\",\"potentialAction\":[{\"@type\":\"CommentAction\",\"name\":\"Comment\",\"target\":[\"https:\/\/vosgesinfo.fr\/saintdieinfo\/2023\/03\/succes-de-loperation-don-de-cheveux-chez-gamm-vert\/#respond\"]}]},{\"@type\":\"WebPage\",\"@id\":\"https:\/\/vosgesinfo.fr\/saintdieinfo\/2023\/03\/succes-de-loperation-don-de-cheveux-chez-gamm-vert\/\",\"url\":\"https:\/\/vosgesinfo.fr\/saintdieinfo\/2023\/03\/succes-de-loperation-don-de-cheveux-chez-gamm-vert\/\",\"name\":\"Succ\u00e8s de l\u2019Op\u00e9ration \u00ab\u00a0Don de Cheveux\u00a0\u00bb chez Gamm Vert - Saint Die Info\",\"isPartOf\":{\"@id\":\"https:\/\/vosgesinfo.fr\/saintdieinfo\/#website\"},\"primaryImageOfPage\":{\"@id\":\"https:\/\/vosgesinfo.fr\/saintdieinfo\/2023\/03\/succes-de-loperation-don-de-cheveux-chez-gamm-vert\/#primaryimage\"},\"image\":{\"@id\":\"https:\/\/vosgesinfo.fr\/saintdieinfo\/2023\/03\/succes-de-loperation-don-de-cheveux-chez-gamm-vert\/#primaryimage\"},\"thumbnailUrl\":\"https:\/\/vosgesinfo.fr\/app\/uploads\/sites\/4\/2024\/08\/202303don-cheveux-photo-premium.jpg\",\"datePublished\":\"2023-03-08T09:51:45+00:00\",\"dateModified\":\"2023-03-08T09:51:45+00:00\",\"breadcrumb\":{\"@id\":\"https:\/\/vosgesinfo.fr\/saintdieinfo\/2023\/03\/succes-de-loperation-don-de-cheveux-chez-gamm-vert\/#breadcrumb\"},\"inLanguage\":\"fr-FR\",\"potentialAction\":[{\"@type\":\"ReadAction\",\"target\":[\"https:\/\/vosgesinfo.fr\/saintdieinfo\/2023\/03\/succes-de-loperation-don-de-cheveux-chez-gamm-vert\/\"]}]},{\"@type\":\"ImageObject\",\"inLanguage\":\"fr-FR\",\"@id\":\"https:\/\/vosgesinfo.fr\/saintdieinfo\/2023\/03\/succes-de-loperation-don-de-cheveux-chez-gamm-vert\/#primaryimage\",\"url\":\"https:\/\/vosgesinfo.fr\/app\/uploads\/sites\/4\/2024\/08\/202303don-cheveux-photo-premium.jpg\",\"contentUrl\":\"https:\/\/vosgesinfo.fr\/app\/uploads\/sites\/4\/2024\/08\/202303don-cheveux-photo-premium.jpg\",\"width\":375,\"height\":351},{\"@type\":\"BreadcrumbList\",\"@id\":\"https:\/\/vosgesinfo.fr\/saintdieinfo\/2023\/03\/succes-de-loperation-don-de-cheveux-chez-gamm-vert\/#breadcrumb\",\"itemListElement\":[{\"@type\":\"ListItem\",\"position\":1,\"name\":\"Home\",\"item\":\"https:\/\/vosgesinfo.fr\/saintdieinfo\/\"},{\"@type\":\"ListItem\",\"position\":2,\"name\":\"Succ\u00e8s de l\u2019Op\u00e9ration \u00ab\u00a0Don de Cheveux\u00a0\u00bb chez Gamm Vert\"}]},{\"@type\":\"WebSite\",\"@id\":\"https:\/\/vosgesinfo.fr\/saintdieinfo\/#website\",\"url\":\"https:\/\/vosgesinfo.fr\/saintdieinfo\/\",\"name\":\"Saint Die Info\",\"description\":\"Toute l&#039;actualit\u00e9 de Saint-Di\u00e9-Des-Vosges\",\"publisher\":{\"@id\":\"https:\/\/vosgesinfo.fr\/saintdieinfo\/#organization\"},\"alternateName\":\"Toute l'actualit\u00e9 de Saint-Di\u00e9-Des-Vosges\",\"potentialAction\":[{\"@type\":\"SearchAction\",\"target\":{\"@type\":\"EntryPoint\",\"urlTemplate\":\"https:\/\/vosgesinfo.fr\/saintdieinfo\/?s={search_term_string}\"},\"query-input\":\"required name=search_term_string\"}],\"inLanguage\":\"fr-FR\"},{\"@type\":\"Organization\",\"@id\":\"https:\/\/vosgesinfo.fr\/saintdieinfo\/#organization\",\"name\":\"Saint Die Info\",\"url\":\"https:\/\/vosgesinfo.fr\/saintdieinfo\/\",\"logo\":{\"@type\":\"ImageObject\",\"inLanguage\":\"fr-FR\",\"@id\":\"https:\/\/vosgesinfo.fr\/saintdieinfo\/#\/schema\/logo\/image\/\",\"url\":\"https:\/\/vosgesinfo.fr\/app\/uploads\/sites\/4\/2024\/02\/logo-sdi.jpg\",\"contentUrl\":\"https:\/\/vosgesinfo.fr\/app\/uploads\/sites\/4\/2024\/02\/logo-sdi.jpg\",\"width\":600,\"height\":600,\"caption\":\"Saint Die Info\"},\"image\":{\"@id\":\"https:\/\/vosgesinfo.fr\/saintdieinfo\/#\/schema\/logo\/image\/\"},\"sameAs\":[\"https:\/\/www.facebook.com\/Saintdieinfofr\",\"https:\/\/x.com\/VosgesInfo88\",\"https:\/\/www.youtube.com\/@vosgesinfo\"]},{\"@type\":\"Person\",\"@id\":\"https:\/\/vosgesinfo.fr\/saintdieinfo\/#\/schema\/person\/faee6704a21f3977511db84bd1cd450f\",\"name\":\"la r\u00e9daction\",\"image\":{\"@type\":\"ImageObject\",\"inLanguage\":\"fr-FR\",\"@id\":\"https:\/\/vosgesinfo.fr\/saintdieinfo\/#\/schema\/person\/image\/\",\"url\":\"https:\/\/secure.gravatar.com\/avatar\/6673d8bc6a9c17fa9a453eaa3448de834fa308c2ec9635b7aa99441a7c8d2cf6?s=96&d=mm&r=g\",\"contentUrl\":\"https:\/\/secure.gravatar.com\/avatar\/6673d8bc6a9c17fa9a453eaa3448de834fa308c2ec9635b7aa99441a7c8d2cf6?s=96&d=mm&r=g\",\"caption\":\"la r\u00e9daction\"},\"url\":\"https:\/\/vosgesinfo.fr\/saintdieinfo\/author\/redac\/\"}]}<\/script>\n<!-- \/ Yoast SEO plugin. -->","yoast_head_json":{"title":"Succ\u00e8s de l\u2019Op\u00e9ration \u00ab\u00a0Don de Cheveux\u00a0\u00bb chez Gamm Vert - Saint Die Info","robots":{"index":"index","follow":"follow","max-snippet":"max-snippet:-1","max-image-preview":"max-image-preview:large","max-video-preview":"max-video-preview:-1"},"canonical":"https:\/\/vosgesinfo.fr\/saintdieinfo\/2023\/03\/succes-de-loperation-don-de-cheveux-chez-gamm-vert\/","twitter_card":"summary_large_image","twitter_title":"Succ\u00e8s de l\u2019Op\u00e9ration \u00ab\u00a0Don de Cheveux\u00a0\u00bb chez Gamm Vert - Saint Die Info","twitter_description":"Le samedi 4 Mars 2023, Gamm Vert Saint-Di\u00e9 a organis\u00e9, pour l\u2019association \u00ab\u00a0Fakehairdontcar\u00a0\u00bb, une op\u00e9ration visant \u00e0 r\u00e9colter des cheveux, [&hellip;]","twitter_image":"https:\/\/vosgesinfo.fr\/app\/uploads\/sites\/4\/2024\/08\/202303don-cheveux-photo-premium.jpg","twitter_creator":"@VosgesInfo88","twitter_site":"@VosgesInfo88","twitter_misc":{"\u00c9crit par":"la r\u00e9daction","Dur\u00e9e de lecture estim\u00e9e":"1 minute"},"schema":{"@context":"https:\/\/schema.org","@graph":[{"@type":"Article","@id":"https:\/\/vosgesinfo.fr\/saintdieinfo\/2023\/03\/succes-de-loperation-don-de-cheveux-chez-gamm-vert\/#article","isPartOf":{"@id":"https:\/\/vosgesinfo.fr\/saintdieinfo\/2023\/03\/succes-de-loperation-don-de-cheveux-chez-gamm-vert\/"},"author":{"name":"la r\u00e9daction","@id":"https:\/\/vosgesinfo.fr\/saintdieinfo\/#\/schema\/person\/faee6704a21f3977511db84bd1cd450f"},"headline":"Succ\u00e8s de l\u2019Op\u00e9ration \u00ab\u00a0Don de Cheveux\u00a0\u00bb chez Gamm Vert","datePublished":"2023-03-08T09:51:45+00:00","dateModified":"2023-03-08T09:51:45+00:00","mainEntityOfPage":{"@id":"https:\/\/vosgesinfo.fr\/saintdieinfo\/2023\/03\/succes-de-loperation-don-de-cheveux-chez-gamm-vert\/"},"wordCount":166,"commentCount":0,"publisher":{"@id":"https:\/\/vosgesinfo.fr\/saintdieinfo\/#organization"},"image":{"@id":"https:\/\/vosgesinfo.fr\/saintdieinfo\/2023\/03\/succes-de-loperation-don-de-cheveux-chez-gamm-vert\/#primaryimage"},"thumbnailUrl":"https:\/\/vosgesinfo.fr\/app\/uploads\/sites\/4\/2024\/08\/202303don-cheveux-photo-premium.jpg","keywords":["Don de cheveux","Gamm Vert"],"articleSection":["A la Une","Saint-Di\u00e9-des-Vosges et son Agglom\u00e9ration","Solidarit\u00e9"],"inLanguage":"fr-FR","potentialAction":[{"@type":"CommentAction","name":"Comment","target":["https:\/\/vosgesinfo.fr\/saintdieinfo\/2023\/03\/succes-de-loperation-don-de-cheveux-chez-gamm-vert\/#respond"]}]},{"@type":"WebPage","@id":"https:\/\/vosgesinfo.fr\/saintdieinfo\/2023\/03\/succes-de-loperation-don-de-cheveux-chez-gamm-vert\/","url":"https:\/\/vosgesinfo.fr\/saintdieinfo\/2023\/03\/succes-de-loperation-don-de-cheveux-chez-gamm-vert\/","name":"Succ\u00e8s de l\u2019Op\u00e9ration \u00ab\u00a0Don de Cheveux\u00a0\u00bb chez Gamm Vert - Saint Die Info","isPartOf":{"@id":"https:\/\/vosgesinfo.fr\/saintdieinfo\/#website"},"primaryImageOfPage":{"@id":"https:\/\/vosgesinfo.fr\/saintdieinfo\/2023\/03\/succes-de-loperation-don-de-cheveux-chez-gamm-vert\/#primaryimage"},"image":{"@id":"https:\/\/vosgesinfo.fr\/saintdieinfo\/2023\/03\/succes-de-loperation-don-de-cheveux-chez-gamm-vert\/#primaryimage"},"thumbnailUrl":"https:\/\/vosgesinfo.fr\/app\/uploads\/sites\/4\/2024\/08\/202303don-cheveux-photo-premium.jpg","datePublished":"2023-03-08T09:51:45+00:00","dateModified":"2023-03-08T09:51:45+00:00","breadcrumb":{"@id":"https:\/\/vosgesinfo.fr\/saintdieinfo\/2023\/03\/succes-de-loperation-don-de-cheveux-chez-gamm-vert\/#breadcrumb"},"inLanguage":"fr-FR","potentialAction":[{"@type":"ReadAction","target":["https:\/\/vosgesinfo.fr\/saintdieinfo\/2023\/03\/succes-de-loperation-don-de-cheveux-chez-gamm-vert\/"]}]},{"@type":"ImageObject","inLanguage":"fr-FR","@id":"https:\/\/vosgesinfo.fr\/saintdieinfo\/2023\/03\/succes-de-loperation-don-de-cheveux-chez-gamm-vert\/#primaryimage","url":"https:\/\/vosgesinfo.fr\/app\/uploads\/sites\/4\/2024\/08\/202303don-cheveux-photo-premium.jpg","contentUrl":"https:\/\/vosgesinfo.fr\/app\/uploads\/sites\/4\/2024\/08\/202303don-cheveux-photo-premium.jpg","width":375,"height":351},{"@type":"BreadcrumbList","@id":"https:\/\/vosgesinfo.fr\/saintdieinfo\/2023\/03\/succes-de-loperation-don-de-cheveux-chez-gamm-vert\/#breadcrumb","itemListElement":[{"@type":"ListItem","position":1,"name":"Home","item":"https:\/\/vosgesinfo.fr\/saintdieinfo\/"},{"@type":"ListItem","position":2,"name":"Succ\u00e8s de l\u2019Op\u00e9ration \u00ab\u00a0Don de Cheveux\u00a0\u00bb chez Gamm Vert"}]},{"@type":"WebSite","@id":"https:\/\/vosgesinfo.fr\/saintdieinfo\/#website","url":"https:\/\/vosgesinfo.fr\/saintdieinfo\/","name":"Saint Die Info","description":"Toute l&#039;actualit\u00e9 de Saint-Di\u00e9-Des-Vosges","publisher":{"@id":"https:\/\/vosgesinfo.fr\/saintdieinfo\/#organization"},"alternateName":"Toute l'actualit\u00e9 de Saint-Di\u00e9-Des-Vosges","potentialAction":[{"@type":"SearchAction","target":{"@type":"EntryPoint","urlTemplate":"https:\/\/vosgesinfo.fr\/saintdieinfo\/?s={search_term_string}"},"query-input":"required name=search_term_string"}],"inLanguage":"fr-FR"},{"@type":"Organization","@id":"https:\/\/vosgesinfo.fr\/saintdieinfo\/#organization","name":"Saint Die Info","url":"https:\/\/vosgesinfo.fr\/saintdieinfo\/","logo":{"@type":"ImageObject","inLanguage":"fr-FR","@id":"https:\/\/vosgesinfo.fr\/saintdieinfo\/#\/schema\/logo\/image\/","url":"https:\/\/vosgesinfo.fr\/app\/uploads\/sites\/4\/2024\/02\/logo-sdi.jpg","contentUrl":"https:\/\/vosgesinfo.fr\/app\/uploads\/sites\/4\/2024\/02\/logo-sdi.jpg","width":600,"height":600,"caption":"Saint Die Info"},"image":{"@id":"https:\/\/vosgesinfo.fr\/saintdieinfo\/#\/schema\/logo\/image\/"},"sameAs":["https:\/\/www.facebook.com\/Saintdieinfofr","https:\/\/x.com\/VosgesInfo88","https:\/\/www.youtube.com\/@vosgesinfo"]},{"@type":"Person","@id":"https:\/\/vosgesinfo.fr\/saintdieinfo\/#\/schema\/person\/faee6704a21f3977511db84bd1cd450f","name":"la r\u00e9daction","image":{"@type":"ImageObject","inLanguage":"fr-FR","@id":"https:\/\/vosgesinfo.fr\/saintdieinfo\/#\/schema\/person\/image\/","url":"https:\/\/secure.gravatar.com\/avatar\/6673d8bc6a9c17fa9a453eaa3448de834fa308c2ec9635b7aa99441a7c8d2cf6?s=96&d=mm&r=g","contentUrl":"https:\/\/secure.gravatar.com\/avatar\/6673d8bc6a9c17fa9a453eaa3448de834fa308c2ec9635b7aa99441a7c8d2cf6?s=96&d=mm&r=g","caption":"la r\u00e9daction"},"url":"https:\/\/vosgesinfo.fr\/saintdieinfo\/author\/redac\/"}]}},"_links":{"self":[{"href":"https:\/\/vosgesinfo.fr\/saintdieinfo\/wp-json\/wp\/v2\/posts\/62915","targetHints":{"allow":["GET"]}}],"collection":[{"href":"https:\/\/vosgesinfo.fr\/saintdieinfo\/wp-json\/wp\/v2\/posts"}],"about":[{"href":"https:\/\/vosgesinfo.fr\/saintdieinfo\/wp-json\/wp\/v2\/types\/post"}],"author":[{"embeddable":true,"href":"https:\/\/vosgesinfo.fr\/saintdieinfo\/wp-json\/wp\/v2\/users\/44"}],"replies":[{"embeddable":true,"href":"https:\/\/vosgesinfo.fr\/saintdieinfo\/wp-json\/wp\/v2\/comments?post=62915"}],"version-history":[{"count":0,"href":"https:\/\/vosgesinfo.fr\/saintdieinfo\/wp-json\/wp\/v2\/posts\/62915\/revisions"}],"wp:featuredmedia":[{"embeddable":true,"href":"https:\/\/vosgesinfo.fr\/saintdieinfo\/wp-json\/wp\/v2\/media\/62916"}],"wp:attachment":[{"href":"https:\/\/vosgesinfo.fr\/saintdieinfo\/wp-json\/wp\/v2\/media?parent=62915"}],"wp:term":[{"taxonomy":"category","embeddable":true,"href":"https:\/\/vosgesinfo.fr\/saintdieinfo\/wp-json\/wp\/v2\/categories?post=62915"},{"taxonomy":"post_tag","embeddable":true,"href":"https:\/\/vosgesinfo.fr\/saintdieinfo\/wp-json\/wp\/v2\/tags?post=62915"}],"curies":[{"name":"wp","href":"https:\/\/api.w.org\/{rel}","templated":true}]}}