{"id":62921,"date":"2023-03-08T14:29:32","date_gmt":"2023-03-08T13:29:32","guid":{"rendered":"https:\/\/vosgesinfo.fr\/saintdieinfo\/2023\/03\/tenues-de-lancienne-hotesse-de-lair-josiane-dumoulin-sexposent-musee-pierre-noel\/"},"modified":"2023-03-08T14:29:32","modified_gmt":"2023-03-08T13:29:32","slug":"tenues-de-lancienne-hotesse-de-lair-josiane-dumoulin-sexposent-musee-pierre-noel","status":"publish","type":"post","link":"https:\/\/vosgesinfo.fr\/saintdieinfo\/2023\/03\/tenues-de-lancienne-hotesse-de-lair-josiane-dumoulin-sexposent-musee-pierre-noel\/","title":{"rendered":"Les tenues de l&rsquo;ancienne h\u00f4tesse de l&rsquo;air Josiane Dumoulin s&rsquo;exposent au mus\u00e9e Pierre-No\u00ebl"},"content":{"rendered":"<p><a href=\"\/2023\/03\/Inauguration_Exposition_Air_France-6.jpg\" target=\"_blank\" rel=\"noopener\"><img decoding=\"async\" class=\"aligncenter wp-image-198044 size-large\" src=\"\/2023\/03\/Inauguration_Exposition_Air_France-6-1024x771.jpg\" alt=\"Inauguration_Exposition_Air_France (6)\" width=\"960\" height=\"723\" \/><\/a><\/p>\n<h2><strong><span style=\"font-size: 14pt;\">Dans le cadre de la Journ\u00e9e des droits des femmes, qui a lieu ce mercredi 8 mars, une exposition des tenues de l&rsquo;ancienne h\u00f4tesse de l&rsquo;air Josiane Dumoulin est \u00e0 d\u00e9couvrir jusqu&rsquo;\u00e0 la fin de la semaine au mus\u00e9e Pierre-No\u00ebl.<\/span><\/strong><\/h2>\n<p><!--more--><\/p>\n<p>D\u00e9odatienne de naissance et Parisienne d&rsquo;adoption, Josiane Dumoulin est amie de Dominique Daunan, membre du club Soroptimist de Saint-Di\u00e9-des-Vosges. C&rsquo;est cette derni\u00e8re qui, en d\u00e9couvrant les tenues et divers documents que Josiane Dumoulin avait conserv\u00e9 de sa carri\u00e8re chez Air France, lui a sugg\u00e9r\u00e9 d&rsquo;en faire une exposition. C&rsquo;\u00e9tait il y a environ un an et demi. Apr\u00e8s avoir obtenu l&rsquo;accord de la compagnie a\u00e9rienne, ce projet s&rsquo;est concr\u00e9tis\u00e9 et a donn\u00e9 lieu \u00e0 l&rsquo;exposition qui est actuellement pr\u00e9sent\u00e9e au sous-sol du mus\u00e9e d\u00e9odatien. C&rsquo;est sur les coups de 14h cet apr\u00e8s-midi que l&rsquo;exposition a \u00e9t\u00e9 inaugur\u00e9e, en pr\u00e9sence notamment du maire Bruno Toussaint et de la pr\u00e9sidente du club Soroptimist local Christine Felden.<\/p>\n<p>En parall\u00e8le de l&rsquo;exposition, des jeunes du Centre Social Germaine-Tillion du quartier Saint-Roch ont lu des extraits de la D\u00e9claration des droits de la femme et de la citoyenne, de Olympe de Gouges, ainsi que des citations de Simone Veil. Place au d\u00e9fil\u00e9 ensuite, pour lequel 4 jeunes femmes b\u00e9n\u00e9voles, qui se livraient \u00e0 cet exercice pour la premi\u00e8re fois, ont port\u00e9 certaines des tenues de Josiane Dumoulin avec le journaliste Francis Gerardin aux commentaires. Pour rappel, \u00e0 seulement quelques dizaines de m\u00e8tres du mus\u00e9e, une exposition de portraits de femmes r\u00e9sistantes contemporaines s&rsquo;est install\u00e9e durant tout le mois de mars sur la place du G\u00e9n\u00e9ral-de-Gaulle (<a href=\"https:\/\/saintdieinfo.fr\/2023\/03\/portraits-grandes-resistantes-contemporaines-exposes-place-general-de-gaulle-durant-mois-de-mars\/\" target=\"_blank\" rel=\"noopener\">lire notre article<\/a>).<\/p>\n<p>J.J.<\/p>\n\n","protected":false},"excerpt":{"rendered":"<p>Dans le cadre de la Journ\u00e9e des droits des femmes, qui a lieu ce mercredi 8 mars, une exposition des [&hellip;]<\/p>\n","protected":false},"author":44,"featured_media":62922,"comment_status":"open","ping_status":"open","sticky":false,"template":"","format":"standard","meta":{"footnotes":""},"categories":[460,7847,2915],"tags":[13940,13941,13942,13943,13944,13903,3333],"class_list":["post-62921","post","type-post","status-publish","format-standard","has-post-thumbnail","hentry","category-a-la-une","category-art-culture","category-saint-die-son-canton","tag-air-france","tag-defile-de-mode","tag-exposition-des-tenues-dhotesse-de-lair","tag-hotesse-de-lair","tag-josiane-dumoulin","tag-journee-des-droits-des-femmes","tag-musee-pierre-noel"],"acf":[],"yoast_head":"<!-- This site is optimized with the Yoast SEO plugin v22.5 - https:\/\/yoast.com\/wordpress\/plugins\/seo\/ -->\n<title>Les tenues de l&#039;ancienne h\u00f4tesse de l&#039;air Josiane Dumoulin s&#039;exposent au mus\u00e9e Pierre-No\u00ebl - Saint Die Info<\/title>\n<meta name=\"robots\" content=\"index, follow, max-snippet:-1, max-image-preview:large, max-video-preview:-1\" \/>\n<link rel=\"canonical\" href=\"https:\/\/vosgesinfo.fr\/saintdieinfo\/2023\/03\/tenues-de-lancienne-hotesse-de-lair-josiane-dumoulin-sexposent-musee-pierre-noel\/\" \/>\n<meta name=\"twitter:card\" content=\"summary_large_image\" \/>\n<meta name=\"twitter:title\" content=\"Les tenues de l&#039;ancienne h\u00f4tesse de l&#039;air Josiane Dumoulin s&#039;exposent au mus\u00e9e Pierre-No\u00ebl - Saint Die Info\" \/>\n<meta name=\"twitter:description\" content=\"Dans le cadre de la Journ\u00e9e des droits des femmes, qui a lieu ce mercredi 8 mars, une exposition des [&hellip;]\" \/>\n<meta name=\"twitter:image\" content=\"https:\/\/vosgesinfo.fr\/app\/uploads\/sites\/4\/2024\/08\/202303inauguration-exposition-air-france-6.jpg\" \/>\n<meta name=\"twitter:creator\" content=\"@VosgesInfo88\" \/>\n<meta name=\"twitter:site\" content=\"@VosgesInfo88\" \/>\n<meta name=\"twitter:label1\" content=\"\u00c9crit par\" \/>\n\t<meta name=\"twitter:data1\" content=\"la r\u00e9daction\" \/>\n\t<meta name=\"twitter:label2\" content=\"Dur\u00e9e de lecture estim\u00e9e\" \/>\n\t<meta name=\"twitter:data2\" content=\"2 minutes\" \/>\n<script type=\"application\/ld+json\" class=\"yoast-schema-graph\">{\"@context\":\"https:\/\/schema.org\",\"@graph\":[{\"@type\":\"Article\",\"@id\":\"https:\/\/vosgesinfo.fr\/saintdieinfo\/2023\/03\/tenues-de-lancienne-hotesse-de-lair-josiane-dumoulin-sexposent-musee-pierre-noel\/#article\",\"isPartOf\":{\"@id\":\"https:\/\/vosgesinfo.fr\/saintdieinfo\/2023\/03\/tenues-de-lancienne-hotesse-de-lair-josiane-dumoulin-sexposent-musee-pierre-noel\/\"},\"author\":{\"name\":\"la r\u00e9daction\",\"@id\":\"https:\/\/vosgesinfo.fr\/saintdieinfo\/#\/schema\/person\/faee6704a21f3977511db84bd1cd450f\"},\"headline\":\"Les tenues de l&rsquo;ancienne h\u00f4tesse de l&rsquo;air Josiane Dumoulin s&rsquo;exposent au mus\u00e9e Pierre-No\u00ebl\",\"datePublished\":\"2023-03-08T13:29:32+00:00\",\"dateModified\":\"2023-03-08T13:29:32+00:00\",\"mainEntityOfPage\":{\"@id\":\"https:\/\/vosgesinfo.fr\/saintdieinfo\/2023\/03\/tenues-de-lancienne-hotesse-de-lair-josiane-dumoulin-sexposent-musee-pierre-noel\/\"},\"wordCount\":331,\"commentCount\":0,\"publisher\":{\"@id\":\"https:\/\/vosgesinfo.fr\/saintdieinfo\/#organization\"},\"image\":{\"@id\":\"https:\/\/vosgesinfo.fr\/saintdieinfo\/2023\/03\/tenues-de-lancienne-hotesse-de-lair-josiane-dumoulin-sexposent-musee-pierre-noel\/#primaryimage\"},\"thumbnailUrl\":\"https:\/\/vosgesinfo.fr\/app\/uploads\/sites\/4\/2024\/08\/202303inauguration-exposition-air-france-6.jpg\",\"keywords\":[\"Air France\",\"D\u00e9fil\u00e9 de mode\",\"Exposition des tenues d'h\u00f4tesse de l'air\",\"H\u00f4tesse de l'air\",\"Josiane Dumoulin\",\"Journ\u00e9e des droits des femmes\",\"Mus\u00e9e Pierre-No\u00ebl\"],\"articleSection\":[\"A la Une\",\"Culture\",\"Saint-Di\u00e9-des-Vosges et son Agglom\u00e9ration\"],\"inLanguage\":\"fr-FR\",\"potentialAction\":[{\"@type\":\"CommentAction\",\"name\":\"Comment\",\"target\":[\"https:\/\/vosgesinfo.fr\/saintdieinfo\/2023\/03\/tenues-de-lancienne-hotesse-de-lair-josiane-dumoulin-sexposent-musee-pierre-noel\/#respond\"]}]},{\"@type\":\"WebPage\",\"@id\":\"https:\/\/vosgesinfo.fr\/saintdieinfo\/2023\/03\/tenues-de-lancienne-hotesse-de-lair-josiane-dumoulin-sexposent-musee-pierre-noel\/\",\"url\":\"https:\/\/vosgesinfo.fr\/saintdieinfo\/2023\/03\/tenues-de-lancienne-hotesse-de-lair-josiane-dumoulin-sexposent-musee-pierre-noel\/\",\"name\":\"Les tenues de l'ancienne h\u00f4tesse de l'air Josiane Dumoulin s'exposent au mus\u00e9e Pierre-No\u00ebl - Saint Die Info\",\"isPartOf\":{\"@id\":\"https:\/\/vosgesinfo.fr\/saintdieinfo\/#website\"},\"primaryImageOfPage\":{\"@id\":\"https:\/\/vosgesinfo.fr\/saintdieinfo\/2023\/03\/tenues-de-lancienne-hotesse-de-lair-josiane-dumoulin-sexposent-musee-pierre-noel\/#primaryimage\"},\"image\":{\"@id\":\"https:\/\/vosgesinfo.fr\/saintdieinfo\/2023\/03\/tenues-de-lancienne-hotesse-de-lair-josiane-dumoulin-sexposent-musee-pierre-noel\/#primaryimage\"},\"thumbnailUrl\":\"https:\/\/vosgesinfo.fr\/app\/uploads\/sites\/4\/2024\/08\/202303inauguration-exposition-air-france-6.jpg\",\"datePublished\":\"2023-03-08T13:29:32+00:00\",\"dateModified\":\"2023-03-08T13:29:32+00:00\",\"breadcrumb\":{\"@id\":\"https:\/\/vosgesinfo.fr\/saintdieinfo\/2023\/03\/tenues-de-lancienne-hotesse-de-lair-josiane-dumoulin-sexposent-musee-pierre-noel\/#breadcrumb\"},\"inLanguage\":\"fr-FR\",\"potentialAction\":[{\"@type\":\"ReadAction\",\"target\":[\"https:\/\/vosgesinfo.fr\/saintdieinfo\/2023\/03\/tenues-de-lancienne-hotesse-de-lair-josiane-dumoulin-sexposent-musee-pierre-noel\/\"]}]},{\"@type\":\"ImageObject\",\"inLanguage\":\"fr-FR\",\"@id\":\"https:\/\/vosgesinfo.fr\/saintdieinfo\/2023\/03\/tenues-de-lancienne-hotesse-de-lair-josiane-dumoulin-sexposent-musee-pierre-noel\/#primaryimage\",\"url\":\"https:\/\/vosgesinfo.fr\/app\/uploads\/sites\/4\/2024\/08\/202303inauguration-exposition-air-france-6.jpg\",\"contentUrl\":\"https:\/\/vosgesinfo.fr\/app\/uploads\/sites\/4\/2024\/08\/202303inauguration-exposition-air-france-6.jpg\",\"width\":1600,\"height\":1205},{\"@type\":\"BreadcrumbList\",\"@id\":\"https:\/\/vosgesinfo.fr\/saintdieinfo\/2023\/03\/tenues-de-lancienne-hotesse-de-lair-josiane-dumoulin-sexposent-musee-pierre-noel\/#breadcrumb\",\"itemListElement\":[{\"@type\":\"ListItem\",\"position\":1,\"name\":\"Home\",\"item\":\"https:\/\/vosgesinfo.fr\/saintdieinfo\/\"},{\"@type\":\"ListItem\",\"position\":2,\"name\":\"Les tenues de l&rsquo;ancienne h\u00f4tesse de l&rsquo;air Josiane Dumoulin s&rsquo;exposent au mus\u00e9e Pierre-No\u00ebl\"}]},{\"@type\":\"WebSite\",\"@id\":\"https:\/\/vosgesinfo.fr\/saintdieinfo\/#website\",\"url\":\"https:\/\/vosgesinfo.fr\/saintdieinfo\/\",\"name\":\"Saint Die Info\",\"description\":\"Toute l&#039;actualit\u00e9 de Saint-Di\u00e9-Des-Vosges\",\"publisher\":{\"@id\":\"https:\/\/vosgesinfo.fr\/saintdieinfo\/#organization\"},\"alternateName\":\"Toute l'actualit\u00e9 de Saint-Di\u00e9-Des-Vosges\",\"potentialAction\":[{\"@type\":\"SearchAction\",\"target\":{\"@type\":\"EntryPoint\",\"urlTemplate\":\"https:\/\/vosgesinfo.fr\/saintdieinfo\/?s={search_term_string}\"},\"query-input\":\"required name=search_term_string\"}],\"inLanguage\":\"fr-FR\"},{\"@type\":\"Organization\",\"@id\":\"https:\/\/vosgesinfo.fr\/saintdieinfo\/#organization\",\"name\":\"Saint Die Info\",\"url\":\"https:\/\/vosgesinfo.fr\/saintdieinfo\/\",\"logo\":{\"@type\":\"ImageObject\",\"inLanguage\":\"fr-FR\",\"@id\":\"https:\/\/vosgesinfo.fr\/saintdieinfo\/#\/schema\/logo\/image\/\",\"url\":\"https:\/\/vosgesinfo.fr\/app\/uploads\/sites\/4\/2024\/02\/logo-sdi.jpg\",\"contentUrl\":\"https:\/\/vosgesinfo.fr\/app\/uploads\/sites\/4\/2024\/02\/logo-sdi.jpg\",\"width\":600,\"height\":600,\"caption\":\"Saint Die Info\"},\"image\":{\"@id\":\"https:\/\/vosgesinfo.fr\/saintdieinfo\/#\/schema\/logo\/image\/\"},\"sameAs\":[\"https:\/\/www.facebook.com\/Saintdieinfofr\",\"https:\/\/x.com\/VosgesInfo88\",\"https:\/\/www.youtube.com\/@vosgesinfo\"]},{\"@type\":\"Person\",\"@id\":\"https:\/\/vosgesinfo.fr\/saintdieinfo\/#\/schema\/person\/faee6704a21f3977511db84bd1cd450f\",\"name\":\"la r\u00e9daction\",\"image\":{\"@type\":\"ImageObject\",\"inLanguage\":\"fr-FR\",\"@id\":\"https:\/\/vosgesinfo.fr\/saintdieinfo\/#\/schema\/person\/image\/\",\"url\":\"https:\/\/secure.gravatar.com\/avatar\/6673d8bc6a9c17fa9a453eaa3448de834fa308c2ec9635b7aa99441a7c8d2cf6?s=96&d=mm&r=g\",\"contentUrl\":\"https:\/\/secure.gravatar.com\/avatar\/6673d8bc6a9c17fa9a453eaa3448de834fa308c2ec9635b7aa99441a7c8d2cf6?s=96&d=mm&r=g\",\"caption\":\"la r\u00e9daction\"},\"url\":\"https:\/\/vosgesinfo.fr\/saintdieinfo\/author\/redac\/\"}]}<\/script>\n<!-- \/ Yoast SEO plugin. -->","yoast_head_json":{"title":"Les tenues de l'ancienne h\u00f4tesse de l'air Josiane Dumoulin s'exposent au mus\u00e9e Pierre-No\u00ebl - Saint Die Info","robots":{"index":"index","follow":"follow","max-snippet":"max-snippet:-1","max-image-preview":"max-image-preview:large","max-video-preview":"max-video-preview:-1"},"canonical":"https:\/\/vosgesinfo.fr\/saintdieinfo\/2023\/03\/tenues-de-lancienne-hotesse-de-lair-josiane-dumoulin-sexposent-musee-pierre-noel\/","twitter_card":"summary_large_image","twitter_title":"Les tenues de l'ancienne h\u00f4tesse de l'air Josiane Dumoulin s'exposent au mus\u00e9e Pierre-No\u00ebl - Saint Die Info","twitter_description":"Dans le cadre de la Journ\u00e9e des droits des femmes, qui a lieu ce mercredi 8 mars, une exposition des [&hellip;]","twitter_image":"https:\/\/vosgesinfo.fr\/app\/uploads\/sites\/4\/2024\/08\/202303inauguration-exposition-air-france-6.jpg","twitter_creator":"@VosgesInfo88","twitter_site":"@VosgesInfo88","twitter_misc":{"\u00c9crit par":"la r\u00e9daction","Dur\u00e9e de lecture estim\u00e9e":"2 minutes"},"schema":{"@context":"https:\/\/schema.org","@graph":[{"@type":"Article","@id":"https:\/\/vosgesinfo.fr\/saintdieinfo\/2023\/03\/tenues-de-lancienne-hotesse-de-lair-josiane-dumoulin-sexposent-musee-pierre-noel\/#article","isPartOf":{"@id":"https:\/\/vosgesinfo.fr\/saintdieinfo\/2023\/03\/tenues-de-lancienne-hotesse-de-lair-josiane-dumoulin-sexposent-musee-pierre-noel\/"},"author":{"name":"la r\u00e9daction","@id":"https:\/\/vosgesinfo.fr\/saintdieinfo\/#\/schema\/person\/faee6704a21f3977511db84bd1cd450f"},"headline":"Les tenues de l&rsquo;ancienne h\u00f4tesse de l&rsquo;air Josiane Dumoulin s&rsquo;exposent au mus\u00e9e Pierre-No\u00ebl","datePublished":"2023-03-08T13:29:32+00:00","dateModified":"2023-03-08T13:29:32+00:00","mainEntityOfPage":{"@id":"https:\/\/vosgesinfo.fr\/saintdieinfo\/2023\/03\/tenues-de-lancienne-hotesse-de-lair-josiane-dumoulin-sexposent-musee-pierre-noel\/"},"wordCount":331,"commentCount":0,"publisher":{"@id":"https:\/\/vosgesinfo.fr\/saintdieinfo\/#organization"},"image":{"@id":"https:\/\/vosgesinfo.fr\/saintdieinfo\/2023\/03\/tenues-de-lancienne-hotesse-de-lair-josiane-dumoulin-sexposent-musee-pierre-noel\/#primaryimage"},"thumbnailUrl":"https:\/\/vosgesinfo.fr\/app\/uploads\/sites\/4\/2024\/08\/202303inauguration-exposition-air-france-6.jpg","keywords":["Air France","D\u00e9fil\u00e9 de mode","Exposition des tenues d'h\u00f4tesse de l'air","H\u00f4tesse de l'air","Josiane Dumoulin","Journ\u00e9e des droits des femmes","Mus\u00e9e Pierre-No\u00ebl"],"articleSection":["A la Une","Culture","Saint-Di\u00e9-des-Vosges et son Agglom\u00e9ration"],"inLanguage":"fr-FR","potentialAction":[{"@type":"CommentAction","name":"Comment","target":["https:\/\/vosgesinfo.fr\/saintdieinfo\/2023\/03\/tenues-de-lancienne-hotesse-de-lair-josiane-dumoulin-sexposent-musee-pierre-noel\/#respond"]}]},{"@type":"WebPage","@id":"https:\/\/vosgesinfo.fr\/saintdieinfo\/2023\/03\/tenues-de-lancienne-hotesse-de-lair-josiane-dumoulin-sexposent-musee-pierre-noel\/","url":"https:\/\/vosgesinfo.fr\/saintdieinfo\/2023\/03\/tenues-de-lancienne-hotesse-de-lair-josiane-dumoulin-sexposent-musee-pierre-noel\/","name":"Les tenues de l'ancienne h\u00f4tesse de l'air Josiane Dumoulin s'exposent au mus\u00e9e Pierre-No\u00ebl - Saint Die Info","isPartOf":{"@id":"https:\/\/vosgesinfo.fr\/saintdieinfo\/#website"},"primaryImageOfPage":{"@id":"https:\/\/vosgesinfo.fr\/saintdieinfo\/2023\/03\/tenues-de-lancienne-hotesse-de-lair-josiane-dumoulin-sexposent-musee-pierre-noel\/#primaryimage"},"image":{"@id":"https:\/\/vosgesinfo.fr\/saintdieinfo\/2023\/03\/tenues-de-lancienne-hotesse-de-lair-josiane-dumoulin-sexposent-musee-pierre-noel\/#primaryimage"},"thumbnailUrl":"https:\/\/vosgesinfo.fr\/app\/uploads\/sites\/4\/2024\/08\/202303inauguration-exposition-air-france-6.jpg","datePublished":"2023-03-08T13:29:32+00:00","dateModified":"2023-03-08T13:29:32+00:00","breadcrumb":{"@id":"https:\/\/vosgesinfo.fr\/saintdieinfo\/2023\/03\/tenues-de-lancienne-hotesse-de-lair-josiane-dumoulin-sexposent-musee-pierre-noel\/#breadcrumb"},"inLanguage":"fr-FR","potentialAction":[{"@type":"ReadAction","target":["https:\/\/vosgesinfo.fr\/saintdieinfo\/2023\/03\/tenues-de-lancienne-hotesse-de-lair-josiane-dumoulin-sexposent-musee-pierre-noel\/"]}]},{"@type":"ImageObject","inLanguage":"fr-FR","@id":"https:\/\/vosgesinfo.fr\/saintdieinfo\/2023\/03\/tenues-de-lancienne-hotesse-de-lair-josiane-dumoulin-sexposent-musee-pierre-noel\/#primaryimage","url":"https:\/\/vosgesinfo.fr\/app\/uploads\/sites\/4\/2024\/08\/202303inauguration-exposition-air-france-6.jpg","contentUrl":"https:\/\/vosgesinfo.fr\/app\/uploads\/sites\/4\/2024\/08\/202303inauguration-exposition-air-france-6.jpg","width":1600,"height":1205},{"@type":"BreadcrumbList","@id":"https:\/\/vosgesinfo.fr\/saintdieinfo\/2023\/03\/tenues-de-lancienne-hotesse-de-lair-josiane-dumoulin-sexposent-musee-pierre-noel\/#breadcrumb","itemListElement":[{"@type":"ListItem","position":1,"name":"Home","item":"https:\/\/vosgesinfo.fr\/saintdieinfo\/"},{"@type":"ListItem","position":2,"name":"Les tenues de l&rsquo;ancienne h\u00f4tesse de l&rsquo;air Josiane Dumoulin s&rsquo;exposent au mus\u00e9e Pierre-No\u00ebl"}]},{"@type":"WebSite","@id":"https:\/\/vosgesinfo.fr\/saintdieinfo\/#website","url":"https:\/\/vosgesinfo.fr\/saintdieinfo\/","name":"Saint Die Info","description":"Toute l&#039;actualit\u00e9 de Saint-Di\u00e9-Des-Vosges","publisher":{"@id":"https:\/\/vosgesinfo.fr\/saintdieinfo\/#organization"},"alternateName":"Toute l'actualit\u00e9 de Saint-Di\u00e9-Des-Vosges","potentialAction":[{"@type":"SearchAction","target":{"@type":"EntryPoint","urlTemplate":"https:\/\/vosgesinfo.fr\/saintdieinfo\/?s={search_term_string}"},"query-input":"required name=search_term_string"}],"inLanguage":"fr-FR"},{"@type":"Organization","@id":"https:\/\/vosgesinfo.fr\/saintdieinfo\/#organization","name":"Saint Die Info","url":"https:\/\/vosgesinfo.fr\/saintdieinfo\/","logo":{"@type":"ImageObject","inLanguage":"fr-FR","@id":"https:\/\/vosgesinfo.fr\/saintdieinfo\/#\/schema\/logo\/image\/","url":"https:\/\/vosgesinfo.fr\/app\/uploads\/sites\/4\/2024\/02\/logo-sdi.jpg","contentUrl":"https:\/\/vosgesinfo.fr\/app\/uploads\/sites\/4\/2024\/02\/logo-sdi.jpg","width":600,"height":600,"caption":"Saint Die Info"},"image":{"@id":"https:\/\/vosgesinfo.fr\/saintdieinfo\/#\/schema\/logo\/image\/"},"sameAs":["https:\/\/www.facebook.com\/Saintdieinfofr","https:\/\/x.com\/VosgesInfo88","https:\/\/www.youtube.com\/@vosgesinfo"]},{"@type":"Person","@id":"https:\/\/vosgesinfo.fr\/saintdieinfo\/#\/schema\/person\/faee6704a21f3977511db84bd1cd450f","name":"la r\u00e9daction","image":{"@type":"ImageObject","inLanguage":"fr-FR","@id":"https:\/\/vosgesinfo.fr\/saintdieinfo\/#\/schema\/person\/image\/","url":"https:\/\/secure.gravatar.com\/avatar\/6673d8bc6a9c17fa9a453eaa3448de834fa308c2ec9635b7aa99441a7c8d2cf6?s=96&d=mm&r=g","contentUrl":"https:\/\/secure.gravatar.com\/avatar\/6673d8bc6a9c17fa9a453eaa3448de834fa308c2ec9635b7aa99441a7c8d2cf6?s=96&d=mm&r=g","caption":"la r\u00e9daction"},"url":"https:\/\/vosgesinfo.fr\/saintdieinfo\/author\/redac\/"}]}},"_links":{"self":[{"href":"https:\/\/vosgesinfo.fr\/saintdieinfo\/wp-json\/wp\/v2\/posts\/62921","targetHints":{"allow":["GET"]}}],"collection":[{"href":"https:\/\/vosgesinfo.fr\/saintdieinfo\/wp-json\/wp\/v2\/posts"}],"about":[{"href":"https:\/\/vosgesinfo.fr\/saintdieinfo\/wp-json\/wp\/v2\/types\/post"}],"author":[{"embeddable":true,"href":"https:\/\/vosgesinfo.fr\/saintdieinfo\/wp-json\/wp\/v2\/users\/44"}],"replies":[{"embeddable":true,"href":"https:\/\/vosgesinfo.fr\/saintdieinfo\/wp-json\/wp\/v2\/comments?post=62921"}],"version-history":[{"count":0,"href":"https:\/\/vosgesinfo.fr\/saintdieinfo\/wp-json\/wp\/v2\/posts\/62921\/revisions"}],"wp:featuredmedia":[{"embeddable":true,"href":"https:\/\/vosgesinfo.fr\/saintdieinfo\/wp-json\/wp\/v2\/media\/62922"}],"wp:attachment":[{"href":"https:\/\/vosgesinfo.fr\/saintdieinfo\/wp-json\/wp\/v2\/media?parent=62921"}],"wp:term":[{"taxonomy":"category","embeddable":true,"href":"https:\/\/vosgesinfo.fr\/saintdieinfo\/wp-json\/wp\/v2\/categories?post=62921"},{"taxonomy":"post_tag","embeddable":true,"href":"https:\/\/vosgesinfo.fr\/saintdieinfo\/wp-json\/wp\/v2\/tags?post=62921"}],"curies":[{"name":"wp","href":"https:\/\/api.w.org\/{rel}","templated":true}]}}