{"id":62945,"date":"2023-03-08T15:26:36","date_gmt":"2023-03-08T14:26:36","guid":{"rendered":"https:\/\/vosgesinfo.fr\/saintdieinfo\/2023\/03\/journee-droits-femmes-etre-femme-larmee-ne-jamais-porte-prejudice\/"},"modified":"2023-03-08T15:26:36","modified_gmt":"2023-03-08T14:26:36","slug":"journee-droits-femmes-etre-femme-larmee-ne-jamais-porte-prejudice","status":"publish","type":"post","link":"https:\/\/vosgesinfo.fr\/saintdieinfo\/2023\/03\/journee-droits-femmes-etre-femme-larmee-ne-jamais-porte-prejudice\/","title":{"rendered":"Journ\u00e9e des droits des femmes : \u00ab\u00a0\u00catre une femme dans l&rsquo;Arm\u00e9e ne m&rsquo;a jamais port\u00e9 pr\u00e9judice. \u00bb"},"content":{"rendered":"<p><a href=\"\/2023\/03\/Infirmi\u00e8re_Premier_Grade_Pauline.jpg\" target=\"_blank\" rel=\"noopener\"><img decoding=\"async\" class=\"aligncenter wp-image-198018 size-large\" src=\"\/2023\/03\/Infirmi\u00e8re_Premier_Grade_Pauline-1024x771.jpg\" alt=\"Infirmi\u00e8re_Premier_Grade_Pauline\" width=\"960\" height=\"723\" \/><\/a><\/p>\n<h2><strong><span style=\"font-size: 14pt;\">Si la date du 8 mars est synonyme de Journ\u00e9e des droits des femmes, \u00e0 Saint-Di\u00e9-des-Vosges ce mercredi est \u00e9galement synonyme de Journ\u00e9e D\u00e9fense et Citoyennet\u00e9, dont le th\u00e8me cette ann\u00e9e est \u00ab\u00a0La place des femmes dans les Arm\u00e9es\u00a0\u00bb. Nous avons rencontr\u00e9 \u00e0 cette double occasion Pauline, infirmi\u00e8re en soins g\u00e9n\u00e9raux de premier grade dans l&rsquo;Arm\u00e9e de l&rsquo;Air.<\/span><\/strong><\/h2>\n<p><!--more--><\/p>\n<ol>\n<li>\n<h3><strong><span style=\"font-size: 12pt;\">Bonjour. Pouvez-vous vous pr\u00e9senter bri\u00e8vement\u00a0?<\/span><\/strong><\/h3>\n<\/li>\n<\/ol>\n<p>Originaire de Bourgogne, je suis infirmi\u00e8re au sein du service Sant\u00e9 des Arm\u00e9es depuis 2012. Je me suis engag\u00e9e en 2008 dans l&rsquo;Arm\u00e9e de l&rsquo;Air. J&rsquo;ai suivi en parall\u00e8le l&rsquo;\u00e9cole des sous-officiers et l&rsquo;\u00e9cole du personnel param\u00e9dical des Arm\u00e9es. J&rsquo;ai d\u00e9but\u00e9 dans le rapatriement des bless\u00e9s de guerre et j&rsquo;ai fait un passage par l&rsquo;h\u00f4pital d&rsquo;instruction des Arm\u00e9es. Aujourd&rsquo;hui, je suis bas\u00e9e \u00e0 Nancy-Ochey o\u00f9 je suis infirmi\u00e8re avec 15 personnes sous mes ordres, dans une antenne m\u00e9dicale qui soutient 2000 personnes.<\/p>\n<ol start=\"2\">\n<li>\n<h3><strong><span style=\"font-size: 12pt;\">Pourquoi avoir fait le choix de s&rsquo;engager\u00a0? Pourquoi avoir choisi l&rsquo;Arm\u00e9e de l&rsquo;Air\u00a0?<\/span><\/strong><\/h3>\n<\/li>\n<\/ol>\n<p>J&rsquo;ai commenc\u00e9 mes \u00e9tudes en M\u00e9decine dans le civil, mais je n&rsquo;ai pas r\u00e9ussi le concours. J&rsquo;ai d\u00e9couvert le concours infirmier militaire, que j&rsquo;ai r\u00e9ussi. A l&rsquo;origine, le milieu militaire ne m&rsquo;\u00e9tait pas inconnu mais ce n&rsquo;\u00e9tait pas mon premier choix. Mais je n&rsquo;ai jamais regrett\u00e9 mon choix. Quant \u00e0 l&rsquo;Arm\u00e9e de l&rsquo;Air, je viens de Dijon, une ville o\u00f9 il y avait une forte culture de l&rsquo;Arm\u00e9e de l&rsquo;Air. Car il y avait \u00e0 l&rsquo;\u00e9poque la base a\u00e9rienne 102, qui n&rsquo;existe plus aujourd&rsquo;hui. J&rsquo;ai grandi dans cet environnement, celui des couloirs a\u00e9ronautiques des avions. Mon parcours n&rsquo;existe plus, maintenant le service des sant\u00e9 des Arm\u00e9es recrute directement ses infirmi\u00e8res.<\/p>\n<ol start=\"3\">\n<li>\n<h3><strong><span style=\"font-size: 12pt;\">Avec environ 16% de femmes dans ses rangs, l&rsquo;Arm\u00e9e fran\u00e7aise est l&rsquo;une des plus f\u00e9minis\u00e9es au monde mais elle reste tr\u00e8s masculine. Est-ce que \u00eatre une femme dans l&rsquo;Arm\u00e9e actuellement repr\u00e9sente un d\u00e9fi suppl\u00e9mentaire\u00a0?<\/span><\/strong><\/h3>\n<\/li>\n<\/ol>\n<p>Je dirais que c&rsquo;est un peu un challenge, dans le sens qu&rsquo;il faut prouver qu&rsquo;on a notre place dans l&rsquo;Institution. Mais on nous met en valeur, car il y a une mentalit\u00e9 progressiste et inclusive. Il y a cette volont\u00e9 d&rsquo;inclusion dans l&rsquo;Arm\u00e9e. C&rsquo;est un syst\u00e8me \u00e9galitaire en terme de soldes, qui sont calqu\u00e9es sur des grilles indiciaires. On est donc tous pay\u00e9s de la m\u00eame fa\u00e7on. Et comme on attend la m\u00eame chose d&rsquo;une femme et d&rsquo;un homme, \u00eatre une femme dans l&rsquo;arm\u00e9e ne m&rsquo;a jamais port\u00e9 pr\u00e9judice. Bien au contraire.<\/p>\n<ol start=\"4\">\n<li>\n<h3><strong><span style=\"font-size: 12pt;\">Que repr\u00e9sente pour vous la Journ\u00e9e des droits des femmes\u00a0?<\/span><\/strong><\/h3>\n<\/li>\n<\/ol>\n<p>Cette journ\u00e9e montre qu&rsquo;il y a une \u00e9volution des mentalit\u00e9s. Cela donne une image optimiste des femmes, notamment aupr\u00e8s des jeunes. Pour prendre l&rsquo;exemple de l&rsquo;Arm\u00e9e, aujourd&rsquo;hui tous ses m\u00e9tiers sont ouverts aux femmes. Les postes de commandement sont maintenant autoris\u00e9s, il y a des femmes officiers g\u00e9n\u00e9raux. Les choses ont vraiment \u00e9volu\u00e9 ces 20 derni\u00e8res ann\u00e9es. Au-del\u00e0 de l&rsquo;Institution, on consid\u00e8re un peu plus la femme dans le milieu professionnel que familial. Mais il faut aussi reconna\u00eetre la place des hommes dans le milieu familial.<\/p>\n<p>J.J.<\/p>\n","protected":false},"excerpt":{"rendered":"<p>Si la date du 8 mars est synonyme de Journ\u00e9e des droits des femmes, \u00e0 Saint-Di\u00e9-des-Vosges ce mercredi est \u00e9galement [&hellip;]<\/p>\n","protected":false},"author":44,"featured_media":62946,"comment_status":"open","ping_status":"open","sticky":false,"template":"","format":"standard","meta":{"footnotes":""},"categories":[460,2915,13],"tags":[13945,13946,9663,13903,13939,13947],"class_list":["post-62945","post","type-post","status-publish","format-standard","has-post-thumbnail","hentry","category-a-la-une","category-saint-die-son-canton","category-societe","tag-armee-de-lair","tag-infirmiere-dans-larmee-de-lair","tag-journee-defense-et-citoyennete","tag-journee-des-droits-des-femmes","tag-la-place-des-femmes-dans-les-armees","tag-nancy-ochey"],"acf":[],"yoast_head":"<!-- This site is optimized with the Yoast SEO plugin v22.5 - https:\/\/yoast.com\/wordpress\/plugins\/seo\/ -->\n<title>Journ\u00e9e des droits des femmes : \u00ab\u00a0\u00catre une femme dans l&#039;Arm\u00e9e ne m&#039;a jamais port\u00e9 pr\u00e9judice. \u00bb - Saint Die Info<\/title>\n<meta name=\"robots\" content=\"index, follow, max-snippet:-1, max-image-preview:large, max-video-preview:-1\" \/>\n<link rel=\"canonical\" href=\"https:\/\/vosgesinfo.fr\/saintdieinfo\/2023\/03\/journee-droits-femmes-etre-femme-larmee-ne-jamais-porte-prejudice\/\" \/>\n<meta name=\"twitter:card\" content=\"summary_large_image\" \/>\n<meta name=\"twitter:title\" content=\"Journ\u00e9e des droits des femmes : \u00ab\u00a0\u00catre une femme dans l&#039;Arm\u00e9e ne m&#039;a jamais port\u00e9 pr\u00e9judice. \u00bb - Saint Die Info\" \/>\n<meta name=\"twitter:description\" content=\"Si la date du 8 mars est synonyme de Journ\u00e9e des droits des femmes, \u00e0 Saint-Di\u00e9-des-Vosges ce mercredi est \u00e9galement [&hellip;]\" \/>\n<meta name=\"twitter:image\" content=\"https:\/\/vosgesinfo.fr\/app\/uploads\/sites\/4\/2024\/08\/202303infirmiere-premier-grade-pauline-1.jpg\" \/>\n<meta name=\"twitter:creator\" content=\"@VosgesInfo88\" \/>\n<meta name=\"twitter:site\" content=\"@VosgesInfo88\" \/>\n<meta name=\"twitter:label1\" content=\"\u00c9crit par\" \/>\n\t<meta name=\"twitter:data1\" content=\"la r\u00e9daction\" \/>\n\t<meta name=\"twitter:label2\" content=\"Dur\u00e9e de lecture estim\u00e9e\" \/>\n\t<meta name=\"twitter:data2\" content=\"3 minutes\" \/>\n<script type=\"application\/ld+json\" class=\"yoast-schema-graph\">{\"@context\":\"https:\/\/schema.org\",\"@graph\":[{\"@type\":\"Article\",\"@id\":\"https:\/\/vosgesinfo.fr\/saintdieinfo\/2023\/03\/journee-droits-femmes-etre-femme-larmee-ne-jamais-porte-prejudice\/#article\",\"isPartOf\":{\"@id\":\"https:\/\/vosgesinfo.fr\/saintdieinfo\/2023\/03\/journee-droits-femmes-etre-femme-larmee-ne-jamais-porte-prejudice\/\"},\"author\":{\"name\":\"la r\u00e9daction\",\"@id\":\"https:\/\/vosgesinfo.fr\/saintdieinfo\/#\/schema\/person\/faee6704a21f3977511db84bd1cd450f\"},\"headline\":\"Journ\u00e9e des droits des femmes : \u00ab\u00a0\u00catre une femme dans l&rsquo;Arm\u00e9e ne m&rsquo;a jamais port\u00e9 pr\u00e9judice. \u00bb\",\"datePublished\":\"2023-03-08T14:26:36+00:00\",\"dateModified\":\"2023-03-08T14:26:36+00:00\",\"mainEntityOfPage\":{\"@id\":\"https:\/\/vosgesinfo.fr\/saintdieinfo\/2023\/03\/journee-droits-femmes-etre-femme-larmee-ne-jamais-porte-prejudice\/\"},\"wordCount\":620,\"commentCount\":0,\"publisher\":{\"@id\":\"https:\/\/vosgesinfo.fr\/saintdieinfo\/#organization\"},\"image\":{\"@id\":\"https:\/\/vosgesinfo.fr\/saintdieinfo\/2023\/03\/journee-droits-femmes-etre-femme-larmee-ne-jamais-porte-prejudice\/#primaryimage\"},\"thumbnailUrl\":\"https:\/\/vosgesinfo.fr\/app\/uploads\/sites\/4\/2024\/08\/202303infirmiere-premier-grade-pauline-1.jpg\",\"keywords\":[\"Arm\u00e9e de l'Air\",\"Infirmi\u00e8re dans l'Arm\u00e9e de l'Air\",\"Journ\u00e9e D\u00e9fense et Citoyennet\u00e9\",\"Journ\u00e9e des droits des femmes\",\"La place des femmes dans les Arm\u00e9es\",\"Nancy-Ochey\"],\"articleSection\":[\"A la Une\",\"Saint-Di\u00e9-des-Vosges et son Agglom\u00e9ration\",\"Soci\u00e9t\u00e9\"],\"inLanguage\":\"fr-FR\",\"potentialAction\":[{\"@type\":\"CommentAction\",\"name\":\"Comment\",\"target\":[\"https:\/\/vosgesinfo.fr\/saintdieinfo\/2023\/03\/journee-droits-femmes-etre-femme-larmee-ne-jamais-porte-prejudice\/#respond\"]}]},{\"@type\":\"WebPage\",\"@id\":\"https:\/\/vosgesinfo.fr\/saintdieinfo\/2023\/03\/journee-droits-femmes-etre-femme-larmee-ne-jamais-porte-prejudice\/\",\"url\":\"https:\/\/vosgesinfo.fr\/saintdieinfo\/2023\/03\/journee-droits-femmes-etre-femme-larmee-ne-jamais-porte-prejudice\/\",\"name\":\"Journ\u00e9e des droits des femmes : \u00ab\u00a0\u00catre une femme dans l'Arm\u00e9e ne m'a jamais port\u00e9 pr\u00e9judice. \u00bb - Saint Die Info\",\"isPartOf\":{\"@id\":\"https:\/\/vosgesinfo.fr\/saintdieinfo\/#website\"},\"primaryImageOfPage\":{\"@id\":\"https:\/\/vosgesinfo.fr\/saintdieinfo\/2023\/03\/journee-droits-femmes-etre-femme-larmee-ne-jamais-porte-prejudice\/#primaryimage\"},\"image\":{\"@id\":\"https:\/\/vosgesinfo.fr\/saintdieinfo\/2023\/03\/journee-droits-femmes-etre-femme-larmee-ne-jamais-porte-prejudice\/#primaryimage\"},\"thumbnailUrl\":\"https:\/\/vosgesinfo.fr\/app\/uploads\/sites\/4\/2024\/08\/202303infirmiere-premier-grade-pauline-1.jpg\",\"datePublished\":\"2023-03-08T14:26:36+00:00\",\"dateModified\":\"2023-03-08T14:26:36+00:00\",\"breadcrumb\":{\"@id\":\"https:\/\/vosgesinfo.fr\/saintdieinfo\/2023\/03\/journee-droits-femmes-etre-femme-larmee-ne-jamais-porte-prejudice\/#breadcrumb\"},\"inLanguage\":\"fr-FR\",\"potentialAction\":[{\"@type\":\"ReadAction\",\"target\":[\"https:\/\/vosgesinfo.fr\/saintdieinfo\/2023\/03\/journee-droits-femmes-etre-femme-larmee-ne-jamais-porte-prejudice\/\"]}]},{\"@type\":\"ImageObject\",\"inLanguage\":\"fr-FR\",\"@id\":\"https:\/\/vosgesinfo.fr\/saintdieinfo\/2023\/03\/journee-droits-femmes-etre-femme-larmee-ne-jamais-porte-prejudice\/#primaryimage\",\"url\":\"https:\/\/vosgesinfo.fr\/app\/uploads\/sites\/4\/2024\/08\/202303infirmiere-premier-grade-pauline-1.jpg\",\"contentUrl\":\"https:\/\/vosgesinfo.fr\/app\/uploads\/sites\/4\/2024\/08\/202303infirmiere-premier-grade-pauline-1.jpg\",\"width\":1600,\"height\":1205},{\"@type\":\"BreadcrumbList\",\"@id\":\"https:\/\/vosgesinfo.fr\/saintdieinfo\/2023\/03\/journee-droits-femmes-etre-femme-larmee-ne-jamais-porte-prejudice\/#breadcrumb\",\"itemListElement\":[{\"@type\":\"ListItem\",\"position\":1,\"name\":\"Home\",\"item\":\"https:\/\/vosgesinfo.fr\/saintdieinfo\/\"},{\"@type\":\"ListItem\",\"position\":2,\"name\":\"Journ\u00e9e des droits des femmes : \u00ab\u00a0\u00catre une femme dans l&rsquo;Arm\u00e9e ne m&rsquo;a jamais port\u00e9 pr\u00e9judice. \u00bb\"}]},{\"@type\":\"WebSite\",\"@id\":\"https:\/\/vosgesinfo.fr\/saintdieinfo\/#website\",\"url\":\"https:\/\/vosgesinfo.fr\/saintdieinfo\/\",\"name\":\"Saint Die Info\",\"description\":\"Toute l&#039;actualit\u00e9 de Saint-Di\u00e9-Des-Vosges\",\"publisher\":{\"@id\":\"https:\/\/vosgesinfo.fr\/saintdieinfo\/#organization\"},\"alternateName\":\"Toute l'actualit\u00e9 de Saint-Di\u00e9-Des-Vosges\",\"potentialAction\":[{\"@type\":\"SearchAction\",\"target\":{\"@type\":\"EntryPoint\",\"urlTemplate\":\"https:\/\/vosgesinfo.fr\/saintdieinfo\/?s={search_term_string}\"},\"query-input\":\"required name=search_term_string\"}],\"inLanguage\":\"fr-FR\"},{\"@type\":\"Organization\",\"@id\":\"https:\/\/vosgesinfo.fr\/saintdieinfo\/#organization\",\"name\":\"Saint Die Info\",\"url\":\"https:\/\/vosgesinfo.fr\/saintdieinfo\/\",\"logo\":{\"@type\":\"ImageObject\",\"inLanguage\":\"fr-FR\",\"@id\":\"https:\/\/vosgesinfo.fr\/saintdieinfo\/#\/schema\/logo\/image\/\",\"url\":\"https:\/\/vosgesinfo.fr\/app\/uploads\/sites\/4\/2024\/02\/logo-sdi.jpg\",\"contentUrl\":\"https:\/\/vosgesinfo.fr\/app\/uploads\/sites\/4\/2024\/02\/logo-sdi.jpg\",\"width\":600,\"height\":600,\"caption\":\"Saint Die Info\"},\"image\":{\"@id\":\"https:\/\/vosgesinfo.fr\/saintdieinfo\/#\/schema\/logo\/image\/\"},\"sameAs\":[\"https:\/\/www.facebook.com\/Saintdieinfofr\",\"https:\/\/x.com\/VosgesInfo88\",\"https:\/\/www.youtube.com\/@vosgesinfo\"]},{\"@type\":\"Person\",\"@id\":\"https:\/\/vosgesinfo.fr\/saintdieinfo\/#\/schema\/person\/faee6704a21f3977511db84bd1cd450f\",\"name\":\"la r\u00e9daction\",\"image\":{\"@type\":\"ImageObject\",\"inLanguage\":\"fr-FR\",\"@id\":\"https:\/\/vosgesinfo.fr\/saintdieinfo\/#\/schema\/person\/image\/\",\"url\":\"https:\/\/secure.gravatar.com\/avatar\/6673d8bc6a9c17fa9a453eaa3448de834fa308c2ec9635b7aa99441a7c8d2cf6?s=96&d=mm&r=g\",\"contentUrl\":\"https:\/\/secure.gravatar.com\/avatar\/6673d8bc6a9c17fa9a453eaa3448de834fa308c2ec9635b7aa99441a7c8d2cf6?s=96&d=mm&r=g\",\"caption\":\"la r\u00e9daction\"},\"url\":\"https:\/\/vosgesinfo.fr\/saintdieinfo\/author\/redac\/\"}]}<\/script>\n<!-- \/ Yoast SEO plugin. -->","yoast_head_json":{"title":"Journ\u00e9e des droits des femmes : \u00ab\u00a0\u00catre une femme dans l'Arm\u00e9e ne m'a jamais port\u00e9 pr\u00e9judice. \u00bb - Saint Die Info","robots":{"index":"index","follow":"follow","max-snippet":"max-snippet:-1","max-image-preview":"max-image-preview:large","max-video-preview":"max-video-preview:-1"},"canonical":"https:\/\/vosgesinfo.fr\/saintdieinfo\/2023\/03\/journee-droits-femmes-etre-femme-larmee-ne-jamais-porte-prejudice\/","twitter_card":"summary_large_image","twitter_title":"Journ\u00e9e des droits des femmes : \u00ab\u00a0\u00catre une femme dans l'Arm\u00e9e ne m'a jamais port\u00e9 pr\u00e9judice. \u00bb - Saint Die Info","twitter_description":"Si la date du 8 mars est synonyme de Journ\u00e9e des droits des femmes, \u00e0 Saint-Di\u00e9-des-Vosges ce mercredi est \u00e9galement [&hellip;]","twitter_image":"https:\/\/vosgesinfo.fr\/app\/uploads\/sites\/4\/2024\/08\/202303infirmiere-premier-grade-pauline-1.jpg","twitter_creator":"@VosgesInfo88","twitter_site":"@VosgesInfo88","twitter_misc":{"\u00c9crit par":"la r\u00e9daction","Dur\u00e9e de lecture estim\u00e9e":"3 minutes"},"schema":{"@context":"https:\/\/schema.org","@graph":[{"@type":"Article","@id":"https:\/\/vosgesinfo.fr\/saintdieinfo\/2023\/03\/journee-droits-femmes-etre-femme-larmee-ne-jamais-porte-prejudice\/#article","isPartOf":{"@id":"https:\/\/vosgesinfo.fr\/saintdieinfo\/2023\/03\/journee-droits-femmes-etre-femme-larmee-ne-jamais-porte-prejudice\/"},"author":{"name":"la r\u00e9daction","@id":"https:\/\/vosgesinfo.fr\/saintdieinfo\/#\/schema\/person\/faee6704a21f3977511db84bd1cd450f"},"headline":"Journ\u00e9e des droits des femmes : \u00ab\u00a0\u00catre une femme dans l&rsquo;Arm\u00e9e ne m&rsquo;a jamais port\u00e9 pr\u00e9judice. \u00bb","datePublished":"2023-03-08T14:26:36+00:00","dateModified":"2023-03-08T14:26:36+00:00","mainEntityOfPage":{"@id":"https:\/\/vosgesinfo.fr\/saintdieinfo\/2023\/03\/journee-droits-femmes-etre-femme-larmee-ne-jamais-porte-prejudice\/"},"wordCount":620,"commentCount":0,"publisher":{"@id":"https:\/\/vosgesinfo.fr\/saintdieinfo\/#organization"},"image":{"@id":"https:\/\/vosgesinfo.fr\/saintdieinfo\/2023\/03\/journee-droits-femmes-etre-femme-larmee-ne-jamais-porte-prejudice\/#primaryimage"},"thumbnailUrl":"https:\/\/vosgesinfo.fr\/app\/uploads\/sites\/4\/2024\/08\/202303infirmiere-premier-grade-pauline-1.jpg","keywords":["Arm\u00e9e de l'Air","Infirmi\u00e8re dans l'Arm\u00e9e de l'Air","Journ\u00e9e D\u00e9fense et Citoyennet\u00e9","Journ\u00e9e des droits des femmes","La place des femmes dans les Arm\u00e9es","Nancy-Ochey"],"articleSection":["A la Une","Saint-Di\u00e9-des-Vosges et son Agglom\u00e9ration","Soci\u00e9t\u00e9"],"inLanguage":"fr-FR","potentialAction":[{"@type":"CommentAction","name":"Comment","target":["https:\/\/vosgesinfo.fr\/saintdieinfo\/2023\/03\/journee-droits-femmes-etre-femme-larmee-ne-jamais-porte-prejudice\/#respond"]}]},{"@type":"WebPage","@id":"https:\/\/vosgesinfo.fr\/saintdieinfo\/2023\/03\/journee-droits-femmes-etre-femme-larmee-ne-jamais-porte-prejudice\/","url":"https:\/\/vosgesinfo.fr\/saintdieinfo\/2023\/03\/journee-droits-femmes-etre-femme-larmee-ne-jamais-porte-prejudice\/","name":"Journ\u00e9e des droits des femmes : \u00ab\u00a0\u00catre une femme dans l'Arm\u00e9e ne m'a jamais port\u00e9 pr\u00e9judice. \u00bb - Saint Die Info","isPartOf":{"@id":"https:\/\/vosgesinfo.fr\/saintdieinfo\/#website"},"primaryImageOfPage":{"@id":"https:\/\/vosgesinfo.fr\/saintdieinfo\/2023\/03\/journee-droits-femmes-etre-femme-larmee-ne-jamais-porte-prejudice\/#primaryimage"},"image":{"@id":"https:\/\/vosgesinfo.fr\/saintdieinfo\/2023\/03\/journee-droits-femmes-etre-femme-larmee-ne-jamais-porte-prejudice\/#primaryimage"},"thumbnailUrl":"https:\/\/vosgesinfo.fr\/app\/uploads\/sites\/4\/2024\/08\/202303infirmiere-premier-grade-pauline-1.jpg","datePublished":"2023-03-08T14:26:36+00:00","dateModified":"2023-03-08T14:26:36+00:00","breadcrumb":{"@id":"https:\/\/vosgesinfo.fr\/saintdieinfo\/2023\/03\/journee-droits-femmes-etre-femme-larmee-ne-jamais-porte-prejudice\/#breadcrumb"},"inLanguage":"fr-FR","potentialAction":[{"@type":"ReadAction","target":["https:\/\/vosgesinfo.fr\/saintdieinfo\/2023\/03\/journee-droits-femmes-etre-femme-larmee-ne-jamais-porte-prejudice\/"]}]},{"@type":"ImageObject","inLanguage":"fr-FR","@id":"https:\/\/vosgesinfo.fr\/saintdieinfo\/2023\/03\/journee-droits-femmes-etre-femme-larmee-ne-jamais-porte-prejudice\/#primaryimage","url":"https:\/\/vosgesinfo.fr\/app\/uploads\/sites\/4\/2024\/08\/202303infirmiere-premier-grade-pauline-1.jpg","contentUrl":"https:\/\/vosgesinfo.fr\/app\/uploads\/sites\/4\/2024\/08\/202303infirmiere-premier-grade-pauline-1.jpg","width":1600,"height":1205},{"@type":"BreadcrumbList","@id":"https:\/\/vosgesinfo.fr\/saintdieinfo\/2023\/03\/journee-droits-femmes-etre-femme-larmee-ne-jamais-porte-prejudice\/#breadcrumb","itemListElement":[{"@type":"ListItem","position":1,"name":"Home","item":"https:\/\/vosgesinfo.fr\/saintdieinfo\/"},{"@type":"ListItem","position":2,"name":"Journ\u00e9e des droits des femmes : \u00ab\u00a0\u00catre une femme dans l&rsquo;Arm\u00e9e ne m&rsquo;a jamais port\u00e9 pr\u00e9judice. \u00bb"}]},{"@type":"WebSite","@id":"https:\/\/vosgesinfo.fr\/saintdieinfo\/#website","url":"https:\/\/vosgesinfo.fr\/saintdieinfo\/","name":"Saint Die Info","description":"Toute l&#039;actualit\u00e9 de Saint-Di\u00e9-Des-Vosges","publisher":{"@id":"https:\/\/vosgesinfo.fr\/saintdieinfo\/#organization"},"alternateName":"Toute l'actualit\u00e9 de Saint-Di\u00e9-Des-Vosges","potentialAction":[{"@type":"SearchAction","target":{"@type":"EntryPoint","urlTemplate":"https:\/\/vosgesinfo.fr\/saintdieinfo\/?s={search_term_string}"},"query-input":"required name=search_term_string"}],"inLanguage":"fr-FR"},{"@type":"Organization","@id":"https:\/\/vosgesinfo.fr\/saintdieinfo\/#organization","name":"Saint Die Info","url":"https:\/\/vosgesinfo.fr\/saintdieinfo\/","logo":{"@type":"ImageObject","inLanguage":"fr-FR","@id":"https:\/\/vosgesinfo.fr\/saintdieinfo\/#\/schema\/logo\/image\/","url":"https:\/\/vosgesinfo.fr\/app\/uploads\/sites\/4\/2024\/02\/logo-sdi.jpg","contentUrl":"https:\/\/vosgesinfo.fr\/app\/uploads\/sites\/4\/2024\/02\/logo-sdi.jpg","width":600,"height":600,"caption":"Saint Die Info"},"image":{"@id":"https:\/\/vosgesinfo.fr\/saintdieinfo\/#\/schema\/logo\/image\/"},"sameAs":["https:\/\/www.facebook.com\/Saintdieinfofr","https:\/\/x.com\/VosgesInfo88","https:\/\/www.youtube.com\/@vosgesinfo"]},{"@type":"Person","@id":"https:\/\/vosgesinfo.fr\/saintdieinfo\/#\/schema\/person\/faee6704a21f3977511db84bd1cd450f","name":"la r\u00e9daction","image":{"@type":"ImageObject","inLanguage":"fr-FR","@id":"https:\/\/vosgesinfo.fr\/saintdieinfo\/#\/schema\/person\/image\/","url":"https:\/\/secure.gravatar.com\/avatar\/6673d8bc6a9c17fa9a453eaa3448de834fa308c2ec9635b7aa99441a7c8d2cf6?s=96&d=mm&r=g","contentUrl":"https:\/\/secure.gravatar.com\/avatar\/6673d8bc6a9c17fa9a453eaa3448de834fa308c2ec9635b7aa99441a7c8d2cf6?s=96&d=mm&r=g","caption":"la r\u00e9daction"},"url":"https:\/\/vosgesinfo.fr\/saintdieinfo\/author\/redac\/"}]}},"_links":{"self":[{"href":"https:\/\/vosgesinfo.fr\/saintdieinfo\/wp-json\/wp\/v2\/posts\/62945","targetHints":{"allow":["GET"]}}],"collection":[{"href":"https:\/\/vosgesinfo.fr\/saintdieinfo\/wp-json\/wp\/v2\/posts"}],"about":[{"href":"https:\/\/vosgesinfo.fr\/saintdieinfo\/wp-json\/wp\/v2\/types\/post"}],"author":[{"embeddable":true,"href":"https:\/\/vosgesinfo.fr\/saintdieinfo\/wp-json\/wp\/v2\/users\/44"}],"replies":[{"embeddable":true,"href":"https:\/\/vosgesinfo.fr\/saintdieinfo\/wp-json\/wp\/v2\/comments?post=62945"}],"version-history":[{"count":0,"href":"https:\/\/vosgesinfo.fr\/saintdieinfo\/wp-json\/wp\/v2\/posts\/62945\/revisions"}],"wp:featuredmedia":[{"embeddable":true,"href":"https:\/\/vosgesinfo.fr\/saintdieinfo\/wp-json\/wp\/v2\/media\/62946"}],"wp:attachment":[{"href":"https:\/\/vosgesinfo.fr\/saintdieinfo\/wp-json\/wp\/v2\/media?parent=62945"}],"wp:term":[{"taxonomy":"category","embeddable":true,"href":"https:\/\/vosgesinfo.fr\/saintdieinfo\/wp-json\/wp\/v2\/categories?post=62945"},{"taxonomy":"post_tag","embeddable":true,"href":"https:\/\/vosgesinfo.fr\/saintdieinfo\/wp-json\/wp\/v2\/tags?post=62945"}],"curies":[{"name":"wp","href":"https:\/\/api.w.org\/{rel}","templated":true}]}}