{"id":63099,"date":"2023-03-14T08:08:08","date_gmt":"2023-03-14T07:08:08","guid":{"rendered":"https:\/\/vosgesinfo.fr\/saintdieinfo\/2023\/03\/grandes-echappees-vosgiennes-participent-salon-randonneur\/"},"modified":"2023-03-14T08:08:08","modified_gmt":"2023-03-14T07:08:08","slug":"grandes-echappees-vosgiennes-participent-salon-randonneur","status":"publish","type":"post","link":"https:\/\/vosgesinfo.fr\/saintdieinfo\/2023\/03\/grandes-echappees-vosgiennes-participent-salon-randonneur\/","title":{"rendered":"Les Grandes Echapp\u00e9es Vosgiennes participent au Salon du Randonneur"},"content":{"rendered":"<div id=\"attachment_181363\" style=\"width: 970px\" class=\"wp-caption aligncenter\"><a href=\"\/2022\/04\/Topoguide_Grandes_Echapp\u00e9es_Vosgiennes-3.jpg\" target=\"_blank\" rel=\"noopener\"><img decoding=\"async\" aria-describedby=\"caption-attachment-181363\" class=\"wp-image-181363 size-large\" src=\"\/2022\/04\/Topoguide_Grandes_Echapp\u00e9es_Vosgiennes-3-1024x852.jpg\" alt=\"Topoguide_Grandes_Echapp\u00e9es_Vosgiennes (3)\" width=\"960\" height=\"799\" \/><\/a><p id=\"caption-attachment-181363\" class=\"wp-caption-text\">(Photographie Grandes Echapp\u00e9es Vosgiennes)<\/p><\/div>\n<h2><strong><span style=\"font-size: 14pt;\">Les Grandes \u00c9chapp\u00e9es Vosgiennes (GEV) s\u2019invitent au Salon du Randonneur, du 24 au 26 mars 2023 au Centre des Congr\u00e8s \u00e0 Lyon ! Apr\u00e8s la sortie en mai 2022 d\u2019un nouveau TopoGuide\u00ae, le r\u00e9seau continue dans sa lanc\u00e9e des belles r\u00e9alisations en participant pour la 2\u00e8me ann\u00e9e cons\u00e9cutive \u00e0 ce rendez-vous incontournable de la fili\u00e8re.<\/span><\/strong><\/h2>\n<p><!--more--><\/p>\n<h3><strong><span style=\"font-size: 12pt;\">Au programme de cette op\u00e9ration, organis\u00e9e et financ\u00e9e par le Massif des Vosges :<\/span><\/strong><\/h3>\n<ul>\n<li>Un stand d\u00e9di\u00e9 \u00ab\u00a0Massif des Vosges &#8211; Itin\u00e9rances\u00a0\u00bb ;<\/li>\n<li>Une conf\u00e9rence pour faire d\u00e9couvrir les possibilit\u00e9s de randonn\u00e9e itin\u00e9rante au fil des GEV ;<\/li>\n<li>Des d\u00e9gustations de produits du terroir.<\/li>\n<\/ul>\n<h3><strong><span style=\"font-size: 12pt;\">UNE RENCONTRE ATTENDUE PAR LA FILI\u00c8RE<\/span><\/strong><\/h3>\n<p>Chaque ann\u00e9e, le Salon du Randonneur r\u00e9unit exposants, professionnels passionn\u00e9s et plus de 13 000 visiteurs curieux. Pour cette 15\u00e8me \u00e9dition, pr\u00e8s de 130 stands sur 4 500 m\u00b2 accueilleront les amateurs de randonn\u00e9e, pour leur offrir de quoi faire le plein d\u2019id\u00e9es.<\/p>\n<h3><strong><span style=\"font-size: 12pt;\">UN STAND PARTENARIAL MASSIF DES VOSGES &#8211; ITIN\u00c9RANCES<\/span><\/strong><\/h3>\n<p>Sur un espace de 12 m\u00b2, les GEV seront aux c\u00f4t\u00e9s de la mythique Travers\u00e9e du Massif des Vosges pour conseiller les visiteurs dans leurs prochaines aventures. A leurs c\u00f4t\u00e9s, agences de voyages et accompagnateurs en montagne partenaires proposeront un \u00e9ventail de prestations au fil des sentiers du massif. Enfin, La Malle Postale ne sera qu&rsquo;\u00e0 quelques pas avec ses prestations de portage de bagages propos\u00e9es aux randonneurs, notamment au fil des GEV. Un partenariat rendu possible par l&rsquo;investissement et le soutien financier du Massif des Vosges.<\/p>\n<h3><strong><span style=\"font-size: 12pt;\">UNE CONF\u00c9RENCE POUR FAIRE PARLER DES GEV<\/span><\/strong><\/h3>\n<p>Une conf\u00e9rence sur les Grandes \u00c9chapp\u00e9es Vosgiennes sera donn\u00e9e par Sophia LEUDIHAC, responsable des GEV, le samedi 25 mars \u00e0 14h15 dans le cadre du RANDO FESTIVAL ! L&rsquo;occasion de pr\u00e9senter au grand public le trio d\u2019itin\u00e9raires GR\u00ae de Pays, et de leur faire entrevoir les possibilit\u00e9s d\u2019itin\u00e9rances qu\u2019ils offrent sur plus de 460 km&#8230;<\/p>\n<p>L\u2019accompagnateur en montagne Laurent CAHON, partenaire engag\u00e9 dans le r\u00e9seau GEV, viendra enrichir la pr\u00e9sentation en y apportant son regard d&rsquo;expert.<\/p>\n","protected":false},"excerpt":{"rendered":"<p>Les Grandes \u00c9chapp\u00e9es Vosgiennes (GEV) s\u2019invitent au Salon du Randonneur, du 24 au 26 mars 2023 au Centre des Congr\u00e8s [&hellip;]<\/p>\n","protected":false},"author":44,"featured_media":63100,"comment_status":"open","ping_status":"open","sticky":false,"template":"","format":"standard","meta":{"footnotes":""},"categories":[460,20,18],"tags":[3469,4757,13977],"class_list":["post-63099","post","type-post","status-publish","format-standard","has-post-thumbnail","hentry","category-a-la-une","category-loisirs","category-vosges","tag-grandes-echappees-vosgiennes","tag-lyon","tag-salon-du-randonneur"],"acf":[],"yoast_head":"<!-- This site is optimized with the Yoast SEO plugin v22.5 - https:\/\/yoast.com\/wordpress\/plugins\/seo\/ -->\n<title>Les Grandes Echapp\u00e9es Vosgiennes participent au Salon du Randonneur - Saint Die Info<\/title>\n<meta name=\"robots\" content=\"index, follow, max-snippet:-1, max-image-preview:large, max-video-preview:-1\" \/>\n<link rel=\"canonical\" href=\"https:\/\/vosgesinfo.fr\/saintdieinfo\/2023\/03\/grandes-echappees-vosgiennes-participent-salon-randonneur\/\" \/>\n<meta name=\"twitter:card\" content=\"summary_large_image\" \/>\n<meta name=\"twitter:title\" content=\"Les Grandes Echapp\u00e9es Vosgiennes participent au Salon du Randonneur - Saint Die Info\" \/>\n<meta name=\"twitter:description\" content=\"Les Grandes \u00c9chapp\u00e9es Vosgiennes (GEV) s\u2019invitent au Salon du Randonneur, du 24 au 26 mars 2023 au Centre des Congr\u00e8s [&hellip;]\" \/>\n<meta name=\"twitter:image\" content=\"https:\/\/vosgesinfo.fr\/app\/uploads\/sites\/4\/2024\/08\/202204topoguide-grandes-echappees-vosgiennes-3-3.jpg\" \/>\n<meta name=\"twitter:creator\" content=\"@VosgesInfo88\" \/>\n<meta name=\"twitter:site\" content=\"@VosgesInfo88\" \/>\n<meta name=\"twitter:label1\" content=\"\u00c9crit par\" \/>\n\t<meta name=\"twitter:data1\" content=\"la r\u00e9daction\" \/>\n\t<meta name=\"twitter:label2\" content=\"Dur\u00e9e de lecture estim\u00e9e\" \/>\n\t<meta name=\"twitter:data2\" content=\"2 minutes\" \/>\n<script type=\"application\/ld+json\" class=\"yoast-schema-graph\">{\"@context\":\"https:\/\/schema.org\",\"@graph\":[{\"@type\":\"Article\",\"@id\":\"https:\/\/vosgesinfo.fr\/saintdieinfo\/2023\/03\/grandes-echappees-vosgiennes-participent-salon-randonneur\/#article\",\"isPartOf\":{\"@id\":\"https:\/\/vosgesinfo.fr\/saintdieinfo\/2023\/03\/grandes-echappees-vosgiennes-participent-salon-randonneur\/\"},\"author\":{\"name\":\"la r\u00e9daction\",\"@id\":\"https:\/\/vosgesinfo.fr\/saintdieinfo\/#\/schema\/person\/faee6704a21f3977511db84bd1cd450f\"},\"headline\":\"Les Grandes Echapp\u00e9es Vosgiennes participent au Salon du Randonneur\",\"datePublished\":\"2023-03-14T07:08:08+00:00\",\"dateModified\":\"2023-03-14T07:08:08+00:00\",\"mainEntityOfPage\":{\"@id\":\"https:\/\/vosgesinfo.fr\/saintdieinfo\/2023\/03\/grandes-echappees-vosgiennes-participent-salon-randonneur\/\"},\"wordCount\":382,\"commentCount\":0,\"publisher\":{\"@id\":\"https:\/\/vosgesinfo.fr\/saintdieinfo\/#organization\"},\"image\":{\"@id\":\"https:\/\/vosgesinfo.fr\/saintdieinfo\/2023\/03\/grandes-echappees-vosgiennes-participent-salon-randonneur\/#primaryimage\"},\"thumbnailUrl\":\"https:\/\/vosgesinfo.fr\/app\/uploads\/sites\/4\/2024\/08\/202204topoguide-grandes-echappees-vosgiennes-3-3.jpg\",\"keywords\":[\"Grandes Echapp\u00e9es Vosgiennes\",\"Lyon\",\"Salon du Randonneur\"],\"articleSection\":[\"A la Une\",\"Loisirs\",\"Vosges\"],\"inLanguage\":\"fr-FR\",\"potentialAction\":[{\"@type\":\"CommentAction\",\"name\":\"Comment\",\"target\":[\"https:\/\/vosgesinfo.fr\/saintdieinfo\/2023\/03\/grandes-echappees-vosgiennes-participent-salon-randonneur\/#respond\"]}]},{\"@type\":\"WebPage\",\"@id\":\"https:\/\/vosgesinfo.fr\/saintdieinfo\/2023\/03\/grandes-echappees-vosgiennes-participent-salon-randonneur\/\",\"url\":\"https:\/\/vosgesinfo.fr\/saintdieinfo\/2023\/03\/grandes-echappees-vosgiennes-participent-salon-randonneur\/\",\"name\":\"Les Grandes Echapp\u00e9es Vosgiennes participent au Salon du Randonneur - Saint Die Info\",\"isPartOf\":{\"@id\":\"https:\/\/vosgesinfo.fr\/saintdieinfo\/#website\"},\"primaryImageOfPage\":{\"@id\":\"https:\/\/vosgesinfo.fr\/saintdieinfo\/2023\/03\/grandes-echappees-vosgiennes-participent-salon-randonneur\/#primaryimage\"},\"image\":{\"@id\":\"https:\/\/vosgesinfo.fr\/saintdieinfo\/2023\/03\/grandes-echappees-vosgiennes-participent-salon-randonneur\/#primaryimage\"},\"thumbnailUrl\":\"https:\/\/vosgesinfo.fr\/app\/uploads\/sites\/4\/2024\/08\/202204topoguide-grandes-echappees-vosgiennes-3-3.jpg\",\"datePublished\":\"2023-03-14T07:08:08+00:00\",\"dateModified\":\"2023-03-14T07:08:08+00:00\",\"breadcrumb\":{\"@id\":\"https:\/\/vosgesinfo.fr\/saintdieinfo\/2023\/03\/grandes-echappees-vosgiennes-participent-salon-randonneur\/#breadcrumb\"},\"inLanguage\":\"fr-FR\",\"potentialAction\":[{\"@type\":\"ReadAction\",\"target\":[\"https:\/\/vosgesinfo.fr\/saintdieinfo\/2023\/03\/grandes-echappees-vosgiennes-participent-salon-randonneur\/\"]}]},{\"@type\":\"ImageObject\",\"inLanguage\":\"fr-FR\",\"@id\":\"https:\/\/vosgesinfo.fr\/saintdieinfo\/2023\/03\/grandes-echappees-vosgiennes-participent-salon-randonneur\/#primaryimage\",\"url\":\"https:\/\/vosgesinfo.fr\/app\/uploads\/sites\/4\/2024\/08\/202204topoguide-grandes-echappees-vosgiennes-3-3.jpg\",\"contentUrl\":\"https:\/\/vosgesinfo.fr\/app\/uploads\/sites\/4\/2024\/08\/202204topoguide-grandes-echappees-vosgiennes-3-3.jpg\",\"width\":1119,\"height\":931},{\"@type\":\"BreadcrumbList\",\"@id\":\"https:\/\/vosgesinfo.fr\/saintdieinfo\/2023\/03\/grandes-echappees-vosgiennes-participent-salon-randonneur\/#breadcrumb\",\"itemListElement\":[{\"@type\":\"ListItem\",\"position\":1,\"name\":\"Home\",\"item\":\"https:\/\/vosgesinfo.fr\/saintdieinfo\/\"},{\"@type\":\"ListItem\",\"position\":2,\"name\":\"Les Grandes Echapp\u00e9es Vosgiennes participent au Salon du Randonneur\"}]},{\"@type\":\"WebSite\",\"@id\":\"https:\/\/vosgesinfo.fr\/saintdieinfo\/#website\",\"url\":\"https:\/\/vosgesinfo.fr\/saintdieinfo\/\",\"name\":\"Saint Die Info\",\"description\":\"Toute l&#039;actualit\u00e9 de Saint-Di\u00e9-Des-Vosges\",\"publisher\":{\"@id\":\"https:\/\/vosgesinfo.fr\/saintdieinfo\/#organization\"},\"alternateName\":\"Toute l'actualit\u00e9 de Saint-Di\u00e9-Des-Vosges\",\"potentialAction\":[{\"@type\":\"SearchAction\",\"target\":{\"@type\":\"EntryPoint\",\"urlTemplate\":\"https:\/\/vosgesinfo.fr\/saintdieinfo\/?s={search_term_string}\"},\"query-input\":\"required name=search_term_string\"}],\"inLanguage\":\"fr-FR\"},{\"@type\":\"Organization\",\"@id\":\"https:\/\/vosgesinfo.fr\/saintdieinfo\/#organization\",\"name\":\"Saint Die Info\",\"url\":\"https:\/\/vosgesinfo.fr\/saintdieinfo\/\",\"logo\":{\"@type\":\"ImageObject\",\"inLanguage\":\"fr-FR\",\"@id\":\"https:\/\/vosgesinfo.fr\/saintdieinfo\/#\/schema\/logo\/image\/\",\"url\":\"https:\/\/vosgesinfo.fr\/app\/uploads\/sites\/4\/2024\/02\/logo-sdi.jpg\",\"contentUrl\":\"https:\/\/vosgesinfo.fr\/app\/uploads\/sites\/4\/2024\/02\/logo-sdi.jpg\",\"width\":600,\"height\":600,\"caption\":\"Saint Die Info\"},\"image\":{\"@id\":\"https:\/\/vosgesinfo.fr\/saintdieinfo\/#\/schema\/logo\/image\/\"},\"sameAs\":[\"https:\/\/www.facebook.com\/Saintdieinfofr\",\"https:\/\/x.com\/VosgesInfo88\",\"https:\/\/www.youtube.com\/@vosgesinfo\"]},{\"@type\":\"Person\",\"@id\":\"https:\/\/vosgesinfo.fr\/saintdieinfo\/#\/schema\/person\/faee6704a21f3977511db84bd1cd450f\",\"name\":\"la r\u00e9daction\",\"image\":{\"@type\":\"ImageObject\",\"inLanguage\":\"fr-FR\",\"@id\":\"https:\/\/vosgesinfo.fr\/saintdieinfo\/#\/schema\/person\/image\/\",\"url\":\"https:\/\/secure.gravatar.com\/avatar\/6673d8bc6a9c17fa9a453eaa3448de834fa308c2ec9635b7aa99441a7c8d2cf6?s=96&d=mm&r=g\",\"contentUrl\":\"https:\/\/secure.gravatar.com\/avatar\/6673d8bc6a9c17fa9a453eaa3448de834fa308c2ec9635b7aa99441a7c8d2cf6?s=96&d=mm&r=g\",\"caption\":\"la r\u00e9daction\"},\"url\":\"https:\/\/vosgesinfo.fr\/saintdieinfo\/author\/redac\/\"}]}<\/script>\n<!-- \/ Yoast SEO plugin. -->","yoast_head_json":{"title":"Les Grandes Echapp\u00e9es Vosgiennes participent au Salon du Randonneur - Saint Die Info","robots":{"index":"index","follow":"follow","max-snippet":"max-snippet:-1","max-image-preview":"max-image-preview:large","max-video-preview":"max-video-preview:-1"},"canonical":"https:\/\/vosgesinfo.fr\/saintdieinfo\/2023\/03\/grandes-echappees-vosgiennes-participent-salon-randonneur\/","twitter_card":"summary_large_image","twitter_title":"Les Grandes Echapp\u00e9es Vosgiennes participent au Salon du Randonneur - Saint Die Info","twitter_description":"Les Grandes \u00c9chapp\u00e9es Vosgiennes (GEV) s\u2019invitent au Salon du Randonneur, du 24 au 26 mars 2023 au Centre des Congr\u00e8s [&hellip;]","twitter_image":"https:\/\/vosgesinfo.fr\/app\/uploads\/sites\/4\/2024\/08\/202204topoguide-grandes-echappees-vosgiennes-3-3.jpg","twitter_creator":"@VosgesInfo88","twitter_site":"@VosgesInfo88","twitter_misc":{"\u00c9crit par":"la r\u00e9daction","Dur\u00e9e de lecture estim\u00e9e":"2 minutes"},"schema":{"@context":"https:\/\/schema.org","@graph":[{"@type":"Article","@id":"https:\/\/vosgesinfo.fr\/saintdieinfo\/2023\/03\/grandes-echappees-vosgiennes-participent-salon-randonneur\/#article","isPartOf":{"@id":"https:\/\/vosgesinfo.fr\/saintdieinfo\/2023\/03\/grandes-echappees-vosgiennes-participent-salon-randonneur\/"},"author":{"name":"la r\u00e9daction","@id":"https:\/\/vosgesinfo.fr\/saintdieinfo\/#\/schema\/person\/faee6704a21f3977511db84bd1cd450f"},"headline":"Les Grandes Echapp\u00e9es Vosgiennes participent au Salon du Randonneur","datePublished":"2023-03-14T07:08:08+00:00","dateModified":"2023-03-14T07:08:08+00:00","mainEntityOfPage":{"@id":"https:\/\/vosgesinfo.fr\/saintdieinfo\/2023\/03\/grandes-echappees-vosgiennes-participent-salon-randonneur\/"},"wordCount":382,"commentCount":0,"publisher":{"@id":"https:\/\/vosgesinfo.fr\/saintdieinfo\/#organization"},"image":{"@id":"https:\/\/vosgesinfo.fr\/saintdieinfo\/2023\/03\/grandes-echappees-vosgiennes-participent-salon-randonneur\/#primaryimage"},"thumbnailUrl":"https:\/\/vosgesinfo.fr\/app\/uploads\/sites\/4\/2024\/08\/202204topoguide-grandes-echappees-vosgiennes-3-3.jpg","keywords":["Grandes Echapp\u00e9es Vosgiennes","Lyon","Salon du Randonneur"],"articleSection":["A la Une","Loisirs","Vosges"],"inLanguage":"fr-FR","potentialAction":[{"@type":"CommentAction","name":"Comment","target":["https:\/\/vosgesinfo.fr\/saintdieinfo\/2023\/03\/grandes-echappees-vosgiennes-participent-salon-randonneur\/#respond"]}]},{"@type":"WebPage","@id":"https:\/\/vosgesinfo.fr\/saintdieinfo\/2023\/03\/grandes-echappees-vosgiennes-participent-salon-randonneur\/","url":"https:\/\/vosgesinfo.fr\/saintdieinfo\/2023\/03\/grandes-echappees-vosgiennes-participent-salon-randonneur\/","name":"Les Grandes Echapp\u00e9es Vosgiennes participent au Salon du Randonneur - Saint Die Info","isPartOf":{"@id":"https:\/\/vosgesinfo.fr\/saintdieinfo\/#website"},"primaryImageOfPage":{"@id":"https:\/\/vosgesinfo.fr\/saintdieinfo\/2023\/03\/grandes-echappees-vosgiennes-participent-salon-randonneur\/#primaryimage"},"image":{"@id":"https:\/\/vosgesinfo.fr\/saintdieinfo\/2023\/03\/grandes-echappees-vosgiennes-participent-salon-randonneur\/#primaryimage"},"thumbnailUrl":"https:\/\/vosgesinfo.fr\/app\/uploads\/sites\/4\/2024\/08\/202204topoguide-grandes-echappees-vosgiennes-3-3.jpg","datePublished":"2023-03-14T07:08:08+00:00","dateModified":"2023-03-14T07:08:08+00:00","breadcrumb":{"@id":"https:\/\/vosgesinfo.fr\/saintdieinfo\/2023\/03\/grandes-echappees-vosgiennes-participent-salon-randonneur\/#breadcrumb"},"inLanguage":"fr-FR","potentialAction":[{"@type":"ReadAction","target":["https:\/\/vosgesinfo.fr\/saintdieinfo\/2023\/03\/grandes-echappees-vosgiennes-participent-salon-randonneur\/"]}]},{"@type":"ImageObject","inLanguage":"fr-FR","@id":"https:\/\/vosgesinfo.fr\/saintdieinfo\/2023\/03\/grandes-echappees-vosgiennes-participent-salon-randonneur\/#primaryimage","url":"https:\/\/vosgesinfo.fr\/app\/uploads\/sites\/4\/2024\/08\/202204topoguide-grandes-echappees-vosgiennes-3-3.jpg","contentUrl":"https:\/\/vosgesinfo.fr\/app\/uploads\/sites\/4\/2024\/08\/202204topoguide-grandes-echappees-vosgiennes-3-3.jpg","width":1119,"height":931},{"@type":"BreadcrumbList","@id":"https:\/\/vosgesinfo.fr\/saintdieinfo\/2023\/03\/grandes-echappees-vosgiennes-participent-salon-randonneur\/#breadcrumb","itemListElement":[{"@type":"ListItem","position":1,"name":"Home","item":"https:\/\/vosgesinfo.fr\/saintdieinfo\/"},{"@type":"ListItem","position":2,"name":"Les Grandes Echapp\u00e9es Vosgiennes participent au Salon du Randonneur"}]},{"@type":"WebSite","@id":"https:\/\/vosgesinfo.fr\/saintdieinfo\/#website","url":"https:\/\/vosgesinfo.fr\/saintdieinfo\/","name":"Saint Die Info","description":"Toute l&#039;actualit\u00e9 de Saint-Di\u00e9-Des-Vosges","publisher":{"@id":"https:\/\/vosgesinfo.fr\/saintdieinfo\/#organization"},"alternateName":"Toute l'actualit\u00e9 de Saint-Di\u00e9-Des-Vosges","potentialAction":[{"@type":"SearchAction","target":{"@type":"EntryPoint","urlTemplate":"https:\/\/vosgesinfo.fr\/saintdieinfo\/?s={search_term_string}"},"query-input":"required name=search_term_string"}],"inLanguage":"fr-FR"},{"@type":"Organization","@id":"https:\/\/vosgesinfo.fr\/saintdieinfo\/#organization","name":"Saint Die Info","url":"https:\/\/vosgesinfo.fr\/saintdieinfo\/","logo":{"@type":"ImageObject","inLanguage":"fr-FR","@id":"https:\/\/vosgesinfo.fr\/saintdieinfo\/#\/schema\/logo\/image\/","url":"https:\/\/vosgesinfo.fr\/app\/uploads\/sites\/4\/2024\/02\/logo-sdi.jpg","contentUrl":"https:\/\/vosgesinfo.fr\/app\/uploads\/sites\/4\/2024\/02\/logo-sdi.jpg","width":600,"height":600,"caption":"Saint Die Info"},"image":{"@id":"https:\/\/vosgesinfo.fr\/saintdieinfo\/#\/schema\/logo\/image\/"},"sameAs":["https:\/\/www.facebook.com\/Saintdieinfofr","https:\/\/x.com\/VosgesInfo88","https:\/\/www.youtube.com\/@vosgesinfo"]},{"@type":"Person","@id":"https:\/\/vosgesinfo.fr\/saintdieinfo\/#\/schema\/person\/faee6704a21f3977511db84bd1cd450f","name":"la r\u00e9daction","image":{"@type":"ImageObject","inLanguage":"fr-FR","@id":"https:\/\/vosgesinfo.fr\/saintdieinfo\/#\/schema\/person\/image\/","url":"https:\/\/secure.gravatar.com\/avatar\/6673d8bc6a9c17fa9a453eaa3448de834fa308c2ec9635b7aa99441a7c8d2cf6?s=96&d=mm&r=g","contentUrl":"https:\/\/secure.gravatar.com\/avatar\/6673d8bc6a9c17fa9a453eaa3448de834fa308c2ec9635b7aa99441a7c8d2cf6?s=96&d=mm&r=g","caption":"la r\u00e9daction"},"url":"https:\/\/vosgesinfo.fr\/saintdieinfo\/author\/redac\/"}]}},"_links":{"self":[{"href":"https:\/\/vosgesinfo.fr\/saintdieinfo\/wp-json\/wp\/v2\/posts\/63099","targetHints":{"allow":["GET"]}}],"collection":[{"href":"https:\/\/vosgesinfo.fr\/saintdieinfo\/wp-json\/wp\/v2\/posts"}],"about":[{"href":"https:\/\/vosgesinfo.fr\/saintdieinfo\/wp-json\/wp\/v2\/types\/post"}],"author":[{"embeddable":true,"href":"https:\/\/vosgesinfo.fr\/saintdieinfo\/wp-json\/wp\/v2\/users\/44"}],"replies":[{"embeddable":true,"href":"https:\/\/vosgesinfo.fr\/saintdieinfo\/wp-json\/wp\/v2\/comments?post=63099"}],"version-history":[{"count":0,"href":"https:\/\/vosgesinfo.fr\/saintdieinfo\/wp-json\/wp\/v2\/posts\/63099\/revisions"}],"wp:featuredmedia":[{"embeddable":true,"href":"https:\/\/vosgesinfo.fr\/saintdieinfo\/wp-json\/wp\/v2\/media\/63100"}],"wp:attachment":[{"href":"https:\/\/vosgesinfo.fr\/saintdieinfo\/wp-json\/wp\/v2\/media?parent=63099"}],"wp:term":[{"taxonomy":"category","embeddable":true,"href":"https:\/\/vosgesinfo.fr\/saintdieinfo\/wp-json\/wp\/v2\/categories?post=63099"},{"taxonomy":"post_tag","embeddable":true,"href":"https:\/\/vosgesinfo.fr\/saintdieinfo\/wp-json\/wp\/v2\/tags?post=63099"}],"curies":[{"name":"wp","href":"https:\/\/api.w.org\/{rel}","templated":true}]}}