{"id":63232,"date":"2023-03-17T11:00:05","date_gmt":"2023-03-17T10:00:05","guid":{"rendered":"https:\/\/vosgesinfo.fr\/saintdieinfo\/2023\/03\/vingtaine-de-personnes-a-participe-a-premiere-formation-deodatienne-aux-premiers-secours-canins-felins\/"},"modified":"2023-03-17T11:00:05","modified_gmt":"2023-03-17T10:00:05","slug":"vingtaine-de-personnes-a-participe-a-premiere-formation-deodatienne-aux-premiers-secours-canins-felins","status":"publish","type":"post","link":"https:\/\/vosgesinfo.fr\/saintdieinfo\/2023\/03\/vingtaine-de-personnes-a-participe-a-premiere-formation-deodatienne-aux-premiers-secours-canins-felins\/","title":{"rendered":"Une vingtaine de personnes a particip\u00e9 \u00e0 la premi\u00e8re formation d\u00e9odatienne aux premiers secours canins et f\u00e9lins"},"content":{"rendered":"<p><a href=\"\/2023\/03\/Formation_Premiers_Secours_Animaux-3.jpg\" target=\"_blank\" rel=\"noopener\"><img decoding=\"async\" class=\"aligncenter wp-image-198541 size-large\" src=\"\/2023\/03\/Formation_Premiers_Secours_Animaux-3-1024x768.jpg\" alt=\"Formation_Premiers_Secours_Animaux (3)\" width=\"960\" height=\"720\" \/><\/a><\/p>\n<h2><strong><span style=\"font-size: 14pt;\">Une formation aux premiers secours canins et f\u00e9lins a \u00e9t\u00e9 organis\u00e9e par Vetform dimanche dernier \u00e0 la salle Carbonnar, de 9h \u00e0 17h30. Une premi\u00e8re \u00e0 Saint-Di\u00e9-des-Vosges.<\/span><\/strong><\/h2>\n<p><!--more--><\/p>\n<p>Une journ\u00e9e de formation \u00e0 laquelle a particip\u00e9 une vingtaine de personnes, dont la pr\u00e9sidente de la SPA D\u00e9odatienne Catherine Toussaint ainsi que les associations Chat&rsquo;Ouille ou Mil&rsquo;Chats&rsquo;Lor. A l&rsquo;instar de ce qui existe d\u00e9j\u00e0 pour les hommes avec la formation premiers secours PSC1, son objectif est d&rsquo;\u00eatre en mesure de prodiguer les bons gestes pour faire face aux accidents leurs animaux avant l&rsquo;avis v\u00e9t\u00e9rinaire. La matin\u00e9e \u00e9tait consacr\u00e9e \u00e0 la th\u00e9orie (gestion des plaies, br\u00fblures, evemination, arr\u00eat cardio-respiratoire, etc.), avec une mise en pratique l&rsquo;apr\u00e8s-midi. Sur mannequins, mais aussi sur des animaux vivants.<\/p>\n<p>Ouverte aux associations de protection animale comme aux particuliers, cette formation sera \u00e9galement organis\u00e9e dans le secteur de Remiremont les dimanches 11 juin et 17 septembre prochains. Renseignements compl\u00e9mentaires aupr\u00e8s de Audrey Massard, via <a href=\"mailto:audreydubois92@gmail.com\" target=\"_blank\" rel=\"noopener\">audreydubois92@gmail.com<\/a>, assistante logistique du Docteur v\u00e9t\u00e9rinaire Fabrice Abonou, dirigeant de Vetform.<\/p>\n<p>J.J.<\/p>\n\n","protected":false},"excerpt":{"rendered":"<p>Une formation aux premiers secours canins et f\u00e9lins a \u00e9t\u00e9 organis\u00e9e par Vetform dimanche dernier \u00e0 la salle Carbonnar, de [&hellip;]<\/p>\n","protected":false},"author":44,"featured_media":63233,"comment_status":"open","ping_status":"open","sticky":false,"template":"","format":"standard","meta":{"footnotes":""},"categories":[460,2915,4152,13],"tags":[14018,14019,3571,14020],"class_list":["post-63232","post","type-post","status-publish","format-standard","has-post-thumbnail","hentry","category-a-la-une","category-saint-die-son-canton","category-sante","category-societe","tag-fabrice-abonou","tag-formation-aux-premiers-secours-canins-et-felins","tag-salle-carbonnar","tag-vetform"],"acf":[],"yoast_head":"<!-- This site is optimized with the Yoast SEO plugin v22.5 - https:\/\/yoast.com\/wordpress\/plugins\/seo\/ -->\n<title>Une vingtaine de personnes a particip\u00e9 \u00e0 la premi\u00e8re formation d\u00e9odatienne aux premiers secours canins et f\u00e9lins - Saint Die Info<\/title>\n<meta name=\"robots\" content=\"index, follow, max-snippet:-1, max-image-preview:large, max-video-preview:-1\" \/>\n<link rel=\"canonical\" href=\"https:\/\/vosgesinfo.fr\/saintdieinfo\/2023\/03\/vingtaine-de-personnes-a-participe-a-premiere-formation-deodatienne-aux-premiers-secours-canins-felins\/\" \/>\n<meta name=\"twitter:card\" content=\"summary_large_image\" \/>\n<meta name=\"twitter:title\" content=\"Une vingtaine de personnes a particip\u00e9 \u00e0 la premi\u00e8re formation d\u00e9odatienne aux premiers secours canins et f\u00e9lins - Saint Die Info\" \/>\n<meta name=\"twitter:description\" content=\"Une formation aux premiers secours canins et f\u00e9lins a \u00e9t\u00e9 organis\u00e9e par Vetform dimanche dernier \u00e0 la salle Carbonnar, de [&hellip;]\" \/>\n<meta name=\"twitter:image\" content=\"https:\/\/vosgesinfo.fr\/app\/uploads\/sites\/4\/2024\/08\/202303formation-premiers-secours-animaux-3.jpg\" \/>\n<meta name=\"twitter:creator\" content=\"@VosgesInfo88\" \/>\n<meta name=\"twitter:site\" content=\"@VosgesInfo88\" \/>\n<meta name=\"twitter:label1\" content=\"\u00c9crit par\" \/>\n\t<meta name=\"twitter:data1\" content=\"la r\u00e9daction\" \/>\n\t<meta name=\"twitter:label2\" content=\"Dur\u00e9e de lecture estim\u00e9e\" \/>\n\t<meta name=\"twitter:data2\" content=\"1 minute\" \/>\n<script type=\"application\/ld+json\" class=\"yoast-schema-graph\">{\"@context\":\"https:\/\/schema.org\",\"@graph\":[{\"@type\":\"Article\",\"@id\":\"https:\/\/vosgesinfo.fr\/saintdieinfo\/2023\/03\/vingtaine-de-personnes-a-participe-a-premiere-formation-deodatienne-aux-premiers-secours-canins-felins\/#article\",\"isPartOf\":{\"@id\":\"https:\/\/vosgesinfo.fr\/saintdieinfo\/2023\/03\/vingtaine-de-personnes-a-participe-a-premiere-formation-deodatienne-aux-premiers-secours-canins-felins\/\"},\"author\":{\"name\":\"la r\u00e9daction\",\"@id\":\"https:\/\/vosgesinfo.fr\/saintdieinfo\/#\/schema\/person\/faee6704a21f3977511db84bd1cd450f\"},\"headline\":\"Une vingtaine de personnes a particip\u00e9 \u00e0 la premi\u00e8re formation d\u00e9odatienne aux premiers secours canins et f\u00e9lins\",\"datePublished\":\"2023-03-17T10:00:05+00:00\",\"dateModified\":\"2023-03-17T10:00:05+00:00\",\"mainEntityOfPage\":{\"@id\":\"https:\/\/vosgesinfo.fr\/saintdieinfo\/2023\/03\/vingtaine-de-personnes-a-participe-a-premiere-formation-deodatienne-aux-premiers-secours-canins-felins\/\"},\"wordCount\":216,\"commentCount\":0,\"publisher\":{\"@id\":\"https:\/\/vosgesinfo.fr\/saintdieinfo\/#organization\"},\"image\":{\"@id\":\"https:\/\/vosgesinfo.fr\/saintdieinfo\/2023\/03\/vingtaine-de-personnes-a-participe-a-premiere-formation-deodatienne-aux-premiers-secours-canins-felins\/#primaryimage\"},\"thumbnailUrl\":\"https:\/\/vosgesinfo.fr\/app\/uploads\/sites\/4\/2024\/08\/202303formation-premiers-secours-animaux-3.jpg\",\"keywords\":[\"Fabrice Abonou\",\"Formation aux premiers secours canins et f\u00e9lins\",\"Salle Carbonnar\",\"Vetform\"],\"articleSection\":[\"A la Une\",\"Saint-Di\u00e9-des-Vosges et son Agglom\u00e9ration\",\"Sant\u00e9\",\"Soci\u00e9t\u00e9\"],\"inLanguage\":\"fr-FR\",\"potentialAction\":[{\"@type\":\"CommentAction\",\"name\":\"Comment\",\"target\":[\"https:\/\/vosgesinfo.fr\/saintdieinfo\/2023\/03\/vingtaine-de-personnes-a-participe-a-premiere-formation-deodatienne-aux-premiers-secours-canins-felins\/#respond\"]}]},{\"@type\":\"WebPage\",\"@id\":\"https:\/\/vosgesinfo.fr\/saintdieinfo\/2023\/03\/vingtaine-de-personnes-a-participe-a-premiere-formation-deodatienne-aux-premiers-secours-canins-felins\/\",\"url\":\"https:\/\/vosgesinfo.fr\/saintdieinfo\/2023\/03\/vingtaine-de-personnes-a-participe-a-premiere-formation-deodatienne-aux-premiers-secours-canins-felins\/\",\"name\":\"Une vingtaine de personnes a particip\u00e9 \u00e0 la premi\u00e8re formation d\u00e9odatienne aux premiers secours canins et f\u00e9lins - Saint Die Info\",\"isPartOf\":{\"@id\":\"https:\/\/vosgesinfo.fr\/saintdieinfo\/#website\"},\"primaryImageOfPage\":{\"@id\":\"https:\/\/vosgesinfo.fr\/saintdieinfo\/2023\/03\/vingtaine-de-personnes-a-participe-a-premiere-formation-deodatienne-aux-premiers-secours-canins-felins\/#primaryimage\"},\"image\":{\"@id\":\"https:\/\/vosgesinfo.fr\/saintdieinfo\/2023\/03\/vingtaine-de-personnes-a-participe-a-premiere-formation-deodatienne-aux-premiers-secours-canins-felins\/#primaryimage\"},\"thumbnailUrl\":\"https:\/\/vosgesinfo.fr\/app\/uploads\/sites\/4\/2024\/08\/202303formation-premiers-secours-animaux-3.jpg\",\"datePublished\":\"2023-03-17T10:00:05+00:00\",\"dateModified\":\"2023-03-17T10:00:05+00:00\",\"breadcrumb\":{\"@id\":\"https:\/\/vosgesinfo.fr\/saintdieinfo\/2023\/03\/vingtaine-de-personnes-a-participe-a-premiere-formation-deodatienne-aux-premiers-secours-canins-felins\/#breadcrumb\"},\"inLanguage\":\"fr-FR\",\"potentialAction\":[{\"@type\":\"ReadAction\",\"target\":[\"https:\/\/vosgesinfo.fr\/saintdieinfo\/2023\/03\/vingtaine-de-personnes-a-participe-a-premiere-formation-deodatienne-aux-premiers-secours-canins-felins\/\"]}]},{\"@type\":\"ImageObject\",\"inLanguage\":\"fr-FR\",\"@id\":\"https:\/\/vosgesinfo.fr\/saintdieinfo\/2023\/03\/vingtaine-de-personnes-a-participe-a-premiere-formation-deodatienne-aux-premiers-secours-canins-felins\/#primaryimage\",\"url\":\"https:\/\/vosgesinfo.fr\/app\/uploads\/sites\/4\/2024\/08\/202303formation-premiers-secours-animaux-3.jpg\",\"contentUrl\":\"https:\/\/vosgesinfo.fr\/app\/uploads\/sites\/4\/2024\/08\/202303formation-premiers-secours-animaux-3.jpg\",\"width\":1600,\"height\":1200},{\"@type\":\"BreadcrumbList\",\"@id\":\"https:\/\/vosgesinfo.fr\/saintdieinfo\/2023\/03\/vingtaine-de-personnes-a-participe-a-premiere-formation-deodatienne-aux-premiers-secours-canins-felins\/#breadcrumb\",\"itemListElement\":[{\"@type\":\"ListItem\",\"position\":1,\"name\":\"Home\",\"item\":\"https:\/\/vosgesinfo.fr\/saintdieinfo\/\"},{\"@type\":\"ListItem\",\"position\":2,\"name\":\"Une vingtaine de personnes a particip\u00e9 \u00e0 la premi\u00e8re formation d\u00e9odatienne aux premiers secours canins et f\u00e9lins\"}]},{\"@type\":\"WebSite\",\"@id\":\"https:\/\/vosgesinfo.fr\/saintdieinfo\/#website\",\"url\":\"https:\/\/vosgesinfo.fr\/saintdieinfo\/\",\"name\":\"Saint Die Info\",\"description\":\"Toute l&#039;actualit\u00e9 de Saint-Di\u00e9-Des-Vosges\",\"publisher\":{\"@id\":\"https:\/\/vosgesinfo.fr\/saintdieinfo\/#organization\"},\"alternateName\":\"Toute l'actualit\u00e9 de Saint-Di\u00e9-Des-Vosges\",\"potentialAction\":[{\"@type\":\"SearchAction\",\"target\":{\"@type\":\"EntryPoint\",\"urlTemplate\":\"https:\/\/vosgesinfo.fr\/saintdieinfo\/?s={search_term_string}\"},\"query-input\":\"required name=search_term_string\"}],\"inLanguage\":\"fr-FR\"},{\"@type\":\"Organization\",\"@id\":\"https:\/\/vosgesinfo.fr\/saintdieinfo\/#organization\",\"name\":\"Saint Die Info\",\"url\":\"https:\/\/vosgesinfo.fr\/saintdieinfo\/\",\"logo\":{\"@type\":\"ImageObject\",\"inLanguage\":\"fr-FR\",\"@id\":\"https:\/\/vosgesinfo.fr\/saintdieinfo\/#\/schema\/logo\/image\/\",\"url\":\"https:\/\/vosgesinfo.fr\/app\/uploads\/sites\/4\/2024\/02\/logo-sdi.jpg\",\"contentUrl\":\"https:\/\/vosgesinfo.fr\/app\/uploads\/sites\/4\/2024\/02\/logo-sdi.jpg\",\"width\":600,\"height\":600,\"caption\":\"Saint Die Info\"},\"image\":{\"@id\":\"https:\/\/vosgesinfo.fr\/saintdieinfo\/#\/schema\/logo\/image\/\"},\"sameAs\":[\"https:\/\/www.facebook.com\/Saintdieinfofr\",\"https:\/\/x.com\/VosgesInfo88\",\"https:\/\/www.youtube.com\/@vosgesinfo\"]},{\"@type\":\"Person\",\"@id\":\"https:\/\/vosgesinfo.fr\/saintdieinfo\/#\/schema\/person\/faee6704a21f3977511db84bd1cd450f\",\"name\":\"la r\u00e9daction\",\"image\":{\"@type\":\"ImageObject\",\"inLanguage\":\"fr-FR\",\"@id\":\"https:\/\/vosgesinfo.fr\/saintdieinfo\/#\/schema\/person\/image\/\",\"url\":\"https:\/\/secure.gravatar.com\/avatar\/6673d8bc6a9c17fa9a453eaa3448de834fa308c2ec9635b7aa99441a7c8d2cf6?s=96&d=mm&r=g\",\"contentUrl\":\"https:\/\/secure.gravatar.com\/avatar\/6673d8bc6a9c17fa9a453eaa3448de834fa308c2ec9635b7aa99441a7c8d2cf6?s=96&d=mm&r=g\",\"caption\":\"la r\u00e9daction\"},\"url\":\"https:\/\/vosgesinfo.fr\/saintdieinfo\/author\/redac\/\"}]}<\/script>\n<!-- \/ Yoast SEO plugin. -->","yoast_head_json":{"title":"Une vingtaine de personnes a particip\u00e9 \u00e0 la premi\u00e8re formation d\u00e9odatienne aux premiers secours canins et f\u00e9lins - Saint Die Info","robots":{"index":"index","follow":"follow","max-snippet":"max-snippet:-1","max-image-preview":"max-image-preview:large","max-video-preview":"max-video-preview:-1"},"canonical":"https:\/\/vosgesinfo.fr\/saintdieinfo\/2023\/03\/vingtaine-de-personnes-a-participe-a-premiere-formation-deodatienne-aux-premiers-secours-canins-felins\/","twitter_card":"summary_large_image","twitter_title":"Une vingtaine de personnes a particip\u00e9 \u00e0 la premi\u00e8re formation d\u00e9odatienne aux premiers secours canins et f\u00e9lins - Saint Die Info","twitter_description":"Une formation aux premiers secours canins et f\u00e9lins a \u00e9t\u00e9 organis\u00e9e par Vetform dimanche dernier \u00e0 la salle Carbonnar, de [&hellip;]","twitter_image":"https:\/\/vosgesinfo.fr\/app\/uploads\/sites\/4\/2024\/08\/202303formation-premiers-secours-animaux-3.jpg","twitter_creator":"@VosgesInfo88","twitter_site":"@VosgesInfo88","twitter_misc":{"\u00c9crit par":"la r\u00e9daction","Dur\u00e9e de lecture estim\u00e9e":"1 minute"},"schema":{"@context":"https:\/\/schema.org","@graph":[{"@type":"Article","@id":"https:\/\/vosgesinfo.fr\/saintdieinfo\/2023\/03\/vingtaine-de-personnes-a-participe-a-premiere-formation-deodatienne-aux-premiers-secours-canins-felins\/#article","isPartOf":{"@id":"https:\/\/vosgesinfo.fr\/saintdieinfo\/2023\/03\/vingtaine-de-personnes-a-participe-a-premiere-formation-deodatienne-aux-premiers-secours-canins-felins\/"},"author":{"name":"la r\u00e9daction","@id":"https:\/\/vosgesinfo.fr\/saintdieinfo\/#\/schema\/person\/faee6704a21f3977511db84bd1cd450f"},"headline":"Une vingtaine de personnes a particip\u00e9 \u00e0 la premi\u00e8re formation d\u00e9odatienne aux premiers secours canins et f\u00e9lins","datePublished":"2023-03-17T10:00:05+00:00","dateModified":"2023-03-17T10:00:05+00:00","mainEntityOfPage":{"@id":"https:\/\/vosgesinfo.fr\/saintdieinfo\/2023\/03\/vingtaine-de-personnes-a-participe-a-premiere-formation-deodatienne-aux-premiers-secours-canins-felins\/"},"wordCount":216,"commentCount":0,"publisher":{"@id":"https:\/\/vosgesinfo.fr\/saintdieinfo\/#organization"},"image":{"@id":"https:\/\/vosgesinfo.fr\/saintdieinfo\/2023\/03\/vingtaine-de-personnes-a-participe-a-premiere-formation-deodatienne-aux-premiers-secours-canins-felins\/#primaryimage"},"thumbnailUrl":"https:\/\/vosgesinfo.fr\/app\/uploads\/sites\/4\/2024\/08\/202303formation-premiers-secours-animaux-3.jpg","keywords":["Fabrice Abonou","Formation aux premiers secours canins et f\u00e9lins","Salle Carbonnar","Vetform"],"articleSection":["A la Une","Saint-Di\u00e9-des-Vosges et son Agglom\u00e9ration","Sant\u00e9","Soci\u00e9t\u00e9"],"inLanguage":"fr-FR","potentialAction":[{"@type":"CommentAction","name":"Comment","target":["https:\/\/vosgesinfo.fr\/saintdieinfo\/2023\/03\/vingtaine-de-personnes-a-participe-a-premiere-formation-deodatienne-aux-premiers-secours-canins-felins\/#respond"]}]},{"@type":"WebPage","@id":"https:\/\/vosgesinfo.fr\/saintdieinfo\/2023\/03\/vingtaine-de-personnes-a-participe-a-premiere-formation-deodatienne-aux-premiers-secours-canins-felins\/","url":"https:\/\/vosgesinfo.fr\/saintdieinfo\/2023\/03\/vingtaine-de-personnes-a-participe-a-premiere-formation-deodatienne-aux-premiers-secours-canins-felins\/","name":"Une vingtaine de personnes a particip\u00e9 \u00e0 la premi\u00e8re formation d\u00e9odatienne aux premiers secours canins et f\u00e9lins - Saint Die Info","isPartOf":{"@id":"https:\/\/vosgesinfo.fr\/saintdieinfo\/#website"},"primaryImageOfPage":{"@id":"https:\/\/vosgesinfo.fr\/saintdieinfo\/2023\/03\/vingtaine-de-personnes-a-participe-a-premiere-formation-deodatienne-aux-premiers-secours-canins-felins\/#primaryimage"},"image":{"@id":"https:\/\/vosgesinfo.fr\/saintdieinfo\/2023\/03\/vingtaine-de-personnes-a-participe-a-premiere-formation-deodatienne-aux-premiers-secours-canins-felins\/#primaryimage"},"thumbnailUrl":"https:\/\/vosgesinfo.fr\/app\/uploads\/sites\/4\/2024\/08\/202303formation-premiers-secours-animaux-3.jpg","datePublished":"2023-03-17T10:00:05+00:00","dateModified":"2023-03-17T10:00:05+00:00","breadcrumb":{"@id":"https:\/\/vosgesinfo.fr\/saintdieinfo\/2023\/03\/vingtaine-de-personnes-a-participe-a-premiere-formation-deodatienne-aux-premiers-secours-canins-felins\/#breadcrumb"},"inLanguage":"fr-FR","potentialAction":[{"@type":"ReadAction","target":["https:\/\/vosgesinfo.fr\/saintdieinfo\/2023\/03\/vingtaine-de-personnes-a-participe-a-premiere-formation-deodatienne-aux-premiers-secours-canins-felins\/"]}]},{"@type":"ImageObject","inLanguage":"fr-FR","@id":"https:\/\/vosgesinfo.fr\/saintdieinfo\/2023\/03\/vingtaine-de-personnes-a-participe-a-premiere-formation-deodatienne-aux-premiers-secours-canins-felins\/#primaryimage","url":"https:\/\/vosgesinfo.fr\/app\/uploads\/sites\/4\/2024\/08\/202303formation-premiers-secours-animaux-3.jpg","contentUrl":"https:\/\/vosgesinfo.fr\/app\/uploads\/sites\/4\/2024\/08\/202303formation-premiers-secours-animaux-3.jpg","width":1600,"height":1200},{"@type":"BreadcrumbList","@id":"https:\/\/vosgesinfo.fr\/saintdieinfo\/2023\/03\/vingtaine-de-personnes-a-participe-a-premiere-formation-deodatienne-aux-premiers-secours-canins-felins\/#breadcrumb","itemListElement":[{"@type":"ListItem","position":1,"name":"Home","item":"https:\/\/vosgesinfo.fr\/saintdieinfo\/"},{"@type":"ListItem","position":2,"name":"Une vingtaine de personnes a particip\u00e9 \u00e0 la premi\u00e8re formation d\u00e9odatienne aux premiers secours canins et f\u00e9lins"}]},{"@type":"WebSite","@id":"https:\/\/vosgesinfo.fr\/saintdieinfo\/#website","url":"https:\/\/vosgesinfo.fr\/saintdieinfo\/","name":"Saint Die Info","description":"Toute l&#039;actualit\u00e9 de Saint-Di\u00e9-Des-Vosges","publisher":{"@id":"https:\/\/vosgesinfo.fr\/saintdieinfo\/#organization"},"alternateName":"Toute l'actualit\u00e9 de Saint-Di\u00e9-Des-Vosges","potentialAction":[{"@type":"SearchAction","target":{"@type":"EntryPoint","urlTemplate":"https:\/\/vosgesinfo.fr\/saintdieinfo\/?s={search_term_string}"},"query-input":"required name=search_term_string"}],"inLanguage":"fr-FR"},{"@type":"Organization","@id":"https:\/\/vosgesinfo.fr\/saintdieinfo\/#organization","name":"Saint Die Info","url":"https:\/\/vosgesinfo.fr\/saintdieinfo\/","logo":{"@type":"ImageObject","inLanguage":"fr-FR","@id":"https:\/\/vosgesinfo.fr\/saintdieinfo\/#\/schema\/logo\/image\/","url":"https:\/\/vosgesinfo.fr\/app\/uploads\/sites\/4\/2024\/02\/logo-sdi.jpg","contentUrl":"https:\/\/vosgesinfo.fr\/app\/uploads\/sites\/4\/2024\/02\/logo-sdi.jpg","width":600,"height":600,"caption":"Saint Die Info"},"image":{"@id":"https:\/\/vosgesinfo.fr\/saintdieinfo\/#\/schema\/logo\/image\/"},"sameAs":["https:\/\/www.facebook.com\/Saintdieinfofr","https:\/\/x.com\/VosgesInfo88","https:\/\/www.youtube.com\/@vosgesinfo"]},{"@type":"Person","@id":"https:\/\/vosgesinfo.fr\/saintdieinfo\/#\/schema\/person\/faee6704a21f3977511db84bd1cd450f","name":"la r\u00e9daction","image":{"@type":"ImageObject","inLanguage":"fr-FR","@id":"https:\/\/vosgesinfo.fr\/saintdieinfo\/#\/schema\/person\/image\/","url":"https:\/\/secure.gravatar.com\/avatar\/6673d8bc6a9c17fa9a453eaa3448de834fa308c2ec9635b7aa99441a7c8d2cf6?s=96&d=mm&r=g","contentUrl":"https:\/\/secure.gravatar.com\/avatar\/6673d8bc6a9c17fa9a453eaa3448de834fa308c2ec9635b7aa99441a7c8d2cf6?s=96&d=mm&r=g","caption":"la r\u00e9daction"},"url":"https:\/\/vosgesinfo.fr\/saintdieinfo\/author\/redac\/"}]}},"_links":{"self":[{"href":"https:\/\/vosgesinfo.fr\/saintdieinfo\/wp-json\/wp\/v2\/posts\/63232","targetHints":{"allow":["GET"]}}],"collection":[{"href":"https:\/\/vosgesinfo.fr\/saintdieinfo\/wp-json\/wp\/v2\/posts"}],"about":[{"href":"https:\/\/vosgesinfo.fr\/saintdieinfo\/wp-json\/wp\/v2\/types\/post"}],"author":[{"embeddable":true,"href":"https:\/\/vosgesinfo.fr\/saintdieinfo\/wp-json\/wp\/v2\/users\/44"}],"replies":[{"embeddable":true,"href":"https:\/\/vosgesinfo.fr\/saintdieinfo\/wp-json\/wp\/v2\/comments?post=63232"}],"version-history":[{"count":0,"href":"https:\/\/vosgesinfo.fr\/saintdieinfo\/wp-json\/wp\/v2\/posts\/63232\/revisions"}],"wp:featuredmedia":[{"embeddable":true,"href":"https:\/\/vosgesinfo.fr\/saintdieinfo\/wp-json\/wp\/v2\/media\/63233"}],"wp:attachment":[{"href":"https:\/\/vosgesinfo.fr\/saintdieinfo\/wp-json\/wp\/v2\/media?parent=63232"}],"wp:term":[{"taxonomy":"category","embeddable":true,"href":"https:\/\/vosgesinfo.fr\/saintdieinfo\/wp-json\/wp\/v2\/categories?post=63232"},{"taxonomy":"post_tag","embeddable":true,"href":"https:\/\/vosgesinfo.fr\/saintdieinfo\/wp-json\/wp\/v2\/tags?post=63232"}],"curies":[{"name":"wp","href":"https:\/\/api.w.org\/{rel}","templated":true}]}}