{"id":63236,"date":"2023-03-17T13:47:20","date_gmt":"2023-03-17T12:47:20","guid":{"rendered":"https:\/\/vosgesinfo.fr\/saintdieinfo\/2023\/03\/lassociation-franco-turque-de-saint-die-vosges-organise-kermesse-week-end-venir-aide-aux-victimes-seismes-de-fevrier\/"},"modified":"2023-03-17T13:47:20","modified_gmt":"2023-03-17T12:47:20","slug":"lassociation-franco-turque-de-saint-die-vosges-organise-kermesse-week-end-venir-aide-aux-victimes-seismes-de-fevrier","status":"publish","type":"post","link":"https:\/\/vosgesinfo.fr\/saintdieinfo\/2023\/03\/lassociation-franco-turque-de-saint-die-vosges-organise-kermesse-week-end-venir-aide-aux-victimes-seismes-de-fevrier\/","title":{"rendered":"L&rsquo;association franco-turque de Saint-Di\u00e9-des-Vosges organise une kermesse ce week-end pour venir en aide aux victimes des s\u00e9ismes de f\u00e9vrier"},"content":{"rendered":"<div id=\"attachment_198544\" style=\"width: 970px\" class=\"wp-caption aligncenter\"><a href=\"\/2023\/03\/Local_Association_Franco-Turque_SDDV.jpg\" target=\"_blank\" rel=\"noopener\"><img decoding=\"async\" aria-describedby=\"caption-attachment-198544\" class=\"wp-image-198544 size-large\" src=\"\/2023\/03\/Local_Association_Franco-Turque_SDDV-1024x771.jpg\" alt=\"Local_Association_Franco-Turque_SDDV\" width=\"960\" height=\"723\" \/><\/a><p id=\"caption-attachment-198544\" class=\"wp-caption-text\">Les locaux de l&rsquo;association franco-turque de Saint-Di\u00e9-des-Vosges sont situ\u00e9s au 3, avenue de Verdun.<\/p><\/div>\n<h2><strong><span style=\"font-size: 14pt;\">Des violents s\u00e9ismes ont frapp\u00e9 la Turquie et la Syrie les 6, 20 et 27 f\u00e9vrier derniers, faisant plus de 50 000 morts et plus de 100 000 bless\u00e9s selon les derni\u00e8res estimations.<\/span><\/strong><\/h2>\n<p><!--more--><\/p>\n<p>Afin de venir en aide aux victimes, l&rsquo;association franco-turque de Saint-Di\u00e9-des-Vosges s&rsquo;est imm\u00e9diatement mobilis\u00e9e (<a href=\"https:\/\/saintdieinfo.fr\/2023\/02\/seisme-turquie-syrie-solidarite-internationale-touche-beaucoup\/\" target=\"_blank\" rel=\"noopener\">lire notre article<\/a>). Ce week-end, samedi et dimanche de 10h \u00e0 19h, ses b\u00e9n\u00e9voles organisent une kermesse caritative dans les locaux de l&rsquo;association, situ\u00e9s au 3, avenue de Verdun, toujours dans le but de r\u00e9colter de l&rsquo;argent au profit des victimes. Sur place, les visiteurs pourront retrouver diff\u00e9rents stands de sp\u00e9cialit\u00e9s turques ainsi que des desserts, mais aussi un stand et des activit\u00e9s pour les enfants. Entr\u00e9e libre.<\/p>\n<p>J.J.<\/p>\n","protected":false},"excerpt":{"rendered":"<p>Des violents s\u00e9ismes ont frapp\u00e9 la Turquie et la Syrie les 6, 20 et 27 f\u00e9vrier derniers, faisant plus de [&hellip;]<\/p>\n","protected":false},"author":44,"featured_media":63237,"comment_status":"open","ping_status":"open","sticky":false,"template":"","format":"standard","meta":{"footnotes":""},"categories":[460,2915,29,17],"tags":[4547,14021,14022],"class_list":["post-63236","post","type-post","status-publish","format-standard","has-post-thumbnail","hentry","category-a-la-une","category-saint-die-son-canton","category-solidarite","category-vie-associative","tag-association-franco-turque-de-saint-die-des-vosges","tag-kermesse-caritative","tag-seismes-en-turquie-et-syrie"],"acf":[],"yoast_head":"<!-- This site is optimized with the Yoast SEO plugin v22.5 - https:\/\/yoast.com\/wordpress\/plugins\/seo\/ -->\n<title>L&#039;association franco-turque de Saint-Di\u00e9-des-Vosges organise une kermesse ce week-end pour venir en aide aux victimes des s\u00e9ismes de f\u00e9vrier - Saint Die Info<\/title>\n<meta name=\"robots\" content=\"index, follow, max-snippet:-1, max-image-preview:large, max-video-preview:-1\" \/>\n<link rel=\"canonical\" href=\"https:\/\/vosgesinfo.fr\/saintdieinfo\/2023\/03\/lassociation-franco-turque-de-saint-die-vosges-organise-kermesse-week-end-venir-aide-aux-victimes-seismes-de-fevrier\/\" \/>\n<meta name=\"twitter:card\" content=\"summary_large_image\" \/>\n<meta name=\"twitter:title\" content=\"L&#039;association franco-turque de Saint-Di\u00e9-des-Vosges organise une kermesse ce week-end pour venir en aide aux victimes des s\u00e9ismes de f\u00e9vrier - Saint Die Info\" \/>\n<meta name=\"twitter:description\" content=\"Des violents s\u00e9ismes ont frapp\u00e9 la Turquie et la Syrie les 6, 20 et 27 f\u00e9vrier derniers, faisant plus de [&hellip;]\" \/>\n<meta name=\"twitter:image\" content=\"https:\/\/vosgesinfo.fr\/app\/uploads\/sites\/4\/2024\/08\/202303local-association-franco-turque-sddv.jpg\" \/>\n<meta name=\"twitter:creator\" content=\"@VosgesInfo88\" \/>\n<meta name=\"twitter:site\" content=\"@VosgesInfo88\" \/>\n<meta name=\"twitter:label1\" content=\"\u00c9crit par\" \/>\n\t<meta name=\"twitter:data1\" content=\"la r\u00e9daction\" \/>\n\t<meta name=\"twitter:label2\" content=\"Dur\u00e9e de lecture estim\u00e9e\" \/>\n\t<meta name=\"twitter:data2\" content=\"1 minute\" \/>\n<script type=\"application\/ld+json\" class=\"yoast-schema-graph\">{\"@context\":\"https:\/\/schema.org\",\"@graph\":[{\"@type\":\"Article\",\"@id\":\"https:\/\/vosgesinfo.fr\/saintdieinfo\/2023\/03\/lassociation-franco-turque-de-saint-die-vosges-organise-kermesse-week-end-venir-aide-aux-victimes-seismes-de-fevrier\/#article\",\"isPartOf\":{\"@id\":\"https:\/\/vosgesinfo.fr\/saintdieinfo\/2023\/03\/lassociation-franco-turque-de-saint-die-vosges-organise-kermesse-week-end-venir-aide-aux-victimes-seismes-de-fevrier\/\"},\"author\":{\"name\":\"la r\u00e9daction\",\"@id\":\"https:\/\/vosgesinfo.fr\/saintdieinfo\/#\/schema\/person\/faee6704a21f3977511db84bd1cd450f\"},\"headline\":\"L&rsquo;association franco-turque de Saint-Di\u00e9-des-Vosges organise une kermesse ce week-end pour venir en aide aux victimes des s\u00e9ismes de f\u00e9vrier\",\"datePublished\":\"2023-03-17T12:47:20+00:00\",\"dateModified\":\"2023-03-17T12:47:20+00:00\",\"mainEntityOfPage\":{\"@id\":\"https:\/\/vosgesinfo.fr\/saintdieinfo\/2023\/03\/lassociation-franco-turque-de-saint-die-vosges-organise-kermesse-week-end-venir-aide-aux-victimes-seismes-de-fevrier\/\"},\"wordCount\":174,\"commentCount\":0,\"publisher\":{\"@id\":\"https:\/\/vosgesinfo.fr\/saintdieinfo\/#organization\"},\"image\":{\"@id\":\"https:\/\/vosgesinfo.fr\/saintdieinfo\/2023\/03\/lassociation-franco-turque-de-saint-die-vosges-organise-kermesse-week-end-venir-aide-aux-victimes-seismes-de-fevrier\/#primaryimage\"},\"thumbnailUrl\":\"https:\/\/vosgesinfo.fr\/app\/uploads\/sites\/4\/2024\/08\/202303local-association-franco-turque-sddv.jpg\",\"keywords\":[\"Association Franco-Turque de Saint-Di\u00e9-des-Vosges\",\"Kermesse caritative\",\"S\u00e9ismes en Turquie et Syrie\"],\"articleSection\":[\"A la Une\",\"Saint-Di\u00e9-des-Vosges et son Agglom\u00e9ration\",\"Solidarit\u00e9\",\"Vie Associative\"],\"inLanguage\":\"fr-FR\",\"potentialAction\":[{\"@type\":\"CommentAction\",\"name\":\"Comment\",\"target\":[\"https:\/\/vosgesinfo.fr\/saintdieinfo\/2023\/03\/lassociation-franco-turque-de-saint-die-vosges-organise-kermesse-week-end-venir-aide-aux-victimes-seismes-de-fevrier\/#respond\"]}]},{\"@type\":\"WebPage\",\"@id\":\"https:\/\/vosgesinfo.fr\/saintdieinfo\/2023\/03\/lassociation-franco-turque-de-saint-die-vosges-organise-kermesse-week-end-venir-aide-aux-victimes-seismes-de-fevrier\/\",\"url\":\"https:\/\/vosgesinfo.fr\/saintdieinfo\/2023\/03\/lassociation-franco-turque-de-saint-die-vosges-organise-kermesse-week-end-venir-aide-aux-victimes-seismes-de-fevrier\/\",\"name\":\"L'association franco-turque de Saint-Di\u00e9-des-Vosges organise une kermesse ce week-end pour venir en aide aux victimes des s\u00e9ismes de f\u00e9vrier - Saint Die Info\",\"isPartOf\":{\"@id\":\"https:\/\/vosgesinfo.fr\/saintdieinfo\/#website\"},\"primaryImageOfPage\":{\"@id\":\"https:\/\/vosgesinfo.fr\/saintdieinfo\/2023\/03\/lassociation-franco-turque-de-saint-die-vosges-organise-kermesse-week-end-venir-aide-aux-victimes-seismes-de-fevrier\/#primaryimage\"},\"image\":{\"@id\":\"https:\/\/vosgesinfo.fr\/saintdieinfo\/2023\/03\/lassociation-franco-turque-de-saint-die-vosges-organise-kermesse-week-end-venir-aide-aux-victimes-seismes-de-fevrier\/#primaryimage\"},\"thumbnailUrl\":\"https:\/\/vosgesinfo.fr\/app\/uploads\/sites\/4\/2024\/08\/202303local-association-franco-turque-sddv.jpg\",\"datePublished\":\"2023-03-17T12:47:20+00:00\",\"dateModified\":\"2023-03-17T12:47:20+00:00\",\"breadcrumb\":{\"@id\":\"https:\/\/vosgesinfo.fr\/saintdieinfo\/2023\/03\/lassociation-franco-turque-de-saint-die-vosges-organise-kermesse-week-end-venir-aide-aux-victimes-seismes-de-fevrier\/#breadcrumb\"},\"inLanguage\":\"fr-FR\",\"potentialAction\":[{\"@type\":\"ReadAction\",\"target\":[\"https:\/\/vosgesinfo.fr\/saintdieinfo\/2023\/03\/lassociation-franco-turque-de-saint-die-vosges-organise-kermesse-week-end-venir-aide-aux-victimes-seismes-de-fevrier\/\"]}]},{\"@type\":\"ImageObject\",\"inLanguage\":\"fr-FR\",\"@id\":\"https:\/\/vosgesinfo.fr\/saintdieinfo\/2023\/03\/lassociation-franco-turque-de-saint-die-vosges-organise-kermesse-week-end-venir-aide-aux-victimes-seismes-de-fevrier\/#primaryimage\",\"url\":\"https:\/\/vosgesinfo.fr\/app\/uploads\/sites\/4\/2024\/08\/202303local-association-franco-turque-sddv.jpg\",\"contentUrl\":\"https:\/\/vosgesinfo.fr\/app\/uploads\/sites\/4\/2024\/08\/202303local-association-franco-turque-sddv.jpg\",\"width\":1600,\"height\":1205},{\"@type\":\"BreadcrumbList\",\"@id\":\"https:\/\/vosgesinfo.fr\/saintdieinfo\/2023\/03\/lassociation-franco-turque-de-saint-die-vosges-organise-kermesse-week-end-venir-aide-aux-victimes-seismes-de-fevrier\/#breadcrumb\",\"itemListElement\":[{\"@type\":\"ListItem\",\"position\":1,\"name\":\"Home\",\"item\":\"https:\/\/vosgesinfo.fr\/saintdieinfo\/\"},{\"@type\":\"ListItem\",\"position\":2,\"name\":\"L&rsquo;association franco-turque de Saint-Di\u00e9-des-Vosges organise une kermesse ce week-end pour venir en aide aux victimes des s\u00e9ismes de f\u00e9vrier\"}]},{\"@type\":\"WebSite\",\"@id\":\"https:\/\/vosgesinfo.fr\/saintdieinfo\/#website\",\"url\":\"https:\/\/vosgesinfo.fr\/saintdieinfo\/\",\"name\":\"Saint Die Info\",\"description\":\"Toute l&#039;actualit\u00e9 de Saint-Di\u00e9-Des-Vosges\",\"publisher\":{\"@id\":\"https:\/\/vosgesinfo.fr\/saintdieinfo\/#organization\"},\"alternateName\":\"Toute l'actualit\u00e9 de Saint-Di\u00e9-Des-Vosges\",\"potentialAction\":[{\"@type\":\"SearchAction\",\"target\":{\"@type\":\"EntryPoint\",\"urlTemplate\":\"https:\/\/vosgesinfo.fr\/saintdieinfo\/?s={search_term_string}\"},\"query-input\":\"required name=search_term_string\"}],\"inLanguage\":\"fr-FR\"},{\"@type\":\"Organization\",\"@id\":\"https:\/\/vosgesinfo.fr\/saintdieinfo\/#organization\",\"name\":\"Saint Die Info\",\"url\":\"https:\/\/vosgesinfo.fr\/saintdieinfo\/\",\"logo\":{\"@type\":\"ImageObject\",\"inLanguage\":\"fr-FR\",\"@id\":\"https:\/\/vosgesinfo.fr\/saintdieinfo\/#\/schema\/logo\/image\/\",\"url\":\"https:\/\/vosgesinfo.fr\/app\/uploads\/sites\/4\/2024\/02\/logo-sdi.jpg\",\"contentUrl\":\"https:\/\/vosgesinfo.fr\/app\/uploads\/sites\/4\/2024\/02\/logo-sdi.jpg\",\"width\":600,\"height\":600,\"caption\":\"Saint Die Info\"},\"image\":{\"@id\":\"https:\/\/vosgesinfo.fr\/saintdieinfo\/#\/schema\/logo\/image\/\"},\"sameAs\":[\"https:\/\/www.facebook.com\/Saintdieinfofr\",\"https:\/\/x.com\/VosgesInfo88\",\"https:\/\/www.youtube.com\/@vosgesinfo\"]},{\"@type\":\"Person\",\"@id\":\"https:\/\/vosgesinfo.fr\/saintdieinfo\/#\/schema\/person\/faee6704a21f3977511db84bd1cd450f\",\"name\":\"la r\u00e9daction\",\"image\":{\"@type\":\"ImageObject\",\"inLanguage\":\"fr-FR\",\"@id\":\"https:\/\/vosgesinfo.fr\/saintdieinfo\/#\/schema\/person\/image\/\",\"url\":\"https:\/\/secure.gravatar.com\/avatar\/6673d8bc6a9c17fa9a453eaa3448de834fa308c2ec9635b7aa99441a7c8d2cf6?s=96&d=mm&r=g\",\"contentUrl\":\"https:\/\/secure.gravatar.com\/avatar\/6673d8bc6a9c17fa9a453eaa3448de834fa308c2ec9635b7aa99441a7c8d2cf6?s=96&d=mm&r=g\",\"caption\":\"la r\u00e9daction\"},\"url\":\"https:\/\/vosgesinfo.fr\/saintdieinfo\/author\/redac\/\"}]}<\/script>\n<!-- \/ Yoast SEO plugin. -->","yoast_head_json":{"title":"L'association franco-turque de Saint-Di\u00e9-des-Vosges organise une kermesse ce week-end pour venir en aide aux victimes des s\u00e9ismes de f\u00e9vrier - Saint Die Info","robots":{"index":"index","follow":"follow","max-snippet":"max-snippet:-1","max-image-preview":"max-image-preview:large","max-video-preview":"max-video-preview:-1"},"canonical":"https:\/\/vosgesinfo.fr\/saintdieinfo\/2023\/03\/lassociation-franco-turque-de-saint-die-vosges-organise-kermesse-week-end-venir-aide-aux-victimes-seismes-de-fevrier\/","twitter_card":"summary_large_image","twitter_title":"L'association franco-turque de Saint-Di\u00e9-des-Vosges organise une kermesse ce week-end pour venir en aide aux victimes des s\u00e9ismes de f\u00e9vrier - Saint Die Info","twitter_description":"Des violents s\u00e9ismes ont frapp\u00e9 la Turquie et la Syrie les 6, 20 et 27 f\u00e9vrier derniers, faisant plus de [&hellip;]","twitter_image":"https:\/\/vosgesinfo.fr\/app\/uploads\/sites\/4\/2024\/08\/202303local-association-franco-turque-sddv.jpg","twitter_creator":"@VosgesInfo88","twitter_site":"@VosgesInfo88","twitter_misc":{"\u00c9crit par":"la r\u00e9daction","Dur\u00e9e de lecture estim\u00e9e":"1 minute"},"schema":{"@context":"https:\/\/schema.org","@graph":[{"@type":"Article","@id":"https:\/\/vosgesinfo.fr\/saintdieinfo\/2023\/03\/lassociation-franco-turque-de-saint-die-vosges-organise-kermesse-week-end-venir-aide-aux-victimes-seismes-de-fevrier\/#article","isPartOf":{"@id":"https:\/\/vosgesinfo.fr\/saintdieinfo\/2023\/03\/lassociation-franco-turque-de-saint-die-vosges-organise-kermesse-week-end-venir-aide-aux-victimes-seismes-de-fevrier\/"},"author":{"name":"la r\u00e9daction","@id":"https:\/\/vosgesinfo.fr\/saintdieinfo\/#\/schema\/person\/faee6704a21f3977511db84bd1cd450f"},"headline":"L&rsquo;association franco-turque de Saint-Di\u00e9-des-Vosges organise une kermesse ce week-end pour venir en aide aux victimes des s\u00e9ismes de f\u00e9vrier","datePublished":"2023-03-17T12:47:20+00:00","dateModified":"2023-03-17T12:47:20+00:00","mainEntityOfPage":{"@id":"https:\/\/vosgesinfo.fr\/saintdieinfo\/2023\/03\/lassociation-franco-turque-de-saint-die-vosges-organise-kermesse-week-end-venir-aide-aux-victimes-seismes-de-fevrier\/"},"wordCount":174,"commentCount":0,"publisher":{"@id":"https:\/\/vosgesinfo.fr\/saintdieinfo\/#organization"},"image":{"@id":"https:\/\/vosgesinfo.fr\/saintdieinfo\/2023\/03\/lassociation-franco-turque-de-saint-die-vosges-organise-kermesse-week-end-venir-aide-aux-victimes-seismes-de-fevrier\/#primaryimage"},"thumbnailUrl":"https:\/\/vosgesinfo.fr\/app\/uploads\/sites\/4\/2024\/08\/202303local-association-franco-turque-sddv.jpg","keywords":["Association Franco-Turque de Saint-Di\u00e9-des-Vosges","Kermesse caritative","S\u00e9ismes en Turquie et Syrie"],"articleSection":["A la Une","Saint-Di\u00e9-des-Vosges et son Agglom\u00e9ration","Solidarit\u00e9","Vie Associative"],"inLanguage":"fr-FR","potentialAction":[{"@type":"CommentAction","name":"Comment","target":["https:\/\/vosgesinfo.fr\/saintdieinfo\/2023\/03\/lassociation-franco-turque-de-saint-die-vosges-organise-kermesse-week-end-venir-aide-aux-victimes-seismes-de-fevrier\/#respond"]}]},{"@type":"WebPage","@id":"https:\/\/vosgesinfo.fr\/saintdieinfo\/2023\/03\/lassociation-franco-turque-de-saint-die-vosges-organise-kermesse-week-end-venir-aide-aux-victimes-seismes-de-fevrier\/","url":"https:\/\/vosgesinfo.fr\/saintdieinfo\/2023\/03\/lassociation-franco-turque-de-saint-die-vosges-organise-kermesse-week-end-venir-aide-aux-victimes-seismes-de-fevrier\/","name":"L'association franco-turque de Saint-Di\u00e9-des-Vosges organise une kermesse ce week-end pour venir en aide aux victimes des s\u00e9ismes de f\u00e9vrier - Saint Die Info","isPartOf":{"@id":"https:\/\/vosgesinfo.fr\/saintdieinfo\/#website"},"primaryImageOfPage":{"@id":"https:\/\/vosgesinfo.fr\/saintdieinfo\/2023\/03\/lassociation-franco-turque-de-saint-die-vosges-organise-kermesse-week-end-venir-aide-aux-victimes-seismes-de-fevrier\/#primaryimage"},"image":{"@id":"https:\/\/vosgesinfo.fr\/saintdieinfo\/2023\/03\/lassociation-franco-turque-de-saint-die-vosges-organise-kermesse-week-end-venir-aide-aux-victimes-seismes-de-fevrier\/#primaryimage"},"thumbnailUrl":"https:\/\/vosgesinfo.fr\/app\/uploads\/sites\/4\/2024\/08\/202303local-association-franco-turque-sddv.jpg","datePublished":"2023-03-17T12:47:20+00:00","dateModified":"2023-03-17T12:47:20+00:00","breadcrumb":{"@id":"https:\/\/vosgesinfo.fr\/saintdieinfo\/2023\/03\/lassociation-franco-turque-de-saint-die-vosges-organise-kermesse-week-end-venir-aide-aux-victimes-seismes-de-fevrier\/#breadcrumb"},"inLanguage":"fr-FR","potentialAction":[{"@type":"ReadAction","target":["https:\/\/vosgesinfo.fr\/saintdieinfo\/2023\/03\/lassociation-franco-turque-de-saint-die-vosges-organise-kermesse-week-end-venir-aide-aux-victimes-seismes-de-fevrier\/"]}]},{"@type":"ImageObject","inLanguage":"fr-FR","@id":"https:\/\/vosgesinfo.fr\/saintdieinfo\/2023\/03\/lassociation-franco-turque-de-saint-die-vosges-organise-kermesse-week-end-venir-aide-aux-victimes-seismes-de-fevrier\/#primaryimage","url":"https:\/\/vosgesinfo.fr\/app\/uploads\/sites\/4\/2024\/08\/202303local-association-franco-turque-sddv.jpg","contentUrl":"https:\/\/vosgesinfo.fr\/app\/uploads\/sites\/4\/2024\/08\/202303local-association-franco-turque-sddv.jpg","width":1600,"height":1205},{"@type":"BreadcrumbList","@id":"https:\/\/vosgesinfo.fr\/saintdieinfo\/2023\/03\/lassociation-franco-turque-de-saint-die-vosges-organise-kermesse-week-end-venir-aide-aux-victimes-seismes-de-fevrier\/#breadcrumb","itemListElement":[{"@type":"ListItem","position":1,"name":"Home","item":"https:\/\/vosgesinfo.fr\/saintdieinfo\/"},{"@type":"ListItem","position":2,"name":"L&rsquo;association franco-turque de Saint-Di\u00e9-des-Vosges organise une kermesse ce week-end pour venir en aide aux victimes des s\u00e9ismes de f\u00e9vrier"}]},{"@type":"WebSite","@id":"https:\/\/vosgesinfo.fr\/saintdieinfo\/#website","url":"https:\/\/vosgesinfo.fr\/saintdieinfo\/","name":"Saint Die Info","description":"Toute l&#039;actualit\u00e9 de Saint-Di\u00e9-Des-Vosges","publisher":{"@id":"https:\/\/vosgesinfo.fr\/saintdieinfo\/#organization"},"alternateName":"Toute l'actualit\u00e9 de Saint-Di\u00e9-Des-Vosges","potentialAction":[{"@type":"SearchAction","target":{"@type":"EntryPoint","urlTemplate":"https:\/\/vosgesinfo.fr\/saintdieinfo\/?s={search_term_string}"},"query-input":"required name=search_term_string"}],"inLanguage":"fr-FR"},{"@type":"Organization","@id":"https:\/\/vosgesinfo.fr\/saintdieinfo\/#organization","name":"Saint Die Info","url":"https:\/\/vosgesinfo.fr\/saintdieinfo\/","logo":{"@type":"ImageObject","inLanguage":"fr-FR","@id":"https:\/\/vosgesinfo.fr\/saintdieinfo\/#\/schema\/logo\/image\/","url":"https:\/\/vosgesinfo.fr\/app\/uploads\/sites\/4\/2024\/02\/logo-sdi.jpg","contentUrl":"https:\/\/vosgesinfo.fr\/app\/uploads\/sites\/4\/2024\/02\/logo-sdi.jpg","width":600,"height":600,"caption":"Saint Die Info"},"image":{"@id":"https:\/\/vosgesinfo.fr\/saintdieinfo\/#\/schema\/logo\/image\/"},"sameAs":["https:\/\/www.facebook.com\/Saintdieinfofr","https:\/\/x.com\/VosgesInfo88","https:\/\/www.youtube.com\/@vosgesinfo"]},{"@type":"Person","@id":"https:\/\/vosgesinfo.fr\/saintdieinfo\/#\/schema\/person\/faee6704a21f3977511db84bd1cd450f","name":"la r\u00e9daction","image":{"@type":"ImageObject","inLanguage":"fr-FR","@id":"https:\/\/vosgesinfo.fr\/saintdieinfo\/#\/schema\/person\/image\/","url":"https:\/\/secure.gravatar.com\/avatar\/6673d8bc6a9c17fa9a453eaa3448de834fa308c2ec9635b7aa99441a7c8d2cf6?s=96&d=mm&r=g","contentUrl":"https:\/\/secure.gravatar.com\/avatar\/6673d8bc6a9c17fa9a453eaa3448de834fa308c2ec9635b7aa99441a7c8d2cf6?s=96&d=mm&r=g","caption":"la r\u00e9daction"},"url":"https:\/\/vosgesinfo.fr\/saintdieinfo\/author\/redac\/"}]}},"_links":{"self":[{"href":"https:\/\/vosgesinfo.fr\/saintdieinfo\/wp-json\/wp\/v2\/posts\/63236","targetHints":{"allow":["GET"]}}],"collection":[{"href":"https:\/\/vosgesinfo.fr\/saintdieinfo\/wp-json\/wp\/v2\/posts"}],"about":[{"href":"https:\/\/vosgesinfo.fr\/saintdieinfo\/wp-json\/wp\/v2\/types\/post"}],"author":[{"embeddable":true,"href":"https:\/\/vosgesinfo.fr\/saintdieinfo\/wp-json\/wp\/v2\/users\/44"}],"replies":[{"embeddable":true,"href":"https:\/\/vosgesinfo.fr\/saintdieinfo\/wp-json\/wp\/v2\/comments?post=63236"}],"version-history":[{"count":0,"href":"https:\/\/vosgesinfo.fr\/saintdieinfo\/wp-json\/wp\/v2\/posts\/63236\/revisions"}],"wp:featuredmedia":[{"embeddable":true,"href":"https:\/\/vosgesinfo.fr\/saintdieinfo\/wp-json\/wp\/v2\/media\/63237"}],"wp:attachment":[{"href":"https:\/\/vosgesinfo.fr\/saintdieinfo\/wp-json\/wp\/v2\/media?parent=63236"}],"wp:term":[{"taxonomy":"category","embeddable":true,"href":"https:\/\/vosgesinfo.fr\/saintdieinfo\/wp-json\/wp\/v2\/categories?post=63236"},{"taxonomy":"post_tag","embeddable":true,"href":"https:\/\/vosgesinfo.fr\/saintdieinfo\/wp-json\/wp\/v2\/tags?post=63236"}],"curies":[{"name":"wp","href":"https:\/\/api.w.org\/{rel}","templated":true}]}}