{"id":63238,"date":"2023-03-17T14:24:16","date_gmt":"2023-03-17T13:24:16","guid":{"rendered":"https:\/\/vosgesinfo.fr\/saintdieinfo\/2023\/03\/lambert-pecheur-expose-serie-desherence-bar-deux-rives\/"},"modified":"2023-03-17T14:24:16","modified_gmt":"2023-03-17T13:24:16","slug":"lambert-pecheur-expose-serie-desherence-bar-deux-rives","status":"publish","type":"post","link":"https:\/\/vosgesinfo.fr\/saintdieinfo\/2023\/03\/lambert-pecheur-expose-serie-desherence-bar-deux-rives\/","title":{"rendered":"Lambert P\u00eacheur expose sa s\u00e9rie \u00ab\u00a0D\u00e9sh\u00e9rence\u00a0\u00bb au bar les Deux Rives"},"content":{"rendered":"<p><a href=\"\/2023\/03\/Exposition_Lambert_P\u00eacheur_Les_Deux_Rives.jpg\"><img decoding=\"async\" class=\"aligncenter size-large wp-image-198547\" src=\"\/2023\/03\/Exposition_Lambert_P\u00eacheur_Les_Deux_Rives-1024x771.jpg\" alt=\"Exposition_Lambert_P\u00eacheur_Les_Deux_Rives\" width=\"960\" height=\"723\" \/><\/a><\/p>\n<h2><strong><span style=\"font-size: 14pt;\">Jusqu&rsquo;\u00e0 la fin du mois, le photographe professionnel Lambert P\u00eacheur expose 10 \u0153uvres issues de sa s\u00e9rie \u00ab\u00a0D\u00e9sherence\u00a0\u00bb sur les murs du bar les Deux Rives du quai du Mar\u00e9chal-Leclerc. Cette exposition marque le d\u00e9but d&rsquo;un cycle d&rsquo;expositions pour le bar d\u00e9odatien.<\/span><\/strong><\/h2>\n<p><!--more--><\/p>\n<p>Comme l&rsquo;explique Lambert P\u00eacheur, \u00ab\u00a0je fais de la photo depuis environ 5 ans, de mani\u00e8re amateure. Mais je voulais passer professionnel. J&rsquo;ai donc suivi une formation intensive \u00e0 l&rsquo;EFET Photographie de Paris, o\u00f9 je suis sorti major de promotion avec ma s\u00e9rie \u00ab\u00a0D\u00e9sherence\u00a0\u00bb. C&rsquo;est ce qui m&rsquo;a d\u00e9cid\u00e9 \u00e0 quitter mon emploi chez Emma\u00fcs 88, o\u00f9 j&rsquo;\u00e9tais responsable du site de Fraize, pour me consacrer pleinement \u00e0 la photographie. Les images qui sont expos\u00e9es aux Deux Rives ont \u00e9t\u00e9 r\u00e9alis\u00e9es il y a 3 ans. Elles pr\u00e9sentent des maisons abandonn\u00e9es toutes situ\u00e9es dans les Vosges, que je visite au fur et \u00e0 mesure de mes rep\u00e9rages. Bien entendu, je ne d\u00e9grade rien et je ne communique pas non plus sur leurs emplacements. J&rsquo;ai ma propre cartographie des maisons visit\u00e9es, sachant que pour obtenir une quinzaine de photos j&rsquo;en fais des centaines qui ne sont pas gard\u00e9es. C&rsquo;est un travail de recherche \u00e9norme. \u00ab\u00a0D\u00e9sh\u00e9rence\u00a0\u00bb est d&rsquo;ailleurs la seule s\u00e9rie sur laquelle je travaille.\u00a0\u00bb<\/p>\n<p>Quant au projet d&rsquo;exposition aux Deux Rives, c&rsquo;est par l&rsquo;interm\u00e9diaire de Christian Hocquel qu&rsquo;il a vu le jour. Ce dernier est ami de Lambert P\u00eacheur et de St\u00e9phanie Holveck, la g\u00e9rante du bar. C&rsquo;est donc lui qui a fait le lien entre les 2 parties. Pr\u00e9sident de l&rsquo;association La Poulie, Christian Hocquel pr\u00e9sentera \u00e0 son tour ses photographies le mois prochain, qui porteront sur l&rsquo;\u00e9nergie et les machines industrielles de l&rsquo;usine Gantois. Puis d&rsquo;autres expositions suivront, baptis\u00e9es \u00ab expressions \u00e9ph\u00e9m\u00e8res \u00bb, au gr\u00e9 des propositions. Le bar est d&rsquo;ailleurs ouvert aux artistes, photographes mais aussi peintres, qui souhaiteraient exposer. Et pour d\u00e9couvrir et suivre le travail de Lambert P\u00eacheur, rendez-vous sur <a href=\"https:\/\/www.stateofemergency.fr\/\" target=\"_blank\" rel=\"noopener\">www.stateofemergency.fr<\/a> ou sur ses comptes <a href=\"https:\/\/www.instagram.com\/state_of_emergency_urbex\/\" target=\"_blank\" rel=\"noopener\">Instagram<\/a> et <a href=\"https:\/\/www.flickr.com\/photos\/state-of-emergency\/\" target=\"_blank\" rel=\"noopener\">FlickR.<\/a><\/p>\n<p>J.J.<\/p>\n","protected":false},"excerpt":{"rendered":"<p>Jusqu&rsquo;\u00e0 la fin du mois, le photographe professionnel Lambert P\u00eacheur expose 10 \u0153uvres issues de sa s\u00e9rie \u00ab\u00a0D\u00e9sherence\u00a0\u00bb sur les [&hellip;]<\/p>\n","protected":false},"author":44,"featured_media":63239,"comment_status":"open","ping_status":"open","sticky":false,"template":"","format":"standard","meta":{"footnotes":""},"categories":[460,8019,7847,2915],"tags":[3293,3026,2952,1898,3188],"class_list":["post-63238","post","type-post","status-publish","format-standard","has-post-thumbnail","hentry","category-a-la-une","category-vie-artistique-art-culture","category-art-culture","category-saint-die-son-canton","tag-bar-les-deux-rives","tag-desherence","tag-exposition-photographique","tag-lambert-pecheur","tag-urbex"],"acf":[],"yoast_head":"<!-- This site is optimized with the Yoast SEO plugin v22.5 - https:\/\/yoast.com\/wordpress\/plugins\/seo\/ -->\n<title>Lambert P\u00eacheur expose sa s\u00e9rie \u00ab\u00a0D\u00e9sh\u00e9rence\u00a0\u00bb au bar les Deux Rives - Saint Die Info<\/title>\n<meta name=\"robots\" content=\"index, follow, max-snippet:-1, max-image-preview:large, max-video-preview:-1\" \/>\n<link rel=\"canonical\" href=\"https:\/\/vosgesinfo.fr\/saintdieinfo\/2023\/03\/lambert-pecheur-expose-serie-desherence-bar-deux-rives\/\" \/>\n<meta name=\"twitter:card\" content=\"summary_large_image\" \/>\n<meta name=\"twitter:title\" content=\"Lambert P\u00eacheur expose sa s\u00e9rie \u00ab\u00a0D\u00e9sh\u00e9rence\u00a0\u00bb au bar les Deux Rives - Saint Die Info\" \/>\n<meta name=\"twitter:description\" content=\"Jusqu&rsquo;\u00e0 la fin du mois, le photographe professionnel Lambert P\u00eacheur expose 10 \u0153uvres issues de sa s\u00e9rie \u00ab\u00a0D\u00e9sherence\u00a0\u00bb sur les [&hellip;]\" \/>\n<meta name=\"twitter:image\" content=\"https:\/\/vosgesinfo.fr\/app\/uploads\/sites\/4\/2024\/08\/202303exposition-lambert-pecheur-les-deux-rives.jpg\" \/>\n<meta name=\"twitter:creator\" content=\"@VosgesInfo88\" \/>\n<meta name=\"twitter:site\" content=\"@VosgesInfo88\" \/>\n<meta name=\"twitter:label1\" content=\"\u00c9crit par\" \/>\n\t<meta name=\"twitter:data1\" content=\"la r\u00e9daction\" \/>\n\t<meta name=\"twitter:label2\" content=\"Dur\u00e9e de lecture estim\u00e9e\" \/>\n\t<meta name=\"twitter:data2\" content=\"2 minutes\" \/>\n<script type=\"application\/ld+json\" class=\"yoast-schema-graph\">{\"@context\":\"https:\/\/schema.org\",\"@graph\":[{\"@type\":\"Article\",\"@id\":\"https:\/\/vosgesinfo.fr\/saintdieinfo\/2023\/03\/lambert-pecheur-expose-serie-desherence-bar-deux-rives\/#article\",\"isPartOf\":{\"@id\":\"https:\/\/vosgesinfo.fr\/saintdieinfo\/2023\/03\/lambert-pecheur-expose-serie-desherence-bar-deux-rives\/\"},\"author\":{\"name\":\"la r\u00e9daction\",\"@id\":\"https:\/\/vosgesinfo.fr\/saintdieinfo\/#\/schema\/person\/faee6704a21f3977511db84bd1cd450f\"},\"headline\":\"Lambert P\u00eacheur expose sa s\u00e9rie \u00ab\u00a0D\u00e9sh\u00e9rence\u00a0\u00bb au bar les Deux Rives\",\"datePublished\":\"2023-03-17T13:24:16+00:00\",\"dateModified\":\"2023-03-17T13:24:16+00:00\",\"mainEntityOfPage\":{\"@id\":\"https:\/\/vosgesinfo.fr\/saintdieinfo\/2023\/03\/lambert-pecheur-expose-serie-desherence-bar-deux-rives\/\"},\"wordCount\":388,\"commentCount\":0,\"publisher\":{\"@id\":\"https:\/\/vosgesinfo.fr\/saintdieinfo\/#organization\"},\"image\":{\"@id\":\"https:\/\/vosgesinfo.fr\/saintdieinfo\/2023\/03\/lambert-pecheur-expose-serie-desherence-bar-deux-rives\/#primaryimage\"},\"thumbnailUrl\":\"https:\/\/vosgesinfo.fr\/app\/uploads\/sites\/4\/2024\/08\/202303exposition-lambert-pecheur-les-deux-rives.jpg\",\"keywords\":[\"Bar Les Deux Rives\",\"D\u00e9sh\u00e9rence\",\"Exposition photographique\",\"Lambert P\u00e9cheur\",\"Urbex\"],\"articleSection\":[\"A la Une\",\"Art\",\"Culture\",\"Saint-Di\u00e9-des-Vosges et son Agglom\u00e9ration\"],\"inLanguage\":\"fr-FR\",\"potentialAction\":[{\"@type\":\"CommentAction\",\"name\":\"Comment\",\"target\":[\"https:\/\/vosgesinfo.fr\/saintdieinfo\/2023\/03\/lambert-pecheur-expose-serie-desherence-bar-deux-rives\/#respond\"]}]},{\"@type\":\"WebPage\",\"@id\":\"https:\/\/vosgesinfo.fr\/saintdieinfo\/2023\/03\/lambert-pecheur-expose-serie-desherence-bar-deux-rives\/\",\"url\":\"https:\/\/vosgesinfo.fr\/saintdieinfo\/2023\/03\/lambert-pecheur-expose-serie-desherence-bar-deux-rives\/\",\"name\":\"Lambert P\u00eacheur expose sa s\u00e9rie \u00ab\u00a0D\u00e9sh\u00e9rence\u00a0\u00bb au bar les Deux Rives - Saint Die Info\",\"isPartOf\":{\"@id\":\"https:\/\/vosgesinfo.fr\/saintdieinfo\/#website\"},\"primaryImageOfPage\":{\"@id\":\"https:\/\/vosgesinfo.fr\/saintdieinfo\/2023\/03\/lambert-pecheur-expose-serie-desherence-bar-deux-rives\/#primaryimage\"},\"image\":{\"@id\":\"https:\/\/vosgesinfo.fr\/saintdieinfo\/2023\/03\/lambert-pecheur-expose-serie-desherence-bar-deux-rives\/#primaryimage\"},\"thumbnailUrl\":\"https:\/\/vosgesinfo.fr\/app\/uploads\/sites\/4\/2024\/08\/202303exposition-lambert-pecheur-les-deux-rives.jpg\",\"datePublished\":\"2023-03-17T13:24:16+00:00\",\"dateModified\":\"2023-03-17T13:24:16+00:00\",\"breadcrumb\":{\"@id\":\"https:\/\/vosgesinfo.fr\/saintdieinfo\/2023\/03\/lambert-pecheur-expose-serie-desherence-bar-deux-rives\/#breadcrumb\"},\"inLanguage\":\"fr-FR\",\"potentialAction\":[{\"@type\":\"ReadAction\",\"target\":[\"https:\/\/vosgesinfo.fr\/saintdieinfo\/2023\/03\/lambert-pecheur-expose-serie-desherence-bar-deux-rives\/\"]}]},{\"@type\":\"ImageObject\",\"inLanguage\":\"fr-FR\",\"@id\":\"https:\/\/vosgesinfo.fr\/saintdieinfo\/2023\/03\/lambert-pecheur-expose-serie-desherence-bar-deux-rives\/#primaryimage\",\"url\":\"https:\/\/vosgesinfo.fr\/app\/uploads\/sites\/4\/2024\/08\/202303exposition-lambert-pecheur-les-deux-rives.jpg\",\"contentUrl\":\"https:\/\/vosgesinfo.fr\/app\/uploads\/sites\/4\/2024\/08\/202303exposition-lambert-pecheur-les-deux-rives.jpg\",\"width\":1600,\"height\":1205},{\"@type\":\"BreadcrumbList\",\"@id\":\"https:\/\/vosgesinfo.fr\/saintdieinfo\/2023\/03\/lambert-pecheur-expose-serie-desherence-bar-deux-rives\/#breadcrumb\",\"itemListElement\":[{\"@type\":\"ListItem\",\"position\":1,\"name\":\"Home\",\"item\":\"https:\/\/vosgesinfo.fr\/saintdieinfo\/\"},{\"@type\":\"ListItem\",\"position\":2,\"name\":\"Lambert P\u00eacheur expose sa s\u00e9rie \u00ab\u00a0D\u00e9sh\u00e9rence\u00a0\u00bb au bar les Deux Rives\"}]},{\"@type\":\"WebSite\",\"@id\":\"https:\/\/vosgesinfo.fr\/saintdieinfo\/#website\",\"url\":\"https:\/\/vosgesinfo.fr\/saintdieinfo\/\",\"name\":\"Saint Die Info\",\"description\":\"Toute l&#039;actualit\u00e9 de Saint-Di\u00e9-Des-Vosges\",\"publisher\":{\"@id\":\"https:\/\/vosgesinfo.fr\/saintdieinfo\/#organization\"},\"alternateName\":\"Toute l'actualit\u00e9 de Saint-Di\u00e9-Des-Vosges\",\"potentialAction\":[{\"@type\":\"SearchAction\",\"target\":{\"@type\":\"EntryPoint\",\"urlTemplate\":\"https:\/\/vosgesinfo.fr\/saintdieinfo\/?s={search_term_string}\"},\"query-input\":\"required name=search_term_string\"}],\"inLanguage\":\"fr-FR\"},{\"@type\":\"Organization\",\"@id\":\"https:\/\/vosgesinfo.fr\/saintdieinfo\/#organization\",\"name\":\"Saint Die Info\",\"url\":\"https:\/\/vosgesinfo.fr\/saintdieinfo\/\",\"logo\":{\"@type\":\"ImageObject\",\"inLanguage\":\"fr-FR\",\"@id\":\"https:\/\/vosgesinfo.fr\/saintdieinfo\/#\/schema\/logo\/image\/\",\"url\":\"https:\/\/vosgesinfo.fr\/app\/uploads\/sites\/4\/2024\/02\/logo-sdi.jpg\",\"contentUrl\":\"https:\/\/vosgesinfo.fr\/app\/uploads\/sites\/4\/2024\/02\/logo-sdi.jpg\",\"width\":600,\"height\":600,\"caption\":\"Saint Die Info\"},\"image\":{\"@id\":\"https:\/\/vosgesinfo.fr\/saintdieinfo\/#\/schema\/logo\/image\/\"},\"sameAs\":[\"https:\/\/www.facebook.com\/Saintdieinfofr\",\"https:\/\/x.com\/VosgesInfo88\",\"https:\/\/www.youtube.com\/@vosgesinfo\"]},{\"@type\":\"Person\",\"@id\":\"https:\/\/vosgesinfo.fr\/saintdieinfo\/#\/schema\/person\/faee6704a21f3977511db84bd1cd450f\",\"name\":\"la r\u00e9daction\",\"image\":{\"@type\":\"ImageObject\",\"inLanguage\":\"fr-FR\",\"@id\":\"https:\/\/vosgesinfo.fr\/saintdieinfo\/#\/schema\/person\/image\/\",\"url\":\"https:\/\/secure.gravatar.com\/avatar\/6673d8bc6a9c17fa9a453eaa3448de834fa308c2ec9635b7aa99441a7c8d2cf6?s=96&d=mm&r=g\",\"contentUrl\":\"https:\/\/secure.gravatar.com\/avatar\/6673d8bc6a9c17fa9a453eaa3448de834fa308c2ec9635b7aa99441a7c8d2cf6?s=96&d=mm&r=g\",\"caption\":\"la r\u00e9daction\"},\"url\":\"https:\/\/vosgesinfo.fr\/saintdieinfo\/author\/redac\/\"}]}<\/script>\n<!-- \/ Yoast SEO plugin. -->","yoast_head_json":{"title":"Lambert P\u00eacheur expose sa s\u00e9rie \u00ab\u00a0D\u00e9sh\u00e9rence\u00a0\u00bb au bar les Deux Rives - Saint Die Info","robots":{"index":"index","follow":"follow","max-snippet":"max-snippet:-1","max-image-preview":"max-image-preview:large","max-video-preview":"max-video-preview:-1"},"canonical":"https:\/\/vosgesinfo.fr\/saintdieinfo\/2023\/03\/lambert-pecheur-expose-serie-desherence-bar-deux-rives\/","twitter_card":"summary_large_image","twitter_title":"Lambert P\u00eacheur expose sa s\u00e9rie \u00ab\u00a0D\u00e9sh\u00e9rence\u00a0\u00bb au bar les Deux Rives - Saint Die Info","twitter_description":"Jusqu&rsquo;\u00e0 la fin du mois, le photographe professionnel Lambert P\u00eacheur expose 10 \u0153uvres issues de sa s\u00e9rie \u00ab\u00a0D\u00e9sherence\u00a0\u00bb sur les [&hellip;]","twitter_image":"https:\/\/vosgesinfo.fr\/app\/uploads\/sites\/4\/2024\/08\/202303exposition-lambert-pecheur-les-deux-rives.jpg","twitter_creator":"@VosgesInfo88","twitter_site":"@VosgesInfo88","twitter_misc":{"\u00c9crit par":"la r\u00e9daction","Dur\u00e9e de lecture estim\u00e9e":"2 minutes"},"schema":{"@context":"https:\/\/schema.org","@graph":[{"@type":"Article","@id":"https:\/\/vosgesinfo.fr\/saintdieinfo\/2023\/03\/lambert-pecheur-expose-serie-desherence-bar-deux-rives\/#article","isPartOf":{"@id":"https:\/\/vosgesinfo.fr\/saintdieinfo\/2023\/03\/lambert-pecheur-expose-serie-desherence-bar-deux-rives\/"},"author":{"name":"la r\u00e9daction","@id":"https:\/\/vosgesinfo.fr\/saintdieinfo\/#\/schema\/person\/faee6704a21f3977511db84bd1cd450f"},"headline":"Lambert P\u00eacheur expose sa s\u00e9rie \u00ab\u00a0D\u00e9sh\u00e9rence\u00a0\u00bb au bar les Deux Rives","datePublished":"2023-03-17T13:24:16+00:00","dateModified":"2023-03-17T13:24:16+00:00","mainEntityOfPage":{"@id":"https:\/\/vosgesinfo.fr\/saintdieinfo\/2023\/03\/lambert-pecheur-expose-serie-desherence-bar-deux-rives\/"},"wordCount":388,"commentCount":0,"publisher":{"@id":"https:\/\/vosgesinfo.fr\/saintdieinfo\/#organization"},"image":{"@id":"https:\/\/vosgesinfo.fr\/saintdieinfo\/2023\/03\/lambert-pecheur-expose-serie-desherence-bar-deux-rives\/#primaryimage"},"thumbnailUrl":"https:\/\/vosgesinfo.fr\/app\/uploads\/sites\/4\/2024\/08\/202303exposition-lambert-pecheur-les-deux-rives.jpg","keywords":["Bar Les Deux Rives","D\u00e9sh\u00e9rence","Exposition photographique","Lambert P\u00e9cheur","Urbex"],"articleSection":["A la Une","Art","Culture","Saint-Di\u00e9-des-Vosges et son Agglom\u00e9ration"],"inLanguage":"fr-FR","potentialAction":[{"@type":"CommentAction","name":"Comment","target":["https:\/\/vosgesinfo.fr\/saintdieinfo\/2023\/03\/lambert-pecheur-expose-serie-desherence-bar-deux-rives\/#respond"]}]},{"@type":"WebPage","@id":"https:\/\/vosgesinfo.fr\/saintdieinfo\/2023\/03\/lambert-pecheur-expose-serie-desherence-bar-deux-rives\/","url":"https:\/\/vosgesinfo.fr\/saintdieinfo\/2023\/03\/lambert-pecheur-expose-serie-desherence-bar-deux-rives\/","name":"Lambert P\u00eacheur expose sa s\u00e9rie \u00ab\u00a0D\u00e9sh\u00e9rence\u00a0\u00bb au bar les Deux Rives - Saint Die Info","isPartOf":{"@id":"https:\/\/vosgesinfo.fr\/saintdieinfo\/#website"},"primaryImageOfPage":{"@id":"https:\/\/vosgesinfo.fr\/saintdieinfo\/2023\/03\/lambert-pecheur-expose-serie-desherence-bar-deux-rives\/#primaryimage"},"image":{"@id":"https:\/\/vosgesinfo.fr\/saintdieinfo\/2023\/03\/lambert-pecheur-expose-serie-desherence-bar-deux-rives\/#primaryimage"},"thumbnailUrl":"https:\/\/vosgesinfo.fr\/app\/uploads\/sites\/4\/2024\/08\/202303exposition-lambert-pecheur-les-deux-rives.jpg","datePublished":"2023-03-17T13:24:16+00:00","dateModified":"2023-03-17T13:24:16+00:00","breadcrumb":{"@id":"https:\/\/vosgesinfo.fr\/saintdieinfo\/2023\/03\/lambert-pecheur-expose-serie-desherence-bar-deux-rives\/#breadcrumb"},"inLanguage":"fr-FR","potentialAction":[{"@type":"ReadAction","target":["https:\/\/vosgesinfo.fr\/saintdieinfo\/2023\/03\/lambert-pecheur-expose-serie-desherence-bar-deux-rives\/"]}]},{"@type":"ImageObject","inLanguage":"fr-FR","@id":"https:\/\/vosgesinfo.fr\/saintdieinfo\/2023\/03\/lambert-pecheur-expose-serie-desherence-bar-deux-rives\/#primaryimage","url":"https:\/\/vosgesinfo.fr\/app\/uploads\/sites\/4\/2024\/08\/202303exposition-lambert-pecheur-les-deux-rives.jpg","contentUrl":"https:\/\/vosgesinfo.fr\/app\/uploads\/sites\/4\/2024\/08\/202303exposition-lambert-pecheur-les-deux-rives.jpg","width":1600,"height":1205},{"@type":"BreadcrumbList","@id":"https:\/\/vosgesinfo.fr\/saintdieinfo\/2023\/03\/lambert-pecheur-expose-serie-desherence-bar-deux-rives\/#breadcrumb","itemListElement":[{"@type":"ListItem","position":1,"name":"Home","item":"https:\/\/vosgesinfo.fr\/saintdieinfo\/"},{"@type":"ListItem","position":2,"name":"Lambert P\u00eacheur expose sa s\u00e9rie \u00ab\u00a0D\u00e9sh\u00e9rence\u00a0\u00bb au bar les Deux Rives"}]},{"@type":"WebSite","@id":"https:\/\/vosgesinfo.fr\/saintdieinfo\/#website","url":"https:\/\/vosgesinfo.fr\/saintdieinfo\/","name":"Saint Die Info","description":"Toute l&#039;actualit\u00e9 de Saint-Di\u00e9-Des-Vosges","publisher":{"@id":"https:\/\/vosgesinfo.fr\/saintdieinfo\/#organization"},"alternateName":"Toute l'actualit\u00e9 de Saint-Di\u00e9-Des-Vosges","potentialAction":[{"@type":"SearchAction","target":{"@type":"EntryPoint","urlTemplate":"https:\/\/vosgesinfo.fr\/saintdieinfo\/?s={search_term_string}"},"query-input":"required name=search_term_string"}],"inLanguage":"fr-FR"},{"@type":"Organization","@id":"https:\/\/vosgesinfo.fr\/saintdieinfo\/#organization","name":"Saint Die Info","url":"https:\/\/vosgesinfo.fr\/saintdieinfo\/","logo":{"@type":"ImageObject","inLanguage":"fr-FR","@id":"https:\/\/vosgesinfo.fr\/saintdieinfo\/#\/schema\/logo\/image\/","url":"https:\/\/vosgesinfo.fr\/app\/uploads\/sites\/4\/2024\/02\/logo-sdi.jpg","contentUrl":"https:\/\/vosgesinfo.fr\/app\/uploads\/sites\/4\/2024\/02\/logo-sdi.jpg","width":600,"height":600,"caption":"Saint Die Info"},"image":{"@id":"https:\/\/vosgesinfo.fr\/saintdieinfo\/#\/schema\/logo\/image\/"},"sameAs":["https:\/\/www.facebook.com\/Saintdieinfofr","https:\/\/x.com\/VosgesInfo88","https:\/\/www.youtube.com\/@vosgesinfo"]},{"@type":"Person","@id":"https:\/\/vosgesinfo.fr\/saintdieinfo\/#\/schema\/person\/faee6704a21f3977511db84bd1cd450f","name":"la r\u00e9daction","image":{"@type":"ImageObject","inLanguage":"fr-FR","@id":"https:\/\/vosgesinfo.fr\/saintdieinfo\/#\/schema\/person\/image\/","url":"https:\/\/secure.gravatar.com\/avatar\/6673d8bc6a9c17fa9a453eaa3448de834fa308c2ec9635b7aa99441a7c8d2cf6?s=96&d=mm&r=g","contentUrl":"https:\/\/secure.gravatar.com\/avatar\/6673d8bc6a9c17fa9a453eaa3448de834fa308c2ec9635b7aa99441a7c8d2cf6?s=96&d=mm&r=g","caption":"la r\u00e9daction"},"url":"https:\/\/vosgesinfo.fr\/saintdieinfo\/author\/redac\/"}]}},"_links":{"self":[{"href":"https:\/\/vosgesinfo.fr\/saintdieinfo\/wp-json\/wp\/v2\/posts\/63238","targetHints":{"allow":["GET"]}}],"collection":[{"href":"https:\/\/vosgesinfo.fr\/saintdieinfo\/wp-json\/wp\/v2\/posts"}],"about":[{"href":"https:\/\/vosgesinfo.fr\/saintdieinfo\/wp-json\/wp\/v2\/types\/post"}],"author":[{"embeddable":true,"href":"https:\/\/vosgesinfo.fr\/saintdieinfo\/wp-json\/wp\/v2\/users\/44"}],"replies":[{"embeddable":true,"href":"https:\/\/vosgesinfo.fr\/saintdieinfo\/wp-json\/wp\/v2\/comments?post=63238"}],"version-history":[{"count":0,"href":"https:\/\/vosgesinfo.fr\/saintdieinfo\/wp-json\/wp\/v2\/posts\/63238\/revisions"}],"wp:featuredmedia":[{"embeddable":true,"href":"https:\/\/vosgesinfo.fr\/saintdieinfo\/wp-json\/wp\/v2\/media\/63239"}],"wp:attachment":[{"href":"https:\/\/vosgesinfo.fr\/saintdieinfo\/wp-json\/wp\/v2\/media?parent=63238"}],"wp:term":[{"taxonomy":"category","embeddable":true,"href":"https:\/\/vosgesinfo.fr\/saintdieinfo\/wp-json\/wp\/v2\/categories?post=63238"},{"taxonomy":"post_tag","embeddable":true,"href":"https:\/\/vosgesinfo.fr\/saintdieinfo\/wp-json\/wp\/v2\/tags?post=63238"}],"curies":[{"name":"wp","href":"https:\/\/api.w.org\/{rel}","templated":true}]}}