{"id":63243,"date":"2023-03-17T14:42:34","date_gmt":"2023-03-17T13:42:34","guid":{"rendered":"https:\/\/vosgesinfo.fr\/saintdieinfo\/2023\/03\/lifting-centre-social-germaine-tillion\/"},"modified":"2023-03-17T14:42:34","modified_gmt":"2023-03-17T13:42:34","slug":"lifting-centre-social-germaine-tillion","status":"publish","type":"post","link":"https:\/\/vosgesinfo.fr\/saintdieinfo\/2023\/03\/lifting-centre-social-germaine-tillion\/","title":{"rendered":"Un lifting pour le Centre Social Germaine-Tillion"},"content":{"rendered":"<p><a href=\"\/2023\/03\/Inauguration_Hall_Accueil_Halte_Garderie_CSGT-1.jpg\" target=\"_blank\" rel=\"noopener\"><img decoding=\"async\" class=\"aligncenter wp-image-198557 size-large\" src=\"\/2023\/03\/Inauguration_Hall_Accueil_Halte_Garderie_CSGT-1-1024x768.jpg\" alt=\"Inauguration_Hall_Accueil_Halte_Garderie_CSGT (1)\" width=\"960\" height=\"720\" \/><\/a><\/p>\n<h2><strong><span style=\"font-size: 14pt;\">Un lifting des locaux du Centre Social Germaine-Tillion du quartier Saint-Roch a \u00e9t\u00e9 effectu\u00e9 depuis 2021. R\u00e9cemment termin\u00e9s, les travaux ont \u00e9t\u00e9 inaugur\u00e9s ce vendredi en fin de matin\u00e9e.<\/span><\/strong><\/h2>\n<p><!--more--><\/p>\n<p>\u00ab\u00a0C\u2019est une mani\u00e8re d\u2019apporter un soutien sans faille aux familles et leurs enfants au c\u0153ur de ce quartier Politique de la Ville. Egalement d\u2019offrir confort et s\u00e9curit\u00e9 aux personnes qui fr\u00e9quentent le centre social, ce v\u00e9ritable cr\u00e9ateur de lien social via toutes les activit\u00e9s qui s\u2019y d\u00e9roulent\u00a0\u00bb a d\u00e9clar\u00e9 \u00e0 cette occasion le maire Bruno Toussaint,<\/p>\n<p>Apr\u00e8s une premi\u00e8re tranche de travaux r\u00e9alis\u00e9e en 2021, pour un montant de 92 896\u20ac dont 61 931\u20ac subventionn\u00e9s par la CAF, la r\u00e9novation s&rsquo;est poursuivie avec l&rsquo;acquisition de mobilier pour 20 000\u20ac, dont 16 000\u20ac ont \u00e9t\u00e9 financ\u00e9s par la CAF, et un lifting du hall d&rsquo;accueil. Lumineux, plus chaleureux et plus convivial, le nouvel espace a \u00e9t\u00e9 r\u00e9nov\u00e9 du sol au plafond, en passant par l\u2019\u00e9clairage, le syst\u00e8me de chauffage, les peintures, les portes, l\u2019isolation thermique et phonique. Une borne d\u2019accueil a aussi \u00e9t\u00e9 cr\u00e9\u00e9e. Le tout pour 92 26\u20ac de la part du CCAS de Saint-Di\u00e9-des-Vosges, soutenu de moiti\u00e9 par la CAF. La halte-garderie a \u00e9galement fait peau neuve, avec des op\u00e9rations chiffr\u00e9es \u00e0 17 332\u20ac pour Horizons 2000, l&rsquo;association de gestion du centre, avec un financement de la part de la CAF \u00e0 hauteur de 80%. Soit 13 890\u20ac.<\/p>\n<p>D&rsquo;autres travaux sont d&rsquo;ores et d\u00e9j\u00e0 programm\u00e9s pour poursuivre la r\u00e9novation du Centre Social Germaine-Tillion, comme l&rsquo;a pr\u00e9cis\u00e9 Bruno Toussaint ce matin. \u00ab\u00a0Beaucoup a \u00e9t\u00e9 fait, mais beaucoup reste \u00e0 faire\u2026 La prochaine partie de ces travaux de r\u00e9novation et d\u2019am\u00e9lioration se d\u00e9roulera en quatre phases. La premi\u00e8re concernera la salle polyvalente, la deuxi\u00e8me, les bureaux, la troisi\u00e8me les fa\u00e7ades, et enfin, la quatri\u00e8me consistera \u00e0 am\u00e9liorer et embellir les espaces ext\u00e9rieurs du centre social. C\u2019est une structure qui le m\u00e9rite, c\u2019est l\u2019occasion de souligner que c\u2019est un centre social qui bouge, qui est vivant.<\/p>\n<p>J.J.<\/p>\n\n","protected":false},"excerpt":{"rendered":"<p>Un lifting des locaux du Centre Social Germaine-Tillion du quartier Saint-Roch a \u00e9t\u00e9 effectu\u00e9 depuis 2021. R\u00e9cemment termin\u00e9s, les travaux [&hellip;]<\/p>\n","protected":false},"author":44,"featured_media":63244,"comment_status":"open","ping_status":"open","sticky":false,"template":"","format":"standard","meta":{"footnotes":""},"categories":[460,2915],"tags":[3118,3121,14023],"class_list":["post-63243","post","type-post","status-publish","format-standard","has-post-thumbnail","hentry","category-a-la-une","category-saint-die-son-canton","tag-centre-social-germaine-tillion","tag-quartier-saint-roch","tag-renovation-du-centre-social-germaine-tillion"],"acf":[],"yoast_head":"<!-- This site is optimized with the Yoast SEO plugin v22.5 - https:\/\/yoast.com\/wordpress\/plugins\/seo\/ -->\n<title>Un lifting pour le Centre Social Germaine-Tillion - Saint Die Info<\/title>\n<meta name=\"robots\" content=\"index, follow, max-snippet:-1, max-image-preview:large, max-video-preview:-1\" \/>\n<link rel=\"canonical\" href=\"https:\/\/vosgesinfo.fr\/saintdieinfo\/2023\/03\/lifting-centre-social-germaine-tillion\/\" \/>\n<meta name=\"twitter:card\" content=\"summary_large_image\" \/>\n<meta name=\"twitter:title\" content=\"Un lifting pour le Centre Social Germaine-Tillion - Saint Die Info\" \/>\n<meta name=\"twitter:description\" content=\"Un lifting des locaux du Centre Social Germaine-Tillion du quartier Saint-Roch a \u00e9t\u00e9 effectu\u00e9 depuis 2021. R\u00e9cemment termin\u00e9s, les travaux [&hellip;]\" \/>\n<meta name=\"twitter:image\" content=\"https:\/\/vosgesinfo.fr\/app\/uploads\/sites\/4\/2024\/08\/202303inauguration-hall-accueil-halte-garderie-csgt-1.jpg\" \/>\n<meta name=\"twitter:creator\" content=\"@VosgesInfo88\" \/>\n<meta name=\"twitter:site\" content=\"@VosgesInfo88\" \/>\n<meta name=\"twitter:label1\" content=\"\u00c9crit par\" \/>\n\t<meta name=\"twitter:data1\" content=\"la r\u00e9daction\" \/>\n\t<meta name=\"twitter:label2\" content=\"Dur\u00e9e de lecture estim\u00e9e\" \/>\n\t<meta name=\"twitter:data2\" content=\"2 minutes\" \/>\n<script type=\"application\/ld+json\" class=\"yoast-schema-graph\">{\"@context\":\"https:\/\/schema.org\",\"@graph\":[{\"@type\":\"Article\",\"@id\":\"https:\/\/vosgesinfo.fr\/saintdieinfo\/2023\/03\/lifting-centre-social-germaine-tillion\/#article\",\"isPartOf\":{\"@id\":\"https:\/\/vosgesinfo.fr\/saintdieinfo\/2023\/03\/lifting-centre-social-germaine-tillion\/\"},\"author\":{\"name\":\"la r\u00e9daction\",\"@id\":\"https:\/\/vosgesinfo.fr\/saintdieinfo\/#\/schema\/person\/faee6704a21f3977511db84bd1cd450f\"},\"headline\":\"Un lifting pour le Centre Social Germaine-Tillion\",\"datePublished\":\"2023-03-17T13:42:34+00:00\",\"dateModified\":\"2023-03-17T13:42:34+00:00\",\"mainEntityOfPage\":{\"@id\":\"https:\/\/vosgesinfo.fr\/saintdieinfo\/2023\/03\/lifting-centre-social-germaine-tillion\/\"},\"wordCount\":375,\"commentCount\":0,\"publisher\":{\"@id\":\"https:\/\/vosgesinfo.fr\/saintdieinfo\/#organization\"},\"image\":{\"@id\":\"https:\/\/vosgesinfo.fr\/saintdieinfo\/2023\/03\/lifting-centre-social-germaine-tillion\/#primaryimage\"},\"thumbnailUrl\":\"https:\/\/vosgesinfo.fr\/app\/uploads\/sites\/4\/2024\/08\/202303inauguration-hall-accueil-halte-garderie-csgt-1.jpg\",\"keywords\":[\"Centre Social Germaine-Tillion\",\"Quartier Saint-Roch\",\"R\u00e9novation du Centre Social Germaine-Tillion\"],\"articleSection\":[\"A la Une\",\"Saint-Di\u00e9-des-Vosges et son Agglom\u00e9ration\"],\"inLanguage\":\"fr-FR\",\"potentialAction\":[{\"@type\":\"CommentAction\",\"name\":\"Comment\",\"target\":[\"https:\/\/vosgesinfo.fr\/saintdieinfo\/2023\/03\/lifting-centre-social-germaine-tillion\/#respond\"]}]},{\"@type\":\"WebPage\",\"@id\":\"https:\/\/vosgesinfo.fr\/saintdieinfo\/2023\/03\/lifting-centre-social-germaine-tillion\/\",\"url\":\"https:\/\/vosgesinfo.fr\/saintdieinfo\/2023\/03\/lifting-centre-social-germaine-tillion\/\",\"name\":\"Un lifting pour le Centre Social Germaine-Tillion - Saint Die Info\",\"isPartOf\":{\"@id\":\"https:\/\/vosgesinfo.fr\/saintdieinfo\/#website\"},\"primaryImageOfPage\":{\"@id\":\"https:\/\/vosgesinfo.fr\/saintdieinfo\/2023\/03\/lifting-centre-social-germaine-tillion\/#primaryimage\"},\"image\":{\"@id\":\"https:\/\/vosgesinfo.fr\/saintdieinfo\/2023\/03\/lifting-centre-social-germaine-tillion\/#primaryimage\"},\"thumbnailUrl\":\"https:\/\/vosgesinfo.fr\/app\/uploads\/sites\/4\/2024\/08\/202303inauguration-hall-accueil-halte-garderie-csgt-1.jpg\",\"datePublished\":\"2023-03-17T13:42:34+00:00\",\"dateModified\":\"2023-03-17T13:42:34+00:00\",\"breadcrumb\":{\"@id\":\"https:\/\/vosgesinfo.fr\/saintdieinfo\/2023\/03\/lifting-centre-social-germaine-tillion\/#breadcrumb\"},\"inLanguage\":\"fr-FR\",\"potentialAction\":[{\"@type\":\"ReadAction\",\"target\":[\"https:\/\/vosgesinfo.fr\/saintdieinfo\/2023\/03\/lifting-centre-social-germaine-tillion\/\"]}]},{\"@type\":\"ImageObject\",\"inLanguage\":\"fr-FR\",\"@id\":\"https:\/\/vosgesinfo.fr\/saintdieinfo\/2023\/03\/lifting-centre-social-germaine-tillion\/#primaryimage\",\"url\":\"https:\/\/vosgesinfo.fr\/app\/uploads\/sites\/4\/2024\/08\/202303inauguration-hall-accueil-halte-garderie-csgt-1.jpg\",\"contentUrl\":\"https:\/\/vosgesinfo.fr\/app\/uploads\/sites\/4\/2024\/08\/202303inauguration-hall-accueil-halte-garderie-csgt-1.jpg\",\"width\":1600,\"height\":1200},{\"@type\":\"BreadcrumbList\",\"@id\":\"https:\/\/vosgesinfo.fr\/saintdieinfo\/2023\/03\/lifting-centre-social-germaine-tillion\/#breadcrumb\",\"itemListElement\":[{\"@type\":\"ListItem\",\"position\":1,\"name\":\"Home\",\"item\":\"https:\/\/vosgesinfo.fr\/saintdieinfo\/\"},{\"@type\":\"ListItem\",\"position\":2,\"name\":\"Un lifting pour le Centre Social Germaine-Tillion\"}]},{\"@type\":\"WebSite\",\"@id\":\"https:\/\/vosgesinfo.fr\/saintdieinfo\/#website\",\"url\":\"https:\/\/vosgesinfo.fr\/saintdieinfo\/\",\"name\":\"Saint Die Info\",\"description\":\"Toute l&#039;actualit\u00e9 de Saint-Di\u00e9-Des-Vosges\",\"publisher\":{\"@id\":\"https:\/\/vosgesinfo.fr\/saintdieinfo\/#organization\"},\"alternateName\":\"Toute l'actualit\u00e9 de Saint-Di\u00e9-Des-Vosges\",\"potentialAction\":[{\"@type\":\"SearchAction\",\"target\":{\"@type\":\"EntryPoint\",\"urlTemplate\":\"https:\/\/vosgesinfo.fr\/saintdieinfo\/?s={search_term_string}\"},\"query-input\":\"required name=search_term_string\"}],\"inLanguage\":\"fr-FR\"},{\"@type\":\"Organization\",\"@id\":\"https:\/\/vosgesinfo.fr\/saintdieinfo\/#organization\",\"name\":\"Saint Die Info\",\"url\":\"https:\/\/vosgesinfo.fr\/saintdieinfo\/\",\"logo\":{\"@type\":\"ImageObject\",\"inLanguage\":\"fr-FR\",\"@id\":\"https:\/\/vosgesinfo.fr\/saintdieinfo\/#\/schema\/logo\/image\/\",\"url\":\"https:\/\/vosgesinfo.fr\/app\/uploads\/sites\/4\/2024\/02\/logo-sdi.jpg\",\"contentUrl\":\"https:\/\/vosgesinfo.fr\/app\/uploads\/sites\/4\/2024\/02\/logo-sdi.jpg\",\"width\":600,\"height\":600,\"caption\":\"Saint Die Info\"},\"image\":{\"@id\":\"https:\/\/vosgesinfo.fr\/saintdieinfo\/#\/schema\/logo\/image\/\"},\"sameAs\":[\"https:\/\/www.facebook.com\/Saintdieinfofr\",\"https:\/\/x.com\/VosgesInfo88\",\"https:\/\/www.youtube.com\/@vosgesinfo\"]},{\"@type\":\"Person\",\"@id\":\"https:\/\/vosgesinfo.fr\/saintdieinfo\/#\/schema\/person\/faee6704a21f3977511db84bd1cd450f\",\"name\":\"la r\u00e9daction\",\"image\":{\"@type\":\"ImageObject\",\"inLanguage\":\"fr-FR\",\"@id\":\"https:\/\/vosgesinfo.fr\/saintdieinfo\/#\/schema\/person\/image\/\",\"url\":\"https:\/\/secure.gravatar.com\/avatar\/6673d8bc6a9c17fa9a453eaa3448de834fa308c2ec9635b7aa99441a7c8d2cf6?s=96&d=mm&r=g\",\"contentUrl\":\"https:\/\/secure.gravatar.com\/avatar\/6673d8bc6a9c17fa9a453eaa3448de834fa308c2ec9635b7aa99441a7c8d2cf6?s=96&d=mm&r=g\",\"caption\":\"la r\u00e9daction\"},\"url\":\"https:\/\/vosgesinfo.fr\/saintdieinfo\/author\/redac\/\"}]}<\/script>\n<!-- \/ Yoast SEO plugin. -->","yoast_head_json":{"title":"Un lifting pour le Centre Social Germaine-Tillion - Saint Die Info","robots":{"index":"index","follow":"follow","max-snippet":"max-snippet:-1","max-image-preview":"max-image-preview:large","max-video-preview":"max-video-preview:-1"},"canonical":"https:\/\/vosgesinfo.fr\/saintdieinfo\/2023\/03\/lifting-centre-social-germaine-tillion\/","twitter_card":"summary_large_image","twitter_title":"Un lifting pour le Centre Social Germaine-Tillion - Saint Die Info","twitter_description":"Un lifting des locaux du Centre Social Germaine-Tillion du quartier Saint-Roch a \u00e9t\u00e9 effectu\u00e9 depuis 2021. R\u00e9cemment termin\u00e9s, les travaux [&hellip;]","twitter_image":"https:\/\/vosgesinfo.fr\/app\/uploads\/sites\/4\/2024\/08\/202303inauguration-hall-accueil-halte-garderie-csgt-1.jpg","twitter_creator":"@VosgesInfo88","twitter_site":"@VosgesInfo88","twitter_misc":{"\u00c9crit par":"la r\u00e9daction","Dur\u00e9e de lecture estim\u00e9e":"2 minutes"},"schema":{"@context":"https:\/\/schema.org","@graph":[{"@type":"Article","@id":"https:\/\/vosgesinfo.fr\/saintdieinfo\/2023\/03\/lifting-centre-social-germaine-tillion\/#article","isPartOf":{"@id":"https:\/\/vosgesinfo.fr\/saintdieinfo\/2023\/03\/lifting-centre-social-germaine-tillion\/"},"author":{"name":"la r\u00e9daction","@id":"https:\/\/vosgesinfo.fr\/saintdieinfo\/#\/schema\/person\/faee6704a21f3977511db84bd1cd450f"},"headline":"Un lifting pour le Centre Social Germaine-Tillion","datePublished":"2023-03-17T13:42:34+00:00","dateModified":"2023-03-17T13:42:34+00:00","mainEntityOfPage":{"@id":"https:\/\/vosgesinfo.fr\/saintdieinfo\/2023\/03\/lifting-centre-social-germaine-tillion\/"},"wordCount":375,"commentCount":0,"publisher":{"@id":"https:\/\/vosgesinfo.fr\/saintdieinfo\/#organization"},"image":{"@id":"https:\/\/vosgesinfo.fr\/saintdieinfo\/2023\/03\/lifting-centre-social-germaine-tillion\/#primaryimage"},"thumbnailUrl":"https:\/\/vosgesinfo.fr\/app\/uploads\/sites\/4\/2024\/08\/202303inauguration-hall-accueil-halte-garderie-csgt-1.jpg","keywords":["Centre Social Germaine-Tillion","Quartier Saint-Roch","R\u00e9novation du Centre Social Germaine-Tillion"],"articleSection":["A la Une","Saint-Di\u00e9-des-Vosges et son Agglom\u00e9ration"],"inLanguage":"fr-FR","potentialAction":[{"@type":"CommentAction","name":"Comment","target":["https:\/\/vosgesinfo.fr\/saintdieinfo\/2023\/03\/lifting-centre-social-germaine-tillion\/#respond"]}]},{"@type":"WebPage","@id":"https:\/\/vosgesinfo.fr\/saintdieinfo\/2023\/03\/lifting-centre-social-germaine-tillion\/","url":"https:\/\/vosgesinfo.fr\/saintdieinfo\/2023\/03\/lifting-centre-social-germaine-tillion\/","name":"Un lifting pour le Centre Social Germaine-Tillion - Saint Die Info","isPartOf":{"@id":"https:\/\/vosgesinfo.fr\/saintdieinfo\/#website"},"primaryImageOfPage":{"@id":"https:\/\/vosgesinfo.fr\/saintdieinfo\/2023\/03\/lifting-centre-social-germaine-tillion\/#primaryimage"},"image":{"@id":"https:\/\/vosgesinfo.fr\/saintdieinfo\/2023\/03\/lifting-centre-social-germaine-tillion\/#primaryimage"},"thumbnailUrl":"https:\/\/vosgesinfo.fr\/app\/uploads\/sites\/4\/2024\/08\/202303inauguration-hall-accueil-halte-garderie-csgt-1.jpg","datePublished":"2023-03-17T13:42:34+00:00","dateModified":"2023-03-17T13:42:34+00:00","breadcrumb":{"@id":"https:\/\/vosgesinfo.fr\/saintdieinfo\/2023\/03\/lifting-centre-social-germaine-tillion\/#breadcrumb"},"inLanguage":"fr-FR","potentialAction":[{"@type":"ReadAction","target":["https:\/\/vosgesinfo.fr\/saintdieinfo\/2023\/03\/lifting-centre-social-germaine-tillion\/"]}]},{"@type":"ImageObject","inLanguage":"fr-FR","@id":"https:\/\/vosgesinfo.fr\/saintdieinfo\/2023\/03\/lifting-centre-social-germaine-tillion\/#primaryimage","url":"https:\/\/vosgesinfo.fr\/app\/uploads\/sites\/4\/2024\/08\/202303inauguration-hall-accueil-halte-garderie-csgt-1.jpg","contentUrl":"https:\/\/vosgesinfo.fr\/app\/uploads\/sites\/4\/2024\/08\/202303inauguration-hall-accueil-halte-garderie-csgt-1.jpg","width":1600,"height":1200},{"@type":"BreadcrumbList","@id":"https:\/\/vosgesinfo.fr\/saintdieinfo\/2023\/03\/lifting-centre-social-germaine-tillion\/#breadcrumb","itemListElement":[{"@type":"ListItem","position":1,"name":"Home","item":"https:\/\/vosgesinfo.fr\/saintdieinfo\/"},{"@type":"ListItem","position":2,"name":"Un lifting pour le Centre Social Germaine-Tillion"}]},{"@type":"WebSite","@id":"https:\/\/vosgesinfo.fr\/saintdieinfo\/#website","url":"https:\/\/vosgesinfo.fr\/saintdieinfo\/","name":"Saint Die Info","description":"Toute l&#039;actualit\u00e9 de Saint-Di\u00e9-Des-Vosges","publisher":{"@id":"https:\/\/vosgesinfo.fr\/saintdieinfo\/#organization"},"alternateName":"Toute l'actualit\u00e9 de Saint-Di\u00e9-Des-Vosges","potentialAction":[{"@type":"SearchAction","target":{"@type":"EntryPoint","urlTemplate":"https:\/\/vosgesinfo.fr\/saintdieinfo\/?s={search_term_string}"},"query-input":"required name=search_term_string"}],"inLanguage":"fr-FR"},{"@type":"Organization","@id":"https:\/\/vosgesinfo.fr\/saintdieinfo\/#organization","name":"Saint Die Info","url":"https:\/\/vosgesinfo.fr\/saintdieinfo\/","logo":{"@type":"ImageObject","inLanguage":"fr-FR","@id":"https:\/\/vosgesinfo.fr\/saintdieinfo\/#\/schema\/logo\/image\/","url":"https:\/\/vosgesinfo.fr\/app\/uploads\/sites\/4\/2024\/02\/logo-sdi.jpg","contentUrl":"https:\/\/vosgesinfo.fr\/app\/uploads\/sites\/4\/2024\/02\/logo-sdi.jpg","width":600,"height":600,"caption":"Saint Die Info"},"image":{"@id":"https:\/\/vosgesinfo.fr\/saintdieinfo\/#\/schema\/logo\/image\/"},"sameAs":["https:\/\/www.facebook.com\/Saintdieinfofr","https:\/\/x.com\/VosgesInfo88","https:\/\/www.youtube.com\/@vosgesinfo"]},{"@type":"Person","@id":"https:\/\/vosgesinfo.fr\/saintdieinfo\/#\/schema\/person\/faee6704a21f3977511db84bd1cd450f","name":"la r\u00e9daction","image":{"@type":"ImageObject","inLanguage":"fr-FR","@id":"https:\/\/vosgesinfo.fr\/saintdieinfo\/#\/schema\/person\/image\/","url":"https:\/\/secure.gravatar.com\/avatar\/6673d8bc6a9c17fa9a453eaa3448de834fa308c2ec9635b7aa99441a7c8d2cf6?s=96&d=mm&r=g","contentUrl":"https:\/\/secure.gravatar.com\/avatar\/6673d8bc6a9c17fa9a453eaa3448de834fa308c2ec9635b7aa99441a7c8d2cf6?s=96&d=mm&r=g","caption":"la r\u00e9daction"},"url":"https:\/\/vosgesinfo.fr\/saintdieinfo\/author\/redac\/"}]}},"_links":{"self":[{"href":"https:\/\/vosgesinfo.fr\/saintdieinfo\/wp-json\/wp\/v2\/posts\/63243","targetHints":{"allow":["GET"]}}],"collection":[{"href":"https:\/\/vosgesinfo.fr\/saintdieinfo\/wp-json\/wp\/v2\/posts"}],"about":[{"href":"https:\/\/vosgesinfo.fr\/saintdieinfo\/wp-json\/wp\/v2\/types\/post"}],"author":[{"embeddable":true,"href":"https:\/\/vosgesinfo.fr\/saintdieinfo\/wp-json\/wp\/v2\/users\/44"}],"replies":[{"embeddable":true,"href":"https:\/\/vosgesinfo.fr\/saintdieinfo\/wp-json\/wp\/v2\/comments?post=63243"}],"version-history":[{"count":0,"href":"https:\/\/vosgesinfo.fr\/saintdieinfo\/wp-json\/wp\/v2\/posts\/63243\/revisions"}],"wp:featuredmedia":[{"embeddable":true,"href":"https:\/\/vosgesinfo.fr\/saintdieinfo\/wp-json\/wp\/v2\/media\/63244"}],"wp:attachment":[{"href":"https:\/\/vosgesinfo.fr\/saintdieinfo\/wp-json\/wp\/v2\/media?parent=63243"}],"wp:term":[{"taxonomy":"category","embeddable":true,"href":"https:\/\/vosgesinfo.fr\/saintdieinfo\/wp-json\/wp\/v2\/categories?post=63243"},{"taxonomy":"post_tag","embeddable":true,"href":"https:\/\/vosgesinfo.fr\/saintdieinfo\/wp-json\/wp\/v2\/tags?post=63243"}],"curies":[{"name":"wp","href":"https:\/\/api.w.org\/{rel}","templated":true}]}}