{"id":63288,"date":"2023-03-20T09:01:49","date_gmt":"2023-03-20T08:01:49","guid":{"rendered":"https:\/\/vosgesinfo.fr\/saintdieinfo\/2023\/03\/bouge-bleu-lautisme-yza-chante-piaf-a-tour-de-liberte\/"},"modified":"2023-03-20T09:01:49","modified_gmt":"2023-03-20T08:01:49","slug":"bouge-bleu-lautisme-yza-chante-piaf-a-tour-de-liberte","status":"publish","type":"post","link":"https:\/\/vosgesinfo.fr\/saintdieinfo\/2023\/03\/bouge-bleu-lautisme-yza-chante-piaf-a-tour-de-liberte\/","title":{"rendered":"Bouge en bleu pour l&rsquo;autisme : Yza chante piaf \u00e0 la Tour de la Libert\u00e9"},"content":{"rendered":"<div id=\"attachment_198610\" style=\"width: 970px\" class=\"wp-caption aligncenter\"><a href=\"\/2023\/03\/Yza_Chante_Piaf-4.jpg\" target=\"_blank\" rel=\"noopener\"><img decoding=\"async\" aria-describedby=\"caption-attachment-198610\" class=\"wp-image-198610 size-large\" src=\"\/2023\/03\/Yza_Chante_Piaf-4-1024x899.jpg\" alt=\"Yza_Chante_Piaf (4)\" width=\"960\" height=\"843\" \/><\/a><p id=\"caption-attachment-198610\" class=\"wp-caption-text\">(Photographies Yza)<\/p><\/div>\n<h2><strong><span style=\"font-size: 14pt;\">Dans le cadre de la deuxi\u00e8me \u00e9dition de \u00ab\u00a0Bouge en bleu pour l&rsquo;autisme\u00a0\u00bb (<a href=\"https:\/\/saintdieinfo.fr\/2023\/02\/cette-annee-saint-die-vosges-bouge-bleu-lautisme\/\" target=\"_blank\" rel=\"noopener\">lire notre article<\/a>), Yza chantera Piaf \u00e0 la Tour de la Libert\u00e9 avec un concert le dimanche 2 avril \u00e0 15h15. L&rsquo;entr\u00e9e est \u00e0 3\u20ac, une somme qui sera ensuite revers\u00e9e aux associations Soleil Autisme et Asperger Lorraine. R\u00e9servations au 06-24-27-92-88 ou via <a href=\"mailto:isabelle.chopat@gmail.com\" target=\"_blank\" rel=\"noopener\">isabelle.chopat@gmail.com<\/a>.<\/span><\/strong><\/h2>\n<p><!--more--><\/p>\n<h3><strong><span style=\"font-family: Calibri, sans-serif; font-size: 12pt;\">Qui est Yza\u00a0?<\/span><\/strong><\/h3>\n<p><span style=\"font-family: Calibri, sans-serif;\"><span style=\"font-size: large;\">Originaire de Saint-Di\u00e9-des-Vosges o\u00f9 elle a grandi, Yza vit depuis 14 ans \u00e0 c\u00f4t\u00e9 de Nancy. Enfant puis adolescente, elle go\u00fbte aux joies de la sc\u00e8ne gr\u00e2ce \u00e0 la danse classique et contemporaine et au th\u00e9\u00e2tre. Elle commence \u00e0 chanter d\u00e8s l&rsquo;\u00e2ge de 15 ans, reprenant les morceaux de ses chanteuses et chanteurs favoris.<\/span><\/span><\/p>\n<p><span style=\"font-family: Calibri, sans-serif;\"><span style=\"font-size: large;\">En 2006, elle rencontre Charli Chopat, auteur, compositeur et interpr\u00e8te qui devient son coach vocal et \u00e9crit et compose pour elle de nombreux morceaux qu&rsquo;Yza d\u00e9fend sur sc\u00e8ne durant plusieurs ann\u00e9es dans des configurations tr\u00e8s diff\u00e9rentes, seule ou accompagn\u00e9e, en version guitare-voix ou piano-voix ou accompagn\u00e9e de nombreux musiciens.<\/span><\/span><\/p>\n<p><span style=\"font-family: Calibri, sans-serif;\"><span style=\"font-size: large;\">En 2015, elle devient maman et choisit de retourner aux sources, grande amoureuse de la chanson fran\u00e7aise, elle monte diff\u00e9rents spectacles au sein desquels elle reprend de nombreux standards de la chanson fran\u00e7aise.<\/span><\/span><\/p>\n<p><span style=\"font-family: Calibri, sans-serif;\"><span style=\"font-size: large;\">En 2020, en plein confinement, elle se lance dans l&rsquo;\u00e9criture d&rsquo;un spectacle auquel elle songe depuis longtemps, consacr\u00e9 \u00e0 Edith Piaf. Le spectacle est pr\u00e9sent\u00e9 plusieurs fois en maisons de retraite avant d&rsquo;\u00eatre propos\u00e9 au grand public pour la premi\u00e8re fois le 5 d\u00e9cembre 2021 \u00e0 Essey-l\u00e8s-Nancy puis \u00e0 de nombreuses reprises au cours de l\u2019ann\u00e9e 2022.<\/span><\/span><\/p>\n<h3><strong><span style=\"font-family: Calibri, sans-serif; font-size: 12pt;\">Le r\u00e9pertoire du 2 avril<\/span><\/strong><\/h3>\n<p><span style=\"font-family: Calibri, sans-serif;\"><span style=\"font-size: large;\">Apr\u00e8s une premi\u00e8re prestation l\u2019an dernier dans le cadre de la premi\u00e8re \u00e9dition de \u00ab\u00a0Bouge en bleu, bouge pour l\u2019autisme\u00a0\u00bb, Yza revient pour cette deuxi\u00e8me \u00e9dition. <\/span><\/span><\/p>\n<p><span style=\"font-family: Calibri, sans-serif;\"><span style=\"font-size: large;\">Elle interpr\u00e9tera plusieurs chansons extraites de son spectacle \u00ab\u00a0Yza chante Piaf\u00a0\u00bb. Yza a choisi les chansons les plus embl\u00e9matiques de l\u2019\u0153uvre d\u2019Edith Piaf, entre \u00e9nergie et \u00e9motion. Le public sera heureux de retrouver des titres entra\u00eenants et festifs tels que \u00ab\u00a0La vie en rose\u00a0\u00bb, \u00ab\u00a0Mon man\u00e8ge \u00e0 moi\u00a0\u00bb, \u00ab\u00a0L\u2019homme \u00e0 la moto\u00a0\u00bb ou encore \u00ab\u00a0Milord\u00a0\u00bb mais pourra aussi se laisser aller \u00e0 l\u2019\u00e9motion de chansons telles que \u00ab\u00a0Mon Dieu\u00a0\u00bb, \u00ab\u00a0L\u2019accord\u00e9oniste\u00a0\u00bb et bien s\u00fbr l\u2019incontournable \u00ab\u00a0Hymne \u00e0 l\u2019amour\u00a0\u00bb sans oublier quelques surprises auxquelles vous ne vous attendez pas\u2026<\/span><\/span><\/p>\n<h3><strong><span style=\"font-family: Calibri, sans-serif; font-size: 12pt;\">L\u2019engagement<\/span><\/strong><\/h3>\n<p><span style=\"font-family: Calibri, sans-serif;\"><span style=\"font-size: large;\">Depuis ses d\u00e9buts sur sc\u00e8ne en 2007, Yza a chant\u00e9 de nombreuses fois pour diff\u00e9rentes causes, le T\u00e9l\u00e9thon, l\u2019Enfant Bleu, Octobre Rose, les Restos du c\u0153ur\u2026 Lorsque M\u00e9lanie Richard et l\u2019association Mel Fitness et Danse lui ont demand\u00e9 de chanter pour \u00ab\u00a0Bouge en bleu, bouge pour l\u2019autisme\u00a0\u00bb, Yza n\u2019a pas h\u00e9sit\u00e9, d\u00e9sireuse de s\u2019engager et de mettre sa voix au service de causes qui lui tiennent \u00e0 c\u0153ur. <\/span><\/span><\/p>\n\n","protected":false},"excerpt":{"rendered":"<p>Dans le cadre de la deuxi\u00e8me \u00e9dition de \u00ab\u00a0Bouge en bleu pour l&rsquo;autisme\u00a0\u00bb (lire notre article), Yza chantera Piaf \u00e0 [&hellip;]<\/p>\n","protected":false},"author":44,"featured_media":63289,"comment_status":"open","ping_status":"open","sticky":false,"template":"","format":"standard","meta":{"footnotes":""},"categories":[3900,8003,7847,2915,29],"tags":[3941,2953,3806,14036],"class_list":["post-63288","post","type-post","status-publish","format-standard","has-post-thumbnail","hentry","category-breves","category-concert-culture","category-art-culture","category-saint-die-son-canton","category-solidarite","tag-bouge-en-bleu-pour-lautisme","tag-tour-de-la-liberte","tag-yza","tag-yza-chante-piaf"],"acf":[],"yoast_head":"<!-- This site is optimized with the Yoast SEO plugin v22.5 - https:\/\/yoast.com\/wordpress\/plugins\/seo\/ -->\n<title>Bouge en bleu pour l&#039;autisme : Yza chante piaf \u00e0 la Tour de la Libert\u00e9 - Saint Die Info<\/title>\n<meta name=\"robots\" content=\"index, follow, max-snippet:-1, max-image-preview:large, max-video-preview:-1\" \/>\n<link rel=\"canonical\" href=\"https:\/\/vosgesinfo.fr\/saintdieinfo\/2023\/03\/bouge-bleu-lautisme-yza-chante-piaf-a-tour-de-liberte\/\" \/>\n<meta name=\"twitter:card\" content=\"summary_large_image\" \/>\n<meta name=\"twitter:title\" content=\"Bouge en bleu pour l&#039;autisme : Yza chante piaf \u00e0 la Tour de la Libert\u00e9 - Saint Die Info\" \/>\n<meta name=\"twitter:description\" content=\"Dans le cadre de la deuxi\u00e8me \u00e9dition de \u00ab\u00a0Bouge en bleu pour l&rsquo;autisme\u00a0\u00bb (lire notre article), Yza chantera Piaf \u00e0 [&hellip;]\" \/>\n<meta name=\"twitter:image\" content=\"https:\/\/vosgesinfo.fr\/app\/uploads\/sites\/4\/2024\/08\/202303yza-chante-piaf-4-1.jpg\" \/>\n<meta name=\"twitter:creator\" content=\"@VosgesInfo88\" \/>\n<meta name=\"twitter:site\" content=\"@VosgesInfo88\" \/>\n<meta name=\"twitter:label1\" content=\"\u00c9crit par\" \/>\n\t<meta name=\"twitter:data1\" content=\"la r\u00e9daction\" \/>\n\t<meta name=\"twitter:label2\" content=\"Dur\u00e9e de lecture estim\u00e9e\" \/>\n\t<meta name=\"twitter:data2\" content=\"3 minutes\" \/>\n<script type=\"application\/ld+json\" class=\"yoast-schema-graph\">{\"@context\":\"https:\/\/schema.org\",\"@graph\":[{\"@type\":\"Article\",\"@id\":\"https:\/\/vosgesinfo.fr\/saintdieinfo\/2023\/03\/bouge-bleu-lautisme-yza-chante-piaf-a-tour-de-liberte\/#article\",\"isPartOf\":{\"@id\":\"https:\/\/vosgesinfo.fr\/saintdieinfo\/2023\/03\/bouge-bleu-lautisme-yza-chante-piaf-a-tour-de-liberte\/\"},\"author\":{\"name\":\"la r\u00e9daction\",\"@id\":\"https:\/\/vosgesinfo.fr\/saintdieinfo\/#\/schema\/person\/faee6704a21f3977511db84bd1cd450f\"},\"headline\":\"Bouge en bleu pour l&rsquo;autisme : Yza chante piaf \u00e0 la Tour de la Libert\u00e9\",\"datePublished\":\"2023-03-20T08:01:49+00:00\",\"dateModified\":\"2023-03-20T08:01:49+00:00\",\"mainEntityOfPage\":{\"@id\":\"https:\/\/vosgesinfo.fr\/saintdieinfo\/2023\/03\/bouge-bleu-lautisme-yza-chante-piaf-a-tour-de-liberte\/\"},\"wordCount\":520,\"commentCount\":0,\"publisher\":{\"@id\":\"https:\/\/vosgesinfo.fr\/saintdieinfo\/#organization\"},\"image\":{\"@id\":\"https:\/\/vosgesinfo.fr\/saintdieinfo\/2023\/03\/bouge-bleu-lautisme-yza-chante-piaf-a-tour-de-liberte\/#primaryimage\"},\"thumbnailUrl\":\"https:\/\/vosgesinfo.fr\/app\/uploads\/sites\/4\/2024\/08\/202303yza-chante-piaf-4-1.jpg\",\"keywords\":[\"Bouge en bleu pour l'autisme\",\"Tour de la Libert\u00e9\",\"Yza\",\"Yza chante Piaf\"],\"articleSection\":[\"Br\u00e8ves\",\"Concert\",\"Culture\",\"Saint-Di\u00e9-des-Vosges et son Agglom\u00e9ration\",\"Solidarit\u00e9\"],\"inLanguage\":\"fr-FR\",\"potentialAction\":[{\"@type\":\"CommentAction\",\"name\":\"Comment\",\"target\":[\"https:\/\/vosgesinfo.fr\/saintdieinfo\/2023\/03\/bouge-bleu-lautisme-yza-chante-piaf-a-tour-de-liberte\/#respond\"]}]},{\"@type\":\"WebPage\",\"@id\":\"https:\/\/vosgesinfo.fr\/saintdieinfo\/2023\/03\/bouge-bleu-lautisme-yza-chante-piaf-a-tour-de-liberte\/\",\"url\":\"https:\/\/vosgesinfo.fr\/saintdieinfo\/2023\/03\/bouge-bleu-lautisme-yza-chante-piaf-a-tour-de-liberte\/\",\"name\":\"Bouge en bleu pour l'autisme : Yza chante piaf \u00e0 la Tour de la Libert\u00e9 - Saint Die Info\",\"isPartOf\":{\"@id\":\"https:\/\/vosgesinfo.fr\/saintdieinfo\/#website\"},\"primaryImageOfPage\":{\"@id\":\"https:\/\/vosgesinfo.fr\/saintdieinfo\/2023\/03\/bouge-bleu-lautisme-yza-chante-piaf-a-tour-de-liberte\/#primaryimage\"},\"image\":{\"@id\":\"https:\/\/vosgesinfo.fr\/saintdieinfo\/2023\/03\/bouge-bleu-lautisme-yza-chante-piaf-a-tour-de-liberte\/#primaryimage\"},\"thumbnailUrl\":\"https:\/\/vosgesinfo.fr\/app\/uploads\/sites\/4\/2024\/08\/202303yza-chante-piaf-4-1.jpg\",\"datePublished\":\"2023-03-20T08:01:49+00:00\",\"dateModified\":\"2023-03-20T08:01:49+00:00\",\"breadcrumb\":{\"@id\":\"https:\/\/vosgesinfo.fr\/saintdieinfo\/2023\/03\/bouge-bleu-lautisme-yza-chante-piaf-a-tour-de-liberte\/#breadcrumb\"},\"inLanguage\":\"fr-FR\",\"potentialAction\":[{\"@type\":\"ReadAction\",\"target\":[\"https:\/\/vosgesinfo.fr\/saintdieinfo\/2023\/03\/bouge-bleu-lautisme-yza-chante-piaf-a-tour-de-liberte\/\"]}]},{\"@type\":\"ImageObject\",\"inLanguage\":\"fr-FR\",\"@id\":\"https:\/\/vosgesinfo.fr\/saintdieinfo\/2023\/03\/bouge-bleu-lautisme-yza-chante-piaf-a-tour-de-liberte\/#primaryimage\",\"url\":\"https:\/\/vosgesinfo.fr\/app\/uploads\/sites\/4\/2024\/08\/202303yza-chante-piaf-4-1.jpg\",\"contentUrl\":\"https:\/\/vosgesinfo.fr\/app\/uploads\/sites\/4\/2024\/08\/202303yza-chante-piaf-4-1.jpg\",\"width\":2048,\"height\":1797},{\"@type\":\"BreadcrumbList\",\"@id\":\"https:\/\/vosgesinfo.fr\/saintdieinfo\/2023\/03\/bouge-bleu-lautisme-yza-chante-piaf-a-tour-de-liberte\/#breadcrumb\",\"itemListElement\":[{\"@type\":\"ListItem\",\"position\":1,\"name\":\"Home\",\"item\":\"https:\/\/vosgesinfo.fr\/saintdieinfo\/\"},{\"@type\":\"ListItem\",\"position\":2,\"name\":\"Bouge en bleu pour l&rsquo;autisme : Yza chante piaf \u00e0 la Tour de la Libert\u00e9\"}]},{\"@type\":\"WebSite\",\"@id\":\"https:\/\/vosgesinfo.fr\/saintdieinfo\/#website\",\"url\":\"https:\/\/vosgesinfo.fr\/saintdieinfo\/\",\"name\":\"Saint Die Info\",\"description\":\"Toute l&#039;actualit\u00e9 de Saint-Di\u00e9-Des-Vosges\",\"publisher\":{\"@id\":\"https:\/\/vosgesinfo.fr\/saintdieinfo\/#organization\"},\"alternateName\":\"Toute l'actualit\u00e9 de Saint-Di\u00e9-Des-Vosges\",\"potentialAction\":[{\"@type\":\"SearchAction\",\"target\":{\"@type\":\"EntryPoint\",\"urlTemplate\":\"https:\/\/vosgesinfo.fr\/saintdieinfo\/?s={search_term_string}\"},\"query-input\":\"required name=search_term_string\"}],\"inLanguage\":\"fr-FR\"},{\"@type\":\"Organization\",\"@id\":\"https:\/\/vosgesinfo.fr\/saintdieinfo\/#organization\",\"name\":\"Saint Die Info\",\"url\":\"https:\/\/vosgesinfo.fr\/saintdieinfo\/\",\"logo\":{\"@type\":\"ImageObject\",\"inLanguage\":\"fr-FR\",\"@id\":\"https:\/\/vosgesinfo.fr\/saintdieinfo\/#\/schema\/logo\/image\/\",\"url\":\"https:\/\/vosgesinfo.fr\/app\/uploads\/sites\/4\/2024\/02\/logo-sdi.jpg\",\"contentUrl\":\"https:\/\/vosgesinfo.fr\/app\/uploads\/sites\/4\/2024\/02\/logo-sdi.jpg\",\"width\":600,\"height\":600,\"caption\":\"Saint Die Info\"},\"image\":{\"@id\":\"https:\/\/vosgesinfo.fr\/saintdieinfo\/#\/schema\/logo\/image\/\"},\"sameAs\":[\"https:\/\/www.facebook.com\/Saintdieinfofr\",\"https:\/\/x.com\/VosgesInfo88\",\"https:\/\/www.youtube.com\/@vosgesinfo\"]},{\"@type\":\"Person\",\"@id\":\"https:\/\/vosgesinfo.fr\/saintdieinfo\/#\/schema\/person\/faee6704a21f3977511db84bd1cd450f\",\"name\":\"la r\u00e9daction\",\"image\":{\"@type\":\"ImageObject\",\"inLanguage\":\"fr-FR\",\"@id\":\"https:\/\/vosgesinfo.fr\/saintdieinfo\/#\/schema\/person\/image\/\",\"url\":\"https:\/\/secure.gravatar.com\/avatar\/6673d8bc6a9c17fa9a453eaa3448de834fa308c2ec9635b7aa99441a7c8d2cf6?s=96&d=mm&r=g\",\"contentUrl\":\"https:\/\/secure.gravatar.com\/avatar\/6673d8bc6a9c17fa9a453eaa3448de834fa308c2ec9635b7aa99441a7c8d2cf6?s=96&d=mm&r=g\",\"caption\":\"la r\u00e9daction\"},\"url\":\"https:\/\/vosgesinfo.fr\/saintdieinfo\/author\/redac\/\"}]}<\/script>\n<!-- \/ Yoast SEO plugin. -->","yoast_head_json":{"title":"Bouge en bleu pour l'autisme : Yza chante piaf \u00e0 la Tour de la Libert\u00e9 - Saint Die Info","robots":{"index":"index","follow":"follow","max-snippet":"max-snippet:-1","max-image-preview":"max-image-preview:large","max-video-preview":"max-video-preview:-1"},"canonical":"https:\/\/vosgesinfo.fr\/saintdieinfo\/2023\/03\/bouge-bleu-lautisme-yza-chante-piaf-a-tour-de-liberte\/","twitter_card":"summary_large_image","twitter_title":"Bouge en bleu pour l'autisme : Yza chante piaf \u00e0 la Tour de la Libert\u00e9 - Saint Die Info","twitter_description":"Dans le cadre de la deuxi\u00e8me \u00e9dition de \u00ab\u00a0Bouge en bleu pour l&rsquo;autisme\u00a0\u00bb (lire notre article), Yza chantera Piaf \u00e0 [&hellip;]","twitter_image":"https:\/\/vosgesinfo.fr\/app\/uploads\/sites\/4\/2024\/08\/202303yza-chante-piaf-4-1.jpg","twitter_creator":"@VosgesInfo88","twitter_site":"@VosgesInfo88","twitter_misc":{"\u00c9crit par":"la r\u00e9daction","Dur\u00e9e de lecture estim\u00e9e":"3 minutes"},"schema":{"@context":"https:\/\/schema.org","@graph":[{"@type":"Article","@id":"https:\/\/vosgesinfo.fr\/saintdieinfo\/2023\/03\/bouge-bleu-lautisme-yza-chante-piaf-a-tour-de-liberte\/#article","isPartOf":{"@id":"https:\/\/vosgesinfo.fr\/saintdieinfo\/2023\/03\/bouge-bleu-lautisme-yza-chante-piaf-a-tour-de-liberte\/"},"author":{"name":"la r\u00e9daction","@id":"https:\/\/vosgesinfo.fr\/saintdieinfo\/#\/schema\/person\/faee6704a21f3977511db84bd1cd450f"},"headline":"Bouge en bleu pour l&rsquo;autisme : Yza chante piaf \u00e0 la Tour de la Libert\u00e9","datePublished":"2023-03-20T08:01:49+00:00","dateModified":"2023-03-20T08:01:49+00:00","mainEntityOfPage":{"@id":"https:\/\/vosgesinfo.fr\/saintdieinfo\/2023\/03\/bouge-bleu-lautisme-yza-chante-piaf-a-tour-de-liberte\/"},"wordCount":520,"commentCount":0,"publisher":{"@id":"https:\/\/vosgesinfo.fr\/saintdieinfo\/#organization"},"image":{"@id":"https:\/\/vosgesinfo.fr\/saintdieinfo\/2023\/03\/bouge-bleu-lautisme-yza-chante-piaf-a-tour-de-liberte\/#primaryimage"},"thumbnailUrl":"https:\/\/vosgesinfo.fr\/app\/uploads\/sites\/4\/2024\/08\/202303yza-chante-piaf-4-1.jpg","keywords":["Bouge en bleu pour l'autisme","Tour de la Libert\u00e9","Yza","Yza chante Piaf"],"articleSection":["Br\u00e8ves","Concert","Culture","Saint-Di\u00e9-des-Vosges et son Agglom\u00e9ration","Solidarit\u00e9"],"inLanguage":"fr-FR","potentialAction":[{"@type":"CommentAction","name":"Comment","target":["https:\/\/vosgesinfo.fr\/saintdieinfo\/2023\/03\/bouge-bleu-lautisme-yza-chante-piaf-a-tour-de-liberte\/#respond"]}]},{"@type":"WebPage","@id":"https:\/\/vosgesinfo.fr\/saintdieinfo\/2023\/03\/bouge-bleu-lautisme-yza-chante-piaf-a-tour-de-liberte\/","url":"https:\/\/vosgesinfo.fr\/saintdieinfo\/2023\/03\/bouge-bleu-lautisme-yza-chante-piaf-a-tour-de-liberte\/","name":"Bouge en bleu pour l'autisme : Yza chante piaf \u00e0 la Tour de la Libert\u00e9 - Saint Die Info","isPartOf":{"@id":"https:\/\/vosgesinfo.fr\/saintdieinfo\/#website"},"primaryImageOfPage":{"@id":"https:\/\/vosgesinfo.fr\/saintdieinfo\/2023\/03\/bouge-bleu-lautisme-yza-chante-piaf-a-tour-de-liberte\/#primaryimage"},"image":{"@id":"https:\/\/vosgesinfo.fr\/saintdieinfo\/2023\/03\/bouge-bleu-lautisme-yza-chante-piaf-a-tour-de-liberte\/#primaryimage"},"thumbnailUrl":"https:\/\/vosgesinfo.fr\/app\/uploads\/sites\/4\/2024\/08\/202303yza-chante-piaf-4-1.jpg","datePublished":"2023-03-20T08:01:49+00:00","dateModified":"2023-03-20T08:01:49+00:00","breadcrumb":{"@id":"https:\/\/vosgesinfo.fr\/saintdieinfo\/2023\/03\/bouge-bleu-lautisme-yza-chante-piaf-a-tour-de-liberte\/#breadcrumb"},"inLanguage":"fr-FR","potentialAction":[{"@type":"ReadAction","target":["https:\/\/vosgesinfo.fr\/saintdieinfo\/2023\/03\/bouge-bleu-lautisme-yza-chante-piaf-a-tour-de-liberte\/"]}]},{"@type":"ImageObject","inLanguage":"fr-FR","@id":"https:\/\/vosgesinfo.fr\/saintdieinfo\/2023\/03\/bouge-bleu-lautisme-yza-chante-piaf-a-tour-de-liberte\/#primaryimage","url":"https:\/\/vosgesinfo.fr\/app\/uploads\/sites\/4\/2024\/08\/202303yza-chante-piaf-4-1.jpg","contentUrl":"https:\/\/vosgesinfo.fr\/app\/uploads\/sites\/4\/2024\/08\/202303yza-chante-piaf-4-1.jpg","width":2048,"height":1797},{"@type":"BreadcrumbList","@id":"https:\/\/vosgesinfo.fr\/saintdieinfo\/2023\/03\/bouge-bleu-lautisme-yza-chante-piaf-a-tour-de-liberte\/#breadcrumb","itemListElement":[{"@type":"ListItem","position":1,"name":"Home","item":"https:\/\/vosgesinfo.fr\/saintdieinfo\/"},{"@type":"ListItem","position":2,"name":"Bouge en bleu pour l&rsquo;autisme : Yza chante piaf \u00e0 la Tour de la Libert\u00e9"}]},{"@type":"WebSite","@id":"https:\/\/vosgesinfo.fr\/saintdieinfo\/#website","url":"https:\/\/vosgesinfo.fr\/saintdieinfo\/","name":"Saint Die Info","description":"Toute l&#039;actualit\u00e9 de Saint-Di\u00e9-Des-Vosges","publisher":{"@id":"https:\/\/vosgesinfo.fr\/saintdieinfo\/#organization"},"alternateName":"Toute l'actualit\u00e9 de Saint-Di\u00e9-Des-Vosges","potentialAction":[{"@type":"SearchAction","target":{"@type":"EntryPoint","urlTemplate":"https:\/\/vosgesinfo.fr\/saintdieinfo\/?s={search_term_string}"},"query-input":"required name=search_term_string"}],"inLanguage":"fr-FR"},{"@type":"Organization","@id":"https:\/\/vosgesinfo.fr\/saintdieinfo\/#organization","name":"Saint Die Info","url":"https:\/\/vosgesinfo.fr\/saintdieinfo\/","logo":{"@type":"ImageObject","inLanguage":"fr-FR","@id":"https:\/\/vosgesinfo.fr\/saintdieinfo\/#\/schema\/logo\/image\/","url":"https:\/\/vosgesinfo.fr\/app\/uploads\/sites\/4\/2024\/02\/logo-sdi.jpg","contentUrl":"https:\/\/vosgesinfo.fr\/app\/uploads\/sites\/4\/2024\/02\/logo-sdi.jpg","width":600,"height":600,"caption":"Saint Die Info"},"image":{"@id":"https:\/\/vosgesinfo.fr\/saintdieinfo\/#\/schema\/logo\/image\/"},"sameAs":["https:\/\/www.facebook.com\/Saintdieinfofr","https:\/\/x.com\/VosgesInfo88","https:\/\/www.youtube.com\/@vosgesinfo"]},{"@type":"Person","@id":"https:\/\/vosgesinfo.fr\/saintdieinfo\/#\/schema\/person\/faee6704a21f3977511db84bd1cd450f","name":"la r\u00e9daction","image":{"@type":"ImageObject","inLanguage":"fr-FR","@id":"https:\/\/vosgesinfo.fr\/saintdieinfo\/#\/schema\/person\/image\/","url":"https:\/\/secure.gravatar.com\/avatar\/6673d8bc6a9c17fa9a453eaa3448de834fa308c2ec9635b7aa99441a7c8d2cf6?s=96&d=mm&r=g","contentUrl":"https:\/\/secure.gravatar.com\/avatar\/6673d8bc6a9c17fa9a453eaa3448de834fa308c2ec9635b7aa99441a7c8d2cf6?s=96&d=mm&r=g","caption":"la r\u00e9daction"},"url":"https:\/\/vosgesinfo.fr\/saintdieinfo\/author\/redac\/"}]}},"_links":{"self":[{"href":"https:\/\/vosgesinfo.fr\/saintdieinfo\/wp-json\/wp\/v2\/posts\/63288","targetHints":{"allow":["GET"]}}],"collection":[{"href":"https:\/\/vosgesinfo.fr\/saintdieinfo\/wp-json\/wp\/v2\/posts"}],"about":[{"href":"https:\/\/vosgesinfo.fr\/saintdieinfo\/wp-json\/wp\/v2\/types\/post"}],"author":[{"embeddable":true,"href":"https:\/\/vosgesinfo.fr\/saintdieinfo\/wp-json\/wp\/v2\/users\/44"}],"replies":[{"embeddable":true,"href":"https:\/\/vosgesinfo.fr\/saintdieinfo\/wp-json\/wp\/v2\/comments?post=63288"}],"version-history":[{"count":0,"href":"https:\/\/vosgesinfo.fr\/saintdieinfo\/wp-json\/wp\/v2\/posts\/63288\/revisions"}],"wp:featuredmedia":[{"embeddable":true,"href":"https:\/\/vosgesinfo.fr\/saintdieinfo\/wp-json\/wp\/v2\/media\/63289"}],"wp:attachment":[{"href":"https:\/\/vosgesinfo.fr\/saintdieinfo\/wp-json\/wp\/v2\/media?parent=63288"}],"wp:term":[{"taxonomy":"category","embeddable":true,"href":"https:\/\/vosgesinfo.fr\/saintdieinfo\/wp-json\/wp\/v2\/categories?post=63288"},{"taxonomy":"post_tag","embeddable":true,"href":"https:\/\/vosgesinfo.fr\/saintdieinfo\/wp-json\/wp\/v2\/tags?post=63288"}],"curies":[{"name":"wp","href":"https:\/\/api.w.org\/{rel}","templated":true}]}}