{"id":63290,"date":"2023-03-20T09:42:27","date_gmt":"2023-03-20T08:42:27","guid":{"rendered":"https:\/\/vosgesinfo.fr\/saintdieinfo\/2023\/03\/aux-origines-celebrations-printemps\/"},"modified":"2023-03-20T09:42:27","modified_gmt":"2023-03-20T08:42:27","slug":"aux-origines-celebrations-printemps","status":"publish","type":"post","link":"https:\/\/vosgesinfo.fr\/saintdieinfo\/2023\/03\/aux-origines-celebrations-printemps\/","title":{"rendered":"Aux origines des c\u00e9l\u00e9brations du printemps"},"content":{"rendered":"<div id=\"attachment_198632\" style=\"width: 970px\" class=\"wp-caption aligncenter\"><a href=\"\/2023\/03\/Lapin_P\u00e2ques.jpg\" target=\"_blank\" rel=\"noopener\"><img decoding=\"async\" aria-describedby=\"caption-attachment-198632\" class=\"wp-image-198632 size-large\" src=\"\/2023\/03\/Lapin_P\u00e2ques-1024x768.jpg\" alt=\"Lapin_P\u00e2ques\" width=\"960\" height=\"720\" \/><\/a><p id=\"caption-attachment-198632\" class=\"wp-caption-text\">(Photographie Wikipedia.org)<\/p><\/div>\n<h2><strong><span style=\"font-size: 14pt;\">L&rsquo;hiver est termin\u00e9\u00a0! Car ce lundi 20 mars marque le premier jour du printemps 2023. Si aujourd&rsquo;hui le d\u00e9but de la saison printani\u00e8re est synonyme de P\u00e2ques en France, le printemps y est c\u00e9l\u00e9br\u00e9 depuis l&rsquo;\u00e9poque pa\u00efenne comme l&rsquo;explique Jean-Micha\u00ebl Choserot, pr\u00e9sident de l&rsquo;association naturaliste et historienne BERIAN.<\/span><\/strong><\/h2>\n<p><!--more--><\/p>\n<p>\u00ab\u00a0L&rsquo;\u00e9quinoxe de printemps et Ostara formeraient 2 f\u00eates pa\u00efennes du printemps, qui se d\u00e9rouleraient donc en 2 parties. La premi\u00e8re a lieu vers le 21 mars au moment de l&rsquo;\u00e9quinoxe, quand le jour et la nuit ont la m\u00eame dur\u00e9e. La lumi\u00e8re l&#8217;emporte sur les t\u00e9n\u00e8bres de l&rsquo;hiver. C&rsquo;est la f\u00eate de l&rsquo;\u00e9quinoxe de printemps que les druidistes nomment Alban Eilir, une f\u00eate de nature solaire et virile. La seconde, Ostara ou P\u00e2ques, est au contraire une f\u00eate lunaire et donc f\u00e9minine. C&rsquo;est \u00e9galement pour cette raison qu&rsquo;elle n&rsquo;a pas une date fixe. Les 2 f\u00eates sont similaires et se confondent, si bien qu&rsquo;elles sont souvent f\u00eat\u00e9es en m\u00eame temps dans les communaut\u00e9s pa\u00efennes.\u00a0\u00bb<\/p>\n<p>Symboliquement, l&rsquo;\u00e9quinoxe de printemps c\u00e9l\u00e8bre le temps du renouveau, \u00ab\u00a0du r\u00e9veil de la nature, de la terre fertile, de fleurs qui surgissent des bourgeons, de la pluie et du vent qui vivifient le temps de l&rsquo;\u00e9closion. On y consacrait le culte d&rsquo;une d\u00e9esse de la fertilit\u00e9 nomm\u00e9e Ostara, qui donna son nom \u00e0 la f\u00eate. Tr\u00e8s ancienne, elle serait issue de la culture indo-europ\u00e9enne\u00a0\u00bb pr\u00e9cise Jean-Micha\u00ebl Choserot, tout en ajoutant que \u00ab\u00a0dans le Haut Moyen-\u00c2ge, l&rsquo;Eglise chr\u00e9tienne, soucieuse d&rsquo;en finir avec les cultes pa\u00efens, remplace la f\u00eate d&rsquo;Hilaria par l&rsquo;Annonciation. Lors de cette f\u00eate, les Babyloniens, les Grecs et les Romains c\u00e9l\u00e9braient Cyb\u00e8le, une d\u00e9esse m\u00e8re qui auraient enfant\u00e9 un messie. Quelle meilleure moment donc pour \u00e0 la fois dater l&rsquo;Annonciation et remplacer la d\u00e9esse par la vierge Marie. Et rapprocher par la m\u00eame occasion le messie pa\u00efen \u00e0 J\u00e9sus.<\/p>\n<p>Toujours selon le pr\u00e9sident de BERIAN, des similitudes existent entre Ostara et P\u00e2ques. \u00ab Si on la dissocie de l&rsquo;Equinoxe, Ostara est remplac\u00e9e par la c\u00e9l\u00e9bration de P\u00e2ques. Certains aspects de la P\u00e2ques chr\u00e9tienne reprennent d&rsquo;ailleurs des \u00e9l\u00e9ments de la f\u00eate d&rsquo;Ostara, comme notamment les cloches que l&rsquo;on sonne pour provoquer le r\u00e9veil de la nature. De la m\u00eame fa\u00e7on que la lumi\u00e8re vainc les t\u00e9n\u00e8bres, le jour chasses les mauvaises influences et les bannit.\u00a0\u00bb<\/p>\n<p>Les autres symboles de P\u00e2ques remonteraient \u00e9galement \u00e0 l&rsquo;\u00e9poque pa\u00efenne d&rsquo;apr\u00e8s Jean-Micha\u00ebl Choserot. \u00ab\u00a0Pour le lapin ou le li\u00e8vre, il s&rsquo;agit d&rsquo;un ancien symbole de la lune. Il repr\u00e9sente le renouvellement de la fertilit\u00e9 de la Terre, c&rsquo;est pourquoi cet animal \u00e9tait toujours en compagnie d&rsquo;Ostara. La symbolique de l&rsquo;oeuf reste quant \u00e0 elle tr\u00e8s charg\u00e9e En effet, il d\u00e9tient en lui la gen\u00e8se du monde, il est une r\u00e9alit\u00e9 primordiale qui contient en germe la diff\u00e9renciation des \u00eatres. Il \u00e9tait de coutume, pendant l&rsquo;\u00e9quinoxe, d&rsquo;offrir des \u0153ufs \u00e0 la d\u00e9esse. Si aujourd&rsquo;hui la m\u00e9thode a chang\u00e9, le principe reste le m\u00eame, car en effet on offre toujours des \u0153ufs, simplement ils sont maintenant en chocolat et nous les offrons pour le plaisir des petits&#8230; mais aussi des grands\u00a0!\u00a0\u00bb<\/p>\n<p>Pour contacter l&rsquo;association BERIAN\u00a0: <strong>07-67-87-00-43 <\/strong>ou <strong><a href=\"mailto:berian.association@hotmail.com\" target=\"_blank\" rel=\"noopener\">berian.association@hotmail.com<\/a><\/strong>. Retrouvez l\u2019association sur ses r\u00e9seaux\u00a0: <strong><a href=\"http:\/\/berian.jimdosite.com\/\" target=\"_blank\" rel=\"noopener\">berian.jimdosite.com<\/a><\/strong>, <strong><a href=\"http:\/\/berianasso.wordpress.com\/\" target=\"_blank\" rel=\"noopener\">berianasso.wordpress.com<\/a><\/strong> et sur sa <strong><a href=\"https:\/\/www.facebook.com\/Berian-Association-Naturaliste-et-Historienne-109124970544923\" target=\"_blank\" rel=\"noopener\">page Facebook.<\/a><\/strong><\/p>\n<p>J.J.<\/p>\n","protected":false},"excerpt":{"rendered":"<p>L&rsquo;hiver est termin\u00e9\u00a0! Car ce lundi 20 mars marque le premier jour du printemps 2023. Si aujourd&rsquo;hui le d\u00e9but de [&hellip;]<\/p>\n","protected":false},"author":44,"featured_media":63291,"comment_status":"open","ping_status":"open","sticky":false,"template":"","format":"standard","meta":{"footnotes":""},"categories":[460,18],"tags":[3615,14037,3616,5453,14038],"class_list":["post-63290","post","type-post","status-publish","format-standard","has-post-thumbnail","hentry","category-a-la-une","category-vosges","tag-association-berian","tag-celebrations-du-printemps","tag-jean-michael-choserot","tag-paques","tag-printemos-2023"],"acf":[],"yoast_head":"<!-- This site is optimized with the Yoast SEO plugin v22.5 - https:\/\/yoast.com\/wordpress\/plugins\/seo\/ -->\n<title>Aux origines des c\u00e9l\u00e9brations du printemps - Saint Die Info<\/title>\n<meta name=\"robots\" content=\"index, follow, max-snippet:-1, max-image-preview:large, max-video-preview:-1\" \/>\n<link rel=\"canonical\" href=\"https:\/\/vosgesinfo.fr\/saintdieinfo\/2023\/03\/aux-origines-celebrations-printemps\/\" \/>\n<meta name=\"twitter:card\" content=\"summary_large_image\" \/>\n<meta name=\"twitter:title\" content=\"Aux origines des c\u00e9l\u00e9brations du printemps - Saint Die Info\" \/>\n<meta name=\"twitter:description\" content=\"L&rsquo;hiver est termin\u00e9\u00a0! Car ce lundi 20 mars marque le premier jour du printemps 2023. Si aujourd&rsquo;hui le d\u00e9but de [&hellip;]\" \/>\n<meta name=\"twitter:image\" content=\"https:\/\/vosgesinfo.fr\/app\/uploads\/sites\/4\/2024\/08\/202303lapin-paques.jpg\" \/>\n<meta name=\"twitter:creator\" content=\"@VosgesInfo88\" \/>\n<meta name=\"twitter:site\" content=\"@VosgesInfo88\" \/>\n<meta name=\"twitter:label1\" content=\"\u00c9crit par\" \/>\n\t<meta name=\"twitter:data1\" content=\"la r\u00e9daction\" \/>\n\t<meta name=\"twitter:label2\" content=\"Dur\u00e9e de lecture estim\u00e9e\" \/>\n\t<meta name=\"twitter:data2\" content=\"3 minutes\" \/>\n<script type=\"application\/ld+json\" class=\"yoast-schema-graph\">{\"@context\":\"https:\/\/schema.org\",\"@graph\":[{\"@type\":\"Article\",\"@id\":\"https:\/\/vosgesinfo.fr\/saintdieinfo\/2023\/03\/aux-origines-celebrations-printemps\/#article\",\"isPartOf\":{\"@id\":\"https:\/\/vosgesinfo.fr\/saintdieinfo\/2023\/03\/aux-origines-celebrations-printemps\/\"},\"author\":{\"name\":\"la r\u00e9daction\",\"@id\":\"https:\/\/vosgesinfo.fr\/saintdieinfo\/#\/schema\/person\/faee6704a21f3977511db84bd1cd450f\"},\"headline\":\"Aux origines des c\u00e9l\u00e9brations du printemps\",\"datePublished\":\"2023-03-20T08:42:27+00:00\",\"dateModified\":\"2023-03-20T08:42:27+00:00\",\"mainEntityOfPage\":{\"@id\":\"https:\/\/vosgesinfo.fr\/saintdieinfo\/2023\/03\/aux-origines-celebrations-printemps\/\"},\"wordCount\":665,\"commentCount\":0,\"publisher\":{\"@id\":\"https:\/\/vosgesinfo.fr\/saintdieinfo\/#organization\"},\"image\":{\"@id\":\"https:\/\/vosgesinfo.fr\/saintdieinfo\/2023\/03\/aux-origines-celebrations-printemps\/#primaryimage\"},\"thumbnailUrl\":\"https:\/\/vosgesinfo.fr\/app\/uploads\/sites\/4\/2024\/08\/202303lapin-paques.jpg\",\"keywords\":[\"Association BERIAN\",\"C\u00e9l\u00e9brations du printemps\",\"Jean-Micha\u00ebl Choserot\",\"P\u00e2ques\",\"Printemos 2023\"],\"articleSection\":[\"A la Une\",\"Vosges\"],\"inLanguage\":\"fr-FR\",\"potentialAction\":[{\"@type\":\"CommentAction\",\"name\":\"Comment\",\"target\":[\"https:\/\/vosgesinfo.fr\/saintdieinfo\/2023\/03\/aux-origines-celebrations-printemps\/#respond\"]}]},{\"@type\":\"WebPage\",\"@id\":\"https:\/\/vosgesinfo.fr\/saintdieinfo\/2023\/03\/aux-origines-celebrations-printemps\/\",\"url\":\"https:\/\/vosgesinfo.fr\/saintdieinfo\/2023\/03\/aux-origines-celebrations-printemps\/\",\"name\":\"Aux origines des c\u00e9l\u00e9brations du printemps - Saint Die Info\",\"isPartOf\":{\"@id\":\"https:\/\/vosgesinfo.fr\/saintdieinfo\/#website\"},\"primaryImageOfPage\":{\"@id\":\"https:\/\/vosgesinfo.fr\/saintdieinfo\/2023\/03\/aux-origines-celebrations-printemps\/#primaryimage\"},\"image\":{\"@id\":\"https:\/\/vosgesinfo.fr\/saintdieinfo\/2023\/03\/aux-origines-celebrations-printemps\/#primaryimage\"},\"thumbnailUrl\":\"https:\/\/vosgesinfo.fr\/app\/uploads\/sites\/4\/2024\/08\/202303lapin-paques.jpg\",\"datePublished\":\"2023-03-20T08:42:27+00:00\",\"dateModified\":\"2023-03-20T08:42:27+00:00\",\"breadcrumb\":{\"@id\":\"https:\/\/vosgesinfo.fr\/saintdieinfo\/2023\/03\/aux-origines-celebrations-printemps\/#breadcrumb\"},\"inLanguage\":\"fr-FR\",\"potentialAction\":[{\"@type\":\"ReadAction\",\"target\":[\"https:\/\/vosgesinfo.fr\/saintdieinfo\/2023\/03\/aux-origines-celebrations-printemps\/\"]}]},{\"@type\":\"ImageObject\",\"inLanguage\":\"fr-FR\",\"@id\":\"https:\/\/vosgesinfo.fr\/saintdieinfo\/2023\/03\/aux-origines-celebrations-printemps\/#primaryimage\",\"url\":\"https:\/\/vosgesinfo.fr\/app\/uploads\/sites\/4\/2024\/08\/202303lapin-paques.jpg\",\"contentUrl\":\"https:\/\/vosgesinfo.fr\/app\/uploads\/sites\/4\/2024\/08\/202303lapin-paques.jpg\",\"width\":1920,\"height\":1440},{\"@type\":\"BreadcrumbList\",\"@id\":\"https:\/\/vosgesinfo.fr\/saintdieinfo\/2023\/03\/aux-origines-celebrations-printemps\/#breadcrumb\",\"itemListElement\":[{\"@type\":\"ListItem\",\"position\":1,\"name\":\"Home\",\"item\":\"https:\/\/vosgesinfo.fr\/saintdieinfo\/\"},{\"@type\":\"ListItem\",\"position\":2,\"name\":\"Aux origines des c\u00e9l\u00e9brations du printemps\"}]},{\"@type\":\"WebSite\",\"@id\":\"https:\/\/vosgesinfo.fr\/saintdieinfo\/#website\",\"url\":\"https:\/\/vosgesinfo.fr\/saintdieinfo\/\",\"name\":\"Saint Die Info\",\"description\":\"Toute l&#039;actualit\u00e9 de Saint-Di\u00e9-Des-Vosges\",\"publisher\":{\"@id\":\"https:\/\/vosgesinfo.fr\/saintdieinfo\/#organization\"},\"alternateName\":\"Toute l'actualit\u00e9 de Saint-Di\u00e9-Des-Vosges\",\"potentialAction\":[{\"@type\":\"SearchAction\",\"target\":{\"@type\":\"EntryPoint\",\"urlTemplate\":\"https:\/\/vosgesinfo.fr\/saintdieinfo\/?s={search_term_string}\"},\"query-input\":\"required name=search_term_string\"}],\"inLanguage\":\"fr-FR\"},{\"@type\":\"Organization\",\"@id\":\"https:\/\/vosgesinfo.fr\/saintdieinfo\/#organization\",\"name\":\"Saint Die Info\",\"url\":\"https:\/\/vosgesinfo.fr\/saintdieinfo\/\",\"logo\":{\"@type\":\"ImageObject\",\"inLanguage\":\"fr-FR\",\"@id\":\"https:\/\/vosgesinfo.fr\/saintdieinfo\/#\/schema\/logo\/image\/\",\"url\":\"https:\/\/vosgesinfo.fr\/app\/uploads\/sites\/4\/2024\/02\/logo-sdi.jpg\",\"contentUrl\":\"https:\/\/vosgesinfo.fr\/app\/uploads\/sites\/4\/2024\/02\/logo-sdi.jpg\",\"width\":600,\"height\":600,\"caption\":\"Saint Die Info\"},\"image\":{\"@id\":\"https:\/\/vosgesinfo.fr\/saintdieinfo\/#\/schema\/logo\/image\/\"},\"sameAs\":[\"https:\/\/www.facebook.com\/Saintdieinfofr\",\"https:\/\/x.com\/VosgesInfo88\",\"https:\/\/www.youtube.com\/@vosgesinfo\"]},{\"@type\":\"Person\",\"@id\":\"https:\/\/vosgesinfo.fr\/saintdieinfo\/#\/schema\/person\/faee6704a21f3977511db84bd1cd450f\",\"name\":\"la r\u00e9daction\",\"image\":{\"@type\":\"ImageObject\",\"inLanguage\":\"fr-FR\",\"@id\":\"https:\/\/vosgesinfo.fr\/saintdieinfo\/#\/schema\/person\/image\/\",\"url\":\"https:\/\/secure.gravatar.com\/avatar\/6673d8bc6a9c17fa9a453eaa3448de834fa308c2ec9635b7aa99441a7c8d2cf6?s=96&d=mm&r=g\",\"contentUrl\":\"https:\/\/secure.gravatar.com\/avatar\/6673d8bc6a9c17fa9a453eaa3448de834fa308c2ec9635b7aa99441a7c8d2cf6?s=96&d=mm&r=g\",\"caption\":\"la r\u00e9daction\"},\"url\":\"https:\/\/vosgesinfo.fr\/saintdieinfo\/author\/redac\/\"}]}<\/script>\n<!-- \/ Yoast SEO plugin. -->","yoast_head_json":{"title":"Aux origines des c\u00e9l\u00e9brations du printemps - Saint Die Info","robots":{"index":"index","follow":"follow","max-snippet":"max-snippet:-1","max-image-preview":"max-image-preview:large","max-video-preview":"max-video-preview:-1"},"canonical":"https:\/\/vosgesinfo.fr\/saintdieinfo\/2023\/03\/aux-origines-celebrations-printemps\/","twitter_card":"summary_large_image","twitter_title":"Aux origines des c\u00e9l\u00e9brations du printemps - Saint Die Info","twitter_description":"L&rsquo;hiver est termin\u00e9\u00a0! Car ce lundi 20 mars marque le premier jour du printemps 2023. Si aujourd&rsquo;hui le d\u00e9but de [&hellip;]","twitter_image":"https:\/\/vosgesinfo.fr\/app\/uploads\/sites\/4\/2024\/08\/202303lapin-paques.jpg","twitter_creator":"@VosgesInfo88","twitter_site":"@VosgesInfo88","twitter_misc":{"\u00c9crit par":"la r\u00e9daction","Dur\u00e9e de lecture estim\u00e9e":"3 minutes"},"schema":{"@context":"https:\/\/schema.org","@graph":[{"@type":"Article","@id":"https:\/\/vosgesinfo.fr\/saintdieinfo\/2023\/03\/aux-origines-celebrations-printemps\/#article","isPartOf":{"@id":"https:\/\/vosgesinfo.fr\/saintdieinfo\/2023\/03\/aux-origines-celebrations-printemps\/"},"author":{"name":"la r\u00e9daction","@id":"https:\/\/vosgesinfo.fr\/saintdieinfo\/#\/schema\/person\/faee6704a21f3977511db84bd1cd450f"},"headline":"Aux origines des c\u00e9l\u00e9brations du printemps","datePublished":"2023-03-20T08:42:27+00:00","dateModified":"2023-03-20T08:42:27+00:00","mainEntityOfPage":{"@id":"https:\/\/vosgesinfo.fr\/saintdieinfo\/2023\/03\/aux-origines-celebrations-printemps\/"},"wordCount":665,"commentCount":0,"publisher":{"@id":"https:\/\/vosgesinfo.fr\/saintdieinfo\/#organization"},"image":{"@id":"https:\/\/vosgesinfo.fr\/saintdieinfo\/2023\/03\/aux-origines-celebrations-printemps\/#primaryimage"},"thumbnailUrl":"https:\/\/vosgesinfo.fr\/app\/uploads\/sites\/4\/2024\/08\/202303lapin-paques.jpg","keywords":["Association BERIAN","C\u00e9l\u00e9brations du printemps","Jean-Micha\u00ebl Choserot","P\u00e2ques","Printemos 2023"],"articleSection":["A la Une","Vosges"],"inLanguage":"fr-FR","potentialAction":[{"@type":"CommentAction","name":"Comment","target":["https:\/\/vosgesinfo.fr\/saintdieinfo\/2023\/03\/aux-origines-celebrations-printemps\/#respond"]}]},{"@type":"WebPage","@id":"https:\/\/vosgesinfo.fr\/saintdieinfo\/2023\/03\/aux-origines-celebrations-printemps\/","url":"https:\/\/vosgesinfo.fr\/saintdieinfo\/2023\/03\/aux-origines-celebrations-printemps\/","name":"Aux origines des c\u00e9l\u00e9brations du printemps - Saint Die Info","isPartOf":{"@id":"https:\/\/vosgesinfo.fr\/saintdieinfo\/#website"},"primaryImageOfPage":{"@id":"https:\/\/vosgesinfo.fr\/saintdieinfo\/2023\/03\/aux-origines-celebrations-printemps\/#primaryimage"},"image":{"@id":"https:\/\/vosgesinfo.fr\/saintdieinfo\/2023\/03\/aux-origines-celebrations-printemps\/#primaryimage"},"thumbnailUrl":"https:\/\/vosgesinfo.fr\/app\/uploads\/sites\/4\/2024\/08\/202303lapin-paques.jpg","datePublished":"2023-03-20T08:42:27+00:00","dateModified":"2023-03-20T08:42:27+00:00","breadcrumb":{"@id":"https:\/\/vosgesinfo.fr\/saintdieinfo\/2023\/03\/aux-origines-celebrations-printemps\/#breadcrumb"},"inLanguage":"fr-FR","potentialAction":[{"@type":"ReadAction","target":["https:\/\/vosgesinfo.fr\/saintdieinfo\/2023\/03\/aux-origines-celebrations-printemps\/"]}]},{"@type":"ImageObject","inLanguage":"fr-FR","@id":"https:\/\/vosgesinfo.fr\/saintdieinfo\/2023\/03\/aux-origines-celebrations-printemps\/#primaryimage","url":"https:\/\/vosgesinfo.fr\/app\/uploads\/sites\/4\/2024\/08\/202303lapin-paques.jpg","contentUrl":"https:\/\/vosgesinfo.fr\/app\/uploads\/sites\/4\/2024\/08\/202303lapin-paques.jpg","width":1920,"height":1440},{"@type":"BreadcrumbList","@id":"https:\/\/vosgesinfo.fr\/saintdieinfo\/2023\/03\/aux-origines-celebrations-printemps\/#breadcrumb","itemListElement":[{"@type":"ListItem","position":1,"name":"Home","item":"https:\/\/vosgesinfo.fr\/saintdieinfo\/"},{"@type":"ListItem","position":2,"name":"Aux origines des c\u00e9l\u00e9brations du printemps"}]},{"@type":"WebSite","@id":"https:\/\/vosgesinfo.fr\/saintdieinfo\/#website","url":"https:\/\/vosgesinfo.fr\/saintdieinfo\/","name":"Saint Die Info","description":"Toute l&#039;actualit\u00e9 de Saint-Di\u00e9-Des-Vosges","publisher":{"@id":"https:\/\/vosgesinfo.fr\/saintdieinfo\/#organization"},"alternateName":"Toute l'actualit\u00e9 de Saint-Di\u00e9-Des-Vosges","potentialAction":[{"@type":"SearchAction","target":{"@type":"EntryPoint","urlTemplate":"https:\/\/vosgesinfo.fr\/saintdieinfo\/?s={search_term_string}"},"query-input":"required name=search_term_string"}],"inLanguage":"fr-FR"},{"@type":"Organization","@id":"https:\/\/vosgesinfo.fr\/saintdieinfo\/#organization","name":"Saint Die Info","url":"https:\/\/vosgesinfo.fr\/saintdieinfo\/","logo":{"@type":"ImageObject","inLanguage":"fr-FR","@id":"https:\/\/vosgesinfo.fr\/saintdieinfo\/#\/schema\/logo\/image\/","url":"https:\/\/vosgesinfo.fr\/app\/uploads\/sites\/4\/2024\/02\/logo-sdi.jpg","contentUrl":"https:\/\/vosgesinfo.fr\/app\/uploads\/sites\/4\/2024\/02\/logo-sdi.jpg","width":600,"height":600,"caption":"Saint Die Info"},"image":{"@id":"https:\/\/vosgesinfo.fr\/saintdieinfo\/#\/schema\/logo\/image\/"},"sameAs":["https:\/\/www.facebook.com\/Saintdieinfofr","https:\/\/x.com\/VosgesInfo88","https:\/\/www.youtube.com\/@vosgesinfo"]},{"@type":"Person","@id":"https:\/\/vosgesinfo.fr\/saintdieinfo\/#\/schema\/person\/faee6704a21f3977511db84bd1cd450f","name":"la r\u00e9daction","image":{"@type":"ImageObject","inLanguage":"fr-FR","@id":"https:\/\/vosgesinfo.fr\/saintdieinfo\/#\/schema\/person\/image\/","url":"https:\/\/secure.gravatar.com\/avatar\/6673d8bc6a9c17fa9a453eaa3448de834fa308c2ec9635b7aa99441a7c8d2cf6?s=96&d=mm&r=g","contentUrl":"https:\/\/secure.gravatar.com\/avatar\/6673d8bc6a9c17fa9a453eaa3448de834fa308c2ec9635b7aa99441a7c8d2cf6?s=96&d=mm&r=g","caption":"la r\u00e9daction"},"url":"https:\/\/vosgesinfo.fr\/saintdieinfo\/author\/redac\/"}]}},"_links":{"self":[{"href":"https:\/\/vosgesinfo.fr\/saintdieinfo\/wp-json\/wp\/v2\/posts\/63290","targetHints":{"allow":["GET"]}}],"collection":[{"href":"https:\/\/vosgesinfo.fr\/saintdieinfo\/wp-json\/wp\/v2\/posts"}],"about":[{"href":"https:\/\/vosgesinfo.fr\/saintdieinfo\/wp-json\/wp\/v2\/types\/post"}],"author":[{"embeddable":true,"href":"https:\/\/vosgesinfo.fr\/saintdieinfo\/wp-json\/wp\/v2\/users\/44"}],"replies":[{"embeddable":true,"href":"https:\/\/vosgesinfo.fr\/saintdieinfo\/wp-json\/wp\/v2\/comments?post=63290"}],"version-history":[{"count":0,"href":"https:\/\/vosgesinfo.fr\/saintdieinfo\/wp-json\/wp\/v2\/posts\/63290\/revisions"}],"wp:featuredmedia":[{"embeddable":true,"href":"https:\/\/vosgesinfo.fr\/saintdieinfo\/wp-json\/wp\/v2\/media\/63291"}],"wp:attachment":[{"href":"https:\/\/vosgesinfo.fr\/saintdieinfo\/wp-json\/wp\/v2\/media?parent=63290"}],"wp:term":[{"taxonomy":"category","embeddable":true,"href":"https:\/\/vosgesinfo.fr\/saintdieinfo\/wp-json\/wp\/v2\/categories?post=63290"},{"taxonomy":"post_tag","embeddable":true,"href":"https:\/\/vosgesinfo.fr\/saintdieinfo\/wp-json\/wp\/v2\/tags?post=63290"}],"curies":[{"name":"wp","href":"https:\/\/api.w.org\/{rel}","templated":true}]}}