{"id":63307,"date":"2023-03-20T11:29:55","date_gmt":"2023-03-20T10:29:55","guid":{"rendered":"https:\/\/vosgesinfo.fr\/saintdieinfo\/2023\/03\/entreprises-vosgiennes-sinteressent-a-leco-conception-grace-a-evodia\/"},"modified":"2023-03-20T11:29:55","modified_gmt":"2023-03-20T10:29:55","slug":"entreprises-vosgiennes-sinteressent-a-leco-conception-grace-a-evodia","status":"publish","type":"post","link":"https:\/\/vosgesinfo.fr\/saintdieinfo\/2023\/03\/entreprises-vosgiennes-sinteressent-a-leco-conception-grace-a-evodia\/","title":{"rendered":"Les entreprises vosgiennes s\u2019int\u00e9ressent \u00e0 l\u2019\u00e9co-conception gr\u00e2ce \u00e0 \u00c9vodia"},"content":{"rendered":"<h2><a href=\"\/2023\/03\/maison-economie-circulaire-evodia-1.jpg\" target=\"_blank\" rel=\"noopener\"><img decoding=\"async\" class=\"aligncenter wp-image-198654 size-full\" src=\"\/2023\/03\/maison-economie-circulaire-evodia-1.jpg\" alt=\"maison-economie-circulaire-evodia-1\" width=\"800\" height=\"600\" \/><\/a><\/h2>\n<h2><strong><span style=\"font-size: 14pt;\">\u00c9vodia organise, dans le cadre du club industrie CCI Vosges, une conf\u00e9rence sur le th\u00e8me de l\u2019\u00e9co-conception, le jeudi 30 mars de 18h30 \u00e0 20h \u00e0 la Maison de l\u2019\u00c9conomie Circulaire \u00e0 Chavelot. Des entreprises engag\u00e9es sur la th\u00e9matique seront pr\u00e9sentes afin d\u2019expliquer leur d\u00e9marche durable \u00e0 un public compos\u00e9 de professionnels. En amont de ce temps d\u2019\u00e9change, \u00c9vodia proposera aux participants une visite technique du Centre de Recyclage de la Maix.<\/span><\/strong><\/h2>\n<p><!--more--><\/p>\n<h3>Un partage d\u2019exp\u00e9rience entre acteurs engag\u00e9s<\/h3>\n<p>Cette conf\u00e9rence a pour objectif d\u2019introduire le th\u00e8me de l\u2019\u00e9co-conception aupr\u00e8s d\u2019un public de professionnels et de leur donner les cl\u00e9s pour mettre en place cette d\u00e9marche. Diff\u00e9rents acteurs r\u00e9gionaux de l\u2019\u00e9co-conception tels que \u00c9lodie GENESTE, Directrice de la Communication et de la Pr\u00e9vention chez \u00c9VODIA, Christelle RICHY, Conseill\u00e8re\u00c9conomie Circulaire chez CCI GRAND EST, Jean-Fran\u00e7ois MONCE, D\u00e9l\u00e9gu\u00e9 R\u00e9gional Grand Est chez VALORPLAST, Willy SIMONIS, Directeur chez CITRAVAL,Cyril HENTZ,Responsable des op\u00e9rations Direction Estchez CITEO, Julien BOCQUENET, Pr\u00e9sident chez COQLIet Stanislas DAUBIGNY, Ergonome et Dirigeant chez OPTIMEOseront pr\u00e9sents pour aborder diff\u00e9rents aspects de l\u2019\u00e9co-conception:<\/p>\n<p>\u2022L\u2019\u00e9co-conception, c\u2019est quoi ?<\/p>\n<p>\u2022Quel est le contexte r\u00e9glementaire?<\/p>\n<p>\u2022Quel est l\u2019impact sur les d\u00e9chets?<\/p>\n<p>\u2022Quels sont les aides et accompagnement aux entreprises<\/p>\n<p>\u2022T\u00e9moignages d\u2019entreprises<\/p>\n<h3>L\u2019\u00e9co-conception, levier de la sobri\u00e9t\u00e9 \u00e9conomique et \u00e9cologique et pilier de l\u2019\u00e9conomie circulaire<\/h3>\n<p>L\u2019objectif premier d\u2019une d\u00e9marche d\u2019\u00e9co-conception est de r\u00e9duire l\u2019impact environnemental d\u2019un produit ou d\u2019un service sur l\u2019ensemble de son cycle de vie, on souhaite faire mieux avec moins mais tout en conservant les qualit\u00e9s et performances d\u2019un produit.<\/p>\n<p>Cela implique notamment de d\u00e9velopper des produits en prenant en compte les enjeux \u00e9cologiques et \u00e9conomiques, cr\u00e9er des variantes optimis\u00e9es et analyser les cycles de vie pour les int\u00e9grer au mieux dans l\u2019\u00e9conomie circulaire. L\u2019\u00e9co-conception et l\u2019\u00e9conomie circulaire vont donc de pair.<\/p>\n<p>En effet, selon l\u2019Agence de l\u2019environnement et de la ma\u00eetrise de l\u2019\u00e9nergie, l\u2019\u00e9conomie circulaire est un syst\u00e8me \u00e9conomique d\u2019\u00e9change et de production qui, \u00e0 tous les stades du cycle de vie des produits (biens et services), vise \u00e0 augmenter l\u2019efficacit\u00e9 de l\u2019utilisation des ressources et \u00e0 diminuer l\u2019impact sur l\u2019environnement tout en permettant le bien-\u00eatre des individus.<\/p>\n<p>L\u2019\u00e9co-conception est donc l\u2019un des outils \u00e0 disposition des acteurs \u00e9conomiques pour passer d\u2019une \u00e9conomie dite lin\u00e9aire \u00e0 une \u00e9conomie circulaire.Enfin, en plus d\u2019\u00eatre un levier pour la sobri\u00e9t\u00e9 \u00e9cologique, l\u2019\u00e9co-conception peut \u00e9galement \u00eatre un outil financier b\u00e9n\u00e9fique aux entreprises car elle r\u00e9pond \u00e0 des enjeux \u00e9conomiques tels qu\u2019une hausse de la comp\u00e9titivit\u00e9 et de la satisfaction client mais \u00e9galement permettre une augmentation du chiffre d\u2019affaires et des parts de march\u00e9.<\/p>\n<p>\u00c9vodia est d\u2019ailleurs un acteur majeur de l\u2019\u00e9conomie circulaire, il a la volont\u00e9 de f\u00e9d\u00e9rer les acteurs du recyclage pour qu\u2019une synergie collective et territoriale se d\u00e9ploie.Gr\u00e2ce \u00e0 tout le maillage territorial industriel, 81% des nouveaux emballages plastiques sont recycl\u00e9s dans un rayon de moins de 500 kilom\u00e8tresd\u2019\u00c9pinal et la gestion des d\u00e9chets repr\u00e9sente plus de 2500 emplois dans le d\u00e9partement.<\/p>\n","protected":false},"excerpt":{"rendered":"<p>\u00c9vodia organise, dans le cadre du club industrie CCI Vosges, une conf\u00e9rence sur le th\u00e8me de l\u2019\u00e9co-conception, le jeudi 30 [&hellip;]<\/p>\n","protected":false},"author":44,"featured_media":63308,"comment_status":"open","ping_status":"open","sticky":false,"template":"","format":"standard","meta":{"footnotes":""},"categories":[460,18],"tags":[485,5747,1325,14040],"class_list":["post-63307","post","type-post","status-publish","format-standard","has-post-thumbnail","hentry","category-a-la-une","category-vosges","tag-chavelot","tag-eco-conception","tag-evodia","tag-maison-de-leconomie-circulaire-a-chavelot"],"acf":[],"yoast_head":"<!-- This site is optimized with the Yoast SEO plugin v22.5 - https:\/\/yoast.com\/wordpress\/plugins\/seo\/ -->\n<title>Les entreprises vosgiennes s\u2019int\u00e9ressent \u00e0 l\u2019\u00e9co-conception gr\u00e2ce \u00e0 \u00c9vodia - Saint Die Info<\/title>\n<meta name=\"robots\" content=\"index, follow, max-snippet:-1, max-image-preview:large, max-video-preview:-1\" \/>\n<link rel=\"canonical\" href=\"https:\/\/vosgesinfo.fr\/saintdieinfo\/2023\/03\/entreprises-vosgiennes-sinteressent-a-leco-conception-grace-a-evodia\/\" \/>\n<meta name=\"twitter:card\" content=\"summary_large_image\" \/>\n<meta name=\"twitter:title\" content=\"Les entreprises vosgiennes s\u2019int\u00e9ressent \u00e0 l\u2019\u00e9co-conception gr\u00e2ce \u00e0 \u00c9vodia - Saint Die Info\" \/>\n<meta name=\"twitter:description\" content=\"\u00c9vodia organise, dans le cadre du club industrie CCI Vosges, une conf\u00e9rence sur le th\u00e8me de l\u2019\u00e9co-conception, le jeudi 30 [&hellip;]\" \/>\n<meta name=\"twitter:image\" content=\"https:\/\/vosgesinfo.fr\/app\/uploads\/sites\/4\/2024\/08\/202303maison-economie-circulaire-evodia-1.jpg\" \/>\n<meta name=\"twitter:creator\" content=\"@VosgesInfo88\" \/>\n<meta name=\"twitter:site\" content=\"@VosgesInfo88\" \/>\n<meta name=\"twitter:label1\" content=\"\u00c9crit par\" \/>\n\t<meta name=\"twitter:data1\" content=\"la r\u00e9daction\" \/>\n\t<meta name=\"twitter:label2\" content=\"Dur\u00e9e de lecture estim\u00e9e\" \/>\n\t<meta name=\"twitter:data2\" content=\"3 minutes\" \/>\n<script type=\"application\/ld+json\" class=\"yoast-schema-graph\">{\"@context\":\"https:\/\/schema.org\",\"@graph\":[{\"@type\":\"Article\",\"@id\":\"https:\/\/vosgesinfo.fr\/saintdieinfo\/2023\/03\/entreprises-vosgiennes-sinteressent-a-leco-conception-grace-a-evodia\/#article\",\"isPartOf\":{\"@id\":\"https:\/\/vosgesinfo.fr\/saintdieinfo\/2023\/03\/entreprises-vosgiennes-sinteressent-a-leco-conception-grace-a-evodia\/\"},\"author\":{\"name\":\"la r\u00e9daction\",\"@id\":\"https:\/\/vosgesinfo.fr\/saintdieinfo\/#\/schema\/person\/faee6704a21f3977511db84bd1cd450f\"},\"headline\":\"Les entreprises vosgiennes s\u2019int\u00e9ressent \u00e0 l\u2019\u00e9co-conception gr\u00e2ce \u00e0 \u00c9vodia\",\"datePublished\":\"2023-03-20T10:29:55+00:00\",\"dateModified\":\"2023-03-20T10:29:55+00:00\",\"mainEntityOfPage\":{\"@id\":\"https:\/\/vosgesinfo.fr\/saintdieinfo\/2023\/03\/entreprises-vosgiennes-sinteressent-a-leco-conception-grace-a-evodia\/\"},\"wordCount\":578,\"commentCount\":0,\"publisher\":{\"@id\":\"https:\/\/vosgesinfo.fr\/saintdieinfo\/#organization\"},\"image\":{\"@id\":\"https:\/\/vosgesinfo.fr\/saintdieinfo\/2023\/03\/entreprises-vosgiennes-sinteressent-a-leco-conception-grace-a-evodia\/#primaryimage\"},\"thumbnailUrl\":\"https:\/\/vosgesinfo.fr\/app\/uploads\/sites\/4\/2024\/08\/202303maison-economie-circulaire-evodia-1.jpg\",\"keywords\":[\"Chavelot\",\"Eco-conception\",\"Evodia\",\"Maison de l\u2019\u00c9conomie Circulaire \u00e0 Chavelot\"],\"articleSection\":[\"A la Une\",\"Vosges\"],\"inLanguage\":\"fr-FR\",\"potentialAction\":[{\"@type\":\"CommentAction\",\"name\":\"Comment\",\"target\":[\"https:\/\/vosgesinfo.fr\/saintdieinfo\/2023\/03\/entreprises-vosgiennes-sinteressent-a-leco-conception-grace-a-evodia\/#respond\"]}]},{\"@type\":\"WebPage\",\"@id\":\"https:\/\/vosgesinfo.fr\/saintdieinfo\/2023\/03\/entreprises-vosgiennes-sinteressent-a-leco-conception-grace-a-evodia\/\",\"url\":\"https:\/\/vosgesinfo.fr\/saintdieinfo\/2023\/03\/entreprises-vosgiennes-sinteressent-a-leco-conception-grace-a-evodia\/\",\"name\":\"Les entreprises vosgiennes s\u2019int\u00e9ressent \u00e0 l\u2019\u00e9co-conception gr\u00e2ce \u00e0 \u00c9vodia - Saint Die Info\",\"isPartOf\":{\"@id\":\"https:\/\/vosgesinfo.fr\/saintdieinfo\/#website\"},\"primaryImageOfPage\":{\"@id\":\"https:\/\/vosgesinfo.fr\/saintdieinfo\/2023\/03\/entreprises-vosgiennes-sinteressent-a-leco-conception-grace-a-evodia\/#primaryimage\"},\"image\":{\"@id\":\"https:\/\/vosgesinfo.fr\/saintdieinfo\/2023\/03\/entreprises-vosgiennes-sinteressent-a-leco-conception-grace-a-evodia\/#primaryimage\"},\"thumbnailUrl\":\"https:\/\/vosgesinfo.fr\/app\/uploads\/sites\/4\/2024\/08\/202303maison-economie-circulaire-evodia-1.jpg\",\"datePublished\":\"2023-03-20T10:29:55+00:00\",\"dateModified\":\"2023-03-20T10:29:55+00:00\",\"breadcrumb\":{\"@id\":\"https:\/\/vosgesinfo.fr\/saintdieinfo\/2023\/03\/entreprises-vosgiennes-sinteressent-a-leco-conception-grace-a-evodia\/#breadcrumb\"},\"inLanguage\":\"fr-FR\",\"potentialAction\":[{\"@type\":\"ReadAction\",\"target\":[\"https:\/\/vosgesinfo.fr\/saintdieinfo\/2023\/03\/entreprises-vosgiennes-sinteressent-a-leco-conception-grace-a-evodia\/\"]}]},{\"@type\":\"ImageObject\",\"inLanguage\":\"fr-FR\",\"@id\":\"https:\/\/vosgesinfo.fr\/saintdieinfo\/2023\/03\/entreprises-vosgiennes-sinteressent-a-leco-conception-grace-a-evodia\/#primaryimage\",\"url\":\"https:\/\/vosgesinfo.fr\/app\/uploads\/sites\/4\/2024\/08\/202303maison-economie-circulaire-evodia-1.jpg\",\"contentUrl\":\"https:\/\/vosgesinfo.fr\/app\/uploads\/sites\/4\/2024\/08\/202303maison-economie-circulaire-evodia-1.jpg\",\"width\":800,\"height\":600},{\"@type\":\"BreadcrumbList\",\"@id\":\"https:\/\/vosgesinfo.fr\/saintdieinfo\/2023\/03\/entreprises-vosgiennes-sinteressent-a-leco-conception-grace-a-evodia\/#breadcrumb\",\"itemListElement\":[{\"@type\":\"ListItem\",\"position\":1,\"name\":\"Home\",\"item\":\"https:\/\/vosgesinfo.fr\/saintdieinfo\/\"},{\"@type\":\"ListItem\",\"position\":2,\"name\":\"Les entreprises vosgiennes s\u2019int\u00e9ressent \u00e0 l\u2019\u00e9co-conception gr\u00e2ce \u00e0 \u00c9vodia\"}]},{\"@type\":\"WebSite\",\"@id\":\"https:\/\/vosgesinfo.fr\/saintdieinfo\/#website\",\"url\":\"https:\/\/vosgesinfo.fr\/saintdieinfo\/\",\"name\":\"Saint Die Info\",\"description\":\"Toute l&#039;actualit\u00e9 de Saint-Di\u00e9-Des-Vosges\",\"publisher\":{\"@id\":\"https:\/\/vosgesinfo.fr\/saintdieinfo\/#organization\"},\"alternateName\":\"Toute l'actualit\u00e9 de Saint-Di\u00e9-Des-Vosges\",\"potentialAction\":[{\"@type\":\"SearchAction\",\"target\":{\"@type\":\"EntryPoint\",\"urlTemplate\":\"https:\/\/vosgesinfo.fr\/saintdieinfo\/?s={search_term_string}\"},\"query-input\":\"required name=search_term_string\"}],\"inLanguage\":\"fr-FR\"},{\"@type\":\"Organization\",\"@id\":\"https:\/\/vosgesinfo.fr\/saintdieinfo\/#organization\",\"name\":\"Saint Die Info\",\"url\":\"https:\/\/vosgesinfo.fr\/saintdieinfo\/\",\"logo\":{\"@type\":\"ImageObject\",\"inLanguage\":\"fr-FR\",\"@id\":\"https:\/\/vosgesinfo.fr\/saintdieinfo\/#\/schema\/logo\/image\/\",\"url\":\"https:\/\/vosgesinfo.fr\/app\/uploads\/sites\/4\/2024\/02\/logo-sdi.jpg\",\"contentUrl\":\"https:\/\/vosgesinfo.fr\/app\/uploads\/sites\/4\/2024\/02\/logo-sdi.jpg\",\"width\":600,\"height\":600,\"caption\":\"Saint Die Info\"},\"image\":{\"@id\":\"https:\/\/vosgesinfo.fr\/saintdieinfo\/#\/schema\/logo\/image\/\"},\"sameAs\":[\"https:\/\/www.facebook.com\/Saintdieinfofr\",\"https:\/\/x.com\/VosgesInfo88\",\"https:\/\/www.youtube.com\/@vosgesinfo\"]},{\"@type\":\"Person\",\"@id\":\"https:\/\/vosgesinfo.fr\/saintdieinfo\/#\/schema\/person\/faee6704a21f3977511db84bd1cd450f\",\"name\":\"la r\u00e9daction\",\"image\":{\"@type\":\"ImageObject\",\"inLanguage\":\"fr-FR\",\"@id\":\"https:\/\/vosgesinfo.fr\/saintdieinfo\/#\/schema\/person\/image\/\",\"url\":\"https:\/\/secure.gravatar.com\/avatar\/6673d8bc6a9c17fa9a453eaa3448de834fa308c2ec9635b7aa99441a7c8d2cf6?s=96&d=mm&r=g\",\"contentUrl\":\"https:\/\/secure.gravatar.com\/avatar\/6673d8bc6a9c17fa9a453eaa3448de834fa308c2ec9635b7aa99441a7c8d2cf6?s=96&d=mm&r=g\",\"caption\":\"la r\u00e9daction\"},\"url\":\"https:\/\/vosgesinfo.fr\/saintdieinfo\/author\/redac\/\"}]}<\/script>\n<!-- \/ Yoast SEO plugin. -->","yoast_head_json":{"title":"Les entreprises vosgiennes s\u2019int\u00e9ressent \u00e0 l\u2019\u00e9co-conception gr\u00e2ce \u00e0 \u00c9vodia - Saint Die Info","robots":{"index":"index","follow":"follow","max-snippet":"max-snippet:-1","max-image-preview":"max-image-preview:large","max-video-preview":"max-video-preview:-1"},"canonical":"https:\/\/vosgesinfo.fr\/saintdieinfo\/2023\/03\/entreprises-vosgiennes-sinteressent-a-leco-conception-grace-a-evodia\/","twitter_card":"summary_large_image","twitter_title":"Les entreprises vosgiennes s\u2019int\u00e9ressent \u00e0 l\u2019\u00e9co-conception gr\u00e2ce \u00e0 \u00c9vodia - Saint Die Info","twitter_description":"\u00c9vodia organise, dans le cadre du club industrie CCI Vosges, une conf\u00e9rence sur le th\u00e8me de l\u2019\u00e9co-conception, le jeudi 30 [&hellip;]","twitter_image":"https:\/\/vosgesinfo.fr\/app\/uploads\/sites\/4\/2024\/08\/202303maison-economie-circulaire-evodia-1.jpg","twitter_creator":"@VosgesInfo88","twitter_site":"@VosgesInfo88","twitter_misc":{"\u00c9crit par":"la r\u00e9daction","Dur\u00e9e de lecture estim\u00e9e":"3 minutes"},"schema":{"@context":"https:\/\/schema.org","@graph":[{"@type":"Article","@id":"https:\/\/vosgesinfo.fr\/saintdieinfo\/2023\/03\/entreprises-vosgiennes-sinteressent-a-leco-conception-grace-a-evodia\/#article","isPartOf":{"@id":"https:\/\/vosgesinfo.fr\/saintdieinfo\/2023\/03\/entreprises-vosgiennes-sinteressent-a-leco-conception-grace-a-evodia\/"},"author":{"name":"la r\u00e9daction","@id":"https:\/\/vosgesinfo.fr\/saintdieinfo\/#\/schema\/person\/faee6704a21f3977511db84bd1cd450f"},"headline":"Les entreprises vosgiennes s\u2019int\u00e9ressent \u00e0 l\u2019\u00e9co-conception gr\u00e2ce \u00e0 \u00c9vodia","datePublished":"2023-03-20T10:29:55+00:00","dateModified":"2023-03-20T10:29:55+00:00","mainEntityOfPage":{"@id":"https:\/\/vosgesinfo.fr\/saintdieinfo\/2023\/03\/entreprises-vosgiennes-sinteressent-a-leco-conception-grace-a-evodia\/"},"wordCount":578,"commentCount":0,"publisher":{"@id":"https:\/\/vosgesinfo.fr\/saintdieinfo\/#organization"},"image":{"@id":"https:\/\/vosgesinfo.fr\/saintdieinfo\/2023\/03\/entreprises-vosgiennes-sinteressent-a-leco-conception-grace-a-evodia\/#primaryimage"},"thumbnailUrl":"https:\/\/vosgesinfo.fr\/app\/uploads\/sites\/4\/2024\/08\/202303maison-economie-circulaire-evodia-1.jpg","keywords":["Chavelot","Eco-conception","Evodia","Maison de l\u2019\u00c9conomie Circulaire \u00e0 Chavelot"],"articleSection":["A la Une","Vosges"],"inLanguage":"fr-FR","potentialAction":[{"@type":"CommentAction","name":"Comment","target":["https:\/\/vosgesinfo.fr\/saintdieinfo\/2023\/03\/entreprises-vosgiennes-sinteressent-a-leco-conception-grace-a-evodia\/#respond"]}]},{"@type":"WebPage","@id":"https:\/\/vosgesinfo.fr\/saintdieinfo\/2023\/03\/entreprises-vosgiennes-sinteressent-a-leco-conception-grace-a-evodia\/","url":"https:\/\/vosgesinfo.fr\/saintdieinfo\/2023\/03\/entreprises-vosgiennes-sinteressent-a-leco-conception-grace-a-evodia\/","name":"Les entreprises vosgiennes s\u2019int\u00e9ressent \u00e0 l\u2019\u00e9co-conception gr\u00e2ce \u00e0 \u00c9vodia - Saint Die Info","isPartOf":{"@id":"https:\/\/vosgesinfo.fr\/saintdieinfo\/#website"},"primaryImageOfPage":{"@id":"https:\/\/vosgesinfo.fr\/saintdieinfo\/2023\/03\/entreprises-vosgiennes-sinteressent-a-leco-conception-grace-a-evodia\/#primaryimage"},"image":{"@id":"https:\/\/vosgesinfo.fr\/saintdieinfo\/2023\/03\/entreprises-vosgiennes-sinteressent-a-leco-conception-grace-a-evodia\/#primaryimage"},"thumbnailUrl":"https:\/\/vosgesinfo.fr\/app\/uploads\/sites\/4\/2024\/08\/202303maison-economie-circulaire-evodia-1.jpg","datePublished":"2023-03-20T10:29:55+00:00","dateModified":"2023-03-20T10:29:55+00:00","breadcrumb":{"@id":"https:\/\/vosgesinfo.fr\/saintdieinfo\/2023\/03\/entreprises-vosgiennes-sinteressent-a-leco-conception-grace-a-evodia\/#breadcrumb"},"inLanguage":"fr-FR","potentialAction":[{"@type":"ReadAction","target":["https:\/\/vosgesinfo.fr\/saintdieinfo\/2023\/03\/entreprises-vosgiennes-sinteressent-a-leco-conception-grace-a-evodia\/"]}]},{"@type":"ImageObject","inLanguage":"fr-FR","@id":"https:\/\/vosgesinfo.fr\/saintdieinfo\/2023\/03\/entreprises-vosgiennes-sinteressent-a-leco-conception-grace-a-evodia\/#primaryimage","url":"https:\/\/vosgesinfo.fr\/app\/uploads\/sites\/4\/2024\/08\/202303maison-economie-circulaire-evodia-1.jpg","contentUrl":"https:\/\/vosgesinfo.fr\/app\/uploads\/sites\/4\/2024\/08\/202303maison-economie-circulaire-evodia-1.jpg","width":800,"height":600},{"@type":"BreadcrumbList","@id":"https:\/\/vosgesinfo.fr\/saintdieinfo\/2023\/03\/entreprises-vosgiennes-sinteressent-a-leco-conception-grace-a-evodia\/#breadcrumb","itemListElement":[{"@type":"ListItem","position":1,"name":"Home","item":"https:\/\/vosgesinfo.fr\/saintdieinfo\/"},{"@type":"ListItem","position":2,"name":"Les entreprises vosgiennes s\u2019int\u00e9ressent \u00e0 l\u2019\u00e9co-conception gr\u00e2ce \u00e0 \u00c9vodia"}]},{"@type":"WebSite","@id":"https:\/\/vosgesinfo.fr\/saintdieinfo\/#website","url":"https:\/\/vosgesinfo.fr\/saintdieinfo\/","name":"Saint Die Info","description":"Toute l&#039;actualit\u00e9 de Saint-Di\u00e9-Des-Vosges","publisher":{"@id":"https:\/\/vosgesinfo.fr\/saintdieinfo\/#organization"},"alternateName":"Toute l'actualit\u00e9 de Saint-Di\u00e9-Des-Vosges","potentialAction":[{"@type":"SearchAction","target":{"@type":"EntryPoint","urlTemplate":"https:\/\/vosgesinfo.fr\/saintdieinfo\/?s={search_term_string}"},"query-input":"required name=search_term_string"}],"inLanguage":"fr-FR"},{"@type":"Organization","@id":"https:\/\/vosgesinfo.fr\/saintdieinfo\/#organization","name":"Saint Die Info","url":"https:\/\/vosgesinfo.fr\/saintdieinfo\/","logo":{"@type":"ImageObject","inLanguage":"fr-FR","@id":"https:\/\/vosgesinfo.fr\/saintdieinfo\/#\/schema\/logo\/image\/","url":"https:\/\/vosgesinfo.fr\/app\/uploads\/sites\/4\/2024\/02\/logo-sdi.jpg","contentUrl":"https:\/\/vosgesinfo.fr\/app\/uploads\/sites\/4\/2024\/02\/logo-sdi.jpg","width":600,"height":600,"caption":"Saint Die Info"},"image":{"@id":"https:\/\/vosgesinfo.fr\/saintdieinfo\/#\/schema\/logo\/image\/"},"sameAs":["https:\/\/www.facebook.com\/Saintdieinfofr","https:\/\/x.com\/VosgesInfo88","https:\/\/www.youtube.com\/@vosgesinfo"]},{"@type":"Person","@id":"https:\/\/vosgesinfo.fr\/saintdieinfo\/#\/schema\/person\/faee6704a21f3977511db84bd1cd450f","name":"la r\u00e9daction","image":{"@type":"ImageObject","inLanguage":"fr-FR","@id":"https:\/\/vosgesinfo.fr\/saintdieinfo\/#\/schema\/person\/image\/","url":"https:\/\/secure.gravatar.com\/avatar\/6673d8bc6a9c17fa9a453eaa3448de834fa308c2ec9635b7aa99441a7c8d2cf6?s=96&d=mm&r=g","contentUrl":"https:\/\/secure.gravatar.com\/avatar\/6673d8bc6a9c17fa9a453eaa3448de834fa308c2ec9635b7aa99441a7c8d2cf6?s=96&d=mm&r=g","caption":"la r\u00e9daction"},"url":"https:\/\/vosgesinfo.fr\/saintdieinfo\/author\/redac\/"}]}},"_links":{"self":[{"href":"https:\/\/vosgesinfo.fr\/saintdieinfo\/wp-json\/wp\/v2\/posts\/63307","targetHints":{"allow":["GET"]}}],"collection":[{"href":"https:\/\/vosgesinfo.fr\/saintdieinfo\/wp-json\/wp\/v2\/posts"}],"about":[{"href":"https:\/\/vosgesinfo.fr\/saintdieinfo\/wp-json\/wp\/v2\/types\/post"}],"author":[{"embeddable":true,"href":"https:\/\/vosgesinfo.fr\/saintdieinfo\/wp-json\/wp\/v2\/users\/44"}],"replies":[{"embeddable":true,"href":"https:\/\/vosgesinfo.fr\/saintdieinfo\/wp-json\/wp\/v2\/comments?post=63307"}],"version-history":[{"count":0,"href":"https:\/\/vosgesinfo.fr\/saintdieinfo\/wp-json\/wp\/v2\/posts\/63307\/revisions"}],"wp:featuredmedia":[{"embeddable":true,"href":"https:\/\/vosgesinfo.fr\/saintdieinfo\/wp-json\/wp\/v2\/media\/63308"}],"wp:attachment":[{"href":"https:\/\/vosgesinfo.fr\/saintdieinfo\/wp-json\/wp\/v2\/media?parent=63307"}],"wp:term":[{"taxonomy":"category","embeddable":true,"href":"https:\/\/vosgesinfo.fr\/saintdieinfo\/wp-json\/wp\/v2\/categories?post=63307"},{"taxonomy":"post_tag","embeddable":true,"href":"https:\/\/vosgesinfo.fr\/saintdieinfo\/wp-json\/wp\/v2\/tags?post=63307"}],"curies":[{"name":"wp","href":"https:\/\/api.w.org\/{rel}","templated":true}]}}