{"id":63319,"date":"2023-03-21T07:47:29","date_gmt":"2023-03-21T06:47:29","guid":{"rendered":"https:\/\/vosgesinfo.fr\/saintdieinfo\/2023\/03\/lamicale-de-saint-die-vosges-retrousse-manches-faire-vivre-don-de-sang\/"},"modified":"2023-03-21T07:47:29","modified_gmt":"2023-03-21T06:47:29","slug":"lamicale-de-saint-die-vosges-retrousse-manches-faire-vivre-don-de-sang","status":"publish","type":"post","link":"https:\/\/vosgesinfo.fr\/saintdieinfo\/2023\/03\/lamicale-de-saint-die-vosges-retrousse-manches-faire-vivre-don-de-sang\/","title":{"rendered":"L&rsquo;amicale de Saint-Di\u00e9-des-Vosges retrousse ses manches pour faire vivre le don de sang"},"content":{"rendered":"<p><a href=\"\/2023\/03\/AG_Donneurs_de_Sang_SDDV-2.jpg\" target=\"_blank\" rel=\"noopener\"><img decoding=\"async\" class=\"wp-image-198676 size-large aligncenter\" src=\"\/2023\/03\/AG_Donneurs_de_Sang_SDDV-2-1024x576.jpg\" alt=\"AG_Donneurs_de_Sang_SDDV (2)\" width=\"960\" height=\"540\" \/><\/a><\/p>\n<h2><strong><span style=\"font-size: 14pt;\">L&rsquo;amicale des donneurs de sang b\u00e9n\u00e9voles de Saint-Di\u00e9-des-Vosges a tenu son assembl\u00e9e g\u00e9n\u00e9rale annuelle vendredi dernier. Non pas dans l&rsquo;une des salles de la cit\u00e9 d\u00e9odatiene, mais du c\u00f4t\u00e9 du s\u00e9minaire de Saulcy-sur-Meurthe.<\/span><\/strong><\/h2>\n<p><!--more--><\/p>\n<p>De ces assises annuelles, on retiendra notamment que apr\u00e8s 13 ans de bons et loyaux services, Chantal Schmoderer a quitt\u00e9 la pr\u00e9sidence de l&rsquo;association. Sylvain Zanetti a \u00e9t\u00e9 \u00e9lu pour lui succ\u00e9der. Pleinement mobilis\u00e9 depuis de nombreuses ann\u00e9es en faveur du don de sang, le nouveau pr\u00e9sident est \u00e9galement pr\u00e9sident r\u00e9gional pour la Lorraine et la Champagne-Ardennes, vice-pr\u00e9sident d\u00e9partemental des Vosges et administrateur f\u00e9d\u00e9ral titulaire au niveau national.<\/p>\n<p>On retiendra aussi que depuis la fermeture des locaux d\u00e9odatiens de l&rsquo;Etablissement Fran\u00e7ais du Sang \u2013 EFS \u2013 le 30 juin 2018, les b\u00e9n\u00e9voles de l&rsquo;amicale ont retrouss\u00e9 leurs manches pour faire vivre le don de sang en D\u00e9odatie. Les inqui\u00e9tudes initiales, et l\u00e9gitimes, lors de la fermeture se sont dissip\u00e9es puisque le nombre de dons est plus \u00e9lev\u00e9 en collectes mobiles. Depuis cette date du 30 juin 2018, une trentaine de collectes annuelles sont ainsi organis\u00e9es par l&rsquo;EFS Grand Est, main dans la main avec l&rsquo;amicale locale. Au total, plus de 3300 donneurs ont effectu\u00e9 12 622 dons&#8230; soit 47 m3 de sang. A noter que certaines de ces collectes se sont tenues dans des \u00e9tablissements scolaires de la ville. \u00ab\u00a0Grand merci \u00e0 chacun d&rsquo;eux et aux donneurs. Merci \u00e9galement aux b\u00e9n\u00e9voles qui s&rsquo;investissent tout au long de l&rsquo;ann\u00e9e pour les collectes dans leurs missions et engagements, mais aussi dans les activit\u00e9s annexes\u00a0\u00bb insiste Sylvain Zanetti.<\/p>\n<p>Pour cette ann\u00e9e 2023 l&rsquo;\u00e9quipe de l&rsquo;amicale a du pain sur la planche, avec l&rsquo;organisation ou la participation \u00e0 une dizaine de manifestations en plus de la trentaine de collectes sang. \u00ab\u00a0Cela nous permettra de nous faire conna\u00eetre, de faire savoir qui nous sommes, de faire de la promotion pour que les donneurs qui ne peuvent plus tendre le bras puissent \u00eatre remplac\u00e9s par ceux et celles qui ne l&rsquo;ont pas encore fait, de rappeler aux donneurs qui ne sont pas venus depuis un certain temps de revenir. Cela nous permettra aussi d&rsquo;augmenter sensiblement nos recettes pour faire face aux d\u00e9penses. Cela rassurera assur\u00e9ment nos tr\u00e9sori\u00e8res\u00a0\u00bb pr\u00e9cise le pr\u00e9sident, qui a lanc\u00e9 un appel aux personnes qui souhaiteraient rejoindre l&rsquo;amicale. Contact via ce formulaire\u00a0: <a href=\"https:\/\/dondusang88.fr\/contact\" target=\"_blank\" rel=\"noopener\">https:\/\/dondusang88.fr\/contact<\/a>.<\/p>\n<p>Dans la conclusion de son rapport moral, Sylvain Zanetti a abord\u00e9 la question des principes du don \u00e9thique. A savoir que le don de sang en France est anonyme et b\u00e9n\u00e9vole, ne pouvant \u00eatre vendu avec profit ni affect\u00e9 \u00e0 un malade pr\u00e9cis. \u00ab\u00a0Ces principes sont la base de notre de notre fonctionnement, pour lesquels nous devons continuer \u00e0 nous battre pour les conserver. B\u00e9n\u00e9volat, anonymat, volontariat et non-profit nous sont toujours envi\u00e9s par beaucoup de pays, ce qui nous permet d&rsquo;avoir un des sangs les plus s\u00fbrs au monde. Je rappelle que 70 pays r\u00e9alisent encore des pr\u00e9l\u00e8vements r\u00e9mun\u00e9r\u00e9s&#8230; Poursuivons ce combat pour que les patients d&rsquo;aujourd&rsquo;hui et de demain re\u00e7oivent les produits sanguins qu&rsquo;ils m\u00e9ritent. Tous ensemble, nous devons inventer le futur plut\u00f4t que de l&rsquo;attendre\u00a0!\u00a0\u00bb<\/p>\n<p>J.J.<\/p>\n\n","protected":false},"excerpt":{"rendered":"<p>L&rsquo;amicale des donneurs de sang b\u00e9n\u00e9voles de Saint-Di\u00e9-des-Vosges a tenu son assembl\u00e9e g\u00e9n\u00e9rale annuelle vendredi dernier. Non pas dans l&rsquo;une [&hellip;]<\/p>\n","protected":false},"author":44,"featured_media":63320,"comment_status":"open","ping_status":"open","sticky":false,"template":"","format":"standard","meta":{"footnotes":""},"categories":[460,2915,29,17],"tags":[3195,676,1243,4520],"class_list":["post-63319","post","type-post","status-publish","format-standard","has-post-thumbnail","hentry","category-a-la-une","category-saint-die-son-canton","category-solidarite","category-vie-associative","tag-amicale-des-donneurs-de-sang-benevoles-de-saint-die-des-vosges","tag-assemblee-generale","tag-don-de-sang","tag-saulcy-sur-meurthe"],"acf":[],"yoast_head":"<!-- This site is optimized with the Yoast SEO plugin v22.5 - https:\/\/yoast.com\/wordpress\/plugins\/seo\/ -->\n<title>L&#039;amicale de Saint-Di\u00e9-des-Vosges retrousse ses manches pour faire vivre le don de sang - Saint Die Info<\/title>\n<meta name=\"robots\" content=\"index, follow, max-snippet:-1, max-image-preview:large, max-video-preview:-1\" \/>\n<link rel=\"canonical\" href=\"https:\/\/vosgesinfo.fr\/saintdieinfo\/2023\/03\/lamicale-de-saint-die-vosges-retrousse-manches-faire-vivre-don-de-sang\/\" \/>\n<meta name=\"twitter:card\" content=\"summary_large_image\" \/>\n<meta name=\"twitter:title\" content=\"L&#039;amicale de Saint-Di\u00e9-des-Vosges retrousse ses manches pour faire vivre le don de sang - Saint Die Info\" \/>\n<meta name=\"twitter:description\" content=\"L&rsquo;amicale des donneurs de sang b\u00e9n\u00e9voles de Saint-Di\u00e9-des-Vosges a tenu son assembl\u00e9e g\u00e9n\u00e9rale annuelle vendredi dernier. Non pas dans l&rsquo;une [&hellip;]\" \/>\n<meta name=\"twitter:image\" content=\"https:\/\/vosgesinfo.fr\/app\/uploads\/sites\/4\/2024\/08\/202303ag-donneurs-de-sang-sddv-2.jpg\" \/>\n<meta name=\"twitter:creator\" content=\"@VosgesInfo88\" \/>\n<meta name=\"twitter:site\" content=\"@VosgesInfo88\" \/>\n<meta name=\"twitter:label1\" content=\"\u00c9crit par\" \/>\n\t<meta name=\"twitter:data1\" content=\"la r\u00e9daction\" \/>\n\t<meta name=\"twitter:label2\" content=\"Dur\u00e9e de lecture estim\u00e9e\" \/>\n\t<meta name=\"twitter:data2\" content=\"3 minutes\" \/>\n<script type=\"application\/ld+json\" class=\"yoast-schema-graph\">{\"@context\":\"https:\/\/schema.org\",\"@graph\":[{\"@type\":\"Article\",\"@id\":\"https:\/\/vosgesinfo.fr\/saintdieinfo\/2023\/03\/lamicale-de-saint-die-vosges-retrousse-manches-faire-vivre-don-de-sang\/#article\",\"isPartOf\":{\"@id\":\"https:\/\/vosgesinfo.fr\/saintdieinfo\/2023\/03\/lamicale-de-saint-die-vosges-retrousse-manches-faire-vivre-don-de-sang\/\"},\"author\":{\"name\":\"la r\u00e9daction\",\"@id\":\"https:\/\/vosgesinfo.fr\/saintdieinfo\/#\/schema\/person\/faee6704a21f3977511db84bd1cd450f\"},\"headline\":\"L&rsquo;amicale de Saint-Di\u00e9-des-Vosges retrousse ses manches pour faire vivre le don de sang\",\"datePublished\":\"2023-03-21T06:47:29+00:00\",\"dateModified\":\"2023-03-21T06:47:29+00:00\",\"mainEntityOfPage\":{\"@id\":\"https:\/\/vosgesinfo.fr\/saintdieinfo\/2023\/03\/lamicale-de-saint-die-vosges-retrousse-manches-faire-vivre-don-de-sang\/\"},\"wordCount\":599,\"commentCount\":0,\"publisher\":{\"@id\":\"https:\/\/vosgesinfo.fr\/saintdieinfo\/#organization\"},\"image\":{\"@id\":\"https:\/\/vosgesinfo.fr\/saintdieinfo\/2023\/03\/lamicale-de-saint-die-vosges-retrousse-manches-faire-vivre-don-de-sang\/#primaryimage\"},\"thumbnailUrl\":\"https:\/\/vosgesinfo.fr\/app\/uploads\/sites\/4\/2024\/08\/202303ag-donneurs-de-sang-sddv-2.jpg\",\"keywords\":[\"Amicale des Donneurs de Sang b\u00e9n\u00e9voles de Saint-Di\u00e9-des-Vosges\",\"assembl\u00e9e g\u00e9n\u00e9rale\",\"don de sang\",\"Saulcy-sur-Meurthe\"],\"articleSection\":[\"A la Une\",\"Saint-Di\u00e9-des-Vosges et son Agglom\u00e9ration\",\"Solidarit\u00e9\",\"Vie Associative\"],\"inLanguage\":\"fr-FR\",\"potentialAction\":[{\"@type\":\"CommentAction\",\"name\":\"Comment\",\"target\":[\"https:\/\/vosgesinfo.fr\/saintdieinfo\/2023\/03\/lamicale-de-saint-die-vosges-retrousse-manches-faire-vivre-don-de-sang\/#respond\"]}]},{\"@type\":\"WebPage\",\"@id\":\"https:\/\/vosgesinfo.fr\/saintdieinfo\/2023\/03\/lamicale-de-saint-die-vosges-retrousse-manches-faire-vivre-don-de-sang\/\",\"url\":\"https:\/\/vosgesinfo.fr\/saintdieinfo\/2023\/03\/lamicale-de-saint-die-vosges-retrousse-manches-faire-vivre-don-de-sang\/\",\"name\":\"L'amicale de Saint-Di\u00e9-des-Vosges retrousse ses manches pour faire vivre le don de sang - Saint Die Info\",\"isPartOf\":{\"@id\":\"https:\/\/vosgesinfo.fr\/saintdieinfo\/#website\"},\"primaryImageOfPage\":{\"@id\":\"https:\/\/vosgesinfo.fr\/saintdieinfo\/2023\/03\/lamicale-de-saint-die-vosges-retrousse-manches-faire-vivre-don-de-sang\/#primaryimage\"},\"image\":{\"@id\":\"https:\/\/vosgesinfo.fr\/saintdieinfo\/2023\/03\/lamicale-de-saint-die-vosges-retrousse-manches-faire-vivre-don-de-sang\/#primaryimage\"},\"thumbnailUrl\":\"https:\/\/vosgesinfo.fr\/app\/uploads\/sites\/4\/2024\/08\/202303ag-donneurs-de-sang-sddv-2.jpg\",\"datePublished\":\"2023-03-21T06:47:29+00:00\",\"dateModified\":\"2023-03-21T06:47:29+00:00\",\"breadcrumb\":{\"@id\":\"https:\/\/vosgesinfo.fr\/saintdieinfo\/2023\/03\/lamicale-de-saint-die-vosges-retrousse-manches-faire-vivre-don-de-sang\/#breadcrumb\"},\"inLanguage\":\"fr-FR\",\"potentialAction\":[{\"@type\":\"ReadAction\",\"target\":[\"https:\/\/vosgesinfo.fr\/saintdieinfo\/2023\/03\/lamicale-de-saint-die-vosges-retrousse-manches-faire-vivre-don-de-sang\/\"]}]},{\"@type\":\"ImageObject\",\"inLanguage\":\"fr-FR\",\"@id\":\"https:\/\/vosgesinfo.fr\/saintdieinfo\/2023\/03\/lamicale-de-saint-die-vosges-retrousse-manches-faire-vivre-don-de-sang\/#primaryimage\",\"url\":\"https:\/\/vosgesinfo.fr\/app\/uploads\/sites\/4\/2024\/08\/202303ag-donneurs-de-sang-sddv-2.jpg\",\"contentUrl\":\"https:\/\/vosgesinfo.fr\/app\/uploads\/sites\/4\/2024\/08\/202303ag-donneurs-de-sang-sddv-2.jpg\",\"width\":1600,\"height\":900},{\"@type\":\"BreadcrumbList\",\"@id\":\"https:\/\/vosgesinfo.fr\/saintdieinfo\/2023\/03\/lamicale-de-saint-die-vosges-retrousse-manches-faire-vivre-don-de-sang\/#breadcrumb\",\"itemListElement\":[{\"@type\":\"ListItem\",\"position\":1,\"name\":\"Home\",\"item\":\"https:\/\/vosgesinfo.fr\/saintdieinfo\/\"},{\"@type\":\"ListItem\",\"position\":2,\"name\":\"L&rsquo;amicale de Saint-Di\u00e9-des-Vosges retrousse ses manches pour faire vivre le don de sang\"}]},{\"@type\":\"WebSite\",\"@id\":\"https:\/\/vosgesinfo.fr\/saintdieinfo\/#website\",\"url\":\"https:\/\/vosgesinfo.fr\/saintdieinfo\/\",\"name\":\"Saint Die Info\",\"description\":\"Toute l&#039;actualit\u00e9 de Saint-Di\u00e9-Des-Vosges\",\"publisher\":{\"@id\":\"https:\/\/vosgesinfo.fr\/saintdieinfo\/#organization\"},\"alternateName\":\"Toute l'actualit\u00e9 de Saint-Di\u00e9-Des-Vosges\",\"potentialAction\":[{\"@type\":\"SearchAction\",\"target\":{\"@type\":\"EntryPoint\",\"urlTemplate\":\"https:\/\/vosgesinfo.fr\/saintdieinfo\/?s={search_term_string}\"},\"query-input\":\"required name=search_term_string\"}],\"inLanguage\":\"fr-FR\"},{\"@type\":\"Organization\",\"@id\":\"https:\/\/vosgesinfo.fr\/saintdieinfo\/#organization\",\"name\":\"Saint Die Info\",\"url\":\"https:\/\/vosgesinfo.fr\/saintdieinfo\/\",\"logo\":{\"@type\":\"ImageObject\",\"inLanguage\":\"fr-FR\",\"@id\":\"https:\/\/vosgesinfo.fr\/saintdieinfo\/#\/schema\/logo\/image\/\",\"url\":\"https:\/\/vosgesinfo.fr\/app\/uploads\/sites\/4\/2024\/02\/logo-sdi.jpg\",\"contentUrl\":\"https:\/\/vosgesinfo.fr\/app\/uploads\/sites\/4\/2024\/02\/logo-sdi.jpg\",\"width\":600,\"height\":600,\"caption\":\"Saint Die Info\"},\"image\":{\"@id\":\"https:\/\/vosgesinfo.fr\/saintdieinfo\/#\/schema\/logo\/image\/\"},\"sameAs\":[\"https:\/\/www.facebook.com\/Saintdieinfofr\",\"https:\/\/x.com\/VosgesInfo88\",\"https:\/\/www.youtube.com\/@vosgesinfo\"]},{\"@type\":\"Person\",\"@id\":\"https:\/\/vosgesinfo.fr\/saintdieinfo\/#\/schema\/person\/faee6704a21f3977511db84bd1cd450f\",\"name\":\"la r\u00e9daction\",\"image\":{\"@type\":\"ImageObject\",\"inLanguage\":\"fr-FR\",\"@id\":\"https:\/\/vosgesinfo.fr\/saintdieinfo\/#\/schema\/person\/image\/\",\"url\":\"https:\/\/secure.gravatar.com\/avatar\/6673d8bc6a9c17fa9a453eaa3448de834fa308c2ec9635b7aa99441a7c8d2cf6?s=96&d=mm&r=g\",\"contentUrl\":\"https:\/\/secure.gravatar.com\/avatar\/6673d8bc6a9c17fa9a453eaa3448de834fa308c2ec9635b7aa99441a7c8d2cf6?s=96&d=mm&r=g\",\"caption\":\"la r\u00e9daction\"},\"url\":\"https:\/\/vosgesinfo.fr\/saintdieinfo\/author\/redac\/\"}]}<\/script>\n<!-- \/ Yoast SEO plugin. -->","yoast_head_json":{"title":"L'amicale de Saint-Di\u00e9-des-Vosges retrousse ses manches pour faire vivre le don de sang - Saint Die Info","robots":{"index":"index","follow":"follow","max-snippet":"max-snippet:-1","max-image-preview":"max-image-preview:large","max-video-preview":"max-video-preview:-1"},"canonical":"https:\/\/vosgesinfo.fr\/saintdieinfo\/2023\/03\/lamicale-de-saint-die-vosges-retrousse-manches-faire-vivre-don-de-sang\/","twitter_card":"summary_large_image","twitter_title":"L'amicale de Saint-Di\u00e9-des-Vosges retrousse ses manches pour faire vivre le don de sang - Saint Die Info","twitter_description":"L&rsquo;amicale des donneurs de sang b\u00e9n\u00e9voles de Saint-Di\u00e9-des-Vosges a tenu son assembl\u00e9e g\u00e9n\u00e9rale annuelle vendredi dernier. Non pas dans l&rsquo;une [&hellip;]","twitter_image":"https:\/\/vosgesinfo.fr\/app\/uploads\/sites\/4\/2024\/08\/202303ag-donneurs-de-sang-sddv-2.jpg","twitter_creator":"@VosgesInfo88","twitter_site":"@VosgesInfo88","twitter_misc":{"\u00c9crit par":"la r\u00e9daction","Dur\u00e9e de lecture estim\u00e9e":"3 minutes"},"schema":{"@context":"https:\/\/schema.org","@graph":[{"@type":"Article","@id":"https:\/\/vosgesinfo.fr\/saintdieinfo\/2023\/03\/lamicale-de-saint-die-vosges-retrousse-manches-faire-vivre-don-de-sang\/#article","isPartOf":{"@id":"https:\/\/vosgesinfo.fr\/saintdieinfo\/2023\/03\/lamicale-de-saint-die-vosges-retrousse-manches-faire-vivre-don-de-sang\/"},"author":{"name":"la r\u00e9daction","@id":"https:\/\/vosgesinfo.fr\/saintdieinfo\/#\/schema\/person\/faee6704a21f3977511db84bd1cd450f"},"headline":"L&rsquo;amicale de Saint-Di\u00e9-des-Vosges retrousse ses manches pour faire vivre le don de sang","datePublished":"2023-03-21T06:47:29+00:00","dateModified":"2023-03-21T06:47:29+00:00","mainEntityOfPage":{"@id":"https:\/\/vosgesinfo.fr\/saintdieinfo\/2023\/03\/lamicale-de-saint-die-vosges-retrousse-manches-faire-vivre-don-de-sang\/"},"wordCount":599,"commentCount":0,"publisher":{"@id":"https:\/\/vosgesinfo.fr\/saintdieinfo\/#organization"},"image":{"@id":"https:\/\/vosgesinfo.fr\/saintdieinfo\/2023\/03\/lamicale-de-saint-die-vosges-retrousse-manches-faire-vivre-don-de-sang\/#primaryimage"},"thumbnailUrl":"https:\/\/vosgesinfo.fr\/app\/uploads\/sites\/4\/2024\/08\/202303ag-donneurs-de-sang-sddv-2.jpg","keywords":["Amicale des Donneurs de Sang b\u00e9n\u00e9voles de Saint-Di\u00e9-des-Vosges","assembl\u00e9e g\u00e9n\u00e9rale","don de sang","Saulcy-sur-Meurthe"],"articleSection":["A la Une","Saint-Di\u00e9-des-Vosges et son Agglom\u00e9ration","Solidarit\u00e9","Vie Associative"],"inLanguage":"fr-FR","potentialAction":[{"@type":"CommentAction","name":"Comment","target":["https:\/\/vosgesinfo.fr\/saintdieinfo\/2023\/03\/lamicale-de-saint-die-vosges-retrousse-manches-faire-vivre-don-de-sang\/#respond"]}]},{"@type":"WebPage","@id":"https:\/\/vosgesinfo.fr\/saintdieinfo\/2023\/03\/lamicale-de-saint-die-vosges-retrousse-manches-faire-vivre-don-de-sang\/","url":"https:\/\/vosgesinfo.fr\/saintdieinfo\/2023\/03\/lamicale-de-saint-die-vosges-retrousse-manches-faire-vivre-don-de-sang\/","name":"L'amicale de Saint-Di\u00e9-des-Vosges retrousse ses manches pour faire vivre le don de sang - Saint Die Info","isPartOf":{"@id":"https:\/\/vosgesinfo.fr\/saintdieinfo\/#website"},"primaryImageOfPage":{"@id":"https:\/\/vosgesinfo.fr\/saintdieinfo\/2023\/03\/lamicale-de-saint-die-vosges-retrousse-manches-faire-vivre-don-de-sang\/#primaryimage"},"image":{"@id":"https:\/\/vosgesinfo.fr\/saintdieinfo\/2023\/03\/lamicale-de-saint-die-vosges-retrousse-manches-faire-vivre-don-de-sang\/#primaryimage"},"thumbnailUrl":"https:\/\/vosgesinfo.fr\/app\/uploads\/sites\/4\/2024\/08\/202303ag-donneurs-de-sang-sddv-2.jpg","datePublished":"2023-03-21T06:47:29+00:00","dateModified":"2023-03-21T06:47:29+00:00","breadcrumb":{"@id":"https:\/\/vosgesinfo.fr\/saintdieinfo\/2023\/03\/lamicale-de-saint-die-vosges-retrousse-manches-faire-vivre-don-de-sang\/#breadcrumb"},"inLanguage":"fr-FR","potentialAction":[{"@type":"ReadAction","target":["https:\/\/vosgesinfo.fr\/saintdieinfo\/2023\/03\/lamicale-de-saint-die-vosges-retrousse-manches-faire-vivre-don-de-sang\/"]}]},{"@type":"ImageObject","inLanguage":"fr-FR","@id":"https:\/\/vosgesinfo.fr\/saintdieinfo\/2023\/03\/lamicale-de-saint-die-vosges-retrousse-manches-faire-vivre-don-de-sang\/#primaryimage","url":"https:\/\/vosgesinfo.fr\/app\/uploads\/sites\/4\/2024\/08\/202303ag-donneurs-de-sang-sddv-2.jpg","contentUrl":"https:\/\/vosgesinfo.fr\/app\/uploads\/sites\/4\/2024\/08\/202303ag-donneurs-de-sang-sddv-2.jpg","width":1600,"height":900},{"@type":"BreadcrumbList","@id":"https:\/\/vosgesinfo.fr\/saintdieinfo\/2023\/03\/lamicale-de-saint-die-vosges-retrousse-manches-faire-vivre-don-de-sang\/#breadcrumb","itemListElement":[{"@type":"ListItem","position":1,"name":"Home","item":"https:\/\/vosgesinfo.fr\/saintdieinfo\/"},{"@type":"ListItem","position":2,"name":"L&rsquo;amicale de Saint-Di\u00e9-des-Vosges retrousse ses manches pour faire vivre le don de sang"}]},{"@type":"WebSite","@id":"https:\/\/vosgesinfo.fr\/saintdieinfo\/#website","url":"https:\/\/vosgesinfo.fr\/saintdieinfo\/","name":"Saint Die Info","description":"Toute l&#039;actualit\u00e9 de Saint-Di\u00e9-Des-Vosges","publisher":{"@id":"https:\/\/vosgesinfo.fr\/saintdieinfo\/#organization"},"alternateName":"Toute l'actualit\u00e9 de Saint-Di\u00e9-Des-Vosges","potentialAction":[{"@type":"SearchAction","target":{"@type":"EntryPoint","urlTemplate":"https:\/\/vosgesinfo.fr\/saintdieinfo\/?s={search_term_string}"},"query-input":"required name=search_term_string"}],"inLanguage":"fr-FR"},{"@type":"Organization","@id":"https:\/\/vosgesinfo.fr\/saintdieinfo\/#organization","name":"Saint Die Info","url":"https:\/\/vosgesinfo.fr\/saintdieinfo\/","logo":{"@type":"ImageObject","inLanguage":"fr-FR","@id":"https:\/\/vosgesinfo.fr\/saintdieinfo\/#\/schema\/logo\/image\/","url":"https:\/\/vosgesinfo.fr\/app\/uploads\/sites\/4\/2024\/02\/logo-sdi.jpg","contentUrl":"https:\/\/vosgesinfo.fr\/app\/uploads\/sites\/4\/2024\/02\/logo-sdi.jpg","width":600,"height":600,"caption":"Saint Die Info"},"image":{"@id":"https:\/\/vosgesinfo.fr\/saintdieinfo\/#\/schema\/logo\/image\/"},"sameAs":["https:\/\/www.facebook.com\/Saintdieinfofr","https:\/\/x.com\/VosgesInfo88","https:\/\/www.youtube.com\/@vosgesinfo"]},{"@type":"Person","@id":"https:\/\/vosgesinfo.fr\/saintdieinfo\/#\/schema\/person\/faee6704a21f3977511db84bd1cd450f","name":"la r\u00e9daction","image":{"@type":"ImageObject","inLanguage":"fr-FR","@id":"https:\/\/vosgesinfo.fr\/saintdieinfo\/#\/schema\/person\/image\/","url":"https:\/\/secure.gravatar.com\/avatar\/6673d8bc6a9c17fa9a453eaa3448de834fa308c2ec9635b7aa99441a7c8d2cf6?s=96&d=mm&r=g","contentUrl":"https:\/\/secure.gravatar.com\/avatar\/6673d8bc6a9c17fa9a453eaa3448de834fa308c2ec9635b7aa99441a7c8d2cf6?s=96&d=mm&r=g","caption":"la r\u00e9daction"},"url":"https:\/\/vosgesinfo.fr\/saintdieinfo\/author\/redac\/"}]}},"_links":{"self":[{"href":"https:\/\/vosgesinfo.fr\/saintdieinfo\/wp-json\/wp\/v2\/posts\/63319","targetHints":{"allow":["GET"]}}],"collection":[{"href":"https:\/\/vosgesinfo.fr\/saintdieinfo\/wp-json\/wp\/v2\/posts"}],"about":[{"href":"https:\/\/vosgesinfo.fr\/saintdieinfo\/wp-json\/wp\/v2\/types\/post"}],"author":[{"embeddable":true,"href":"https:\/\/vosgesinfo.fr\/saintdieinfo\/wp-json\/wp\/v2\/users\/44"}],"replies":[{"embeddable":true,"href":"https:\/\/vosgesinfo.fr\/saintdieinfo\/wp-json\/wp\/v2\/comments?post=63319"}],"version-history":[{"count":0,"href":"https:\/\/vosgesinfo.fr\/saintdieinfo\/wp-json\/wp\/v2\/posts\/63319\/revisions"}],"wp:featuredmedia":[{"embeddable":true,"href":"https:\/\/vosgesinfo.fr\/saintdieinfo\/wp-json\/wp\/v2\/media\/63320"}],"wp:attachment":[{"href":"https:\/\/vosgesinfo.fr\/saintdieinfo\/wp-json\/wp\/v2\/media?parent=63319"}],"wp:term":[{"taxonomy":"category","embeddable":true,"href":"https:\/\/vosgesinfo.fr\/saintdieinfo\/wp-json\/wp\/v2\/categories?post=63319"},{"taxonomy":"post_tag","embeddable":true,"href":"https:\/\/vosgesinfo.fr\/saintdieinfo\/wp-json\/wp\/v2\/tags?post=63319"}],"curies":[{"name":"wp","href":"https:\/\/api.w.org\/{rel}","templated":true}]}}