{"id":63331,"date":"2023-03-21T09:42:48","date_gmt":"2023-03-21T08:42:48","guid":{"rendered":"https:\/\/vosgesinfo.fr\/saintdieinfo\/2023\/03\/semaine-de-presse-medias-a-lecole-sensibilisation-aux-fake-news-eleves-lycee-baumont-de-liut\/"},"modified":"2023-03-21T09:42:48","modified_gmt":"2023-03-21T08:42:48","slug":"semaine-de-presse-medias-a-lecole-sensibilisation-aux-fake-news-eleves-lycee-baumont-de-liut","status":"publish","type":"post","link":"https:\/\/vosgesinfo.fr\/saintdieinfo\/2023\/03\/semaine-de-presse-medias-a-lecole-sensibilisation-aux-fake-news-eleves-lycee-baumont-de-liut\/","title":{"rendered":"Semaine de la presse et des m\u00e9dias \u00e0 l&rsquo;\u00e9cole\u00a0: sensibilisation aux fake news pour les \u00e9l\u00e8ves du lyc\u00e9e Baumont et de l&rsquo;IUT"},"content":{"rendered":"<p><a href=\"\/2023\/03\/Semaine_Presse_Lyc\u00e9e_Baumont_IUT_SDDV-1.jpg\" target=\"_blank\" rel=\"noopener\"><img decoding=\"async\" class=\"wp-image-198703 size-large\" src=\"\/2023\/03\/Semaine_Presse_Lyc\u00e9e_Baumont_IUT_SDDV-1-1024x768.jpg\" alt=\"Semaine_Presse_Lyc\u00e9e_Baumont_IUT_SDDV (1)\" width=\"960\" height=\"720\" \/><\/a><\/p>\n<h2><strong><span style=\"font-size: 14pt;\">Cette semaine marque le d\u00e9but du printemps, mais elle est aussi celle de la presse et des m\u00e9dias \u00e0 l&rsquo;\u00e9cole. Une manifestation nationale organis\u00e9e par le Centre pour l&rsquo;\u00e9ducation aux m\u00e9dias et \u00e0 l&rsquo;information \u2013 Clemi \u2013 et dont le th\u00e8me cette ann\u00e9e est \u00ab\u00a0L&rsquo;info sur tous les fronts\u00a0\u00bb.<\/span><\/strong><\/h2>\n<p><!--more--><\/p>\n<p>Le lyc\u00e9e Georges-Baumont et l&rsquo;IUT de Saint-Di\u00e9-des-Vosges se sont associ\u00e9s \u00e0 cette occasion, pour proposer 3 journ\u00e9es autour des <em>fake news<\/em> \u2013 ou infox. Ces lundi, mardi et mercredi, les 3 classes de Premi\u00e8re G\u00e9n\u00e9rale du lyc\u00e9e polyvalent d\u00e9odatien se rendent \u00e0 tour de r\u00f4le \u00e0 l&rsquo;IUT, o\u00f9 r\u00e9partis en petits groupes de 2 ou 3 \u00e9l\u00e8ves, ils planchent avec un \u00e9tudiant de premi\u00e8re ann\u00e9e de BUT MMI \u2013 M\u00e9tiers du Multim\u00e9dia et de l&rsquo;Internet \u2013 \u00e0 la r\u00e9daction d&rsquo;un article&#8230; dont le contenu est faux.<\/p>\n<p>Au pr\u00e9alable, le groupe de lyc\u00e9ens et l&rsquo;\u00e9tudiant auront choisi une image parmi le fond documentaire de la biblioth\u00e8que universitaire de l&rsquo;IUT, afin d&rsquo;illustrer cet article truff\u00e9 de fausses informations. A la fin de chacune des 3 journ\u00e9es, les \u00e9l\u00e8ves votent pour \u00e9lire l&rsquo;article qui fera la \u00ab\u00a0Une\u00a0\u00bb d&rsquo;un journal 100% <em>fake news<\/em> regroupant les 12 articles \u00e9crits et illustr\u00e9s par les diff\u00e9rents groupes.<\/p>\n<p>\u00ab\u00a0L&rsquo;objectif est de parler d&rsquo;un m\u00e9dia, qui dans ce cas est le journal, tout en sensibilisant aux <em>fake news<\/em> en montrant aux \u00e9l\u00e8ves qu&rsquo;il ne faut pas croire tout ce qu&rsquo;on peut voir et entendre \u00e0 la t\u00e9l\u00e9vision ainsi que sur les r\u00e9seaux sociaux. Une \u00e9tude montre notamment qu&rsquo;un jeune sur 6 pense que la Terre est plate. L&rsquo;id\u00e9e est donc de leur montrer l&rsquo;importance de croiser ses sources\u00a0\u00bb explique Charline Pochetat, professeur-documentaliste au lyc\u00e9e Baumont, qui est \u00e0 l&rsquo;initiative de ces 3 journ\u00e9es consacr\u00e9es \u00e0 la presse et aux m\u00e9dias avec sa coll\u00e8ge Pauline Sarrazin, documentaliste de la biblioth\u00e8que universitaire de l&rsquo;IUT.<\/p>\n<p>J.J.<\/p>\n\n","protected":false},"excerpt":{"rendered":"<p>Cette semaine marque le d\u00e9but du printemps, mais elle est aussi celle de la presse et des m\u00e9dias \u00e0 l&rsquo;\u00e9cole. [&hellip;]<\/p>\n","protected":false},"author":44,"featured_media":63332,"comment_status":"open","ping_status":"open","sticky":false,"template":"","format":"standard","meta":{"footnotes":""},"categories":[460,6,2915],"tags":[14044,14045,14046,3205,3371,14047,14048],"class_list":["post-63331","post","type-post","status-publish","format-standard","has-post-thumbnail","hentry","category-a-la-une","category-education","category-saint-die-son-canton","tag-centre-pour-leducation-aux-medias-et-a-linformation","tag-clemi","tag-fake-news","tag-iut-de-saint-die-des-vosges","tag-lycee-georges-baumont","tag-semaine-de-la-presse-et-des-medias-a-lecole","tag-sensibilisation-aux-fake-news"],"acf":[],"yoast_head":"<!-- This site is optimized with the Yoast SEO plugin v22.5 - https:\/\/yoast.com\/wordpress\/plugins\/seo\/ -->\n<title>Semaine de la presse et des m\u00e9dias \u00e0 l&#039;\u00e9cole\u00a0: sensibilisation aux fake news pour les \u00e9l\u00e8ves du lyc\u00e9e Baumont et de l&#039;IUT - Saint Die Info<\/title>\n<meta name=\"robots\" content=\"index, follow, max-snippet:-1, max-image-preview:large, max-video-preview:-1\" \/>\n<link rel=\"canonical\" href=\"https:\/\/vosgesinfo.fr\/saintdieinfo\/2023\/03\/semaine-de-presse-medias-a-lecole-sensibilisation-aux-fake-news-eleves-lycee-baumont-de-liut\/\" \/>\n<meta name=\"twitter:card\" content=\"summary_large_image\" \/>\n<meta name=\"twitter:title\" content=\"Semaine de la presse et des m\u00e9dias \u00e0 l&#039;\u00e9cole\u00a0: sensibilisation aux fake news pour les \u00e9l\u00e8ves du lyc\u00e9e Baumont et de l&#039;IUT - Saint Die Info\" \/>\n<meta name=\"twitter:description\" content=\"Cette semaine marque le d\u00e9but du printemps, mais elle est aussi celle de la presse et des m\u00e9dias \u00e0 l&rsquo;\u00e9cole. [&hellip;]\" \/>\n<meta name=\"twitter:image\" content=\"https:\/\/vosgesinfo.fr\/app\/uploads\/sites\/4\/2024\/08\/202303semaine-presse-lycee-baumont-iut-sddv-1.jpg\" \/>\n<meta name=\"twitter:creator\" content=\"@VosgesInfo88\" \/>\n<meta name=\"twitter:site\" content=\"@VosgesInfo88\" \/>\n<meta name=\"twitter:label1\" content=\"\u00c9crit par\" \/>\n\t<meta name=\"twitter:data1\" content=\"la r\u00e9daction\" \/>\n\t<meta name=\"twitter:label2\" content=\"Dur\u00e9e de lecture estim\u00e9e\" \/>\n\t<meta name=\"twitter:data2\" content=\"2 minutes\" \/>\n<script type=\"application\/ld+json\" class=\"yoast-schema-graph\">{\"@context\":\"https:\/\/schema.org\",\"@graph\":[{\"@type\":\"Article\",\"@id\":\"https:\/\/vosgesinfo.fr\/saintdieinfo\/2023\/03\/semaine-de-presse-medias-a-lecole-sensibilisation-aux-fake-news-eleves-lycee-baumont-de-liut\/#article\",\"isPartOf\":{\"@id\":\"https:\/\/vosgesinfo.fr\/saintdieinfo\/2023\/03\/semaine-de-presse-medias-a-lecole-sensibilisation-aux-fake-news-eleves-lycee-baumont-de-liut\/\"},\"author\":{\"name\":\"la r\u00e9daction\",\"@id\":\"https:\/\/vosgesinfo.fr\/saintdieinfo\/#\/schema\/person\/faee6704a21f3977511db84bd1cd450f\"},\"headline\":\"Semaine de la presse et des m\u00e9dias \u00e0 l&rsquo;\u00e9cole\u00a0: sensibilisation aux fake news pour les \u00e9l\u00e8ves du lyc\u00e9e Baumont et de l&rsquo;IUT\",\"datePublished\":\"2023-03-21T08:42:48+00:00\",\"dateModified\":\"2023-03-21T08:42:48+00:00\",\"mainEntityOfPage\":{\"@id\":\"https:\/\/vosgesinfo.fr\/saintdieinfo\/2023\/03\/semaine-de-presse-medias-a-lecole-sensibilisation-aux-fake-news-eleves-lycee-baumont-de-liut\/\"},\"wordCount\":377,\"commentCount\":0,\"publisher\":{\"@id\":\"https:\/\/vosgesinfo.fr\/saintdieinfo\/#organization\"},\"image\":{\"@id\":\"https:\/\/vosgesinfo.fr\/saintdieinfo\/2023\/03\/semaine-de-presse-medias-a-lecole-sensibilisation-aux-fake-news-eleves-lycee-baumont-de-liut\/#primaryimage\"},\"thumbnailUrl\":\"https:\/\/vosgesinfo.fr\/app\/uploads\/sites\/4\/2024\/08\/202303semaine-presse-lycee-baumont-iut-sddv-1.jpg\",\"keywords\":[\"Centre pour l'\u00e9ducation aux m\u00e9dias et \u00e0 l'information\",\"Clemi\",\"Fake news\",\"IUT de Saint-Di\u00e9-des-Vosges\",\"Lyc\u00e9e Georges-Baumont\",\"Semaine de la presse et des m\u00e9dias \u00e0 l'\u00e9cole\",\"Sensibilisation aux fake news\"],\"articleSection\":[\"A la Une\",\"\u00c9ducation\",\"Saint-Di\u00e9-des-Vosges et son Agglom\u00e9ration\"],\"inLanguage\":\"fr-FR\",\"potentialAction\":[{\"@type\":\"CommentAction\",\"name\":\"Comment\",\"target\":[\"https:\/\/vosgesinfo.fr\/saintdieinfo\/2023\/03\/semaine-de-presse-medias-a-lecole-sensibilisation-aux-fake-news-eleves-lycee-baumont-de-liut\/#respond\"]}]},{\"@type\":\"WebPage\",\"@id\":\"https:\/\/vosgesinfo.fr\/saintdieinfo\/2023\/03\/semaine-de-presse-medias-a-lecole-sensibilisation-aux-fake-news-eleves-lycee-baumont-de-liut\/\",\"url\":\"https:\/\/vosgesinfo.fr\/saintdieinfo\/2023\/03\/semaine-de-presse-medias-a-lecole-sensibilisation-aux-fake-news-eleves-lycee-baumont-de-liut\/\",\"name\":\"Semaine de la presse et des m\u00e9dias \u00e0 l'\u00e9cole\u00a0: sensibilisation aux fake news pour les \u00e9l\u00e8ves du lyc\u00e9e Baumont et de l'IUT - Saint Die Info\",\"isPartOf\":{\"@id\":\"https:\/\/vosgesinfo.fr\/saintdieinfo\/#website\"},\"primaryImageOfPage\":{\"@id\":\"https:\/\/vosgesinfo.fr\/saintdieinfo\/2023\/03\/semaine-de-presse-medias-a-lecole-sensibilisation-aux-fake-news-eleves-lycee-baumont-de-liut\/#primaryimage\"},\"image\":{\"@id\":\"https:\/\/vosgesinfo.fr\/saintdieinfo\/2023\/03\/semaine-de-presse-medias-a-lecole-sensibilisation-aux-fake-news-eleves-lycee-baumont-de-liut\/#primaryimage\"},\"thumbnailUrl\":\"https:\/\/vosgesinfo.fr\/app\/uploads\/sites\/4\/2024\/08\/202303semaine-presse-lycee-baumont-iut-sddv-1.jpg\",\"datePublished\":\"2023-03-21T08:42:48+00:00\",\"dateModified\":\"2023-03-21T08:42:48+00:00\",\"breadcrumb\":{\"@id\":\"https:\/\/vosgesinfo.fr\/saintdieinfo\/2023\/03\/semaine-de-presse-medias-a-lecole-sensibilisation-aux-fake-news-eleves-lycee-baumont-de-liut\/#breadcrumb\"},\"inLanguage\":\"fr-FR\",\"potentialAction\":[{\"@type\":\"ReadAction\",\"target\":[\"https:\/\/vosgesinfo.fr\/saintdieinfo\/2023\/03\/semaine-de-presse-medias-a-lecole-sensibilisation-aux-fake-news-eleves-lycee-baumont-de-liut\/\"]}]},{\"@type\":\"ImageObject\",\"inLanguage\":\"fr-FR\",\"@id\":\"https:\/\/vosgesinfo.fr\/saintdieinfo\/2023\/03\/semaine-de-presse-medias-a-lecole-sensibilisation-aux-fake-news-eleves-lycee-baumont-de-liut\/#primaryimage\",\"url\":\"https:\/\/vosgesinfo.fr\/app\/uploads\/sites\/4\/2024\/08\/202303semaine-presse-lycee-baumont-iut-sddv-1.jpg\",\"contentUrl\":\"https:\/\/vosgesinfo.fr\/app\/uploads\/sites\/4\/2024\/08\/202303semaine-presse-lycee-baumont-iut-sddv-1.jpg\",\"width\":1600,\"height\":1200},{\"@type\":\"BreadcrumbList\",\"@id\":\"https:\/\/vosgesinfo.fr\/saintdieinfo\/2023\/03\/semaine-de-presse-medias-a-lecole-sensibilisation-aux-fake-news-eleves-lycee-baumont-de-liut\/#breadcrumb\",\"itemListElement\":[{\"@type\":\"ListItem\",\"position\":1,\"name\":\"Home\",\"item\":\"https:\/\/vosgesinfo.fr\/saintdieinfo\/\"},{\"@type\":\"ListItem\",\"position\":2,\"name\":\"Semaine de la presse et des m\u00e9dias \u00e0 l&rsquo;\u00e9cole\u00a0: sensibilisation aux fake news pour les \u00e9l\u00e8ves du lyc\u00e9e Baumont et de l&rsquo;IUT\"}]},{\"@type\":\"WebSite\",\"@id\":\"https:\/\/vosgesinfo.fr\/saintdieinfo\/#website\",\"url\":\"https:\/\/vosgesinfo.fr\/saintdieinfo\/\",\"name\":\"Saint Die Info\",\"description\":\"Toute l&#039;actualit\u00e9 de Saint-Di\u00e9-Des-Vosges\",\"publisher\":{\"@id\":\"https:\/\/vosgesinfo.fr\/saintdieinfo\/#organization\"},\"alternateName\":\"Toute l'actualit\u00e9 de Saint-Di\u00e9-Des-Vosges\",\"potentialAction\":[{\"@type\":\"SearchAction\",\"target\":{\"@type\":\"EntryPoint\",\"urlTemplate\":\"https:\/\/vosgesinfo.fr\/saintdieinfo\/?s={search_term_string}\"},\"query-input\":\"required name=search_term_string\"}],\"inLanguage\":\"fr-FR\"},{\"@type\":\"Organization\",\"@id\":\"https:\/\/vosgesinfo.fr\/saintdieinfo\/#organization\",\"name\":\"Saint Die Info\",\"url\":\"https:\/\/vosgesinfo.fr\/saintdieinfo\/\",\"logo\":{\"@type\":\"ImageObject\",\"inLanguage\":\"fr-FR\",\"@id\":\"https:\/\/vosgesinfo.fr\/saintdieinfo\/#\/schema\/logo\/image\/\",\"url\":\"https:\/\/vosgesinfo.fr\/app\/uploads\/sites\/4\/2024\/02\/logo-sdi.jpg\",\"contentUrl\":\"https:\/\/vosgesinfo.fr\/app\/uploads\/sites\/4\/2024\/02\/logo-sdi.jpg\",\"width\":600,\"height\":600,\"caption\":\"Saint Die Info\"},\"image\":{\"@id\":\"https:\/\/vosgesinfo.fr\/saintdieinfo\/#\/schema\/logo\/image\/\"},\"sameAs\":[\"https:\/\/www.facebook.com\/Saintdieinfofr\",\"https:\/\/x.com\/VosgesInfo88\",\"https:\/\/www.youtube.com\/@vosgesinfo\"]},{\"@type\":\"Person\",\"@id\":\"https:\/\/vosgesinfo.fr\/saintdieinfo\/#\/schema\/person\/faee6704a21f3977511db84bd1cd450f\",\"name\":\"la r\u00e9daction\",\"image\":{\"@type\":\"ImageObject\",\"inLanguage\":\"fr-FR\",\"@id\":\"https:\/\/vosgesinfo.fr\/saintdieinfo\/#\/schema\/person\/image\/\",\"url\":\"https:\/\/secure.gravatar.com\/avatar\/6673d8bc6a9c17fa9a453eaa3448de834fa308c2ec9635b7aa99441a7c8d2cf6?s=96&d=mm&r=g\",\"contentUrl\":\"https:\/\/secure.gravatar.com\/avatar\/6673d8bc6a9c17fa9a453eaa3448de834fa308c2ec9635b7aa99441a7c8d2cf6?s=96&d=mm&r=g\",\"caption\":\"la r\u00e9daction\"},\"url\":\"https:\/\/vosgesinfo.fr\/saintdieinfo\/author\/redac\/\"}]}<\/script>\n<!-- \/ Yoast SEO plugin. -->","yoast_head_json":{"title":"Semaine de la presse et des m\u00e9dias \u00e0 l'\u00e9cole\u00a0: sensibilisation aux fake news pour les \u00e9l\u00e8ves du lyc\u00e9e Baumont et de l'IUT - Saint Die Info","robots":{"index":"index","follow":"follow","max-snippet":"max-snippet:-1","max-image-preview":"max-image-preview:large","max-video-preview":"max-video-preview:-1"},"canonical":"https:\/\/vosgesinfo.fr\/saintdieinfo\/2023\/03\/semaine-de-presse-medias-a-lecole-sensibilisation-aux-fake-news-eleves-lycee-baumont-de-liut\/","twitter_card":"summary_large_image","twitter_title":"Semaine de la presse et des m\u00e9dias \u00e0 l'\u00e9cole\u00a0: sensibilisation aux fake news pour les \u00e9l\u00e8ves du lyc\u00e9e Baumont et de l'IUT - Saint Die Info","twitter_description":"Cette semaine marque le d\u00e9but du printemps, mais elle est aussi celle de la presse et des m\u00e9dias \u00e0 l&rsquo;\u00e9cole. [&hellip;]","twitter_image":"https:\/\/vosgesinfo.fr\/app\/uploads\/sites\/4\/2024\/08\/202303semaine-presse-lycee-baumont-iut-sddv-1.jpg","twitter_creator":"@VosgesInfo88","twitter_site":"@VosgesInfo88","twitter_misc":{"\u00c9crit par":"la r\u00e9daction","Dur\u00e9e de lecture estim\u00e9e":"2 minutes"},"schema":{"@context":"https:\/\/schema.org","@graph":[{"@type":"Article","@id":"https:\/\/vosgesinfo.fr\/saintdieinfo\/2023\/03\/semaine-de-presse-medias-a-lecole-sensibilisation-aux-fake-news-eleves-lycee-baumont-de-liut\/#article","isPartOf":{"@id":"https:\/\/vosgesinfo.fr\/saintdieinfo\/2023\/03\/semaine-de-presse-medias-a-lecole-sensibilisation-aux-fake-news-eleves-lycee-baumont-de-liut\/"},"author":{"name":"la r\u00e9daction","@id":"https:\/\/vosgesinfo.fr\/saintdieinfo\/#\/schema\/person\/faee6704a21f3977511db84bd1cd450f"},"headline":"Semaine de la presse et des m\u00e9dias \u00e0 l&rsquo;\u00e9cole\u00a0: sensibilisation aux fake news pour les \u00e9l\u00e8ves du lyc\u00e9e Baumont et de l&rsquo;IUT","datePublished":"2023-03-21T08:42:48+00:00","dateModified":"2023-03-21T08:42:48+00:00","mainEntityOfPage":{"@id":"https:\/\/vosgesinfo.fr\/saintdieinfo\/2023\/03\/semaine-de-presse-medias-a-lecole-sensibilisation-aux-fake-news-eleves-lycee-baumont-de-liut\/"},"wordCount":377,"commentCount":0,"publisher":{"@id":"https:\/\/vosgesinfo.fr\/saintdieinfo\/#organization"},"image":{"@id":"https:\/\/vosgesinfo.fr\/saintdieinfo\/2023\/03\/semaine-de-presse-medias-a-lecole-sensibilisation-aux-fake-news-eleves-lycee-baumont-de-liut\/#primaryimage"},"thumbnailUrl":"https:\/\/vosgesinfo.fr\/app\/uploads\/sites\/4\/2024\/08\/202303semaine-presse-lycee-baumont-iut-sddv-1.jpg","keywords":["Centre pour l'\u00e9ducation aux m\u00e9dias et \u00e0 l'information","Clemi","Fake news","IUT de Saint-Di\u00e9-des-Vosges","Lyc\u00e9e Georges-Baumont","Semaine de la presse et des m\u00e9dias \u00e0 l'\u00e9cole","Sensibilisation aux fake news"],"articleSection":["A la Une","\u00c9ducation","Saint-Di\u00e9-des-Vosges et son Agglom\u00e9ration"],"inLanguage":"fr-FR","potentialAction":[{"@type":"CommentAction","name":"Comment","target":["https:\/\/vosgesinfo.fr\/saintdieinfo\/2023\/03\/semaine-de-presse-medias-a-lecole-sensibilisation-aux-fake-news-eleves-lycee-baumont-de-liut\/#respond"]}]},{"@type":"WebPage","@id":"https:\/\/vosgesinfo.fr\/saintdieinfo\/2023\/03\/semaine-de-presse-medias-a-lecole-sensibilisation-aux-fake-news-eleves-lycee-baumont-de-liut\/","url":"https:\/\/vosgesinfo.fr\/saintdieinfo\/2023\/03\/semaine-de-presse-medias-a-lecole-sensibilisation-aux-fake-news-eleves-lycee-baumont-de-liut\/","name":"Semaine de la presse et des m\u00e9dias \u00e0 l'\u00e9cole\u00a0: sensibilisation aux fake news pour les \u00e9l\u00e8ves du lyc\u00e9e Baumont et de l'IUT - Saint Die Info","isPartOf":{"@id":"https:\/\/vosgesinfo.fr\/saintdieinfo\/#website"},"primaryImageOfPage":{"@id":"https:\/\/vosgesinfo.fr\/saintdieinfo\/2023\/03\/semaine-de-presse-medias-a-lecole-sensibilisation-aux-fake-news-eleves-lycee-baumont-de-liut\/#primaryimage"},"image":{"@id":"https:\/\/vosgesinfo.fr\/saintdieinfo\/2023\/03\/semaine-de-presse-medias-a-lecole-sensibilisation-aux-fake-news-eleves-lycee-baumont-de-liut\/#primaryimage"},"thumbnailUrl":"https:\/\/vosgesinfo.fr\/app\/uploads\/sites\/4\/2024\/08\/202303semaine-presse-lycee-baumont-iut-sddv-1.jpg","datePublished":"2023-03-21T08:42:48+00:00","dateModified":"2023-03-21T08:42:48+00:00","breadcrumb":{"@id":"https:\/\/vosgesinfo.fr\/saintdieinfo\/2023\/03\/semaine-de-presse-medias-a-lecole-sensibilisation-aux-fake-news-eleves-lycee-baumont-de-liut\/#breadcrumb"},"inLanguage":"fr-FR","potentialAction":[{"@type":"ReadAction","target":["https:\/\/vosgesinfo.fr\/saintdieinfo\/2023\/03\/semaine-de-presse-medias-a-lecole-sensibilisation-aux-fake-news-eleves-lycee-baumont-de-liut\/"]}]},{"@type":"ImageObject","inLanguage":"fr-FR","@id":"https:\/\/vosgesinfo.fr\/saintdieinfo\/2023\/03\/semaine-de-presse-medias-a-lecole-sensibilisation-aux-fake-news-eleves-lycee-baumont-de-liut\/#primaryimage","url":"https:\/\/vosgesinfo.fr\/app\/uploads\/sites\/4\/2024\/08\/202303semaine-presse-lycee-baumont-iut-sddv-1.jpg","contentUrl":"https:\/\/vosgesinfo.fr\/app\/uploads\/sites\/4\/2024\/08\/202303semaine-presse-lycee-baumont-iut-sddv-1.jpg","width":1600,"height":1200},{"@type":"BreadcrumbList","@id":"https:\/\/vosgesinfo.fr\/saintdieinfo\/2023\/03\/semaine-de-presse-medias-a-lecole-sensibilisation-aux-fake-news-eleves-lycee-baumont-de-liut\/#breadcrumb","itemListElement":[{"@type":"ListItem","position":1,"name":"Home","item":"https:\/\/vosgesinfo.fr\/saintdieinfo\/"},{"@type":"ListItem","position":2,"name":"Semaine de la presse et des m\u00e9dias \u00e0 l&rsquo;\u00e9cole\u00a0: sensibilisation aux fake news pour les \u00e9l\u00e8ves du lyc\u00e9e Baumont et de l&rsquo;IUT"}]},{"@type":"WebSite","@id":"https:\/\/vosgesinfo.fr\/saintdieinfo\/#website","url":"https:\/\/vosgesinfo.fr\/saintdieinfo\/","name":"Saint Die Info","description":"Toute l&#039;actualit\u00e9 de Saint-Di\u00e9-Des-Vosges","publisher":{"@id":"https:\/\/vosgesinfo.fr\/saintdieinfo\/#organization"},"alternateName":"Toute l'actualit\u00e9 de Saint-Di\u00e9-Des-Vosges","potentialAction":[{"@type":"SearchAction","target":{"@type":"EntryPoint","urlTemplate":"https:\/\/vosgesinfo.fr\/saintdieinfo\/?s={search_term_string}"},"query-input":"required name=search_term_string"}],"inLanguage":"fr-FR"},{"@type":"Organization","@id":"https:\/\/vosgesinfo.fr\/saintdieinfo\/#organization","name":"Saint Die Info","url":"https:\/\/vosgesinfo.fr\/saintdieinfo\/","logo":{"@type":"ImageObject","inLanguage":"fr-FR","@id":"https:\/\/vosgesinfo.fr\/saintdieinfo\/#\/schema\/logo\/image\/","url":"https:\/\/vosgesinfo.fr\/app\/uploads\/sites\/4\/2024\/02\/logo-sdi.jpg","contentUrl":"https:\/\/vosgesinfo.fr\/app\/uploads\/sites\/4\/2024\/02\/logo-sdi.jpg","width":600,"height":600,"caption":"Saint Die Info"},"image":{"@id":"https:\/\/vosgesinfo.fr\/saintdieinfo\/#\/schema\/logo\/image\/"},"sameAs":["https:\/\/www.facebook.com\/Saintdieinfofr","https:\/\/x.com\/VosgesInfo88","https:\/\/www.youtube.com\/@vosgesinfo"]},{"@type":"Person","@id":"https:\/\/vosgesinfo.fr\/saintdieinfo\/#\/schema\/person\/faee6704a21f3977511db84bd1cd450f","name":"la r\u00e9daction","image":{"@type":"ImageObject","inLanguage":"fr-FR","@id":"https:\/\/vosgesinfo.fr\/saintdieinfo\/#\/schema\/person\/image\/","url":"https:\/\/secure.gravatar.com\/avatar\/6673d8bc6a9c17fa9a453eaa3448de834fa308c2ec9635b7aa99441a7c8d2cf6?s=96&d=mm&r=g","contentUrl":"https:\/\/secure.gravatar.com\/avatar\/6673d8bc6a9c17fa9a453eaa3448de834fa308c2ec9635b7aa99441a7c8d2cf6?s=96&d=mm&r=g","caption":"la r\u00e9daction"},"url":"https:\/\/vosgesinfo.fr\/saintdieinfo\/author\/redac\/"}]}},"_links":{"self":[{"href":"https:\/\/vosgesinfo.fr\/saintdieinfo\/wp-json\/wp\/v2\/posts\/63331","targetHints":{"allow":["GET"]}}],"collection":[{"href":"https:\/\/vosgesinfo.fr\/saintdieinfo\/wp-json\/wp\/v2\/posts"}],"about":[{"href":"https:\/\/vosgesinfo.fr\/saintdieinfo\/wp-json\/wp\/v2\/types\/post"}],"author":[{"embeddable":true,"href":"https:\/\/vosgesinfo.fr\/saintdieinfo\/wp-json\/wp\/v2\/users\/44"}],"replies":[{"embeddable":true,"href":"https:\/\/vosgesinfo.fr\/saintdieinfo\/wp-json\/wp\/v2\/comments?post=63331"}],"version-history":[{"count":0,"href":"https:\/\/vosgesinfo.fr\/saintdieinfo\/wp-json\/wp\/v2\/posts\/63331\/revisions"}],"wp:featuredmedia":[{"embeddable":true,"href":"https:\/\/vosgesinfo.fr\/saintdieinfo\/wp-json\/wp\/v2\/media\/63332"}],"wp:attachment":[{"href":"https:\/\/vosgesinfo.fr\/saintdieinfo\/wp-json\/wp\/v2\/media?parent=63331"}],"wp:term":[{"taxonomy":"category","embeddable":true,"href":"https:\/\/vosgesinfo.fr\/saintdieinfo\/wp-json\/wp\/v2\/categories?post=63331"},{"taxonomy":"post_tag","embeddable":true,"href":"https:\/\/vosgesinfo.fr\/saintdieinfo\/wp-json\/wp\/v2\/tags?post=63331"}],"curies":[{"name":"wp","href":"https:\/\/api.w.org\/{rel}","templated":true}]}}