{"id":63335,"date":"2023-03-21T08:39:35","date_gmt":"2023-03-21T07:39:35","guid":{"rendered":"https:\/\/vosgesinfo.fr\/saintdieinfo\/2023\/03\/spectacle-vivant-symphonie-temps-passe-mathias-malzieu-daria-nelson\/"},"modified":"2023-03-21T08:39:35","modified_gmt":"2023-03-21T07:39:35","slug":"spectacle-vivant-symphonie-temps-passe-mathias-malzieu-daria-nelson","status":"publish","type":"post","link":"https:\/\/vosgesinfo.fr\/saintdieinfo\/2023\/03\/spectacle-vivant-symphonie-temps-passe-mathias-malzieu-daria-nelson\/","title":{"rendered":"Spectacle vivant : \u00ab\u00a0La symphonie du temps qui passe\u00a0\u00bb par Mathias Malzieu et Daria Nelson"},"content":{"rendered":"<p><a href=\"\/2023\/03\/CP_MALZIEU_NELSON-page-0011.jpg\" target=\"_blank\" rel=\"noopener\"><img decoding=\"async\" class=\"aligncenter wp-image-198697 size-large\" src=\"\/2023\/03\/CP_MALZIEU_NELSON-page-0011-724x1024.jpg\" alt=\"CP_MALZIEU_NELSON-page-001\" width=\"724\" height=\"1024\" \/><\/a><a href=\"\/2023\/03\/CP_MALZIEU_NELSON-page-0021.jpg\" target=\"_blank\" rel=\"noopener\"><img decoding=\"async\" class=\"aligncenter wp-image-198698 size-large\" src=\"\/2023\/03\/CP_MALZIEU_NELSON-page-0021-724x1024.jpg\" alt=\"CP_MALZIEU_NELSON-page-002\" width=\"724\" height=\"1024\" \/><\/a><a href=\"\/2023\/03\/CP_MALZIEU_NELSON-page-0031.jpg\" target=\"_blank\" rel=\"noopener\"><img decoding=\"async\" class=\"aligncenter wp-image-198699 size-large\" src=\"\/2023\/03\/CP_MALZIEU_NELSON-page-0031-724x1024.jpg\" alt=\"CP_MALZIEU_NELSON-page-003\" width=\"724\" height=\"1024\" \/><\/a><a href=\"\/2023\/03\/CP_MALZIEU_NELSON-page-0041.jpg\" target=\"_blank\" rel=\"noopener\"><img decoding=\"async\" class=\"aligncenter wp-image-198700 size-large\" src=\"\/2023\/03\/CP_MALZIEU_NELSON-page-0041-1024x486.jpg\" alt=\"CP_MALZIEU_NELSON-page-004\" width=\"960\" height=\"456\" \/><\/a><\/p>\n","protected":false},"excerpt":{"rendered":"","protected":false},"author":44,"featured_media":63336,"comment_status":"open","ping_status":"open","sticky":false,"template":"","format":"standard","meta":{"footnotes":""},"categories":[8019,3900,7847,2915],"tags":[14050,3559,13902,14051,11590],"class_list":["post-63335","post","type-post","status-publish","format-standard","has-post-thumbnail","hentry","category-vie-artistique-art-culture","category-breves","category-art-culture","category-saint-die-son-canton","tag-daria-nelson","tag-espace-georges-sadoul","tag-la-symphonie-du-temps-qui-passe","tag-mathias-malzieu","tag-saison-2022-2023-du-spectacle-vivant-de-la-communaute-dagglomeration-de-saint-die-des-vosges"],"acf":[],"yoast_head":"<!-- This site is optimized with the Yoast SEO plugin v22.5 - https:\/\/yoast.com\/wordpress\/plugins\/seo\/ -->\n<title>Spectacle vivant : &quot;La symphonie du temps qui passe&quot; par Mathias Malzieu et Daria Nelson - Saint Die Info<\/title>\n<meta name=\"robots\" content=\"index, follow, max-snippet:-1, max-image-preview:large, max-video-preview:-1\" \/>\n<link rel=\"canonical\" href=\"https:\/\/vosgesinfo.fr\/saintdieinfo\/2023\/03\/spectacle-vivant-symphonie-temps-passe-mathias-malzieu-daria-nelson\/\" \/>\n<meta name=\"twitter:card\" content=\"summary_large_image\" \/>\n<meta name=\"twitter:title\" content=\"Spectacle vivant : &quot;La symphonie du temps qui passe&quot; par Mathias Malzieu et Daria Nelson - Saint Die Info\" \/>\n<meta name=\"twitter:image\" content=\"https:\/\/vosgesinfo.fr\/app\/uploads\/sites\/4\/2024\/08\/202303symphonie-du-temps-qui-passe-1.jpg\" \/>\n<meta name=\"twitter:creator\" content=\"@VosgesInfo88\" \/>\n<meta name=\"twitter:site\" content=\"@VosgesInfo88\" \/>\n<meta name=\"twitter:label1\" content=\"\u00c9crit par\" \/>\n\t<meta name=\"twitter:data1\" content=\"la r\u00e9daction\" \/>\n<script type=\"application\/ld+json\" class=\"yoast-schema-graph\">{\"@context\":\"https:\/\/schema.org\",\"@graph\":[{\"@type\":\"Article\",\"@id\":\"https:\/\/vosgesinfo.fr\/saintdieinfo\/2023\/03\/spectacle-vivant-symphonie-temps-passe-mathias-malzieu-daria-nelson\/#article\",\"isPartOf\":{\"@id\":\"https:\/\/vosgesinfo.fr\/saintdieinfo\/2023\/03\/spectacle-vivant-symphonie-temps-passe-mathias-malzieu-daria-nelson\/\"},\"author\":{\"name\":\"la r\u00e9daction\",\"@id\":\"https:\/\/vosgesinfo.fr\/saintdieinfo\/#\/schema\/person\/faee6704a21f3977511db84bd1cd450f\"},\"headline\":\"Spectacle vivant : \u00ab\u00a0La symphonie du temps qui passe\u00a0\u00bb par Mathias Malzieu et Daria Nelson\",\"datePublished\":\"2023-03-21T07:39:35+00:00\",\"dateModified\":\"2023-03-21T07:39:35+00:00\",\"mainEntityOfPage\":{\"@id\":\"https:\/\/vosgesinfo.fr\/saintdieinfo\/2023\/03\/spectacle-vivant-symphonie-temps-passe-mathias-malzieu-daria-nelson\/\"},\"wordCount\":14,\"commentCount\":0,\"publisher\":{\"@id\":\"https:\/\/vosgesinfo.fr\/saintdieinfo\/#organization\"},\"image\":{\"@id\":\"https:\/\/vosgesinfo.fr\/saintdieinfo\/2023\/03\/spectacle-vivant-symphonie-temps-passe-mathias-malzieu-daria-nelson\/#primaryimage\"},\"thumbnailUrl\":\"https:\/\/vosgesinfo.fr\/app\/uploads\/sites\/4\/2024\/08\/202303symphonie-du-temps-qui-passe-1.jpg\",\"keywords\":[\"Daria Nelson\",\"Espace Georges-Sadoul\",\"La symphonie du temps qui passe\",\"Mathias Malzieu\",\"Saison 2022 \u2013 2023 du spectacle vivant de la Communaut\u00e9 d'Agglom\u00e9ration de Saint-Di\u00e9-des-Vosges\"],\"articleSection\":[\"Art\",\"Br\u00e8ves\",\"Culture\",\"Saint-Di\u00e9-des-Vosges et son Agglom\u00e9ration\"],\"inLanguage\":\"fr-FR\",\"potentialAction\":[{\"@type\":\"CommentAction\",\"name\":\"Comment\",\"target\":[\"https:\/\/vosgesinfo.fr\/saintdieinfo\/2023\/03\/spectacle-vivant-symphonie-temps-passe-mathias-malzieu-daria-nelson\/#respond\"]}]},{\"@type\":\"WebPage\",\"@id\":\"https:\/\/vosgesinfo.fr\/saintdieinfo\/2023\/03\/spectacle-vivant-symphonie-temps-passe-mathias-malzieu-daria-nelson\/\",\"url\":\"https:\/\/vosgesinfo.fr\/saintdieinfo\/2023\/03\/spectacle-vivant-symphonie-temps-passe-mathias-malzieu-daria-nelson\/\",\"name\":\"Spectacle vivant : \\\"La symphonie du temps qui passe\\\" par Mathias Malzieu et Daria Nelson - Saint Die Info\",\"isPartOf\":{\"@id\":\"https:\/\/vosgesinfo.fr\/saintdieinfo\/#website\"},\"primaryImageOfPage\":{\"@id\":\"https:\/\/vosgesinfo.fr\/saintdieinfo\/2023\/03\/spectacle-vivant-symphonie-temps-passe-mathias-malzieu-daria-nelson\/#primaryimage\"},\"image\":{\"@id\":\"https:\/\/vosgesinfo.fr\/saintdieinfo\/2023\/03\/spectacle-vivant-symphonie-temps-passe-mathias-malzieu-daria-nelson\/#primaryimage\"},\"thumbnailUrl\":\"https:\/\/vosgesinfo.fr\/app\/uploads\/sites\/4\/2024\/08\/202303symphonie-du-temps-qui-passe-1.jpg\",\"datePublished\":\"2023-03-21T07:39:35+00:00\",\"dateModified\":\"2023-03-21T07:39:35+00:00\",\"breadcrumb\":{\"@id\":\"https:\/\/vosgesinfo.fr\/saintdieinfo\/2023\/03\/spectacle-vivant-symphonie-temps-passe-mathias-malzieu-daria-nelson\/#breadcrumb\"},\"inLanguage\":\"fr-FR\",\"potentialAction\":[{\"@type\":\"ReadAction\",\"target\":[\"https:\/\/vosgesinfo.fr\/saintdieinfo\/2023\/03\/spectacle-vivant-symphonie-temps-passe-mathias-malzieu-daria-nelson\/\"]}]},{\"@type\":\"ImageObject\",\"inLanguage\":\"fr-FR\",\"@id\":\"https:\/\/vosgesinfo.fr\/saintdieinfo\/2023\/03\/spectacle-vivant-symphonie-temps-passe-mathias-malzieu-daria-nelson\/#primaryimage\",\"url\":\"https:\/\/vosgesinfo.fr\/app\/uploads\/sites\/4\/2024\/08\/202303symphonie-du-temps-qui-passe-1.jpg\",\"contentUrl\":\"https:\/\/vosgesinfo.fr\/app\/uploads\/sites\/4\/2024\/08\/202303symphonie-du-temps-qui-passe-1.jpg\",\"width\":684,\"height\":538},{\"@type\":\"BreadcrumbList\",\"@id\":\"https:\/\/vosgesinfo.fr\/saintdieinfo\/2023\/03\/spectacle-vivant-symphonie-temps-passe-mathias-malzieu-daria-nelson\/#breadcrumb\",\"itemListElement\":[{\"@type\":\"ListItem\",\"position\":1,\"name\":\"Home\",\"item\":\"https:\/\/vosgesinfo.fr\/saintdieinfo\/\"},{\"@type\":\"ListItem\",\"position\":2,\"name\":\"Spectacle vivant : \u00ab\u00a0La symphonie du temps qui passe\u00a0\u00bb par Mathias Malzieu et Daria Nelson\"}]},{\"@type\":\"WebSite\",\"@id\":\"https:\/\/vosgesinfo.fr\/saintdieinfo\/#website\",\"url\":\"https:\/\/vosgesinfo.fr\/saintdieinfo\/\",\"name\":\"Saint Die Info\",\"description\":\"Toute l&#039;actualit\u00e9 de Saint-Di\u00e9-Des-Vosges\",\"publisher\":{\"@id\":\"https:\/\/vosgesinfo.fr\/saintdieinfo\/#organization\"},\"alternateName\":\"Toute l'actualit\u00e9 de Saint-Di\u00e9-Des-Vosges\",\"potentialAction\":[{\"@type\":\"SearchAction\",\"target\":{\"@type\":\"EntryPoint\",\"urlTemplate\":\"https:\/\/vosgesinfo.fr\/saintdieinfo\/?s={search_term_string}\"},\"query-input\":\"required name=search_term_string\"}],\"inLanguage\":\"fr-FR\"},{\"@type\":\"Organization\",\"@id\":\"https:\/\/vosgesinfo.fr\/saintdieinfo\/#organization\",\"name\":\"Saint Die Info\",\"url\":\"https:\/\/vosgesinfo.fr\/saintdieinfo\/\",\"logo\":{\"@type\":\"ImageObject\",\"inLanguage\":\"fr-FR\",\"@id\":\"https:\/\/vosgesinfo.fr\/saintdieinfo\/#\/schema\/logo\/image\/\",\"url\":\"https:\/\/vosgesinfo.fr\/app\/uploads\/sites\/4\/2024\/02\/logo-sdi.jpg\",\"contentUrl\":\"https:\/\/vosgesinfo.fr\/app\/uploads\/sites\/4\/2024\/02\/logo-sdi.jpg\",\"width\":600,\"height\":600,\"caption\":\"Saint Die Info\"},\"image\":{\"@id\":\"https:\/\/vosgesinfo.fr\/saintdieinfo\/#\/schema\/logo\/image\/\"},\"sameAs\":[\"https:\/\/www.facebook.com\/Saintdieinfofr\",\"https:\/\/x.com\/VosgesInfo88\",\"https:\/\/www.youtube.com\/@vosgesinfo\"]},{\"@type\":\"Person\",\"@id\":\"https:\/\/vosgesinfo.fr\/saintdieinfo\/#\/schema\/person\/faee6704a21f3977511db84bd1cd450f\",\"name\":\"la r\u00e9daction\",\"image\":{\"@type\":\"ImageObject\",\"inLanguage\":\"fr-FR\",\"@id\":\"https:\/\/vosgesinfo.fr\/saintdieinfo\/#\/schema\/person\/image\/\",\"url\":\"https:\/\/secure.gravatar.com\/avatar\/6673d8bc6a9c17fa9a453eaa3448de834fa308c2ec9635b7aa99441a7c8d2cf6?s=96&d=mm&r=g\",\"contentUrl\":\"https:\/\/secure.gravatar.com\/avatar\/6673d8bc6a9c17fa9a453eaa3448de834fa308c2ec9635b7aa99441a7c8d2cf6?s=96&d=mm&r=g\",\"caption\":\"la r\u00e9daction\"},\"url\":\"https:\/\/vosgesinfo.fr\/saintdieinfo\/author\/redac\/\"}]}<\/script>\n<!-- \/ Yoast SEO plugin. -->","yoast_head_json":{"title":"Spectacle vivant : \"La symphonie du temps qui passe\" par Mathias Malzieu et Daria Nelson - Saint Die Info","robots":{"index":"index","follow":"follow","max-snippet":"max-snippet:-1","max-image-preview":"max-image-preview:large","max-video-preview":"max-video-preview:-1"},"canonical":"https:\/\/vosgesinfo.fr\/saintdieinfo\/2023\/03\/spectacle-vivant-symphonie-temps-passe-mathias-malzieu-daria-nelson\/","twitter_card":"summary_large_image","twitter_title":"Spectacle vivant : \"La symphonie du temps qui passe\" par Mathias Malzieu et Daria Nelson - Saint Die Info","twitter_image":"https:\/\/vosgesinfo.fr\/app\/uploads\/sites\/4\/2024\/08\/202303symphonie-du-temps-qui-passe-1.jpg","twitter_creator":"@VosgesInfo88","twitter_site":"@VosgesInfo88","twitter_misc":{"\u00c9crit par":"la r\u00e9daction"},"schema":{"@context":"https:\/\/schema.org","@graph":[{"@type":"Article","@id":"https:\/\/vosgesinfo.fr\/saintdieinfo\/2023\/03\/spectacle-vivant-symphonie-temps-passe-mathias-malzieu-daria-nelson\/#article","isPartOf":{"@id":"https:\/\/vosgesinfo.fr\/saintdieinfo\/2023\/03\/spectacle-vivant-symphonie-temps-passe-mathias-malzieu-daria-nelson\/"},"author":{"name":"la r\u00e9daction","@id":"https:\/\/vosgesinfo.fr\/saintdieinfo\/#\/schema\/person\/faee6704a21f3977511db84bd1cd450f"},"headline":"Spectacle vivant : \u00ab\u00a0La symphonie du temps qui passe\u00a0\u00bb par Mathias Malzieu et Daria Nelson","datePublished":"2023-03-21T07:39:35+00:00","dateModified":"2023-03-21T07:39:35+00:00","mainEntityOfPage":{"@id":"https:\/\/vosgesinfo.fr\/saintdieinfo\/2023\/03\/spectacle-vivant-symphonie-temps-passe-mathias-malzieu-daria-nelson\/"},"wordCount":14,"commentCount":0,"publisher":{"@id":"https:\/\/vosgesinfo.fr\/saintdieinfo\/#organization"},"image":{"@id":"https:\/\/vosgesinfo.fr\/saintdieinfo\/2023\/03\/spectacle-vivant-symphonie-temps-passe-mathias-malzieu-daria-nelson\/#primaryimage"},"thumbnailUrl":"https:\/\/vosgesinfo.fr\/app\/uploads\/sites\/4\/2024\/08\/202303symphonie-du-temps-qui-passe-1.jpg","keywords":["Daria Nelson","Espace Georges-Sadoul","La symphonie du temps qui passe","Mathias Malzieu","Saison 2022 \u2013 2023 du spectacle vivant de la Communaut\u00e9 d'Agglom\u00e9ration de Saint-Di\u00e9-des-Vosges"],"articleSection":["Art","Br\u00e8ves","Culture","Saint-Di\u00e9-des-Vosges et son Agglom\u00e9ration"],"inLanguage":"fr-FR","potentialAction":[{"@type":"CommentAction","name":"Comment","target":["https:\/\/vosgesinfo.fr\/saintdieinfo\/2023\/03\/spectacle-vivant-symphonie-temps-passe-mathias-malzieu-daria-nelson\/#respond"]}]},{"@type":"WebPage","@id":"https:\/\/vosgesinfo.fr\/saintdieinfo\/2023\/03\/spectacle-vivant-symphonie-temps-passe-mathias-malzieu-daria-nelson\/","url":"https:\/\/vosgesinfo.fr\/saintdieinfo\/2023\/03\/spectacle-vivant-symphonie-temps-passe-mathias-malzieu-daria-nelson\/","name":"Spectacle vivant : \"La symphonie du temps qui passe\" par Mathias Malzieu et Daria Nelson - Saint Die Info","isPartOf":{"@id":"https:\/\/vosgesinfo.fr\/saintdieinfo\/#website"},"primaryImageOfPage":{"@id":"https:\/\/vosgesinfo.fr\/saintdieinfo\/2023\/03\/spectacle-vivant-symphonie-temps-passe-mathias-malzieu-daria-nelson\/#primaryimage"},"image":{"@id":"https:\/\/vosgesinfo.fr\/saintdieinfo\/2023\/03\/spectacle-vivant-symphonie-temps-passe-mathias-malzieu-daria-nelson\/#primaryimage"},"thumbnailUrl":"https:\/\/vosgesinfo.fr\/app\/uploads\/sites\/4\/2024\/08\/202303symphonie-du-temps-qui-passe-1.jpg","datePublished":"2023-03-21T07:39:35+00:00","dateModified":"2023-03-21T07:39:35+00:00","breadcrumb":{"@id":"https:\/\/vosgesinfo.fr\/saintdieinfo\/2023\/03\/spectacle-vivant-symphonie-temps-passe-mathias-malzieu-daria-nelson\/#breadcrumb"},"inLanguage":"fr-FR","potentialAction":[{"@type":"ReadAction","target":["https:\/\/vosgesinfo.fr\/saintdieinfo\/2023\/03\/spectacle-vivant-symphonie-temps-passe-mathias-malzieu-daria-nelson\/"]}]},{"@type":"ImageObject","inLanguage":"fr-FR","@id":"https:\/\/vosgesinfo.fr\/saintdieinfo\/2023\/03\/spectacle-vivant-symphonie-temps-passe-mathias-malzieu-daria-nelson\/#primaryimage","url":"https:\/\/vosgesinfo.fr\/app\/uploads\/sites\/4\/2024\/08\/202303symphonie-du-temps-qui-passe-1.jpg","contentUrl":"https:\/\/vosgesinfo.fr\/app\/uploads\/sites\/4\/2024\/08\/202303symphonie-du-temps-qui-passe-1.jpg","width":684,"height":538},{"@type":"BreadcrumbList","@id":"https:\/\/vosgesinfo.fr\/saintdieinfo\/2023\/03\/spectacle-vivant-symphonie-temps-passe-mathias-malzieu-daria-nelson\/#breadcrumb","itemListElement":[{"@type":"ListItem","position":1,"name":"Home","item":"https:\/\/vosgesinfo.fr\/saintdieinfo\/"},{"@type":"ListItem","position":2,"name":"Spectacle vivant : \u00ab\u00a0La symphonie du temps qui passe\u00a0\u00bb par Mathias Malzieu et Daria Nelson"}]},{"@type":"WebSite","@id":"https:\/\/vosgesinfo.fr\/saintdieinfo\/#website","url":"https:\/\/vosgesinfo.fr\/saintdieinfo\/","name":"Saint Die Info","description":"Toute l&#039;actualit\u00e9 de Saint-Di\u00e9-Des-Vosges","publisher":{"@id":"https:\/\/vosgesinfo.fr\/saintdieinfo\/#organization"},"alternateName":"Toute l'actualit\u00e9 de Saint-Di\u00e9-Des-Vosges","potentialAction":[{"@type":"SearchAction","target":{"@type":"EntryPoint","urlTemplate":"https:\/\/vosgesinfo.fr\/saintdieinfo\/?s={search_term_string}"},"query-input":"required name=search_term_string"}],"inLanguage":"fr-FR"},{"@type":"Organization","@id":"https:\/\/vosgesinfo.fr\/saintdieinfo\/#organization","name":"Saint Die Info","url":"https:\/\/vosgesinfo.fr\/saintdieinfo\/","logo":{"@type":"ImageObject","inLanguage":"fr-FR","@id":"https:\/\/vosgesinfo.fr\/saintdieinfo\/#\/schema\/logo\/image\/","url":"https:\/\/vosgesinfo.fr\/app\/uploads\/sites\/4\/2024\/02\/logo-sdi.jpg","contentUrl":"https:\/\/vosgesinfo.fr\/app\/uploads\/sites\/4\/2024\/02\/logo-sdi.jpg","width":600,"height":600,"caption":"Saint Die Info"},"image":{"@id":"https:\/\/vosgesinfo.fr\/saintdieinfo\/#\/schema\/logo\/image\/"},"sameAs":["https:\/\/www.facebook.com\/Saintdieinfofr","https:\/\/x.com\/VosgesInfo88","https:\/\/www.youtube.com\/@vosgesinfo"]},{"@type":"Person","@id":"https:\/\/vosgesinfo.fr\/saintdieinfo\/#\/schema\/person\/faee6704a21f3977511db84bd1cd450f","name":"la r\u00e9daction","image":{"@type":"ImageObject","inLanguage":"fr-FR","@id":"https:\/\/vosgesinfo.fr\/saintdieinfo\/#\/schema\/person\/image\/","url":"https:\/\/secure.gravatar.com\/avatar\/6673d8bc6a9c17fa9a453eaa3448de834fa308c2ec9635b7aa99441a7c8d2cf6?s=96&d=mm&r=g","contentUrl":"https:\/\/secure.gravatar.com\/avatar\/6673d8bc6a9c17fa9a453eaa3448de834fa308c2ec9635b7aa99441a7c8d2cf6?s=96&d=mm&r=g","caption":"la r\u00e9daction"},"url":"https:\/\/vosgesinfo.fr\/saintdieinfo\/author\/redac\/"}]}},"_links":{"self":[{"href":"https:\/\/vosgesinfo.fr\/saintdieinfo\/wp-json\/wp\/v2\/posts\/63335","targetHints":{"allow":["GET"]}}],"collection":[{"href":"https:\/\/vosgesinfo.fr\/saintdieinfo\/wp-json\/wp\/v2\/posts"}],"about":[{"href":"https:\/\/vosgesinfo.fr\/saintdieinfo\/wp-json\/wp\/v2\/types\/post"}],"author":[{"embeddable":true,"href":"https:\/\/vosgesinfo.fr\/saintdieinfo\/wp-json\/wp\/v2\/users\/44"}],"replies":[{"embeddable":true,"href":"https:\/\/vosgesinfo.fr\/saintdieinfo\/wp-json\/wp\/v2\/comments?post=63335"}],"version-history":[{"count":0,"href":"https:\/\/vosgesinfo.fr\/saintdieinfo\/wp-json\/wp\/v2\/posts\/63335\/revisions"}],"wp:featuredmedia":[{"embeddable":true,"href":"https:\/\/vosgesinfo.fr\/saintdieinfo\/wp-json\/wp\/v2\/media\/63336"}],"wp:attachment":[{"href":"https:\/\/vosgesinfo.fr\/saintdieinfo\/wp-json\/wp\/v2\/media?parent=63335"}],"wp:term":[{"taxonomy":"category","embeddable":true,"href":"https:\/\/vosgesinfo.fr\/saintdieinfo\/wp-json\/wp\/v2\/categories?post=63335"},{"taxonomy":"post_tag","embeddable":true,"href":"https:\/\/vosgesinfo.fr\/saintdieinfo\/wp-json\/wp\/v2\/tags?post=63335"}],"curies":[{"name":"wp","href":"https:\/\/api.w.org\/{rel}","templated":true}]}}