{"id":63341,"date":"2023-03-21T09:36:07","date_gmt":"2023-03-21T08:36:07","guid":{"rendered":"https:\/\/vosgesinfo.fr\/saintdieinfo\/2023\/03\/raon-letape-blocage-lycee-louis-geisler-contre-suppression-poste-de-proviseur-adjoint\/"},"modified":"2023-03-21T09:36:07","modified_gmt":"2023-03-21T08:36:07","slug":"raon-letape-blocage-lycee-louis-geisler-contre-suppression-poste-de-proviseur-adjoint","status":"publish","type":"post","link":"https:\/\/vosgesinfo.fr\/saintdieinfo\/2023\/03\/raon-letape-blocage-lycee-louis-geisler-contre-suppression-poste-de-proviseur-adjoint\/","title":{"rendered":"Raon-l&rsquo;Etape \u2013 Blocage du lyc\u00e9e Louis-Geisler contre la suppression du poste de proviseur-adjoint"},"content":{"rendered":"<p><a href=\"\/2023\/03\/Raon-lEtape-Suppression_Poste_Proviseur-Adjoint_Lyc\u00e9e_Louis-Geisler.jpg\" target=\"_blank\" rel=\"noopener\"><img decoding=\"async\" class=\"aligncenter wp-image-198711 size-large\" src=\"\/2023\/03\/Raon-lEtape-Suppression_Poste_Proviseur-Adjoint_Lyc\u00e9e_Louis-Geisler-1024x643.jpg\" alt=\"Raon-l'Etape-Suppression_Poste_Proviseur-Adjoint_Lyc\u00e9e_Louis-Geisler\" width=\"960\" height=\"603\" \/><\/a><\/p>\n<h2><strong><span style=\"font-size: 14pt;\">Ce mardi en d\u00e9but de matin\u00e9e, \u00e0 partir de 8h, un blocage \u00e9tait organis\u00e9 au lyc\u00e9e Louis-Geisler de Raon-l&rsquo;Etape. Ce blocage men\u00e9 par les enseignants du lyc\u00e9e professionnel fait suite \u00e0 l&rsquo;annonce, lors du conseil d&rsquo;administration 14 mars, de la suppression du poste de proviseur-adjoint \u00e0 la prochaine rentr\u00e9e de septembre. Une suppression qui devrait \u00eatre act\u00e9e d\u00e8s ce jeudi 23 mars.<\/span><\/strong><\/h2>\n<p><!--more--><\/p>\n<p>La stupeur et l&rsquo;inqui\u00e9tude sont fortes chez les enseignants, qui estiment que \u00ab\u00a0ce poste est absolument n\u00e9cessaire au bon fonctionnement du lyc\u00e9e. Cette suppression impactera le travail de l&rsquo;ensemble des autres personnels. Le r\u00f4le et les missions du proviseur-adjoint ne pourront pas \u00eatre palli\u00e9s par les autres personnels, sinon en rognant sur la qualit\u00e9 des services propos\u00e9s. Les \u00e9l\u00e8ves seront les premi\u00e8res victimes des dommages collat\u00e9raux li\u00e9s \u00e0 la suppression de ce poste.\u00a0\u00bb<\/p>\n<p>En marge de l&rsquo;action de ce matin, un courrier a \u00e9t\u00e9 adress\u00e9 \u00e0 Val\u00e9rie Dautresme, inspectrice d&rsquo;Acad\u00e9mie et directrice acad\u00e9mique des services de l&rsquo;Education Nationale des Vosges. Car cette d\u00e9cision de suppression de poste \u00e9mane de l&rsquo;Acad\u00e9mie. Un courrier dans lequel on peut notamment lire que \u00ab\u00a0Les \u00e9l\u00e8ves que nous accueillons sont issus de familles devant composer avec ces donn\u00e9es \u00e9conomico-sociales et sont fragiles par bien des aspects. En ce sens, le r\u00f4le de notre proviseur-adjoint est essentiel pour nous aider \u00e0 encadrer ces jeunes souvent en \u00e9chec au coll\u00e8ge et ayant peu d&rsquo;estime d&rsquo;eux-m\u00eames quand ils nous arrivent. L&rsquo;accompagnement men\u00e9 par le proviseur-adjoint en parall\u00e8le des \u00e9quipes enseignantes est en notre sens primordial. Une d\u00e9cision aussi brutale, \u00e0 un trimestre de la fin d&rsquo;ann\u00e9e scolaire, serait incontestablement vectrice de d\u00e9sorganisation et de stress pour l&rsquo;ensemble de nos \u00e9quipes.\u00a0\u00bb<\/p>\n<p>Pour rappel, un autre \u00e9tablissement scolaire de Raon-l&rsquo;Etape est concern\u00e9 par une suppression de poste. Il s&rsquo;agit du groupe scolaire du Tilleul, o\u00f9 cette suppression entra\u00eenera la fermeture d&rsquo;une classe \u00e0 la rentr\u00e9e 2023 (<a href=\"https:\/\/saintdieinfo.fr\/2023\/02\/raon-letape-mobilisation-contre-fermeture-dune-classe-groupe-scolaire-tilleul\/\" target=\"_blank\" rel=\"noopener\">lire notre article<\/a>).<\/p>\n<p>J.J.<\/p>\n<p><iframe loading=\"lazy\" src=\"\/\/www.youtube.com\/embed\/p19B7srekNo\" width=\"425\" height=\"350\" allowfullscreen=\"allowfullscreen\"><\/iframe><\/p>\n","protected":false},"excerpt":{"rendered":"<p>Ce mardi en d\u00e9but de matin\u00e9e, \u00e0 partir de 8h, un blocage \u00e9tait organis\u00e9 au lyc\u00e9e Louis-Geisler de Raon-l&rsquo;Etape. Ce [&hellip;]<\/p>\n","protected":false},"author":44,"featured_media":63342,"comment_status":"open","ping_status":"open","sticky":false,"template":"","format":"standard","meta":{"footnotes":""},"categories":[460,6,2915],"tags":[14052,4081,14053,2654,14054],"class_list":["post-63341","post","type-post","status-publish","format-standard","has-post-thumbnail","hentry","category-a-la-une","category-education","category-saint-die-son-canton","tag-blocage-du-lycee-louis-geisler","tag-education-nationale","tag-lycee-professionnel-louis-geisler","tag-raon-letape","tag-suppression-du-poste-de-proviseur-adjoint-au-lycee-louis-geisler"],"acf":[],"yoast_head":"<!-- This site is optimized with the Yoast SEO plugin v22.5 - https:\/\/yoast.com\/wordpress\/plugins\/seo\/ -->\n<title>Raon-l&#039;Etape \u2013 Blocage du lyc\u00e9e Louis-Geisler contre la suppression du poste de proviseur-adjoint - Saint Die Info<\/title>\n<meta name=\"robots\" content=\"index, follow, max-snippet:-1, max-image-preview:large, max-video-preview:-1\" \/>\n<link rel=\"canonical\" href=\"https:\/\/vosgesinfo.fr\/saintdieinfo\/2023\/03\/raon-letape-blocage-lycee-louis-geisler-contre-suppression-poste-de-proviseur-adjoint\/\" \/>\n<meta name=\"twitter:card\" content=\"summary_large_image\" \/>\n<meta name=\"twitter:title\" content=\"Raon-l&#039;Etape \u2013 Blocage du lyc\u00e9e Louis-Geisler contre la suppression du poste de proviseur-adjoint - Saint Die Info\" \/>\n<meta name=\"twitter:description\" content=\"Ce mardi en d\u00e9but de matin\u00e9e, \u00e0 partir de 8h, un blocage \u00e9tait organis\u00e9 au lyc\u00e9e Louis-Geisler de Raon-l&rsquo;Etape. Ce [&hellip;]\" \/>\n<meta name=\"twitter:image\" content=\"https:\/\/vosgesinfo.fr\/app\/uploads\/sites\/4\/2024\/08\/202303raon-letape-suppression-poste-proviseur-adjoint-lycee-louis-geisler.jpg\" \/>\n<meta name=\"twitter:creator\" content=\"@VosgesInfo88\" \/>\n<meta name=\"twitter:site\" content=\"@VosgesInfo88\" \/>\n<meta name=\"twitter:label1\" content=\"\u00c9crit par\" \/>\n\t<meta name=\"twitter:data1\" content=\"la r\u00e9daction\" \/>\n\t<meta name=\"twitter:label2\" content=\"Dur\u00e9e de lecture estim\u00e9e\" \/>\n\t<meta name=\"twitter:data2\" content=\"2 minutes\" \/>\n<script type=\"application\/ld+json\" class=\"yoast-schema-graph\">{\"@context\":\"https:\/\/schema.org\",\"@graph\":[{\"@type\":\"Article\",\"@id\":\"https:\/\/vosgesinfo.fr\/saintdieinfo\/2023\/03\/raon-letape-blocage-lycee-louis-geisler-contre-suppression-poste-de-proviseur-adjoint\/#article\",\"isPartOf\":{\"@id\":\"https:\/\/vosgesinfo.fr\/saintdieinfo\/2023\/03\/raon-letape-blocage-lycee-louis-geisler-contre-suppression-poste-de-proviseur-adjoint\/\"},\"author\":{\"name\":\"la r\u00e9daction\",\"@id\":\"https:\/\/vosgesinfo.fr\/saintdieinfo\/#\/schema\/person\/faee6704a21f3977511db84bd1cd450f\"},\"headline\":\"Raon-l&rsquo;Etape \u2013 Blocage du lyc\u00e9e Louis-Geisler contre la suppression du poste de proviseur-adjoint\",\"datePublished\":\"2023-03-21T08:36:07+00:00\",\"dateModified\":\"2023-03-21T08:36:07+00:00\",\"mainEntityOfPage\":{\"@id\":\"https:\/\/vosgesinfo.fr\/saintdieinfo\/2023\/03\/raon-letape-blocage-lycee-louis-geisler-contre-suppression-poste-de-proviseur-adjoint\/\"},\"wordCount\":366,\"commentCount\":0,\"publisher\":{\"@id\":\"https:\/\/vosgesinfo.fr\/saintdieinfo\/#organization\"},\"image\":{\"@id\":\"https:\/\/vosgesinfo.fr\/saintdieinfo\/2023\/03\/raon-letape-blocage-lycee-louis-geisler-contre-suppression-poste-de-proviseur-adjoint\/#primaryimage\"},\"thumbnailUrl\":\"https:\/\/vosgesinfo.fr\/app\/uploads\/sites\/4\/2024\/08\/202303raon-letape-suppression-poste-proviseur-adjoint-lycee-louis-geisler.jpg\",\"keywords\":[\"Blocage du lyc\u00e9e Louis-Geisler\",\"Education Nationale\",\"Lyc\u00e9e Professionnel Louis-Geisler\",\"Raon-l\u2019Etape\",\"Suppression du poste de proviseur-adjoint au lyc\u00e9e Louis-Geisler\"],\"articleSection\":[\"A la Une\",\"\u00c9ducation\",\"Saint-Di\u00e9-des-Vosges et son Agglom\u00e9ration\"],\"inLanguage\":\"fr-FR\",\"potentialAction\":[{\"@type\":\"CommentAction\",\"name\":\"Comment\",\"target\":[\"https:\/\/vosgesinfo.fr\/saintdieinfo\/2023\/03\/raon-letape-blocage-lycee-louis-geisler-contre-suppression-poste-de-proviseur-adjoint\/#respond\"]}]},{\"@type\":\"WebPage\",\"@id\":\"https:\/\/vosgesinfo.fr\/saintdieinfo\/2023\/03\/raon-letape-blocage-lycee-louis-geisler-contre-suppression-poste-de-proviseur-adjoint\/\",\"url\":\"https:\/\/vosgesinfo.fr\/saintdieinfo\/2023\/03\/raon-letape-blocage-lycee-louis-geisler-contre-suppression-poste-de-proviseur-adjoint\/\",\"name\":\"Raon-l'Etape \u2013 Blocage du lyc\u00e9e Louis-Geisler contre la suppression du poste de proviseur-adjoint - Saint Die Info\",\"isPartOf\":{\"@id\":\"https:\/\/vosgesinfo.fr\/saintdieinfo\/#website\"},\"primaryImageOfPage\":{\"@id\":\"https:\/\/vosgesinfo.fr\/saintdieinfo\/2023\/03\/raon-letape-blocage-lycee-louis-geisler-contre-suppression-poste-de-proviseur-adjoint\/#primaryimage\"},\"image\":{\"@id\":\"https:\/\/vosgesinfo.fr\/saintdieinfo\/2023\/03\/raon-letape-blocage-lycee-louis-geisler-contre-suppression-poste-de-proviseur-adjoint\/#primaryimage\"},\"thumbnailUrl\":\"https:\/\/vosgesinfo.fr\/app\/uploads\/sites\/4\/2024\/08\/202303raon-letape-suppression-poste-proviseur-adjoint-lycee-louis-geisler.jpg\",\"datePublished\":\"2023-03-21T08:36:07+00:00\",\"dateModified\":\"2023-03-21T08:36:07+00:00\",\"breadcrumb\":{\"@id\":\"https:\/\/vosgesinfo.fr\/saintdieinfo\/2023\/03\/raon-letape-blocage-lycee-louis-geisler-contre-suppression-poste-de-proviseur-adjoint\/#breadcrumb\"},\"inLanguage\":\"fr-FR\",\"potentialAction\":[{\"@type\":\"ReadAction\",\"target\":[\"https:\/\/vosgesinfo.fr\/saintdieinfo\/2023\/03\/raon-letape-blocage-lycee-louis-geisler-contre-suppression-poste-de-proviseur-adjoint\/\"]}]},{\"@type\":\"ImageObject\",\"inLanguage\":\"fr-FR\",\"@id\":\"https:\/\/vosgesinfo.fr\/saintdieinfo\/2023\/03\/raon-letape-blocage-lycee-louis-geisler-contre-suppression-poste-de-proviseur-adjoint\/#primaryimage\",\"url\":\"https:\/\/vosgesinfo.fr\/app\/uploads\/sites\/4\/2024\/08\/202303raon-letape-suppression-poste-proviseur-adjoint-lycee-louis-geisler.jpg\",\"contentUrl\":\"https:\/\/vosgesinfo.fr\/app\/uploads\/sites\/4\/2024\/08\/202303raon-letape-suppression-poste-proviseur-adjoint-lycee-louis-geisler.jpg\",\"width\":1989,\"height\":1248},{\"@type\":\"BreadcrumbList\",\"@id\":\"https:\/\/vosgesinfo.fr\/saintdieinfo\/2023\/03\/raon-letape-blocage-lycee-louis-geisler-contre-suppression-poste-de-proviseur-adjoint\/#breadcrumb\",\"itemListElement\":[{\"@type\":\"ListItem\",\"position\":1,\"name\":\"Home\",\"item\":\"https:\/\/vosgesinfo.fr\/saintdieinfo\/\"},{\"@type\":\"ListItem\",\"position\":2,\"name\":\"Raon-l&rsquo;Etape \u2013 Blocage du lyc\u00e9e Louis-Geisler contre la suppression du poste de proviseur-adjoint\"}]},{\"@type\":\"WebSite\",\"@id\":\"https:\/\/vosgesinfo.fr\/saintdieinfo\/#website\",\"url\":\"https:\/\/vosgesinfo.fr\/saintdieinfo\/\",\"name\":\"Saint Die Info\",\"description\":\"Toute l&#039;actualit\u00e9 de Saint-Di\u00e9-Des-Vosges\",\"publisher\":{\"@id\":\"https:\/\/vosgesinfo.fr\/saintdieinfo\/#organization\"},\"alternateName\":\"Toute l'actualit\u00e9 de Saint-Di\u00e9-Des-Vosges\",\"potentialAction\":[{\"@type\":\"SearchAction\",\"target\":{\"@type\":\"EntryPoint\",\"urlTemplate\":\"https:\/\/vosgesinfo.fr\/saintdieinfo\/?s={search_term_string}\"},\"query-input\":\"required name=search_term_string\"}],\"inLanguage\":\"fr-FR\"},{\"@type\":\"Organization\",\"@id\":\"https:\/\/vosgesinfo.fr\/saintdieinfo\/#organization\",\"name\":\"Saint Die Info\",\"url\":\"https:\/\/vosgesinfo.fr\/saintdieinfo\/\",\"logo\":{\"@type\":\"ImageObject\",\"inLanguage\":\"fr-FR\",\"@id\":\"https:\/\/vosgesinfo.fr\/saintdieinfo\/#\/schema\/logo\/image\/\",\"url\":\"https:\/\/vosgesinfo.fr\/app\/uploads\/sites\/4\/2024\/02\/logo-sdi.jpg\",\"contentUrl\":\"https:\/\/vosgesinfo.fr\/app\/uploads\/sites\/4\/2024\/02\/logo-sdi.jpg\",\"width\":600,\"height\":600,\"caption\":\"Saint Die Info\"},\"image\":{\"@id\":\"https:\/\/vosgesinfo.fr\/saintdieinfo\/#\/schema\/logo\/image\/\"},\"sameAs\":[\"https:\/\/www.facebook.com\/Saintdieinfofr\",\"https:\/\/x.com\/VosgesInfo88\",\"https:\/\/www.youtube.com\/@vosgesinfo\"]},{\"@type\":\"Person\",\"@id\":\"https:\/\/vosgesinfo.fr\/saintdieinfo\/#\/schema\/person\/faee6704a21f3977511db84bd1cd450f\",\"name\":\"la r\u00e9daction\",\"image\":{\"@type\":\"ImageObject\",\"inLanguage\":\"fr-FR\",\"@id\":\"https:\/\/vosgesinfo.fr\/saintdieinfo\/#\/schema\/person\/image\/\",\"url\":\"https:\/\/secure.gravatar.com\/avatar\/6673d8bc6a9c17fa9a453eaa3448de834fa308c2ec9635b7aa99441a7c8d2cf6?s=96&d=mm&r=g\",\"contentUrl\":\"https:\/\/secure.gravatar.com\/avatar\/6673d8bc6a9c17fa9a453eaa3448de834fa308c2ec9635b7aa99441a7c8d2cf6?s=96&d=mm&r=g\",\"caption\":\"la r\u00e9daction\"},\"url\":\"https:\/\/vosgesinfo.fr\/saintdieinfo\/author\/redac\/\"}]}<\/script>\n<!-- \/ Yoast SEO plugin. -->","yoast_head_json":{"title":"Raon-l'Etape \u2013 Blocage du lyc\u00e9e Louis-Geisler contre la suppression du poste de proviseur-adjoint - Saint Die Info","robots":{"index":"index","follow":"follow","max-snippet":"max-snippet:-1","max-image-preview":"max-image-preview:large","max-video-preview":"max-video-preview:-1"},"canonical":"https:\/\/vosgesinfo.fr\/saintdieinfo\/2023\/03\/raon-letape-blocage-lycee-louis-geisler-contre-suppression-poste-de-proviseur-adjoint\/","twitter_card":"summary_large_image","twitter_title":"Raon-l'Etape \u2013 Blocage du lyc\u00e9e Louis-Geisler contre la suppression du poste de proviseur-adjoint - Saint Die Info","twitter_description":"Ce mardi en d\u00e9but de matin\u00e9e, \u00e0 partir de 8h, un blocage \u00e9tait organis\u00e9 au lyc\u00e9e Louis-Geisler de Raon-l&rsquo;Etape. Ce [&hellip;]","twitter_image":"https:\/\/vosgesinfo.fr\/app\/uploads\/sites\/4\/2024\/08\/202303raon-letape-suppression-poste-proviseur-adjoint-lycee-louis-geisler.jpg","twitter_creator":"@VosgesInfo88","twitter_site":"@VosgesInfo88","twitter_misc":{"\u00c9crit par":"la r\u00e9daction","Dur\u00e9e de lecture estim\u00e9e":"2 minutes"},"schema":{"@context":"https:\/\/schema.org","@graph":[{"@type":"Article","@id":"https:\/\/vosgesinfo.fr\/saintdieinfo\/2023\/03\/raon-letape-blocage-lycee-louis-geisler-contre-suppression-poste-de-proviseur-adjoint\/#article","isPartOf":{"@id":"https:\/\/vosgesinfo.fr\/saintdieinfo\/2023\/03\/raon-letape-blocage-lycee-louis-geisler-contre-suppression-poste-de-proviseur-adjoint\/"},"author":{"name":"la r\u00e9daction","@id":"https:\/\/vosgesinfo.fr\/saintdieinfo\/#\/schema\/person\/faee6704a21f3977511db84bd1cd450f"},"headline":"Raon-l&rsquo;Etape \u2013 Blocage du lyc\u00e9e Louis-Geisler contre la suppression du poste de proviseur-adjoint","datePublished":"2023-03-21T08:36:07+00:00","dateModified":"2023-03-21T08:36:07+00:00","mainEntityOfPage":{"@id":"https:\/\/vosgesinfo.fr\/saintdieinfo\/2023\/03\/raon-letape-blocage-lycee-louis-geisler-contre-suppression-poste-de-proviseur-adjoint\/"},"wordCount":366,"commentCount":0,"publisher":{"@id":"https:\/\/vosgesinfo.fr\/saintdieinfo\/#organization"},"image":{"@id":"https:\/\/vosgesinfo.fr\/saintdieinfo\/2023\/03\/raon-letape-blocage-lycee-louis-geisler-contre-suppression-poste-de-proviseur-adjoint\/#primaryimage"},"thumbnailUrl":"https:\/\/vosgesinfo.fr\/app\/uploads\/sites\/4\/2024\/08\/202303raon-letape-suppression-poste-proviseur-adjoint-lycee-louis-geisler.jpg","keywords":["Blocage du lyc\u00e9e Louis-Geisler","Education Nationale","Lyc\u00e9e Professionnel Louis-Geisler","Raon-l\u2019Etape","Suppression du poste de proviseur-adjoint au lyc\u00e9e Louis-Geisler"],"articleSection":["A la Une","\u00c9ducation","Saint-Di\u00e9-des-Vosges et son Agglom\u00e9ration"],"inLanguage":"fr-FR","potentialAction":[{"@type":"CommentAction","name":"Comment","target":["https:\/\/vosgesinfo.fr\/saintdieinfo\/2023\/03\/raon-letape-blocage-lycee-louis-geisler-contre-suppression-poste-de-proviseur-adjoint\/#respond"]}]},{"@type":"WebPage","@id":"https:\/\/vosgesinfo.fr\/saintdieinfo\/2023\/03\/raon-letape-blocage-lycee-louis-geisler-contre-suppression-poste-de-proviseur-adjoint\/","url":"https:\/\/vosgesinfo.fr\/saintdieinfo\/2023\/03\/raon-letape-blocage-lycee-louis-geisler-contre-suppression-poste-de-proviseur-adjoint\/","name":"Raon-l'Etape \u2013 Blocage du lyc\u00e9e Louis-Geisler contre la suppression du poste de proviseur-adjoint - Saint Die Info","isPartOf":{"@id":"https:\/\/vosgesinfo.fr\/saintdieinfo\/#website"},"primaryImageOfPage":{"@id":"https:\/\/vosgesinfo.fr\/saintdieinfo\/2023\/03\/raon-letape-blocage-lycee-louis-geisler-contre-suppression-poste-de-proviseur-adjoint\/#primaryimage"},"image":{"@id":"https:\/\/vosgesinfo.fr\/saintdieinfo\/2023\/03\/raon-letape-blocage-lycee-louis-geisler-contre-suppression-poste-de-proviseur-adjoint\/#primaryimage"},"thumbnailUrl":"https:\/\/vosgesinfo.fr\/app\/uploads\/sites\/4\/2024\/08\/202303raon-letape-suppression-poste-proviseur-adjoint-lycee-louis-geisler.jpg","datePublished":"2023-03-21T08:36:07+00:00","dateModified":"2023-03-21T08:36:07+00:00","breadcrumb":{"@id":"https:\/\/vosgesinfo.fr\/saintdieinfo\/2023\/03\/raon-letape-blocage-lycee-louis-geisler-contre-suppression-poste-de-proviseur-adjoint\/#breadcrumb"},"inLanguage":"fr-FR","potentialAction":[{"@type":"ReadAction","target":["https:\/\/vosgesinfo.fr\/saintdieinfo\/2023\/03\/raon-letape-blocage-lycee-louis-geisler-contre-suppression-poste-de-proviseur-adjoint\/"]}]},{"@type":"ImageObject","inLanguage":"fr-FR","@id":"https:\/\/vosgesinfo.fr\/saintdieinfo\/2023\/03\/raon-letape-blocage-lycee-louis-geisler-contre-suppression-poste-de-proviseur-adjoint\/#primaryimage","url":"https:\/\/vosgesinfo.fr\/app\/uploads\/sites\/4\/2024\/08\/202303raon-letape-suppression-poste-proviseur-adjoint-lycee-louis-geisler.jpg","contentUrl":"https:\/\/vosgesinfo.fr\/app\/uploads\/sites\/4\/2024\/08\/202303raon-letape-suppression-poste-proviseur-adjoint-lycee-louis-geisler.jpg","width":1989,"height":1248},{"@type":"BreadcrumbList","@id":"https:\/\/vosgesinfo.fr\/saintdieinfo\/2023\/03\/raon-letape-blocage-lycee-louis-geisler-contre-suppression-poste-de-proviseur-adjoint\/#breadcrumb","itemListElement":[{"@type":"ListItem","position":1,"name":"Home","item":"https:\/\/vosgesinfo.fr\/saintdieinfo\/"},{"@type":"ListItem","position":2,"name":"Raon-l&rsquo;Etape \u2013 Blocage du lyc\u00e9e Louis-Geisler contre la suppression du poste de proviseur-adjoint"}]},{"@type":"WebSite","@id":"https:\/\/vosgesinfo.fr\/saintdieinfo\/#website","url":"https:\/\/vosgesinfo.fr\/saintdieinfo\/","name":"Saint Die Info","description":"Toute l&#039;actualit\u00e9 de Saint-Di\u00e9-Des-Vosges","publisher":{"@id":"https:\/\/vosgesinfo.fr\/saintdieinfo\/#organization"},"alternateName":"Toute l'actualit\u00e9 de Saint-Di\u00e9-Des-Vosges","potentialAction":[{"@type":"SearchAction","target":{"@type":"EntryPoint","urlTemplate":"https:\/\/vosgesinfo.fr\/saintdieinfo\/?s={search_term_string}"},"query-input":"required name=search_term_string"}],"inLanguage":"fr-FR"},{"@type":"Organization","@id":"https:\/\/vosgesinfo.fr\/saintdieinfo\/#organization","name":"Saint Die Info","url":"https:\/\/vosgesinfo.fr\/saintdieinfo\/","logo":{"@type":"ImageObject","inLanguage":"fr-FR","@id":"https:\/\/vosgesinfo.fr\/saintdieinfo\/#\/schema\/logo\/image\/","url":"https:\/\/vosgesinfo.fr\/app\/uploads\/sites\/4\/2024\/02\/logo-sdi.jpg","contentUrl":"https:\/\/vosgesinfo.fr\/app\/uploads\/sites\/4\/2024\/02\/logo-sdi.jpg","width":600,"height":600,"caption":"Saint Die Info"},"image":{"@id":"https:\/\/vosgesinfo.fr\/saintdieinfo\/#\/schema\/logo\/image\/"},"sameAs":["https:\/\/www.facebook.com\/Saintdieinfofr","https:\/\/x.com\/VosgesInfo88","https:\/\/www.youtube.com\/@vosgesinfo"]},{"@type":"Person","@id":"https:\/\/vosgesinfo.fr\/saintdieinfo\/#\/schema\/person\/faee6704a21f3977511db84bd1cd450f","name":"la r\u00e9daction","image":{"@type":"ImageObject","inLanguage":"fr-FR","@id":"https:\/\/vosgesinfo.fr\/saintdieinfo\/#\/schema\/person\/image\/","url":"https:\/\/secure.gravatar.com\/avatar\/6673d8bc6a9c17fa9a453eaa3448de834fa308c2ec9635b7aa99441a7c8d2cf6?s=96&d=mm&r=g","contentUrl":"https:\/\/secure.gravatar.com\/avatar\/6673d8bc6a9c17fa9a453eaa3448de834fa308c2ec9635b7aa99441a7c8d2cf6?s=96&d=mm&r=g","caption":"la r\u00e9daction"},"url":"https:\/\/vosgesinfo.fr\/saintdieinfo\/author\/redac\/"}]}},"_links":{"self":[{"href":"https:\/\/vosgesinfo.fr\/saintdieinfo\/wp-json\/wp\/v2\/posts\/63341","targetHints":{"allow":["GET"]}}],"collection":[{"href":"https:\/\/vosgesinfo.fr\/saintdieinfo\/wp-json\/wp\/v2\/posts"}],"about":[{"href":"https:\/\/vosgesinfo.fr\/saintdieinfo\/wp-json\/wp\/v2\/types\/post"}],"author":[{"embeddable":true,"href":"https:\/\/vosgesinfo.fr\/saintdieinfo\/wp-json\/wp\/v2\/users\/44"}],"replies":[{"embeddable":true,"href":"https:\/\/vosgesinfo.fr\/saintdieinfo\/wp-json\/wp\/v2\/comments?post=63341"}],"version-history":[{"count":0,"href":"https:\/\/vosgesinfo.fr\/saintdieinfo\/wp-json\/wp\/v2\/posts\/63341\/revisions"}],"wp:featuredmedia":[{"embeddable":true,"href":"https:\/\/vosgesinfo.fr\/saintdieinfo\/wp-json\/wp\/v2\/media\/63342"}],"wp:attachment":[{"href":"https:\/\/vosgesinfo.fr\/saintdieinfo\/wp-json\/wp\/v2\/media?parent=63341"}],"wp:term":[{"taxonomy":"category","embeddable":true,"href":"https:\/\/vosgesinfo.fr\/saintdieinfo\/wp-json\/wp\/v2\/categories?post=63341"},{"taxonomy":"post_tag","embeddable":true,"href":"https:\/\/vosgesinfo.fr\/saintdieinfo\/wp-json\/wp\/v2\/tags?post=63341"}],"curies":[{"name":"wp","href":"https:\/\/api.w.org\/{rel}","templated":true}]}}