{"id":63343,"date":"2023-03-21T12:46:39","date_gmt":"2023-03-21T11:46:39","guid":{"rendered":"https:\/\/vosgesinfo.fr\/saintdieinfo\/2023\/03\/reforme-retraites-rassemblement-national-denonce-trahison-parlementaires-vosgiens\/"},"modified":"2023-03-21T12:46:39","modified_gmt":"2023-03-21T11:46:39","slug":"reforme-retraites-rassemblement-national-denonce-trahison-parlementaires-vosgiens","status":"publish","type":"post","link":"https:\/\/vosgesinfo.fr\/saintdieinfo\/2023\/03\/reforme-retraites-rassemblement-national-denonce-trahison-parlementaires-vosgiens\/","title":{"rendered":"R\u00e9forme des retraites : le Rassemblement National d\u00e9nonce la \u00ab trahison des parlementaires vosgiens \u00bb"},"content":{"rendered":"<h2><a href=\"\/2023\/03\/Sebastien-humbert-la-voge-les-bains-elections-municipales-rassemblement-national-e1569682455178.jpg\" target=\"_blank\" rel=\"noopener\"><img decoding=\"async\" class=\"aligncenter wp-image-198724 size-large\" src=\"\/2023\/03\/Sebastien-humbert-la-voge-les-bains-elections-municipales-rassemblement-national-e1569682455178-768x1024.jpg\" alt=\"Sebastien-humbert-la-voge-les-bains-elections-municipales-rassemblement-national-e1569682455178\" width=\"768\" height=\"1024\" \/><\/a><\/h2>\n<h2><strong><span style=\"font-size: 14pt;\">Apr\u00e8s le rejet des motions de censure, le Rassemblement national des Vosges l\u2019attitude des parlementaires vosgiens qui n\u2019ont pas vot\u00e9 pour ces motions.<\/span><\/strong><\/h2>\n<p><!--more--><\/p>\n<p class=\"x_MsoNormal\"><em>\u00ab\u00a0R\u00e9forme des retraites\u00a0: la trahison des parlementaires vosgiens<\/em><\/p>\n<p class=\"x_MsoNormal x_ContentPasted0\"><em>Conscient qu\u2019il \u00e9tait minoritaire \u00e0 l\u2019Assembl\u00e9e nationale, Emmanuel Macron a d\u00e9cid\u00e9, une nouvelle fois, d\u2019humilier le parlement et de m\u00e9priser les Fran\u00e7ais en utilisant l\u2019article 49-3 de la Constitution pour faire adopter sa r\u00e9forme des retraites.<br \/>\n<\/em><\/p>\n<p class=\"x_MsoNormal x_ContentPasted0\"><em>Ce onzi\u00e8me passage en force, depuis le d\u00e9but de la l\u00e9gislature, a eu pour cons\u00e9quence le d\u00e9p\u00f4t de deux motions de censure par l\u2019opposition\u00a0: l\u2019une par le Rassemblement National, l\u2019autre transpartisane \u00e0 l\u2019initiative du groupe LIOT, chacune visant \u00e0 renverser le gouvernement.<br \/>\n<\/em><\/p>\n<p class=\"x_MsoNormal x_ContentPasted0\"><em><span class=\"x_ContentPasted1\">\u00c0<\/span> l\u2019issue du vote du 20 mars 2023, la motion de censure transpartisane a \u00e9t\u00e9 rejet\u00e9e \u00e0 9 voix pr\u00e8s et nous livre un enseignement crucial\u00a0: Les R\u00e9publicains sont la b\u00e9quille d\u2019Emmanuel Macron, ils n\u2019incarnent en rien l\u2019opposition et sont m\u00eame en r\u00e9alit\u00e9 ses meilleurs alli\u00e9s.<br \/>\n<\/em><\/p>\n<p class=\"x_MsoNormal\"><em>Malgr\u00e9 l\u2019opposition de 71% des Fran\u00e7ais \u00e0 la r\u00e9forme des retraites<sup>1<\/sup>, aucun d\u00e9put\u00e9 Vosgien n\u2019a vot\u00e9 les motions de censure. Ces derniers, en r\u00e9alit\u00e9 favorables \u00e0 cette r\u00e9forme, tout comme les deux s\u00e9nateurs Vosgiens, ont pr\u00e9f\u00e9r\u00e9 se cacher derri\u00e8re des pr\u00e9textes fallacieux pour masquer leur manque de courage plut\u00f4t que de suivre l\u2019avis des Fran\u00e7ais.<br \/>\n<\/em><\/p>\n<p class=\"x_MsoNormal x_ContentPasted0\"><em>Leur vote s\u2019apparente \u00e0 une trahison envers les Fran\u00e7ais et notamment envers la classe ouvri\u00e8re vosgienne, \u00e9prouv\u00e9e par des ann\u00e9es de travail physique et p\u00e9nible, et qui devrait pouvoir profiter d\u2019une retraite bien m\u00e9rit\u00e9e sans se voir infliger deux ann\u00e9es suppl\u00e9mentaires.<\/em><\/p>\n<p class=\"x_MsoNormal x_ContentPasted0\"><em>Lorsque Marine Le Pen arrivera au pouvoir, elle s\u2019attachera \u00e0 annuler cette r\u00e9forme et proposera de mettre en place une politique de retraites juste et \u00e9conomiquement soutenable : un jeune ayant commenc\u00e9 avant 20 ans ne cotisera pas plus de 40 annuit\u00e9s et pourra b\u00e9n\u00e9ficier d\u2019une retraite \u00e0 partir de 60 ans. Et pour ceux ayant commenc\u00e9 apr\u00e8s 20 ans, ce syst\u00e8me sera progressif sans jamais d\u00e9passer 42 annuit\u00e9s et 62 ans d\u2019\u00e2ge l\u00e9gal. <\/em><\/p>\n<p class=\"x_MsoNormal x_ContentPasted0\"><em><span class=\"x_ContentPasted0 x_ContentPasted2\">Source : <\/span><span class=\"x_ContentPasted0 x_ContentPasted2\"><span class=\"x_ContentPasted0 x_ContentPasted2\"><sup><span class=\"x_ContentPasted3\">1<\/span><\/sup><\/span><\/span><span class=\"x_ContentPasted0 x_ContentPasted2\">Sondage Elabe pour BFMTV\u00a0\u00bb<\/span><\/em><\/p>\n<p class=\"x_MsoNormal\" style=\"text-align: right;\"><strong>S\u00e9bastien Humbert\u00a0<\/strong><\/p>\n<p class=\"x_MsoNormal x_ContentPasted0\" style=\"text-align: right;\"><strong>D\u00e9l\u00e9gu\u00e9 d\u00e9partemental du RN Vosges<\/strong><\/p>\n<p class=\"x_MsoNormal x_ContentPasted0\" style=\"text-align: right;\"><strong>Conseiller municipal de La V\u00f4ge-les-Bains<\/strong><\/p>\n<p class=\"x_MsoNormal x_ContentPasted0\" style=\"text-align: right;\"><strong>Conseiller r\u00e9gional du Grand Est<\/strong><\/p>\n","protected":false},"excerpt":{"rendered":"<p>Apr\u00e8s le rejet des motions de censure, le Rassemblement national des Vosges l\u2019attitude des parlementaires vosgiens qui n\u2019ont pas vot\u00e9 [&hellip;]<\/p>\n","protected":false},"author":44,"featured_media":63344,"comment_status":"open","ping_status":"open","sticky":false,"template":"","format":"standard","meta":{"footnotes":""},"categories":[460,10,18],"tags":[4714,733,6072],"class_list":["post-63343","post","type-post","status-publish","format-standard","has-post-thumbnail","hentry","category-a-la-une","category-politique","category-vosges","tag-rassemblement-national","tag-reforme-des-retraites","tag-sebastien-humbert"],"acf":[],"yoast_head":"<!-- This site is optimized with the Yoast SEO plugin v22.5 - https:\/\/yoast.com\/wordpress\/plugins\/seo\/ -->\n<title>R\u00e9forme des retraites : le Rassemblement National d\u00e9nonce la \u00ab trahison des parlementaires vosgiens \u00bb - Saint Die Info<\/title>\n<meta name=\"robots\" content=\"index, follow, max-snippet:-1, max-image-preview:large, max-video-preview:-1\" \/>\n<link rel=\"canonical\" href=\"https:\/\/vosgesinfo.fr\/saintdieinfo\/2023\/03\/reforme-retraites-rassemblement-national-denonce-trahison-parlementaires-vosgiens\/\" \/>\n<meta name=\"twitter:card\" content=\"summary_large_image\" \/>\n<meta name=\"twitter:title\" content=\"R\u00e9forme des retraites : le Rassemblement National d\u00e9nonce la \u00ab trahison des parlementaires vosgiens \u00bb - Saint Die Info\" \/>\n<meta name=\"twitter:description\" content=\"Apr\u00e8s le rejet des motions de censure, le Rassemblement national des Vosges l\u2019attitude des parlementaires vosgiens qui n\u2019ont pas vot\u00e9 [&hellip;]\" \/>\n<meta name=\"twitter:image\" content=\"https:\/\/vosgesinfo.fr\/app\/uploads\/sites\/4\/2024\/08\/202303sebastien-humbert-la-voge-les-bains-elections-municipales-rassemblement-national-e1569682455178.jpg\" \/>\n<meta name=\"twitter:creator\" content=\"@VosgesInfo88\" \/>\n<meta name=\"twitter:site\" content=\"@VosgesInfo88\" \/>\n<meta name=\"twitter:label1\" content=\"\u00c9crit par\" \/>\n\t<meta name=\"twitter:data1\" content=\"la r\u00e9daction\" \/>\n\t<meta name=\"twitter:label2\" content=\"Dur\u00e9e de lecture estim\u00e9e\" \/>\n\t<meta name=\"twitter:data2\" content=\"2 minutes\" \/>\n<script type=\"application\/ld+json\" class=\"yoast-schema-graph\">{\"@context\":\"https:\/\/schema.org\",\"@graph\":[{\"@type\":\"Article\",\"@id\":\"https:\/\/vosgesinfo.fr\/saintdieinfo\/2023\/03\/reforme-retraites-rassemblement-national-denonce-trahison-parlementaires-vosgiens\/#article\",\"isPartOf\":{\"@id\":\"https:\/\/vosgesinfo.fr\/saintdieinfo\/2023\/03\/reforme-retraites-rassemblement-national-denonce-trahison-parlementaires-vosgiens\/\"},\"author\":{\"name\":\"la r\u00e9daction\",\"@id\":\"https:\/\/vosgesinfo.fr\/saintdieinfo\/#\/schema\/person\/faee6704a21f3977511db84bd1cd450f\"},\"headline\":\"R\u00e9forme des retraites : le Rassemblement National d\u00e9nonce la \u00ab trahison des parlementaires vosgiens \u00bb\",\"datePublished\":\"2023-03-21T11:46:39+00:00\",\"dateModified\":\"2023-03-21T11:46:39+00:00\",\"mainEntityOfPage\":{\"@id\":\"https:\/\/vosgesinfo.fr\/saintdieinfo\/2023\/03\/reforme-retraites-rassemblement-national-denonce-trahison-parlementaires-vosgiens\/\"},\"wordCount\":418,\"commentCount\":0,\"publisher\":{\"@id\":\"https:\/\/vosgesinfo.fr\/saintdieinfo\/#organization\"},\"image\":{\"@id\":\"https:\/\/vosgesinfo.fr\/saintdieinfo\/2023\/03\/reforme-retraites-rassemblement-national-denonce-trahison-parlementaires-vosgiens\/#primaryimage\"},\"thumbnailUrl\":\"https:\/\/vosgesinfo.fr\/app\/uploads\/sites\/4\/2024\/08\/202303sebastien-humbert-la-voge-les-bains-elections-municipales-rassemblement-national-e1569682455178.jpg\",\"keywords\":[\"Rassemblement National\",\"r\u00e9forme des retraites\",\"S\u00e9bastien Humbert\"],\"articleSection\":[\"A la Une\",\"Politique\",\"Vosges\"],\"inLanguage\":\"fr-FR\",\"potentialAction\":[{\"@type\":\"CommentAction\",\"name\":\"Comment\",\"target\":[\"https:\/\/vosgesinfo.fr\/saintdieinfo\/2023\/03\/reforme-retraites-rassemblement-national-denonce-trahison-parlementaires-vosgiens\/#respond\"]}]},{\"@type\":\"WebPage\",\"@id\":\"https:\/\/vosgesinfo.fr\/saintdieinfo\/2023\/03\/reforme-retraites-rassemblement-national-denonce-trahison-parlementaires-vosgiens\/\",\"url\":\"https:\/\/vosgesinfo.fr\/saintdieinfo\/2023\/03\/reforme-retraites-rassemblement-national-denonce-trahison-parlementaires-vosgiens\/\",\"name\":\"R\u00e9forme des retraites : le Rassemblement National d\u00e9nonce la \u00ab trahison des parlementaires vosgiens \u00bb - Saint Die Info\",\"isPartOf\":{\"@id\":\"https:\/\/vosgesinfo.fr\/saintdieinfo\/#website\"},\"primaryImageOfPage\":{\"@id\":\"https:\/\/vosgesinfo.fr\/saintdieinfo\/2023\/03\/reforme-retraites-rassemblement-national-denonce-trahison-parlementaires-vosgiens\/#primaryimage\"},\"image\":{\"@id\":\"https:\/\/vosgesinfo.fr\/saintdieinfo\/2023\/03\/reforme-retraites-rassemblement-national-denonce-trahison-parlementaires-vosgiens\/#primaryimage\"},\"thumbnailUrl\":\"https:\/\/vosgesinfo.fr\/app\/uploads\/sites\/4\/2024\/08\/202303sebastien-humbert-la-voge-les-bains-elections-municipales-rassemblement-national-e1569682455178.jpg\",\"datePublished\":\"2023-03-21T11:46:39+00:00\",\"dateModified\":\"2023-03-21T11:46:39+00:00\",\"breadcrumb\":{\"@id\":\"https:\/\/vosgesinfo.fr\/saintdieinfo\/2023\/03\/reforme-retraites-rassemblement-national-denonce-trahison-parlementaires-vosgiens\/#breadcrumb\"},\"inLanguage\":\"fr-FR\",\"potentialAction\":[{\"@type\":\"ReadAction\",\"target\":[\"https:\/\/vosgesinfo.fr\/saintdieinfo\/2023\/03\/reforme-retraites-rassemblement-national-denonce-trahison-parlementaires-vosgiens\/\"]}]},{\"@type\":\"ImageObject\",\"inLanguage\":\"fr-FR\",\"@id\":\"https:\/\/vosgesinfo.fr\/saintdieinfo\/2023\/03\/reforme-retraites-rassemblement-national-denonce-trahison-parlementaires-vosgiens\/#primaryimage\",\"url\":\"https:\/\/vosgesinfo.fr\/app\/uploads\/sites\/4\/2024\/08\/202303sebastien-humbert-la-voge-les-bains-elections-municipales-rassemblement-national-e1569682455178.jpg\",\"contentUrl\":\"https:\/\/vosgesinfo.fr\/app\/uploads\/sites\/4\/2024\/08\/202303sebastien-humbert-la-voge-les-bains-elections-municipales-rassemblement-national-e1569682455178.jpg\",\"width\":1920,\"height\":2560},{\"@type\":\"BreadcrumbList\",\"@id\":\"https:\/\/vosgesinfo.fr\/saintdieinfo\/2023\/03\/reforme-retraites-rassemblement-national-denonce-trahison-parlementaires-vosgiens\/#breadcrumb\",\"itemListElement\":[{\"@type\":\"ListItem\",\"position\":1,\"name\":\"Home\",\"item\":\"https:\/\/vosgesinfo.fr\/saintdieinfo\/\"},{\"@type\":\"ListItem\",\"position\":2,\"name\":\"R\u00e9forme des retraites : le Rassemblement National d\u00e9nonce la \u00ab trahison des parlementaires vosgiens \u00bb\"}]},{\"@type\":\"WebSite\",\"@id\":\"https:\/\/vosgesinfo.fr\/saintdieinfo\/#website\",\"url\":\"https:\/\/vosgesinfo.fr\/saintdieinfo\/\",\"name\":\"Saint Die Info\",\"description\":\"Toute l&#039;actualit\u00e9 de Saint-Di\u00e9-Des-Vosges\",\"publisher\":{\"@id\":\"https:\/\/vosgesinfo.fr\/saintdieinfo\/#organization\"},\"alternateName\":\"Toute l'actualit\u00e9 de Saint-Di\u00e9-Des-Vosges\",\"potentialAction\":[{\"@type\":\"SearchAction\",\"target\":{\"@type\":\"EntryPoint\",\"urlTemplate\":\"https:\/\/vosgesinfo.fr\/saintdieinfo\/?s={search_term_string}\"},\"query-input\":\"required name=search_term_string\"}],\"inLanguage\":\"fr-FR\"},{\"@type\":\"Organization\",\"@id\":\"https:\/\/vosgesinfo.fr\/saintdieinfo\/#organization\",\"name\":\"Saint Die Info\",\"url\":\"https:\/\/vosgesinfo.fr\/saintdieinfo\/\",\"logo\":{\"@type\":\"ImageObject\",\"inLanguage\":\"fr-FR\",\"@id\":\"https:\/\/vosgesinfo.fr\/saintdieinfo\/#\/schema\/logo\/image\/\",\"url\":\"https:\/\/vosgesinfo.fr\/app\/uploads\/sites\/4\/2024\/02\/logo-sdi.jpg\",\"contentUrl\":\"https:\/\/vosgesinfo.fr\/app\/uploads\/sites\/4\/2024\/02\/logo-sdi.jpg\",\"width\":600,\"height\":600,\"caption\":\"Saint Die Info\"},\"image\":{\"@id\":\"https:\/\/vosgesinfo.fr\/saintdieinfo\/#\/schema\/logo\/image\/\"},\"sameAs\":[\"https:\/\/www.facebook.com\/Saintdieinfofr\",\"https:\/\/x.com\/VosgesInfo88\",\"https:\/\/www.youtube.com\/@vosgesinfo\"]},{\"@type\":\"Person\",\"@id\":\"https:\/\/vosgesinfo.fr\/saintdieinfo\/#\/schema\/person\/faee6704a21f3977511db84bd1cd450f\",\"name\":\"la r\u00e9daction\",\"image\":{\"@type\":\"ImageObject\",\"inLanguage\":\"fr-FR\",\"@id\":\"https:\/\/vosgesinfo.fr\/saintdieinfo\/#\/schema\/person\/image\/\",\"url\":\"https:\/\/secure.gravatar.com\/avatar\/6673d8bc6a9c17fa9a453eaa3448de834fa308c2ec9635b7aa99441a7c8d2cf6?s=96&d=mm&r=g\",\"contentUrl\":\"https:\/\/secure.gravatar.com\/avatar\/6673d8bc6a9c17fa9a453eaa3448de834fa308c2ec9635b7aa99441a7c8d2cf6?s=96&d=mm&r=g\",\"caption\":\"la r\u00e9daction\"},\"url\":\"https:\/\/vosgesinfo.fr\/saintdieinfo\/author\/redac\/\"}]}<\/script>\n<!-- \/ Yoast SEO plugin. -->","yoast_head_json":{"title":"R\u00e9forme des retraites : le Rassemblement National d\u00e9nonce la \u00ab trahison des parlementaires vosgiens \u00bb - Saint Die Info","robots":{"index":"index","follow":"follow","max-snippet":"max-snippet:-1","max-image-preview":"max-image-preview:large","max-video-preview":"max-video-preview:-1"},"canonical":"https:\/\/vosgesinfo.fr\/saintdieinfo\/2023\/03\/reforme-retraites-rassemblement-national-denonce-trahison-parlementaires-vosgiens\/","twitter_card":"summary_large_image","twitter_title":"R\u00e9forme des retraites : le Rassemblement National d\u00e9nonce la \u00ab trahison des parlementaires vosgiens \u00bb - Saint Die Info","twitter_description":"Apr\u00e8s le rejet des motions de censure, le Rassemblement national des Vosges l\u2019attitude des parlementaires vosgiens qui n\u2019ont pas vot\u00e9 [&hellip;]","twitter_image":"https:\/\/vosgesinfo.fr\/app\/uploads\/sites\/4\/2024\/08\/202303sebastien-humbert-la-voge-les-bains-elections-municipales-rassemblement-national-e1569682455178.jpg","twitter_creator":"@VosgesInfo88","twitter_site":"@VosgesInfo88","twitter_misc":{"\u00c9crit par":"la r\u00e9daction","Dur\u00e9e de lecture estim\u00e9e":"2 minutes"},"schema":{"@context":"https:\/\/schema.org","@graph":[{"@type":"Article","@id":"https:\/\/vosgesinfo.fr\/saintdieinfo\/2023\/03\/reforme-retraites-rassemblement-national-denonce-trahison-parlementaires-vosgiens\/#article","isPartOf":{"@id":"https:\/\/vosgesinfo.fr\/saintdieinfo\/2023\/03\/reforme-retraites-rassemblement-national-denonce-trahison-parlementaires-vosgiens\/"},"author":{"name":"la r\u00e9daction","@id":"https:\/\/vosgesinfo.fr\/saintdieinfo\/#\/schema\/person\/faee6704a21f3977511db84bd1cd450f"},"headline":"R\u00e9forme des retraites : le Rassemblement National d\u00e9nonce la \u00ab trahison des parlementaires vosgiens \u00bb","datePublished":"2023-03-21T11:46:39+00:00","dateModified":"2023-03-21T11:46:39+00:00","mainEntityOfPage":{"@id":"https:\/\/vosgesinfo.fr\/saintdieinfo\/2023\/03\/reforme-retraites-rassemblement-national-denonce-trahison-parlementaires-vosgiens\/"},"wordCount":418,"commentCount":0,"publisher":{"@id":"https:\/\/vosgesinfo.fr\/saintdieinfo\/#organization"},"image":{"@id":"https:\/\/vosgesinfo.fr\/saintdieinfo\/2023\/03\/reforme-retraites-rassemblement-national-denonce-trahison-parlementaires-vosgiens\/#primaryimage"},"thumbnailUrl":"https:\/\/vosgesinfo.fr\/app\/uploads\/sites\/4\/2024\/08\/202303sebastien-humbert-la-voge-les-bains-elections-municipales-rassemblement-national-e1569682455178.jpg","keywords":["Rassemblement National","r\u00e9forme des retraites","S\u00e9bastien Humbert"],"articleSection":["A la Une","Politique","Vosges"],"inLanguage":"fr-FR","potentialAction":[{"@type":"CommentAction","name":"Comment","target":["https:\/\/vosgesinfo.fr\/saintdieinfo\/2023\/03\/reforme-retraites-rassemblement-national-denonce-trahison-parlementaires-vosgiens\/#respond"]}]},{"@type":"WebPage","@id":"https:\/\/vosgesinfo.fr\/saintdieinfo\/2023\/03\/reforme-retraites-rassemblement-national-denonce-trahison-parlementaires-vosgiens\/","url":"https:\/\/vosgesinfo.fr\/saintdieinfo\/2023\/03\/reforme-retraites-rassemblement-national-denonce-trahison-parlementaires-vosgiens\/","name":"R\u00e9forme des retraites : le Rassemblement National d\u00e9nonce la \u00ab trahison des parlementaires vosgiens \u00bb - Saint Die Info","isPartOf":{"@id":"https:\/\/vosgesinfo.fr\/saintdieinfo\/#website"},"primaryImageOfPage":{"@id":"https:\/\/vosgesinfo.fr\/saintdieinfo\/2023\/03\/reforme-retraites-rassemblement-national-denonce-trahison-parlementaires-vosgiens\/#primaryimage"},"image":{"@id":"https:\/\/vosgesinfo.fr\/saintdieinfo\/2023\/03\/reforme-retraites-rassemblement-national-denonce-trahison-parlementaires-vosgiens\/#primaryimage"},"thumbnailUrl":"https:\/\/vosgesinfo.fr\/app\/uploads\/sites\/4\/2024\/08\/202303sebastien-humbert-la-voge-les-bains-elections-municipales-rassemblement-national-e1569682455178.jpg","datePublished":"2023-03-21T11:46:39+00:00","dateModified":"2023-03-21T11:46:39+00:00","breadcrumb":{"@id":"https:\/\/vosgesinfo.fr\/saintdieinfo\/2023\/03\/reforme-retraites-rassemblement-national-denonce-trahison-parlementaires-vosgiens\/#breadcrumb"},"inLanguage":"fr-FR","potentialAction":[{"@type":"ReadAction","target":["https:\/\/vosgesinfo.fr\/saintdieinfo\/2023\/03\/reforme-retraites-rassemblement-national-denonce-trahison-parlementaires-vosgiens\/"]}]},{"@type":"ImageObject","inLanguage":"fr-FR","@id":"https:\/\/vosgesinfo.fr\/saintdieinfo\/2023\/03\/reforme-retraites-rassemblement-national-denonce-trahison-parlementaires-vosgiens\/#primaryimage","url":"https:\/\/vosgesinfo.fr\/app\/uploads\/sites\/4\/2024\/08\/202303sebastien-humbert-la-voge-les-bains-elections-municipales-rassemblement-national-e1569682455178.jpg","contentUrl":"https:\/\/vosgesinfo.fr\/app\/uploads\/sites\/4\/2024\/08\/202303sebastien-humbert-la-voge-les-bains-elections-municipales-rassemblement-national-e1569682455178.jpg","width":1920,"height":2560},{"@type":"BreadcrumbList","@id":"https:\/\/vosgesinfo.fr\/saintdieinfo\/2023\/03\/reforme-retraites-rassemblement-national-denonce-trahison-parlementaires-vosgiens\/#breadcrumb","itemListElement":[{"@type":"ListItem","position":1,"name":"Home","item":"https:\/\/vosgesinfo.fr\/saintdieinfo\/"},{"@type":"ListItem","position":2,"name":"R\u00e9forme des retraites : le Rassemblement National d\u00e9nonce la \u00ab trahison des parlementaires vosgiens \u00bb"}]},{"@type":"WebSite","@id":"https:\/\/vosgesinfo.fr\/saintdieinfo\/#website","url":"https:\/\/vosgesinfo.fr\/saintdieinfo\/","name":"Saint Die Info","description":"Toute l&#039;actualit\u00e9 de Saint-Di\u00e9-Des-Vosges","publisher":{"@id":"https:\/\/vosgesinfo.fr\/saintdieinfo\/#organization"},"alternateName":"Toute l'actualit\u00e9 de Saint-Di\u00e9-Des-Vosges","potentialAction":[{"@type":"SearchAction","target":{"@type":"EntryPoint","urlTemplate":"https:\/\/vosgesinfo.fr\/saintdieinfo\/?s={search_term_string}"},"query-input":"required name=search_term_string"}],"inLanguage":"fr-FR"},{"@type":"Organization","@id":"https:\/\/vosgesinfo.fr\/saintdieinfo\/#organization","name":"Saint Die Info","url":"https:\/\/vosgesinfo.fr\/saintdieinfo\/","logo":{"@type":"ImageObject","inLanguage":"fr-FR","@id":"https:\/\/vosgesinfo.fr\/saintdieinfo\/#\/schema\/logo\/image\/","url":"https:\/\/vosgesinfo.fr\/app\/uploads\/sites\/4\/2024\/02\/logo-sdi.jpg","contentUrl":"https:\/\/vosgesinfo.fr\/app\/uploads\/sites\/4\/2024\/02\/logo-sdi.jpg","width":600,"height":600,"caption":"Saint Die Info"},"image":{"@id":"https:\/\/vosgesinfo.fr\/saintdieinfo\/#\/schema\/logo\/image\/"},"sameAs":["https:\/\/www.facebook.com\/Saintdieinfofr","https:\/\/x.com\/VosgesInfo88","https:\/\/www.youtube.com\/@vosgesinfo"]},{"@type":"Person","@id":"https:\/\/vosgesinfo.fr\/saintdieinfo\/#\/schema\/person\/faee6704a21f3977511db84bd1cd450f","name":"la r\u00e9daction","image":{"@type":"ImageObject","inLanguage":"fr-FR","@id":"https:\/\/vosgesinfo.fr\/saintdieinfo\/#\/schema\/person\/image\/","url":"https:\/\/secure.gravatar.com\/avatar\/6673d8bc6a9c17fa9a453eaa3448de834fa308c2ec9635b7aa99441a7c8d2cf6?s=96&d=mm&r=g","contentUrl":"https:\/\/secure.gravatar.com\/avatar\/6673d8bc6a9c17fa9a453eaa3448de834fa308c2ec9635b7aa99441a7c8d2cf6?s=96&d=mm&r=g","caption":"la r\u00e9daction"},"url":"https:\/\/vosgesinfo.fr\/saintdieinfo\/author\/redac\/"}]}},"_links":{"self":[{"href":"https:\/\/vosgesinfo.fr\/saintdieinfo\/wp-json\/wp\/v2\/posts\/63343","targetHints":{"allow":["GET"]}}],"collection":[{"href":"https:\/\/vosgesinfo.fr\/saintdieinfo\/wp-json\/wp\/v2\/posts"}],"about":[{"href":"https:\/\/vosgesinfo.fr\/saintdieinfo\/wp-json\/wp\/v2\/types\/post"}],"author":[{"embeddable":true,"href":"https:\/\/vosgesinfo.fr\/saintdieinfo\/wp-json\/wp\/v2\/users\/44"}],"replies":[{"embeddable":true,"href":"https:\/\/vosgesinfo.fr\/saintdieinfo\/wp-json\/wp\/v2\/comments?post=63343"}],"version-history":[{"count":0,"href":"https:\/\/vosgesinfo.fr\/saintdieinfo\/wp-json\/wp\/v2\/posts\/63343\/revisions"}],"wp:featuredmedia":[{"embeddable":true,"href":"https:\/\/vosgesinfo.fr\/saintdieinfo\/wp-json\/wp\/v2\/media\/63344"}],"wp:attachment":[{"href":"https:\/\/vosgesinfo.fr\/saintdieinfo\/wp-json\/wp\/v2\/media?parent=63343"}],"wp:term":[{"taxonomy":"category","embeddable":true,"href":"https:\/\/vosgesinfo.fr\/saintdieinfo\/wp-json\/wp\/v2\/categories?post=63343"},{"taxonomy":"post_tag","embeddable":true,"href":"https:\/\/vosgesinfo.fr\/saintdieinfo\/wp-json\/wp\/v2\/tags?post=63343"}],"curies":[{"name":"wp","href":"https:\/\/api.w.org\/{rel}","templated":true}]}}