{"id":63345,"date":"2023-03-21T15:05:46","date_gmt":"2023-03-21T14:05:46","guid":{"rendered":"https:\/\/vosgesinfo.fr\/saintdieinfo\/2023\/03\/grande-promo-pneus-ete-chez-mg-auto\/"},"modified":"2023-03-21T15:05:46","modified_gmt":"2023-03-21T14:05:46","slug":"grande-promo-pneus-ete-chez-mg-auto","status":"publish","type":"post","link":"https:\/\/vosgesinfo.fr\/saintdieinfo\/2023\/03\/grande-promo-pneus-ete-chez-mg-auto\/","title":{"rendered":"Grande Promo sur pneus \u00e9t\u00e9 chez MG Auto"},"content":{"rendered":"<p><a href=\"\/2023\/03\/MG-auto-photo-premium.jpg\" target=\"_blank\" rel=\"noopener\"><img decoding=\"async\" class=\"aligncenter wp-image-198729 size-large\" src=\"\/2023\/03\/MG-auto-photo-premium-1024x789.jpg\" alt=\"MG auto photo premium\" width=\"960\" height=\"740\" \/><\/a><\/p>\n<h2><strong><span style=\"font-size: 14pt;\">Il est temps de passer aux pneus \u00e9t\u00e9, et pour l\u2019occasion, Enrique Machado, du garage MG Auto \u00e0 Saint-Di\u00e9-Des-Vosges, organise une grande promotion, jusqu\u2019au 30 Avril 2023, sur les pneumatiques, toutes marques.<\/span><\/strong><\/h2>\n<p><!--more--><\/p>\n<p align=\"JUSTIFY\">Enrique r\u00e9pare tous types de v\u00e9hicules et de toutes marques. Il est au service des particuliers et des professionnels pour l\u2019entretien et la r\u00e9paration, l\u2019achat et la vente de v\u00e9hicules, occasions et neufs en import, ou encore le montage et l\u2019\u00e9quilibrage de pneus.<\/p>\n<p align=\"JUSTIFY\"><a href=\"\/2023\/03\/garage-MG-auto-photo-ext.jpg\" target=\"_blank\" rel=\"noopener\"><img decoding=\"async\" class=\"aligncenter wp-image-198728 size-full\" src=\"\/2023\/03\/garage-MG-auto-photo-ext.jpg\" alt=\"garage MG auto-photo ext\" width=\"902\" height=\"582\" \/><\/a><\/p>\n<p align=\"JUSTIFY\"><strong><a name=\"_GoBack\"><\/a>Tr\u00e8s consciencieux et professionnel, il sera heureux de r\u00e9pondre \u00e0 tous vos besoins. <\/strong><\/p>\n<p align=\"JUSTIFY\"><a href=\"\/2023\/03\/Banniere-MGAUTO-mars2023.jpg\" target=\"_blank\" rel=\"noopener\"><img decoding=\"async\" class=\"aligncenter wp-image-198727 size-full\" src=\"\/2023\/03\/Banniere-MGAUTO-mars2023.jpg\" alt=\"Banniere-MGAUTO-mars2023\" width=\"750\" height=\"150\" \/><\/a><\/p>\n<p><span style=\"text-decoration: underline;\"><strong>Informations compl\u00e9mentaires\u00a0:<\/strong><\/span><\/p>\n<p><strong>Garage MG Auto, ouvert du lundi au vendredi de 8h \u00e0 12h et de 13h30 \u00e0 18h, le samedi sur rdv<\/strong><\/p>\n<p><strong>63 Rue de la Madeleine \u00e0 Saint-Di\u00e9-Des-Vosges<\/strong><\/p>\n<p><strong>T\u00e9l.\u00a0: 07.69.73.35.26<\/strong><\/p>\n<p><strong>Site internet\u00a0: <a href=\"https:\/\/www.garage-mg-auto-88.fr\/\" target=\"_blank\" rel=\"noopener\">https:\/\/www.garage-mg-auto-88.fr\/<\/a><\/strong><\/p>\n<p><strong><a href=\"https:\/\/www.facebook.com\/people\/Garage-MG-Auto\/100063465851930\/\" target=\"_blank\" rel=\"noopener\">https:\/\/www.facebook.com\/people\/Garage-MG-Auto\/100063465851930\/<\/a><\/strong><\/p>\n<p>R\u00e9daction\u00a0: Patricia Ferry-Demange &#8211; Patricia.ferrydemange@gmail.com<\/p>\n","protected":false},"excerpt":{"rendered":"<p>Il est temps de passer aux pneus \u00e9t\u00e9, et pour l\u2019occasion, Enrique Machado, du garage MG Auto \u00e0 Saint-Di\u00e9-Des-Vosges, organise [&hellip;]<\/p>\n","protected":false},"author":44,"featured_media":63346,"comment_status":"open","ping_status":"open","sticky":false,"template":"","format":"standard","meta":{"footnotes":""},"categories":[460,2915],"tags":[3690],"class_list":["post-63345","post","type-post","status-publish","format-standard","has-post-thumbnail","hentry","category-a-la-une","category-saint-die-son-canton","tag-mg-auto"],"acf":[],"yoast_head":"<!-- This site is optimized with the Yoast SEO plugin v22.5 - https:\/\/yoast.com\/wordpress\/plugins\/seo\/ -->\n<title>Grande Promo sur pneus \u00e9t\u00e9 chez MG Auto - Saint Die Info<\/title>\n<meta name=\"robots\" content=\"index, follow, max-snippet:-1, max-image-preview:large, max-video-preview:-1\" \/>\n<link rel=\"canonical\" href=\"https:\/\/vosgesinfo.fr\/saintdieinfo\/2023\/03\/grande-promo-pneus-ete-chez-mg-auto\/\" \/>\n<meta name=\"twitter:card\" content=\"summary_large_image\" \/>\n<meta name=\"twitter:title\" content=\"Grande Promo sur pneus \u00e9t\u00e9 chez MG Auto - Saint Die Info\" \/>\n<meta name=\"twitter:description\" content=\"Il est temps de passer aux pneus \u00e9t\u00e9, et pour l\u2019occasion, Enrique Machado, du garage MG Auto \u00e0 Saint-Di\u00e9-Des-Vosges, organise [&hellip;]\" \/>\n<meta name=\"twitter:image\" content=\"https:\/\/vosgesinfo.fr\/app\/uploads\/sites\/4\/2024\/08\/202303mg-auto-photo-premium-scaled.jpg\" \/>\n<meta name=\"twitter:creator\" content=\"@VosgesInfo88\" \/>\n<meta name=\"twitter:site\" content=\"@VosgesInfo88\" \/>\n<meta name=\"twitter:label1\" content=\"\u00c9crit par\" \/>\n\t<meta name=\"twitter:data1\" content=\"la r\u00e9daction\" \/>\n\t<meta name=\"twitter:label2\" content=\"Dur\u00e9e de lecture estim\u00e9e\" \/>\n\t<meta name=\"twitter:data2\" content=\"1 minute\" \/>\n<script type=\"application\/ld+json\" class=\"yoast-schema-graph\">{\"@context\":\"https:\/\/schema.org\",\"@graph\":[{\"@type\":\"Article\",\"@id\":\"https:\/\/vosgesinfo.fr\/saintdieinfo\/2023\/03\/grande-promo-pneus-ete-chez-mg-auto\/#article\",\"isPartOf\":{\"@id\":\"https:\/\/vosgesinfo.fr\/saintdieinfo\/2023\/03\/grande-promo-pneus-ete-chez-mg-auto\/\"},\"author\":{\"name\":\"la r\u00e9daction\",\"@id\":\"https:\/\/vosgesinfo.fr\/saintdieinfo\/#\/schema\/person\/faee6704a21f3977511db84bd1cd450f\"},\"headline\":\"Grande Promo sur pneus \u00e9t\u00e9 chez MG Auto\",\"datePublished\":\"2023-03-21T14:05:46+00:00\",\"dateModified\":\"2023-03-21T14:05:46+00:00\",\"mainEntityOfPage\":{\"@id\":\"https:\/\/vosgesinfo.fr\/saintdieinfo\/2023\/03\/grande-promo-pneus-ete-chez-mg-auto\/\"},\"wordCount\":155,\"commentCount\":0,\"publisher\":{\"@id\":\"https:\/\/vosgesinfo.fr\/saintdieinfo\/#organization\"},\"image\":{\"@id\":\"https:\/\/vosgesinfo.fr\/saintdieinfo\/2023\/03\/grande-promo-pneus-ete-chez-mg-auto\/#primaryimage\"},\"thumbnailUrl\":\"https:\/\/vosgesinfo.fr\/app\/uploads\/sites\/4\/2024\/08\/202303mg-auto-photo-premium-scaled.jpg\",\"keywords\":[\"MG Auto\"],\"articleSection\":[\"A la Une\",\"Saint-Di\u00e9-des-Vosges et son Agglom\u00e9ration\"],\"inLanguage\":\"fr-FR\",\"potentialAction\":[{\"@type\":\"CommentAction\",\"name\":\"Comment\",\"target\":[\"https:\/\/vosgesinfo.fr\/saintdieinfo\/2023\/03\/grande-promo-pneus-ete-chez-mg-auto\/#respond\"]}]},{\"@type\":\"WebPage\",\"@id\":\"https:\/\/vosgesinfo.fr\/saintdieinfo\/2023\/03\/grande-promo-pneus-ete-chez-mg-auto\/\",\"url\":\"https:\/\/vosgesinfo.fr\/saintdieinfo\/2023\/03\/grande-promo-pneus-ete-chez-mg-auto\/\",\"name\":\"Grande Promo sur pneus \u00e9t\u00e9 chez MG Auto - Saint Die Info\",\"isPartOf\":{\"@id\":\"https:\/\/vosgesinfo.fr\/saintdieinfo\/#website\"},\"primaryImageOfPage\":{\"@id\":\"https:\/\/vosgesinfo.fr\/saintdieinfo\/2023\/03\/grande-promo-pneus-ete-chez-mg-auto\/#primaryimage\"},\"image\":{\"@id\":\"https:\/\/vosgesinfo.fr\/saintdieinfo\/2023\/03\/grande-promo-pneus-ete-chez-mg-auto\/#primaryimage\"},\"thumbnailUrl\":\"https:\/\/vosgesinfo.fr\/app\/uploads\/sites\/4\/2024\/08\/202303mg-auto-photo-premium-scaled.jpg\",\"datePublished\":\"2023-03-21T14:05:46+00:00\",\"dateModified\":\"2023-03-21T14:05:46+00:00\",\"breadcrumb\":{\"@id\":\"https:\/\/vosgesinfo.fr\/saintdieinfo\/2023\/03\/grande-promo-pneus-ete-chez-mg-auto\/#breadcrumb\"},\"inLanguage\":\"fr-FR\",\"potentialAction\":[{\"@type\":\"ReadAction\",\"target\":[\"https:\/\/vosgesinfo.fr\/saintdieinfo\/2023\/03\/grande-promo-pneus-ete-chez-mg-auto\/\"]}]},{\"@type\":\"ImageObject\",\"inLanguage\":\"fr-FR\",\"@id\":\"https:\/\/vosgesinfo.fr\/saintdieinfo\/2023\/03\/grande-promo-pneus-ete-chez-mg-auto\/#primaryimage\",\"url\":\"https:\/\/vosgesinfo.fr\/app\/uploads\/sites\/4\/2024\/08\/202303mg-auto-photo-premium-scaled.jpg\",\"contentUrl\":\"https:\/\/vosgesinfo.fr\/app\/uploads\/sites\/4\/2024\/08\/202303mg-auto-photo-premium-scaled.jpg\",\"width\":2560,\"height\":1973},{\"@type\":\"BreadcrumbList\",\"@id\":\"https:\/\/vosgesinfo.fr\/saintdieinfo\/2023\/03\/grande-promo-pneus-ete-chez-mg-auto\/#breadcrumb\",\"itemListElement\":[{\"@type\":\"ListItem\",\"position\":1,\"name\":\"Home\",\"item\":\"https:\/\/vosgesinfo.fr\/saintdieinfo\/\"},{\"@type\":\"ListItem\",\"position\":2,\"name\":\"Grande Promo sur pneus \u00e9t\u00e9 chez MG Auto\"}]},{\"@type\":\"WebSite\",\"@id\":\"https:\/\/vosgesinfo.fr\/saintdieinfo\/#website\",\"url\":\"https:\/\/vosgesinfo.fr\/saintdieinfo\/\",\"name\":\"Saint Die Info\",\"description\":\"Toute l&#039;actualit\u00e9 de Saint-Di\u00e9-Des-Vosges\",\"publisher\":{\"@id\":\"https:\/\/vosgesinfo.fr\/saintdieinfo\/#organization\"},\"alternateName\":\"Toute l'actualit\u00e9 de Saint-Di\u00e9-Des-Vosges\",\"potentialAction\":[{\"@type\":\"SearchAction\",\"target\":{\"@type\":\"EntryPoint\",\"urlTemplate\":\"https:\/\/vosgesinfo.fr\/saintdieinfo\/?s={search_term_string}\"},\"query-input\":\"required name=search_term_string\"}],\"inLanguage\":\"fr-FR\"},{\"@type\":\"Organization\",\"@id\":\"https:\/\/vosgesinfo.fr\/saintdieinfo\/#organization\",\"name\":\"Saint Die Info\",\"url\":\"https:\/\/vosgesinfo.fr\/saintdieinfo\/\",\"logo\":{\"@type\":\"ImageObject\",\"inLanguage\":\"fr-FR\",\"@id\":\"https:\/\/vosgesinfo.fr\/saintdieinfo\/#\/schema\/logo\/image\/\",\"url\":\"https:\/\/vosgesinfo.fr\/app\/uploads\/sites\/4\/2024\/02\/logo-sdi.jpg\",\"contentUrl\":\"https:\/\/vosgesinfo.fr\/app\/uploads\/sites\/4\/2024\/02\/logo-sdi.jpg\",\"width\":600,\"height\":600,\"caption\":\"Saint Die Info\"},\"image\":{\"@id\":\"https:\/\/vosgesinfo.fr\/saintdieinfo\/#\/schema\/logo\/image\/\"},\"sameAs\":[\"https:\/\/www.facebook.com\/Saintdieinfofr\",\"https:\/\/x.com\/VosgesInfo88\",\"https:\/\/www.youtube.com\/@vosgesinfo\"]},{\"@type\":\"Person\",\"@id\":\"https:\/\/vosgesinfo.fr\/saintdieinfo\/#\/schema\/person\/faee6704a21f3977511db84bd1cd450f\",\"name\":\"la r\u00e9daction\",\"image\":{\"@type\":\"ImageObject\",\"inLanguage\":\"fr-FR\",\"@id\":\"https:\/\/vosgesinfo.fr\/saintdieinfo\/#\/schema\/person\/image\/\",\"url\":\"https:\/\/secure.gravatar.com\/avatar\/6673d8bc6a9c17fa9a453eaa3448de834fa308c2ec9635b7aa99441a7c8d2cf6?s=96&d=mm&r=g\",\"contentUrl\":\"https:\/\/secure.gravatar.com\/avatar\/6673d8bc6a9c17fa9a453eaa3448de834fa308c2ec9635b7aa99441a7c8d2cf6?s=96&d=mm&r=g\",\"caption\":\"la r\u00e9daction\"},\"url\":\"https:\/\/vosgesinfo.fr\/saintdieinfo\/author\/redac\/\"}]}<\/script>\n<!-- \/ Yoast SEO plugin. -->","yoast_head_json":{"title":"Grande Promo sur pneus \u00e9t\u00e9 chez MG Auto - Saint Die Info","robots":{"index":"index","follow":"follow","max-snippet":"max-snippet:-1","max-image-preview":"max-image-preview:large","max-video-preview":"max-video-preview:-1"},"canonical":"https:\/\/vosgesinfo.fr\/saintdieinfo\/2023\/03\/grande-promo-pneus-ete-chez-mg-auto\/","twitter_card":"summary_large_image","twitter_title":"Grande Promo sur pneus \u00e9t\u00e9 chez MG Auto - Saint Die Info","twitter_description":"Il est temps de passer aux pneus \u00e9t\u00e9, et pour l\u2019occasion, Enrique Machado, du garage MG Auto \u00e0 Saint-Di\u00e9-Des-Vosges, organise [&hellip;]","twitter_image":"https:\/\/vosgesinfo.fr\/app\/uploads\/sites\/4\/2024\/08\/202303mg-auto-photo-premium-scaled.jpg","twitter_creator":"@VosgesInfo88","twitter_site":"@VosgesInfo88","twitter_misc":{"\u00c9crit par":"la r\u00e9daction","Dur\u00e9e de lecture estim\u00e9e":"1 minute"},"schema":{"@context":"https:\/\/schema.org","@graph":[{"@type":"Article","@id":"https:\/\/vosgesinfo.fr\/saintdieinfo\/2023\/03\/grande-promo-pneus-ete-chez-mg-auto\/#article","isPartOf":{"@id":"https:\/\/vosgesinfo.fr\/saintdieinfo\/2023\/03\/grande-promo-pneus-ete-chez-mg-auto\/"},"author":{"name":"la r\u00e9daction","@id":"https:\/\/vosgesinfo.fr\/saintdieinfo\/#\/schema\/person\/faee6704a21f3977511db84bd1cd450f"},"headline":"Grande Promo sur pneus \u00e9t\u00e9 chez MG Auto","datePublished":"2023-03-21T14:05:46+00:00","dateModified":"2023-03-21T14:05:46+00:00","mainEntityOfPage":{"@id":"https:\/\/vosgesinfo.fr\/saintdieinfo\/2023\/03\/grande-promo-pneus-ete-chez-mg-auto\/"},"wordCount":155,"commentCount":0,"publisher":{"@id":"https:\/\/vosgesinfo.fr\/saintdieinfo\/#organization"},"image":{"@id":"https:\/\/vosgesinfo.fr\/saintdieinfo\/2023\/03\/grande-promo-pneus-ete-chez-mg-auto\/#primaryimage"},"thumbnailUrl":"https:\/\/vosgesinfo.fr\/app\/uploads\/sites\/4\/2024\/08\/202303mg-auto-photo-premium-scaled.jpg","keywords":["MG Auto"],"articleSection":["A la Une","Saint-Di\u00e9-des-Vosges et son Agglom\u00e9ration"],"inLanguage":"fr-FR","potentialAction":[{"@type":"CommentAction","name":"Comment","target":["https:\/\/vosgesinfo.fr\/saintdieinfo\/2023\/03\/grande-promo-pneus-ete-chez-mg-auto\/#respond"]}]},{"@type":"WebPage","@id":"https:\/\/vosgesinfo.fr\/saintdieinfo\/2023\/03\/grande-promo-pneus-ete-chez-mg-auto\/","url":"https:\/\/vosgesinfo.fr\/saintdieinfo\/2023\/03\/grande-promo-pneus-ete-chez-mg-auto\/","name":"Grande Promo sur pneus \u00e9t\u00e9 chez MG Auto - Saint Die Info","isPartOf":{"@id":"https:\/\/vosgesinfo.fr\/saintdieinfo\/#website"},"primaryImageOfPage":{"@id":"https:\/\/vosgesinfo.fr\/saintdieinfo\/2023\/03\/grande-promo-pneus-ete-chez-mg-auto\/#primaryimage"},"image":{"@id":"https:\/\/vosgesinfo.fr\/saintdieinfo\/2023\/03\/grande-promo-pneus-ete-chez-mg-auto\/#primaryimage"},"thumbnailUrl":"https:\/\/vosgesinfo.fr\/app\/uploads\/sites\/4\/2024\/08\/202303mg-auto-photo-premium-scaled.jpg","datePublished":"2023-03-21T14:05:46+00:00","dateModified":"2023-03-21T14:05:46+00:00","breadcrumb":{"@id":"https:\/\/vosgesinfo.fr\/saintdieinfo\/2023\/03\/grande-promo-pneus-ete-chez-mg-auto\/#breadcrumb"},"inLanguage":"fr-FR","potentialAction":[{"@type":"ReadAction","target":["https:\/\/vosgesinfo.fr\/saintdieinfo\/2023\/03\/grande-promo-pneus-ete-chez-mg-auto\/"]}]},{"@type":"ImageObject","inLanguage":"fr-FR","@id":"https:\/\/vosgesinfo.fr\/saintdieinfo\/2023\/03\/grande-promo-pneus-ete-chez-mg-auto\/#primaryimage","url":"https:\/\/vosgesinfo.fr\/app\/uploads\/sites\/4\/2024\/08\/202303mg-auto-photo-premium-scaled.jpg","contentUrl":"https:\/\/vosgesinfo.fr\/app\/uploads\/sites\/4\/2024\/08\/202303mg-auto-photo-premium-scaled.jpg","width":2560,"height":1973},{"@type":"BreadcrumbList","@id":"https:\/\/vosgesinfo.fr\/saintdieinfo\/2023\/03\/grande-promo-pneus-ete-chez-mg-auto\/#breadcrumb","itemListElement":[{"@type":"ListItem","position":1,"name":"Home","item":"https:\/\/vosgesinfo.fr\/saintdieinfo\/"},{"@type":"ListItem","position":2,"name":"Grande Promo sur pneus \u00e9t\u00e9 chez MG Auto"}]},{"@type":"WebSite","@id":"https:\/\/vosgesinfo.fr\/saintdieinfo\/#website","url":"https:\/\/vosgesinfo.fr\/saintdieinfo\/","name":"Saint Die Info","description":"Toute l&#039;actualit\u00e9 de Saint-Di\u00e9-Des-Vosges","publisher":{"@id":"https:\/\/vosgesinfo.fr\/saintdieinfo\/#organization"},"alternateName":"Toute l'actualit\u00e9 de Saint-Di\u00e9-Des-Vosges","potentialAction":[{"@type":"SearchAction","target":{"@type":"EntryPoint","urlTemplate":"https:\/\/vosgesinfo.fr\/saintdieinfo\/?s={search_term_string}"},"query-input":"required name=search_term_string"}],"inLanguage":"fr-FR"},{"@type":"Organization","@id":"https:\/\/vosgesinfo.fr\/saintdieinfo\/#organization","name":"Saint Die Info","url":"https:\/\/vosgesinfo.fr\/saintdieinfo\/","logo":{"@type":"ImageObject","inLanguage":"fr-FR","@id":"https:\/\/vosgesinfo.fr\/saintdieinfo\/#\/schema\/logo\/image\/","url":"https:\/\/vosgesinfo.fr\/app\/uploads\/sites\/4\/2024\/02\/logo-sdi.jpg","contentUrl":"https:\/\/vosgesinfo.fr\/app\/uploads\/sites\/4\/2024\/02\/logo-sdi.jpg","width":600,"height":600,"caption":"Saint Die Info"},"image":{"@id":"https:\/\/vosgesinfo.fr\/saintdieinfo\/#\/schema\/logo\/image\/"},"sameAs":["https:\/\/www.facebook.com\/Saintdieinfofr","https:\/\/x.com\/VosgesInfo88","https:\/\/www.youtube.com\/@vosgesinfo"]},{"@type":"Person","@id":"https:\/\/vosgesinfo.fr\/saintdieinfo\/#\/schema\/person\/faee6704a21f3977511db84bd1cd450f","name":"la r\u00e9daction","image":{"@type":"ImageObject","inLanguage":"fr-FR","@id":"https:\/\/vosgesinfo.fr\/saintdieinfo\/#\/schema\/person\/image\/","url":"https:\/\/secure.gravatar.com\/avatar\/6673d8bc6a9c17fa9a453eaa3448de834fa308c2ec9635b7aa99441a7c8d2cf6?s=96&d=mm&r=g","contentUrl":"https:\/\/secure.gravatar.com\/avatar\/6673d8bc6a9c17fa9a453eaa3448de834fa308c2ec9635b7aa99441a7c8d2cf6?s=96&d=mm&r=g","caption":"la r\u00e9daction"},"url":"https:\/\/vosgesinfo.fr\/saintdieinfo\/author\/redac\/"}]}},"_links":{"self":[{"href":"https:\/\/vosgesinfo.fr\/saintdieinfo\/wp-json\/wp\/v2\/posts\/63345","targetHints":{"allow":["GET"]}}],"collection":[{"href":"https:\/\/vosgesinfo.fr\/saintdieinfo\/wp-json\/wp\/v2\/posts"}],"about":[{"href":"https:\/\/vosgesinfo.fr\/saintdieinfo\/wp-json\/wp\/v2\/types\/post"}],"author":[{"embeddable":true,"href":"https:\/\/vosgesinfo.fr\/saintdieinfo\/wp-json\/wp\/v2\/users\/44"}],"replies":[{"embeddable":true,"href":"https:\/\/vosgesinfo.fr\/saintdieinfo\/wp-json\/wp\/v2\/comments?post=63345"}],"version-history":[{"count":0,"href":"https:\/\/vosgesinfo.fr\/saintdieinfo\/wp-json\/wp\/v2\/posts\/63345\/revisions"}],"wp:featuredmedia":[{"embeddable":true,"href":"https:\/\/vosgesinfo.fr\/saintdieinfo\/wp-json\/wp\/v2\/media\/63346"}],"wp:attachment":[{"href":"https:\/\/vosgesinfo.fr\/saintdieinfo\/wp-json\/wp\/v2\/media?parent=63345"}],"wp:term":[{"taxonomy":"category","embeddable":true,"href":"https:\/\/vosgesinfo.fr\/saintdieinfo\/wp-json\/wp\/v2\/categories?post=63345"},{"taxonomy":"post_tag","embeddable":true,"href":"https:\/\/vosgesinfo.fr\/saintdieinfo\/wp-json\/wp\/v2\/tags?post=63345"}],"curies":[{"name":"wp","href":"https:\/\/api.w.org\/{rel}","templated":true}]}}