{"id":63349,"date":"2023-03-21T15:37:13","date_gmt":"2023-03-21T14:37:13","guid":{"rendered":"https:\/\/vosgesinfo.fr\/saintdieinfo\/2023\/03\/sections-sportives-college-souhait-recrutent-rentree-de-septembre\/"},"modified":"2023-03-21T15:37:13","modified_gmt":"2023-03-21T14:37:13","slug":"sections-sportives-college-souhait-recrutent-rentree-de-septembre","status":"publish","type":"post","link":"https:\/\/vosgesinfo.fr\/saintdieinfo\/2023\/03\/sections-sportives-college-souhait-recrutent-rentree-de-septembre\/","title":{"rendered":"Les sections sportives du coll\u00e8ge Souhait recrutent pour la rentr\u00e9e de septembre"},"content":{"rendered":"<p><a href=\"\/2023\/03\/Sections_Sportives_Coll\u00e8ge_Souhait-1.jpg\" target=\"_blank\" rel=\"noopener\"><img decoding=\"async\" class=\"aligncenter wp-image-198734 size-large\" src=\"\/2023\/03\/Sections_Sportives_Coll\u00e8ge_Souhait-1-1024x771.jpg\" alt=\"Sections_Sportives_Coll\u00e8ge_Souhait (1)\" width=\"960\" height=\"723\" \/><\/a><\/p>\n<h2><strong><span style=\"font-size: 14pt;\">Les 4 sections sportives du coll\u00e8ge Souhait recrutent pour la prochaine rentr\u00e9e de septembre. Les s\u00e9lections \u00e0 celles et ceux qui souhaitent int\u00e9grer l&rsquo;une des sections d\u00e9buteront mardi prochain.<\/span><\/strong><\/h2>\n<p><!--more--><\/p>\n<p>La section la plus ancienne est la gymnastique, qui a fusionn\u00e9 avec celle du coll\u00e8ge Vautrin-Lud et qui compte une dizaine de gymnastes en herbe dans ses rangs. Coordonn\u00e9es par l&rsquo;enseignante en EPS Annabelle Caccia, les sections tennis et basket rassemblent respectivement une dizaine et une vingtaine d&rsquo;\u00e9l\u00e8ves. La section volley est quant \u00e0 elle coordonn\u00e9e par Serge Vidal, \u00e9galement enseignant en EPS. Des 4 sections c&rsquo;est la plus r\u00e9cente, mais c&rsquo;est aussi celle qui compte le plus de pratiquants, puisqu&rsquo;ils sont une trentaine de jeunes volleyeuses et volleyeurs \u00e0 \u00eatre inscrits pour cette ann\u00e9e scolaire. Dans tous les cas, les s\u00e9ances de sport ont lieu de 15h \u00e0 17h chaque mardi et chaque jeudi, au Palais Omnisports Joseph-Claudel ou \u00e0 l&rsquo;Espace Jean-Thoumazeau, le complexe de tennis d\u00e9odatien. Le tout en sachant que ce sont les clubs qui encadrent les coll\u00e9giens lors des s\u00e9ances, et que les sections participent \u00e0 des comp\u00e9titions UNSS. A noter enfin que les sections sportives sont ouvertes aux \u00e9l\u00e8ves des classes de 6e, 5e, 4e, et plus ponctuellement aux 3e, qu&rsquo;ils soient scolaris\u00e9s \u00e0 Souhait ou non.<\/p>\n<p>Toutes les informations concernant les prochaines s\u00e9lections des sections sportives du coll\u00e8ge Souhait sont \u00e0 retrouver <a href=\"https:\/\/padlet.com\/EPSCollegeSouhait\/les-sections-sportives-au-coll-ge-souhait-st-di-bcv3b36d219t7wkl\" target=\"_blank\" rel=\"noopener\">en cliquant ici.<\/a><\/p>\n<p>J.J.<\/p>\n\n","protected":false},"excerpt":{"rendered":"<p>Les 4 sections sportives du coll\u00e8ge Souhait recrutent pour la prochaine rentr\u00e9e de septembre. Les s\u00e9lections \u00e0 celles et ceux [&hellip;]<\/p>\n","protected":false},"author":44,"featured_media":63350,"comment_status":"open","ping_status":"open","sticky":false,"template":"","format":"standard","meta":{"footnotes":""},"categories":[460,6,2915,14],"tags":[4720,11930,3126],"class_list":["post-63349","post","type-post","status-publish","format-standard","has-post-thumbnail","hentry","category-a-la-une","category-education","category-saint-die-son-canton","category-sport","tag-college-souhait","tag-espace-jean-thoumazeau","tag-palais-omnisports-joseph-claudel"],"acf":[],"yoast_head":"<!-- This site is optimized with the Yoast SEO plugin v22.5 - https:\/\/yoast.com\/wordpress\/plugins\/seo\/ -->\n<title>Les sections sportives du coll\u00e8ge Souhait recrutent pour la rentr\u00e9e de septembre - Saint Die Info<\/title>\n<meta name=\"robots\" content=\"index, follow, max-snippet:-1, max-image-preview:large, max-video-preview:-1\" \/>\n<link rel=\"canonical\" href=\"https:\/\/vosgesinfo.fr\/saintdieinfo\/2023\/03\/sections-sportives-college-souhait-recrutent-rentree-de-septembre\/\" \/>\n<meta name=\"twitter:card\" content=\"summary_large_image\" \/>\n<meta name=\"twitter:title\" content=\"Les sections sportives du coll\u00e8ge Souhait recrutent pour la rentr\u00e9e de septembre - Saint Die Info\" \/>\n<meta name=\"twitter:description\" content=\"Les 4 sections sportives du coll\u00e8ge Souhait recrutent pour la prochaine rentr\u00e9e de septembre. Les s\u00e9lections \u00e0 celles et ceux [&hellip;]\" \/>\n<meta name=\"twitter:image\" content=\"https:\/\/vosgesinfo.fr\/app\/uploads\/sites\/4\/2024\/08\/202303sections-sportives-college-souhait-1.jpg\" \/>\n<meta name=\"twitter:creator\" content=\"@VosgesInfo88\" \/>\n<meta name=\"twitter:site\" content=\"@VosgesInfo88\" \/>\n<meta name=\"twitter:label1\" content=\"\u00c9crit par\" \/>\n\t<meta name=\"twitter:data1\" content=\"la r\u00e9daction\" \/>\n\t<meta name=\"twitter:label2\" content=\"Dur\u00e9e de lecture estim\u00e9e\" \/>\n\t<meta name=\"twitter:data2\" content=\"1 minute\" \/>\n<script type=\"application\/ld+json\" class=\"yoast-schema-graph\">{\"@context\":\"https:\/\/schema.org\",\"@graph\":[{\"@type\":\"Article\",\"@id\":\"https:\/\/vosgesinfo.fr\/saintdieinfo\/2023\/03\/sections-sportives-college-souhait-recrutent-rentree-de-septembre\/#article\",\"isPartOf\":{\"@id\":\"https:\/\/vosgesinfo.fr\/saintdieinfo\/2023\/03\/sections-sportives-college-souhait-recrutent-rentree-de-septembre\/\"},\"author\":{\"name\":\"la r\u00e9daction\",\"@id\":\"https:\/\/vosgesinfo.fr\/saintdieinfo\/#\/schema\/person\/faee6704a21f3977511db84bd1cd450f\"},\"headline\":\"Les sections sportives du coll\u00e8ge Souhait recrutent pour la rentr\u00e9e de septembre\",\"datePublished\":\"2023-03-21T14:37:13+00:00\",\"dateModified\":\"2023-03-21T14:37:13+00:00\",\"mainEntityOfPage\":{\"@id\":\"https:\/\/vosgesinfo.fr\/saintdieinfo\/2023\/03\/sections-sportives-college-souhait-recrutent-rentree-de-septembre\/\"},\"wordCount\":270,\"commentCount\":0,\"publisher\":{\"@id\":\"https:\/\/vosgesinfo.fr\/saintdieinfo\/#organization\"},\"image\":{\"@id\":\"https:\/\/vosgesinfo.fr\/saintdieinfo\/2023\/03\/sections-sportives-college-souhait-recrutent-rentree-de-septembre\/#primaryimage\"},\"thumbnailUrl\":\"https:\/\/vosgesinfo.fr\/app\/uploads\/sites\/4\/2024\/08\/202303sections-sportives-college-souhait-1.jpg\",\"keywords\":[\"Coll\u00e8ge Souhait\",\"Espace Jean-Thoumazeau\",\"Palais Omnisports Joseph-Claudel\"],\"articleSection\":[\"A la Une\",\"\u00c9ducation\",\"Saint-Di\u00e9-des-Vosges et son Agglom\u00e9ration\",\"Sport\"],\"inLanguage\":\"fr-FR\",\"potentialAction\":[{\"@type\":\"CommentAction\",\"name\":\"Comment\",\"target\":[\"https:\/\/vosgesinfo.fr\/saintdieinfo\/2023\/03\/sections-sportives-college-souhait-recrutent-rentree-de-septembre\/#respond\"]}]},{\"@type\":\"WebPage\",\"@id\":\"https:\/\/vosgesinfo.fr\/saintdieinfo\/2023\/03\/sections-sportives-college-souhait-recrutent-rentree-de-septembre\/\",\"url\":\"https:\/\/vosgesinfo.fr\/saintdieinfo\/2023\/03\/sections-sportives-college-souhait-recrutent-rentree-de-septembre\/\",\"name\":\"Les sections sportives du coll\u00e8ge Souhait recrutent pour la rentr\u00e9e de septembre - Saint Die Info\",\"isPartOf\":{\"@id\":\"https:\/\/vosgesinfo.fr\/saintdieinfo\/#website\"},\"primaryImageOfPage\":{\"@id\":\"https:\/\/vosgesinfo.fr\/saintdieinfo\/2023\/03\/sections-sportives-college-souhait-recrutent-rentree-de-septembre\/#primaryimage\"},\"image\":{\"@id\":\"https:\/\/vosgesinfo.fr\/saintdieinfo\/2023\/03\/sections-sportives-college-souhait-recrutent-rentree-de-septembre\/#primaryimage\"},\"thumbnailUrl\":\"https:\/\/vosgesinfo.fr\/app\/uploads\/sites\/4\/2024\/08\/202303sections-sportives-college-souhait-1.jpg\",\"datePublished\":\"2023-03-21T14:37:13+00:00\",\"dateModified\":\"2023-03-21T14:37:13+00:00\",\"breadcrumb\":{\"@id\":\"https:\/\/vosgesinfo.fr\/saintdieinfo\/2023\/03\/sections-sportives-college-souhait-recrutent-rentree-de-septembre\/#breadcrumb\"},\"inLanguage\":\"fr-FR\",\"potentialAction\":[{\"@type\":\"ReadAction\",\"target\":[\"https:\/\/vosgesinfo.fr\/saintdieinfo\/2023\/03\/sections-sportives-college-souhait-recrutent-rentree-de-septembre\/\"]}]},{\"@type\":\"ImageObject\",\"inLanguage\":\"fr-FR\",\"@id\":\"https:\/\/vosgesinfo.fr\/saintdieinfo\/2023\/03\/sections-sportives-college-souhait-recrutent-rentree-de-septembre\/#primaryimage\",\"url\":\"https:\/\/vosgesinfo.fr\/app\/uploads\/sites\/4\/2024\/08\/202303sections-sportives-college-souhait-1.jpg\",\"contentUrl\":\"https:\/\/vosgesinfo.fr\/app\/uploads\/sites\/4\/2024\/08\/202303sections-sportives-college-souhait-1.jpg\",\"width\":1600,\"height\":1205},{\"@type\":\"BreadcrumbList\",\"@id\":\"https:\/\/vosgesinfo.fr\/saintdieinfo\/2023\/03\/sections-sportives-college-souhait-recrutent-rentree-de-septembre\/#breadcrumb\",\"itemListElement\":[{\"@type\":\"ListItem\",\"position\":1,\"name\":\"Home\",\"item\":\"https:\/\/vosgesinfo.fr\/saintdieinfo\/\"},{\"@type\":\"ListItem\",\"position\":2,\"name\":\"Les sections sportives du coll\u00e8ge Souhait recrutent pour la rentr\u00e9e de septembre\"}]},{\"@type\":\"WebSite\",\"@id\":\"https:\/\/vosgesinfo.fr\/saintdieinfo\/#website\",\"url\":\"https:\/\/vosgesinfo.fr\/saintdieinfo\/\",\"name\":\"Saint Die Info\",\"description\":\"Toute l&#039;actualit\u00e9 de Saint-Di\u00e9-Des-Vosges\",\"publisher\":{\"@id\":\"https:\/\/vosgesinfo.fr\/saintdieinfo\/#organization\"},\"alternateName\":\"Toute l'actualit\u00e9 de Saint-Di\u00e9-Des-Vosges\",\"potentialAction\":[{\"@type\":\"SearchAction\",\"target\":{\"@type\":\"EntryPoint\",\"urlTemplate\":\"https:\/\/vosgesinfo.fr\/saintdieinfo\/?s={search_term_string}\"},\"query-input\":\"required name=search_term_string\"}],\"inLanguage\":\"fr-FR\"},{\"@type\":\"Organization\",\"@id\":\"https:\/\/vosgesinfo.fr\/saintdieinfo\/#organization\",\"name\":\"Saint Die Info\",\"url\":\"https:\/\/vosgesinfo.fr\/saintdieinfo\/\",\"logo\":{\"@type\":\"ImageObject\",\"inLanguage\":\"fr-FR\",\"@id\":\"https:\/\/vosgesinfo.fr\/saintdieinfo\/#\/schema\/logo\/image\/\",\"url\":\"https:\/\/vosgesinfo.fr\/app\/uploads\/sites\/4\/2024\/02\/logo-sdi.jpg\",\"contentUrl\":\"https:\/\/vosgesinfo.fr\/app\/uploads\/sites\/4\/2024\/02\/logo-sdi.jpg\",\"width\":600,\"height\":600,\"caption\":\"Saint Die Info\"},\"image\":{\"@id\":\"https:\/\/vosgesinfo.fr\/saintdieinfo\/#\/schema\/logo\/image\/\"},\"sameAs\":[\"https:\/\/www.facebook.com\/Saintdieinfofr\",\"https:\/\/x.com\/VosgesInfo88\",\"https:\/\/www.youtube.com\/@vosgesinfo\"]},{\"@type\":\"Person\",\"@id\":\"https:\/\/vosgesinfo.fr\/saintdieinfo\/#\/schema\/person\/faee6704a21f3977511db84bd1cd450f\",\"name\":\"la r\u00e9daction\",\"image\":{\"@type\":\"ImageObject\",\"inLanguage\":\"fr-FR\",\"@id\":\"https:\/\/vosgesinfo.fr\/saintdieinfo\/#\/schema\/person\/image\/\",\"url\":\"https:\/\/secure.gravatar.com\/avatar\/6673d8bc6a9c17fa9a453eaa3448de834fa308c2ec9635b7aa99441a7c8d2cf6?s=96&d=mm&r=g\",\"contentUrl\":\"https:\/\/secure.gravatar.com\/avatar\/6673d8bc6a9c17fa9a453eaa3448de834fa308c2ec9635b7aa99441a7c8d2cf6?s=96&d=mm&r=g\",\"caption\":\"la r\u00e9daction\"},\"url\":\"https:\/\/vosgesinfo.fr\/saintdieinfo\/author\/redac\/\"}]}<\/script>\n<!-- \/ Yoast SEO plugin. -->","yoast_head_json":{"title":"Les sections sportives du coll\u00e8ge Souhait recrutent pour la rentr\u00e9e de septembre - Saint Die Info","robots":{"index":"index","follow":"follow","max-snippet":"max-snippet:-1","max-image-preview":"max-image-preview:large","max-video-preview":"max-video-preview:-1"},"canonical":"https:\/\/vosgesinfo.fr\/saintdieinfo\/2023\/03\/sections-sportives-college-souhait-recrutent-rentree-de-septembre\/","twitter_card":"summary_large_image","twitter_title":"Les sections sportives du coll\u00e8ge Souhait recrutent pour la rentr\u00e9e de septembre - Saint Die Info","twitter_description":"Les 4 sections sportives du coll\u00e8ge Souhait recrutent pour la prochaine rentr\u00e9e de septembre. Les s\u00e9lections \u00e0 celles et ceux [&hellip;]","twitter_image":"https:\/\/vosgesinfo.fr\/app\/uploads\/sites\/4\/2024\/08\/202303sections-sportives-college-souhait-1.jpg","twitter_creator":"@VosgesInfo88","twitter_site":"@VosgesInfo88","twitter_misc":{"\u00c9crit par":"la r\u00e9daction","Dur\u00e9e de lecture estim\u00e9e":"1 minute"},"schema":{"@context":"https:\/\/schema.org","@graph":[{"@type":"Article","@id":"https:\/\/vosgesinfo.fr\/saintdieinfo\/2023\/03\/sections-sportives-college-souhait-recrutent-rentree-de-septembre\/#article","isPartOf":{"@id":"https:\/\/vosgesinfo.fr\/saintdieinfo\/2023\/03\/sections-sportives-college-souhait-recrutent-rentree-de-septembre\/"},"author":{"name":"la r\u00e9daction","@id":"https:\/\/vosgesinfo.fr\/saintdieinfo\/#\/schema\/person\/faee6704a21f3977511db84bd1cd450f"},"headline":"Les sections sportives du coll\u00e8ge Souhait recrutent pour la rentr\u00e9e de septembre","datePublished":"2023-03-21T14:37:13+00:00","dateModified":"2023-03-21T14:37:13+00:00","mainEntityOfPage":{"@id":"https:\/\/vosgesinfo.fr\/saintdieinfo\/2023\/03\/sections-sportives-college-souhait-recrutent-rentree-de-septembre\/"},"wordCount":270,"commentCount":0,"publisher":{"@id":"https:\/\/vosgesinfo.fr\/saintdieinfo\/#organization"},"image":{"@id":"https:\/\/vosgesinfo.fr\/saintdieinfo\/2023\/03\/sections-sportives-college-souhait-recrutent-rentree-de-septembre\/#primaryimage"},"thumbnailUrl":"https:\/\/vosgesinfo.fr\/app\/uploads\/sites\/4\/2024\/08\/202303sections-sportives-college-souhait-1.jpg","keywords":["Coll\u00e8ge Souhait","Espace Jean-Thoumazeau","Palais Omnisports Joseph-Claudel"],"articleSection":["A la Une","\u00c9ducation","Saint-Di\u00e9-des-Vosges et son Agglom\u00e9ration","Sport"],"inLanguage":"fr-FR","potentialAction":[{"@type":"CommentAction","name":"Comment","target":["https:\/\/vosgesinfo.fr\/saintdieinfo\/2023\/03\/sections-sportives-college-souhait-recrutent-rentree-de-septembre\/#respond"]}]},{"@type":"WebPage","@id":"https:\/\/vosgesinfo.fr\/saintdieinfo\/2023\/03\/sections-sportives-college-souhait-recrutent-rentree-de-septembre\/","url":"https:\/\/vosgesinfo.fr\/saintdieinfo\/2023\/03\/sections-sportives-college-souhait-recrutent-rentree-de-septembre\/","name":"Les sections sportives du coll\u00e8ge Souhait recrutent pour la rentr\u00e9e de septembre - Saint Die Info","isPartOf":{"@id":"https:\/\/vosgesinfo.fr\/saintdieinfo\/#website"},"primaryImageOfPage":{"@id":"https:\/\/vosgesinfo.fr\/saintdieinfo\/2023\/03\/sections-sportives-college-souhait-recrutent-rentree-de-septembre\/#primaryimage"},"image":{"@id":"https:\/\/vosgesinfo.fr\/saintdieinfo\/2023\/03\/sections-sportives-college-souhait-recrutent-rentree-de-septembre\/#primaryimage"},"thumbnailUrl":"https:\/\/vosgesinfo.fr\/app\/uploads\/sites\/4\/2024\/08\/202303sections-sportives-college-souhait-1.jpg","datePublished":"2023-03-21T14:37:13+00:00","dateModified":"2023-03-21T14:37:13+00:00","breadcrumb":{"@id":"https:\/\/vosgesinfo.fr\/saintdieinfo\/2023\/03\/sections-sportives-college-souhait-recrutent-rentree-de-septembre\/#breadcrumb"},"inLanguage":"fr-FR","potentialAction":[{"@type":"ReadAction","target":["https:\/\/vosgesinfo.fr\/saintdieinfo\/2023\/03\/sections-sportives-college-souhait-recrutent-rentree-de-septembre\/"]}]},{"@type":"ImageObject","inLanguage":"fr-FR","@id":"https:\/\/vosgesinfo.fr\/saintdieinfo\/2023\/03\/sections-sportives-college-souhait-recrutent-rentree-de-septembre\/#primaryimage","url":"https:\/\/vosgesinfo.fr\/app\/uploads\/sites\/4\/2024\/08\/202303sections-sportives-college-souhait-1.jpg","contentUrl":"https:\/\/vosgesinfo.fr\/app\/uploads\/sites\/4\/2024\/08\/202303sections-sportives-college-souhait-1.jpg","width":1600,"height":1205},{"@type":"BreadcrumbList","@id":"https:\/\/vosgesinfo.fr\/saintdieinfo\/2023\/03\/sections-sportives-college-souhait-recrutent-rentree-de-septembre\/#breadcrumb","itemListElement":[{"@type":"ListItem","position":1,"name":"Home","item":"https:\/\/vosgesinfo.fr\/saintdieinfo\/"},{"@type":"ListItem","position":2,"name":"Les sections sportives du coll\u00e8ge Souhait recrutent pour la rentr\u00e9e de septembre"}]},{"@type":"WebSite","@id":"https:\/\/vosgesinfo.fr\/saintdieinfo\/#website","url":"https:\/\/vosgesinfo.fr\/saintdieinfo\/","name":"Saint Die Info","description":"Toute l&#039;actualit\u00e9 de Saint-Di\u00e9-Des-Vosges","publisher":{"@id":"https:\/\/vosgesinfo.fr\/saintdieinfo\/#organization"},"alternateName":"Toute l'actualit\u00e9 de Saint-Di\u00e9-Des-Vosges","potentialAction":[{"@type":"SearchAction","target":{"@type":"EntryPoint","urlTemplate":"https:\/\/vosgesinfo.fr\/saintdieinfo\/?s={search_term_string}"},"query-input":"required name=search_term_string"}],"inLanguage":"fr-FR"},{"@type":"Organization","@id":"https:\/\/vosgesinfo.fr\/saintdieinfo\/#organization","name":"Saint Die Info","url":"https:\/\/vosgesinfo.fr\/saintdieinfo\/","logo":{"@type":"ImageObject","inLanguage":"fr-FR","@id":"https:\/\/vosgesinfo.fr\/saintdieinfo\/#\/schema\/logo\/image\/","url":"https:\/\/vosgesinfo.fr\/app\/uploads\/sites\/4\/2024\/02\/logo-sdi.jpg","contentUrl":"https:\/\/vosgesinfo.fr\/app\/uploads\/sites\/4\/2024\/02\/logo-sdi.jpg","width":600,"height":600,"caption":"Saint Die Info"},"image":{"@id":"https:\/\/vosgesinfo.fr\/saintdieinfo\/#\/schema\/logo\/image\/"},"sameAs":["https:\/\/www.facebook.com\/Saintdieinfofr","https:\/\/x.com\/VosgesInfo88","https:\/\/www.youtube.com\/@vosgesinfo"]},{"@type":"Person","@id":"https:\/\/vosgesinfo.fr\/saintdieinfo\/#\/schema\/person\/faee6704a21f3977511db84bd1cd450f","name":"la r\u00e9daction","image":{"@type":"ImageObject","inLanguage":"fr-FR","@id":"https:\/\/vosgesinfo.fr\/saintdieinfo\/#\/schema\/person\/image\/","url":"https:\/\/secure.gravatar.com\/avatar\/6673d8bc6a9c17fa9a453eaa3448de834fa308c2ec9635b7aa99441a7c8d2cf6?s=96&d=mm&r=g","contentUrl":"https:\/\/secure.gravatar.com\/avatar\/6673d8bc6a9c17fa9a453eaa3448de834fa308c2ec9635b7aa99441a7c8d2cf6?s=96&d=mm&r=g","caption":"la r\u00e9daction"},"url":"https:\/\/vosgesinfo.fr\/saintdieinfo\/author\/redac\/"}]}},"_links":{"self":[{"href":"https:\/\/vosgesinfo.fr\/saintdieinfo\/wp-json\/wp\/v2\/posts\/63349","targetHints":{"allow":["GET"]}}],"collection":[{"href":"https:\/\/vosgesinfo.fr\/saintdieinfo\/wp-json\/wp\/v2\/posts"}],"about":[{"href":"https:\/\/vosgesinfo.fr\/saintdieinfo\/wp-json\/wp\/v2\/types\/post"}],"author":[{"embeddable":true,"href":"https:\/\/vosgesinfo.fr\/saintdieinfo\/wp-json\/wp\/v2\/users\/44"}],"replies":[{"embeddable":true,"href":"https:\/\/vosgesinfo.fr\/saintdieinfo\/wp-json\/wp\/v2\/comments?post=63349"}],"version-history":[{"count":0,"href":"https:\/\/vosgesinfo.fr\/saintdieinfo\/wp-json\/wp\/v2\/posts\/63349\/revisions"}],"wp:featuredmedia":[{"embeddable":true,"href":"https:\/\/vosgesinfo.fr\/saintdieinfo\/wp-json\/wp\/v2\/media\/63350"}],"wp:attachment":[{"href":"https:\/\/vosgesinfo.fr\/saintdieinfo\/wp-json\/wp\/v2\/media?parent=63349"}],"wp:term":[{"taxonomy":"category","embeddable":true,"href":"https:\/\/vosgesinfo.fr\/saintdieinfo\/wp-json\/wp\/v2\/categories?post=63349"},{"taxonomy":"post_tag","embeddable":true,"href":"https:\/\/vosgesinfo.fr\/saintdieinfo\/wp-json\/wp\/v2\/tags?post=63349"}],"curies":[{"name":"wp","href":"https:\/\/api.w.org\/{rel}","templated":true}]}}