{"id":63357,"date":"2023-03-22T07:35:37","date_gmt":"2023-03-22T06:35:37","guid":{"rendered":"https:\/\/vosgesinfo.fr\/saintdieinfo\/2023\/03\/conference-historique-officiers-de-reserve-de-saint-die-region-1931-axel-balland\/"},"modified":"2023-03-22T07:35:37","modified_gmt":"2023-03-22T06:35:37","slug":"conference-historique-officiers-de-reserve-de-saint-die-region-1931-axel-balland","status":"publish","type":"post","link":"https:\/\/vosgesinfo.fr\/saintdieinfo\/2023\/03\/conference-historique-officiers-de-reserve-de-saint-die-region-1931-axel-balland\/","title":{"rendered":"Conf\u00e9rence \u00ab\u00a0Historique des sous-officiers de r\u00e9serve de Saint-Di\u00e9 et sa r\u00e9gion depuis 1931\u00a0\u00bb par Axel Balland"},"content":{"rendered":"<div id=\"attachment_198757\" style=\"width: 590px\" class=\"wp-caption aligncenter\"><a href=\"\/2023\/03\/G\u00e9n\u00e9ral_Niessel-1.jpg\" target=\"_blank\" rel=\"noopener\"><img decoding=\"async\" aria-describedby=\"caption-attachment-198757\" class=\"wp-image-198757 size-full\" src=\"\/2023\/03\/G\u00e9n\u00e9ral_Niessel-1.jpg\" alt=\"\" width=\"580\" height=\"1019\" \/><\/a><p id=\"caption-attachment-198757\" class=\"wp-caption-text\">Portrait du g\u00e9n\u00e9ral Niessel, premier pr\u00e9sident national de la F\u00e9d\u00e9ration Nationale des Amicales de sous-officiers de r\u00e9serve depuis sa cr\u00e9ation en 1932.<\/p><\/div>\n<h2 align=\"LEFT\"><strong><span style=\"font-size: 14pt;\"><span style=\"color: #000000;\"><span style=\"font-family: Calibri, sans-serif;\">Invit\u00e9 par l\u2019Association des Sous-Officiers de R\u00e9serve de Saint-Di\u00e9 dans le cadre de leur assembl\u00e9e g\u00e9n\u00e9rale, Axel Balland animera une conf\u00e9rence intitul\u00e9\u00a0<\/span><\/span><span style=\"color: #000000;\"><span style=\"font-family: Calibri, sans-serif;\"><u>\u00ab\u00a0Historique des sous-officiers de r\u00e9serve de Saint-Di\u00e9 et sa r\u00e9gion depuis 1931\u00a0\u00bb. Cette conf\u00e9rence <\/u><\/span><\/span><span style=\"color: #000000;\"><span style=\"font-family: Calibri, sans-serif;\">aura lieu\u00a0\u00e0 la salle Carbonnar de Saint-Di\u00e9-des-Vosges ce samedi 25 mars \u00e0 11h20. Entr\u00e9e libre. <\/span><\/span><\/span><\/strong><\/h2>\n<p align=\"LEFT\"><!--more--><\/p>\n<p align=\"LEFT\"><span style=\"font-size: large;\"><span style=\"color: #000000;\"><span style=\"font-family: Calibri, sans-serif;\">L\u2019historien reviendra sur l&rsquo;histoire et l&rsquo;\u00e9volution du statut des sous-officiers de r\u00e9serve depuis sa cr\u00e9ation en 1872 dans le cadre des lois militaires de la IIIe R\u00e9publique jusqu&rsquo;\u00e0 nos jours avec des exemples vosgiens. En parall\u00e8le, l&rsquo;historien et animateur de la commission Temps de Guerre de la Soci\u00e9t\u00e9 Philomatique Vosgienne pr\u00e9sentera la cr\u00e9ation de l&rsquo;association d\u00e9odatienne en fin 1931 dont le premier pr\u00e9sident connu \u00e9tait Albert Godot (ancien artilleur et teinturier install\u00e9 rue d&rsquo;Alsace \u00e0 Saint-Di\u00e9), la vie et les activit\u00e9s de l&rsquo;association en particulier dans les ann\u00e9es 1930 et 1950 dont le 1<\/span><\/span><span style=\"color: #000000;\"><sup><span style=\"font-family: Calibri, sans-serif;\">er<\/span><\/sup><\/span><span style=\"color: #000000;\"><span style=\"font-family: Calibri, sans-serif;\"> congr\u00e8s des S.O.R. de la 20<\/span><\/span><span style=\"color: #000000;\"><sup><span style=\"font-family: Calibri, sans-serif;\">e<\/span><\/sup><\/span><span style=\"color: #000000;\"><span style=\"font-family: Calibri, sans-serif;\"> R\u00e9gion Militaire en juillet 1933 sous la pr\u00e9sidence du g\u00e9n\u00e9ral Niessel, le parcours militaire de plusieurs membres de l&rsquo;association de ces \u00e9poques, leurs liens avec l&rsquo;arm\u00e9e en particulier les cours de perfectionnement et les p\u00e9riodes au sein d&rsquo;unit\u00e9s de l&rsquo;arm\u00e9e fran\u00e7aise. <\/span><\/span><\/span><\/p>\n","protected":false},"excerpt":{"rendered":"<p>Invit\u00e9 par l\u2019Association des Sous-Officiers de R\u00e9serve de Saint-Di\u00e9 dans le cadre de leur assembl\u00e9e g\u00e9n\u00e9rale, Axel Balland animera une [&hellip;]<\/p>\n","protected":false},"author":44,"featured_media":63358,"comment_status":"open","ping_status":"open","sticky":false,"template":"","format":"standard","meta":{"footnotes":""},"categories":[3900,7847,2915],"tags":[676,14055,4352,14056,3571],"class_list":["post-63357","post","type-post","status-publish","format-standard","has-post-thumbnail","hentry","category-breves","category-art-culture","category-saint-die-son-canton","tag-assemblee-generale","tag-association-des-sous-officiers-de-reserve-de-saint-die","tag-axel-balland","tag-historique-des-sous-officiers-de-reserve-de-saint-die-et-sa-region-depuis-1931","tag-salle-carbonnar"],"acf":[],"yoast_head":"<!-- This site is optimized with the Yoast SEO plugin v22.5 - https:\/\/yoast.com\/wordpress\/plugins\/seo\/ -->\n<title>Conf\u00e9rence &quot;Historique des sous-officiers de r\u00e9serve de Saint-Di\u00e9 et sa r\u00e9gion depuis 1931&quot; par Axel Balland - Saint Die Info<\/title>\n<meta name=\"robots\" content=\"index, follow, max-snippet:-1, max-image-preview:large, max-video-preview:-1\" \/>\n<link rel=\"canonical\" href=\"https:\/\/vosgesinfo.fr\/saintdieinfo\/2023\/03\/conference-historique-officiers-de-reserve-de-saint-die-region-1931-axel-balland\/\" \/>\n<meta name=\"twitter:card\" content=\"summary_large_image\" \/>\n<meta name=\"twitter:title\" content=\"Conf\u00e9rence &quot;Historique des sous-officiers de r\u00e9serve de Saint-Di\u00e9 et sa r\u00e9gion depuis 1931&quot; par Axel Balland - Saint Die Info\" \/>\n<meta name=\"twitter:description\" content=\"Invit\u00e9 par l\u2019Association des Sous-Officiers de R\u00e9serve de Saint-Di\u00e9 dans le cadre de leur assembl\u00e9e g\u00e9n\u00e9rale, Axel Balland animera une [&hellip;]\" \/>\n<meta name=\"twitter:image\" content=\"https:\/\/vosgesinfo.fr\/app\/uploads\/sites\/4\/2024\/08\/202303general-niessel-2.jpg\" \/>\n<meta name=\"twitter:creator\" content=\"@VosgesInfo88\" \/>\n<meta name=\"twitter:site\" content=\"@VosgesInfo88\" \/>\n<meta name=\"twitter:label1\" content=\"\u00c9crit par\" \/>\n\t<meta name=\"twitter:data1\" content=\"la r\u00e9daction\" \/>\n\t<meta name=\"twitter:label2\" content=\"Dur\u00e9e de lecture estim\u00e9e\" \/>\n\t<meta name=\"twitter:data2\" content=\"1 minute\" \/>\n<script type=\"application\/ld+json\" class=\"yoast-schema-graph\">{\"@context\":\"https:\/\/schema.org\",\"@graph\":[{\"@type\":\"Article\",\"@id\":\"https:\/\/vosgesinfo.fr\/saintdieinfo\/2023\/03\/conference-historique-officiers-de-reserve-de-saint-die-region-1931-axel-balland\/#article\",\"isPartOf\":{\"@id\":\"https:\/\/vosgesinfo.fr\/saintdieinfo\/2023\/03\/conference-historique-officiers-de-reserve-de-saint-die-region-1931-axel-balland\/\"},\"author\":{\"name\":\"la r\u00e9daction\",\"@id\":\"https:\/\/vosgesinfo.fr\/saintdieinfo\/#\/schema\/person\/faee6704a21f3977511db84bd1cd450f\"},\"headline\":\"Conf\u00e9rence \u00ab\u00a0Historique des sous-officiers de r\u00e9serve de Saint-Di\u00e9 et sa r\u00e9gion depuis 1931\u00a0\u00bb par Axel Balland\",\"datePublished\":\"2023-03-22T06:35:37+00:00\",\"dateModified\":\"2023-03-22T06:35:37+00:00\",\"mainEntityOfPage\":{\"@id\":\"https:\/\/vosgesinfo.fr\/saintdieinfo\/2023\/03\/conference-historique-officiers-de-reserve-de-saint-die-region-1931-axel-balland\/\"},\"wordCount\":281,\"commentCount\":0,\"publisher\":{\"@id\":\"https:\/\/vosgesinfo.fr\/saintdieinfo\/#organization\"},\"image\":{\"@id\":\"https:\/\/vosgesinfo.fr\/saintdieinfo\/2023\/03\/conference-historique-officiers-de-reserve-de-saint-die-region-1931-axel-balland\/#primaryimage\"},\"thumbnailUrl\":\"https:\/\/vosgesinfo.fr\/app\/uploads\/sites\/4\/2024\/08\/202303general-niessel-2.jpg\",\"keywords\":[\"assembl\u00e9e g\u00e9n\u00e9rale\",\"Association des Sous-Officiers de R\u00e9serve de Saint-Di\u00e9\",\"Axel Balland\",\"Historique des sous-officiers de r\u00e9serve de Saint-Di\u00e9 et sa r\u00e9gion depuis 1931\",\"Salle Carbonnar\"],\"articleSection\":[\"Br\u00e8ves\",\"Culture\",\"Saint-Di\u00e9-des-Vosges et son Agglom\u00e9ration\"],\"inLanguage\":\"fr-FR\",\"potentialAction\":[{\"@type\":\"CommentAction\",\"name\":\"Comment\",\"target\":[\"https:\/\/vosgesinfo.fr\/saintdieinfo\/2023\/03\/conference-historique-officiers-de-reserve-de-saint-die-region-1931-axel-balland\/#respond\"]}]},{\"@type\":\"WebPage\",\"@id\":\"https:\/\/vosgesinfo.fr\/saintdieinfo\/2023\/03\/conference-historique-officiers-de-reserve-de-saint-die-region-1931-axel-balland\/\",\"url\":\"https:\/\/vosgesinfo.fr\/saintdieinfo\/2023\/03\/conference-historique-officiers-de-reserve-de-saint-die-region-1931-axel-balland\/\",\"name\":\"Conf\u00e9rence \\\"Historique des sous-officiers de r\u00e9serve de Saint-Di\u00e9 et sa r\u00e9gion depuis 1931\\\" par Axel Balland - Saint Die Info\",\"isPartOf\":{\"@id\":\"https:\/\/vosgesinfo.fr\/saintdieinfo\/#website\"},\"primaryImageOfPage\":{\"@id\":\"https:\/\/vosgesinfo.fr\/saintdieinfo\/2023\/03\/conference-historique-officiers-de-reserve-de-saint-die-region-1931-axel-balland\/#primaryimage\"},\"image\":{\"@id\":\"https:\/\/vosgesinfo.fr\/saintdieinfo\/2023\/03\/conference-historique-officiers-de-reserve-de-saint-die-region-1931-axel-balland\/#primaryimage\"},\"thumbnailUrl\":\"https:\/\/vosgesinfo.fr\/app\/uploads\/sites\/4\/2024\/08\/202303general-niessel-2.jpg\",\"datePublished\":\"2023-03-22T06:35:37+00:00\",\"dateModified\":\"2023-03-22T06:35:37+00:00\",\"breadcrumb\":{\"@id\":\"https:\/\/vosgesinfo.fr\/saintdieinfo\/2023\/03\/conference-historique-officiers-de-reserve-de-saint-die-region-1931-axel-balland\/#breadcrumb\"},\"inLanguage\":\"fr-FR\",\"potentialAction\":[{\"@type\":\"ReadAction\",\"target\":[\"https:\/\/vosgesinfo.fr\/saintdieinfo\/2023\/03\/conference-historique-officiers-de-reserve-de-saint-die-region-1931-axel-balland\/\"]}]},{\"@type\":\"ImageObject\",\"inLanguage\":\"fr-FR\",\"@id\":\"https:\/\/vosgesinfo.fr\/saintdieinfo\/2023\/03\/conference-historique-officiers-de-reserve-de-saint-die-region-1931-axel-balland\/#primaryimage\",\"url\":\"https:\/\/vosgesinfo.fr\/app\/uploads\/sites\/4\/2024\/08\/202303general-niessel-2.jpg\",\"contentUrl\":\"https:\/\/vosgesinfo.fr\/app\/uploads\/sites\/4\/2024\/08\/202303general-niessel-2.jpg\",\"width\":580,\"height\":523},{\"@type\":\"BreadcrumbList\",\"@id\":\"https:\/\/vosgesinfo.fr\/saintdieinfo\/2023\/03\/conference-historique-officiers-de-reserve-de-saint-die-region-1931-axel-balland\/#breadcrumb\",\"itemListElement\":[{\"@type\":\"ListItem\",\"position\":1,\"name\":\"Home\",\"item\":\"https:\/\/vosgesinfo.fr\/saintdieinfo\/\"},{\"@type\":\"ListItem\",\"position\":2,\"name\":\"Conf\u00e9rence \u00ab\u00a0Historique des sous-officiers de r\u00e9serve de Saint-Di\u00e9 et sa r\u00e9gion depuis 1931\u00a0\u00bb par Axel Balland\"}]},{\"@type\":\"WebSite\",\"@id\":\"https:\/\/vosgesinfo.fr\/saintdieinfo\/#website\",\"url\":\"https:\/\/vosgesinfo.fr\/saintdieinfo\/\",\"name\":\"Saint Die Info\",\"description\":\"Toute l&#039;actualit\u00e9 de Saint-Di\u00e9-Des-Vosges\",\"publisher\":{\"@id\":\"https:\/\/vosgesinfo.fr\/saintdieinfo\/#organization\"},\"alternateName\":\"Toute l'actualit\u00e9 de Saint-Di\u00e9-Des-Vosges\",\"potentialAction\":[{\"@type\":\"SearchAction\",\"target\":{\"@type\":\"EntryPoint\",\"urlTemplate\":\"https:\/\/vosgesinfo.fr\/saintdieinfo\/?s={search_term_string}\"},\"query-input\":\"required name=search_term_string\"}],\"inLanguage\":\"fr-FR\"},{\"@type\":\"Organization\",\"@id\":\"https:\/\/vosgesinfo.fr\/saintdieinfo\/#organization\",\"name\":\"Saint Die Info\",\"url\":\"https:\/\/vosgesinfo.fr\/saintdieinfo\/\",\"logo\":{\"@type\":\"ImageObject\",\"inLanguage\":\"fr-FR\",\"@id\":\"https:\/\/vosgesinfo.fr\/saintdieinfo\/#\/schema\/logo\/image\/\",\"url\":\"https:\/\/vosgesinfo.fr\/app\/uploads\/sites\/4\/2024\/02\/logo-sdi.jpg\",\"contentUrl\":\"https:\/\/vosgesinfo.fr\/app\/uploads\/sites\/4\/2024\/02\/logo-sdi.jpg\",\"width\":600,\"height\":600,\"caption\":\"Saint Die Info\"},\"image\":{\"@id\":\"https:\/\/vosgesinfo.fr\/saintdieinfo\/#\/schema\/logo\/image\/\"},\"sameAs\":[\"https:\/\/www.facebook.com\/Saintdieinfofr\",\"https:\/\/x.com\/VosgesInfo88\",\"https:\/\/www.youtube.com\/@vosgesinfo\"]},{\"@type\":\"Person\",\"@id\":\"https:\/\/vosgesinfo.fr\/saintdieinfo\/#\/schema\/person\/faee6704a21f3977511db84bd1cd450f\",\"name\":\"la r\u00e9daction\",\"image\":{\"@type\":\"ImageObject\",\"inLanguage\":\"fr-FR\",\"@id\":\"https:\/\/vosgesinfo.fr\/saintdieinfo\/#\/schema\/person\/image\/\",\"url\":\"https:\/\/secure.gravatar.com\/avatar\/6673d8bc6a9c17fa9a453eaa3448de834fa308c2ec9635b7aa99441a7c8d2cf6?s=96&d=mm&r=g\",\"contentUrl\":\"https:\/\/secure.gravatar.com\/avatar\/6673d8bc6a9c17fa9a453eaa3448de834fa308c2ec9635b7aa99441a7c8d2cf6?s=96&d=mm&r=g\",\"caption\":\"la r\u00e9daction\"},\"url\":\"https:\/\/vosgesinfo.fr\/saintdieinfo\/author\/redac\/\"}]}<\/script>\n<!-- \/ Yoast SEO plugin. -->","yoast_head_json":{"title":"Conf\u00e9rence \"Historique des sous-officiers de r\u00e9serve de Saint-Di\u00e9 et sa r\u00e9gion depuis 1931\" par Axel Balland - Saint Die Info","robots":{"index":"index","follow":"follow","max-snippet":"max-snippet:-1","max-image-preview":"max-image-preview:large","max-video-preview":"max-video-preview:-1"},"canonical":"https:\/\/vosgesinfo.fr\/saintdieinfo\/2023\/03\/conference-historique-officiers-de-reserve-de-saint-die-region-1931-axel-balland\/","twitter_card":"summary_large_image","twitter_title":"Conf\u00e9rence \"Historique des sous-officiers de r\u00e9serve de Saint-Di\u00e9 et sa r\u00e9gion depuis 1931\" par Axel Balland - Saint Die Info","twitter_description":"Invit\u00e9 par l\u2019Association des Sous-Officiers de R\u00e9serve de Saint-Di\u00e9 dans le cadre de leur assembl\u00e9e g\u00e9n\u00e9rale, Axel Balland animera une [&hellip;]","twitter_image":"https:\/\/vosgesinfo.fr\/app\/uploads\/sites\/4\/2024\/08\/202303general-niessel-2.jpg","twitter_creator":"@VosgesInfo88","twitter_site":"@VosgesInfo88","twitter_misc":{"\u00c9crit par":"la r\u00e9daction","Dur\u00e9e de lecture estim\u00e9e":"1 minute"},"schema":{"@context":"https:\/\/schema.org","@graph":[{"@type":"Article","@id":"https:\/\/vosgesinfo.fr\/saintdieinfo\/2023\/03\/conference-historique-officiers-de-reserve-de-saint-die-region-1931-axel-balland\/#article","isPartOf":{"@id":"https:\/\/vosgesinfo.fr\/saintdieinfo\/2023\/03\/conference-historique-officiers-de-reserve-de-saint-die-region-1931-axel-balland\/"},"author":{"name":"la r\u00e9daction","@id":"https:\/\/vosgesinfo.fr\/saintdieinfo\/#\/schema\/person\/faee6704a21f3977511db84bd1cd450f"},"headline":"Conf\u00e9rence \u00ab\u00a0Historique des sous-officiers de r\u00e9serve de Saint-Di\u00e9 et sa r\u00e9gion depuis 1931\u00a0\u00bb par Axel Balland","datePublished":"2023-03-22T06:35:37+00:00","dateModified":"2023-03-22T06:35:37+00:00","mainEntityOfPage":{"@id":"https:\/\/vosgesinfo.fr\/saintdieinfo\/2023\/03\/conference-historique-officiers-de-reserve-de-saint-die-region-1931-axel-balland\/"},"wordCount":281,"commentCount":0,"publisher":{"@id":"https:\/\/vosgesinfo.fr\/saintdieinfo\/#organization"},"image":{"@id":"https:\/\/vosgesinfo.fr\/saintdieinfo\/2023\/03\/conference-historique-officiers-de-reserve-de-saint-die-region-1931-axel-balland\/#primaryimage"},"thumbnailUrl":"https:\/\/vosgesinfo.fr\/app\/uploads\/sites\/4\/2024\/08\/202303general-niessel-2.jpg","keywords":["assembl\u00e9e g\u00e9n\u00e9rale","Association des Sous-Officiers de R\u00e9serve de Saint-Di\u00e9","Axel Balland","Historique des sous-officiers de r\u00e9serve de Saint-Di\u00e9 et sa r\u00e9gion depuis 1931","Salle Carbonnar"],"articleSection":["Br\u00e8ves","Culture","Saint-Di\u00e9-des-Vosges et son Agglom\u00e9ration"],"inLanguage":"fr-FR","potentialAction":[{"@type":"CommentAction","name":"Comment","target":["https:\/\/vosgesinfo.fr\/saintdieinfo\/2023\/03\/conference-historique-officiers-de-reserve-de-saint-die-region-1931-axel-balland\/#respond"]}]},{"@type":"WebPage","@id":"https:\/\/vosgesinfo.fr\/saintdieinfo\/2023\/03\/conference-historique-officiers-de-reserve-de-saint-die-region-1931-axel-balland\/","url":"https:\/\/vosgesinfo.fr\/saintdieinfo\/2023\/03\/conference-historique-officiers-de-reserve-de-saint-die-region-1931-axel-balland\/","name":"Conf\u00e9rence \"Historique des sous-officiers de r\u00e9serve de Saint-Di\u00e9 et sa r\u00e9gion depuis 1931\" par Axel Balland - Saint Die Info","isPartOf":{"@id":"https:\/\/vosgesinfo.fr\/saintdieinfo\/#website"},"primaryImageOfPage":{"@id":"https:\/\/vosgesinfo.fr\/saintdieinfo\/2023\/03\/conference-historique-officiers-de-reserve-de-saint-die-region-1931-axel-balland\/#primaryimage"},"image":{"@id":"https:\/\/vosgesinfo.fr\/saintdieinfo\/2023\/03\/conference-historique-officiers-de-reserve-de-saint-die-region-1931-axel-balland\/#primaryimage"},"thumbnailUrl":"https:\/\/vosgesinfo.fr\/app\/uploads\/sites\/4\/2024\/08\/202303general-niessel-2.jpg","datePublished":"2023-03-22T06:35:37+00:00","dateModified":"2023-03-22T06:35:37+00:00","breadcrumb":{"@id":"https:\/\/vosgesinfo.fr\/saintdieinfo\/2023\/03\/conference-historique-officiers-de-reserve-de-saint-die-region-1931-axel-balland\/#breadcrumb"},"inLanguage":"fr-FR","potentialAction":[{"@type":"ReadAction","target":["https:\/\/vosgesinfo.fr\/saintdieinfo\/2023\/03\/conference-historique-officiers-de-reserve-de-saint-die-region-1931-axel-balland\/"]}]},{"@type":"ImageObject","inLanguage":"fr-FR","@id":"https:\/\/vosgesinfo.fr\/saintdieinfo\/2023\/03\/conference-historique-officiers-de-reserve-de-saint-die-region-1931-axel-balland\/#primaryimage","url":"https:\/\/vosgesinfo.fr\/app\/uploads\/sites\/4\/2024\/08\/202303general-niessel-2.jpg","contentUrl":"https:\/\/vosgesinfo.fr\/app\/uploads\/sites\/4\/2024\/08\/202303general-niessel-2.jpg","width":580,"height":523},{"@type":"BreadcrumbList","@id":"https:\/\/vosgesinfo.fr\/saintdieinfo\/2023\/03\/conference-historique-officiers-de-reserve-de-saint-die-region-1931-axel-balland\/#breadcrumb","itemListElement":[{"@type":"ListItem","position":1,"name":"Home","item":"https:\/\/vosgesinfo.fr\/saintdieinfo\/"},{"@type":"ListItem","position":2,"name":"Conf\u00e9rence \u00ab\u00a0Historique des sous-officiers de r\u00e9serve de Saint-Di\u00e9 et sa r\u00e9gion depuis 1931\u00a0\u00bb par Axel Balland"}]},{"@type":"WebSite","@id":"https:\/\/vosgesinfo.fr\/saintdieinfo\/#website","url":"https:\/\/vosgesinfo.fr\/saintdieinfo\/","name":"Saint Die Info","description":"Toute l&#039;actualit\u00e9 de Saint-Di\u00e9-Des-Vosges","publisher":{"@id":"https:\/\/vosgesinfo.fr\/saintdieinfo\/#organization"},"alternateName":"Toute l'actualit\u00e9 de Saint-Di\u00e9-Des-Vosges","potentialAction":[{"@type":"SearchAction","target":{"@type":"EntryPoint","urlTemplate":"https:\/\/vosgesinfo.fr\/saintdieinfo\/?s={search_term_string}"},"query-input":"required name=search_term_string"}],"inLanguage":"fr-FR"},{"@type":"Organization","@id":"https:\/\/vosgesinfo.fr\/saintdieinfo\/#organization","name":"Saint Die Info","url":"https:\/\/vosgesinfo.fr\/saintdieinfo\/","logo":{"@type":"ImageObject","inLanguage":"fr-FR","@id":"https:\/\/vosgesinfo.fr\/saintdieinfo\/#\/schema\/logo\/image\/","url":"https:\/\/vosgesinfo.fr\/app\/uploads\/sites\/4\/2024\/02\/logo-sdi.jpg","contentUrl":"https:\/\/vosgesinfo.fr\/app\/uploads\/sites\/4\/2024\/02\/logo-sdi.jpg","width":600,"height":600,"caption":"Saint Die Info"},"image":{"@id":"https:\/\/vosgesinfo.fr\/saintdieinfo\/#\/schema\/logo\/image\/"},"sameAs":["https:\/\/www.facebook.com\/Saintdieinfofr","https:\/\/x.com\/VosgesInfo88","https:\/\/www.youtube.com\/@vosgesinfo"]},{"@type":"Person","@id":"https:\/\/vosgesinfo.fr\/saintdieinfo\/#\/schema\/person\/faee6704a21f3977511db84bd1cd450f","name":"la r\u00e9daction","image":{"@type":"ImageObject","inLanguage":"fr-FR","@id":"https:\/\/vosgesinfo.fr\/saintdieinfo\/#\/schema\/person\/image\/","url":"https:\/\/secure.gravatar.com\/avatar\/6673d8bc6a9c17fa9a453eaa3448de834fa308c2ec9635b7aa99441a7c8d2cf6?s=96&d=mm&r=g","contentUrl":"https:\/\/secure.gravatar.com\/avatar\/6673d8bc6a9c17fa9a453eaa3448de834fa308c2ec9635b7aa99441a7c8d2cf6?s=96&d=mm&r=g","caption":"la r\u00e9daction"},"url":"https:\/\/vosgesinfo.fr\/saintdieinfo\/author\/redac\/"}]}},"_links":{"self":[{"href":"https:\/\/vosgesinfo.fr\/saintdieinfo\/wp-json\/wp\/v2\/posts\/63357","targetHints":{"allow":["GET"]}}],"collection":[{"href":"https:\/\/vosgesinfo.fr\/saintdieinfo\/wp-json\/wp\/v2\/posts"}],"about":[{"href":"https:\/\/vosgesinfo.fr\/saintdieinfo\/wp-json\/wp\/v2\/types\/post"}],"author":[{"embeddable":true,"href":"https:\/\/vosgesinfo.fr\/saintdieinfo\/wp-json\/wp\/v2\/users\/44"}],"replies":[{"embeddable":true,"href":"https:\/\/vosgesinfo.fr\/saintdieinfo\/wp-json\/wp\/v2\/comments?post=63357"}],"version-history":[{"count":0,"href":"https:\/\/vosgesinfo.fr\/saintdieinfo\/wp-json\/wp\/v2\/posts\/63357\/revisions"}],"wp:featuredmedia":[{"embeddable":true,"href":"https:\/\/vosgesinfo.fr\/saintdieinfo\/wp-json\/wp\/v2\/media\/63358"}],"wp:attachment":[{"href":"https:\/\/vosgesinfo.fr\/saintdieinfo\/wp-json\/wp\/v2\/media?parent=63357"}],"wp:term":[{"taxonomy":"category","embeddable":true,"href":"https:\/\/vosgesinfo.fr\/saintdieinfo\/wp-json\/wp\/v2\/categories?post=63357"},{"taxonomy":"post_tag","embeddable":true,"href":"https:\/\/vosgesinfo.fr\/saintdieinfo\/wp-json\/wp\/v2\/tags?post=63357"}],"curies":[{"name":"wp","href":"https:\/\/api.w.org\/{rel}","templated":true}]}}