{"id":63389,"date":"2023-03-22T16:04:51","date_gmt":"2023-03-22T15:04:51","guid":{"rendered":"https:\/\/vosgesinfo.fr\/saintdieinfo\/2023\/03\/college-sainte-marie-accueille-collecte-de-sang-jusqua-19h30\/"},"modified":"2023-03-22T16:04:51","modified_gmt":"2023-03-22T15:04:51","slug":"college-sainte-marie-accueille-collecte-de-sang-jusqua-19h30","status":"publish","type":"post","link":"https:\/\/vosgesinfo.fr\/saintdieinfo\/2023\/03\/college-sainte-marie-accueille-collecte-de-sang-jusqua-19h30\/","title":{"rendered":"Le coll\u00e8ge Sainte-Marie accueille une collecte de sang jusqu&rsquo;\u00e0 19h30"},"content":{"rendered":"<p><a href=\"\/2023\/03\/Collecte_de_Sang_Coll\u00e8ge_Sainte-Marie-2.jpg\" target=\"_blank\" rel=\"noopener\"><img decoding=\"async\" class=\"aligncenter wp-image-198812 size-large\" src=\"\/2023\/03\/Collecte_de_Sang_Coll\u00e8ge_Sainte-Marie-2-1024x771.jpg\" alt=\"Collecte_de_Sang_Coll\u00e8ge_Sainte-Marie (2)\" width=\"960\" height=\"723\" \/><\/a><\/p>\n<h2><strong><span style=\"font-size: 14pt;\">L&rsquo;Etablissement Fran\u00e7ais du Sang \u2013 EFS \u2013 Grand Est organise, avec le soutien de l&rsquo;amicale locale des donneurs de sang b\u00e9n\u00e9voles, une trentaine de collectes \u00e0 Saint-Di\u00e9-des-Vosges et ses proches alentours chaque ann\u00e9e. Et ce depuis la fermeture des locaux de l&rsquo;EFS, le 3 juin 2018. La grande majorit\u00e9 des collectes ayant lieu \u00e0 l&rsquo;Espace Fran\u00e7ois-Mitterrand.<\/span><\/strong><\/h2>\n<p><!--more--><\/p>\n<p>Pour la 5e ann\u00e9e cons\u00e9cutive, c&rsquo;est au coll\u00e8ge Sainte-Marie que l&rsquo;une des collectes est organis\u00e9e. Ce mercredi apr\u00e8s-midi, depuis 15h30 et jusqu&rsquo;\u00e0 19h30, les personnels de l&rsquo;EFS et les b\u00e9n\u00e9voles de l&rsquo;amicale d\u00e9odatienne sont install\u00e9s dans le r\u00e9fectoire de l&rsquo;\u00e9tablissement, o\u00f9 chacun peut venir donner son sang. En amont de cette collecte d\u00e9localis\u00e9e, des \u00e9l\u00e8ves du coll\u00e8ge ont inform\u00e9 leur entourage d\u00e8s le d\u00e9but du mois de f\u00e9vrier afin de r\u00e9colter des promesses de dons. Cet apr\u00e8s-midi, des coll\u00e9giens accueillaient \u00e9galement les donneurs pour les guider vers le r\u00e9fectoire.<\/p>\n<p>\u00ab\u00a0Le principe de cette collecte est de faire venir des gens qui ne viennent pas habituellement. Lors des collectes classiques, nous avons environ 10% de nouveaux donneurs, alors que pour la collecte \u00e0 Sainte-Marie nous en avons eu en moyenne 35% ces derni\u00e8res ann\u00e9es. D&rsquo;ailleurs cette collecte fonctionne plut\u00f4t bien, avec 115 dons la meilleure ann\u00e9e et 90 pour la moins bonne\u00a0\u00bb explique Sylvain Zanetti, pr\u00e9sident de l&rsquo;amicale d\u00e9odatienne des donneurs de sang b\u00e9n\u00e9voles, \u00e9galement pr\u00e9sident r\u00e9gional pour la Lorraine et la Champagne-Ardennes, vice-pr\u00e9sident d\u00e9partemental des Vosges et administrateur titulaire au niveau national.<\/p>\n<p>Pour celles et ceux qui ne pourraient pas venir aujourd&rsquo;hui, la prochaine collecte de sang \u00e0 Saint-Di\u00e9-des-Vosges se tiendra le mardi 4 avril prochain \u00e0 l&rsquo;Espace Fran\u00e7ois-Mitterrand, de 9h \u00e0 13h puis de 15h30 \u00e0 19h30. Pour s&rsquo;inscrire, rendez-vous sur <a href=\"https:\/\/dondesang.efs.sante.fr\/trouver-une-collecte?ville=88100&amp;wmap=1008&amp;hmap=1197\" target=\"_blank\" rel=\"noopener\">https:\/\/dondesang.efs.sante.fr<\/a>.<\/p>\n<p>J.J.<\/p>\n\n","protected":false},"excerpt":{"rendered":"<p>L&rsquo;Etablissement Fran\u00e7ais du Sang \u2013 EFS \u2013 Grand Est organise, avec le soutien de l&rsquo;amicale locale des donneurs de sang [&hellip;]<\/p>\n","protected":false},"author":44,"featured_media":63390,"comment_status":"open","ping_status":"open","sticky":false,"template":"","format":"standard","meta":{"footnotes":""},"categories":[460,2915,4152,13,29],"tags":[8629,3265,1243,3196],"class_list":["post-63389","post","type-post","status-publish","format-standard","has-post-thumbnail","hentry","category-a-la-une","category-saint-die-son-canton","category-sante","category-societe","category-solidarite","tag-amicale-des-donneurs-de-sang-de-saint-die-des-vosges","tag-college-sainte-marie","tag-don-de-sang","tag-efs-grand-est"],"acf":[],"yoast_head":"<!-- This site is optimized with the Yoast SEO plugin v22.5 - https:\/\/yoast.com\/wordpress\/plugins\/seo\/ -->\n<title>Le coll\u00e8ge Sainte-Marie accueille une collecte de sang jusqu&#039;\u00e0 19h30 - Saint Die Info<\/title>\n<meta name=\"robots\" content=\"index, follow, max-snippet:-1, max-image-preview:large, max-video-preview:-1\" \/>\n<link rel=\"canonical\" href=\"https:\/\/vosgesinfo.fr\/saintdieinfo\/2023\/03\/college-sainte-marie-accueille-collecte-de-sang-jusqua-19h30\/\" \/>\n<meta name=\"twitter:card\" content=\"summary_large_image\" \/>\n<meta name=\"twitter:title\" content=\"Le coll\u00e8ge Sainte-Marie accueille une collecte de sang jusqu&#039;\u00e0 19h30 - Saint Die Info\" \/>\n<meta name=\"twitter:description\" content=\"L&rsquo;Etablissement Fran\u00e7ais du Sang \u2013 EFS \u2013 Grand Est organise, avec le soutien de l&rsquo;amicale locale des donneurs de sang [&hellip;]\" \/>\n<meta name=\"twitter:image\" content=\"https:\/\/vosgesinfo.fr\/app\/uploads\/sites\/4\/2024\/08\/202303collecte-de-sang-college-sainte-marie-2.jpg\" \/>\n<meta name=\"twitter:creator\" content=\"@VosgesInfo88\" \/>\n<meta name=\"twitter:site\" content=\"@VosgesInfo88\" \/>\n<meta name=\"twitter:label1\" content=\"\u00c9crit par\" \/>\n\t<meta name=\"twitter:data1\" content=\"la r\u00e9daction\" \/>\n\t<meta name=\"twitter:label2\" content=\"Dur\u00e9e de lecture estim\u00e9e\" \/>\n\t<meta name=\"twitter:data2\" content=\"2 minutes\" \/>\n<script type=\"application\/ld+json\" class=\"yoast-schema-graph\">{\"@context\":\"https:\/\/schema.org\",\"@graph\":[{\"@type\":\"Article\",\"@id\":\"https:\/\/vosgesinfo.fr\/saintdieinfo\/2023\/03\/college-sainte-marie-accueille-collecte-de-sang-jusqua-19h30\/#article\",\"isPartOf\":{\"@id\":\"https:\/\/vosgesinfo.fr\/saintdieinfo\/2023\/03\/college-sainte-marie-accueille-collecte-de-sang-jusqua-19h30\/\"},\"author\":{\"name\":\"la r\u00e9daction\",\"@id\":\"https:\/\/vosgesinfo.fr\/saintdieinfo\/#\/schema\/person\/faee6704a21f3977511db84bd1cd450f\"},\"headline\":\"Le coll\u00e8ge Sainte-Marie accueille une collecte de sang jusqu&rsquo;\u00e0 19h30\",\"datePublished\":\"2023-03-22T15:04:51+00:00\",\"dateModified\":\"2023-03-22T15:04:51+00:00\",\"mainEntityOfPage\":{\"@id\":\"https:\/\/vosgesinfo.fr\/saintdieinfo\/2023\/03\/college-sainte-marie-accueille-collecte-de-sang-jusqua-19h30\/\"},\"wordCount\":341,\"commentCount\":0,\"publisher\":{\"@id\":\"https:\/\/vosgesinfo.fr\/saintdieinfo\/#organization\"},\"image\":{\"@id\":\"https:\/\/vosgesinfo.fr\/saintdieinfo\/2023\/03\/college-sainte-marie-accueille-collecte-de-sang-jusqua-19h30\/#primaryimage\"},\"thumbnailUrl\":\"https:\/\/vosgesinfo.fr\/app\/uploads\/sites\/4\/2024\/08\/202303collecte-de-sang-college-sainte-marie-2.jpg\",\"keywords\":[\"Amicale des Donneurs de Sang de Saint-Di\u00e9-des-Vosges\",\"Coll\u00e8ge Sainte-Marie\",\"don de sang\",\"EFS Grand Est\"],\"articleSection\":[\"A la Une\",\"Saint-Di\u00e9-des-Vosges et son Agglom\u00e9ration\",\"Sant\u00e9\",\"Soci\u00e9t\u00e9\",\"Solidarit\u00e9\"],\"inLanguage\":\"fr-FR\",\"potentialAction\":[{\"@type\":\"CommentAction\",\"name\":\"Comment\",\"target\":[\"https:\/\/vosgesinfo.fr\/saintdieinfo\/2023\/03\/college-sainte-marie-accueille-collecte-de-sang-jusqua-19h30\/#respond\"]}]},{\"@type\":\"WebPage\",\"@id\":\"https:\/\/vosgesinfo.fr\/saintdieinfo\/2023\/03\/college-sainte-marie-accueille-collecte-de-sang-jusqua-19h30\/\",\"url\":\"https:\/\/vosgesinfo.fr\/saintdieinfo\/2023\/03\/college-sainte-marie-accueille-collecte-de-sang-jusqua-19h30\/\",\"name\":\"Le coll\u00e8ge Sainte-Marie accueille une collecte de sang jusqu'\u00e0 19h30 - Saint Die Info\",\"isPartOf\":{\"@id\":\"https:\/\/vosgesinfo.fr\/saintdieinfo\/#website\"},\"primaryImageOfPage\":{\"@id\":\"https:\/\/vosgesinfo.fr\/saintdieinfo\/2023\/03\/college-sainte-marie-accueille-collecte-de-sang-jusqua-19h30\/#primaryimage\"},\"image\":{\"@id\":\"https:\/\/vosgesinfo.fr\/saintdieinfo\/2023\/03\/college-sainte-marie-accueille-collecte-de-sang-jusqua-19h30\/#primaryimage\"},\"thumbnailUrl\":\"https:\/\/vosgesinfo.fr\/app\/uploads\/sites\/4\/2024\/08\/202303collecte-de-sang-college-sainte-marie-2.jpg\",\"datePublished\":\"2023-03-22T15:04:51+00:00\",\"dateModified\":\"2023-03-22T15:04:51+00:00\",\"breadcrumb\":{\"@id\":\"https:\/\/vosgesinfo.fr\/saintdieinfo\/2023\/03\/college-sainte-marie-accueille-collecte-de-sang-jusqua-19h30\/#breadcrumb\"},\"inLanguage\":\"fr-FR\",\"potentialAction\":[{\"@type\":\"ReadAction\",\"target\":[\"https:\/\/vosgesinfo.fr\/saintdieinfo\/2023\/03\/college-sainte-marie-accueille-collecte-de-sang-jusqua-19h30\/\"]}]},{\"@type\":\"ImageObject\",\"inLanguage\":\"fr-FR\",\"@id\":\"https:\/\/vosgesinfo.fr\/saintdieinfo\/2023\/03\/college-sainte-marie-accueille-collecte-de-sang-jusqua-19h30\/#primaryimage\",\"url\":\"https:\/\/vosgesinfo.fr\/app\/uploads\/sites\/4\/2024\/08\/202303collecte-de-sang-college-sainte-marie-2.jpg\",\"contentUrl\":\"https:\/\/vosgesinfo.fr\/app\/uploads\/sites\/4\/2024\/08\/202303collecte-de-sang-college-sainte-marie-2.jpg\",\"width\":1600,\"height\":1205},{\"@type\":\"BreadcrumbList\",\"@id\":\"https:\/\/vosgesinfo.fr\/saintdieinfo\/2023\/03\/college-sainte-marie-accueille-collecte-de-sang-jusqua-19h30\/#breadcrumb\",\"itemListElement\":[{\"@type\":\"ListItem\",\"position\":1,\"name\":\"Home\",\"item\":\"https:\/\/vosgesinfo.fr\/saintdieinfo\/\"},{\"@type\":\"ListItem\",\"position\":2,\"name\":\"Le coll\u00e8ge Sainte-Marie accueille une collecte de sang jusqu&rsquo;\u00e0 19h30\"}]},{\"@type\":\"WebSite\",\"@id\":\"https:\/\/vosgesinfo.fr\/saintdieinfo\/#website\",\"url\":\"https:\/\/vosgesinfo.fr\/saintdieinfo\/\",\"name\":\"Saint Die Info\",\"description\":\"Toute l&#039;actualit\u00e9 de Saint-Di\u00e9-Des-Vosges\",\"publisher\":{\"@id\":\"https:\/\/vosgesinfo.fr\/saintdieinfo\/#organization\"},\"alternateName\":\"Toute l'actualit\u00e9 de Saint-Di\u00e9-Des-Vosges\",\"potentialAction\":[{\"@type\":\"SearchAction\",\"target\":{\"@type\":\"EntryPoint\",\"urlTemplate\":\"https:\/\/vosgesinfo.fr\/saintdieinfo\/?s={search_term_string}\"},\"query-input\":\"required name=search_term_string\"}],\"inLanguage\":\"fr-FR\"},{\"@type\":\"Organization\",\"@id\":\"https:\/\/vosgesinfo.fr\/saintdieinfo\/#organization\",\"name\":\"Saint Die Info\",\"url\":\"https:\/\/vosgesinfo.fr\/saintdieinfo\/\",\"logo\":{\"@type\":\"ImageObject\",\"inLanguage\":\"fr-FR\",\"@id\":\"https:\/\/vosgesinfo.fr\/saintdieinfo\/#\/schema\/logo\/image\/\",\"url\":\"https:\/\/vosgesinfo.fr\/app\/uploads\/sites\/4\/2024\/02\/logo-sdi.jpg\",\"contentUrl\":\"https:\/\/vosgesinfo.fr\/app\/uploads\/sites\/4\/2024\/02\/logo-sdi.jpg\",\"width\":600,\"height\":600,\"caption\":\"Saint Die Info\"},\"image\":{\"@id\":\"https:\/\/vosgesinfo.fr\/saintdieinfo\/#\/schema\/logo\/image\/\"},\"sameAs\":[\"https:\/\/www.facebook.com\/Saintdieinfofr\",\"https:\/\/x.com\/VosgesInfo88\",\"https:\/\/www.youtube.com\/@vosgesinfo\"]},{\"@type\":\"Person\",\"@id\":\"https:\/\/vosgesinfo.fr\/saintdieinfo\/#\/schema\/person\/faee6704a21f3977511db84bd1cd450f\",\"name\":\"la r\u00e9daction\",\"image\":{\"@type\":\"ImageObject\",\"inLanguage\":\"fr-FR\",\"@id\":\"https:\/\/vosgesinfo.fr\/saintdieinfo\/#\/schema\/person\/image\/\",\"url\":\"https:\/\/secure.gravatar.com\/avatar\/6673d8bc6a9c17fa9a453eaa3448de834fa308c2ec9635b7aa99441a7c8d2cf6?s=96&d=mm&r=g\",\"contentUrl\":\"https:\/\/secure.gravatar.com\/avatar\/6673d8bc6a9c17fa9a453eaa3448de834fa308c2ec9635b7aa99441a7c8d2cf6?s=96&d=mm&r=g\",\"caption\":\"la r\u00e9daction\"},\"url\":\"https:\/\/vosgesinfo.fr\/saintdieinfo\/author\/redac\/\"}]}<\/script>\n<!-- \/ Yoast SEO plugin. -->","yoast_head_json":{"title":"Le coll\u00e8ge Sainte-Marie accueille une collecte de sang jusqu'\u00e0 19h30 - Saint Die Info","robots":{"index":"index","follow":"follow","max-snippet":"max-snippet:-1","max-image-preview":"max-image-preview:large","max-video-preview":"max-video-preview:-1"},"canonical":"https:\/\/vosgesinfo.fr\/saintdieinfo\/2023\/03\/college-sainte-marie-accueille-collecte-de-sang-jusqua-19h30\/","twitter_card":"summary_large_image","twitter_title":"Le coll\u00e8ge Sainte-Marie accueille une collecte de sang jusqu'\u00e0 19h30 - Saint Die Info","twitter_description":"L&rsquo;Etablissement Fran\u00e7ais du Sang \u2013 EFS \u2013 Grand Est organise, avec le soutien de l&rsquo;amicale locale des donneurs de sang [&hellip;]","twitter_image":"https:\/\/vosgesinfo.fr\/app\/uploads\/sites\/4\/2024\/08\/202303collecte-de-sang-college-sainte-marie-2.jpg","twitter_creator":"@VosgesInfo88","twitter_site":"@VosgesInfo88","twitter_misc":{"\u00c9crit par":"la r\u00e9daction","Dur\u00e9e de lecture estim\u00e9e":"2 minutes"},"schema":{"@context":"https:\/\/schema.org","@graph":[{"@type":"Article","@id":"https:\/\/vosgesinfo.fr\/saintdieinfo\/2023\/03\/college-sainte-marie-accueille-collecte-de-sang-jusqua-19h30\/#article","isPartOf":{"@id":"https:\/\/vosgesinfo.fr\/saintdieinfo\/2023\/03\/college-sainte-marie-accueille-collecte-de-sang-jusqua-19h30\/"},"author":{"name":"la r\u00e9daction","@id":"https:\/\/vosgesinfo.fr\/saintdieinfo\/#\/schema\/person\/faee6704a21f3977511db84bd1cd450f"},"headline":"Le coll\u00e8ge Sainte-Marie accueille une collecte de sang jusqu&rsquo;\u00e0 19h30","datePublished":"2023-03-22T15:04:51+00:00","dateModified":"2023-03-22T15:04:51+00:00","mainEntityOfPage":{"@id":"https:\/\/vosgesinfo.fr\/saintdieinfo\/2023\/03\/college-sainte-marie-accueille-collecte-de-sang-jusqua-19h30\/"},"wordCount":341,"commentCount":0,"publisher":{"@id":"https:\/\/vosgesinfo.fr\/saintdieinfo\/#organization"},"image":{"@id":"https:\/\/vosgesinfo.fr\/saintdieinfo\/2023\/03\/college-sainte-marie-accueille-collecte-de-sang-jusqua-19h30\/#primaryimage"},"thumbnailUrl":"https:\/\/vosgesinfo.fr\/app\/uploads\/sites\/4\/2024\/08\/202303collecte-de-sang-college-sainte-marie-2.jpg","keywords":["Amicale des Donneurs de Sang de Saint-Di\u00e9-des-Vosges","Coll\u00e8ge Sainte-Marie","don de sang","EFS Grand Est"],"articleSection":["A la Une","Saint-Di\u00e9-des-Vosges et son Agglom\u00e9ration","Sant\u00e9","Soci\u00e9t\u00e9","Solidarit\u00e9"],"inLanguage":"fr-FR","potentialAction":[{"@type":"CommentAction","name":"Comment","target":["https:\/\/vosgesinfo.fr\/saintdieinfo\/2023\/03\/college-sainte-marie-accueille-collecte-de-sang-jusqua-19h30\/#respond"]}]},{"@type":"WebPage","@id":"https:\/\/vosgesinfo.fr\/saintdieinfo\/2023\/03\/college-sainte-marie-accueille-collecte-de-sang-jusqua-19h30\/","url":"https:\/\/vosgesinfo.fr\/saintdieinfo\/2023\/03\/college-sainte-marie-accueille-collecte-de-sang-jusqua-19h30\/","name":"Le coll\u00e8ge Sainte-Marie accueille une collecte de sang jusqu'\u00e0 19h30 - Saint Die Info","isPartOf":{"@id":"https:\/\/vosgesinfo.fr\/saintdieinfo\/#website"},"primaryImageOfPage":{"@id":"https:\/\/vosgesinfo.fr\/saintdieinfo\/2023\/03\/college-sainte-marie-accueille-collecte-de-sang-jusqua-19h30\/#primaryimage"},"image":{"@id":"https:\/\/vosgesinfo.fr\/saintdieinfo\/2023\/03\/college-sainte-marie-accueille-collecte-de-sang-jusqua-19h30\/#primaryimage"},"thumbnailUrl":"https:\/\/vosgesinfo.fr\/app\/uploads\/sites\/4\/2024\/08\/202303collecte-de-sang-college-sainte-marie-2.jpg","datePublished":"2023-03-22T15:04:51+00:00","dateModified":"2023-03-22T15:04:51+00:00","breadcrumb":{"@id":"https:\/\/vosgesinfo.fr\/saintdieinfo\/2023\/03\/college-sainte-marie-accueille-collecte-de-sang-jusqua-19h30\/#breadcrumb"},"inLanguage":"fr-FR","potentialAction":[{"@type":"ReadAction","target":["https:\/\/vosgesinfo.fr\/saintdieinfo\/2023\/03\/college-sainte-marie-accueille-collecte-de-sang-jusqua-19h30\/"]}]},{"@type":"ImageObject","inLanguage":"fr-FR","@id":"https:\/\/vosgesinfo.fr\/saintdieinfo\/2023\/03\/college-sainte-marie-accueille-collecte-de-sang-jusqua-19h30\/#primaryimage","url":"https:\/\/vosgesinfo.fr\/app\/uploads\/sites\/4\/2024\/08\/202303collecte-de-sang-college-sainte-marie-2.jpg","contentUrl":"https:\/\/vosgesinfo.fr\/app\/uploads\/sites\/4\/2024\/08\/202303collecte-de-sang-college-sainte-marie-2.jpg","width":1600,"height":1205},{"@type":"BreadcrumbList","@id":"https:\/\/vosgesinfo.fr\/saintdieinfo\/2023\/03\/college-sainte-marie-accueille-collecte-de-sang-jusqua-19h30\/#breadcrumb","itemListElement":[{"@type":"ListItem","position":1,"name":"Home","item":"https:\/\/vosgesinfo.fr\/saintdieinfo\/"},{"@type":"ListItem","position":2,"name":"Le coll\u00e8ge Sainte-Marie accueille une collecte de sang jusqu&rsquo;\u00e0 19h30"}]},{"@type":"WebSite","@id":"https:\/\/vosgesinfo.fr\/saintdieinfo\/#website","url":"https:\/\/vosgesinfo.fr\/saintdieinfo\/","name":"Saint Die Info","description":"Toute l&#039;actualit\u00e9 de Saint-Di\u00e9-Des-Vosges","publisher":{"@id":"https:\/\/vosgesinfo.fr\/saintdieinfo\/#organization"},"alternateName":"Toute l'actualit\u00e9 de Saint-Di\u00e9-Des-Vosges","potentialAction":[{"@type":"SearchAction","target":{"@type":"EntryPoint","urlTemplate":"https:\/\/vosgesinfo.fr\/saintdieinfo\/?s={search_term_string}"},"query-input":"required name=search_term_string"}],"inLanguage":"fr-FR"},{"@type":"Organization","@id":"https:\/\/vosgesinfo.fr\/saintdieinfo\/#organization","name":"Saint Die Info","url":"https:\/\/vosgesinfo.fr\/saintdieinfo\/","logo":{"@type":"ImageObject","inLanguage":"fr-FR","@id":"https:\/\/vosgesinfo.fr\/saintdieinfo\/#\/schema\/logo\/image\/","url":"https:\/\/vosgesinfo.fr\/app\/uploads\/sites\/4\/2024\/02\/logo-sdi.jpg","contentUrl":"https:\/\/vosgesinfo.fr\/app\/uploads\/sites\/4\/2024\/02\/logo-sdi.jpg","width":600,"height":600,"caption":"Saint Die Info"},"image":{"@id":"https:\/\/vosgesinfo.fr\/saintdieinfo\/#\/schema\/logo\/image\/"},"sameAs":["https:\/\/www.facebook.com\/Saintdieinfofr","https:\/\/x.com\/VosgesInfo88","https:\/\/www.youtube.com\/@vosgesinfo"]},{"@type":"Person","@id":"https:\/\/vosgesinfo.fr\/saintdieinfo\/#\/schema\/person\/faee6704a21f3977511db84bd1cd450f","name":"la r\u00e9daction","image":{"@type":"ImageObject","inLanguage":"fr-FR","@id":"https:\/\/vosgesinfo.fr\/saintdieinfo\/#\/schema\/person\/image\/","url":"https:\/\/secure.gravatar.com\/avatar\/6673d8bc6a9c17fa9a453eaa3448de834fa308c2ec9635b7aa99441a7c8d2cf6?s=96&d=mm&r=g","contentUrl":"https:\/\/secure.gravatar.com\/avatar\/6673d8bc6a9c17fa9a453eaa3448de834fa308c2ec9635b7aa99441a7c8d2cf6?s=96&d=mm&r=g","caption":"la r\u00e9daction"},"url":"https:\/\/vosgesinfo.fr\/saintdieinfo\/author\/redac\/"}]}},"_links":{"self":[{"href":"https:\/\/vosgesinfo.fr\/saintdieinfo\/wp-json\/wp\/v2\/posts\/63389","targetHints":{"allow":["GET"]}}],"collection":[{"href":"https:\/\/vosgesinfo.fr\/saintdieinfo\/wp-json\/wp\/v2\/posts"}],"about":[{"href":"https:\/\/vosgesinfo.fr\/saintdieinfo\/wp-json\/wp\/v2\/types\/post"}],"author":[{"embeddable":true,"href":"https:\/\/vosgesinfo.fr\/saintdieinfo\/wp-json\/wp\/v2\/users\/44"}],"replies":[{"embeddable":true,"href":"https:\/\/vosgesinfo.fr\/saintdieinfo\/wp-json\/wp\/v2\/comments?post=63389"}],"version-history":[{"count":0,"href":"https:\/\/vosgesinfo.fr\/saintdieinfo\/wp-json\/wp\/v2\/posts\/63389\/revisions"}],"wp:featuredmedia":[{"embeddable":true,"href":"https:\/\/vosgesinfo.fr\/saintdieinfo\/wp-json\/wp\/v2\/media\/63390"}],"wp:attachment":[{"href":"https:\/\/vosgesinfo.fr\/saintdieinfo\/wp-json\/wp\/v2\/media?parent=63389"}],"wp:term":[{"taxonomy":"category","embeddable":true,"href":"https:\/\/vosgesinfo.fr\/saintdieinfo\/wp-json\/wp\/v2\/categories?post=63389"},{"taxonomy":"post_tag","embeddable":true,"href":"https:\/\/vosgesinfo.fr\/saintdieinfo\/wp-json\/wp\/v2\/tags?post=63389"}],"curies":[{"name":"wp","href":"https:\/\/api.w.org\/{rel}","templated":true}]}}