{"id":63435,"date":"2023-03-23T14:39:06","date_gmt":"2023-03-23T13:39:06","guid":{"rendered":"https:\/\/vosgesinfo.fr\/saintdieinfo\/2023\/03\/vmeh-de-saint-die-vosges-se-stabilisent-apres-crise-sanitaire\/"},"modified":"2023-03-23T14:39:06","modified_gmt":"2023-03-23T13:39:06","slug":"vmeh-de-saint-die-vosges-se-stabilisent-apres-crise-sanitaire","status":"publish","type":"post","link":"https:\/\/vosgesinfo.fr\/saintdieinfo\/2023\/03\/vmeh-de-saint-die-vosges-se-stabilisent-apres-crise-sanitaire\/","title":{"rendered":"Les VMEH de Saint-Di\u00e9-des-Vosges se stabilisent apr\u00e8s la crise sanitaire"},"content":{"rendered":"<p><a href=\"\/2023\/03\/AG_VMEH_SDDV-2.jpg\" target=\"_blank\" rel=\"noopener\"><img decoding=\"async\" class=\"aligncenter wp-image-198875 size-large\" src=\"\/2023\/03\/AG_VMEH_SDDV-2-1024x771.jpg\" alt=\"AG_VMEH_SDDV (2)\" width=\"960\" height=\"723\" \/><\/a><\/p>\n<h2><strong><span style=\"font-size: 14pt;\">Ce jeudi apr\u00e8s-midi, c&rsquo;\u00e9tait au tour des Visiteurs de Malades en Etablissements Hospitaliers \u2013 VMEH \u2013 du secteur de Saint-Di\u00e9-des-Vosges de tenir son assembl\u00e9e g\u00e9n\u00e9rale. Les b\u00e9n\u00e9voles de l&rsquo;association interviennent dans les EHPAD de Foucharupt et les Charmes, \u00e0 la R\u00e9sidence de l&rsquo;\u00c2ge d&rsquo;Or et des Aulnes, \u00e0 Sainte-Marguerite, ainsi que dans les r\u00e9sidences Alsace et du Parc.<\/span><\/strong><\/h2>\n<p><!--more--><\/p>\n<p>Lors de ces assises annuelles, qui se sont d\u00e9roul\u00e9es \u00e0 la salle Carbonnar en pr\u00e9sence du maire Bruno Toussaint, la responsable Sylvie Ferry est tout d&rsquo;abord revenue sur l&rsquo;ann\u00e9e 2022, avant de se tourner vers 2023. \u00ab\u00a02022 aura \u00e9t\u00e9 une ann\u00e9e quasi-ordinaire. Sans confinement g\u00e9n\u00e9ralis\u00e9, les activit\u00e9s ont donc repris un rythme r\u00e9gulier. Concernant nos effectifs, nous \u00e9tions 60 membres, b\u00e9n\u00e9voles et sympathisants au 31 d\u00e9cembre 2022. Les effectifs se sont enfin stabilis\u00e9s apr\u00e8s les \u00ab\u00a0d\u00e9g\u00e2ts\u00a0\u00bb caus\u00e9s par la pand\u00e9mie. Il faudra toutefois \u00eatre vigilants face aux adh\u00e9sions dites \u00ab\u00a0feu de paille\u00a0\u00bb, qui ne sont pas suivies d&rsquo;actes, et d&rsquo;autre part aux intrusions de personnes non VMEH, qui s&rsquo;immiscent dans les groupes&#8230; et ne sont par cons\u00e9quence pas couvertes par notre assurance. En 2022 toujours, nous avons r\u00e9it\u00e9r\u00e9 l&rsquo;attribution d&rsquo;une somme de 500\u20ac \u00e0 chaque EHPAD. Notre objectif \u00e9tant toujours d&rsquo;apporter un peu de bien-\u00eatre et des moments riches en \u00e9motions.\u00a0\u00bb<\/p>\n<p>Pour cette ann\u00e9e 2023, les VMEH de Saint-Di\u00e9-des-Vosges r\u00e9fl\u00e9chissent \u00e0 l&rsquo;organisation d&rsquo;un spectacle pendant la p\u00e9riode estivale, qui pourrait r\u00e9unir des r\u00e9sidents des divers \u00e9tablissements concern\u00e9s. Les b\u00e9n\u00e9voles de l&rsquo;association retrousseront leurs manches lors du grand nettoyage de printemps de la cit\u00e9 d\u00e9odatienne, du 29 avril au 8 mai (lire notre article). Enfin, la pr\u00e9sidente souhaite qu&rsquo;une campagne de publicit\u00e9 soit men\u00e9e dans les cabinets m\u00e9dicaux, notamment en d\u00e9posant des flyers, pour que les VMEH soient mieux connus dans le secteur.<\/p>\n<p>J.J.<\/p>\n\n","protected":false},"excerpt":{"rendered":"<p>Ce jeudi apr\u00e8s-midi, c&rsquo;\u00e9tait au tour des Visiteurs de Malades en Etablissements Hospitaliers \u2013 VMEH \u2013 du secteur de Saint-Di\u00e9-des-Vosges [&hellip;]<\/p>\n","protected":false},"author":44,"featured_media":63436,"comment_status":"open","ping_status":"open","sticky":false,"template":"","format":"standard","meta":{"footnotes":""},"categories":[460,2915,17],"tags":[676,3571,3947,5564,5507],"class_list":["post-63435","post","type-post","status-publish","format-standard","has-post-thumbnail","hentry","category-a-la-une","category-saint-die-son-canton","category-vie-associative","tag-assemblee-generale","tag-salle-carbonnar","tag-visiteurs-de-malades-en-etablissements-hospitaliers","tag-vmeh","tag-vmeh-de-saint-die-des-vosges"],"acf":[],"yoast_head":"<!-- This site is optimized with the Yoast SEO plugin v22.5 - https:\/\/yoast.com\/wordpress\/plugins\/seo\/ -->\n<title>Les VMEH de Saint-Di\u00e9-des-Vosges se stabilisent apr\u00e8s la crise sanitaire - Saint Die Info<\/title>\n<meta name=\"robots\" content=\"index, follow, max-snippet:-1, max-image-preview:large, max-video-preview:-1\" \/>\n<link rel=\"canonical\" href=\"https:\/\/vosgesinfo.fr\/saintdieinfo\/2023\/03\/vmeh-de-saint-die-vosges-se-stabilisent-apres-crise-sanitaire\/\" \/>\n<meta name=\"twitter:card\" content=\"summary_large_image\" \/>\n<meta name=\"twitter:title\" content=\"Les VMEH de Saint-Di\u00e9-des-Vosges se stabilisent apr\u00e8s la crise sanitaire - Saint Die Info\" \/>\n<meta name=\"twitter:description\" content=\"Ce jeudi apr\u00e8s-midi, c&rsquo;\u00e9tait au tour des Visiteurs de Malades en Etablissements Hospitaliers \u2013 VMEH \u2013 du secteur de Saint-Di\u00e9-des-Vosges [&hellip;]\" \/>\n<meta name=\"twitter:image\" content=\"https:\/\/vosgesinfo.fr\/app\/uploads\/sites\/4\/2024\/08\/202303ag-vmeh-sddv-2.jpg\" \/>\n<meta name=\"twitter:creator\" content=\"@VosgesInfo88\" \/>\n<meta name=\"twitter:site\" content=\"@VosgesInfo88\" \/>\n<meta name=\"twitter:label1\" content=\"\u00c9crit par\" \/>\n\t<meta name=\"twitter:data1\" content=\"la r\u00e9daction\" \/>\n\t<meta name=\"twitter:label2\" content=\"Dur\u00e9e de lecture estim\u00e9e\" \/>\n\t<meta name=\"twitter:data2\" content=\"2 minutes\" \/>\n<script type=\"application\/ld+json\" class=\"yoast-schema-graph\">{\"@context\":\"https:\/\/schema.org\",\"@graph\":[{\"@type\":\"Article\",\"@id\":\"https:\/\/vosgesinfo.fr\/saintdieinfo\/2023\/03\/vmeh-de-saint-die-vosges-se-stabilisent-apres-crise-sanitaire\/#article\",\"isPartOf\":{\"@id\":\"https:\/\/vosgesinfo.fr\/saintdieinfo\/2023\/03\/vmeh-de-saint-die-vosges-se-stabilisent-apres-crise-sanitaire\/\"},\"author\":{\"name\":\"la r\u00e9daction\",\"@id\":\"https:\/\/vosgesinfo.fr\/saintdieinfo\/#\/schema\/person\/faee6704a21f3977511db84bd1cd450f\"},\"headline\":\"Les VMEH de Saint-Di\u00e9-des-Vosges se stabilisent apr\u00e8s la crise sanitaire\",\"datePublished\":\"2023-03-23T13:39:06+00:00\",\"dateModified\":\"2023-03-23T13:39:06+00:00\",\"mainEntityOfPage\":{\"@id\":\"https:\/\/vosgesinfo.fr\/saintdieinfo\/2023\/03\/vmeh-de-saint-die-vosges-se-stabilisent-apres-crise-sanitaire\/\"},\"wordCount\":355,\"commentCount\":0,\"publisher\":{\"@id\":\"https:\/\/vosgesinfo.fr\/saintdieinfo\/#organization\"},\"image\":{\"@id\":\"https:\/\/vosgesinfo.fr\/saintdieinfo\/2023\/03\/vmeh-de-saint-die-vosges-se-stabilisent-apres-crise-sanitaire\/#primaryimage\"},\"thumbnailUrl\":\"https:\/\/vosgesinfo.fr\/app\/uploads\/sites\/4\/2024\/08\/202303ag-vmeh-sddv-2.jpg\",\"keywords\":[\"assembl\u00e9e g\u00e9n\u00e9rale\",\"Salle Carbonnar\",\"Visiteurs de Malades en Etablissements Hospitaliers\",\"VMEH\",\"VMEH de Saint-Di\u00e9-des-Vosges\"],\"articleSection\":[\"A la Une\",\"Saint-Di\u00e9-des-Vosges et son Agglom\u00e9ration\",\"Vie Associative\"],\"inLanguage\":\"fr-FR\",\"potentialAction\":[{\"@type\":\"CommentAction\",\"name\":\"Comment\",\"target\":[\"https:\/\/vosgesinfo.fr\/saintdieinfo\/2023\/03\/vmeh-de-saint-die-vosges-se-stabilisent-apres-crise-sanitaire\/#respond\"]}]},{\"@type\":\"WebPage\",\"@id\":\"https:\/\/vosgesinfo.fr\/saintdieinfo\/2023\/03\/vmeh-de-saint-die-vosges-se-stabilisent-apres-crise-sanitaire\/\",\"url\":\"https:\/\/vosgesinfo.fr\/saintdieinfo\/2023\/03\/vmeh-de-saint-die-vosges-se-stabilisent-apres-crise-sanitaire\/\",\"name\":\"Les VMEH de Saint-Di\u00e9-des-Vosges se stabilisent apr\u00e8s la crise sanitaire - Saint Die Info\",\"isPartOf\":{\"@id\":\"https:\/\/vosgesinfo.fr\/saintdieinfo\/#website\"},\"primaryImageOfPage\":{\"@id\":\"https:\/\/vosgesinfo.fr\/saintdieinfo\/2023\/03\/vmeh-de-saint-die-vosges-se-stabilisent-apres-crise-sanitaire\/#primaryimage\"},\"image\":{\"@id\":\"https:\/\/vosgesinfo.fr\/saintdieinfo\/2023\/03\/vmeh-de-saint-die-vosges-se-stabilisent-apres-crise-sanitaire\/#primaryimage\"},\"thumbnailUrl\":\"https:\/\/vosgesinfo.fr\/app\/uploads\/sites\/4\/2024\/08\/202303ag-vmeh-sddv-2.jpg\",\"datePublished\":\"2023-03-23T13:39:06+00:00\",\"dateModified\":\"2023-03-23T13:39:06+00:00\",\"breadcrumb\":{\"@id\":\"https:\/\/vosgesinfo.fr\/saintdieinfo\/2023\/03\/vmeh-de-saint-die-vosges-se-stabilisent-apres-crise-sanitaire\/#breadcrumb\"},\"inLanguage\":\"fr-FR\",\"potentialAction\":[{\"@type\":\"ReadAction\",\"target\":[\"https:\/\/vosgesinfo.fr\/saintdieinfo\/2023\/03\/vmeh-de-saint-die-vosges-se-stabilisent-apres-crise-sanitaire\/\"]}]},{\"@type\":\"ImageObject\",\"inLanguage\":\"fr-FR\",\"@id\":\"https:\/\/vosgesinfo.fr\/saintdieinfo\/2023\/03\/vmeh-de-saint-die-vosges-se-stabilisent-apres-crise-sanitaire\/#primaryimage\",\"url\":\"https:\/\/vosgesinfo.fr\/app\/uploads\/sites\/4\/2024\/08\/202303ag-vmeh-sddv-2.jpg\",\"contentUrl\":\"https:\/\/vosgesinfo.fr\/app\/uploads\/sites\/4\/2024\/08\/202303ag-vmeh-sddv-2.jpg\",\"width\":1600,\"height\":1205},{\"@type\":\"BreadcrumbList\",\"@id\":\"https:\/\/vosgesinfo.fr\/saintdieinfo\/2023\/03\/vmeh-de-saint-die-vosges-se-stabilisent-apres-crise-sanitaire\/#breadcrumb\",\"itemListElement\":[{\"@type\":\"ListItem\",\"position\":1,\"name\":\"Home\",\"item\":\"https:\/\/vosgesinfo.fr\/saintdieinfo\/\"},{\"@type\":\"ListItem\",\"position\":2,\"name\":\"Les VMEH de Saint-Di\u00e9-des-Vosges se stabilisent apr\u00e8s la crise sanitaire\"}]},{\"@type\":\"WebSite\",\"@id\":\"https:\/\/vosgesinfo.fr\/saintdieinfo\/#website\",\"url\":\"https:\/\/vosgesinfo.fr\/saintdieinfo\/\",\"name\":\"Saint Die Info\",\"description\":\"Toute l&#039;actualit\u00e9 de Saint-Di\u00e9-Des-Vosges\",\"publisher\":{\"@id\":\"https:\/\/vosgesinfo.fr\/saintdieinfo\/#organization\"},\"alternateName\":\"Toute l'actualit\u00e9 de Saint-Di\u00e9-Des-Vosges\",\"potentialAction\":[{\"@type\":\"SearchAction\",\"target\":{\"@type\":\"EntryPoint\",\"urlTemplate\":\"https:\/\/vosgesinfo.fr\/saintdieinfo\/?s={search_term_string}\"},\"query-input\":\"required name=search_term_string\"}],\"inLanguage\":\"fr-FR\"},{\"@type\":\"Organization\",\"@id\":\"https:\/\/vosgesinfo.fr\/saintdieinfo\/#organization\",\"name\":\"Saint Die Info\",\"url\":\"https:\/\/vosgesinfo.fr\/saintdieinfo\/\",\"logo\":{\"@type\":\"ImageObject\",\"inLanguage\":\"fr-FR\",\"@id\":\"https:\/\/vosgesinfo.fr\/saintdieinfo\/#\/schema\/logo\/image\/\",\"url\":\"https:\/\/vosgesinfo.fr\/app\/uploads\/sites\/4\/2024\/02\/logo-sdi.jpg\",\"contentUrl\":\"https:\/\/vosgesinfo.fr\/app\/uploads\/sites\/4\/2024\/02\/logo-sdi.jpg\",\"width\":600,\"height\":600,\"caption\":\"Saint Die Info\"},\"image\":{\"@id\":\"https:\/\/vosgesinfo.fr\/saintdieinfo\/#\/schema\/logo\/image\/\"},\"sameAs\":[\"https:\/\/www.facebook.com\/Saintdieinfofr\",\"https:\/\/x.com\/VosgesInfo88\",\"https:\/\/www.youtube.com\/@vosgesinfo\"]},{\"@type\":\"Person\",\"@id\":\"https:\/\/vosgesinfo.fr\/saintdieinfo\/#\/schema\/person\/faee6704a21f3977511db84bd1cd450f\",\"name\":\"la r\u00e9daction\",\"image\":{\"@type\":\"ImageObject\",\"inLanguage\":\"fr-FR\",\"@id\":\"https:\/\/vosgesinfo.fr\/saintdieinfo\/#\/schema\/person\/image\/\",\"url\":\"https:\/\/secure.gravatar.com\/avatar\/6673d8bc6a9c17fa9a453eaa3448de834fa308c2ec9635b7aa99441a7c8d2cf6?s=96&d=mm&r=g\",\"contentUrl\":\"https:\/\/secure.gravatar.com\/avatar\/6673d8bc6a9c17fa9a453eaa3448de834fa308c2ec9635b7aa99441a7c8d2cf6?s=96&d=mm&r=g\",\"caption\":\"la r\u00e9daction\"},\"url\":\"https:\/\/vosgesinfo.fr\/saintdieinfo\/author\/redac\/\"}]}<\/script>\n<!-- \/ Yoast SEO plugin. -->","yoast_head_json":{"title":"Les VMEH de Saint-Di\u00e9-des-Vosges se stabilisent apr\u00e8s la crise sanitaire - Saint Die Info","robots":{"index":"index","follow":"follow","max-snippet":"max-snippet:-1","max-image-preview":"max-image-preview:large","max-video-preview":"max-video-preview:-1"},"canonical":"https:\/\/vosgesinfo.fr\/saintdieinfo\/2023\/03\/vmeh-de-saint-die-vosges-se-stabilisent-apres-crise-sanitaire\/","twitter_card":"summary_large_image","twitter_title":"Les VMEH de Saint-Di\u00e9-des-Vosges se stabilisent apr\u00e8s la crise sanitaire - Saint Die Info","twitter_description":"Ce jeudi apr\u00e8s-midi, c&rsquo;\u00e9tait au tour des Visiteurs de Malades en Etablissements Hospitaliers \u2013 VMEH \u2013 du secteur de Saint-Di\u00e9-des-Vosges [&hellip;]","twitter_image":"https:\/\/vosgesinfo.fr\/app\/uploads\/sites\/4\/2024\/08\/202303ag-vmeh-sddv-2.jpg","twitter_creator":"@VosgesInfo88","twitter_site":"@VosgesInfo88","twitter_misc":{"\u00c9crit par":"la r\u00e9daction","Dur\u00e9e de lecture estim\u00e9e":"2 minutes"},"schema":{"@context":"https:\/\/schema.org","@graph":[{"@type":"Article","@id":"https:\/\/vosgesinfo.fr\/saintdieinfo\/2023\/03\/vmeh-de-saint-die-vosges-se-stabilisent-apres-crise-sanitaire\/#article","isPartOf":{"@id":"https:\/\/vosgesinfo.fr\/saintdieinfo\/2023\/03\/vmeh-de-saint-die-vosges-se-stabilisent-apres-crise-sanitaire\/"},"author":{"name":"la r\u00e9daction","@id":"https:\/\/vosgesinfo.fr\/saintdieinfo\/#\/schema\/person\/faee6704a21f3977511db84bd1cd450f"},"headline":"Les VMEH de Saint-Di\u00e9-des-Vosges se stabilisent apr\u00e8s la crise sanitaire","datePublished":"2023-03-23T13:39:06+00:00","dateModified":"2023-03-23T13:39:06+00:00","mainEntityOfPage":{"@id":"https:\/\/vosgesinfo.fr\/saintdieinfo\/2023\/03\/vmeh-de-saint-die-vosges-se-stabilisent-apres-crise-sanitaire\/"},"wordCount":355,"commentCount":0,"publisher":{"@id":"https:\/\/vosgesinfo.fr\/saintdieinfo\/#organization"},"image":{"@id":"https:\/\/vosgesinfo.fr\/saintdieinfo\/2023\/03\/vmeh-de-saint-die-vosges-se-stabilisent-apres-crise-sanitaire\/#primaryimage"},"thumbnailUrl":"https:\/\/vosgesinfo.fr\/app\/uploads\/sites\/4\/2024\/08\/202303ag-vmeh-sddv-2.jpg","keywords":["assembl\u00e9e g\u00e9n\u00e9rale","Salle Carbonnar","Visiteurs de Malades en Etablissements Hospitaliers","VMEH","VMEH de Saint-Di\u00e9-des-Vosges"],"articleSection":["A la Une","Saint-Di\u00e9-des-Vosges et son Agglom\u00e9ration","Vie Associative"],"inLanguage":"fr-FR","potentialAction":[{"@type":"CommentAction","name":"Comment","target":["https:\/\/vosgesinfo.fr\/saintdieinfo\/2023\/03\/vmeh-de-saint-die-vosges-se-stabilisent-apres-crise-sanitaire\/#respond"]}]},{"@type":"WebPage","@id":"https:\/\/vosgesinfo.fr\/saintdieinfo\/2023\/03\/vmeh-de-saint-die-vosges-se-stabilisent-apres-crise-sanitaire\/","url":"https:\/\/vosgesinfo.fr\/saintdieinfo\/2023\/03\/vmeh-de-saint-die-vosges-se-stabilisent-apres-crise-sanitaire\/","name":"Les VMEH de Saint-Di\u00e9-des-Vosges se stabilisent apr\u00e8s la crise sanitaire - Saint Die Info","isPartOf":{"@id":"https:\/\/vosgesinfo.fr\/saintdieinfo\/#website"},"primaryImageOfPage":{"@id":"https:\/\/vosgesinfo.fr\/saintdieinfo\/2023\/03\/vmeh-de-saint-die-vosges-se-stabilisent-apres-crise-sanitaire\/#primaryimage"},"image":{"@id":"https:\/\/vosgesinfo.fr\/saintdieinfo\/2023\/03\/vmeh-de-saint-die-vosges-se-stabilisent-apres-crise-sanitaire\/#primaryimage"},"thumbnailUrl":"https:\/\/vosgesinfo.fr\/app\/uploads\/sites\/4\/2024\/08\/202303ag-vmeh-sddv-2.jpg","datePublished":"2023-03-23T13:39:06+00:00","dateModified":"2023-03-23T13:39:06+00:00","breadcrumb":{"@id":"https:\/\/vosgesinfo.fr\/saintdieinfo\/2023\/03\/vmeh-de-saint-die-vosges-se-stabilisent-apres-crise-sanitaire\/#breadcrumb"},"inLanguage":"fr-FR","potentialAction":[{"@type":"ReadAction","target":["https:\/\/vosgesinfo.fr\/saintdieinfo\/2023\/03\/vmeh-de-saint-die-vosges-se-stabilisent-apres-crise-sanitaire\/"]}]},{"@type":"ImageObject","inLanguage":"fr-FR","@id":"https:\/\/vosgesinfo.fr\/saintdieinfo\/2023\/03\/vmeh-de-saint-die-vosges-se-stabilisent-apres-crise-sanitaire\/#primaryimage","url":"https:\/\/vosgesinfo.fr\/app\/uploads\/sites\/4\/2024\/08\/202303ag-vmeh-sddv-2.jpg","contentUrl":"https:\/\/vosgesinfo.fr\/app\/uploads\/sites\/4\/2024\/08\/202303ag-vmeh-sddv-2.jpg","width":1600,"height":1205},{"@type":"BreadcrumbList","@id":"https:\/\/vosgesinfo.fr\/saintdieinfo\/2023\/03\/vmeh-de-saint-die-vosges-se-stabilisent-apres-crise-sanitaire\/#breadcrumb","itemListElement":[{"@type":"ListItem","position":1,"name":"Home","item":"https:\/\/vosgesinfo.fr\/saintdieinfo\/"},{"@type":"ListItem","position":2,"name":"Les VMEH de Saint-Di\u00e9-des-Vosges se stabilisent apr\u00e8s la crise sanitaire"}]},{"@type":"WebSite","@id":"https:\/\/vosgesinfo.fr\/saintdieinfo\/#website","url":"https:\/\/vosgesinfo.fr\/saintdieinfo\/","name":"Saint Die Info","description":"Toute l&#039;actualit\u00e9 de Saint-Di\u00e9-Des-Vosges","publisher":{"@id":"https:\/\/vosgesinfo.fr\/saintdieinfo\/#organization"},"alternateName":"Toute l'actualit\u00e9 de Saint-Di\u00e9-Des-Vosges","potentialAction":[{"@type":"SearchAction","target":{"@type":"EntryPoint","urlTemplate":"https:\/\/vosgesinfo.fr\/saintdieinfo\/?s={search_term_string}"},"query-input":"required name=search_term_string"}],"inLanguage":"fr-FR"},{"@type":"Organization","@id":"https:\/\/vosgesinfo.fr\/saintdieinfo\/#organization","name":"Saint Die Info","url":"https:\/\/vosgesinfo.fr\/saintdieinfo\/","logo":{"@type":"ImageObject","inLanguage":"fr-FR","@id":"https:\/\/vosgesinfo.fr\/saintdieinfo\/#\/schema\/logo\/image\/","url":"https:\/\/vosgesinfo.fr\/app\/uploads\/sites\/4\/2024\/02\/logo-sdi.jpg","contentUrl":"https:\/\/vosgesinfo.fr\/app\/uploads\/sites\/4\/2024\/02\/logo-sdi.jpg","width":600,"height":600,"caption":"Saint Die Info"},"image":{"@id":"https:\/\/vosgesinfo.fr\/saintdieinfo\/#\/schema\/logo\/image\/"},"sameAs":["https:\/\/www.facebook.com\/Saintdieinfofr","https:\/\/x.com\/VosgesInfo88","https:\/\/www.youtube.com\/@vosgesinfo"]},{"@type":"Person","@id":"https:\/\/vosgesinfo.fr\/saintdieinfo\/#\/schema\/person\/faee6704a21f3977511db84bd1cd450f","name":"la r\u00e9daction","image":{"@type":"ImageObject","inLanguage":"fr-FR","@id":"https:\/\/vosgesinfo.fr\/saintdieinfo\/#\/schema\/person\/image\/","url":"https:\/\/secure.gravatar.com\/avatar\/6673d8bc6a9c17fa9a453eaa3448de834fa308c2ec9635b7aa99441a7c8d2cf6?s=96&d=mm&r=g","contentUrl":"https:\/\/secure.gravatar.com\/avatar\/6673d8bc6a9c17fa9a453eaa3448de834fa308c2ec9635b7aa99441a7c8d2cf6?s=96&d=mm&r=g","caption":"la r\u00e9daction"},"url":"https:\/\/vosgesinfo.fr\/saintdieinfo\/author\/redac\/"}]}},"_links":{"self":[{"href":"https:\/\/vosgesinfo.fr\/saintdieinfo\/wp-json\/wp\/v2\/posts\/63435","targetHints":{"allow":["GET"]}}],"collection":[{"href":"https:\/\/vosgesinfo.fr\/saintdieinfo\/wp-json\/wp\/v2\/posts"}],"about":[{"href":"https:\/\/vosgesinfo.fr\/saintdieinfo\/wp-json\/wp\/v2\/types\/post"}],"author":[{"embeddable":true,"href":"https:\/\/vosgesinfo.fr\/saintdieinfo\/wp-json\/wp\/v2\/users\/44"}],"replies":[{"embeddable":true,"href":"https:\/\/vosgesinfo.fr\/saintdieinfo\/wp-json\/wp\/v2\/comments?post=63435"}],"version-history":[{"count":0,"href":"https:\/\/vosgesinfo.fr\/saintdieinfo\/wp-json\/wp\/v2\/posts\/63435\/revisions"}],"wp:featuredmedia":[{"embeddable":true,"href":"https:\/\/vosgesinfo.fr\/saintdieinfo\/wp-json\/wp\/v2\/media\/63436"}],"wp:attachment":[{"href":"https:\/\/vosgesinfo.fr\/saintdieinfo\/wp-json\/wp\/v2\/media?parent=63435"}],"wp:term":[{"taxonomy":"category","embeddable":true,"href":"https:\/\/vosgesinfo.fr\/saintdieinfo\/wp-json\/wp\/v2\/categories?post=63435"},{"taxonomy":"post_tag","embeddable":true,"href":"https:\/\/vosgesinfo.fr\/saintdieinfo\/wp-json\/wp\/v2\/tags?post=63435"}],"curies":[{"name":"wp","href":"https:\/\/api.w.org\/{rel}","templated":true}]}}