{"id":63440,"date":"2023-03-23T15:17:56","date_gmt":"2023-03-23T14:17:56","guid":{"rendered":"https:\/\/vosgesinfo.fr\/saintdieinfo\/2023\/03\/boites-solidairess-a-saint-die-vosges\/"},"modified":"2023-03-23T15:17:56","modified_gmt":"2023-03-23T14:17:56","slug":"boites-solidairess-a-saint-die-vosges","status":"publish","type":"post","link":"https:\/\/vosgesinfo.fr\/saintdieinfo\/2023\/03\/boites-solidairess-a-saint-die-vosges\/","title":{"rendered":"Des bo\u00eetes \u00ab\u00a0solidair&rsquo;ess\u00a0\u00bb \u00e0 Saint-Di\u00e9-des-Vosges"},"content":{"rendered":"<h2><strong><span style=\"font-size: 14pt;\"><span dir=\"ltr\">A l\u2019initiative de la MGEN<\/span> <span dir=\"ltr\">des Vosges<\/span> <span dir=\"ltr\">avec le soutien du Lions Club<\/span> <span dir=\"ltr\">de Saint<\/span><span dir=\"ltr\">&#8211;<\/span><span dir=\"ltr\">Di\u00e9<\/span><span dir=\"ltr\">&#8211;<\/span><span dir=\"ltr\"> des<\/span><span dir=\"ltr\">&#8211;<\/span><span dir=\"ltr\">Vosges<\/span><span dir=\"ltr\">, les \u00e9tudiants du sup\u00e9rieur<\/span> <span dir=\"ltr\">de Saint<\/span><span dir=\"ltr\">&#8211;<\/span><span dir=\"ltr\">Di\u00e9<\/span><span dir=\"ltr\">&#8211;<\/span><span dir=\"ltr\">de<\/span><span dir=\"ltr\">s<\/span><span dir=\"ltr\">&#8211;<\/span><span dir=\"ltr\">Vosges organisent une<\/span><span dir=\"ltr\"> collecte solidaire <\/span><span dir=\"ltr\">Ce projet solidaire sera men\u00e9 PAR ET POUR les \u00e9tudiants en BTS du lyc\u00e9e de<\/span><span dir=\"ltr\"> Baumont,<\/span> <span dir=\"ltr\">\u00e0<\/span> <span dir=\"ltr\">l\u2019IUT,<\/span> <span dir=\"ltr\">\u00e0<\/span> <span dir=\"ltr\">l\u2019IFSI<\/span><span dir=\"ltr\">, les \u00e9l\u00e8ves de l\u2019<\/span><span dir=\"ltr\">IFAS et les \u00e9l\u00e8ves ing\u00e9nieurs du GIP I<\/span><span dir=\"ltr\">n<\/span><span dir=\"ltr\">SIC.<\/span><\/span><\/strong><\/h2>\n<p><!--more--><span dir=\"ltr\">Une collecte de denr\u00e9es alimentaires, de produits d\u2019hygi\u00e8ne et de papeterie<\/span><span dir=\"ltr\"> s\u2019effectuera<\/span> <span dir=\"ltr\">du 27 mars au 7 avril<\/span> <span dir=\"ltr\">2023<\/span> <span dir=\"ltr\">aupr\u00e8s des commer\u00e7ants<\/span> <span dir=\"ltr\">d\u00e9odatiens<\/span> <span dir=\"ltr\">lors<\/span><span dir=\"ltr\"> de la Semaine de l\u2019Economie Sociale et Solidaire \u00e0 l\u2019\u00e9col<\/span><span dir=\"ltr\">e*<\/span> <span dir=\"ltr\">dont le fil rouge cette<\/span><span dir=\"ltr\"> ann\u00e9e est l\u2019engagement.<\/span><span dir=\"ltr\"> La distribution<\/span> <span dir=\"ltr\">aupr\u00e8s des \u00e9tudiants<\/span> <span dir=\"ltr\">aura lieu<\/span> <span dir=\"ltr\">entre le 11 et le 14 avril. <\/span><span dir=\"ltr\">Ensemble, aidons<\/span><span dir=\"ltr\">&#8211;<\/span><span dir=\"ltr\">les \u00e0 remplir les boites SOLIDAIR\u2019ESS.<\/span><\/p>\n<p><span dir=\"ltr\">L\u2019E<\/span><span dir=\"ltr\">conomie<\/span> <span dir=\"ltr\">S<\/span><span dir=\"ltr\">ociale et<\/span> <span dir=\"ltr\">S<\/span><span dir=\"ltr\">olidaire<\/span><span dir=\"ltr\">, ce sont des millions de b\u00e9n\u00e9voles dans<\/span> <span dir=\"ltr\">les<\/span><span dir=\"ltr\"> associations, de membres associ\u00e9s dans les coop\u00e9ratives, d\u2019adh\u00e9rents de <\/span><span dir=\"ltr\">mutuelles de sant\u00e9 et d\u2019assurance qui pratiquent la d\u00e9mocratie, la solidarit\u00e9 et<\/span><span dir=\"ltr\"> l\u2019engagement.<\/span><span dir=\"ltr\"> S\u2019engager, c\u2019est participer \u00e0 un projet collectif et proposer une autre vision de la <\/span><span dir=\"ltr\">soci\u00e9t\u00e9<\/span><span dir=\"ltr\">.<\/span><\/p>\n<p><span dir=\"ltr\">*La Semaine de l\u2019ESS \u00e0 l\u2019Ecole est soutenue par le minist\u00e8re de l\u2019Education <\/span><span dir=\"ltr\">nationale et de la jeunesse et le secr\u00e9tariat d\u2019Etat \u00e0 l\u2019Economie sociale et<\/span><span dir=\"ltr\"> solidaire et la Vie associative depuis 2018. Elle r\u00e9pond aux objectifs d\u00e9velopp\u00e9s<\/span><span dir=\"ltr\"> dans l\u2019acco<\/span><span dir=\"ltr\">rd<\/span><span dir=\"ltr\">&#8211;<\/span><span dir=\"ltr\">cadre sign\u00e9 avec l\u2019ESPER de favoriser l\u2019\u00e9ducation \u00e0 l\u2019ESS.<\/span> <span dir=\"ltr\">Cette<\/span><span dir=\"ltr\"> ann\u00e9e elle a lieu du 27 mars au 31 mars.<\/span><\/p>\n","protected":false},"excerpt":{"rendered":"<p>A l\u2019initiative de la MGEN des Vosges avec le soutien du Lions Club de Saint&#8211;Di\u00e9&#8211; des&#8211;Vosges, les \u00e9tudiants du sup\u00e9rieur [&hellip;]<\/p>\n","protected":false},"author":44,"featured_media":63441,"comment_status":"open","ping_status":"open","sticky":false,"template":"","format":"standard","meta":{"footnotes":""},"categories":[460,2915,29],"tags":[14076,5171],"class_list":["post-63440","post","type-post","status-publish","format-standard","has-post-thumbnail","hentry","category-a-la-une","category-saint-die-son-canton","category-solidarite","tag-boites-solidairees","tag-mgen-des-vosges"],"acf":[],"yoast_head":"<!-- This site is optimized with the Yoast SEO plugin v22.5 - https:\/\/yoast.com\/wordpress\/plugins\/seo\/ -->\n<title>Des bo\u00eetes &quot;solidair&#039;ess&quot; \u00e0 Saint-Di\u00e9-des-Vosges - Saint Die Info<\/title>\n<meta name=\"robots\" content=\"index, follow, max-snippet:-1, max-image-preview:large, max-video-preview:-1\" \/>\n<link rel=\"canonical\" href=\"https:\/\/vosgesinfo.fr\/saintdieinfo\/2023\/03\/boites-solidairess-a-saint-die-vosges\/\" \/>\n<meta name=\"twitter:card\" content=\"summary_large_image\" \/>\n<meta name=\"twitter:title\" content=\"Des bo\u00eetes &quot;solidair&#039;ess&quot; \u00e0 Saint-Di\u00e9-des-Vosges - Saint Die Info\" \/>\n<meta name=\"twitter:description\" content=\"A l\u2019initiative de la MGEN des Vosges avec le soutien du Lions Club de Saint&#8211;Di\u00e9&#8211; des&#8211;Vosges, les \u00e9tudiants du sup\u00e9rieur [&hellip;]\" \/>\n<meta name=\"twitter:image\" content=\"https:\/\/vosgesinfo.fr\/app\/uploads\/sites\/4\/2024\/08\/202303boite-solidairees-01.jpg\" \/>\n<meta name=\"twitter:creator\" content=\"@VosgesInfo88\" \/>\n<meta name=\"twitter:site\" content=\"@VosgesInfo88\" \/>\n<meta name=\"twitter:label1\" content=\"\u00c9crit par\" \/>\n\t<meta name=\"twitter:data1\" content=\"la r\u00e9daction\" \/>\n\t<meta name=\"twitter:label2\" content=\"Dur\u00e9e de lecture estim\u00e9e\" \/>\n\t<meta name=\"twitter:data2\" content=\"1 minute\" \/>\n<script type=\"application\/ld+json\" class=\"yoast-schema-graph\">{\"@context\":\"https:\/\/schema.org\",\"@graph\":[{\"@type\":\"Article\",\"@id\":\"https:\/\/vosgesinfo.fr\/saintdieinfo\/2023\/03\/boites-solidairess-a-saint-die-vosges\/#article\",\"isPartOf\":{\"@id\":\"https:\/\/vosgesinfo.fr\/saintdieinfo\/2023\/03\/boites-solidairess-a-saint-die-vosges\/\"},\"author\":{\"name\":\"la r\u00e9daction\",\"@id\":\"https:\/\/vosgesinfo.fr\/saintdieinfo\/#\/schema\/person\/faee6704a21f3977511db84bd1cd450f\"},\"headline\":\"Des bo\u00eetes \u00ab\u00a0solidair&rsquo;ess\u00a0\u00bb \u00e0 Saint-Di\u00e9-des-Vosges\",\"datePublished\":\"2023-03-23T14:17:56+00:00\",\"dateModified\":\"2023-03-23T14:17:56+00:00\",\"mainEntityOfPage\":{\"@id\":\"https:\/\/vosgesinfo.fr\/saintdieinfo\/2023\/03\/boites-solidairess-a-saint-die-vosges\/\"},\"wordCount\":292,\"commentCount\":0,\"publisher\":{\"@id\":\"https:\/\/vosgesinfo.fr\/saintdieinfo\/#organization\"},\"image\":{\"@id\":\"https:\/\/vosgesinfo.fr\/saintdieinfo\/2023\/03\/boites-solidairess-a-saint-die-vosges\/#primaryimage\"},\"thumbnailUrl\":\"https:\/\/vosgesinfo.fr\/app\/uploads\/sites\/4\/2024\/08\/202303boite-solidairees-01.jpg\",\"keywords\":[\"Bo\u00eetes solidair'ees\",\"MGEN des Vosges\"],\"articleSection\":[\"A la Une\",\"Saint-Di\u00e9-des-Vosges et son Agglom\u00e9ration\",\"Solidarit\u00e9\"],\"inLanguage\":\"fr-FR\",\"potentialAction\":[{\"@type\":\"CommentAction\",\"name\":\"Comment\",\"target\":[\"https:\/\/vosgesinfo.fr\/saintdieinfo\/2023\/03\/boites-solidairess-a-saint-die-vosges\/#respond\"]}]},{\"@type\":\"WebPage\",\"@id\":\"https:\/\/vosgesinfo.fr\/saintdieinfo\/2023\/03\/boites-solidairess-a-saint-die-vosges\/\",\"url\":\"https:\/\/vosgesinfo.fr\/saintdieinfo\/2023\/03\/boites-solidairess-a-saint-die-vosges\/\",\"name\":\"Des bo\u00eetes \\\"solidair'ess\\\" \u00e0 Saint-Di\u00e9-des-Vosges - Saint Die Info\",\"isPartOf\":{\"@id\":\"https:\/\/vosgesinfo.fr\/saintdieinfo\/#website\"},\"primaryImageOfPage\":{\"@id\":\"https:\/\/vosgesinfo.fr\/saintdieinfo\/2023\/03\/boites-solidairess-a-saint-die-vosges\/#primaryimage\"},\"image\":{\"@id\":\"https:\/\/vosgesinfo.fr\/saintdieinfo\/2023\/03\/boites-solidairess-a-saint-die-vosges\/#primaryimage\"},\"thumbnailUrl\":\"https:\/\/vosgesinfo.fr\/app\/uploads\/sites\/4\/2024\/08\/202303boite-solidairees-01.jpg\",\"datePublished\":\"2023-03-23T14:17:56+00:00\",\"dateModified\":\"2023-03-23T14:17:56+00:00\",\"breadcrumb\":{\"@id\":\"https:\/\/vosgesinfo.fr\/saintdieinfo\/2023\/03\/boites-solidairess-a-saint-die-vosges\/#breadcrumb\"},\"inLanguage\":\"fr-FR\",\"potentialAction\":[{\"@type\":\"ReadAction\",\"target\":[\"https:\/\/vosgesinfo.fr\/saintdieinfo\/2023\/03\/boites-solidairess-a-saint-die-vosges\/\"]}]},{\"@type\":\"ImageObject\",\"inLanguage\":\"fr-FR\",\"@id\":\"https:\/\/vosgesinfo.fr\/saintdieinfo\/2023\/03\/boites-solidairess-a-saint-die-vosges\/#primaryimage\",\"url\":\"https:\/\/vosgesinfo.fr\/app\/uploads\/sites\/4\/2024\/08\/202303boite-solidairees-01.jpg\",\"contentUrl\":\"https:\/\/vosgesinfo.fr\/app\/uploads\/sites\/4\/2024\/08\/202303boite-solidairees-01.jpg\",\"width\":1920,\"height\":1080},{\"@type\":\"BreadcrumbList\",\"@id\":\"https:\/\/vosgesinfo.fr\/saintdieinfo\/2023\/03\/boites-solidairess-a-saint-die-vosges\/#breadcrumb\",\"itemListElement\":[{\"@type\":\"ListItem\",\"position\":1,\"name\":\"Home\",\"item\":\"https:\/\/vosgesinfo.fr\/saintdieinfo\/\"},{\"@type\":\"ListItem\",\"position\":2,\"name\":\"Des bo\u00eetes \u00ab\u00a0solidair&rsquo;ess\u00a0\u00bb \u00e0 Saint-Di\u00e9-des-Vosges\"}]},{\"@type\":\"WebSite\",\"@id\":\"https:\/\/vosgesinfo.fr\/saintdieinfo\/#website\",\"url\":\"https:\/\/vosgesinfo.fr\/saintdieinfo\/\",\"name\":\"Saint Die Info\",\"description\":\"Toute l&#039;actualit\u00e9 de Saint-Di\u00e9-Des-Vosges\",\"publisher\":{\"@id\":\"https:\/\/vosgesinfo.fr\/saintdieinfo\/#organization\"},\"alternateName\":\"Toute l'actualit\u00e9 de Saint-Di\u00e9-Des-Vosges\",\"potentialAction\":[{\"@type\":\"SearchAction\",\"target\":{\"@type\":\"EntryPoint\",\"urlTemplate\":\"https:\/\/vosgesinfo.fr\/saintdieinfo\/?s={search_term_string}\"},\"query-input\":\"required name=search_term_string\"}],\"inLanguage\":\"fr-FR\"},{\"@type\":\"Organization\",\"@id\":\"https:\/\/vosgesinfo.fr\/saintdieinfo\/#organization\",\"name\":\"Saint Die Info\",\"url\":\"https:\/\/vosgesinfo.fr\/saintdieinfo\/\",\"logo\":{\"@type\":\"ImageObject\",\"inLanguage\":\"fr-FR\",\"@id\":\"https:\/\/vosgesinfo.fr\/saintdieinfo\/#\/schema\/logo\/image\/\",\"url\":\"https:\/\/vosgesinfo.fr\/app\/uploads\/sites\/4\/2024\/02\/logo-sdi.jpg\",\"contentUrl\":\"https:\/\/vosgesinfo.fr\/app\/uploads\/sites\/4\/2024\/02\/logo-sdi.jpg\",\"width\":600,\"height\":600,\"caption\":\"Saint Die Info\"},\"image\":{\"@id\":\"https:\/\/vosgesinfo.fr\/saintdieinfo\/#\/schema\/logo\/image\/\"},\"sameAs\":[\"https:\/\/www.facebook.com\/Saintdieinfofr\",\"https:\/\/x.com\/VosgesInfo88\",\"https:\/\/www.youtube.com\/@vosgesinfo\"]},{\"@type\":\"Person\",\"@id\":\"https:\/\/vosgesinfo.fr\/saintdieinfo\/#\/schema\/person\/faee6704a21f3977511db84bd1cd450f\",\"name\":\"la r\u00e9daction\",\"image\":{\"@type\":\"ImageObject\",\"inLanguage\":\"fr-FR\",\"@id\":\"https:\/\/vosgesinfo.fr\/saintdieinfo\/#\/schema\/person\/image\/\",\"url\":\"https:\/\/secure.gravatar.com\/avatar\/6673d8bc6a9c17fa9a453eaa3448de834fa308c2ec9635b7aa99441a7c8d2cf6?s=96&d=mm&r=g\",\"contentUrl\":\"https:\/\/secure.gravatar.com\/avatar\/6673d8bc6a9c17fa9a453eaa3448de834fa308c2ec9635b7aa99441a7c8d2cf6?s=96&d=mm&r=g\",\"caption\":\"la r\u00e9daction\"},\"url\":\"https:\/\/vosgesinfo.fr\/saintdieinfo\/author\/redac\/\"}]}<\/script>\n<!-- \/ Yoast SEO plugin. -->","yoast_head_json":{"title":"Des bo\u00eetes \"solidair'ess\" \u00e0 Saint-Di\u00e9-des-Vosges - Saint Die Info","robots":{"index":"index","follow":"follow","max-snippet":"max-snippet:-1","max-image-preview":"max-image-preview:large","max-video-preview":"max-video-preview:-1"},"canonical":"https:\/\/vosgesinfo.fr\/saintdieinfo\/2023\/03\/boites-solidairess-a-saint-die-vosges\/","twitter_card":"summary_large_image","twitter_title":"Des bo\u00eetes \"solidair'ess\" \u00e0 Saint-Di\u00e9-des-Vosges - Saint Die Info","twitter_description":"A l\u2019initiative de la MGEN des Vosges avec le soutien du Lions Club de Saint&#8211;Di\u00e9&#8211; des&#8211;Vosges, les \u00e9tudiants du sup\u00e9rieur [&hellip;]","twitter_image":"https:\/\/vosgesinfo.fr\/app\/uploads\/sites\/4\/2024\/08\/202303boite-solidairees-01.jpg","twitter_creator":"@VosgesInfo88","twitter_site":"@VosgesInfo88","twitter_misc":{"\u00c9crit par":"la r\u00e9daction","Dur\u00e9e de lecture estim\u00e9e":"1 minute"},"schema":{"@context":"https:\/\/schema.org","@graph":[{"@type":"Article","@id":"https:\/\/vosgesinfo.fr\/saintdieinfo\/2023\/03\/boites-solidairess-a-saint-die-vosges\/#article","isPartOf":{"@id":"https:\/\/vosgesinfo.fr\/saintdieinfo\/2023\/03\/boites-solidairess-a-saint-die-vosges\/"},"author":{"name":"la r\u00e9daction","@id":"https:\/\/vosgesinfo.fr\/saintdieinfo\/#\/schema\/person\/faee6704a21f3977511db84bd1cd450f"},"headline":"Des bo\u00eetes \u00ab\u00a0solidair&rsquo;ess\u00a0\u00bb \u00e0 Saint-Di\u00e9-des-Vosges","datePublished":"2023-03-23T14:17:56+00:00","dateModified":"2023-03-23T14:17:56+00:00","mainEntityOfPage":{"@id":"https:\/\/vosgesinfo.fr\/saintdieinfo\/2023\/03\/boites-solidairess-a-saint-die-vosges\/"},"wordCount":292,"commentCount":0,"publisher":{"@id":"https:\/\/vosgesinfo.fr\/saintdieinfo\/#organization"},"image":{"@id":"https:\/\/vosgesinfo.fr\/saintdieinfo\/2023\/03\/boites-solidairess-a-saint-die-vosges\/#primaryimage"},"thumbnailUrl":"https:\/\/vosgesinfo.fr\/app\/uploads\/sites\/4\/2024\/08\/202303boite-solidairees-01.jpg","keywords":["Bo\u00eetes solidair'ees","MGEN des Vosges"],"articleSection":["A la Une","Saint-Di\u00e9-des-Vosges et son Agglom\u00e9ration","Solidarit\u00e9"],"inLanguage":"fr-FR","potentialAction":[{"@type":"CommentAction","name":"Comment","target":["https:\/\/vosgesinfo.fr\/saintdieinfo\/2023\/03\/boites-solidairess-a-saint-die-vosges\/#respond"]}]},{"@type":"WebPage","@id":"https:\/\/vosgesinfo.fr\/saintdieinfo\/2023\/03\/boites-solidairess-a-saint-die-vosges\/","url":"https:\/\/vosgesinfo.fr\/saintdieinfo\/2023\/03\/boites-solidairess-a-saint-die-vosges\/","name":"Des bo\u00eetes \"solidair'ess\" \u00e0 Saint-Di\u00e9-des-Vosges - Saint Die Info","isPartOf":{"@id":"https:\/\/vosgesinfo.fr\/saintdieinfo\/#website"},"primaryImageOfPage":{"@id":"https:\/\/vosgesinfo.fr\/saintdieinfo\/2023\/03\/boites-solidairess-a-saint-die-vosges\/#primaryimage"},"image":{"@id":"https:\/\/vosgesinfo.fr\/saintdieinfo\/2023\/03\/boites-solidairess-a-saint-die-vosges\/#primaryimage"},"thumbnailUrl":"https:\/\/vosgesinfo.fr\/app\/uploads\/sites\/4\/2024\/08\/202303boite-solidairees-01.jpg","datePublished":"2023-03-23T14:17:56+00:00","dateModified":"2023-03-23T14:17:56+00:00","breadcrumb":{"@id":"https:\/\/vosgesinfo.fr\/saintdieinfo\/2023\/03\/boites-solidairess-a-saint-die-vosges\/#breadcrumb"},"inLanguage":"fr-FR","potentialAction":[{"@type":"ReadAction","target":["https:\/\/vosgesinfo.fr\/saintdieinfo\/2023\/03\/boites-solidairess-a-saint-die-vosges\/"]}]},{"@type":"ImageObject","inLanguage":"fr-FR","@id":"https:\/\/vosgesinfo.fr\/saintdieinfo\/2023\/03\/boites-solidairess-a-saint-die-vosges\/#primaryimage","url":"https:\/\/vosgesinfo.fr\/app\/uploads\/sites\/4\/2024\/08\/202303boite-solidairees-01.jpg","contentUrl":"https:\/\/vosgesinfo.fr\/app\/uploads\/sites\/4\/2024\/08\/202303boite-solidairees-01.jpg","width":1920,"height":1080},{"@type":"BreadcrumbList","@id":"https:\/\/vosgesinfo.fr\/saintdieinfo\/2023\/03\/boites-solidairess-a-saint-die-vosges\/#breadcrumb","itemListElement":[{"@type":"ListItem","position":1,"name":"Home","item":"https:\/\/vosgesinfo.fr\/saintdieinfo\/"},{"@type":"ListItem","position":2,"name":"Des bo\u00eetes \u00ab\u00a0solidair&rsquo;ess\u00a0\u00bb \u00e0 Saint-Di\u00e9-des-Vosges"}]},{"@type":"WebSite","@id":"https:\/\/vosgesinfo.fr\/saintdieinfo\/#website","url":"https:\/\/vosgesinfo.fr\/saintdieinfo\/","name":"Saint Die Info","description":"Toute l&#039;actualit\u00e9 de Saint-Di\u00e9-Des-Vosges","publisher":{"@id":"https:\/\/vosgesinfo.fr\/saintdieinfo\/#organization"},"alternateName":"Toute l'actualit\u00e9 de Saint-Di\u00e9-Des-Vosges","potentialAction":[{"@type":"SearchAction","target":{"@type":"EntryPoint","urlTemplate":"https:\/\/vosgesinfo.fr\/saintdieinfo\/?s={search_term_string}"},"query-input":"required name=search_term_string"}],"inLanguage":"fr-FR"},{"@type":"Organization","@id":"https:\/\/vosgesinfo.fr\/saintdieinfo\/#organization","name":"Saint Die Info","url":"https:\/\/vosgesinfo.fr\/saintdieinfo\/","logo":{"@type":"ImageObject","inLanguage":"fr-FR","@id":"https:\/\/vosgesinfo.fr\/saintdieinfo\/#\/schema\/logo\/image\/","url":"https:\/\/vosgesinfo.fr\/app\/uploads\/sites\/4\/2024\/02\/logo-sdi.jpg","contentUrl":"https:\/\/vosgesinfo.fr\/app\/uploads\/sites\/4\/2024\/02\/logo-sdi.jpg","width":600,"height":600,"caption":"Saint Die Info"},"image":{"@id":"https:\/\/vosgesinfo.fr\/saintdieinfo\/#\/schema\/logo\/image\/"},"sameAs":["https:\/\/www.facebook.com\/Saintdieinfofr","https:\/\/x.com\/VosgesInfo88","https:\/\/www.youtube.com\/@vosgesinfo"]},{"@type":"Person","@id":"https:\/\/vosgesinfo.fr\/saintdieinfo\/#\/schema\/person\/faee6704a21f3977511db84bd1cd450f","name":"la r\u00e9daction","image":{"@type":"ImageObject","inLanguage":"fr-FR","@id":"https:\/\/vosgesinfo.fr\/saintdieinfo\/#\/schema\/person\/image\/","url":"https:\/\/secure.gravatar.com\/avatar\/6673d8bc6a9c17fa9a453eaa3448de834fa308c2ec9635b7aa99441a7c8d2cf6?s=96&d=mm&r=g","contentUrl":"https:\/\/secure.gravatar.com\/avatar\/6673d8bc6a9c17fa9a453eaa3448de834fa308c2ec9635b7aa99441a7c8d2cf6?s=96&d=mm&r=g","caption":"la r\u00e9daction"},"url":"https:\/\/vosgesinfo.fr\/saintdieinfo\/author\/redac\/"}]}},"_links":{"self":[{"href":"https:\/\/vosgesinfo.fr\/saintdieinfo\/wp-json\/wp\/v2\/posts\/63440","targetHints":{"allow":["GET"]}}],"collection":[{"href":"https:\/\/vosgesinfo.fr\/saintdieinfo\/wp-json\/wp\/v2\/posts"}],"about":[{"href":"https:\/\/vosgesinfo.fr\/saintdieinfo\/wp-json\/wp\/v2\/types\/post"}],"author":[{"embeddable":true,"href":"https:\/\/vosgesinfo.fr\/saintdieinfo\/wp-json\/wp\/v2\/users\/44"}],"replies":[{"embeddable":true,"href":"https:\/\/vosgesinfo.fr\/saintdieinfo\/wp-json\/wp\/v2\/comments?post=63440"}],"version-history":[{"count":0,"href":"https:\/\/vosgesinfo.fr\/saintdieinfo\/wp-json\/wp\/v2\/posts\/63440\/revisions"}],"wp:featuredmedia":[{"embeddable":true,"href":"https:\/\/vosgesinfo.fr\/saintdieinfo\/wp-json\/wp\/v2\/media\/63441"}],"wp:attachment":[{"href":"https:\/\/vosgesinfo.fr\/saintdieinfo\/wp-json\/wp\/v2\/media?parent=63440"}],"wp:term":[{"taxonomy":"category","embeddable":true,"href":"https:\/\/vosgesinfo.fr\/saintdieinfo\/wp-json\/wp\/v2\/categories?post=63440"},{"taxonomy":"post_tag","embeddable":true,"href":"https:\/\/vosgesinfo.fr\/saintdieinfo\/wp-json\/wp\/v2\/tags?post=63440"}],"curies":[{"name":"wp","href":"https:\/\/api.w.org\/{rel}","templated":true}]}}