{"id":63444,"date":"2023-03-24T08:04:04","date_gmt":"2023-03-24T07:04:04","guid":{"rendered":"https:\/\/vosgesinfo.fr\/saintdieinfo\/2023\/03\/prefete-vosges-condamne-violences-degradations-commises-lors-de-manifestation-23-mars\/"},"modified":"2023-03-24T08:04:04","modified_gmt":"2023-03-24T07:04:04","slug":"prefete-vosges-condamne-violences-degradations-commises-lors-de-manifestation-23-mars","status":"publish","type":"post","link":"https:\/\/vosgesinfo.fr\/saintdieinfo\/2023\/03\/prefete-vosges-condamne-violences-degradations-commises-lors-de-manifestation-23-mars\/","title":{"rendered":"La pr\u00e9f\u00e8te des Vosges condamne les violences et les d\u00e9gradations commises lors de la manifestation du 23 mars"},"content":{"rendered":"<p><a href=\"\/2022\/12\/pr\u00e9f\u00e8te-2-800x600.jpg\" target=\"_blank\" rel=\"noopener\"><img decoding=\"async\" class=\"aligncenter wp-image-194359 size-full\" src=\"\/2022\/12\/pr\u00e9f\u00e8te-2-800x600.jpg\" alt=\"pr\u00e9f\u00e8te-2-800x600\" width=\"468\" height=\"589\" \/><\/a><\/p>\n<h2><strong><span style=\"font-size: 14pt;\"><span dir=\"ltr\">La pr\u00e9f\u00e8te condamne les actions violentes et les d\u00e9gradations commises par une<\/span><span dir=\"ltr\"> petite minorit\u00e9 d\u2019individus lors de la journ\u00e9e nationale d\u2019action contre la r\u00e9forme des<\/span><span dir=\"ltr\"> retraites du 23 mars.<\/span><\/span><\/strong><\/h2>\n<p><!--more--><\/p>\n<p><span dir=\"ltr\">La<\/span> <span dir=\"ltr\">manifestation<\/span> <span dir=\"ltr\">intersyndicale<\/span> <span dir=\"ltr\">s\u2019est<\/span> <span dir=\"ltr\">d\u00e9roul\u00e9e<\/span> <span dir=\"ltr\">dans<\/span> <span dir=\"ltr\">les<\/span> <span dir=\"ltr\">conditions<\/span> <span dir=\"ltr\">de<\/span> <span dir=\"ltr\">droit<\/span><span dir=\"ltr\"> conformes \u00e0 la R\u00e9publique.<\/span><span dir=\"ltr\"> Les interventions des forces de s\u00e9curit\u00e9 int\u00e9rieure face \u00e0 une minorit\u00e9 violente ont<\/span><span dir=\"ltr\"> conduit \u00e0 quatre interpellations dans la soir\u00e9e.<\/span><span dir=\"ltr\"> La pr\u00e9f\u00e8te salue l&rsquo;engagement des forces de s\u00e9curit\u00e9 pour prot\u00e9ger les citoyens et<\/span><span dir=\"ltr\"> faire face aux casseurs. Elle condamne les violences inacceptables commises \u00e0<\/span><span dir=\"ltr\"> l&rsquo;encontre<\/span> <span dir=\"ltr\">des<\/span> <span dir=\"ltr\">forces<\/span> <span dir=\"ltr\">de<\/span> <span dir=\"ltr\">l&rsquo;ordre<\/span> <span dir=\"ltr\">et<\/span> <span dir=\"ltr\">rappelle<\/span> <span dir=\"ltr\">que<\/span> <span dir=\"ltr\">les<\/span> <span dir=\"ltr\">insultes,<\/span> <span dir=\"ltr\">les<\/span> <span dir=\"ltr\">menaces<\/span> <span dir=\"ltr\">et<\/span><span dir=\"ltr\"> intimidations n&rsquo;ont pas leur place dans la R\u00e9publique fran\u00e7aise.<\/span><\/p>\n","protected":false},"excerpt":{"rendered":"<p>La pr\u00e9f\u00e8te condamne les actions violentes et les d\u00e9gradations commises par une petite minorit\u00e9 d\u2019individus lors de la journ\u00e9e nationale [&hellip;]<\/p>\n","protected":false},"author":44,"featured_media":63445,"comment_status":"open","ping_status":"open","sticky":false,"template":"","format":"standard","meta":{"footnotes":""},"categories":[460,18],"tags":[7538,14078,551,544],"class_list":["post-63444","post","type-post","status-publish","format-standard","has-post-thumbnail","hentry","category-a-la-une","category-vosges","tag-manifestation-contre-la-reforme-des-retraites","tag-manifestation-du-23-mars-2023","tag-prefete-des-vosges","tag-valerie-michel-moreaux"],"acf":[],"yoast_head":"<!-- This site is optimized with the Yoast SEO plugin v22.5 - https:\/\/yoast.com\/wordpress\/plugins\/seo\/ -->\n<title>La pr\u00e9f\u00e8te des Vosges condamne les violences et les d\u00e9gradations commises lors de la manifestation du 23 mars - Saint Die Info<\/title>\n<meta name=\"robots\" content=\"index, follow, max-snippet:-1, max-image-preview:large, max-video-preview:-1\" \/>\n<link rel=\"canonical\" href=\"https:\/\/vosgesinfo.fr\/saintdieinfo\/2023\/03\/prefete-vosges-condamne-violences-degradations-commises-lors-de-manifestation-23-mars\/\" \/>\n<meta name=\"twitter:card\" content=\"summary_large_image\" \/>\n<meta name=\"twitter:title\" content=\"La pr\u00e9f\u00e8te des Vosges condamne les violences et les d\u00e9gradations commises lors de la manifestation du 23 mars - Saint Die Info\" \/>\n<meta name=\"twitter:description\" content=\"La pr\u00e9f\u00e8te condamne les actions violentes et les d\u00e9gradations commises par une petite minorit\u00e9 d\u2019individus lors de la journ\u00e9e nationale [&hellip;]\" \/>\n<meta name=\"twitter:image\" content=\"https:\/\/vosgesinfo.fr\/app\/uploads\/sites\/4\/2024\/08\/202212prefete-2-800x600-2.jpg\" \/>\n<meta name=\"twitter:creator\" content=\"@VosgesInfo88\" \/>\n<meta name=\"twitter:site\" content=\"@VosgesInfo88\" \/>\n<meta name=\"twitter:label1\" content=\"\u00c9crit par\" \/>\n\t<meta name=\"twitter:data1\" content=\"la r\u00e9daction\" \/>\n\t<meta name=\"twitter:label2\" content=\"Dur\u00e9e de lecture estim\u00e9e\" \/>\n\t<meta name=\"twitter:data2\" content=\"1 minute\" \/>\n<script type=\"application\/ld+json\" class=\"yoast-schema-graph\">{\"@context\":\"https:\/\/schema.org\",\"@graph\":[{\"@type\":\"Article\",\"@id\":\"https:\/\/vosgesinfo.fr\/saintdieinfo\/2023\/03\/prefete-vosges-condamne-violences-degradations-commises-lors-de-manifestation-23-mars\/#article\",\"isPartOf\":{\"@id\":\"https:\/\/vosgesinfo.fr\/saintdieinfo\/2023\/03\/prefete-vosges-condamne-violences-degradations-commises-lors-de-manifestation-23-mars\/\"},\"author\":{\"name\":\"la r\u00e9daction\",\"@id\":\"https:\/\/vosgesinfo.fr\/saintdieinfo\/#\/schema\/person\/faee6704a21f3977511db84bd1cd450f\"},\"headline\":\"La pr\u00e9f\u00e8te des Vosges condamne les violences et les d\u00e9gradations commises lors de la manifestation du 23 mars\",\"datePublished\":\"2023-03-24T07:04:04+00:00\",\"dateModified\":\"2023-03-24T07:04:04+00:00\",\"mainEntityOfPage\":{\"@id\":\"https:\/\/vosgesinfo.fr\/saintdieinfo\/2023\/03\/prefete-vosges-condamne-violences-degradations-commises-lors-de-manifestation-23-mars\/\"},\"wordCount\":148,\"commentCount\":0,\"publisher\":{\"@id\":\"https:\/\/vosgesinfo.fr\/saintdieinfo\/#organization\"},\"image\":{\"@id\":\"https:\/\/vosgesinfo.fr\/saintdieinfo\/2023\/03\/prefete-vosges-condamne-violences-degradations-commises-lors-de-manifestation-23-mars\/#primaryimage\"},\"thumbnailUrl\":\"https:\/\/vosgesinfo.fr\/app\/uploads\/sites\/4\/2024\/08\/202212prefete-2-800x600-2.jpg\",\"keywords\":[\"Manifestation contre la r\u00e9forme des retraites\",\"Manifestation du 23 mars 2023\",\"Pr\u00e9f\u00e8te des Vosges\",\"Val\u00e9rie Michel-Moreaux\"],\"articleSection\":[\"A la Une\",\"Vosges\"],\"inLanguage\":\"fr-FR\",\"potentialAction\":[{\"@type\":\"CommentAction\",\"name\":\"Comment\",\"target\":[\"https:\/\/vosgesinfo.fr\/saintdieinfo\/2023\/03\/prefete-vosges-condamne-violences-degradations-commises-lors-de-manifestation-23-mars\/#respond\"]}]},{\"@type\":\"WebPage\",\"@id\":\"https:\/\/vosgesinfo.fr\/saintdieinfo\/2023\/03\/prefete-vosges-condamne-violences-degradations-commises-lors-de-manifestation-23-mars\/\",\"url\":\"https:\/\/vosgesinfo.fr\/saintdieinfo\/2023\/03\/prefete-vosges-condamne-violences-degradations-commises-lors-de-manifestation-23-mars\/\",\"name\":\"La pr\u00e9f\u00e8te des Vosges condamne les violences et les d\u00e9gradations commises lors de la manifestation du 23 mars - Saint Die Info\",\"isPartOf\":{\"@id\":\"https:\/\/vosgesinfo.fr\/saintdieinfo\/#website\"},\"primaryImageOfPage\":{\"@id\":\"https:\/\/vosgesinfo.fr\/saintdieinfo\/2023\/03\/prefete-vosges-condamne-violences-degradations-commises-lors-de-manifestation-23-mars\/#primaryimage\"},\"image\":{\"@id\":\"https:\/\/vosgesinfo.fr\/saintdieinfo\/2023\/03\/prefete-vosges-condamne-violences-degradations-commises-lors-de-manifestation-23-mars\/#primaryimage\"},\"thumbnailUrl\":\"https:\/\/vosgesinfo.fr\/app\/uploads\/sites\/4\/2024\/08\/202212prefete-2-800x600-2.jpg\",\"datePublished\":\"2023-03-24T07:04:04+00:00\",\"dateModified\":\"2023-03-24T07:04:04+00:00\",\"breadcrumb\":{\"@id\":\"https:\/\/vosgesinfo.fr\/saintdieinfo\/2023\/03\/prefete-vosges-condamne-violences-degradations-commises-lors-de-manifestation-23-mars\/#breadcrumb\"},\"inLanguage\":\"fr-FR\",\"potentialAction\":[{\"@type\":\"ReadAction\",\"target\":[\"https:\/\/vosgesinfo.fr\/saintdieinfo\/2023\/03\/prefete-vosges-condamne-violences-degradations-commises-lors-de-manifestation-23-mars\/\"]}]},{\"@type\":\"ImageObject\",\"inLanguage\":\"fr-FR\",\"@id\":\"https:\/\/vosgesinfo.fr\/saintdieinfo\/2023\/03\/prefete-vosges-condamne-violences-degradations-commises-lors-de-manifestation-23-mars\/#primaryimage\",\"url\":\"https:\/\/vosgesinfo.fr\/app\/uploads\/sites\/4\/2024\/08\/202212prefete-2-800x600-2.jpg\",\"contentUrl\":\"https:\/\/vosgesinfo.fr\/app\/uploads\/sites\/4\/2024\/08\/202212prefete-2-800x600-2.jpg\",\"width\":468,\"height\":589},{\"@type\":\"BreadcrumbList\",\"@id\":\"https:\/\/vosgesinfo.fr\/saintdieinfo\/2023\/03\/prefete-vosges-condamne-violences-degradations-commises-lors-de-manifestation-23-mars\/#breadcrumb\",\"itemListElement\":[{\"@type\":\"ListItem\",\"position\":1,\"name\":\"Home\",\"item\":\"https:\/\/vosgesinfo.fr\/saintdieinfo\/\"},{\"@type\":\"ListItem\",\"position\":2,\"name\":\"La pr\u00e9f\u00e8te des Vosges condamne les violences et les d\u00e9gradations commises lors de la manifestation du 23 mars\"}]},{\"@type\":\"WebSite\",\"@id\":\"https:\/\/vosgesinfo.fr\/saintdieinfo\/#website\",\"url\":\"https:\/\/vosgesinfo.fr\/saintdieinfo\/\",\"name\":\"Saint Die Info\",\"description\":\"Toute l&#039;actualit\u00e9 de Saint-Di\u00e9-Des-Vosges\",\"publisher\":{\"@id\":\"https:\/\/vosgesinfo.fr\/saintdieinfo\/#organization\"},\"alternateName\":\"Toute l'actualit\u00e9 de Saint-Di\u00e9-Des-Vosges\",\"potentialAction\":[{\"@type\":\"SearchAction\",\"target\":{\"@type\":\"EntryPoint\",\"urlTemplate\":\"https:\/\/vosgesinfo.fr\/saintdieinfo\/?s={search_term_string}\"},\"query-input\":\"required name=search_term_string\"}],\"inLanguage\":\"fr-FR\"},{\"@type\":\"Organization\",\"@id\":\"https:\/\/vosgesinfo.fr\/saintdieinfo\/#organization\",\"name\":\"Saint Die Info\",\"url\":\"https:\/\/vosgesinfo.fr\/saintdieinfo\/\",\"logo\":{\"@type\":\"ImageObject\",\"inLanguage\":\"fr-FR\",\"@id\":\"https:\/\/vosgesinfo.fr\/saintdieinfo\/#\/schema\/logo\/image\/\",\"url\":\"https:\/\/vosgesinfo.fr\/app\/uploads\/sites\/4\/2024\/02\/logo-sdi.jpg\",\"contentUrl\":\"https:\/\/vosgesinfo.fr\/app\/uploads\/sites\/4\/2024\/02\/logo-sdi.jpg\",\"width\":600,\"height\":600,\"caption\":\"Saint Die Info\"},\"image\":{\"@id\":\"https:\/\/vosgesinfo.fr\/saintdieinfo\/#\/schema\/logo\/image\/\"},\"sameAs\":[\"https:\/\/www.facebook.com\/Saintdieinfofr\",\"https:\/\/x.com\/VosgesInfo88\",\"https:\/\/www.youtube.com\/@vosgesinfo\"]},{\"@type\":\"Person\",\"@id\":\"https:\/\/vosgesinfo.fr\/saintdieinfo\/#\/schema\/person\/faee6704a21f3977511db84bd1cd450f\",\"name\":\"la r\u00e9daction\",\"image\":{\"@type\":\"ImageObject\",\"inLanguage\":\"fr-FR\",\"@id\":\"https:\/\/vosgesinfo.fr\/saintdieinfo\/#\/schema\/person\/image\/\",\"url\":\"https:\/\/secure.gravatar.com\/avatar\/6673d8bc6a9c17fa9a453eaa3448de834fa308c2ec9635b7aa99441a7c8d2cf6?s=96&d=mm&r=g\",\"contentUrl\":\"https:\/\/secure.gravatar.com\/avatar\/6673d8bc6a9c17fa9a453eaa3448de834fa308c2ec9635b7aa99441a7c8d2cf6?s=96&d=mm&r=g\",\"caption\":\"la r\u00e9daction\"},\"url\":\"https:\/\/vosgesinfo.fr\/saintdieinfo\/author\/redac\/\"}]}<\/script>\n<!-- \/ Yoast SEO plugin. -->","yoast_head_json":{"title":"La pr\u00e9f\u00e8te des Vosges condamne les violences et les d\u00e9gradations commises lors de la manifestation du 23 mars - Saint Die Info","robots":{"index":"index","follow":"follow","max-snippet":"max-snippet:-1","max-image-preview":"max-image-preview:large","max-video-preview":"max-video-preview:-1"},"canonical":"https:\/\/vosgesinfo.fr\/saintdieinfo\/2023\/03\/prefete-vosges-condamne-violences-degradations-commises-lors-de-manifestation-23-mars\/","twitter_card":"summary_large_image","twitter_title":"La pr\u00e9f\u00e8te des Vosges condamne les violences et les d\u00e9gradations commises lors de la manifestation du 23 mars - Saint Die Info","twitter_description":"La pr\u00e9f\u00e8te condamne les actions violentes et les d\u00e9gradations commises par une petite minorit\u00e9 d\u2019individus lors de la journ\u00e9e nationale [&hellip;]","twitter_image":"https:\/\/vosgesinfo.fr\/app\/uploads\/sites\/4\/2024\/08\/202212prefete-2-800x600-2.jpg","twitter_creator":"@VosgesInfo88","twitter_site":"@VosgesInfo88","twitter_misc":{"\u00c9crit par":"la r\u00e9daction","Dur\u00e9e de lecture estim\u00e9e":"1 minute"},"schema":{"@context":"https:\/\/schema.org","@graph":[{"@type":"Article","@id":"https:\/\/vosgesinfo.fr\/saintdieinfo\/2023\/03\/prefete-vosges-condamne-violences-degradations-commises-lors-de-manifestation-23-mars\/#article","isPartOf":{"@id":"https:\/\/vosgesinfo.fr\/saintdieinfo\/2023\/03\/prefete-vosges-condamne-violences-degradations-commises-lors-de-manifestation-23-mars\/"},"author":{"name":"la r\u00e9daction","@id":"https:\/\/vosgesinfo.fr\/saintdieinfo\/#\/schema\/person\/faee6704a21f3977511db84bd1cd450f"},"headline":"La pr\u00e9f\u00e8te des Vosges condamne les violences et les d\u00e9gradations commises lors de la manifestation du 23 mars","datePublished":"2023-03-24T07:04:04+00:00","dateModified":"2023-03-24T07:04:04+00:00","mainEntityOfPage":{"@id":"https:\/\/vosgesinfo.fr\/saintdieinfo\/2023\/03\/prefete-vosges-condamne-violences-degradations-commises-lors-de-manifestation-23-mars\/"},"wordCount":148,"commentCount":0,"publisher":{"@id":"https:\/\/vosgesinfo.fr\/saintdieinfo\/#organization"},"image":{"@id":"https:\/\/vosgesinfo.fr\/saintdieinfo\/2023\/03\/prefete-vosges-condamne-violences-degradations-commises-lors-de-manifestation-23-mars\/#primaryimage"},"thumbnailUrl":"https:\/\/vosgesinfo.fr\/app\/uploads\/sites\/4\/2024\/08\/202212prefete-2-800x600-2.jpg","keywords":["Manifestation contre la r\u00e9forme des retraites","Manifestation du 23 mars 2023","Pr\u00e9f\u00e8te des Vosges","Val\u00e9rie Michel-Moreaux"],"articleSection":["A la Une","Vosges"],"inLanguage":"fr-FR","potentialAction":[{"@type":"CommentAction","name":"Comment","target":["https:\/\/vosgesinfo.fr\/saintdieinfo\/2023\/03\/prefete-vosges-condamne-violences-degradations-commises-lors-de-manifestation-23-mars\/#respond"]}]},{"@type":"WebPage","@id":"https:\/\/vosgesinfo.fr\/saintdieinfo\/2023\/03\/prefete-vosges-condamne-violences-degradations-commises-lors-de-manifestation-23-mars\/","url":"https:\/\/vosgesinfo.fr\/saintdieinfo\/2023\/03\/prefete-vosges-condamne-violences-degradations-commises-lors-de-manifestation-23-mars\/","name":"La pr\u00e9f\u00e8te des Vosges condamne les violences et les d\u00e9gradations commises lors de la manifestation du 23 mars - Saint Die Info","isPartOf":{"@id":"https:\/\/vosgesinfo.fr\/saintdieinfo\/#website"},"primaryImageOfPage":{"@id":"https:\/\/vosgesinfo.fr\/saintdieinfo\/2023\/03\/prefete-vosges-condamne-violences-degradations-commises-lors-de-manifestation-23-mars\/#primaryimage"},"image":{"@id":"https:\/\/vosgesinfo.fr\/saintdieinfo\/2023\/03\/prefete-vosges-condamne-violences-degradations-commises-lors-de-manifestation-23-mars\/#primaryimage"},"thumbnailUrl":"https:\/\/vosgesinfo.fr\/app\/uploads\/sites\/4\/2024\/08\/202212prefete-2-800x600-2.jpg","datePublished":"2023-03-24T07:04:04+00:00","dateModified":"2023-03-24T07:04:04+00:00","breadcrumb":{"@id":"https:\/\/vosgesinfo.fr\/saintdieinfo\/2023\/03\/prefete-vosges-condamne-violences-degradations-commises-lors-de-manifestation-23-mars\/#breadcrumb"},"inLanguage":"fr-FR","potentialAction":[{"@type":"ReadAction","target":["https:\/\/vosgesinfo.fr\/saintdieinfo\/2023\/03\/prefete-vosges-condamne-violences-degradations-commises-lors-de-manifestation-23-mars\/"]}]},{"@type":"ImageObject","inLanguage":"fr-FR","@id":"https:\/\/vosgesinfo.fr\/saintdieinfo\/2023\/03\/prefete-vosges-condamne-violences-degradations-commises-lors-de-manifestation-23-mars\/#primaryimage","url":"https:\/\/vosgesinfo.fr\/app\/uploads\/sites\/4\/2024\/08\/202212prefete-2-800x600-2.jpg","contentUrl":"https:\/\/vosgesinfo.fr\/app\/uploads\/sites\/4\/2024\/08\/202212prefete-2-800x600-2.jpg","width":468,"height":589},{"@type":"BreadcrumbList","@id":"https:\/\/vosgesinfo.fr\/saintdieinfo\/2023\/03\/prefete-vosges-condamne-violences-degradations-commises-lors-de-manifestation-23-mars\/#breadcrumb","itemListElement":[{"@type":"ListItem","position":1,"name":"Home","item":"https:\/\/vosgesinfo.fr\/saintdieinfo\/"},{"@type":"ListItem","position":2,"name":"La pr\u00e9f\u00e8te des Vosges condamne les violences et les d\u00e9gradations commises lors de la manifestation du 23 mars"}]},{"@type":"WebSite","@id":"https:\/\/vosgesinfo.fr\/saintdieinfo\/#website","url":"https:\/\/vosgesinfo.fr\/saintdieinfo\/","name":"Saint Die Info","description":"Toute l&#039;actualit\u00e9 de Saint-Di\u00e9-Des-Vosges","publisher":{"@id":"https:\/\/vosgesinfo.fr\/saintdieinfo\/#organization"},"alternateName":"Toute l'actualit\u00e9 de Saint-Di\u00e9-Des-Vosges","potentialAction":[{"@type":"SearchAction","target":{"@type":"EntryPoint","urlTemplate":"https:\/\/vosgesinfo.fr\/saintdieinfo\/?s={search_term_string}"},"query-input":"required name=search_term_string"}],"inLanguage":"fr-FR"},{"@type":"Organization","@id":"https:\/\/vosgesinfo.fr\/saintdieinfo\/#organization","name":"Saint Die Info","url":"https:\/\/vosgesinfo.fr\/saintdieinfo\/","logo":{"@type":"ImageObject","inLanguage":"fr-FR","@id":"https:\/\/vosgesinfo.fr\/saintdieinfo\/#\/schema\/logo\/image\/","url":"https:\/\/vosgesinfo.fr\/app\/uploads\/sites\/4\/2024\/02\/logo-sdi.jpg","contentUrl":"https:\/\/vosgesinfo.fr\/app\/uploads\/sites\/4\/2024\/02\/logo-sdi.jpg","width":600,"height":600,"caption":"Saint Die Info"},"image":{"@id":"https:\/\/vosgesinfo.fr\/saintdieinfo\/#\/schema\/logo\/image\/"},"sameAs":["https:\/\/www.facebook.com\/Saintdieinfofr","https:\/\/x.com\/VosgesInfo88","https:\/\/www.youtube.com\/@vosgesinfo"]},{"@type":"Person","@id":"https:\/\/vosgesinfo.fr\/saintdieinfo\/#\/schema\/person\/faee6704a21f3977511db84bd1cd450f","name":"la r\u00e9daction","image":{"@type":"ImageObject","inLanguage":"fr-FR","@id":"https:\/\/vosgesinfo.fr\/saintdieinfo\/#\/schema\/person\/image\/","url":"https:\/\/secure.gravatar.com\/avatar\/6673d8bc6a9c17fa9a453eaa3448de834fa308c2ec9635b7aa99441a7c8d2cf6?s=96&d=mm&r=g","contentUrl":"https:\/\/secure.gravatar.com\/avatar\/6673d8bc6a9c17fa9a453eaa3448de834fa308c2ec9635b7aa99441a7c8d2cf6?s=96&d=mm&r=g","caption":"la r\u00e9daction"},"url":"https:\/\/vosgesinfo.fr\/saintdieinfo\/author\/redac\/"}]}},"_links":{"self":[{"href":"https:\/\/vosgesinfo.fr\/saintdieinfo\/wp-json\/wp\/v2\/posts\/63444","targetHints":{"allow":["GET"]}}],"collection":[{"href":"https:\/\/vosgesinfo.fr\/saintdieinfo\/wp-json\/wp\/v2\/posts"}],"about":[{"href":"https:\/\/vosgesinfo.fr\/saintdieinfo\/wp-json\/wp\/v2\/types\/post"}],"author":[{"embeddable":true,"href":"https:\/\/vosgesinfo.fr\/saintdieinfo\/wp-json\/wp\/v2\/users\/44"}],"replies":[{"embeddable":true,"href":"https:\/\/vosgesinfo.fr\/saintdieinfo\/wp-json\/wp\/v2\/comments?post=63444"}],"version-history":[{"count":0,"href":"https:\/\/vosgesinfo.fr\/saintdieinfo\/wp-json\/wp\/v2\/posts\/63444\/revisions"}],"wp:featuredmedia":[{"embeddable":true,"href":"https:\/\/vosgesinfo.fr\/saintdieinfo\/wp-json\/wp\/v2\/media\/63445"}],"wp:attachment":[{"href":"https:\/\/vosgesinfo.fr\/saintdieinfo\/wp-json\/wp\/v2\/media?parent=63444"}],"wp:term":[{"taxonomy":"category","embeddable":true,"href":"https:\/\/vosgesinfo.fr\/saintdieinfo\/wp-json\/wp\/v2\/categories?post=63444"},{"taxonomy":"post_tag","embeddable":true,"href":"https:\/\/vosgesinfo.fr\/saintdieinfo\/wp-json\/wp\/v2\/tags?post=63444"}],"curies":[{"name":"wp","href":"https:\/\/api.w.org\/{rel}","templated":true}]}}