{"id":63735,"date":"2023-04-03T07:52:21","date_gmt":"2023-04-03T05:52:21","guid":{"rendered":"https:\/\/vosgesinfo.fr\/saintdieinfo\/2023\/04\/saint-die-vosges-sest-bouge-lautisme\/"},"modified":"2023-04-03T07:52:21","modified_gmt":"2023-04-03T05:52:21","slug":"saint-die-vosges-sest-bouge-lautisme","status":"publish","type":"post","link":"https:\/\/vosgesinfo.fr\/saintdieinfo\/2023\/04\/saint-die-vosges-sest-bouge-lautisme\/","title":{"rendered":"Saint-Di\u00e9-des-Vosges s&rsquo;est boug\u00e9 pour l&rsquo;autisme"},"content":{"rendered":"<div id=\"attachment_199413\" style=\"width: 970px\" class=\"wp-caption aligncenter\"><a href=\"\/2023\/04\/Bouge_en_Bleu_Autisme-2.jpg\" target=\"_blank\" rel=\"noopener\"><img decoding=\"async\" aria-describedby=\"caption-attachment-199413\" class=\"wp-image-199413 size-large\" src=\"\/2023\/04\/Bouge_en_Bleu_Autisme-2-1024x683.jpg\" alt=\"Bouge_en_Bleu_Autisme (2)\" width=\"960\" height=\"640\" \/><\/a><p id=\"caption-attachment-199413\" class=\"wp-caption-text\">(Photographies Marc Fourniquet)<\/p><\/div>\n<h2><strong><span style=\"font-size: 14pt;\">Octobre Rose, T\u00e9l\u00e9thon, Journ\u00e9e des droits des femmes, aide \u00e0 l&rsquo;Ukraine&#8230; Saint-Di\u00e9-des-Vosges se mobilise pour de nombreuses causes tout au long de l&rsquo;ann\u00e9e. Depuis l&rsquo;ann\u00e9e derni\u00e8re, la D\u00e9odatienne M\u00e9lanie Richard a insuffl\u00e9 un nouvel \u00e9lan de solidarit\u00e9 avec \u00ab\u00a0Bouge en bleu pour l&rsquo;autisme\u00a0\u00bb.<\/span><\/strong><\/h2>\n<p><!--more--><\/p>\n<p>\u00ab\u00a0Bouge en bleu pour l&rsquo;autisme\u00a0\u00bb, c&rsquo;est une journ\u00e9e conviviale riche en animations avec comme fil rouge une sensibilisation \u00e0 l&rsquo;autisme, et plus globalement \u00e0 la diff\u00e9rence. Suite au succ\u00e8s rencontr\u00e9 l&rsquo;an dernier, avec un beau ch\u00e8que remis \u00e0 Soleil Autisme (<a href=\"https:\/\/saintdieinfo.fr\/2022\/04\/bouge-bleu-lautisme-plus-de-1500-euros-recoltes-profit-de-soleil-autisme\/\" target=\"_blank\" rel=\"noopener\">lire notre article<\/a>), une deuxi\u00e8me \u00e9dition s&rsquo;est d\u00e9roul\u00e9e ce dimanche du c\u00f4t\u00e9 de l&rsquo;Espace Fran\u00e7ois-Mitterrand. D\u00e9monstrations, stands, marche, spectacle de danse, concert, loterie, petit-d\u00e9jeuner de la diff\u00e9rence, pass multi-activit\u00e9s&#8230; M\u00e9l&rsquo;Fitness&amp;Danse, atelier Willy, club canin d\u00e9odatien, majorettes les Am\u00e9ricaines, Santiags de l&rsquo;Est, Rapi\u00e8re D\u00e9odatienne, Yza et ses interpr\u00e9tations du r\u00e9pertoire de Piaf&#8230; les animations propos\u00e9es et les partenaires f\u00e9d\u00e9r\u00e9s autour de cette journ\u00e9e solidaire \u00e9taient multiples, avec un objectif commun\u00a0: r\u00e9colter le plus d&rsquo;argent possible au profit des associations Soleil Autisme et Lorraine Asperger. Est-ce que cette seconde journ\u00e9e \u00ab\u00a0Bouge en bleu pour l&rsquo;autisme\u00a0\u00bb a fait mieux que l&rsquo;an dernier\u00a0? Verdict tr\u00e8s prochainement\u00a0!<\/p>\n<p>J.J.<\/p>\n\n","protected":false},"excerpt":{"rendered":"<p>Octobre Rose, T\u00e9l\u00e9thon, Journ\u00e9e des droits des femmes, aide \u00e0 l&rsquo;Ukraine&#8230; Saint-Di\u00e9-des-Vosges se mobilise pour de nombreuses causes tout au [&hellip;]<\/p>\n","protected":false},"author":44,"featured_media":32235,"comment_status":"open","ping_status":"open","sticky":false,"template":"","format":"standard","meta":{"footnotes":""},"categories":[460,2915,29],"tags":[13772,3941,3089,14139,2865,10665],"class_list":["post-63735","post","type-post","status-publish","format-standard","has-post-thumbnail","hentry","category-a-la-une","category-saint-die-son-canton","category-solidarite","tag-asperger-lorraine","tag-bouge-en-bleu-pour-lautisme","tag-espace-francois-mitterrand","tag-melfitnessdanse","tag-melanie-richard","tag-soleil-autisme"],"acf":[],"yoast_head":"<!-- This site is optimized with the Yoast SEO plugin v22.5 - https:\/\/yoast.com\/wordpress\/plugins\/seo\/ -->\n<title>Saint-Di\u00e9-des-Vosges s&#039;est boug\u00e9 pour l&#039;autisme - Saint Die Info<\/title>\n<meta name=\"robots\" content=\"index, follow, max-snippet:-1, max-image-preview:large, max-video-preview:-1\" \/>\n<link rel=\"canonical\" href=\"https:\/\/vosgesinfo.fr\/saintdieinfo\/2023\/04\/saint-die-vosges-sest-bouge-lautisme\/\" \/>\n<meta name=\"twitter:card\" content=\"summary_large_image\" \/>\n<meta name=\"twitter:title\" content=\"Saint-Di\u00e9-des-Vosges s&#039;est boug\u00e9 pour l&#039;autisme - Saint Die Info\" \/>\n<meta name=\"twitter:description\" content=\"Octobre Rose, T\u00e9l\u00e9thon, Journ\u00e9e des droits des femmes, aide \u00e0 l&rsquo;Ukraine&#8230; Saint-Di\u00e9-des-Vosges se mobilise pour de nombreuses causes tout au [&hellip;]\" \/>\n<meta name=\"twitter:image\" content=\"https:\/\/vosgesinfo.fr\/app\/uploads\/sites\/4\/2024\/04\/bouge-en-bleu-autisme-2.jpg\" \/>\n<meta name=\"twitter:creator\" content=\"@VosgesInfo88\" \/>\n<meta name=\"twitter:site\" content=\"@VosgesInfo88\" \/>\n<meta name=\"twitter:label1\" content=\"\u00c9crit par\" \/>\n\t<meta name=\"twitter:data1\" content=\"la r\u00e9daction\" \/>\n\t<meta name=\"twitter:label2\" content=\"Dur\u00e9e de lecture estim\u00e9e\" \/>\n\t<meta name=\"twitter:data2\" content=\"1 minute\" \/>\n<script type=\"application\/ld+json\" class=\"yoast-schema-graph\">{\"@context\":\"https:\/\/schema.org\",\"@graph\":[{\"@type\":\"Article\",\"@id\":\"https:\/\/vosgesinfo.fr\/saintdieinfo\/2023\/04\/saint-die-vosges-sest-bouge-lautisme\/#article\",\"isPartOf\":{\"@id\":\"https:\/\/vosgesinfo.fr\/saintdieinfo\/2023\/04\/saint-die-vosges-sest-bouge-lautisme\/\"},\"author\":{\"name\":\"la r\u00e9daction\",\"@id\":\"https:\/\/vosgesinfo.fr\/saintdieinfo\/#\/schema\/person\/faee6704a21f3977511db84bd1cd450f\"},\"headline\":\"Saint-Di\u00e9-des-Vosges s&rsquo;est boug\u00e9 pour l&rsquo;autisme\",\"datePublished\":\"2023-04-03T05:52:21+00:00\",\"dateModified\":\"2023-04-03T05:52:21+00:00\",\"mainEntityOfPage\":{\"@id\":\"https:\/\/vosgesinfo.fr\/saintdieinfo\/2023\/04\/saint-die-vosges-sest-bouge-lautisme\/\"},\"wordCount\":261,\"commentCount\":0,\"publisher\":{\"@id\":\"https:\/\/vosgesinfo.fr\/saintdieinfo\/#organization\"},\"image\":{\"@id\":\"https:\/\/vosgesinfo.fr\/saintdieinfo\/2023\/04\/saint-die-vosges-sest-bouge-lautisme\/#primaryimage\"},\"thumbnailUrl\":\"https:\/\/vosgesinfo.fr\/app\/uploads\/sites\/4\/2024\/04\/bouge-en-bleu-autisme-2.jpg\",\"keywords\":[\"Asperger Lorraine\",\"Bouge en bleu pour l'autisme\",\"Espace Fran\u00e7ois-Mitterrand\",\"M\u00e9l'Fitness&amp;Danse\",\"M\u00e9lanie Richard\",\"soleil autisme\"],\"articleSection\":[\"A la Une\",\"Saint-Di\u00e9-des-Vosges et son Agglom\u00e9ration\",\"Solidarit\u00e9\"],\"inLanguage\":\"fr-FR\",\"potentialAction\":[{\"@type\":\"CommentAction\",\"name\":\"Comment\",\"target\":[\"https:\/\/vosgesinfo.fr\/saintdieinfo\/2023\/04\/saint-die-vosges-sest-bouge-lautisme\/#respond\"]}]},{\"@type\":\"WebPage\",\"@id\":\"https:\/\/vosgesinfo.fr\/saintdieinfo\/2023\/04\/saint-die-vosges-sest-bouge-lautisme\/\",\"url\":\"https:\/\/vosgesinfo.fr\/saintdieinfo\/2023\/04\/saint-die-vosges-sest-bouge-lautisme\/\",\"name\":\"Saint-Di\u00e9-des-Vosges s'est boug\u00e9 pour l'autisme - Saint Die Info\",\"isPartOf\":{\"@id\":\"https:\/\/vosgesinfo.fr\/saintdieinfo\/#website\"},\"primaryImageOfPage\":{\"@id\":\"https:\/\/vosgesinfo.fr\/saintdieinfo\/2023\/04\/saint-die-vosges-sest-bouge-lautisme\/#primaryimage\"},\"image\":{\"@id\":\"https:\/\/vosgesinfo.fr\/saintdieinfo\/2023\/04\/saint-die-vosges-sest-bouge-lautisme\/#primaryimage\"},\"thumbnailUrl\":\"https:\/\/vosgesinfo.fr\/app\/uploads\/sites\/4\/2024\/04\/bouge-en-bleu-autisme-2.jpg\",\"datePublished\":\"2023-04-03T05:52:21+00:00\",\"dateModified\":\"2023-04-03T05:52:21+00:00\",\"breadcrumb\":{\"@id\":\"https:\/\/vosgesinfo.fr\/saintdieinfo\/2023\/04\/saint-die-vosges-sest-bouge-lautisme\/#breadcrumb\"},\"inLanguage\":\"fr-FR\",\"potentialAction\":[{\"@type\":\"ReadAction\",\"target\":[\"https:\/\/vosgesinfo.fr\/saintdieinfo\/2023\/04\/saint-die-vosges-sest-bouge-lautisme\/\"]}]},{\"@type\":\"ImageObject\",\"inLanguage\":\"fr-FR\",\"@id\":\"https:\/\/vosgesinfo.fr\/saintdieinfo\/2023\/04\/saint-die-vosges-sest-bouge-lautisme\/#primaryimage\",\"url\":\"https:\/\/vosgesinfo.fr\/app\/uploads\/sites\/4\/2024\/04\/bouge-en-bleu-autisme-2.jpg\",\"contentUrl\":\"https:\/\/vosgesinfo.fr\/app\/uploads\/sites\/4\/2024\/04\/bouge-en-bleu-autisme-2.jpg\",\"width\":720,\"height\":1280},{\"@type\":\"BreadcrumbList\",\"@id\":\"https:\/\/vosgesinfo.fr\/saintdieinfo\/2023\/04\/saint-die-vosges-sest-bouge-lautisme\/#breadcrumb\",\"itemListElement\":[{\"@type\":\"ListItem\",\"position\":1,\"name\":\"Home\",\"item\":\"https:\/\/vosgesinfo.fr\/saintdieinfo\/\"},{\"@type\":\"ListItem\",\"position\":2,\"name\":\"Saint-Di\u00e9-des-Vosges s&rsquo;est boug\u00e9 pour l&rsquo;autisme\"}]},{\"@type\":\"WebSite\",\"@id\":\"https:\/\/vosgesinfo.fr\/saintdieinfo\/#website\",\"url\":\"https:\/\/vosgesinfo.fr\/saintdieinfo\/\",\"name\":\"Saint Die Info\",\"description\":\"Toute l&#039;actualit\u00e9 de Saint-Di\u00e9-Des-Vosges\",\"publisher\":{\"@id\":\"https:\/\/vosgesinfo.fr\/saintdieinfo\/#organization\"},\"alternateName\":\"Toute l'actualit\u00e9 de Saint-Di\u00e9-Des-Vosges\",\"potentialAction\":[{\"@type\":\"SearchAction\",\"target\":{\"@type\":\"EntryPoint\",\"urlTemplate\":\"https:\/\/vosgesinfo.fr\/saintdieinfo\/?s={search_term_string}\"},\"query-input\":\"required name=search_term_string\"}],\"inLanguage\":\"fr-FR\"},{\"@type\":\"Organization\",\"@id\":\"https:\/\/vosgesinfo.fr\/saintdieinfo\/#organization\",\"name\":\"Saint Die Info\",\"url\":\"https:\/\/vosgesinfo.fr\/saintdieinfo\/\",\"logo\":{\"@type\":\"ImageObject\",\"inLanguage\":\"fr-FR\",\"@id\":\"https:\/\/vosgesinfo.fr\/saintdieinfo\/#\/schema\/logo\/image\/\",\"url\":\"https:\/\/vosgesinfo.fr\/app\/uploads\/sites\/4\/2024\/02\/logo-sdi.jpg\",\"contentUrl\":\"https:\/\/vosgesinfo.fr\/app\/uploads\/sites\/4\/2024\/02\/logo-sdi.jpg\",\"width\":600,\"height\":600,\"caption\":\"Saint Die Info\"},\"image\":{\"@id\":\"https:\/\/vosgesinfo.fr\/saintdieinfo\/#\/schema\/logo\/image\/\"},\"sameAs\":[\"https:\/\/www.facebook.com\/Saintdieinfofr\",\"https:\/\/x.com\/VosgesInfo88\",\"https:\/\/www.youtube.com\/@vosgesinfo\"]},{\"@type\":\"Person\",\"@id\":\"https:\/\/vosgesinfo.fr\/saintdieinfo\/#\/schema\/person\/faee6704a21f3977511db84bd1cd450f\",\"name\":\"la r\u00e9daction\",\"image\":{\"@type\":\"ImageObject\",\"inLanguage\":\"fr-FR\",\"@id\":\"https:\/\/vosgesinfo.fr\/saintdieinfo\/#\/schema\/person\/image\/\",\"url\":\"https:\/\/secure.gravatar.com\/avatar\/6673d8bc6a9c17fa9a453eaa3448de834fa308c2ec9635b7aa99441a7c8d2cf6?s=96&d=mm&r=g\",\"contentUrl\":\"https:\/\/secure.gravatar.com\/avatar\/6673d8bc6a9c17fa9a453eaa3448de834fa308c2ec9635b7aa99441a7c8d2cf6?s=96&d=mm&r=g\",\"caption\":\"la r\u00e9daction\"},\"url\":\"https:\/\/vosgesinfo.fr\/saintdieinfo\/author\/redac\/\"}]}<\/script>\n<!-- \/ Yoast SEO plugin. -->","yoast_head_json":{"title":"Saint-Di\u00e9-des-Vosges s'est boug\u00e9 pour l'autisme - Saint Die Info","robots":{"index":"index","follow":"follow","max-snippet":"max-snippet:-1","max-image-preview":"max-image-preview:large","max-video-preview":"max-video-preview:-1"},"canonical":"https:\/\/vosgesinfo.fr\/saintdieinfo\/2023\/04\/saint-die-vosges-sest-bouge-lautisme\/","twitter_card":"summary_large_image","twitter_title":"Saint-Di\u00e9-des-Vosges s'est boug\u00e9 pour l'autisme - Saint Die Info","twitter_description":"Octobre Rose, T\u00e9l\u00e9thon, Journ\u00e9e des droits des femmes, aide \u00e0 l&rsquo;Ukraine&#8230; Saint-Di\u00e9-des-Vosges se mobilise pour de nombreuses causes tout au [&hellip;]","twitter_image":"https:\/\/vosgesinfo.fr\/app\/uploads\/sites\/4\/2024\/04\/bouge-en-bleu-autisme-2.jpg","twitter_creator":"@VosgesInfo88","twitter_site":"@VosgesInfo88","twitter_misc":{"\u00c9crit par":"la r\u00e9daction","Dur\u00e9e de lecture estim\u00e9e":"1 minute"},"schema":{"@context":"https:\/\/schema.org","@graph":[{"@type":"Article","@id":"https:\/\/vosgesinfo.fr\/saintdieinfo\/2023\/04\/saint-die-vosges-sest-bouge-lautisme\/#article","isPartOf":{"@id":"https:\/\/vosgesinfo.fr\/saintdieinfo\/2023\/04\/saint-die-vosges-sest-bouge-lautisme\/"},"author":{"name":"la r\u00e9daction","@id":"https:\/\/vosgesinfo.fr\/saintdieinfo\/#\/schema\/person\/faee6704a21f3977511db84bd1cd450f"},"headline":"Saint-Di\u00e9-des-Vosges s&rsquo;est boug\u00e9 pour l&rsquo;autisme","datePublished":"2023-04-03T05:52:21+00:00","dateModified":"2023-04-03T05:52:21+00:00","mainEntityOfPage":{"@id":"https:\/\/vosgesinfo.fr\/saintdieinfo\/2023\/04\/saint-die-vosges-sest-bouge-lautisme\/"},"wordCount":261,"commentCount":0,"publisher":{"@id":"https:\/\/vosgesinfo.fr\/saintdieinfo\/#organization"},"image":{"@id":"https:\/\/vosgesinfo.fr\/saintdieinfo\/2023\/04\/saint-die-vosges-sest-bouge-lautisme\/#primaryimage"},"thumbnailUrl":"https:\/\/vosgesinfo.fr\/app\/uploads\/sites\/4\/2024\/04\/bouge-en-bleu-autisme-2.jpg","keywords":["Asperger Lorraine","Bouge en bleu pour l'autisme","Espace Fran\u00e7ois-Mitterrand","M\u00e9l'Fitness&amp;Danse","M\u00e9lanie Richard","soleil autisme"],"articleSection":["A la Une","Saint-Di\u00e9-des-Vosges et son Agglom\u00e9ration","Solidarit\u00e9"],"inLanguage":"fr-FR","potentialAction":[{"@type":"CommentAction","name":"Comment","target":["https:\/\/vosgesinfo.fr\/saintdieinfo\/2023\/04\/saint-die-vosges-sest-bouge-lautisme\/#respond"]}]},{"@type":"WebPage","@id":"https:\/\/vosgesinfo.fr\/saintdieinfo\/2023\/04\/saint-die-vosges-sest-bouge-lautisme\/","url":"https:\/\/vosgesinfo.fr\/saintdieinfo\/2023\/04\/saint-die-vosges-sest-bouge-lautisme\/","name":"Saint-Di\u00e9-des-Vosges s'est boug\u00e9 pour l'autisme - Saint Die Info","isPartOf":{"@id":"https:\/\/vosgesinfo.fr\/saintdieinfo\/#website"},"primaryImageOfPage":{"@id":"https:\/\/vosgesinfo.fr\/saintdieinfo\/2023\/04\/saint-die-vosges-sest-bouge-lautisme\/#primaryimage"},"image":{"@id":"https:\/\/vosgesinfo.fr\/saintdieinfo\/2023\/04\/saint-die-vosges-sest-bouge-lautisme\/#primaryimage"},"thumbnailUrl":"https:\/\/vosgesinfo.fr\/app\/uploads\/sites\/4\/2024\/04\/bouge-en-bleu-autisme-2.jpg","datePublished":"2023-04-03T05:52:21+00:00","dateModified":"2023-04-03T05:52:21+00:00","breadcrumb":{"@id":"https:\/\/vosgesinfo.fr\/saintdieinfo\/2023\/04\/saint-die-vosges-sest-bouge-lautisme\/#breadcrumb"},"inLanguage":"fr-FR","potentialAction":[{"@type":"ReadAction","target":["https:\/\/vosgesinfo.fr\/saintdieinfo\/2023\/04\/saint-die-vosges-sest-bouge-lautisme\/"]}]},{"@type":"ImageObject","inLanguage":"fr-FR","@id":"https:\/\/vosgesinfo.fr\/saintdieinfo\/2023\/04\/saint-die-vosges-sest-bouge-lautisme\/#primaryimage","url":"https:\/\/vosgesinfo.fr\/app\/uploads\/sites\/4\/2024\/04\/bouge-en-bleu-autisme-2.jpg","contentUrl":"https:\/\/vosgesinfo.fr\/app\/uploads\/sites\/4\/2024\/04\/bouge-en-bleu-autisme-2.jpg","width":720,"height":1280},{"@type":"BreadcrumbList","@id":"https:\/\/vosgesinfo.fr\/saintdieinfo\/2023\/04\/saint-die-vosges-sest-bouge-lautisme\/#breadcrumb","itemListElement":[{"@type":"ListItem","position":1,"name":"Home","item":"https:\/\/vosgesinfo.fr\/saintdieinfo\/"},{"@type":"ListItem","position":2,"name":"Saint-Di\u00e9-des-Vosges s&rsquo;est boug\u00e9 pour l&rsquo;autisme"}]},{"@type":"WebSite","@id":"https:\/\/vosgesinfo.fr\/saintdieinfo\/#website","url":"https:\/\/vosgesinfo.fr\/saintdieinfo\/","name":"Saint Die Info","description":"Toute l&#039;actualit\u00e9 de Saint-Di\u00e9-Des-Vosges","publisher":{"@id":"https:\/\/vosgesinfo.fr\/saintdieinfo\/#organization"},"alternateName":"Toute l'actualit\u00e9 de Saint-Di\u00e9-Des-Vosges","potentialAction":[{"@type":"SearchAction","target":{"@type":"EntryPoint","urlTemplate":"https:\/\/vosgesinfo.fr\/saintdieinfo\/?s={search_term_string}"},"query-input":"required name=search_term_string"}],"inLanguage":"fr-FR"},{"@type":"Organization","@id":"https:\/\/vosgesinfo.fr\/saintdieinfo\/#organization","name":"Saint Die Info","url":"https:\/\/vosgesinfo.fr\/saintdieinfo\/","logo":{"@type":"ImageObject","inLanguage":"fr-FR","@id":"https:\/\/vosgesinfo.fr\/saintdieinfo\/#\/schema\/logo\/image\/","url":"https:\/\/vosgesinfo.fr\/app\/uploads\/sites\/4\/2024\/02\/logo-sdi.jpg","contentUrl":"https:\/\/vosgesinfo.fr\/app\/uploads\/sites\/4\/2024\/02\/logo-sdi.jpg","width":600,"height":600,"caption":"Saint Die Info"},"image":{"@id":"https:\/\/vosgesinfo.fr\/saintdieinfo\/#\/schema\/logo\/image\/"},"sameAs":["https:\/\/www.facebook.com\/Saintdieinfofr","https:\/\/x.com\/VosgesInfo88","https:\/\/www.youtube.com\/@vosgesinfo"]},{"@type":"Person","@id":"https:\/\/vosgesinfo.fr\/saintdieinfo\/#\/schema\/person\/faee6704a21f3977511db84bd1cd450f","name":"la r\u00e9daction","image":{"@type":"ImageObject","inLanguage":"fr-FR","@id":"https:\/\/vosgesinfo.fr\/saintdieinfo\/#\/schema\/person\/image\/","url":"https:\/\/secure.gravatar.com\/avatar\/6673d8bc6a9c17fa9a453eaa3448de834fa308c2ec9635b7aa99441a7c8d2cf6?s=96&d=mm&r=g","contentUrl":"https:\/\/secure.gravatar.com\/avatar\/6673d8bc6a9c17fa9a453eaa3448de834fa308c2ec9635b7aa99441a7c8d2cf6?s=96&d=mm&r=g","caption":"la r\u00e9daction"},"url":"https:\/\/vosgesinfo.fr\/saintdieinfo\/author\/redac\/"}]}},"_links":{"self":[{"href":"https:\/\/vosgesinfo.fr\/saintdieinfo\/wp-json\/wp\/v2\/posts\/63735","targetHints":{"allow":["GET"]}}],"collection":[{"href":"https:\/\/vosgesinfo.fr\/saintdieinfo\/wp-json\/wp\/v2\/posts"}],"about":[{"href":"https:\/\/vosgesinfo.fr\/saintdieinfo\/wp-json\/wp\/v2\/types\/post"}],"author":[{"embeddable":true,"href":"https:\/\/vosgesinfo.fr\/saintdieinfo\/wp-json\/wp\/v2\/users\/44"}],"replies":[{"embeddable":true,"href":"https:\/\/vosgesinfo.fr\/saintdieinfo\/wp-json\/wp\/v2\/comments?post=63735"}],"version-history":[{"count":0,"href":"https:\/\/vosgesinfo.fr\/saintdieinfo\/wp-json\/wp\/v2\/posts\/63735\/revisions"}],"wp:featuredmedia":[{"embeddable":true,"href":"https:\/\/vosgesinfo.fr\/saintdieinfo\/wp-json\/wp\/v2\/media\/32235"}],"wp:attachment":[{"href":"https:\/\/vosgesinfo.fr\/saintdieinfo\/wp-json\/wp\/v2\/media?parent=63735"}],"wp:term":[{"taxonomy":"category","embeddable":true,"href":"https:\/\/vosgesinfo.fr\/saintdieinfo\/wp-json\/wp\/v2\/categories?post=63735"},{"taxonomy":"post_tag","embeddable":true,"href":"https:\/\/vosgesinfo.fr\/saintdieinfo\/wp-json\/wp\/v2\/tags?post=63735"}],"curies":[{"name":"wp","href":"https:\/\/api.w.org\/{rel}","templated":true}]}}