{"id":63739,"date":"2023-04-03T08:08:42","date_gmt":"2023-04-03T06:08:42","guid":{"rendered":"https:\/\/vosgesinfo.fr\/saintdieinfo\/2023\/04\/conseil-municipal-de-saint-die-vosges-12\/"},"modified":"2023-04-03T08:08:42","modified_gmt":"2023-04-03T06:08:42","slug":"conseil-municipal-de-saint-die-vosges-12","status":"publish","type":"post","link":"https:\/\/vosgesinfo.fr\/saintdieinfo\/2023\/04\/conseil-municipal-de-saint-die-vosges-12\/","title":{"rendered":"Au Conseil Municipal de Saint-Di\u00e9-des-Vosges"},"content":{"rendered":"<div id=\"attachment_189495\" style=\"width: 970px\" class=\"wp-caption aligncenter\"><a href=\"\/2022\/09\/CR_CM_09092022-1.jpg\" target=\"_blank\" rel=\"noopener\"><img decoding=\"async\" aria-describedby=\"caption-attachment-189495\" class=\"wp-image-189495 size-large\" src=\"\/2022\/09\/CR_CM_09092022-1-1024x771.jpg\" alt=\"CR_CM_09092022 (1)\" width=\"960\" height=\"723\" \/><\/a><p id=\"caption-attachment-189495\" class=\"wp-caption-text\">(Archive)<\/p><\/div>\n<h2><strong><span style=\"font-size: 14pt;\">Le Conseil Municipal de Saint-Di\u00e9-des-Vosges se r\u00e9unira ce jeudi 6 avril, et non un vendredi, au Grand Salon de l\u2019H\u00f4tel de Ville \u00e0 partir de 19h. Lors de la s\u00e9ance, la seconde de l\u2019ann\u00e9e 2023, les \u00e9lus d\u00e9odatiens se pencheront sur l\u2019ordre du jour suivant :<\/span><\/strong><\/h2>\n<p><!--more--><\/p>\n<h3><strong><span style=\"font-size: 12pt;\">Point d&rsquo;information<\/span><\/strong><\/h3>\n<p>a) Sur l\u2019ex\u00e9cution du budget 2023<\/p>\n<ol>\n<li>Adoption du proc\u00e8s-verbal de la s\u00e9ance du Conseil municipal du 03 f\u00e9vrier 2023 (annexe)<\/li>\n<li>Convention de mandat avec COLLECTICITY pour l\u2019organisation de la collecte \u00ab solidarit\u00e9 Turquie \u00bb (annexe)<\/li>\n<li>Aide de la Ville de Saint-Di\u00e9-des-Vosges en soutien aux victimes du s\u00e9isme en Turquie<\/li>\n<li>Versement \u00e0 une association de fonds collect\u00e9s pour venir en aide aux victimes du s\u00e9isme en Turquie<\/li>\n<li>Cr\u00e9ation d\u2019un Conseil Local de S\u00e9curit\u00e9 et de Pr\u00e9vention de la D\u00e9linquance<\/li>\n<li>Convention de coordination entre la Police Municipale et les Forces de S\u00e9curit\u00e9 de l\u2019Etat portant sur l\u2019emploi de cam\u00e9ras pi\u00e9tons (annexe)<\/li>\n<li>Demande de subvention pour la s\u00e9curisation des espaces publics \/ vid\u00e9oprotection<\/li>\n<li>Demande de subvention dans le cadre de la r\u00e9alisation du march\u00e9 public global de performance<\/li>\n<li>Constitution d\u2019un groupement de commandes pour l\u2019acquisition de mat\u00e9riels et fournitures informatiques au profit de la Ville, de la Communaut\u00e9 d\u2019Agglom\u00e9ration, de l\u2019Office de Tourisme intercommunal et du Centre Communal d\u2019Action Sociale (annexe)<\/li>\n<li>Fusion administrative des \u00e9coles maternelle et \u00e9l\u00e9mentaire Paul ELBEL<\/li>\n<li>Convention de vente d\u2019un objet confectionn\u00e9 avec le Lyc\u00e9e George BEAUMONT (annexe)<\/li>\n<li>Soutien de la Ville de Saint-Di\u00e9-des-Vosges \u00e0 une action culturelle li\u00e9e au jumelage Saint-Di\u00e9-des-Vosges \u2013 Friedrichsafen \u2013 Projet Franco-Allemand d\u2019\u00e9change d\u2019ensembles vocaux (annexe)<\/li>\n<li>Acquisition de parcelles rue d\u2019Epinal<\/li>\n<li>Acquisition d\u2019un bien immobilier sis Pres des Aunes<\/li>\n<li>Cession d\u2019un bien immobilier Quai du Mar\u00e9chal LECLERC<\/li>\n<li>Cession d\u2019un bien immobilier avenue de la Vanne de Pierre<\/li>\n<li>Cession d\u2019un bien immobilier rue des Quatre Fr\u00e8re Mougeotte<\/li>\n<li>Cession d\u2019un bien immobilier rue Germaine MARCHAL<\/li>\n<li>Echange de biens avec VOSGELIS<\/li>\n<li>Convention de co-ma\u00eetrise d\u2019ouvrage pour l\u2019am\u00e9nagement de la rue du 12\u00e8me R\u00e9giment d\u2019Artillerie \u00e0 Saint-Di\u00e9-des-Vosges (annexe)<\/li>\n<li>Convention de co-ma\u00eetrise d\u2019ouvrage pour l\u2019am\u00e9nagement de la rue de la Gare \u2013 2nde partie entre le N\u00b011 et la rue Pasteur (annexe)<\/li>\n<li>Enfouissement des r\u00e9seaux secs rue des Bouquets<\/li>\n<li>Enfouissement des r\u00e9seaux secs rue du Cimeti\u00e8re militaire \u2013 Tranche 2<\/li>\n<li>Taxes et produits irrecouvrables \u2013 Admission en non valeur et en cr\u00e9ances \u00e9teintes<\/li>\n<li>Avis conforme sur l\u2019autorisation donn\u00e9e \u00e0 Monsieur le Pr\u00e9sident du Centre Communal d\u2019Action Sociale pour la r\u00e9alisation d\u2019un emprunt<\/li>\n<li>Dispositif \u00ab Je m\u2019investis dans ma Ville \u00bb (annexe)<\/li>\n<li>Attribution de subventions aux associations<\/li>\n<li>R\u00e8glement du March\u00e9 artisanal de No\u00ebl (annexe)<\/li>\n<li>Protection fonctionnelle : Versement de dommages et int\u00e9r\u00eats \u00e0 deux agents<\/li>\n<li>Personnel communal \u2013 Modification de la liste des emplois et les conditions d\u2019occupation des logements de fonction<\/li>\n<li>Convention de mise \u00e0 disposition d\u2019un agent de la Ville au profit de la Communaut\u00e9 d\u2019Agglom\u00e9ration de Saint-Di\u00e9-des-Vosges (annexe)<\/li>\n<li>Modification du tableau des effectifs<\/li>\n<li>33. Motion : Pour l\u2019organisation d\u2019une consultation locale sur l\u2019acc\u00e8s aux abonnements de stationnement \u00e0 Saint-Di\u00e9-des-Vosges (annexe)<\/li>\n<li>Compte-rendu des d\u00e9cisions du Maire et des march\u00e9s publics (annexe)<\/li>\n<li>Questions diverses<\/li>\n<\/ol>\n","protected":false},"excerpt":{"rendered":"<p>Le Conseil Municipal de Saint-Di\u00e9-des-Vosges se r\u00e9unira ce jeudi 6 avril, et non un vendredi, au Grand Salon de l\u2019H\u00f4tel [&hellip;]<\/p>\n","protected":false},"author":44,"featured_media":22743,"comment_status":"open","ping_status":"open","sticky":false,"template":"","format":"standard","meta":{"footnotes":""},"categories":[460,10,2915],"tags":[3317],"class_list":["post-63739","post","type-post","status-publish","format-standard","has-post-thumbnail","hentry","category-a-la-une","category-politique","category-saint-die-son-canton","tag-conseil-municipal-de-saint-die-des-vosges"],"acf":[],"yoast_head":"<!-- This site is optimized with the Yoast SEO plugin v22.5 - https:\/\/yoast.com\/wordpress\/plugins\/seo\/ -->\n<title>Au Conseil Municipal de Saint-Di\u00e9-des-Vosges - Saint Die Info<\/title>\n<meta name=\"robots\" content=\"index, follow, max-snippet:-1, max-image-preview:large, max-video-preview:-1\" \/>\n<link rel=\"canonical\" href=\"https:\/\/vosgesinfo.fr\/saintdieinfo\/2023\/04\/conseil-municipal-de-saint-die-vosges-12\/\" \/>\n<meta name=\"twitter:card\" content=\"summary_large_image\" \/>\n<meta name=\"twitter:title\" content=\"Au Conseil Municipal de Saint-Di\u00e9-des-Vosges - Saint Die Info\" \/>\n<meta name=\"twitter:description\" content=\"Le Conseil Municipal de Saint-Di\u00e9-des-Vosges se r\u00e9unira ce jeudi 6 avril, et non un vendredi, au Grand Salon de l\u2019H\u00f4tel [&hellip;]\" \/>\n<meta name=\"twitter:image\" content=\"https:\/\/vosgesinfo.fr\/app\/uploads\/sites\/4\/2022\/09\/cr-cm-09092022-1.jpg\" \/>\n<meta name=\"twitter:creator\" content=\"@VosgesInfo88\" \/>\n<meta name=\"twitter:site\" content=\"@VosgesInfo88\" \/>\n<meta name=\"twitter:label1\" content=\"\u00c9crit par\" \/>\n\t<meta name=\"twitter:data1\" content=\"la r\u00e9daction\" \/>\n\t<meta name=\"twitter:label2\" content=\"Dur\u00e9e de lecture estim\u00e9e\" \/>\n\t<meta name=\"twitter:data2\" content=\"3 minutes\" \/>\n<script type=\"application\/ld+json\" class=\"yoast-schema-graph\">{\"@context\":\"https:\/\/schema.org\",\"@graph\":[{\"@type\":\"Article\",\"@id\":\"https:\/\/vosgesinfo.fr\/saintdieinfo\/2023\/04\/conseil-municipal-de-saint-die-vosges-12\/#article\",\"isPartOf\":{\"@id\":\"https:\/\/vosgesinfo.fr\/saintdieinfo\/2023\/04\/conseil-municipal-de-saint-die-vosges-12\/\"},\"author\":{\"name\":\"la r\u00e9daction\",\"@id\":\"https:\/\/vosgesinfo.fr\/saintdieinfo\/#\/schema\/person\/faee6704a21f3977511db84bd1cd450f\"},\"headline\":\"Au Conseil Municipal de Saint-Di\u00e9-des-Vosges\",\"datePublished\":\"2023-04-03T06:08:42+00:00\",\"dateModified\":\"2023-04-03T06:08:42+00:00\",\"mainEntityOfPage\":{\"@id\":\"https:\/\/vosgesinfo.fr\/saintdieinfo\/2023\/04\/conseil-municipal-de-saint-die-vosges-12\/\"},\"wordCount\":572,\"commentCount\":0,\"publisher\":{\"@id\":\"https:\/\/vosgesinfo.fr\/saintdieinfo\/#organization\"},\"image\":{\"@id\":\"https:\/\/vosgesinfo.fr\/saintdieinfo\/2023\/04\/conseil-municipal-de-saint-die-vosges-12\/#primaryimage\"},\"thumbnailUrl\":\"https:\/\/vosgesinfo.fr\/app\/uploads\/sites\/4\/2022\/09\/cr-cm-09092022-1.jpg\",\"keywords\":[\"Conseil Municipal de Saint-Di\u00e9-des-Vosges\"],\"articleSection\":[\"A la Une\",\"Politique\",\"Saint-Di\u00e9-des-Vosges et son Agglom\u00e9ration\"],\"inLanguage\":\"fr-FR\",\"potentialAction\":[{\"@type\":\"CommentAction\",\"name\":\"Comment\",\"target\":[\"https:\/\/vosgesinfo.fr\/saintdieinfo\/2023\/04\/conseil-municipal-de-saint-die-vosges-12\/#respond\"]}]},{\"@type\":\"WebPage\",\"@id\":\"https:\/\/vosgesinfo.fr\/saintdieinfo\/2023\/04\/conseil-municipal-de-saint-die-vosges-12\/\",\"url\":\"https:\/\/vosgesinfo.fr\/saintdieinfo\/2023\/04\/conseil-municipal-de-saint-die-vosges-12\/\",\"name\":\"Au Conseil Municipal de Saint-Di\u00e9-des-Vosges - Saint Die Info\",\"isPartOf\":{\"@id\":\"https:\/\/vosgesinfo.fr\/saintdieinfo\/#website\"},\"primaryImageOfPage\":{\"@id\":\"https:\/\/vosgesinfo.fr\/saintdieinfo\/2023\/04\/conseil-municipal-de-saint-die-vosges-12\/#primaryimage\"},\"image\":{\"@id\":\"https:\/\/vosgesinfo.fr\/saintdieinfo\/2023\/04\/conseil-municipal-de-saint-die-vosges-12\/#primaryimage\"},\"thumbnailUrl\":\"https:\/\/vosgesinfo.fr\/app\/uploads\/sites\/4\/2022\/09\/cr-cm-09092022-1.jpg\",\"datePublished\":\"2023-04-03T06:08:42+00:00\",\"dateModified\":\"2023-04-03T06:08:42+00:00\",\"breadcrumb\":{\"@id\":\"https:\/\/vosgesinfo.fr\/saintdieinfo\/2023\/04\/conseil-municipal-de-saint-die-vosges-12\/#breadcrumb\"},\"inLanguage\":\"fr-FR\",\"potentialAction\":[{\"@type\":\"ReadAction\",\"target\":[\"https:\/\/vosgesinfo.fr\/saintdieinfo\/2023\/04\/conseil-municipal-de-saint-die-vosges-12\/\"]}]},{\"@type\":\"ImageObject\",\"inLanguage\":\"fr-FR\",\"@id\":\"https:\/\/vosgesinfo.fr\/saintdieinfo\/2023\/04\/conseil-municipal-de-saint-die-vosges-12\/#primaryimage\",\"url\":\"https:\/\/vosgesinfo.fr\/app\/uploads\/sites\/4\/2022\/09\/cr-cm-09092022-1.jpg\",\"contentUrl\":\"https:\/\/vosgesinfo.fr\/app\/uploads\/sites\/4\/2022\/09\/cr-cm-09092022-1.jpg\",\"width\":1600,\"height\":1205},{\"@type\":\"BreadcrumbList\",\"@id\":\"https:\/\/vosgesinfo.fr\/saintdieinfo\/2023\/04\/conseil-municipal-de-saint-die-vosges-12\/#breadcrumb\",\"itemListElement\":[{\"@type\":\"ListItem\",\"position\":1,\"name\":\"Home\",\"item\":\"https:\/\/vosgesinfo.fr\/saintdieinfo\/\"},{\"@type\":\"ListItem\",\"position\":2,\"name\":\"Au Conseil Municipal de Saint-Di\u00e9-des-Vosges\"}]},{\"@type\":\"WebSite\",\"@id\":\"https:\/\/vosgesinfo.fr\/saintdieinfo\/#website\",\"url\":\"https:\/\/vosgesinfo.fr\/saintdieinfo\/\",\"name\":\"Saint Die Info\",\"description\":\"Toute l&#039;actualit\u00e9 de Saint-Di\u00e9-Des-Vosges\",\"publisher\":{\"@id\":\"https:\/\/vosgesinfo.fr\/saintdieinfo\/#organization\"},\"alternateName\":\"Toute l'actualit\u00e9 de Saint-Di\u00e9-Des-Vosges\",\"potentialAction\":[{\"@type\":\"SearchAction\",\"target\":{\"@type\":\"EntryPoint\",\"urlTemplate\":\"https:\/\/vosgesinfo.fr\/saintdieinfo\/?s={search_term_string}\"},\"query-input\":\"required name=search_term_string\"}],\"inLanguage\":\"fr-FR\"},{\"@type\":\"Organization\",\"@id\":\"https:\/\/vosgesinfo.fr\/saintdieinfo\/#organization\",\"name\":\"Saint Die Info\",\"url\":\"https:\/\/vosgesinfo.fr\/saintdieinfo\/\",\"logo\":{\"@type\":\"ImageObject\",\"inLanguage\":\"fr-FR\",\"@id\":\"https:\/\/vosgesinfo.fr\/saintdieinfo\/#\/schema\/logo\/image\/\",\"url\":\"https:\/\/vosgesinfo.fr\/app\/uploads\/sites\/4\/2024\/02\/logo-sdi.jpg\",\"contentUrl\":\"https:\/\/vosgesinfo.fr\/app\/uploads\/sites\/4\/2024\/02\/logo-sdi.jpg\",\"width\":600,\"height\":600,\"caption\":\"Saint Die Info\"},\"image\":{\"@id\":\"https:\/\/vosgesinfo.fr\/saintdieinfo\/#\/schema\/logo\/image\/\"},\"sameAs\":[\"https:\/\/www.facebook.com\/Saintdieinfofr\",\"https:\/\/x.com\/VosgesInfo88\",\"https:\/\/www.youtube.com\/@vosgesinfo\"]},{\"@type\":\"Person\",\"@id\":\"https:\/\/vosgesinfo.fr\/saintdieinfo\/#\/schema\/person\/faee6704a21f3977511db84bd1cd450f\",\"name\":\"la r\u00e9daction\",\"image\":{\"@type\":\"ImageObject\",\"inLanguage\":\"fr-FR\",\"@id\":\"https:\/\/vosgesinfo.fr\/saintdieinfo\/#\/schema\/person\/image\/\",\"url\":\"https:\/\/secure.gravatar.com\/avatar\/6673d8bc6a9c17fa9a453eaa3448de834fa308c2ec9635b7aa99441a7c8d2cf6?s=96&d=mm&r=g\",\"contentUrl\":\"https:\/\/secure.gravatar.com\/avatar\/6673d8bc6a9c17fa9a453eaa3448de834fa308c2ec9635b7aa99441a7c8d2cf6?s=96&d=mm&r=g\",\"caption\":\"la r\u00e9daction\"},\"url\":\"https:\/\/vosgesinfo.fr\/saintdieinfo\/author\/redac\/\"}]}<\/script>\n<!-- \/ Yoast SEO plugin. -->","yoast_head_json":{"title":"Au Conseil Municipal de Saint-Di\u00e9-des-Vosges - Saint Die Info","robots":{"index":"index","follow":"follow","max-snippet":"max-snippet:-1","max-image-preview":"max-image-preview:large","max-video-preview":"max-video-preview:-1"},"canonical":"https:\/\/vosgesinfo.fr\/saintdieinfo\/2023\/04\/conseil-municipal-de-saint-die-vosges-12\/","twitter_card":"summary_large_image","twitter_title":"Au Conseil Municipal de Saint-Di\u00e9-des-Vosges - Saint Die Info","twitter_description":"Le Conseil Municipal de Saint-Di\u00e9-des-Vosges se r\u00e9unira ce jeudi 6 avril, et non un vendredi, au Grand Salon de l\u2019H\u00f4tel [&hellip;]","twitter_image":"https:\/\/vosgesinfo.fr\/app\/uploads\/sites\/4\/2022\/09\/cr-cm-09092022-1.jpg","twitter_creator":"@VosgesInfo88","twitter_site":"@VosgesInfo88","twitter_misc":{"\u00c9crit par":"la r\u00e9daction","Dur\u00e9e de lecture estim\u00e9e":"3 minutes"},"schema":{"@context":"https:\/\/schema.org","@graph":[{"@type":"Article","@id":"https:\/\/vosgesinfo.fr\/saintdieinfo\/2023\/04\/conseil-municipal-de-saint-die-vosges-12\/#article","isPartOf":{"@id":"https:\/\/vosgesinfo.fr\/saintdieinfo\/2023\/04\/conseil-municipal-de-saint-die-vosges-12\/"},"author":{"name":"la r\u00e9daction","@id":"https:\/\/vosgesinfo.fr\/saintdieinfo\/#\/schema\/person\/faee6704a21f3977511db84bd1cd450f"},"headline":"Au Conseil Municipal de Saint-Di\u00e9-des-Vosges","datePublished":"2023-04-03T06:08:42+00:00","dateModified":"2023-04-03T06:08:42+00:00","mainEntityOfPage":{"@id":"https:\/\/vosgesinfo.fr\/saintdieinfo\/2023\/04\/conseil-municipal-de-saint-die-vosges-12\/"},"wordCount":572,"commentCount":0,"publisher":{"@id":"https:\/\/vosgesinfo.fr\/saintdieinfo\/#organization"},"image":{"@id":"https:\/\/vosgesinfo.fr\/saintdieinfo\/2023\/04\/conseil-municipal-de-saint-die-vosges-12\/#primaryimage"},"thumbnailUrl":"https:\/\/vosgesinfo.fr\/app\/uploads\/sites\/4\/2022\/09\/cr-cm-09092022-1.jpg","keywords":["Conseil Municipal de Saint-Di\u00e9-des-Vosges"],"articleSection":["A la Une","Politique","Saint-Di\u00e9-des-Vosges et son Agglom\u00e9ration"],"inLanguage":"fr-FR","potentialAction":[{"@type":"CommentAction","name":"Comment","target":["https:\/\/vosgesinfo.fr\/saintdieinfo\/2023\/04\/conseil-municipal-de-saint-die-vosges-12\/#respond"]}]},{"@type":"WebPage","@id":"https:\/\/vosgesinfo.fr\/saintdieinfo\/2023\/04\/conseil-municipal-de-saint-die-vosges-12\/","url":"https:\/\/vosgesinfo.fr\/saintdieinfo\/2023\/04\/conseil-municipal-de-saint-die-vosges-12\/","name":"Au Conseil Municipal de Saint-Di\u00e9-des-Vosges - Saint Die Info","isPartOf":{"@id":"https:\/\/vosgesinfo.fr\/saintdieinfo\/#website"},"primaryImageOfPage":{"@id":"https:\/\/vosgesinfo.fr\/saintdieinfo\/2023\/04\/conseil-municipal-de-saint-die-vosges-12\/#primaryimage"},"image":{"@id":"https:\/\/vosgesinfo.fr\/saintdieinfo\/2023\/04\/conseil-municipal-de-saint-die-vosges-12\/#primaryimage"},"thumbnailUrl":"https:\/\/vosgesinfo.fr\/app\/uploads\/sites\/4\/2022\/09\/cr-cm-09092022-1.jpg","datePublished":"2023-04-03T06:08:42+00:00","dateModified":"2023-04-03T06:08:42+00:00","breadcrumb":{"@id":"https:\/\/vosgesinfo.fr\/saintdieinfo\/2023\/04\/conseil-municipal-de-saint-die-vosges-12\/#breadcrumb"},"inLanguage":"fr-FR","potentialAction":[{"@type":"ReadAction","target":["https:\/\/vosgesinfo.fr\/saintdieinfo\/2023\/04\/conseil-municipal-de-saint-die-vosges-12\/"]}]},{"@type":"ImageObject","inLanguage":"fr-FR","@id":"https:\/\/vosgesinfo.fr\/saintdieinfo\/2023\/04\/conseil-municipal-de-saint-die-vosges-12\/#primaryimage","url":"https:\/\/vosgesinfo.fr\/app\/uploads\/sites\/4\/2022\/09\/cr-cm-09092022-1.jpg","contentUrl":"https:\/\/vosgesinfo.fr\/app\/uploads\/sites\/4\/2022\/09\/cr-cm-09092022-1.jpg","width":1600,"height":1205},{"@type":"BreadcrumbList","@id":"https:\/\/vosgesinfo.fr\/saintdieinfo\/2023\/04\/conseil-municipal-de-saint-die-vosges-12\/#breadcrumb","itemListElement":[{"@type":"ListItem","position":1,"name":"Home","item":"https:\/\/vosgesinfo.fr\/saintdieinfo\/"},{"@type":"ListItem","position":2,"name":"Au Conseil Municipal de Saint-Di\u00e9-des-Vosges"}]},{"@type":"WebSite","@id":"https:\/\/vosgesinfo.fr\/saintdieinfo\/#website","url":"https:\/\/vosgesinfo.fr\/saintdieinfo\/","name":"Saint Die Info","description":"Toute l&#039;actualit\u00e9 de Saint-Di\u00e9-Des-Vosges","publisher":{"@id":"https:\/\/vosgesinfo.fr\/saintdieinfo\/#organization"},"alternateName":"Toute l'actualit\u00e9 de Saint-Di\u00e9-Des-Vosges","potentialAction":[{"@type":"SearchAction","target":{"@type":"EntryPoint","urlTemplate":"https:\/\/vosgesinfo.fr\/saintdieinfo\/?s={search_term_string}"},"query-input":"required name=search_term_string"}],"inLanguage":"fr-FR"},{"@type":"Organization","@id":"https:\/\/vosgesinfo.fr\/saintdieinfo\/#organization","name":"Saint Die Info","url":"https:\/\/vosgesinfo.fr\/saintdieinfo\/","logo":{"@type":"ImageObject","inLanguage":"fr-FR","@id":"https:\/\/vosgesinfo.fr\/saintdieinfo\/#\/schema\/logo\/image\/","url":"https:\/\/vosgesinfo.fr\/app\/uploads\/sites\/4\/2024\/02\/logo-sdi.jpg","contentUrl":"https:\/\/vosgesinfo.fr\/app\/uploads\/sites\/4\/2024\/02\/logo-sdi.jpg","width":600,"height":600,"caption":"Saint Die Info"},"image":{"@id":"https:\/\/vosgesinfo.fr\/saintdieinfo\/#\/schema\/logo\/image\/"},"sameAs":["https:\/\/www.facebook.com\/Saintdieinfofr","https:\/\/x.com\/VosgesInfo88","https:\/\/www.youtube.com\/@vosgesinfo"]},{"@type":"Person","@id":"https:\/\/vosgesinfo.fr\/saintdieinfo\/#\/schema\/person\/faee6704a21f3977511db84bd1cd450f","name":"la r\u00e9daction","image":{"@type":"ImageObject","inLanguage":"fr-FR","@id":"https:\/\/vosgesinfo.fr\/saintdieinfo\/#\/schema\/person\/image\/","url":"https:\/\/secure.gravatar.com\/avatar\/6673d8bc6a9c17fa9a453eaa3448de834fa308c2ec9635b7aa99441a7c8d2cf6?s=96&d=mm&r=g","contentUrl":"https:\/\/secure.gravatar.com\/avatar\/6673d8bc6a9c17fa9a453eaa3448de834fa308c2ec9635b7aa99441a7c8d2cf6?s=96&d=mm&r=g","caption":"la r\u00e9daction"},"url":"https:\/\/vosgesinfo.fr\/saintdieinfo\/author\/redac\/"}]}},"_links":{"self":[{"href":"https:\/\/vosgesinfo.fr\/saintdieinfo\/wp-json\/wp\/v2\/posts\/63739","targetHints":{"allow":["GET"]}}],"collection":[{"href":"https:\/\/vosgesinfo.fr\/saintdieinfo\/wp-json\/wp\/v2\/posts"}],"about":[{"href":"https:\/\/vosgesinfo.fr\/saintdieinfo\/wp-json\/wp\/v2\/types\/post"}],"author":[{"embeddable":true,"href":"https:\/\/vosgesinfo.fr\/saintdieinfo\/wp-json\/wp\/v2\/users\/44"}],"replies":[{"embeddable":true,"href":"https:\/\/vosgesinfo.fr\/saintdieinfo\/wp-json\/wp\/v2\/comments?post=63739"}],"version-history":[{"count":0,"href":"https:\/\/vosgesinfo.fr\/saintdieinfo\/wp-json\/wp\/v2\/posts\/63739\/revisions"}],"wp:featuredmedia":[{"embeddable":true,"href":"https:\/\/vosgesinfo.fr\/saintdieinfo\/wp-json\/wp\/v2\/media\/22743"}],"wp:attachment":[{"href":"https:\/\/vosgesinfo.fr\/saintdieinfo\/wp-json\/wp\/v2\/media?parent=63739"}],"wp:term":[{"taxonomy":"category","embeddable":true,"href":"https:\/\/vosgesinfo.fr\/saintdieinfo\/wp-json\/wp\/v2\/categories?post=63739"},{"taxonomy":"post_tag","embeddable":true,"href":"https:\/\/vosgesinfo.fr\/saintdieinfo\/wp-json\/wp\/v2\/tags?post=63739"}],"curies":[{"name":"wp","href":"https:\/\/api.w.org\/{rel}","templated":true}]}}