{"id":63930,"date":"2023-04-07T12:24:39","date_gmt":"2023-04-07T10:24:39","guid":{"rendered":"https:\/\/vosgesinfo.fr\/saintdieinfo\/2023\/04\/poteau-michelin-fontaine-de-gare-ont-ete-sauvegardes\/"},"modified":"2023-04-07T12:24:39","modified_gmt":"2023-04-07T10:24:39","slug":"poteau-michelin-fontaine-de-gare-ont-ete-sauvegardes","status":"publish","type":"post","link":"https:\/\/vosgesinfo.fr\/saintdieinfo\/2023\/04\/poteau-michelin-fontaine-de-gare-ont-ete-sauvegardes\/","title":{"rendered":"Le poteau Michelin et la fontaine de la Gare ont \u00e9t\u00e9 sauvegard\u00e9s"},"content":{"rendered":"<div id=\"attachment_199756\" style=\"width: 713px\" class=\"wp-caption aligncenter\"><a href=\"\/2023\/04\/Poteau_MichelinFontaine_Gare.jpg\" target=\"_blank\" rel=\"noopener\"><img decoding=\"async\" aria-describedby=\"caption-attachment-199756\" class=\"wp-image-199756 size-full\" src=\"\/2023\/04\/Poteau_MichelinFontaine_Gare.jpg\" alt=\"Poteau_Michelin&amp;Fontaine_Gare\" width=\"703\" height=\"494\" \/><\/a><p id=\"caption-attachment-199756\" class=\"wp-caption-text\">Photographies Soci\u00e9t\u00e9 Philomatique Vosgienne)<\/p><\/div>\n<h2><strong><span style=\"font-size: 14pt;\">Si certains se demandaient ce qu&rsquo;il adviendrait du poteau Michelin et de la fontaine de la Gare avec les travaux d&rsquo;am\u00e9nagement du p\u00f4le multimodal, la Soci\u00e9t\u00e9 Philomatique Vosgienne a annonc\u00e9 ce vendredi matin que ces 2 \u00e9l\u00e9ments de l&rsquo;histoire d\u00e9odatienne ont \u00e9t\u00e9 sauvegard\u00e9s.<\/span><\/strong><\/h2>\n<p><!--more--><\/p>\n<p>Le poteau Michelin, qui se trouvait devant l&rsquo;ancien buffet de la gare a \u00e9t\u00e9 r\u00e9cemment r\u00e9install\u00e9. \u00ab\u00a0M\u00eame si son aspect semblait obsol\u00e8te, c\u2019est un t\u00e9moin de la pratique des \u00ab\u00a0Visites aux morts pour la France\u00a0\u00bb, p\u00e8lerinages de M\u00e9moire des veuves, filles et fils des poilus qui reposent toujours aux Tiges, et dont, d\u00e8s la descente du train, il fallait indiquer la v\u00e9n\u00e9rable direction. C\u2019est un souvenir unique de l&rsquo;apr\u00e8s-Grande-Guerre !\u00a0\u00bb explique la Soci\u00e9t\u00e9 Philomatique Vosgienne. Quant \u00e0 la fontaine de la Gare, elle sera de retour sur la rive gauche, mais \u00e0 un emplacement diff\u00e9rent. Plus pr\u00e9cis\u00e9ment sur la petite place \u00e0 l&rsquo;angle des rues d&rsquo;Alsace et Pasteur.<\/p>\n<p>J.J.<\/p>\n","protected":false},"excerpt":{"rendered":"<p>Si certains se demandaient ce qu&rsquo;il adviendrait du poteau Michelin et de la fontaine de la Gare avec les travaux [&hellip;]<\/p>\n","protected":false},"author":44,"featured_media":63931,"comment_status":"open","ping_status":"open","sticky":false,"template":"","format":"standard","meta":{"footnotes":""},"categories":[460,2915],"tags":[14179,3552,3844,3215],"class_list":["post-63930","post","type-post","status-publish","format-standard","has-post-thumbnail","hentry","category-a-la-une","category-saint-die-son-canton","tag-fontaine-de-la-gare","tag-gare-sncf-de-saint-die-des-vosges","tag-poteau-michelin","tag-societe-philomatique-vosgienne"],"acf":[],"yoast_head":"<!-- This site is optimized with the Yoast SEO plugin v22.5 - https:\/\/yoast.com\/wordpress\/plugins\/seo\/ -->\n<title>Le poteau Michelin et la fontaine de la Gare ont \u00e9t\u00e9 sauvegard\u00e9s - Saint Die Info<\/title>\n<meta name=\"robots\" content=\"index, follow, max-snippet:-1, max-image-preview:large, max-video-preview:-1\" \/>\n<link rel=\"canonical\" href=\"https:\/\/vosgesinfo.fr\/saintdieinfo\/2023\/04\/poteau-michelin-fontaine-de-gare-ont-ete-sauvegardes\/\" \/>\n<meta name=\"twitter:card\" content=\"summary_large_image\" \/>\n<meta name=\"twitter:title\" content=\"Le poteau Michelin et la fontaine de la Gare ont \u00e9t\u00e9 sauvegard\u00e9s - Saint Die Info\" \/>\n<meta name=\"twitter:description\" content=\"Si certains se demandaient ce qu&rsquo;il adviendrait du poteau Michelin et de la fontaine de la Gare avec les travaux [&hellip;]\" \/>\n<meta name=\"twitter:image\" content=\"https:\/\/vosgesinfo.fr\/app\/uploads\/sites\/4\/2024\/08\/202304poteau-michelinfontaine-gare.jpg\" \/>\n<meta name=\"twitter:creator\" content=\"@VosgesInfo88\" \/>\n<meta name=\"twitter:site\" content=\"@VosgesInfo88\" \/>\n<meta name=\"twitter:label1\" content=\"\u00c9crit par\" \/>\n\t<meta name=\"twitter:data1\" content=\"la r\u00e9daction\" \/>\n\t<meta name=\"twitter:label2\" content=\"Dur\u00e9e de lecture estim\u00e9e\" \/>\n\t<meta name=\"twitter:data2\" content=\"1 minute\" \/>\n<script type=\"application\/ld+json\" class=\"yoast-schema-graph\">{\"@context\":\"https:\/\/schema.org\",\"@graph\":[{\"@type\":\"Article\",\"@id\":\"https:\/\/vosgesinfo.fr\/saintdieinfo\/2023\/04\/poteau-michelin-fontaine-de-gare-ont-ete-sauvegardes\/#article\",\"isPartOf\":{\"@id\":\"https:\/\/vosgesinfo.fr\/saintdieinfo\/2023\/04\/poteau-michelin-fontaine-de-gare-ont-ete-sauvegardes\/\"},\"author\":{\"name\":\"la r\u00e9daction\",\"@id\":\"https:\/\/vosgesinfo.fr\/saintdieinfo\/#\/schema\/person\/faee6704a21f3977511db84bd1cd450f\"},\"headline\":\"Le poteau Michelin et la fontaine de la Gare ont \u00e9t\u00e9 sauvegard\u00e9s\",\"datePublished\":\"2023-04-07T10:24:39+00:00\",\"dateModified\":\"2023-04-07T10:24:39+00:00\",\"mainEntityOfPage\":{\"@id\":\"https:\/\/vosgesinfo.fr\/saintdieinfo\/2023\/04\/poteau-michelin-fontaine-de-gare-ont-ete-sauvegardes\/\"},\"wordCount\":203,\"commentCount\":0,\"publisher\":{\"@id\":\"https:\/\/vosgesinfo.fr\/saintdieinfo\/#organization\"},\"image\":{\"@id\":\"https:\/\/vosgesinfo.fr\/saintdieinfo\/2023\/04\/poteau-michelin-fontaine-de-gare-ont-ete-sauvegardes\/#primaryimage\"},\"thumbnailUrl\":\"https:\/\/vosgesinfo.fr\/app\/uploads\/sites\/4\/2024\/08\/202304poteau-michelinfontaine-gare.jpg\",\"keywords\":[\"Fontaine de la Gare\",\"Gare SNCF de Saint-Di\u00e9-des-Vosges\",\"Poteau Michelin\",\"Soci\u00e9t\u00e9 Philomatique Vosgienne\"],\"articleSection\":[\"A la Une\",\"Saint-Di\u00e9-des-Vosges et son Agglom\u00e9ration\"],\"inLanguage\":\"fr-FR\",\"potentialAction\":[{\"@type\":\"CommentAction\",\"name\":\"Comment\",\"target\":[\"https:\/\/vosgesinfo.fr\/saintdieinfo\/2023\/04\/poteau-michelin-fontaine-de-gare-ont-ete-sauvegardes\/#respond\"]}]},{\"@type\":\"WebPage\",\"@id\":\"https:\/\/vosgesinfo.fr\/saintdieinfo\/2023\/04\/poteau-michelin-fontaine-de-gare-ont-ete-sauvegardes\/\",\"url\":\"https:\/\/vosgesinfo.fr\/saintdieinfo\/2023\/04\/poteau-michelin-fontaine-de-gare-ont-ete-sauvegardes\/\",\"name\":\"Le poteau Michelin et la fontaine de la Gare ont \u00e9t\u00e9 sauvegard\u00e9s - Saint Die Info\",\"isPartOf\":{\"@id\":\"https:\/\/vosgesinfo.fr\/saintdieinfo\/#website\"},\"primaryImageOfPage\":{\"@id\":\"https:\/\/vosgesinfo.fr\/saintdieinfo\/2023\/04\/poteau-michelin-fontaine-de-gare-ont-ete-sauvegardes\/#primaryimage\"},\"image\":{\"@id\":\"https:\/\/vosgesinfo.fr\/saintdieinfo\/2023\/04\/poteau-michelin-fontaine-de-gare-ont-ete-sauvegardes\/#primaryimage\"},\"thumbnailUrl\":\"https:\/\/vosgesinfo.fr\/app\/uploads\/sites\/4\/2024\/08\/202304poteau-michelinfontaine-gare.jpg\",\"datePublished\":\"2023-04-07T10:24:39+00:00\",\"dateModified\":\"2023-04-07T10:24:39+00:00\",\"breadcrumb\":{\"@id\":\"https:\/\/vosgesinfo.fr\/saintdieinfo\/2023\/04\/poteau-michelin-fontaine-de-gare-ont-ete-sauvegardes\/#breadcrumb\"},\"inLanguage\":\"fr-FR\",\"potentialAction\":[{\"@type\":\"ReadAction\",\"target\":[\"https:\/\/vosgesinfo.fr\/saintdieinfo\/2023\/04\/poteau-michelin-fontaine-de-gare-ont-ete-sauvegardes\/\"]}]},{\"@type\":\"ImageObject\",\"inLanguage\":\"fr-FR\",\"@id\":\"https:\/\/vosgesinfo.fr\/saintdieinfo\/2023\/04\/poteau-michelin-fontaine-de-gare-ont-ete-sauvegardes\/#primaryimage\",\"url\":\"https:\/\/vosgesinfo.fr\/app\/uploads\/sites\/4\/2024\/08\/202304poteau-michelinfontaine-gare.jpg\",\"contentUrl\":\"https:\/\/vosgesinfo.fr\/app\/uploads\/sites\/4\/2024\/08\/202304poteau-michelinfontaine-gare.jpg\",\"width\":703,\"height\":494},{\"@type\":\"BreadcrumbList\",\"@id\":\"https:\/\/vosgesinfo.fr\/saintdieinfo\/2023\/04\/poteau-michelin-fontaine-de-gare-ont-ete-sauvegardes\/#breadcrumb\",\"itemListElement\":[{\"@type\":\"ListItem\",\"position\":1,\"name\":\"Home\",\"item\":\"https:\/\/vosgesinfo.fr\/saintdieinfo\/\"},{\"@type\":\"ListItem\",\"position\":2,\"name\":\"Le poteau Michelin et la fontaine de la Gare ont \u00e9t\u00e9 sauvegard\u00e9s\"}]},{\"@type\":\"WebSite\",\"@id\":\"https:\/\/vosgesinfo.fr\/saintdieinfo\/#website\",\"url\":\"https:\/\/vosgesinfo.fr\/saintdieinfo\/\",\"name\":\"Saint Die Info\",\"description\":\"Toute l&#039;actualit\u00e9 de Saint-Di\u00e9-Des-Vosges\",\"publisher\":{\"@id\":\"https:\/\/vosgesinfo.fr\/saintdieinfo\/#organization\"},\"alternateName\":\"Toute l'actualit\u00e9 de Saint-Di\u00e9-Des-Vosges\",\"potentialAction\":[{\"@type\":\"SearchAction\",\"target\":{\"@type\":\"EntryPoint\",\"urlTemplate\":\"https:\/\/vosgesinfo.fr\/saintdieinfo\/?s={search_term_string}\"},\"query-input\":\"required name=search_term_string\"}],\"inLanguage\":\"fr-FR\"},{\"@type\":\"Organization\",\"@id\":\"https:\/\/vosgesinfo.fr\/saintdieinfo\/#organization\",\"name\":\"Saint Die Info\",\"url\":\"https:\/\/vosgesinfo.fr\/saintdieinfo\/\",\"logo\":{\"@type\":\"ImageObject\",\"inLanguage\":\"fr-FR\",\"@id\":\"https:\/\/vosgesinfo.fr\/saintdieinfo\/#\/schema\/logo\/image\/\",\"url\":\"https:\/\/vosgesinfo.fr\/app\/uploads\/sites\/4\/2024\/02\/logo-sdi.jpg\",\"contentUrl\":\"https:\/\/vosgesinfo.fr\/app\/uploads\/sites\/4\/2024\/02\/logo-sdi.jpg\",\"width\":600,\"height\":600,\"caption\":\"Saint Die Info\"},\"image\":{\"@id\":\"https:\/\/vosgesinfo.fr\/saintdieinfo\/#\/schema\/logo\/image\/\"},\"sameAs\":[\"https:\/\/www.facebook.com\/Saintdieinfofr\",\"https:\/\/x.com\/VosgesInfo88\",\"https:\/\/www.youtube.com\/@vosgesinfo\"]},{\"@type\":\"Person\",\"@id\":\"https:\/\/vosgesinfo.fr\/saintdieinfo\/#\/schema\/person\/faee6704a21f3977511db84bd1cd450f\",\"name\":\"la r\u00e9daction\",\"image\":{\"@type\":\"ImageObject\",\"inLanguage\":\"fr-FR\",\"@id\":\"https:\/\/vosgesinfo.fr\/saintdieinfo\/#\/schema\/person\/image\/\",\"url\":\"https:\/\/secure.gravatar.com\/avatar\/6673d8bc6a9c17fa9a453eaa3448de834fa308c2ec9635b7aa99441a7c8d2cf6?s=96&d=mm&r=g\",\"contentUrl\":\"https:\/\/secure.gravatar.com\/avatar\/6673d8bc6a9c17fa9a453eaa3448de834fa308c2ec9635b7aa99441a7c8d2cf6?s=96&d=mm&r=g\",\"caption\":\"la r\u00e9daction\"},\"url\":\"https:\/\/vosgesinfo.fr\/saintdieinfo\/author\/redac\/\"}]}<\/script>\n<!-- \/ Yoast SEO plugin. -->","yoast_head_json":{"title":"Le poteau Michelin et la fontaine de la Gare ont \u00e9t\u00e9 sauvegard\u00e9s - Saint Die Info","robots":{"index":"index","follow":"follow","max-snippet":"max-snippet:-1","max-image-preview":"max-image-preview:large","max-video-preview":"max-video-preview:-1"},"canonical":"https:\/\/vosgesinfo.fr\/saintdieinfo\/2023\/04\/poteau-michelin-fontaine-de-gare-ont-ete-sauvegardes\/","twitter_card":"summary_large_image","twitter_title":"Le poteau Michelin et la fontaine de la Gare ont \u00e9t\u00e9 sauvegard\u00e9s - Saint Die Info","twitter_description":"Si certains se demandaient ce qu&rsquo;il adviendrait du poteau Michelin et de la fontaine de la Gare avec les travaux [&hellip;]","twitter_image":"https:\/\/vosgesinfo.fr\/app\/uploads\/sites\/4\/2024\/08\/202304poteau-michelinfontaine-gare.jpg","twitter_creator":"@VosgesInfo88","twitter_site":"@VosgesInfo88","twitter_misc":{"\u00c9crit par":"la r\u00e9daction","Dur\u00e9e de lecture estim\u00e9e":"1 minute"},"schema":{"@context":"https:\/\/schema.org","@graph":[{"@type":"Article","@id":"https:\/\/vosgesinfo.fr\/saintdieinfo\/2023\/04\/poteau-michelin-fontaine-de-gare-ont-ete-sauvegardes\/#article","isPartOf":{"@id":"https:\/\/vosgesinfo.fr\/saintdieinfo\/2023\/04\/poteau-michelin-fontaine-de-gare-ont-ete-sauvegardes\/"},"author":{"name":"la r\u00e9daction","@id":"https:\/\/vosgesinfo.fr\/saintdieinfo\/#\/schema\/person\/faee6704a21f3977511db84bd1cd450f"},"headline":"Le poteau Michelin et la fontaine de la Gare ont \u00e9t\u00e9 sauvegard\u00e9s","datePublished":"2023-04-07T10:24:39+00:00","dateModified":"2023-04-07T10:24:39+00:00","mainEntityOfPage":{"@id":"https:\/\/vosgesinfo.fr\/saintdieinfo\/2023\/04\/poteau-michelin-fontaine-de-gare-ont-ete-sauvegardes\/"},"wordCount":203,"commentCount":0,"publisher":{"@id":"https:\/\/vosgesinfo.fr\/saintdieinfo\/#organization"},"image":{"@id":"https:\/\/vosgesinfo.fr\/saintdieinfo\/2023\/04\/poteau-michelin-fontaine-de-gare-ont-ete-sauvegardes\/#primaryimage"},"thumbnailUrl":"https:\/\/vosgesinfo.fr\/app\/uploads\/sites\/4\/2024\/08\/202304poteau-michelinfontaine-gare.jpg","keywords":["Fontaine de la Gare","Gare SNCF de Saint-Di\u00e9-des-Vosges","Poteau Michelin","Soci\u00e9t\u00e9 Philomatique Vosgienne"],"articleSection":["A la Une","Saint-Di\u00e9-des-Vosges et son Agglom\u00e9ration"],"inLanguage":"fr-FR","potentialAction":[{"@type":"CommentAction","name":"Comment","target":["https:\/\/vosgesinfo.fr\/saintdieinfo\/2023\/04\/poteau-michelin-fontaine-de-gare-ont-ete-sauvegardes\/#respond"]}]},{"@type":"WebPage","@id":"https:\/\/vosgesinfo.fr\/saintdieinfo\/2023\/04\/poteau-michelin-fontaine-de-gare-ont-ete-sauvegardes\/","url":"https:\/\/vosgesinfo.fr\/saintdieinfo\/2023\/04\/poteau-michelin-fontaine-de-gare-ont-ete-sauvegardes\/","name":"Le poteau Michelin et la fontaine de la Gare ont \u00e9t\u00e9 sauvegard\u00e9s - Saint Die Info","isPartOf":{"@id":"https:\/\/vosgesinfo.fr\/saintdieinfo\/#website"},"primaryImageOfPage":{"@id":"https:\/\/vosgesinfo.fr\/saintdieinfo\/2023\/04\/poteau-michelin-fontaine-de-gare-ont-ete-sauvegardes\/#primaryimage"},"image":{"@id":"https:\/\/vosgesinfo.fr\/saintdieinfo\/2023\/04\/poteau-michelin-fontaine-de-gare-ont-ete-sauvegardes\/#primaryimage"},"thumbnailUrl":"https:\/\/vosgesinfo.fr\/app\/uploads\/sites\/4\/2024\/08\/202304poteau-michelinfontaine-gare.jpg","datePublished":"2023-04-07T10:24:39+00:00","dateModified":"2023-04-07T10:24:39+00:00","breadcrumb":{"@id":"https:\/\/vosgesinfo.fr\/saintdieinfo\/2023\/04\/poteau-michelin-fontaine-de-gare-ont-ete-sauvegardes\/#breadcrumb"},"inLanguage":"fr-FR","potentialAction":[{"@type":"ReadAction","target":["https:\/\/vosgesinfo.fr\/saintdieinfo\/2023\/04\/poteau-michelin-fontaine-de-gare-ont-ete-sauvegardes\/"]}]},{"@type":"ImageObject","inLanguage":"fr-FR","@id":"https:\/\/vosgesinfo.fr\/saintdieinfo\/2023\/04\/poteau-michelin-fontaine-de-gare-ont-ete-sauvegardes\/#primaryimage","url":"https:\/\/vosgesinfo.fr\/app\/uploads\/sites\/4\/2024\/08\/202304poteau-michelinfontaine-gare.jpg","contentUrl":"https:\/\/vosgesinfo.fr\/app\/uploads\/sites\/4\/2024\/08\/202304poteau-michelinfontaine-gare.jpg","width":703,"height":494},{"@type":"BreadcrumbList","@id":"https:\/\/vosgesinfo.fr\/saintdieinfo\/2023\/04\/poteau-michelin-fontaine-de-gare-ont-ete-sauvegardes\/#breadcrumb","itemListElement":[{"@type":"ListItem","position":1,"name":"Home","item":"https:\/\/vosgesinfo.fr\/saintdieinfo\/"},{"@type":"ListItem","position":2,"name":"Le poteau Michelin et la fontaine de la Gare ont \u00e9t\u00e9 sauvegard\u00e9s"}]},{"@type":"WebSite","@id":"https:\/\/vosgesinfo.fr\/saintdieinfo\/#website","url":"https:\/\/vosgesinfo.fr\/saintdieinfo\/","name":"Saint Die Info","description":"Toute l&#039;actualit\u00e9 de Saint-Di\u00e9-Des-Vosges","publisher":{"@id":"https:\/\/vosgesinfo.fr\/saintdieinfo\/#organization"},"alternateName":"Toute l'actualit\u00e9 de Saint-Di\u00e9-Des-Vosges","potentialAction":[{"@type":"SearchAction","target":{"@type":"EntryPoint","urlTemplate":"https:\/\/vosgesinfo.fr\/saintdieinfo\/?s={search_term_string}"},"query-input":"required name=search_term_string"}],"inLanguage":"fr-FR"},{"@type":"Organization","@id":"https:\/\/vosgesinfo.fr\/saintdieinfo\/#organization","name":"Saint Die Info","url":"https:\/\/vosgesinfo.fr\/saintdieinfo\/","logo":{"@type":"ImageObject","inLanguage":"fr-FR","@id":"https:\/\/vosgesinfo.fr\/saintdieinfo\/#\/schema\/logo\/image\/","url":"https:\/\/vosgesinfo.fr\/app\/uploads\/sites\/4\/2024\/02\/logo-sdi.jpg","contentUrl":"https:\/\/vosgesinfo.fr\/app\/uploads\/sites\/4\/2024\/02\/logo-sdi.jpg","width":600,"height":600,"caption":"Saint Die Info"},"image":{"@id":"https:\/\/vosgesinfo.fr\/saintdieinfo\/#\/schema\/logo\/image\/"},"sameAs":["https:\/\/www.facebook.com\/Saintdieinfofr","https:\/\/x.com\/VosgesInfo88","https:\/\/www.youtube.com\/@vosgesinfo"]},{"@type":"Person","@id":"https:\/\/vosgesinfo.fr\/saintdieinfo\/#\/schema\/person\/faee6704a21f3977511db84bd1cd450f","name":"la r\u00e9daction","image":{"@type":"ImageObject","inLanguage":"fr-FR","@id":"https:\/\/vosgesinfo.fr\/saintdieinfo\/#\/schema\/person\/image\/","url":"https:\/\/secure.gravatar.com\/avatar\/6673d8bc6a9c17fa9a453eaa3448de834fa308c2ec9635b7aa99441a7c8d2cf6?s=96&d=mm&r=g","contentUrl":"https:\/\/secure.gravatar.com\/avatar\/6673d8bc6a9c17fa9a453eaa3448de834fa308c2ec9635b7aa99441a7c8d2cf6?s=96&d=mm&r=g","caption":"la r\u00e9daction"},"url":"https:\/\/vosgesinfo.fr\/saintdieinfo\/author\/redac\/"}]}},"_links":{"self":[{"href":"https:\/\/vosgesinfo.fr\/saintdieinfo\/wp-json\/wp\/v2\/posts\/63930","targetHints":{"allow":["GET"]}}],"collection":[{"href":"https:\/\/vosgesinfo.fr\/saintdieinfo\/wp-json\/wp\/v2\/posts"}],"about":[{"href":"https:\/\/vosgesinfo.fr\/saintdieinfo\/wp-json\/wp\/v2\/types\/post"}],"author":[{"embeddable":true,"href":"https:\/\/vosgesinfo.fr\/saintdieinfo\/wp-json\/wp\/v2\/users\/44"}],"replies":[{"embeddable":true,"href":"https:\/\/vosgesinfo.fr\/saintdieinfo\/wp-json\/wp\/v2\/comments?post=63930"}],"version-history":[{"count":0,"href":"https:\/\/vosgesinfo.fr\/saintdieinfo\/wp-json\/wp\/v2\/posts\/63930\/revisions"}],"wp:featuredmedia":[{"embeddable":true,"href":"https:\/\/vosgesinfo.fr\/saintdieinfo\/wp-json\/wp\/v2\/media\/63931"}],"wp:attachment":[{"href":"https:\/\/vosgesinfo.fr\/saintdieinfo\/wp-json\/wp\/v2\/media?parent=63930"}],"wp:term":[{"taxonomy":"category","embeddable":true,"href":"https:\/\/vosgesinfo.fr\/saintdieinfo\/wp-json\/wp\/v2\/categories?post=63930"},{"taxonomy":"post_tag","embeddable":true,"href":"https:\/\/vosgesinfo.fr\/saintdieinfo\/wp-json\/wp\/v2\/tags?post=63930"}],"curies":[{"name":"wp","href":"https:\/\/api.w.org\/{rel}","templated":true}]}}