{"id":63938,"date":"2023-04-07T14:50:26","date_gmt":"2023-04-07T12:50:26","guid":{"rendered":"https:\/\/vosgesinfo.fr\/saintdieinfo\/2023\/04\/lassociation-deodatienne-wouro-allyson-envoie-container-de-materiel-medical-senegal\/"},"modified":"2023-04-07T14:50:26","modified_gmt":"2023-04-07T12:50:26","slug":"lassociation-deodatienne-wouro-allyson-envoie-container-de-materiel-medical-senegal","status":"publish","type":"post","link":"https:\/\/vosgesinfo.fr\/saintdieinfo\/2023\/04\/lassociation-deodatienne-wouro-allyson-envoie-container-de-materiel-medical-senegal\/","title":{"rendered":"L&rsquo;association d\u00e9odatienne Wouro-Allyson envoie un container de mat\u00e9riel m\u00e9dical au S\u00e9n\u00e9gal"},"content":{"rendered":"<div id=\"attachment_199773\" style=\"width: 970px\" class=\"wp-caption aligncenter\"><a href=\"\/2023\/04\/D\u00e9part_Mat\u00e9riel_S\u00e9n\u00e9gal_Wouro_Allyson.jpg\" target=\"_blank\" rel=\"noopener\"><img decoding=\"async\" aria-describedby=\"caption-attachment-199773\" class=\"wp-image-199773 size-large\" src=\"\/2023\/04\/D\u00e9part_Mat\u00e9riel_S\u00e9n\u00e9gal_Wouro_Allyson-1024x641.jpg\" alt=\"D\u00e9part_Mat\u00e9riel_S\u00e9n\u00e9gal_Wouro_Allyson\" width=\"960\" height=\"601\" \/><\/a><p id=\"caption-attachment-199773\" class=\"wp-caption-text\">(Photographie Wouro-Allyson)<\/p><\/div>\n<h2><strong><span style=\"font-size: 14pt;\">L&rsquo;association d\u00e9odatienne Wouro-Allyson, pr\u00e9sid\u00e9e par Demba Sow, a pour objectif de promouvoir des projets de d\u00e9veloppement dans les domaines du handicap, de la sant\u00e9, de la culture et de l&rsquo;\u00e9ducation au S\u00e9n\u00e9gal, plus particuli\u00e8rement \u00e0 Dakar.<\/span><\/strong><\/h2>\n<p><!--more--><\/p>\n<p>Apr\u00e8s l&rsquo;envoi de 2 ambulances m\u00e9dicalis\u00e9es 2017, puis la cr\u00e9ation d&rsquo;un Service d&rsquo;Accompagnement M\u00e9dico-Social pour Adultes Handicap\u00e9s \u2013 SAMSAH \u2013 Wouro-Allyson vient d&rsquo;envoyer un container de 40 pieds rempli de mat\u00e9riel m\u00e9dical divers, notamment des lits et des fauteuils roulants, ainsi que des v\u00eatements. C&rsquo;est ce vendredi apr\u00e8s-midi que le pr\u00e9sident Demba Sow et une dizaine de b\u00e9n\u00e9voles venus lui pr\u00eater main forte ont rempli le container, qui a ensuite pris la direction de l&rsquo;h\u00f4pital de Grand Yoff. Grand Yoff \u00e9tant l&rsquo;une des 19 communes d&rsquo;arrondissement de la ville de Dakar. Le mat\u00e9riel ainsi envoy\u00e9 provient de diff\u00e9rentes donations, du Centre Hospitalier de Saint-Di\u00e9-des-Vosges, de la Maison du XXIe si\u00e8cle, de la pharmacie Bruelle et de particuliers.<\/p>\n<p>Wouro-Allyson souhaite d\u00e9sormais organiser des soir\u00e9es pour r\u00e9colter de l&rsquo;argent afin de financer de futurs projets, tout en \u00e9tant \u00e0 la recherche d&rsquo;un nouveau local de stockage d&rsquo;une surface comprise entre 100 et 200 m\u00b2. Les personnes qui peuvent apporter leur aide \u00e0 l&rsquo;association sont invit\u00e9es \u00e0 contacter Demba Sow, par t\u00e9l\u00e9phone au 06-71-61-18-87, ou via le formulaire de contact sur <a href=\"https:\/\/www.wouro-allyson.org\/\" target=\"_blank\" rel=\"noopener\">https:\/\/www.wouro-allyson.org\/<\/a>.<\/p>\n<p>J.J.<\/p>\n\n","protected":false},"excerpt":{"rendered":"<p>L&rsquo;association d\u00e9odatienne Wouro-Allyson, pr\u00e9sid\u00e9e par Demba Sow, a pour objectif de promouvoir des projets de d\u00e9veloppement dans les domaines du [&hellip;]<\/p>\n","protected":false},"author":44,"featured_media":63939,"comment_status":"open","ping_status":"open","sticky":false,"template":"","format":"standard","meta":{"footnotes":""},"categories":[460,2915,29,17],"tags":[14181,6015,14182],"class_list":["post-63938","post","type-post","status-publish","format-standard","has-post-thumbnail","hentry","category-a-la-une","category-saint-die-son-canton","category-solidarite","category-vie-associative","tag-dakar","tag-senegal","tag-wouro-allyson"],"acf":[],"yoast_head":"<!-- This site is optimized with the Yoast SEO plugin v22.5 - https:\/\/yoast.com\/wordpress\/plugins\/seo\/ -->\n<title>L&#039;association d\u00e9odatienne Wouro-Allyson envoie un container de mat\u00e9riel m\u00e9dical au S\u00e9n\u00e9gal - Saint Die Info<\/title>\n<meta name=\"robots\" content=\"index, follow, max-snippet:-1, max-image-preview:large, max-video-preview:-1\" \/>\n<link rel=\"canonical\" href=\"https:\/\/vosgesinfo.fr\/saintdieinfo\/2023\/04\/lassociation-deodatienne-wouro-allyson-envoie-container-de-materiel-medical-senegal\/\" \/>\n<meta name=\"twitter:card\" content=\"summary_large_image\" \/>\n<meta name=\"twitter:title\" content=\"L&#039;association d\u00e9odatienne Wouro-Allyson envoie un container de mat\u00e9riel m\u00e9dical au S\u00e9n\u00e9gal - Saint Die Info\" \/>\n<meta name=\"twitter:description\" content=\"L&rsquo;association d\u00e9odatienne Wouro-Allyson, pr\u00e9sid\u00e9e par Demba Sow, a pour objectif de promouvoir des projets de d\u00e9veloppement dans les domaines du [&hellip;]\" \/>\n<meta name=\"twitter:image\" content=\"https:\/\/vosgesinfo.fr\/app\/uploads\/sites\/4\/2024\/08\/202304depart-materiel-senegal-wouro-allyson.jpg\" \/>\n<meta name=\"twitter:creator\" content=\"@VosgesInfo88\" \/>\n<meta name=\"twitter:site\" content=\"@VosgesInfo88\" \/>\n<meta name=\"twitter:label1\" content=\"\u00c9crit par\" \/>\n\t<meta name=\"twitter:data1\" content=\"la r\u00e9daction\" \/>\n\t<meta name=\"twitter:label2\" content=\"Dur\u00e9e de lecture estim\u00e9e\" \/>\n\t<meta name=\"twitter:data2\" content=\"1 minute\" \/>\n<script type=\"application\/ld+json\" class=\"yoast-schema-graph\">{\"@context\":\"https:\/\/schema.org\",\"@graph\":[{\"@type\":\"Article\",\"@id\":\"https:\/\/vosgesinfo.fr\/saintdieinfo\/2023\/04\/lassociation-deodatienne-wouro-allyson-envoie-container-de-materiel-medical-senegal\/#article\",\"isPartOf\":{\"@id\":\"https:\/\/vosgesinfo.fr\/saintdieinfo\/2023\/04\/lassociation-deodatienne-wouro-allyson-envoie-container-de-materiel-medical-senegal\/\"},\"author\":{\"name\":\"la r\u00e9daction\",\"@id\":\"https:\/\/vosgesinfo.fr\/saintdieinfo\/#\/schema\/person\/faee6704a21f3977511db84bd1cd450f\"},\"headline\":\"L&rsquo;association d\u00e9odatienne Wouro-Allyson envoie un container de mat\u00e9riel m\u00e9dical au S\u00e9n\u00e9gal\",\"datePublished\":\"2023-04-07T12:50:26+00:00\",\"dateModified\":\"2023-04-07T12:50:26+00:00\",\"mainEntityOfPage\":{\"@id\":\"https:\/\/vosgesinfo.fr\/saintdieinfo\/2023\/04\/lassociation-deodatienne-wouro-allyson-envoie-container-de-materiel-medical-senegal\/\"},\"wordCount\":289,\"commentCount\":0,\"publisher\":{\"@id\":\"https:\/\/vosgesinfo.fr\/saintdieinfo\/#organization\"},\"image\":{\"@id\":\"https:\/\/vosgesinfo.fr\/saintdieinfo\/2023\/04\/lassociation-deodatienne-wouro-allyson-envoie-container-de-materiel-medical-senegal\/#primaryimage\"},\"thumbnailUrl\":\"https:\/\/vosgesinfo.fr\/app\/uploads\/sites\/4\/2024\/08\/202304depart-materiel-senegal-wouro-allyson.jpg\",\"keywords\":[\"Dakar\",\"S\u00e9n\u00e9gal\",\"Wouro-Allyson\"],\"articleSection\":[\"A la Une\",\"Saint-Di\u00e9-des-Vosges et son Agglom\u00e9ration\",\"Solidarit\u00e9\",\"Vie Associative\"],\"inLanguage\":\"fr-FR\",\"potentialAction\":[{\"@type\":\"CommentAction\",\"name\":\"Comment\",\"target\":[\"https:\/\/vosgesinfo.fr\/saintdieinfo\/2023\/04\/lassociation-deodatienne-wouro-allyson-envoie-container-de-materiel-medical-senegal\/#respond\"]}]},{\"@type\":\"WebPage\",\"@id\":\"https:\/\/vosgesinfo.fr\/saintdieinfo\/2023\/04\/lassociation-deodatienne-wouro-allyson-envoie-container-de-materiel-medical-senegal\/\",\"url\":\"https:\/\/vosgesinfo.fr\/saintdieinfo\/2023\/04\/lassociation-deodatienne-wouro-allyson-envoie-container-de-materiel-medical-senegal\/\",\"name\":\"L'association d\u00e9odatienne Wouro-Allyson envoie un container de mat\u00e9riel m\u00e9dical au S\u00e9n\u00e9gal - Saint Die Info\",\"isPartOf\":{\"@id\":\"https:\/\/vosgesinfo.fr\/saintdieinfo\/#website\"},\"primaryImageOfPage\":{\"@id\":\"https:\/\/vosgesinfo.fr\/saintdieinfo\/2023\/04\/lassociation-deodatienne-wouro-allyson-envoie-container-de-materiel-medical-senegal\/#primaryimage\"},\"image\":{\"@id\":\"https:\/\/vosgesinfo.fr\/saintdieinfo\/2023\/04\/lassociation-deodatienne-wouro-allyson-envoie-container-de-materiel-medical-senegal\/#primaryimage\"},\"thumbnailUrl\":\"https:\/\/vosgesinfo.fr\/app\/uploads\/sites\/4\/2024\/08\/202304depart-materiel-senegal-wouro-allyson.jpg\",\"datePublished\":\"2023-04-07T12:50:26+00:00\",\"dateModified\":\"2023-04-07T12:50:26+00:00\",\"breadcrumb\":{\"@id\":\"https:\/\/vosgesinfo.fr\/saintdieinfo\/2023\/04\/lassociation-deodatienne-wouro-allyson-envoie-container-de-materiel-medical-senegal\/#breadcrumb\"},\"inLanguage\":\"fr-FR\",\"potentialAction\":[{\"@type\":\"ReadAction\",\"target\":[\"https:\/\/vosgesinfo.fr\/saintdieinfo\/2023\/04\/lassociation-deodatienne-wouro-allyson-envoie-container-de-materiel-medical-senegal\/\"]}]},{\"@type\":\"ImageObject\",\"inLanguage\":\"fr-FR\",\"@id\":\"https:\/\/vosgesinfo.fr\/saintdieinfo\/2023\/04\/lassociation-deodatienne-wouro-allyson-envoie-container-de-materiel-medical-senegal\/#primaryimage\",\"url\":\"https:\/\/vosgesinfo.fr\/app\/uploads\/sites\/4\/2024\/08\/202304depart-materiel-senegal-wouro-allyson.jpg\",\"contentUrl\":\"https:\/\/vosgesinfo.fr\/app\/uploads\/sites\/4\/2024\/08\/202304depart-materiel-senegal-wouro-allyson.jpg\",\"width\":1512,\"height\":946},{\"@type\":\"BreadcrumbList\",\"@id\":\"https:\/\/vosgesinfo.fr\/saintdieinfo\/2023\/04\/lassociation-deodatienne-wouro-allyson-envoie-container-de-materiel-medical-senegal\/#breadcrumb\",\"itemListElement\":[{\"@type\":\"ListItem\",\"position\":1,\"name\":\"Home\",\"item\":\"https:\/\/vosgesinfo.fr\/saintdieinfo\/\"},{\"@type\":\"ListItem\",\"position\":2,\"name\":\"L&rsquo;association d\u00e9odatienne Wouro-Allyson envoie un container de mat\u00e9riel m\u00e9dical au S\u00e9n\u00e9gal\"}]},{\"@type\":\"WebSite\",\"@id\":\"https:\/\/vosgesinfo.fr\/saintdieinfo\/#website\",\"url\":\"https:\/\/vosgesinfo.fr\/saintdieinfo\/\",\"name\":\"Saint Die Info\",\"description\":\"Toute l&#039;actualit\u00e9 de Saint-Di\u00e9-Des-Vosges\",\"publisher\":{\"@id\":\"https:\/\/vosgesinfo.fr\/saintdieinfo\/#organization\"},\"alternateName\":\"Toute l'actualit\u00e9 de Saint-Di\u00e9-Des-Vosges\",\"potentialAction\":[{\"@type\":\"SearchAction\",\"target\":{\"@type\":\"EntryPoint\",\"urlTemplate\":\"https:\/\/vosgesinfo.fr\/saintdieinfo\/?s={search_term_string}\"},\"query-input\":\"required name=search_term_string\"}],\"inLanguage\":\"fr-FR\"},{\"@type\":\"Organization\",\"@id\":\"https:\/\/vosgesinfo.fr\/saintdieinfo\/#organization\",\"name\":\"Saint Die Info\",\"url\":\"https:\/\/vosgesinfo.fr\/saintdieinfo\/\",\"logo\":{\"@type\":\"ImageObject\",\"inLanguage\":\"fr-FR\",\"@id\":\"https:\/\/vosgesinfo.fr\/saintdieinfo\/#\/schema\/logo\/image\/\",\"url\":\"https:\/\/vosgesinfo.fr\/app\/uploads\/sites\/4\/2024\/02\/logo-sdi.jpg\",\"contentUrl\":\"https:\/\/vosgesinfo.fr\/app\/uploads\/sites\/4\/2024\/02\/logo-sdi.jpg\",\"width\":600,\"height\":600,\"caption\":\"Saint Die Info\"},\"image\":{\"@id\":\"https:\/\/vosgesinfo.fr\/saintdieinfo\/#\/schema\/logo\/image\/\"},\"sameAs\":[\"https:\/\/www.facebook.com\/Saintdieinfofr\",\"https:\/\/x.com\/VosgesInfo88\",\"https:\/\/www.youtube.com\/@vosgesinfo\"]},{\"@type\":\"Person\",\"@id\":\"https:\/\/vosgesinfo.fr\/saintdieinfo\/#\/schema\/person\/faee6704a21f3977511db84bd1cd450f\",\"name\":\"la r\u00e9daction\",\"image\":{\"@type\":\"ImageObject\",\"inLanguage\":\"fr-FR\",\"@id\":\"https:\/\/vosgesinfo.fr\/saintdieinfo\/#\/schema\/person\/image\/\",\"url\":\"https:\/\/secure.gravatar.com\/avatar\/6673d8bc6a9c17fa9a453eaa3448de834fa308c2ec9635b7aa99441a7c8d2cf6?s=96&d=mm&r=g\",\"contentUrl\":\"https:\/\/secure.gravatar.com\/avatar\/6673d8bc6a9c17fa9a453eaa3448de834fa308c2ec9635b7aa99441a7c8d2cf6?s=96&d=mm&r=g\",\"caption\":\"la r\u00e9daction\"},\"url\":\"https:\/\/vosgesinfo.fr\/saintdieinfo\/author\/redac\/\"}]}<\/script>\n<!-- \/ Yoast SEO plugin. -->","yoast_head_json":{"title":"L'association d\u00e9odatienne Wouro-Allyson envoie un container de mat\u00e9riel m\u00e9dical au S\u00e9n\u00e9gal - Saint Die Info","robots":{"index":"index","follow":"follow","max-snippet":"max-snippet:-1","max-image-preview":"max-image-preview:large","max-video-preview":"max-video-preview:-1"},"canonical":"https:\/\/vosgesinfo.fr\/saintdieinfo\/2023\/04\/lassociation-deodatienne-wouro-allyson-envoie-container-de-materiel-medical-senegal\/","twitter_card":"summary_large_image","twitter_title":"L'association d\u00e9odatienne Wouro-Allyson envoie un container de mat\u00e9riel m\u00e9dical au S\u00e9n\u00e9gal - Saint Die Info","twitter_description":"L&rsquo;association d\u00e9odatienne Wouro-Allyson, pr\u00e9sid\u00e9e par Demba Sow, a pour objectif de promouvoir des projets de d\u00e9veloppement dans les domaines du [&hellip;]","twitter_image":"https:\/\/vosgesinfo.fr\/app\/uploads\/sites\/4\/2024\/08\/202304depart-materiel-senegal-wouro-allyson.jpg","twitter_creator":"@VosgesInfo88","twitter_site":"@VosgesInfo88","twitter_misc":{"\u00c9crit par":"la r\u00e9daction","Dur\u00e9e de lecture estim\u00e9e":"1 minute"},"schema":{"@context":"https:\/\/schema.org","@graph":[{"@type":"Article","@id":"https:\/\/vosgesinfo.fr\/saintdieinfo\/2023\/04\/lassociation-deodatienne-wouro-allyson-envoie-container-de-materiel-medical-senegal\/#article","isPartOf":{"@id":"https:\/\/vosgesinfo.fr\/saintdieinfo\/2023\/04\/lassociation-deodatienne-wouro-allyson-envoie-container-de-materiel-medical-senegal\/"},"author":{"name":"la r\u00e9daction","@id":"https:\/\/vosgesinfo.fr\/saintdieinfo\/#\/schema\/person\/faee6704a21f3977511db84bd1cd450f"},"headline":"L&rsquo;association d\u00e9odatienne Wouro-Allyson envoie un container de mat\u00e9riel m\u00e9dical au S\u00e9n\u00e9gal","datePublished":"2023-04-07T12:50:26+00:00","dateModified":"2023-04-07T12:50:26+00:00","mainEntityOfPage":{"@id":"https:\/\/vosgesinfo.fr\/saintdieinfo\/2023\/04\/lassociation-deodatienne-wouro-allyson-envoie-container-de-materiel-medical-senegal\/"},"wordCount":289,"commentCount":0,"publisher":{"@id":"https:\/\/vosgesinfo.fr\/saintdieinfo\/#organization"},"image":{"@id":"https:\/\/vosgesinfo.fr\/saintdieinfo\/2023\/04\/lassociation-deodatienne-wouro-allyson-envoie-container-de-materiel-medical-senegal\/#primaryimage"},"thumbnailUrl":"https:\/\/vosgesinfo.fr\/app\/uploads\/sites\/4\/2024\/08\/202304depart-materiel-senegal-wouro-allyson.jpg","keywords":["Dakar","S\u00e9n\u00e9gal","Wouro-Allyson"],"articleSection":["A la Une","Saint-Di\u00e9-des-Vosges et son Agglom\u00e9ration","Solidarit\u00e9","Vie Associative"],"inLanguage":"fr-FR","potentialAction":[{"@type":"CommentAction","name":"Comment","target":["https:\/\/vosgesinfo.fr\/saintdieinfo\/2023\/04\/lassociation-deodatienne-wouro-allyson-envoie-container-de-materiel-medical-senegal\/#respond"]}]},{"@type":"WebPage","@id":"https:\/\/vosgesinfo.fr\/saintdieinfo\/2023\/04\/lassociation-deodatienne-wouro-allyson-envoie-container-de-materiel-medical-senegal\/","url":"https:\/\/vosgesinfo.fr\/saintdieinfo\/2023\/04\/lassociation-deodatienne-wouro-allyson-envoie-container-de-materiel-medical-senegal\/","name":"L'association d\u00e9odatienne Wouro-Allyson envoie un container de mat\u00e9riel m\u00e9dical au S\u00e9n\u00e9gal - Saint Die Info","isPartOf":{"@id":"https:\/\/vosgesinfo.fr\/saintdieinfo\/#website"},"primaryImageOfPage":{"@id":"https:\/\/vosgesinfo.fr\/saintdieinfo\/2023\/04\/lassociation-deodatienne-wouro-allyson-envoie-container-de-materiel-medical-senegal\/#primaryimage"},"image":{"@id":"https:\/\/vosgesinfo.fr\/saintdieinfo\/2023\/04\/lassociation-deodatienne-wouro-allyson-envoie-container-de-materiel-medical-senegal\/#primaryimage"},"thumbnailUrl":"https:\/\/vosgesinfo.fr\/app\/uploads\/sites\/4\/2024\/08\/202304depart-materiel-senegal-wouro-allyson.jpg","datePublished":"2023-04-07T12:50:26+00:00","dateModified":"2023-04-07T12:50:26+00:00","breadcrumb":{"@id":"https:\/\/vosgesinfo.fr\/saintdieinfo\/2023\/04\/lassociation-deodatienne-wouro-allyson-envoie-container-de-materiel-medical-senegal\/#breadcrumb"},"inLanguage":"fr-FR","potentialAction":[{"@type":"ReadAction","target":["https:\/\/vosgesinfo.fr\/saintdieinfo\/2023\/04\/lassociation-deodatienne-wouro-allyson-envoie-container-de-materiel-medical-senegal\/"]}]},{"@type":"ImageObject","inLanguage":"fr-FR","@id":"https:\/\/vosgesinfo.fr\/saintdieinfo\/2023\/04\/lassociation-deodatienne-wouro-allyson-envoie-container-de-materiel-medical-senegal\/#primaryimage","url":"https:\/\/vosgesinfo.fr\/app\/uploads\/sites\/4\/2024\/08\/202304depart-materiel-senegal-wouro-allyson.jpg","contentUrl":"https:\/\/vosgesinfo.fr\/app\/uploads\/sites\/4\/2024\/08\/202304depart-materiel-senegal-wouro-allyson.jpg","width":1512,"height":946},{"@type":"BreadcrumbList","@id":"https:\/\/vosgesinfo.fr\/saintdieinfo\/2023\/04\/lassociation-deodatienne-wouro-allyson-envoie-container-de-materiel-medical-senegal\/#breadcrumb","itemListElement":[{"@type":"ListItem","position":1,"name":"Home","item":"https:\/\/vosgesinfo.fr\/saintdieinfo\/"},{"@type":"ListItem","position":2,"name":"L&rsquo;association d\u00e9odatienne Wouro-Allyson envoie un container de mat\u00e9riel m\u00e9dical au S\u00e9n\u00e9gal"}]},{"@type":"WebSite","@id":"https:\/\/vosgesinfo.fr\/saintdieinfo\/#website","url":"https:\/\/vosgesinfo.fr\/saintdieinfo\/","name":"Saint Die Info","description":"Toute l&#039;actualit\u00e9 de Saint-Di\u00e9-Des-Vosges","publisher":{"@id":"https:\/\/vosgesinfo.fr\/saintdieinfo\/#organization"},"alternateName":"Toute l'actualit\u00e9 de Saint-Di\u00e9-Des-Vosges","potentialAction":[{"@type":"SearchAction","target":{"@type":"EntryPoint","urlTemplate":"https:\/\/vosgesinfo.fr\/saintdieinfo\/?s={search_term_string}"},"query-input":"required name=search_term_string"}],"inLanguage":"fr-FR"},{"@type":"Organization","@id":"https:\/\/vosgesinfo.fr\/saintdieinfo\/#organization","name":"Saint Die Info","url":"https:\/\/vosgesinfo.fr\/saintdieinfo\/","logo":{"@type":"ImageObject","inLanguage":"fr-FR","@id":"https:\/\/vosgesinfo.fr\/saintdieinfo\/#\/schema\/logo\/image\/","url":"https:\/\/vosgesinfo.fr\/app\/uploads\/sites\/4\/2024\/02\/logo-sdi.jpg","contentUrl":"https:\/\/vosgesinfo.fr\/app\/uploads\/sites\/4\/2024\/02\/logo-sdi.jpg","width":600,"height":600,"caption":"Saint Die Info"},"image":{"@id":"https:\/\/vosgesinfo.fr\/saintdieinfo\/#\/schema\/logo\/image\/"},"sameAs":["https:\/\/www.facebook.com\/Saintdieinfofr","https:\/\/x.com\/VosgesInfo88","https:\/\/www.youtube.com\/@vosgesinfo"]},{"@type":"Person","@id":"https:\/\/vosgesinfo.fr\/saintdieinfo\/#\/schema\/person\/faee6704a21f3977511db84bd1cd450f","name":"la r\u00e9daction","image":{"@type":"ImageObject","inLanguage":"fr-FR","@id":"https:\/\/vosgesinfo.fr\/saintdieinfo\/#\/schema\/person\/image\/","url":"https:\/\/secure.gravatar.com\/avatar\/6673d8bc6a9c17fa9a453eaa3448de834fa308c2ec9635b7aa99441a7c8d2cf6?s=96&d=mm&r=g","contentUrl":"https:\/\/secure.gravatar.com\/avatar\/6673d8bc6a9c17fa9a453eaa3448de834fa308c2ec9635b7aa99441a7c8d2cf6?s=96&d=mm&r=g","caption":"la r\u00e9daction"},"url":"https:\/\/vosgesinfo.fr\/saintdieinfo\/author\/redac\/"}]}},"_links":{"self":[{"href":"https:\/\/vosgesinfo.fr\/saintdieinfo\/wp-json\/wp\/v2\/posts\/63938","targetHints":{"allow":["GET"]}}],"collection":[{"href":"https:\/\/vosgesinfo.fr\/saintdieinfo\/wp-json\/wp\/v2\/posts"}],"about":[{"href":"https:\/\/vosgesinfo.fr\/saintdieinfo\/wp-json\/wp\/v2\/types\/post"}],"author":[{"embeddable":true,"href":"https:\/\/vosgesinfo.fr\/saintdieinfo\/wp-json\/wp\/v2\/users\/44"}],"replies":[{"embeddable":true,"href":"https:\/\/vosgesinfo.fr\/saintdieinfo\/wp-json\/wp\/v2\/comments?post=63938"}],"version-history":[{"count":0,"href":"https:\/\/vosgesinfo.fr\/saintdieinfo\/wp-json\/wp\/v2\/posts\/63938\/revisions"}],"wp:featuredmedia":[{"embeddable":true,"href":"https:\/\/vosgesinfo.fr\/saintdieinfo\/wp-json\/wp\/v2\/media\/63939"}],"wp:attachment":[{"href":"https:\/\/vosgesinfo.fr\/saintdieinfo\/wp-json\/wp\/v2\/media?parent=63938"}],"wp:term":[{"taxonomy":"category","embeddable":true,"href":"https:\/\/vosgesinfo.fr\/saintdieinfo\/wp-json\/wp\/v2\/categories?post=63938"},{"taxonomy":"post_tag","embeddable":true,"href":"https:\/\/vosgesinfo.fr\/saintdieinfo\/wp-json\/wp\/v2\/tags?post=63938"}],"curies":[{"name":"wp","href":"https:\/\/api.w.org\/{rel}","templated":true}]}}