{"id":63940,"date":"2023-04-07T19:37:25","date_gmt":"2023-04-07T17:37:25","guid":{"rendered":"https:\/\/vosgesinfo.fr\/saintdieinfo\/2023\/04\/voyage-helvetique-autour-developpement-durable-lyceens-de-providence\/"},"modified":"2023-04-07T19:37:25","modified_gmt":"2023-04-07T17:37:25","slug":"voyage-helvetique-autour-developpement-durable-lyceens-de-providence","status":"publish","type":"post","link":"https:\/\/vosgesinfo.fr\/saintdieinfo\/2023\/04\/voyage-helvetique-autour-developpement-durable-lyceens-de-providence\/","title":{"rendered":"Voyage helv\u00e9tique autour du d\u00e9veloppement durable pour des lyc\u00e9ens de La Providence"},"content":{"rendered":"<div id=\"attachment_199786\" style=\"width: 970px\" class=\"wp-caption aligncenter\"><a href=\"\/2023\/04\/Voyage_Suisse_D\u00e9veloppement_Durable_Lyc\u00e9e_Providence-2.jpg\" target=\"_blank\" rel=\"noopener\"><img decoding=\"async\" aria-describedby=\"caption-attachment-199786\" class=\"wp-image-199786 size-large\" src=\"\/2023\/04\/Voyage_Suisse_D\u00e9veloppement_Durable_Lyc\u00e9e_Providence-2-1024x768.jpg\" alt=\"Voyage_Suisse_D\u00e9veloppement_Durable_Lyc\u00e9e_Providence (2)\" width=\"960\" height=\"720\" \/><\/a><p id=\"caption-attachment-199786\" class=\"wp-caption-text\">(Photographies lyc\u00e9e Notre Dame de la Providence)<\/p><\/div>\n<h2><strong><span style=\"font-size: 14pt;\">T\u00f4t mardi matin, 30 \u00e9l\u00e8ves de Terminale et de Seconde du lyc\u00e9e Notre-Dame de La Providence de Saint-Di\u00e9-des-Vosges ont pris le d\u00e9part en direction du Jura Suisse. Un voyage de 4 jours en terres helv\u00e9tiques avec comme fil rouge le d\u00e9veloppement durable.<\/span><\/strong><\/h2>\n<p><!--more--><\/p>\n<p>Accompagn\u00e9s des enseignants Dani\u00e8le Schmitt, Davy Chr\u00e9tien, Lydie Huguet ainsi que Virginie Cordonnier, accompagnante des \u00e9l\u00e8ves en situation de handicap, les lyc\u00e9ens ont visit\u00e9 un parc \u00e9olien, un parc solaire, le centre d&rsquo;information Electrobroc, l&rsquo;\u00e9coquartier Bluefactory de Fribourg, le barrage de Maigrouge&#8230; tout en relevant des petits d\u00e9fis tout au long du s\u00e9jour pour esp\u00e9rer remporter une bourse attribu\u00e9e par l&rsquo;agence organisatrice du voyage. Soutenu financi\u00e8rement par Soleil Autisme ainsi que les clubs d\u00e9odatiens du Rotary et du Kiwanis, ce voyage scolaire s&rsquo;inscrit dans le cadre du programme de G\u00e9ographie, dont l&rsquo;un grands axes est la gestion des ressources et le d\u00e9veloppement durable, mais aussi des cours de Pr\u00e9vention Sant\u00e9 Environnement et d&rsquo;Enseignement Moral et Civique.<\/p>\n<p>J.J.<\/p>\n\n","protected":false},"excerpt":{"rendered":"<p>T\u00f4t mardi matin, 30 \u00e9l\u00e8ves de Terminale et de Seconde du lyc\u00e9e Notre-Dame de La Providence de Saint-Di\u00e9-des-Vosges ont pris [&hellip;]<\/p>\n","protected":false},"author":44,"featured_media":63941,"comment_status":"open","ping_status":"open","sticky":false,"template":"","format":"standard","meta":{"footnotes":""},"categories":[460,6,2915],"tags":[792,14183,5079,5945],"class_list":["post-63940","post","type-post","status-publish","format-standard","has-post-thumbnail","hentry","category-a-la-une","category-education","category-saint-die-son-canton","tag-developpement-durable","tag-jura-suisse","tag-notre-dame-de-la-providence","tag-voyage-scolaire"],"acf":[],"yoast_head":"<!-- This site is optimized with the Yoast SEO plugin v22.5 - https:\/\/yoast.com\/wordpress\/plugins\/seo\/ -->\n<title>Voyage helv\u00e9tique autour du d\u00e9veloppement durable pour des lyc\u00e9ens de La Providence - Saint Die Info<\/title>\n<meta name=\"robots\" content=\"index, follow, max-snippet:-1, max-image-preview:large, max-video-preview:-1\" \/>\n<link rel=\"canonical\" href=\"https:\/\/vosgesinfo.fr\/saintdieinfo\/2023\/04\/voyage-helvetique-autour-developpement-durable-lyceens-de-providence\/\" \/>\n<meta name=\"twitter:card\" content=\"summary_large_image\" \/>\n<meta name=\"twitter:title\" content=\"Voyage helv\u00e9tique autour du d\u00e9veloppement durable pour des lyc\u00e9ens de La Providence - Saint Die Info\" \/>\n<meta name=\"twitter:description\" content=\"T\u00f4t mardi matin, 30 \u00e9l\u00e8ves de Terminale et de Seconde du lyc\u00e9e Notre-Dame de La Providence de Saint-Di\u00e9-des-Vosges ont pris [&hellip;]\" \/>\n<meta name=\"twitter:image\" content=\"https:\/\/vosgesinfo.fr\/app\/uploads\/sites\/4\/2024\/08\/202304voyage-suisse-developpement-durable-lycee-providence-2.jpg\" \/>\n<meta name=\"twitter:creator\" content=\"@VosgesInfo88\" \/>\n<meta name=\"twitter:site\" content=\"@VosgesInfo88\" \/>\n<meta name=\"twitter:label1\" content=\"\u00c9crit par\" \/>\n\t<meta name=\"twitter:data1\" content=\"la r\u00e9daction\" \/>\n\t<meta name=\"twitter:label2\" content=\"Dur\u00e9e de lecture estim\u00e9e\" \/>\n\t<meta name=\"twitter:data2\" content=\"1 minute\" \/>\n<script type=\"application\/ld+json\" class=\"yoast-schema-graph\">{\"@context\":\"https:\/\/schema.org\",\"@graph\":[{\"@type\":\"Article\",\"@id\":\"https:\/\/vosgesinfo.fr\/saintdieinfo\/2023\/04\/voyage-helvetique-autour-developpement-durable-lyceens-de-providence\/#article\",\"isPartOf\":{\"@id\":\"https:\/\/vosgesinfo.fr\/saintdieinfo\/2023\/04\/voyage-helvetique-autour-developpement-durable-lyceens-de-providence\/\"},\"author\":{\"name\":\"la r\u00e9daction\",\"@id\":\"https:\/\/vosgesinfo.fr\/saintdieinfo\/#\/schema\/person\/faee6704a21f3977511db84bd1cd450f\"},\"headline\":\"Voyage helv\u00e9tique autour du d\u00e9veloppement durable pour des lyc\u00e9ens de La Providence\",\"datePublished\":\"2023-04-07T17:37:25+00:00\",\"dateModified\":\"2023-04-07T17:37:25+00:00\",\"mainEntityOfPage\":{\"@id\":\"https:\/\/vosgesinfo.fr\/saintdieinfo\/2023\/04\/voyage-helvetique-autour-developpement-durable-lyceens-de-providence\/\"},\"wordCount\":221,\"commentCount\":0,\"publisher\":{\"@id\":\"https:\/\/vosgesinfo.fr\/saintdieinfo\/#organization\"},\"image\":{\"@id\":\"https:\/\/vosgesinfo.fr\/saintdieinfo\/2023\/04\/voyage-helvetique-autour-developpement-durable-lyceens-de-providence\/#primaryimage\"},\"thumbnailUrl\":\"https:\/\/vosgesinfo.fr\/app\/uploads\/sites\/4\/2024\/08\/202304voyage-suisse-developpement-durable-lycee-providence-2.jpg\",\"keywords\":[\"d\u00e9veloppement durable\",\"Jura Suisse\",\"Notre-Dame de la Providence\",\"Voyage scolaire\"],\"articleSection\":[\"A la Une\",\"\u00c9ducation\",\"Saint-Di\u00e9-des-Vosges et son Agglom\u00e9ration\"],\"inLanguage\":\"fr-FR\",\"potentialAction\":[{\"@type\":\"CommentAction\",\"name\":\"Comment\",\"target\":[\"https:\/\/vosgesinfo.fr\/saintdieinfo\/2023\/04\/voyage-helvetique-autour-developpement-durable-lyceens-de-providence\/#respond\"]}]},{\"@type\":\"WebPage\",\"@id\":\"https:\/\/vosgesinfo.fr\/saintdieinfo\/2023\/04\/voyage-helvetique-autour-developpement-durable-lyceens-de-providence\/\",\"url\":\"https:\/\/vosgesinfo.fr\/saintdieinfo\/2023\/04\/voyage-helvetique-autour-developpement-durable-lyceens-de-providence\/\",\"name\":\"Voyage helv\u00e9tique autour du d\u00e9veloppement durable pour des lyc\u00e9ens de La Providence - Saint Die Info\",\"isPartOf\":{\"@id\":\"https:\/\/vosgesinfo.fr\/saintdieinfo\/#website\"},\"primaryImageOfPage\":{\"@id\":\"https:\/\/vosgesinfo.fr\/saintdieinfo\/2023\/04\/voyage-helvetique-autour-developpement-durable-lyceens-de-providence\/#primaryimage\"},\"image\":{\"@id\":\"https:\/\/vosgesinfo.fr\/saintdieinfo\/2023\/04\/voyage-helvetique-autour-developpement-durable-lyceens-de-providence\/#primaryimage\"},\"thumbnailUrl\":\"https:\/\/vosgesinfo.fr\/app\/uploads\/sites\/4\/2024\/08\/202304voyage-suisse-developpement-durable-lycee-providence-2.jpg\",\"datePublished\":\"2023-04-07T17:37:25+00:00\",\"dateModified\":\"2023-04-07T17:37:25+00:00\",\"breadcrumb\":{\"@id\":\"https:\/\/vosgesinfo.fr\/saintdieinfo\/2023\/04\/voyage-helvetique-autour-developpement-durable-lyceens-de-providence\/#breadcrumb\"},\"inLanguage\":\"fr-FR\",\"potentialAction\":[{\"@type\":\"ReadAction\",\"target\":[\"https:\/\/vosgesinfo.fr\/saintdieinfo\/2023\/04\/voyage-helvetique-autour-developpement-durable-lyceens-de-providence\/\"]}]},{\"@type\":\"ImageObject\",\"inLanguage\":\"fr-FR\",\"@id\":\"https:\/\/vosgesinfo.fr\/saintdieinfo\/2023\/04\/voyage-helvetique-autour-developpement-durable-lyceens-de-providence\/#primaryimage\",\"url\":\"https:\/\/vosgesinfo.fr\/app\/uploads\/sites\/4\/2024\/08\/202304voyage-suisse-developpement-durable-lycee-providence-2.jpg\",\"contentUrl\":\"https:\/\/vosgesinfo.fr\/app\/uploads\/sites\/4\/2024\/08\/202304voyage-suisse-developpement-durable-lycee-providence-2.jpg\",\"width\":2048,\"height\":1536},{\"@type\":\"BreadcrumbList\",\"@id\":\"https:\/\/vosgesinfo.fr\/saintdieinfo\/2023\/04\/voyage-helvetique-autour-developpement-durable-lyceens-de-providence\/#breadcrumb\",\"itemListElement\":[{\"@type\":\"ListItem\",\"position\":1,\"name\":\"Home\",\"item\":\"https:\/\/vosgesinfo.fr\/saintdieinfo\/\"},{\"@type\":\"ListItem\",\"position\":2,\"name\":\"Voyage helv\u00e9tique autour du d\u00e9veloppement durable pour des lyc\u00e9ens de La Providence\"}]},{\"@type\":\"WebSite\",\"@id\":\"https:\/\/vosgesinfo.fr\/saintdieinfo\/#website\",\"url\":\"https:\/\/vosgesinfo.fr\/saintdieinfo\/\",\"name\":\"Saint Die Info\",\"description\":\"Toute l&#039;actualit\u00e9 de Saint-Di\u00e9-Des-Vosges\",\"publisher\":{\"@id\":\"https:\/\/vosgesinfo.fr\/saintdieinfo\/#organization\"},\"alternateName\":\"Toute l'actualit\u00e9 de Saint-Di\u00e9-Des-Vosges\",\"potentialAction\":[{\"@type\":\"SearchAction\",\"target\":{\"@type\":\"EntryPoint\",\"urlTemplate\":\"https:\/\/vosgesinfo.fr\/saintdieinfo\/?s={search_term_string}\"},\"query-input\":\"required name=search_term_string\"}],\"inLanguage\":\"fr-FR\"},{\"@type\":\"Organization\",\"@id\":\"https:\/\/vosgesinfo.fr\/saintdieinfo\/#organization\",\"name\":\"Saint Die Info\",\"url\":\"https:\/\/vosgesinfo.fr\/saintdieinfo\/\",\"logo\":{\"@type\":\"ImageObject\",\"inLanguage\":\"fr-FR\",\"@id\":\"https:\/\/vosgesinfo.fr\/saintdieinfo\/#\/schema\/logo\/image\/\",\"url\":\"https:\/\/vosgesinfo.fr\/app\/uploads\/sites\/4\/2024\/02\/logo-sdi.jpg\",\"contentUrl\":\"https:\/\/vosgesinfo.fr\/app\/uploads\/sites\/4\/2024\/02\/logo-sdi.jpg\",\"width\":600,\"height\":600,\"caption\":\"Saint Die Info\"},\"image\":{\"@id\":\"https:\/\/vosgesinfo.fr\/saintdieinfo\/#\/schema\/logo\/image\/\"},\"sameAs\":[\"https:\/\/www.facebook.com\/Saintdieinfofr\",\"https:\/\/x.com\/VosgesInfo88\",\"https:\/\/www.youtube.com\/@vosgesinfo\"]},{\"@type\":\"Person\",\"@id\":\"https:\/\/vosgesinfo.fr\/saintdieinfo\/#\/schema\/person\/faee6704a21f3977511db84bd1cd450f\",\"name\":\"la r\u00e9daction\",\"image\":{\"@type\":\"ImageObject\",\"inLanguage\":\"fr-FR\",\"@id\":\"https:\/\/vosgesinfo.fr\/saintdieinfo\/#\/schema\/person\/image\/\",\"url\":\"https:\/\/secure.gravatar.com\/avatar\/6673d8bc6a9c17fa9a453eaa3448de834fa308c2ec9635b7aa99441a7c8d2cf6?s=96&d=mm&r=g\",\"contentUrl\":\"https:\/\/secure.gravatar.com\/avatar\/6673d8bc6a9c17fa9a453eaa3448de834fa308c2ec9635b7aa99441a7c8d2cf6?s=96&d=mm&r=g\",\"caption\":\"la r\u00e9daction\"},\"url\":\"https:\/\/vosgesinfo.fr\/saintdieinfo\/author\/redac\/\"}]}<\/script>\n<!-- \/ Yoast SEO plugin. -->","yoast_head_json":{"title":"Voyage helv\u00e9tique autour du d\u00e9veloppement durable pour des lyc\u00e9ens de La Providence - Saint Die Info","robots":{"index":"index","follow":"follow","max-snippet":"max-snippet:-1","max-image-preview":"max-image-preview:large","max-video-preview":"max-video-preview:-1"},"canonical":"https:\/\/vosgesinfo.fr\/saintdieinfo\/2023\/04\/voyage-helvetique-autour-developpement-durable-lyceens-de-providence\/","twitter_card":"summary_large_image","twitter_title":"Voyage helv\u00e9tique autour du d\u00e9veloppement durable pour des lyc\u00e9ens de La Providence - Saint Die Info","twitter_description":"T\u00f4t mardi matin, 30 \u00e9l\u00e8ves de Terminale et de Seconde du lyc\u00e9e Notre-Dame de La Providence de Saint-Di\u00e9-des-Vosges ont pris [&hellip;]","twitter_image":"https:\/\/vosgesinfo.fr\/app\/uploads\/sites\/4\/2024\/08\/202304voyage-suisse-developpement-durable-lycee-providence-2.jpg","twitter_creator":"@VosgesInfo88","twitter_site":"@VosgesInfo88","twitter_misc":{"\u00c9crit par":"la r\u00e9daction","Dur\u00e9e de lecture estim\u00e9e":"1 minute"},"schema":{"@context":"https:\/\/schema.org","@graph":[{"@type":"Article","@id":"https:\/\/vosgesinfo.fr\/saintdieinfo\/2023\/04\/voyage-helvetique-autour-developpement-durable-lyceens-de-providence\/#article","isPartOf":{"@id":"https:\/\/vosgesinfo.fr\/saintdieinfo\/2023\/04\/voyage-helvetique-autour-developpement-durable-lyceens-de-providence\/"},"author":{"name":"la r\u00e9daction","@id":"https:\/\/vosgesinfo.fr\/saintdieinfo\/#\/schema\/person\/faee6704a21f3977511db84bd1cd450f"},"headline":"Voyage helv\u00e9tique autour du d\u00e9veloppement durable pour des lyc\u00e9ens de La Providence","datePublished":"2023-04-07T17:37:25+00:00","dateModified":"2023-04-07T17:37:25+00:00","mainEntityOfPage":{"@id":"https:\/\/vosgesinfo.fr\/saintdieinfo\/2023\/04\/voyage-helvetique-autour-developpement-durable-lyceens-de-providence\/"},"wordCount":221,"commentCount":0,"publisher":{"@id":"https:\/\/vosgesinfo.fr\/saintdieinfo\/#organization"},"image":{"@id":"https:\/\/vosgesinfo.fr\/saintdieinfo\/2023\/04\/voyage-helvetique-autour-developpement-durable-lyceens-de-providence\/#primaryimage"},"thumbnailUrl":"https:\/\/vosgesinfo.fr\/app\/uploads\/sites\/4\/2024\/08\/202304voyage-suisse-developpement-durable-lycee-providence-2.jpg","keywords":["d\u00e9veloppement durable","Jura Suisse","Notre-Dame de la Providence","Voyage scolaire"],"articleSection":["A la Une","\u00c9ducation","Saint-Di\u00e9-des-Vosges et son Agglom\u00e9ration"],"inLanguage":"fr-FR","potentialAction":[{"@type":"CommentAction","name":"Comment","target":["https:\/\/vosgesinfo.fr\/saintdieinfo\/2023\/04\/voyage-helvetique-autour-developpement-durable-lyceens-de-providence\/#respond"]}]},{"@type":"WebPage","@id":"https:\/\/vosgesinfo.fr\/saintdieinfo\/2023\/04\/voyage-helvetique-autour-developpement-durable-lyceens-de-providence\/","url":"https:\/\/vosgesinfo.fr\/saintdieinfo\/2023\/04\/voyage-helvetique-autour-developpement-durable-lyceens-de-providence\/","name":"Voyage helv\u00e9tique autour du d\u00e9veloppement durable pour des lyc\u00e9ens de La Providence - Saint Die Info","isPartOf":{"@id":"https:\/\/vosgesinfo.fr\/saintdieinfo\/#website"},"primaryImageOfPage":{"@id":"https:\/\/vosgesinfo.fr\/saintdieinfo\/2023\/04\/voyage-helvetique-autour-developpement-durable-lyceens-de-providence\/#primaryimage"},"image":{"@id":"https:\/\/vosgesinfo.fr\/saintdieinfo\/2023\/04\/voyage-helvetique-autour-developpement-durable-lyceens-de-providence\/#primaryimage"},"thumbnailUrl":"https:\/\/vosgesinfo.fr\/app\/uploads\/sites\/4\/2024\/08\/202304voyage-suisse-developpement-durable-lycee-providence-2.jpg","datePublished":"2023-04-07T17:37:25+00:00","dateModified":"2023-04-07T17:37:25+00:00","breadcrumb":{"@id":"https:\/\/vosgesinfo.fr\/saintdieinfo\/2023\/04\/voyage-helvetique-autour-developpement-durable-lyceens-de-providence\/#breadcrumb"},"inLanguage":"fr-FR","potentialAction":[{"@type":"ReadAction","target":["https:\/\/vosgesinfo.fr\/saintdieinfo\/2023\/04\/voyage-helvetique-autour-developpement-durable-lyceens-de-providence\/"]}]},{"@type":"ImageObject","inLanguage":"fr-FR","@id":"https:\/\/vosgesinfo.fr\/saintdieinfo\/2023\/04\/voyage-helvetique-autour-developpement-durable-lyceens-de-providence\/#primaryimage","url":"https:\/\/vosgesinfo.fr\/app\/uploads\/sites\/4\/2024\/08\/202304voyage-suisse-developpement-durable-lycee-providence-2.jpg","contentUrl":"https:\/\/vosgesinfo.fr\/app\/uploads\/sites\/4\/2024\/08\/202304voyage-suisse-developpement-durable-lycee-providence-2.jpg","width":2048,"height":1536},{"@type":"BreadcrumbList","@id":"https:\/\/vosgesinfo.fr\/saintdieinfo\/2023\/04\/voyage-helvetique-autour-developpement-durable-lyceens-de-providence\/#breadcrumb","itemListElement":[{"@type":"ListItem","position":1,"name":"Home","item":"https:\/\/vosgesinfo.fr\/saintdieinfo\/"},{"@type":"ListItem","position":2,"name":"Voyage helv\u00e9tique autour du d\u00e9veloppement durable pour des lyc\u00e9ens de La Providence"}]},{"@type":"WebSite","@id":"https:\/\/vosgesinfo.fr\/saintdieinfo\/#website","url":"https:\/\/vosgesinfo.fr\/saintdieinfo\/","name":"Saint Die Info","description":"Toute l&#039;actualit\u00e9 de Saint-Di\u00e9-Des-Vosges","publisher":{"@id":"https:\/\/vosgesinfo.fr\/saintdieinfo\/#organization"},"alternateName":"Toute l'actualit\u00e9 de Saint-Di\u00e9-Des-Vosges","potentialAction":[{"@type":"SearchAction","target":{"@type":"EntryPoint","urlTemplate":"https:\/\/vosgesinfo.fr\/saintdieinfo\/?s={search_term_string}"},"query-input":"required name=search_term_string"}],"inLanguage":"fr-FR"},{"@type":"Organization","@id":"https:\/\/vosgesinfo.fr\/saintdieinfo\/#organization","name":"Saint Die Info","url":"https:\/\/vosgesinfo.fr\/saintdieinfo\/","logo":{"@type":"ImageObject","inLanguage":"fr-FR","@id":"https:\/\/vosgesinfo.fr\/saintdieinfo\/#\/schema\/logo\/image\/","url":"https:\/\/vosgesinfo.fr\/app\/uploads\/sites\/4\/2024\/02\/logo-sdi.jpg","contentUrl":"https:\/\/vosgesinfo.fr\/app\/uploads\/sites\/4\/2024\/02\/logo-sdi.jpg","width":600,"height":600,"caption":"Saint Die Info"},"image":{"@id":"https:\/\/vosgesinfo.fr\/saintdieinfo\/#\/schema\/logo\/image\/"},"sameAs":["https:\/\/www.facebook.com\/Saintdieinfofr","https:\/\/x.com\/VosgesInfo88","https:\/\/www.youtube.com\/@vosgesinfo"]},{"@type":"Person","@id":"https:\/\/vosgesinfo.fr\/saintdieinfo\/#\/schema\/person\/faee6704a21f3977511db84bd1cd450f","name":"la r\u00e9daction","image":{"@type":"ImageObject","inLanguage":"fr-FR","@id":"https:\/\/vosgesinfo.fr\/saintdieinfo\/#\/schema\/person\/image\/","url":"https:\/\/secure.gravatar.com\/avatar\/6673d8bc6a9c17fa9a453eaa3448de834fa308c2ec9635b7aa99441a7c8d2cf6?s=96&d=mm&r=g","contentUrl":"https:\/\/secure.gravatar.com\/avatar\/6673d8bc6a9c17fa9a453eaa3448de834fa308c2ec9635b7aa99441a7c8d2cf6?s=96&d=mm&r=g","caption":"la r\u00e9daction"},"url":"https:\/\/vosgesinfo.fr\/saintdieinfo\/author\/redac\/"}]}},"_links":{"self":[{"href":"https:\/\/vosgesinfo.fr\/saintdieinfo\/wp-json\/wp\/v2\/posts\/63940","targetHints":{"allow":["GET"]}}],"collection":[{"href":"https:\/\/vosgesinfo.fr\/saintdieinfo\/wp-json\/wp\/v2\/posts"}],"about":[{"href":"https:\/\/vosgesinfo.fr\/saintdieinfo\/wp-json\/wp\/v2\/types\/post"}],"author":[{"embeddable":true,"href":"https:\/\/vosgesinfo.fr\/saintdieinfo\/wp-json\/wp\/v2\/users\/44"}],"replies":[{"embeddable":true,"href":"https:\/\/vosgesinfo.fr\/saintdieinfo\/wp-json\/wp\/v2\/comments?post=63940"}],"version-history":[{"count":0,"href":"https:\/\/vosgesinfo.fr\/saintdieinfo\/wp-json\/wp\/v2\/posts\/63940\/revisions"}],"wp:featuredmedia":[{"embeddable":true,"href":"https:\/\/vosgesinfo.fr\/saintdieinfo\/wp-json\/wp\/v2\/media\/63941"}],"wp:attachment":[{"href":"https:\/\/vosgesinfo.fr\/saintdieinfo\/wp-json\/wp\/v2\/media?parent=63940"}],"wp:term":[{"taxonomy":"category","embeddable":true,"href":"https:\/\/vosgesinfo.fr\/saintdieinfo\/wp-json\/wp\/v2\/categories?post=63940"},{"taxonomy":"post_tag","embeddable":true,"href":"https:\/\/vosgesinfo.fr\/saintdieinfo\/wp-json\/wp\/v2\/tags?post=63940"}],"curies":[{"name":"wp","href":"https:\/\/api.w.org\/{rel}","templated":true}]}}