{"id":64050,"date":"2023-04-12T11:10:37","date_gmt":"2023-04-12T09:10:37","guid":{"rendered":"https:\/\/vosgesinfo.fr\/saintdieinfo\/2023\/04\/fete-de-librairie-independante-programme-neuf\/"},"modified":"2023-04-12T11:10:37","modified_gmt":"2023-04-12T09:10:37","slug":"fete-de-librairie-independante-programme-neuf","status":"publish","type":"post","link":"https:\/\/vosgesinfo.fr\/saintdieinfo\/2023\/04\/fete-de-librairie-independante-programme-neuf\/","title":{"rendered":"F\u00eate de la Librairie Ind\u00e9pendante\u00a0: le programme du Neuf"},"content":{"rendered":"<p><a href=\"\/2023\/04\/F\u00eate_Librairies_Ind\u00e9pendantes_Le_Neuf-5.png\" target=\"_blank\" rel=\"noopener\"><img decoding=\"async\" class=\"aligncenter wp-image-199964 size-full\" src=\"\/2023\/04\/F\u00eate_Librairies_Ind\u00e9pendantes_Le_Neuf-5.png\" alt=\"F\u00eate_Librairies_Ind\u00e9pendantes_Le_Neuf (5)\" width=\"575\" height=\"813\" \/><\/a><\/p>\n<h2><strong><span style=\"font-size: 14pt;\">Le samedi 15 avril prochain marque la 25e \u00e9dition de la la F\u00eate de la Librairie Ind\u00e9pendante. Une f\u00eate \u00e0 laquelle participe plus de 500 librairies en France, mais aussi en Belgique et en Suisse francophones, parmi lesquelles la Librairie Le Neuf de Saint-Di\u00e9-des-Vosges.<\/span><\/strong><\/h2>\n<p><!--more--><\/p>\n<p>Au programme\u00a0: une rencontre avec la romanci\u00e8re Agn\u00e8s Ledig \u00e0 La Boussole, de 10h30 \u00e0 12h salle Isabelle Autissier (<a href=\"https:\/\/librairie-le-neuf.booksdataservices.fr\/20230406\/729WddJf2MOXXMjDqSUpVzN9XMoXi2xaJ4EDRtxDgtEtQkRhFfCddvy91vo9i0UAbKGpdwodAMVpDwJdbvogiKJ6523Ad112\/rjS7QFc7QrXYHmVbCg8oBbKDonEDE3p5fTqwD9Srhup4Jt4y19JkZ1e2OknJkU2HA98zPPEcL4Kc3qKUKqzAxoU4FrMXoHdppHy5uPY0pZmzxD9WtKwkYYHpTihki31nE6DEHjLWSqF2KbltgjxWmXsweeXKC5RomO5XoxZMFf5YkfK53kJUxe0ptgCcymR7TuQJKdPlI85borsZMksrApmmIxvDNCbnBUQsfQ52nM.ompp\" target=\"_blank\" rel=\"noopener\">r\u00e9server sa place ici<\/a>). Anim\u00e9e par Sabine Lesur, cette rencontre sera suivie d&rsquo;un entretien avec Gilbert Thiel anim\u00e9 par Vianney Huguenot l&rsquo;apr\u00e8s-midi, de 15h \u00e0 16h \u00e0 la Librairie Le Neuf (<a href=\"https:\/\/librairie-le-neuf.booksdataservices.fr\/20230406\/729WddJf2MOXXMjDqSUpVzN9XMoXi2xaJ4EDRtxDgtEtQkRhFfCddvy91vo9i0UAbKGpdwodAMVpDwJdbvogiKJ6523Ad112\/1k1k45GGkDDoueRGlY9kiIhI1n4B8NWYmN4tTkoR4K7NIX9ek5m6PUkK7ZMdi8tD9Dns2jFTPA0m2oYDdPjvzQQKKM53SZ7Y4JKAjR8Hulb0MIPtgFmhwzo1QhqkO1DD4gIG7qaQkC9JWIHmigdOhyRzBBzrnsr6BTlY2GskmrbDWZgvsXrPhwxiJQwC9SB0NfmwFuBctYp1kfu2owPhoiWYuTUqWRPR493vFyFV1XGpRM1d1OssqY5.ompp\" target=\"_blank\" rel=\"noopener\">r\u00e9server sa place ici<\/a>). En parall\u00e8le et \u00e9galement au Neuf, de 15h30 \u00e0 16h30, Chantal G\u00e9rard animera un atelier \u00e0 partir de 4 ans autour de Jordi, la princesse et le dragon, (<a href=\"https:\/\/librairie-le-neuf.booksdataservices.fr\/20230406\/729WddJf2MOXXMjDqSUpVzN9XMoXi2xaJ4EDRtxDgtEtQkRhFfCddvy91vo9i0UAbKGpdwodAMVpDwJdbvogiKJ6523Ad112\/lmV07kNttLAQDel3aPxe0PAxQLHdTYKeOUHSWVFrFQBMFMoKrI6pDjqDj4nZ72Q86dGORxvwyZNjfTgU6NEd91mcDV6qe0XH8xi4fbvDNwaPn0fuhxb8OvUkVQiJgLRFE3xXMnHBCX6aczo9wwXmaVXEwzxt0Q3ummN4UqJ5UCUiemEt9O1FdHyuGYEMFVqTlljRkzxzkteWZ.ompp\" target=\"_blank\" rel=\"noopener\">r\u00e9server sa place ici<\/a>). Et durant tout l&rsquo;apr\u00e8s-midi, de 14h \u00e0 18h, Clair Arthur et Jean-Louis Antoine seront install\u00e9s dans les murs de la librairie d\u00e9odatienne, o\u00f9 ils d\u00e9dicaceront leur ouvrage commun \u00ab\u00a0Puzzle d&rsquo;un ange\u00a0\u00bb.<\/p>\n<h3><strong><span style=\"font-size: 12pt;\">Retrouvez des informations compl\u00e9mentaires sur ces 4 temps forts ci-dessous\u00a0:<\/span><\/strong><\/h3>\n<p><a href=\"\/2023\/04\/F\u00eate_Librairies_Ind\u00e9pendantes_Le_Neuf-3.png\" target=\"_blank\" rel=\"noopener\"><img decoding=\"async\" class=\"aligncenter wp-image-199962 size-full\" src=\"\/2023\/04\/F\u00eate_Librairies_Ind\u00e9pendantes_Le_Neuf-3.png\" alt=\"F\u00eate_Librairies_Ind\u00e9pendantes_Le_Neuf (3)\" width=\"450\" height=\"636\" \/><\/a><a href=\"\/2023\/04\/F\u00eate_Librairies_Ind\u00e9pendantes_Le_Neuf-4.png\" target=\"_blank\" rel=\"noopener\"><img decoding=\"async\" class=\"aligncenter wp-image-199963 size-full\" src=\"\/2023\/04\/F\u00eate_Librairies_Ind\u00e9pendantes_Le_Neuf-4.png\" alt=\"F\u00eate_Librairies_Ind\u00e9pendantes_Le_Neuf (4)\" width=\"450\" height=\"636\" \/><\/a><a href=\"\/2023\/04\/F\u00eate_Librairies_Ind\u00e9pendantes_Le_Neuf-7.png\" target=\"_blank\" rel=\"noopener\"><img decoding=\"async\" class=\"aligncenter wp-image-199967 size-full\" src=\"\/2023\/04\/F\u00eate_Librairies_Ind\u00e9pendantes_Le_Neuf-7.png\" alt=\"F\u00eate_Librairies_Ind\u00e9pendantes_Le_Neuf (7)\" width=\"450\" height=\"636\" \/><\/a><a href=\"\/2023\/04\/F\u00eate_Librairies_Ind\u00e9pendantes_Le_Neuf-6.png\" target=\"_blank\" rel=\"noopener\"><img decoding=\"async\" class=\"aligncenter wp-image-199965 size-full\" src=\"\/2023\/04\/F\u00eate_Librairies_Ind\u00e9pendantes_Le_Neuf-6.png\" alt=\"F\u00eate_Librairies_Ind\u00e9pendantes_Le_Neuf (6)\" width=\"450\" height=\"636\" \/><\/a><\/p>\n<p>J.J.<\/p>\n","protected":false},"excerpt":{"rendered":"<p>Le samedi 15 avril prochain marque la 25e \u00e9dition de la la F\u00eate de la Librairie Ind\u00e9pendante. Une f\u00eate \u00e0 [&hellip;]<\/p>\n","protected":false},"author":44,"featured_media":64051,"comment_status":"open","ping_status":"open","sticky":false,"template":"","format":"standard","meta":{"footnotes":""},"categories":[460,7847,8090,2915],"tags":[14195,5720,14196,1141,14197,1143,3192],"class_list":["post-64050","post","type-post","status-publish","format-standard","has-post-thumbnail","hentry","category-a-la-une","category-art-culture","category-litterature","category-saint-die-son-canton","tag-25e-fete-de-la-librairie-independante","tag-agnes-ledig","tag-chantal-gerard","tag-clair-arthur","tag-gilbert-thiel","tag-jean-louis-antoine","tag-librairie-le-neuf"],"acf":[],"yoast_head":"<!-- This site is optimized with the Yoast SEO plugin v22.5 - https:\/\/yoast.com\/wordpress\/plugins\/seo\/ -->\n<title>F\u00eate de la Librairie Ind\u00e9pendante\u00a0: le programme du Neuf - Saint Die Info<\/title>\n<meta name=\"robots\" content=\"index, follow, max-snippet:-1, max-image-preview:large, max-video-preview:-1\" \/>\n<link rel=\"canonical\" href=\"https:\/\/vosgesinfo.fr\/saintdieinfo\/2023\/04\/fete-de-librairie-independante-programme-neuf\/\" \/>\n<meta name=\"twitter:card\" content=\"summary_large_image\" \/>\n<meta name=\"twitter:title\" content=\"F\u00eate de la Librairie Ind\u00e9pendante\u00a0: le programme du Neuf - Saint Die Info\" \/>\n<meta name=\"twitter:description\" content=\"Le samedi 15 avril prochain marque la 25e \u00e9dition de la la F\u00eate de la Librairie Ind\u00e9pendante. Une f\u00eate \u00e0 [&hellip;]\" \/>\n<meta name=\"twitter:image\" content=\"https:\/\/vosgesinfo.fr\/app\/uploads\/sites\/4\/2024\/08\/202304fete-librairies-independantes-le-neuf-5.png\" \/>\n<meta name=\"twitter:creator\" content=\"@VosgesInfo88\" \/>\n<meta name=\"twitter:site\" content=\"@VosgesInfo88\" \/>\n<meta name=\"twitter:label1\" content=\"\u00c9crit par\" \/>\n\t<meta name=\"twitter:data1\" content=\"la r\u00e9daction\" \/>\n\t<meta name=\"twitter:label2\" content=\"Dur\u00e9e de lecture estim\u00e9e\" \/>\n\t<meta name=\"twitter:data2\" content=\"1 minute\" \/>\n<script type=\"application\/ld+json\" class=\"yoast-schema-graph\">{\"@context\":\"https:\/\/schema.org\",\"@graph\":[{\"@type\":\"Article\",\"@id\":\"https:\/\/vosgesinfo.fr\/saintdieinfo\/2023\/04\/fete-de-librairie-independante-programme-neuf\/#article\",\"isPartOf\":{\"@id\":\"https:\/\/vosgesinfo.fr\/saintdieinfo\/2023\/04\/fete-de-librairie-independante-programme-neuf\/\"},\"author\":{\"name\":\"la r\u00e9daction\",\"@id\":\"https:\/\/vosgesinfo.fr\/saintdieinfo\/#\/schema\/person\/faee6704a21f3977511db84bd1cd450f\"},\"headline\":\"F\u00eate de la Librairie Ind\u00e9pendante\u00a0: le programme du Neuf\",\"datePublished\":\"2023-04-12T09:10:37+00:00\",\"dateModified\":\"2023-04-12T09:10:37+00:00\",\"mainEntityOfPage\":{\"@id\":\"https:\/\/vosgesinfo.fr\/saintdieinfo\/2023\/04\/fete-de-librairie-independante-programme-neuf\/\"},\"wordCount\":194,\"commentCount\":0,\"publisher\":{\"@id\":\"https:\/\/vosgesinfo.fr\/saintdieinfo\/#organization\"},\"image\":{\"@id\":\"https:\/\/vosgesinfo.fr\/saintdieinfo\/2023\/04\/fete-de-librairie-independante-programme-neuf\/#primaryimage\"},\"thumbnailUrl\":\"https:\/\/vosgesinfo.fr\/app\/uploads\/sites\/4\/2024\/08\/202304fete-librairies-independantes-le-neuf-5.png\",\"keywords\":[\"25e F\u00eate de la Librairie Ind\u00e9pendante\",\"Agn\u00e8s Ledig\",\"Chantal G\u00e9rard\",\"Clair Arthur\",\"Gilbert Thiel\",\"Jean-Louis Antoine\",\"Librairie Le Neuf\"],\"articleSection\":[\"A la Une\",\"Culture\",\"Litt\u00e9rature\",\"Saint-Di\u00e9-des-Vosges et son Agglom\u00e9ration\"],\"inLanguage\":\"fr-FR\",\"potentialAction\":[{\"@type\":\"CommentAction\",\"name\":\"Comment\",\"target\":[\"https:\/\/vosgesinfo.fr\/saintdieinfo\/2023\/04\/fete-de-librairie-independante-programme-neuf\/#respond\"]}]},{\"@type\":\"WebPage\",\"@id\":\"https:\/\/vosgesinfo.fr\/saintdieinfo\/2023\/04\/fete-de-librairie-independante-programme-neuf\/\",\"url\":\"https:\/\/vosgesinfo.fr\/saintdieinfo\/2023\/04\/fete-de-librairie-independante-programme-neuf\/\",\"name\":\"F\u00eate de la Librairie Ind\u00e9pendante\u00a0: le programme du Neuf - Saint Die Info\",\"isPartOf\":{\"@id\":\"https:\/\/vosgesinfo.fr\/saintdieinfo\/#website\"},\"primaryImageOfPage\":{\"@id\":\"https:\/\/vosgesinfo.fr\/saintdieinfo\/2023\/04\/fete-de-librairie-independante-programme-neuf\/#primaryimage\"},\"image\":{\"@id\":\"https:\/\/vosgesinfo.fr\/saintdieinfo\/2023\/04\/fete-de-librairie-independante-programme-neuf\/#primaryimage\"},\"thumbnailUrl\":\"https:\/\/vosgesinfo.fr\/app\/uploads\/sites\/4\/2024\/08\/202304fete-librairies-independantes-le-neuf-5.png\",\"datePublished\":\"2023-04-12T09:10:37+00:00\",\"dateModified\":\"2023-04-12T09:10:37+00:00\",\"breadcrumb\":{\"@id\":\"https:\/\/vosgesinfo.fr\/saintdieinfo\/2023\/04\/fete-de-librairie-independante-programme-neuf\/#breadcrumb\"},\"inLanguage\":\"fr-FR\",\"potentialAction\":[{\"@type\":\"ReadAction\",\"target\":[\"https:\/\/vosgesinfo.fr\/saintdieinfo\/2023\/04\/fete-de-librairie-independante-programme-neuf\/\"]}]},{\"@type\":\"ImageObject\",\"inLanguage\":\"fr-FR\",\"@id\":\"https:\/\/vosgesinfo.fr\/saintdieinfo\/2023\/04\/fete-de-librairie-independante-programme-neuf\/#primaryimage\",\"url\":\"https:\/\/vosgesinfo.fr\/app\/uploads\/sites\/4\/2024\/08\/202304fete-librairies-independantes-le-neuf-5.png\",\"contentUrl\":\"https:\/\/vosgesinfo.fr\/app\/uploads\/sites\/4\/2024\/08\/202304fete-librairies-independantes-le-neuf-5.png\",\"width\":575,\"height\":813},{\"@type\":\"BreadcrumbList\",\"@id\":\"https:\/\/vosgesinfo.fr\/saintdieinfo\/2023\/04\/fete-de-librairie-independante-programme-neuf\/#breadcrumb\",\"itemListElement\":[{\"@type\":\"ListItem\",\"position\":1,\"name\":\"Home\",\"item\":\"https:\/\/vosgesinfo.fr\/saintdieinfo\/\"},{\"@type\":\"ListItem\",\"position\":2,\"name\":\"F\u00eate de la Librairie Ind\u00e9pendante\u00a0: le programme du Neuf\"}]},{\"@type\":\"WebSite\",\"@id\":\"https:\/\/vosgesinfo.fr\/saintdieinfo\/#website\",\"url\":\"https:\/\/vosgesinfo.fr\/saintdieinfo\/\",\"name\":\"Saint Die Info\",\"description\":\"Toute l&#039;actualit\u00e9 de Saint-Di\u00e9-Des-Vosges\",\"publisher\":{\"@id\":\"https:\/\/vosgesinfo.fr\/saintdieinfo\/#organization\"},\"alternateName\":\"Toute l'actualit\u00e9 de Saint-Di\u00e9-Des-Vosges\",\"potentialAction\":[{\"@type\":\"SearchAction\",\"target\":{\"@type\":\"EntryPoint\",\"urlTemplate\":\"https:\/\/vosgesinfo.fr\/saintdieinfo\/?s={search_term_string}\"},\"query-input\":\"required name=search_term_string\"}],\"inLanguage\":\"fr-FR\"},{\"@type\":\"Organization\",\"@id\":\"https:\/\/vosgesinfo.fr\/saintdieinfo\/#organization\",\"name\":\"Saint Die Info\",\"url\":\"https:\/\/vosgesinfo.fr\/saintdieinfo\/\",\"logo\":{\"@type\":\"ImageObject\",\"inLanguage\":\"fr-FR\",\"@id\":\"https:\/\/vosgesinfo.fr\/saintdieinfo\/#\/schema\/logo\/image\/\",\"url\":\"https:\/\/vosgesinfo.fr\/app\/uploads\/sites\/4\/2024\/02\/logo-sdi.jpg\",\"contentUrl\":\"https:\/\/vosgesinfo.fr\/app\/uploads\/sites\/4\/2024\/02\/logo-sdi.jpg\",\"width\":600,\"height\":600,\"caption\":\"Saint Die Info\"},\"image\":{\"@id\":\"https:\/\/vosgesinfo.fr\/saintdieinfo\/#\/schema\/logo\/image\/\"},\"sameAs\":[\"https:\/\/www.facebook.com\/Saintdieinfofr\",\"https:\/\/x.com\/VosgesInfo88\",\"https:\/\/www.youtube.com\/@vosgesinfo\"]},{\"@type\":\"Person\",\"@id\":\"https:\/\/vosgesinfo.fr\/saintdieinfo\/#\/schema\/person\/faee6704a21f3977511db84bd1cd450f\",\"name\":\"la r\u00e9daction\",\"image\":{\"@type\":\"ImageObject\",\"inLanguage\":\"fr-FR\",\"@id\":\"https:\/\/vosgesinfo.fr\/saintdieinfo\/#\/schema\/person\/image\/\",\"url\":\"https:\/\/secure.gravatar.com\/avatar\/6673d8bc6a9c17fa9a453eaa3448de834fa308c2ec9635b7aa99441a7c8d2cf6?s=96&d=mm&r=g\",\"contentUrl\":\"https:\/\/secure.gravatar.com\/avatar\/6673d8bc6a9c17fa9a453eaa3448de834fa308c2ec9635b7aa99441a7c8d2cf6?s=96&d=mm&r=g\",\"caption\":\"la r\u00e9daction\"},\"url\":\"https:\/\/vosgesinfo.fr\/saintdieinfo\/author\/redac\/\"}]}<\/script>\n<!-- \/ Yoast SEO plugin. -->","yoast_head_json":{"title":"F\u00eate de la Librairie Ind\u00e9pendante\u00a0: le programme du Neuf - Saint Die Info","robots":{"index":"index","follow":"follow","max-snippet":"max-snippet:-1","max-image-preview":"max-image-preview:large","max-video-preview":"max-video-preview:-1"},"canonical":"https:\/\/vosgesinfo.fr\/saintdieinfo\/2023\/04\/fete-de-librairie-independante-programme-neuf\/","twitter_card":"summary_large_image","twitter_title":"F\u00eate de la Librairie Ind\u00e9pendante\u00a0: le programme du Neuf - Saint Die Info","twitter_description":"Le samedi 15 avril prochain marque la 25e \u00e9dition de la la F\u00eate de la Librairie Ind\u00e9pendante. Une f\u00eate \u00e0 [&hellip;]","twitter_image":"https:\/\/vosgesinfo.fr\/app\/uploads\/sites\/4\/2024\/08\/202304fete-librairies-independantes-le-neuf-5.png","twitter_creator":"@VosgesInfo88","twitter_site":"@VosgesInfo88","twitter_misc":{"\u00c9crit par":"la r\u00e9daction","Dur\u00e9e de lecture estim\u00e9e":"1 minute"},"schema":{"@context":"https:\/\/schema.org","@graph":[{"@type":"Article","@id":"https:\/\/vosgesinfo.fr\/saintdieinfo\/2023\/04\/fete-de-librairie-independante-programme-neuf\/#article","isPartOf":{"@id":"https:\/\/vosgesinfo.fr\/saintdieinfo\/2023\/04\/fete-de-librairie-independante-programme-neuf\/"},"author":{"name":"la r\u00e9daction","@id":"https:\/\/vosgesinfo.fr\/saintdieinfo\/#\/schema\/person\/faee6704a21f3977511db84bd1cd450f"},"headline":"F\u00eate de la Librairie Ind\u00e9pendante\u00a0: le programme du Neuf","datePublished":"2023-04-12T09:10:37+00:00","dateModified":"2023-04-12T09:10:37+00:00","mainEntityOfPage":{"@id":"https:\/\/vosgesinfo.fr\/saintdieinfo\/2023\/04\/fete-de-librairie-independante-programme-neuf\/"},"wordCount":194,"commentCount":0,"publisher":{"@id":"https:\/\/vosgesinfo.fr\/saintdieinfo\/#organization"},"image":{"@id":"https:\/\/vosgesinfo.fr\/saintdieinfo\/2023\/04\/fete-de-librairie-independante-programme-neuf\/#primaryimage"},"thumbnailUrl":"https:\/\/vosgesinfo.fr\/app\/uploads\/sites\/4\/2024\/08\/202304fete-librairies-independantes-le-neuf-5.png","keywords":["25e F\u00eate de la Librairie Ind\u00e9pendante","Agn\u00e8s Ledig","Chantal G\u00e9rard","Clair Arthur","Gilbert Thiel","Jean-Louis Antoine","Librairie Le Neuf"],"articleSection":["A la Une","Culture","Litt\u00e9rature","Saint-Di\u00e9-des-Vosges et son Agglom\u00e9ration"],"inLanguage":"fr-FR","potentialAction":[{"@type":"CommentAction","name":"Comment","target":["https:\/\/vosgesinfo.fr\/saintdieinfo\/2023\/04\/fete-de-librairie-independante-programme-neuf\/#respond"]}]},{"@type":"WebPage","@id":"https:\/\/vosgesinfo.fr\/saintdieinfo\/2023\/04\/fete-de-librairie-independante-programme-neuf\/","url":"https:\/\/vosgesinfo.fr\/saintdieinfo\/2023\/04\/fete-de-librairie-independante-programme-neuf\/","name":"F\u00eate de la Librairie Ind\u00e9pendante\u00a0: le programme du Neuf - Saint Die Info","isPartOf":{"@id":"https:\/\/vosgesinfo.fr\/saintdieinfo\/#website"},"primaryImageOfPage":{"@id":"https:\/\/vosgesinfo.fr\/saintdieinfo\/2023\/04\/fete-de-librairie-independante-programme-neuf\/#primaryimage"},"image":{"@id":"https:\/\/vosgesinfo.fr\/saintdieinfo\/2023\/04\/fete-de-librairie-independante-programme-neuf\/#primaryimage"},"thumbnailUrl":"https:\/\/vosgesinfo.fr\/app\/uploads\/sites\/4\/2024\/08\/202304fete-librairies-independantes-le-neuf-5.png","datePublished":"2023-04-12T09:10:37+00:00","dateModified":"2023-04-12T09:10:37+00:00","breadcrumb":{"@id":"https:\/\/vosgesinfo.fr\/saintdieinfo\/2023\/04\/fete-de-librairie-independante-programme-neuf\/#breadcrumb"},"inLanguage":"fr-FR","potentialAction":[{"@type":"ReadAction","target":["https:\/\/vosgesinfo.fr\/saintdieinfo\/2023\/04\/fete-de-librairie-independante-programme-neuf\/"]}]},{"@type":"ImageObject","inLanguage":"fr-FR","@id":"https:\/\/vosgesinfo.fr\/saintdieinfo\/2023\/04\/fete-de-librairie-independante-programme-neuf\/#primaryimage","url":"https:\/\/vosgesinfo.fr\/app\/uploads\/sites\/4\/2024\/08\/202304fete-librairies-independantes-le-neuf-5.png","contentUrl":"https:\/\/vosgesinfo.fr\/app\/uploads\/sites\/4\/2024\/08\/202304fete-librairies-independantes-le-neuf-5.png","width":575,"height":813},{"@type":"BreadcrumbList","@id":"https:\/\/vosgesinfo.fr\/saintdieinfo\/2023\/04\/fete-de-librairie-independante-programme-neuf\/#breadcrumb","itemListElement":[{"@type":"ListItem","position":1,"name":"Home","item":"https:\/\/vosgesinfo.fr\/saintdieinfo\/"},{"@type":"ListItem","position":2,"name":"F\u00eate de la Librairie Ind\u00e9pendante\u00a0: le programme du Neuf"}]},{"@type":"WebSite","@id":"https:\/\/vosgesinfo.fr\/saintdieinfo\/#website","url":"https:\/\/vosgesinfo.fr\/saintdieinfo\/","name":"Saint Die Info","description":"Toute l&#039;actualit\u00e9 de Saint-Di\u00e9-Des-Vosges","publisher":{"@id":"https:\/\/vosgesinfo.fr\/saintdieinfo\/#organization"},"alternateName":"Toute l'actualit\u00e9 de Saint-Di\u00e9-Des-Vosges","potentialAction":[{"@type":"SearchAction","target":{"@type":"EntryPoint","urlTemplate":"https:\/\/vosgesinfo.fr\/saintdieinfo\/?s={search_term_string}"},"query-input":"required name=search_term_string"}],"inLanguage":"fr-FR"},{"@type":"Organization","@id":"https:\/\/vosgesinfo.fr\/saintdieinfo\/#organization","name":"Saint Die Info","url":"https:\/\/vosgesinfo.fr\/saintdieinfo\/","logo":{"@type":"ImageObject","inLanguage":"fr-FR","@id":"https:\/\/vosgesinfo.fr\/saintdieinfo\/#\/schema\/logo\/image\/","url":"https:\/\/vosgesinfo.fr\/app\/uploads\/sites\/4\/2024\/02\/logo-sdi.jpg","contentUrl":"https:\/\/vosgesinfo.fr\/app\/uploads\/sites\/4\/2024\/02\/logo-sdi.jpg","width":600,"height":600,"caption":"Saint Die Info"},"image":{"@id":"https:\/\/vosgesinfo.fr\/saintdieinfo\/#\/schema\/logo\/image\/"},"sameAs":["https:\/\/www.facebook.com\/Saintdieinfofr","https:\/\/x.com\/VosgesInfo88","https:\/\/www.youtube.com\/@vosgesinfo"]},{"@type":"Person","@id":"https:\/\/vosgesinfo.fr\/saintdieinfo\/#\/schema\/person\/faee6704a21f3977511db84bd1cd450f","name":"la r\u00e9daction","image":{"@type":"ImageObject","inLanguage":"fr-FR","@id":"https:\/\/vosgesinfo.fr\/saintdieinfo\/#\/schema\/person\/image\/","url":"https:\/\/secure.gravatar.com\/avatar\/6673d8bc6a9c17fa9a453eaa3448de834fa308c2ec9635b7aa99441a7c8d2cf6?s=96&d=mm&r=g","contentUrl":"https:\/\/secure.gravatar.com\/avatar\/6673d8bc6a9c17fa9a453eaa3448de834fa308c2ec9635b7aa99441a7c8d2cf6?s=96&d=mm&r=g","caption":"la r\u00e9daction"},"url":"https:\/\/vosgesinfo.fr\/saintdieinfo\/author\/redac\/"}]}},"_links":{"self":[{"href":"https:\/\/vosgesinfo.fr\/saintdieinfo\/wp-json\/wp\/v2\/posts\/64050","targetHints":{"allow":["GET"]}}],"collection":[{"href":"https:\/\/vosgesinfo.fr\/saintdieinfo\/wp-json\/wp\/v2\/posts"}],"about":[{"href":"https:\/\/vosgesinfo.fr\/saintdieinfo\/wp-json\/wp\/v2\/types\/post"}],"author":[{"embeddable":true,"href":"https:\/\/vosgesinfo.fr\/saintdieinfo\/wp-json\/wp\/v2\/users\/44"}],"replies":[{"embeddable":true,"href":"https:\/\/vosgesinfo.fr\/saintdieinfo\/wp-json\/wp\/v2\/comments?post=64050"}],"version-history":[{"count":0,"href":"https:\/\/vosgesinfo.fr\/saintdieinfo\/wp-json\/wp\/v2\/posts\/64050\/revisions"}],"wp:featuredmedia":[{"embeddable":true,"href":"https:\/\/vosgesinfo.fr\/saintdieinfo\/wp-json\/wp\/v2\/media\/64051"}],"wp:attachment":[{"href":"https:\/\/vosgesinfo.fr\/saintdieinfo\/wp-json\/wp\/v2\/media?parent=64050"}],"wp:term":[{"taxonomy":"category","embeddable":true,"href":"https:\/\/vosgesinfo.fr\/saintdieinfo\/wp-json\/wp\/v2\/categories?post=64050"},{"taxonomy":"post_tag","embeddable":true,"href":"https:\/\/vosgesinfo.fr\/saintdieinfo\/wp-json\/wp\/v2\/tags?post=64050"}],"curies":[{"name":"wp","href":"https:\/\/api.w.org\/{rel}","templated":true}]}}