{"id":64063,"date":"2023-04-13T10:25:06","date_gmt":"2023-04-13T08:25:06","guid":{"rendered":"https:\/\/vosgesinfo.fr\/saintdieinfo\/2023\/04\/rue-maurice-jeandon-change-de-sens-de-circulation-a-compter-1er-mai\/"},"modified":"2023-04-13T10:25:06","modified_gmt":"2023-04-13T08:25:06","slug":"rue-maurice-jeandon-change-de-sens-de-circulation-a-compter-1er-mai","status":"publish","type":"post","link":"https:\/\/vosgesinfo.fr\/saintdieinfo\/2023\/04\/rue-maurice-jeandon-change-de-sens-de-circulation-a-compter-1er-mai\/","title":{"rendered":"La rue Maurice-Jeandon change de sens de circulation \u00e0 compter du 1er mai"},"content":{"rendered":"<p><a href=\"\/2023\/04\/R\u00e9union_Concertation_Sens_Circulation_Rue_Maurice-Jeandon-5.jpg\" target=\"_blank\" rel=\"noopener\"><img decoding=\"async\" class=\"aligncenter wp-image-199991 size-large\" src=\"\/2023\/04\/R\u00e9union_Concertation_Sens_Circulation_Rue_Maurice-Jeandon-5-1024x771.jpg\" alt=\"R\u00e9union_Concertation_Sens_Circulation_Rue_Maurice-Jeandon (5)\" width=\"960\" height=\"723\" \/><\/a><\/p>\n<h2><strong><span style=\"font-size: 14pt;\">Une r\u00e9union de concertation publique \u00e9tait organis\u00e9e ce mercredi soir par la Municipalit\u00e9, au sujet du sens de circulation de la rue Maurice-Jeandon, \u00e0 laquelle une seule personne a assist\u00e9.<\/span><\/strong><\/h2>\n<p><!--more--><\/p>\n<p>Longeant l&rsquo;Espace Georges-Sadoul et permettant actuellement de relier le quai Sadi-Carnot aux rues de la Prairie et de la Croix, la rue Maurice-Jeandon est pass\u00e9e \u00e0 sens unique apr\u00e8s des travaux r\u00e9alis\u00e9s en 2020. Cette courte rue, o\u00f9 une piste cyclable a double sens a \u00e9t\u00e9 am\u00e9nag\u00e9e lors de ces travaux, va changer de sens de circulation \u00e0 compter du 1er mai prochain, dans le cadre d&rsquo;une exp\u00e9rimentation qui sera men\u00e9e jusqu&rsquo;\u00e0 la fin du mois d&rsquo;ao\u00fbt. Ce qu&rsquo;a annonc\u00e9 le premier adjoint Jean-Marie Vonderscher lors de la r\u00e9union de hier soir.<\/p>\n<p><a href=\"\/2023\/04\/R\u00e9union_Concertation_Sens_Circulation_Rue_Maurice-Jeandon-1.jpg\" target=\"_blank\" rel=\"noopener\"><img decoding=\"async\" class=\"aligncenter wp-image-199985 size-large\" src=\"\/2023\/04\/R\u00e9union_Concertation_Sens_Circulation_Rue_Maurice-Jeandon-1-1024x771.jpg\" alt=\"R\u00e9union_Concertation_Sens_Circulation_Rue_Maurice-Jeandon (1)\" width=\"960\" height=\"723\" \/><\/a><\/p>\n<p>\u00ab\u00a0Une personne a propos\u00e9 un projet pour le prochain budget participatif afin d&rsquo;inverser le sens de la rue. Nous nous sommes rendus compte que dans ce sens de circulation, il y a des difficult\u00e9s pour faire d\u00e9boucher la circulation sur le centre-ville. Nous avons donc souhait\u00e9 mettre en place cette exp\u00e9rimentation. Car comme pour les abords de la Cit\u00e9 Scolaire Jules-Ferry, on ne veut rien d\u00e9cider \u00e0 l&#8217;emporte-pi\u00e8ce. On a la volont\u00e9 d&rsquo;\u00e9tudier comment cela se passe, de se donner le temps et d&rsquo;\u00e9couter les retours. Nous ferons d&rsquo;ailleurs un point global avec les habitants au moment de la rentr\u00e9e. Donc le changement de sens de circulation de la rue Maurice-Jeandon n&rsquo;est pour l&rsquo;instant pas d\u00e9finitif\u00a0\u00bb pr\u00e9cise Jean-Marie Vonderscher. La signalisation sera prochainement modifi\u00e9e, avec notamment l&rsquo;installation de panneaux provisoires de sens interdit comme c&rsquo;\u00e9tait d\u00e9j\u00e0 le cas pour la rue des Jardins.<\/p>\n<p>J.J.<\/p>\n<p><a href=\"\/2023\/04\/R\u00e9union_Concertation_Sens_Circulation_Rue_Maurice-Jeandon-2.jpg\" target=\"_blank\" rel=\"noopener\"><img decoding=\"async\" class=\"aligncenter wp-image-199986 size-large\" src=\"\/2023\/04\/R\u00e9union_Concertation_Sens_Circulation_Rue_Maurice-Jeandon-2-1024x771.jpg\" alt=\"R\u00e9union_Concertation_Sens_Circulation_Rue_Maurice-Jeandon (2)\" width=\"960\" height=\"723\" \/><\/a><a href=\"\/2023\/04\/R\u00e9union_Concertation_Sens_Circulation_Rue_Maurice-Jeandon-3.jpg\" target=\"_blank\" rel=\"noopener\"><img decoding=\"async\" class=\"aligncenter wp-image-199987 size-large\" src=\"\/2023\/04\/R\u00e9union_Concertation_Sens_Circulation_Rue_Maurice-Jeandon-3-1024x771.jpg\" alt=\"R\u00e9union_Concertation_Sens_Circulation_Rue_Maurice-Jeandon (3)\" width=\"960\" height=\"723\" \/><\/a><\/p>\n","protected":false},"excerpt":{"rendered":"<p>Une r\u00e9union de concertation publique \u00e9tait organis\u00e9e ce mercredi soir par la Municipalit\u00e9, au sujet du sens de circulation de [&hellip;]<\/p>\n","protected":false},"author":44,"featured_media":64064,"comment_status":"open","ping_status":"open","sticky":false,"template":"","format":"standard","meta":{"footnotes":""},"categories":[460,2915],"tags":[923,14201,14202],"class_list":["post-64063","post","type-post","status-publish","format-standard","has-post-thumbnail","hentry","category-a-la-une","category-saint-die-son-canton","tag-budget-participatif","tag-changement-du-sens-de-circulation-de-la-rue-maurice-jeandon","tag-rue-maurice-jeandon"],"acf":[],"yoast_head":"<!-- This site is optimized with the Yoast SEO plugin v22.5 - https:\/\/yoast.com\/wordpress\/plugins\/seo\/ -->\n<title>La rue Maurice-Jeandon change de sens de circulation \u00e0 compter du 1er mai - Saint Die Info<\/title>\n<meta name=\"robots\" content=\"index, follow, max-snippet:-1, max-image-preview:large, max-video-preview:-1\" \/>\n<link rel=\"canonical\" href=\"https:\/\/vosgesinfo.fr\/saintdieinfo\/2023\/04\/rue-maurice-jeandon-change-de-sens-de-circulation-a-compter-1er-mai\/\" \/>\n<meta name=\"twitter:card\" content=\"summary_large_image\" \/>\n<meta name=\"twitter:title\" content=\"La rue Maurice-Jeandon change de sens de circulation \u00e0 compter du 1er mai - Saint Die Info\" \/>\n<meta name=\"twitter:description\" content=\"Une r\u00e9union de concertation publique \u00e9tait organis\u00e9e ce mercredi soir par la Municipalit\u00e9, au sujet du sens de circulation de [&hellip;]\" \/>\n<meta name=\"twitter:image\" content=\"https:\/\/vosgesinfo.fr\/app\/uploads\/sites\/4\/2024\/08\/202304reunion-concertation-sens-circulation-rue-maurice-jeandon-5.jpg\" \/>\n<meta name=\"twitter:creator\" content=\"@VosgesInfo88\" \/>\n<meta name=\"twitter:site\" content=\"@VosgesInfo88\" \/>\n<meta name=\"twitter:label1\" content=\"\u00c9crit par\" \/>\n\t<meta name=\"twitter:data1\" content=\"la r\u00e9daction\" \/>\n\t<meta name=\"twitter:label2\" content=\"Dur\u00e9e de lecture estim\u00e9e\" \/>\n\t<meta name=\"twitter:data2\" content=\"1 minute\" \/>\n<script type=\"application\/ld+json\" class=\"yoast-schema-graph\">{\"@context\":\"https:\/\/schema.org\",\"@graph\":[{\"@type\":\"Article\",\"@id\":\"https:\/\/vosgesinfo.fr\/saintdieinfo\/2023\/04\/rue-maurice-jeandon-change-de-sens-de-circulation-a-compter-1er-mai\/#article\",\"isPartOf\":{\"@id\":\"https:\/\/vosgesinfo.fr\/saintdieinfo\/2023\/04\/rue-maurice-jeandon-change-de-sens-de-circulation-a-compter-1er-mai\/\"},\"author\":{\"name\":\"la r\u00e9daction\",\"@id\":\"https:\/\/vosgesinfo.fr\/saintdieinfo\/#\/schema\/person\/faee6704a21f3977511db84bd1cd450f\"},\"headline\":\"La rue Maurice-Jeandon change de sens de circulation \u00e0 compter du 1er mai\",\"datePublished\":\"2023-04-13T08:25:06+00:00\",\"dateModified\":\"2023-04-13T08:25:06+00:00\",\"mainEntityOfPage\":{\"@id\":\"https:\/\/vosgesinfo.fr\/saintdieinfo\/2023\/04\/rue-maurice-jeandon-change-de-sens-de-circulation-a-compter-1er-mai\/\"},\"wordCount\":309,\"commentCount\":0,\"publisher\":{\"@id\":\"https:\/\/vosgesinfo.fr\/saintdieinfo\/#organization\"},\"image\":{\"@id\":\"https:\/\/vosgesinfo.fr\/saintdieinfo\/2023\/04\/rue-maurice-jeandon-change-de-sens-de-circulation-a-compter-1er-mai\/#primaryimage\"},\"thumbnailUrl\":\"https:\/\/vosgesinfo.fr\/app\/uploads\/sites\/4\/2024\/08\/202304reunion-concertation-sens-circulation-rue-maurice-jeandon-5.jpg\",\"keywords\":[\"budget participatif\",\"Changement du sens de circulation de la rue Maurice-Jeandon\",\"Rue Maurice-Jeandon\"],\"articleSection\":[\"A la Une\",\"Saint-Di\u00e9-des-Vosges et son Agglom\u00e9ration\"],\"inLanguage\":\"fr-FR\",\"potentialAction\":[{\"@type\":\"CommentAction\",\"name\":\"Comment\",\"target\":[\"https:\/\/vosgesinfo.fr\/saintdieinfo\/2023\/04\/rue-maurice-jeandon-change-de-sens-de-circulation-a-compter-1er-mai\/#respond\"]}]},{\"@type\":\"WebPage\",\"@id\":\"https:\/\/vosgesinfo.fr\/saintdieinfo\/2023\/04\/rue-maurice-jeandon-change-de-sens-de-circulation-a-compter-1er-mai\/\",\"url\":\"https:\/\/vosgesinfo.fr\/saintdieinfo\/2023\/04\/rue-maurice-jeandon-change-de-sens-de-circulation-a-compter-1er-mai\/\",\"name\":\"La rue Maurice-Jeandon change de sens de circulation \u00e0 compter du 1er mai - Saint Die Info\",\"isPartOf\":{\"@id\":\"https:\/\/vosgesinfo.fr\/saintdieinfo\/#website\"},\"primaryImageOfPage\":{\"@id\":\"https:\/\/vosgesinfo.fr\/saintdieinfo\/2023\/04\/rue-maurice-jeandon-change-de-sens-de-circulation-a-compter-1er-mai\/#primaryimage\"},\"image\":{\"@id\":\"https:\/\/vosgesinfo.fr\/saintdieinfo\/2023\/04\/rue-maurice-jeandon-change-de-sens-de-circulation-a-compter-1er-mai\/#primaryimage\"},\"thumbnailUrl\":\"https:\/\/vosgesinfo.fr\/app\/uploads\/sites\/4\/2024\/08\/202304reunion-concertation-sens-circulation-rue-maurice-jeandon-5.jpg\",\"datePublished\":\"2023-04-13T08:25:06+00:00\",\"dateModified\":\"2023-04-13T08:25:06+00:00\",\"breadcrumb\":{\"@id\":\"https:\/\/vosgesinfo.fr\/saintdieinfo\/2023\/04\/rue-maurice-jeandon-change-de-sens-de-circulation-a-compter-1er-mai\/#breadcrumb\"},\"inLanguage\":\"fr-FR\",\"potentialAction\":[{\"@type\":\"ReadAction\",\"target\":[\"https:\/\/vosgesinfo.fr\/saintdieinfo\/2023\/04\/rue-maurice-jeandon-change-de-sens-de-circulation-a-compter-1er-mai\/\"]}]},{\"@type\":\"ImageObject\",\"inLanguage\":\"fr-FR\",\"@id\":\"https:\/\/vosgesinfo.fr\/saintdieinfo\/2023\/04\/rue-maurice-jeandon-change-de-sens-de-circulation-a-compter-1er-mai\/#primaryimage\",\"url\":\"https:\/\/vosgesinfo.fr\/app\/uploads\/sites\/4\/2024\/08\/202304reunion-concertation-sens-circulation-rue-maurice-jeandon-5.jpg\",\"contentUrl\":\"https:\/\/vosgesinfo.fr\/app\/uploads\/sites\/4\/2024\/08\/202304reunion-concertation-sens-circulation-rue-maurice-jeandon-5.jpg\",\"width\":1600,\"height\":1205},{\"@type\":\"BreadcrumbList\",\"@id\":\"https:\/\/vosgesinfo.fr\/saintdieinfo\/2023\/04\/rue-maurice-jeandon-change-de-sens-de-circulation-a-compter-1er-mai\/#breadcrumb\",\"itemListElement\":[{\"@type\":\"ListItem\",\"position\":1,\"name\":\"Home\",\"item\":\"https:\/\/vosgesinfo.fr\/saintdieinfo\/\"},{\"@type\":\"ListItem\",\"position\":2,\"name\":\"La rue Maurice-Jeandon change de sens de circulation \u00e0 compter du 1er mai\"}]},{\"@type\":\"WebSite\",\"@id\":\"https:\/\/vosgesinfo.fr\/saintdieinfo\/#website\",\"url\":\"https:\/\/vosgesinfo.fr\/saintdieinfo\/\",\"name\":\"Saint Die Info\",\"description\":\"Toute l&#039;actualit\u00e9 de Saint-Di\u00e9-Des-Vosges\",\"publisher\":{\"@id\":\"https:\/\/vosgesinfo.fr\/saintdieinfo\/#organization\"},\"alternateName\":\"Toute l'actualit\u00e9 de Saint-Di\u00e9-Des-Vosges\",\"potentialAction\":[{\"@type\":\"SearchAction\",\"target\":{\"@type\":\"EntryPoint\",\"urlTemplate\":\"https:\/\/vosgesinfo.fr\/saintdieinfo\/?s={search_term_string}\"},\"query-input\":\"required name=search_term_string\"}],\"inLanguage\":\"fr-FR\"},{\"@type\":\"Organization\",\"@id\":\"https:\/\/vosgesinfo.fr\/saintdieinfo\/#organization\",\"name\":\"Saint Die Info\",\"url\":\"https:\/\/vosgesinfo.fr\/saintdieinfo\/\",\"logo\":{\"@type\":\"ImageObject\",\"inLanguage\":\"fr-FR\",\"@id\":\"https:\/\/vosgesinfo.fr\/saintdieinfo\/#\/schema\/logo\/image\/\",\"url\":\"https:\/\/vosgesinfo.fr\/app\/uploads\/sites\/4\/2024\/02\/logo-sdi.jpg\",\"contentUrl\":\"https:\/\/vosgesinfo.fr\/app\/uploads\/sites\/4\/2024\/02\/logo-sdi.jpg\",\"width\":600,\"height\":600,\"caption\":\"Saint Die Info\"},\"image\":{\"@id\":\"https:\/\/vosgesinfo.fr\/saintdieinfo\/#\/schema\/logo\/image\/\"},\"sameAs\":[\"https:\/\/www.facebook.com\/Saintdieinfofr\",\"https:\/\/x.com\/VosgesInfo88\",\"https:\/\/www.youtube.com\/@vosgesinfo\"]},{\"@type\":\"Person\",\"@id\":\"https:\/\/vosgesinfo.fr\/saintdieinfo\/#\/schema\/person\/faee6704a21f3977511db84bd1cd450f\",\"name\":\"la r\u00e9daction\",\"image\":{\"@type\":\"ImageObject\",\"inLanguage\":\"fr-FR\",\"@id\":\"https:\/\/vosgesinfo.fr\/saintdieinfo\/#\/schema\/person\/image\/\",\"url\":\"https:\/\/secure.gravatar.com\/avatar\/6673d8bc6a9c17fa9a453eaa3448de834fa308c2ec9635b7aa99441a7c8d2cf6?s=96&d=mm&r=g\",\"contentUrl\":\"https:\/\/secure.gravatar.com\/avatar\/6673d8bc6a9c17fa9a453eaa3448de834fa308c2ec9635b7aa99441a7c8d2cf6?s=96&d=mm&r=g\",\"caption\":\"la r\u00e9daction\"},\"url\":\"https:\/\/vosgesinfo.fr\/saintdieinfo\/author\/redac\/\"}]}<\/script>\n<!-- \/ Yoast SEO plugin. -->","yoast_head_json":{"title":"La rue Maurice-Jeandon change de sens de circulation \u00e0 compter du 1er mai - Saint Die Info","robots":{"index":"index","follow":"follow","max-snippet":"max-snippet:-1","max-image-preview":"max-image-preview:large","max-video-preview":"max-video-preview:-1"},"canonical":"https:\/\/vosgesinfo.fr\/saintdieinfo\/2023\/04\/rue-maurice-jeandon-change-de-sens-de-circulation-a-compter-1er-mai\/","twitter_card":"summary_large_image","twitter_title":"La rue Maurice-Jeandon change de sens de circulation \u00e0 compter du 1er mai - Saint Die Info","twitter_description":"Une r\u00e9union de concertation publique \u00e9tait organis\u00e9e ce mercredi soir par la Municipalit\u00e9, au sujet du sens de circulation de [&hellip;]","twitter_image":"https:\/\/vosgesinfo.fr\/app\/uploads\/sites\/4\/2024\/08\/202304reunion-concertation-sens-circulation-rue-maurice-jeandon-5.jpg","twitter_creator":"@VosgesInfo88","twitter_site":"@VosgesInfo88","twitter_misc":{"\u00c9crit par":"la r\u00e9daction","Dur\u00e9e de lecture estim\u00e9e":"1 minute"},"schema":{"@context":"https:\/\/schema.org","@graph":[{"@type":"Article","@id":"https:\/\/vosgesinfo.fr\/saintdieinfo\/2023\/04\/rue-maurice-jeandon-change-de-sens-de-circulation-a-compter-1er-mai\/#article","isPartOf":{"@id":"https:\/\/vosgesinfo.fr\/saintdieinfo\/2023\/04\/rue-maurice-jeandon-change-de-sens-de-circulation-a-compter-1er-mai\/"},"author":{"name":"la r\u00e9daction","@id":"https:\/\/vosgesinfo.fr\/saintdieinfo\/#\/schema\/person\/faee6704a21f3977511db84bd1cd450f"},"headline":"La rue Maurice-Jeandon change de sens de circulation \u00e0 compter du 1er mai","datePublished":"2023-04-13T08:25:06+00:00","dateModified":"2023-04-13T08:25:06+00:00","mainEntityOfPage":{"@id":"https:\/\/vosgesinfo.fr\/saintdieinfo\/2023\/04\/rue-maurice-jeandon-change-de-sens-de-circulation-a-compter-1er-mai\/"},"wordCount":309,"commentCount":0,"publisher":{"@id":"https:\/\/vosgesinfo.fr\/saintdieinfo\/#organization"},"image":{"@id":"https:\/\/vosgesinfo.fr\/saintdieinfo\/2023\/04\/rue-maurice-jeandon-change-de-sens-de-circulation-a-compter-1er-mai\/#primaryimage"},"thumbnailUrl":"https:\/\/vosgesinfo.fr\/app\/uploads\/sites\/4\/2024\/08\/202304reunion-concertation-sens-circulation-rue-maurice-jeandon-5.jpg","keywords":["budget participatif","Changement du sens de circulation de la rue Maurice-Jeandon","Rue Maurice-Jeandon"],"articleSection":["A la Une","Saint-Di\u00e9-des-Vosges et son Agglom\u00e9ration"],"inLanguage":"fr-FR","potentialAction":[{"@type":"CommentAction","name":"Comment","target":["https:\/\/vosgesinfo.fr\/saintdieinfo\/2023\/04\/rue-maurice-jeandon-change-de-sens-de-circulation-a-compter-1er-mai\/#respond"]}]},{"@type":"WebPage","@id":"https:\/\/vosgesinfo.fr\/saintdieinfo\/2023\/04\/rue-maurice-jeandon-change-de-sens-de-circulation-a-compter-1er-mai\/","url":"https:\/\/vosgesinfo.fr\/saintdieinfo\/2023\/04\/rue-maurice-jeandon-change-de-sens-de-circulation-a-compter-1er-mai\/","name":"La rue Maurice-Jeandon change de sens de circulation \u00e0 compter du 1er mai - Saint Die Info","isPartOf":{"@id":"https:\/\/vosgesinfo.fr\/saintdieinfo\/#website"},"primaryImageOfPage":{"@id":"https:\/\/vosgesinfo.fr\/saintdieinfo\/2023\/04\/rue-maurice-jeandon-change-de-sens-de-circulation-a-compter-1er-mai\/#primaryimage"},"image":{"@id":"https:\/\/vosgesinfo.fr\/saintdieinfo\/2023\/04\/rue-maurice-jeandon-change-de-sens-de-circulation-a-compter-1er-mai\/#primaryimage"},"thumbnailUrl":"https:\/\/vosgesinfo.fr\/app\/uploads\/sites\/4\/2024\/08\/202304reunion-concertation-sens-circulation-rue-maurice-jeandon-5.jpg","datePublished":"2023-04-13T08:25:06+00:00","dateModified":"2023-04-13T08:25:06+00:00","breadcrumb":{"@id":"https:\/\/vosgesinfo.fr\/saintdieinfo\/2023\/04\/rue-maurice-jeandon-change-de-sens-de-circulation-a-compter-1er-mai\/#breadcrumb"},"inLanguage":"fr-FR","potentialAction":[{"@type":"ReadAction","target":["https:\/\/vosgesinfo.fr\/saintdieinfo\/2023\/04\/rue-maurice-jeandon-change-de-sens-de-circulation-a-compter-1er-mai\/"]}]},{"@type":"ImageObject","inLanguage":"fr-FR","@id":"https:\/\/vosgesinfo.fr\/saintdieinfo\/2023\/04\/rue-maurice-jeandon-change-de-sens-de-circulation-a-compter-1er-mai\/#primaryimage","url":"https:\/\/vosgesinfo.fr\/app\/uploads\/sites\/4\/2024\/08\/202304reunion-concertation-sens-circulation-rue-maurice-jeandon-5.jpg","contentUrl":"https:\/\/vosgesinfo.fr\/app\/uploads\/sites\/4\/2024\/08\/202304reunion-concertation-sens-circulation-rue-maurice-jeandon-5.jpg","width":1600,"height":1205},{"@type":"BreadcrumbList","@id":"https:\/\/vosgesinfo.fr\/saintdieinfo\/2023\/04\/rue-maurice-jeandon-change-de-sens-de-circulation-a-compter-1er-mai\/#breadcrumb","itemListElement":[{"@type":"ListItem","position":1,"name":"Home","item":"https:\/\/vosgesinfo.fr\/saintdieinfo\/"},{"@type":"ListItem","position":2,"name":"La rue Maurice-Jeandon change de sens de circulation \u00e0 compter du 1er mai"}]},{"@type":"WebSite","@id":"https:\/\/vosgesinfo.fr\/saintdieinfo\/#website","url":"https:\/\/vosgesinfo.fr\/saintdieinfo\/","name":"Saint Die Info","description":"Toute l&#039;actualit\u00e9 de Saint-Di\u00e9-Des-Vosges","publisher":{"@id":"https:\/\/vosgesinfo.fr\/saintdieinfo\/#organization"},"alternateName":"Toute l'actualit\u00e9 de Saint-Di\u00e9-Des-Vosges","potentialAction":[{"@type":"SearchAction","target":{"@type":"EntryPoint","urlTemplate":"https:\/\/vosgesinfo.fr\/saintdieinfo\/?s={search_term_string}"},"query-input":"required name=search_term_string"}],"inLanguage":"fr-FR"},{"@type":"Organization","@id":"https:\/\/vosgesinfo.fr\/saintdieinfo\/#organization","name":"Saint Die Info","url":"https:\/\/vosgesinfo.fr\/saintdieinfo\/","logo":{"@type":"ImageObject","inLanguage":"fr-FR","@id":"https:\/\/vosgesinfo.fr\/saintdieinfo\/#\/schema\/logo\/image\/","url":"https:\/\/vosgesinfo.fr\/app\/uploads\/sites\/4\/2024\/02\/logo-sdi.jpg","contentUrl":"https:\/\/vosgesinfo.fr\/app\/uploads\/sites\/4\/2024\/02\/logo-sdi.jpg","width":600,"height":600,"caption":"Saint Die Info"},"image":{"@id":"https:\/\/vosgesinfo.fr\/saintdieinfo\/#\/schema\/logo\/image\/"},"sameAs":["https:\/\/www.facebook.com\/Saintdieinfofr","https:\/\/x.com\/VosgesInfo88","https:\/\/www.youtube.com\/@vosgesinfo"]},{"@type":"Person","@id":"https:\/\/vosgesinfo.fr\/saintdieinfo\/#\/schema\/person\/faee6704a21f3977511db84bd1cd450f","name":"la r\u00e9daction","image":{"@type":"ImageObject","inLanguage":"fr-FR","@id":"https:\/\/vosgesinfo.fr\/saintdieinfo\/#\/schema\/person\/image\/","url":"https:\/\/secure.gravatar.com\/avatar\/6673d8bc6a9c17fa9a453eaa3448de834fa308c2ec9635b7aa99441a7c8d2cf6?s=96&d=mm&r=g","contentUrl":"https:\/\/secure.gravatar.com\/avatar\/6673d8bc6a9c17fa9a453eaa3448de834fa308c2ec9635b7aa99441a7c8d2cf6?s=96&d=mm&r=g","caption":"la r\u00e9daction"},"url":"https:\/\/vosgesinfo.fr\/saintdieinfo\/author\/redac\/"}]}},"_links":{"self":[{"href":"https:\/\/vosgesinfo.fr\/saintdieinfo\/wp-json\/wp\/v2\/posts\/64063","targetHints":{"allow":["GET"]}}],"collection":[{"href":"https:\/\/vosgesinfo.fr\/saintdieinfo\/wp-json\/wp\/v2\/posts"}],"about":[{"href":"https:\/\/vosgesinfo.fr\/saintdieinfo\/wp-json\/wp\/v2\/types\/post"}],"author":[{"embeddable":true,"href":"https:\/\/vosgesinfo.fr\/saintdieinfo\/wp-json\/wp\/v2\/users\/44"}],"replies":[{"embeddable":true,"href":"https:\/\/vosgesinfo.fr\/saintdieinfo\/wp-json\/wp\/v2\/comments?post=64063"}],"version-history":[{"count":0,"href":"https:\/\/vosgesinfo.fr\/saintdieinfo\/wp-json\/wp\/v2\/posts\/64063\/revisions"}],"wp:featuredmedia":[{"embeddable":true,"href":"https:\/\/vosgesinfo.fr\/saintdieinfo\/wp-json\/wp\/v2\/media\/64064"}],"wp:attachment":[{"href":"https:\/\/vosgesinfo.fr\/saintdieinfo\/wp-json\/wp\/v2\/media?parent=64063"}],"wp:term":[{"taxonomy":"category","embeddable":true,"href":"https:\/\/vosgesinfo.fr\/saintdieinfo\/wp-json\/wp\/v2\/categories?post=64063"},{"taxonomy":"post_tag","embeddable":true,"href":"https:\/\/vosgesinfo.fr\/saintdieinfo\/wp-json\/wp\/v2\/tags?post=64063"}],"curies":[{"name":"wp","href":"https:\/\/api.w.org\/{rel}","templated":true}]}}