{"id":64166,"date":"2023-04-17T08:09:57","date_gmt":"2023-04-17T06:09:57","guid":{"rendered":"https:\/\/vosgesinfo.fr\/saintdieinfo\/2023\/04\/senones-changement-de-presidence-a-lamicale-donneurs-de-sang\/"},"modified":"2023-04-17T08:09:57","modified_gmt":"2023-04-17T06:09:57","slug":"senones-changement-de-presidence-a-lamicale-donneurs-de-sang","status":"publish","type":"post","link":"https:\/\/vosgesinfo.fr\/saintdieinfo\/2023\/04\/senones-changement-de-presidence-a-lamicale-donneurs-de-sang\/","title":{"rendered":"Senones \u2013 Changement de pr\u00e9sidence \u00e0 l&rsquo;amicale des Donneurs de Sang"},"content":{"rendered":"<div id=\"attachment_200168\" style=\"width: 970px\" class=\"wp-caption aligncenter\"><a href=\"\/2023\/04\/Senones-Nouveau_Pr\u00e9sident_Donneurs_de_Sang.jpg\" target=\"_blank\" rel=\"noopener\"><img decoding=\"async\" aria-describedby=\"caption-attachment-200168\" class=\"wp-image-200168 size-full\" src=\"\/2023\/04\/Senones-Nouveau_Pr\u00e9sident_Donneurs_de_Sang.jpg\" alt=\"Senones-Nouveau_Pr\u00e9sident_Donneurs_de_Sang\" width=\"960\" height=\"720\" \/><\/a><p id=\"caption-attachment-200168\" class=\"wp-caption-text\">(Photographie Mairie de Senones)<\/p><\/div>\n<h2><strong><span style=\"font-size: 14pt;\">Lors de l&rsquo;assembl\u00e9e de l&rsquo;amicale des Donneurs de Sang b\u00e9n\u00e9voles de Senones, qui s&rsquo;est tenue ce vendredi 14 avril en pr\u00e9sence de l&rsquo;adjoint Johann Mazgane, Michel Cogny a \u00e9t\u00e9 \u00e9lu pr\u00e9sident. Il succ\u00e8de \u00e0 ce poste \u00e0 Fran\u00e7ois Ott.<\/span><\/strong><\/h2>\n<p>J.J.<\/p>\n","protected":false},"excerpt":{"rendered":"<p>Lors de l&rsquo;assembl\u00e9e de l&rsquo;amicale des Donneurs de Sang b\u00e9n\u00e9voles de Senones, qui s&rsquo;est tenue ce vendredi 14 avril en [&hellip;]<\/p>\n","protected":false},"author":44,"featured_media":64167,"comment_status":"open","ping_status":"open","sticky":false,"template":"","format":"standard","meta":{"footnotes":""},"categories":[460,2915,29,17],"tags":[14224,14225,14226,2998],"class_list":["post-64166","post","type-post","status-publish","format-standard","has-post-thumbnail","hentry","category-a-la-une","category-saint-die-son-canton","category-solidarite","category-vie-associative","tag-amicale-des-donneurs-de-sang-benevoles-de-senones","tag-francois-ott","tag-michel-cogny","tag-senones"],"acf":[],"yoast_head":"<!-- This site is optimized with the Yoast SEO plugin v22.5 - https:\/\/yoast.com\/wordpress\/plugins\/seo\/ -->\n<title>Senones \u2013 Changement de pr\u00e9sidence \u00e0 l&#039;amicale des Donneurs de Sang - Saint Die Info<\/title>\n<meta name=\"robots\" content=\"index, follow, max-snippet:-1, max-image-preview:large, max-video-preview:-1\" \/>\n<link rel=\"canonical\" href=\"https:\/\/vosgesinfo.fr\/saintdieinfo\/2023\/04\/senones-changement-de-presidence-a-lamicale-donneurs-de-sang\/\" \/>\n<meta name=\"twitter:card\" content=\"summary_large_image\" \/>\n<meta name=\"twitter:title\" content=\"Senones \u2013 Changement de pr\u00e9sidence \u00e0 l&#039;amicale des Donneurs de Sang - Saint Die Info\" \/>\n<meta name=\"twitter:description\" content=\"Lors de l&rsquo;assembl\u00e9e de l&rsquo;amicale des Donneurs de Sang b\u00e9n\u00e9voles de Senones, qui s&rsquo;est tenue ce vendredi 14 avril en [&hellip;]\" \/>\n<meta name=\"twitter:image\" content=\"https:\/\/vosgesinfo.fr\/app\/uploads\/sites\/4\/2024\/08\/202304senones-nouveau-president-donneurs-de-sang.jpg\" \/>\n<meta name=\"twitter:creator\" content=\"@VosgesInfo88\" \/>\n<meta name=\"twitter:site\" content=\"@VosgesInfo88\" \/>\n<meta name=\"twitter:label1\" content=\"\u00c9crit par\" \/>\n\t<meta name=\"twitter:data1\" content=\"la r\u00e9daction\" \/>\n<script type=\"application\/ld+json\" class=\"yoast-schema-graph\">{\"@context\":\"https:\/\/schema.org\",\"@graph\":[{\"@type\":\"Article\",\"@id\":\"https:\/\/vosgesinfo.fr\/saintdieinfo\/2023\/04\/senones-changement-de-presidence-a-lamicale-donneurs-de-sang\/#article\",\"isPartOf\":{\"@id\":\"https:\/\/vosgesinfo.fr\/saintdieinfo\/2023\/04\/senones-changement-de-presidence-a-lamicale-donneurs-de-sang\/\"},\"author\":{\"name\":\"la r\u00e9daction\",\"@id\":\"https:\/\/vosgesinfo.fr\/saintdieinfo\/#\/schema\/person\/faee6704a21f3977511db84bd1cd450f\"},\"headline\":\"Senones \u2013 Changement de pr\u00e9sidence \u00e0 l&rsquo;amicale des Donneurs de Sang\",\"datePublished\":\"2023-04-17T06:09:57+00:00\",\"dateModified\":\"2023-04-17T06:09:57+00:00\",\"mainEntityOfPage\":{\"@id\":\"https:\/\/vosgesinfo.fr\/saintdieinfo\/2023\/04\/senones-changement-de-presidence-a-lamicale-donneurs-de-sang\/\"},\"wordCount\":71,\"commentCount\":0,\"publisher\":{\"@id\":\"https:\/\/vosgesinfo.fr\/saintdieinfo\/#organization\"},\"image\":{\"@id\":\"https:\/\/vosgesinfo.fr\/saintdieinfo\/2023\/04\/senones-changement-de-presidence-a-lamicale-donneurs-de-sang\/#primaryimage\"},\"thumbnailUrl\":\"https:\/\/vosgesinfo.fr\/app\/uploads\/sites\/4\/2024\/08\/202304senones-nouveau-president-donneurs-de-sang.jpg\",\"keywords\":[\"Amicale des Donneurs de Sang b\u00e9n\u00e9voles de Senones\",\"Fran\u00e7ois Ott\",\"Michel Cogny\",\"Senones\"],\"articleSection\":[\"A la Une\",\"Saint-Di\u00e9-des-Vosges et son Agglom\u00e9ration\",\"Solidarit\u00e9\",\"Vie Associative\"],\"inLanguage\":\"fr-FR\",\"potentialAction\":[{\"@type\":\"CommentAction\",\"name\":\"Comment\",\"target\":[\"https:\/\/vosgesinfo.fr\/saintdieinfo\/2023\/04\/senones-changement-de-presidence-a-lamicale-donneurs-de-sang\/#respond\"]}]},{\"@type\":\"WebPage\",\"@id\":\"https:\/\/vosgesinfo.fr\/saintdieinfo\/2023\/04\/senones-changement-de-presidence-a-lamicale-donneurs-de-sang\/\",\"url\":\"https:\/\/vosgesinfo.fr\/saintdieinfo\/2023\/04\/senones-changement-de-presidence-a-lamicale-donneurs-de-sang\/\",\"name\":\"Senones \u2013 Changement de pr\u00e9sidence \u00e0 l'amicale des Donneurs de Sang - Saint Die Info\",\"isPartOf\":{\"@id\":\"https:\/\/vosgesinfo.fr\/saintdieinfo\/#website\"},\"primaryImageOfPage\":{\"@id\":\"https:\/\/vosgesinfo.fr\/saintdieinfo\/2023\/04\/senones-changement-de-presidence-a-lamicale-donneurs-de-sang\/#primaryimage\"},\"image\":{\"@id\":\"https:\/\/vosgesinfo.fr\/saintdieinfo\/2023\/04\/senones-changement-de-presidence-a-lamicale-donneurs-de-sang\/#primaryimage\"},\"thumbnailUrl\":\"https:\/\/vosgesinfo.fr\/app\/uploads\/sites\/4\/2024\/08\/202304senones-nouveau-president-donneurs-de-sang.jpg\",\"datePublished\":\"2023-04-17T06:09:57+00:00\",\"dateModified\":\"2023-04-17T06:09:57+00:00\",\"breadcrumb\":{\"@id\":\"https:\/\/vosgesinfo.fr\/saintdieinfo\/2023\/04\/senones-changement-de-presidence-a-lamicale-donneurs-de-sang\/#breadcrumb\"},\"inLanguage\":\"fr-FR\",\"potentialAction\":[{\"@type\":\"ReadAction\",\"target\":[\"https:\/\/vosgesinfo.fr\/saintdieinfo\/2023\/04\/senones-changement-de-presidence-a-lamicale-donneurs-de-sang\/\"]}]},{\"@type\":\"ImageObject\",\"inLanguage\":\"fr-FR\",\"@id\":\"https:\/\/vosgesinfo.fr\/saintdieinfo\/2023\/04\/senones-changement-de-presidence-a-lamicale-donneurs-de-sang\/#primaryimage\",\"url\":\"https:\/\/vosgesinfo.fr\/app\/uploads\/sites\/4\/2024\/08\/202304senones-nouveau-president-donneurs-de-sang.jpg\",\"contentUrl\":\"https:\/\/vosgesinfo.fr\/app\/uploads\/sites\/4\/2024\/08\/202304senones-nouveau-president-donneurs-de-sang.jpg\",\"width\":960,\"height\":720},{\"@type\":\"BreadcrumbList\",\"@id\":\"https:\/\/vosgesinfo.fr\/saintdieinfo\/2023\/04\/senones-changement-de-presidence-a-lamicale-donneurs-de-sang\/#breadcrumb\",\"itemListElement\":[{\"@type\":\"ListItem\",\"position\":1,\"name\":\"Home\",\"item\":\"https:\/\/vosgesinfo.fr\/saintdieinfo\/\"},{\"@type\":\"ListItem\",\"position\":2,\"name\":\"Senones \u2013 Changement de pr\u00e9sidence \u00e0 l&rsquo;amicale des Donneurs de Sang\"}]},{\"@type\":\"WebSite\",\"@id\":\"https:\/\/vosgesinfo.fr\/saintdieinfo\/#website\",\"url\":\"https:\/\/vosgesinfo.fr\/saintdieinfo\/\",\"name\":\"Saint Die Info\",\"description\":\"Toute l&#039;actualit\u00e9 de Saint-Di\u00e9-Des-Vosges\",\"publisher\":{\"@id\":\"https:\/\/vosgesinfo.fr\/saintdieinfo\/#organization\"},\"alternateName\":\"Toute l'actualit\u00e9 de Saint-Di\u00e9-Des-Vosges\",\"potentialAction\":[{\"@type\":\"SearchAction\",\"target\":{\"@type\":\"EntryPoint\",\"urlTemplate\":\"https:\/\/vosgesinfo.fr\/saintdieinfo\/?s={search_term_string}\"},\"query-input\":\"required name=search_term_string\"}],\"inLanguage\":\"fr-FR\"},{\"@type\":\"Organization\",\"@id\":\"https:\/\/vosgesinfo.fr\/saintdieinfo\/#organization\",\"name\":\"Saint Die Info\",\"url\":\"https:\/\/vosgesinfo.fr\/saintdieinfo\/\",\"logo\":{\"@type\":\"ImageObject\",\"inLanguage\":\"fr-FR\",\"@id\":\"https:\/\/vosgesinfo.fr\/saintdieinfo\/#\/schema\/logo\/image\/\",\"url\":\"https:\/\/vosgesinfo.fr\/app\/uploads\/sites\/4\/2024\/02\/logo-sdi.jpg\",\"contentUrl\":\"https:\/\/vosgesinfo.fr\/app\/uploads\/sites\/4\/2024\/02\/logo-sdi.jpg\",\"width\":600,\"height\":600,\"caption\":\"Saint Die Info\"},\"image\":{\"@id\":\"https:\/\/vosgesinfo.fr\/saintdieinfo\/#\/schema\/logo\/image\/\"},\"sameAs\":[\"https:\/\/www.facebook.com\/Saintdieinfofr\",\"https:\/\/x.com\/VosgesInfo88\",\"https:\/\/www.youtube.com\/@vosgesinfo\"]},{\"@type\":\"Person\",\"@id\":\"https:\/\/vosgesinfo.fr\/saintdieinfo\/#\/schema\/person\/faee6704a21f3977511db84bd1cd450f\",\"name\":\"la r\u00e9daction\",\"image\":{\"@type\":\"ImageObject\",\"inLanguage\":\"fr-FR\",\"@id\":\"https:\/\/vosgesinfo.fr\/saintdieinfo\/#\/schema\/person\/image\/\",\"url\":\"https:\/\/secure.gravatar.com\/avatar\/6673d8bc6a9c17fa9a453eaa3448de834fa308c2ec9635b7aa99441a7c8d2cf6?s=96&d=mm&r=g\",\"contentUrl\":\"https:\/\/secure.gravatar.com\/avatar\/6673d8bc6a9c17fa9a453eaa3448de834fa308c2ec9635b7aa99441a7c8d2cf6?s=96&d=mm&r=g\",\"caption\":\"la r\u00e9daction\"},\"url\":\"https:\/\/vosgesinfo.fr\/saintdieinfo\/author\/redac\/\"}]}<\/script>\n<!-- \/ Yoast SEO plugin. -->","yoast_head_json":{"title":"Senones \u2013 Changement de pr\u00e9sidence \u00e0 l'amicale des Donneurs de Sang - Saint Die Info","robots":{"index":"index","follow":"follow","max-snippet":"max-snippet:-1","max-image-preview":"max-image-preview:large","max-video-preview":"max-video-preview:-1"},"canonical":"https:\/\/vosgesinfo.fr\/saintdieinfo\/2023\/04\/senones-changement-de-presidence-a-lamicale-donneurs-de-sang\/","twitter_card":"summary_large_image","twitter_title":"Senones \u2013 Changement de pr\u00e9sidence \u00e0 l'amicale des Donneurs de Sang - Saint Die Info","twitter_description":"Lors de l&rsquo;assembl\u00e9e de l&rsquo;amicale des Donneurs de Sang b\u00e9n\u00e9voles de Senones, qui s&rsquo;est tenue ce vendredi 14 avril en [&hellip;]","twitter_image":"https:\/\/vosgesinfo.fr\/app\/uploads\/sites\/4\/2024\/08\/202304senones-nouveau-president-donneurs-de-sang.jpg","twitter_creator":"@VosgesInfo88","twitter_site":"@VosgesInfo88","twitter_misc":{"\u00c9crit par":"la r\u00e9daction"},"schema":{"@context":"https:\/\/schema.org","@graph":[{"@type":"Article","@id":"https:\/\/vosgesinfo.fr\/saintdieinfo\/2023\/04\/senones-changement-de-presidence-a-lamicale-donneurs-de-sang\/#article","isPartOf":{"@id":"https:\/\/vosgesinfo.fr\/saintdieinfo\/2023\/04\/senones-changement-de-presidence-a-lamicale-donneurs-de-sang\/"},"author":{"name":"la r\u00e9daction","@id":"https:\/\/vosgesinfo.fr\/saintdieinfo\/#\/schema\/person\/faee6704a21f3977511db84bd1cd450f"},"headline":"Senones \u2013 Changement de pr\u00e9sidence \u00e0 l&rsquo;amicale des Donneurs de Sang","datePublished":"2023-04-17T06:09:57+00:00","dateModified":"2023-04-17T06:09:57+00:00","mainEntityOfPage":{"@id":"https:\/\/vosgesinfo.fr\/saintdieinfo\/2023\/04\/senones-changement-de-presidence-a-lamicale-donneurs-de-sang\/"},"wordCount":71,"commentCount":0,"publisher":{"@id":"https:\/\/vosgesinfo.fr\/saintdieinfo\/#organization"},"image":{"@id":"https:\/\/vosgesinfo.fr\/saintdieinfo\/2023\/04\/senones-changement-de-presidence-a-lamicale-donneurs-de-sang\/#primaryimage"},"thumbnailUrl":"https:\/\/vosgesinfo.fr\/app\/uploads\/sites\/4\/2024\/08\/202304senones-nouveau-president-donneurs-de-sang.jpg","keywords":["Amicale des Donneurs de Sang b\u00e9n\u00e9voles de Senones","Fran\u00e7ois Ott","Michel Cogny","Senones"],"articleSection":["A la Une","Saint-Di\u00e9-des-Vosges et son Agglom\u00e9ration","Solidarit\u00e9","Vie Associative"],"inLanguage":"fr-FR","potentialAction":[{"@type":"CommentAction","name":"Comment","target":["https:\/\/vosgesinfo.fr\/saintdieinfo\/2023\/04\/senones-changement-de-presidence-a-lamicale-donneurs-de-sang\/#respond"]}]},{"@type":"WebPage","@id":"https:\/\/vosgesinfo.fr\/saintdieinfo\/2023\/04\/senones-changement-de-presidence-a-lamicale-donneurs-de-sang\/","url":"https:\/\/vosgesinfo.fr\/saintdieinfo\/2023\/04\/senones-changement-de-presidence-a-lamicale-donneurs-de-sang\/","name":"Senones \u2013 Changement de pr\u00e9sidence \u00e0 l'amicale des Donneurs de Sang - Saint Die Info","isPartOf":{"@id":"https:\/\/vosgesinfo.fr\/saintdieinfo\/#website"},"primaryImageOfPage":{"@id":"https:\/\/vosgesinfo.fr\/saintdieinfo\/2023\/04\/senones-changement-de-presidence-a-lamicale-donneurs-de-sang\/#primaryimage"},"image":{"@id":"https:\/\/vosgesinfo.fr\/saintdieinfo\/2023\/04\/senones-changement-de-presidence-a-lamicale-donneurs-de-sang\/#primaryimage"},"thumbnailUrl":"https:\/\/vosgesinfo.fr\/app\/uploads\/sites\/4\/2024\/08\/202304senones-nouveau-president-donneurs-de-sang.jpg","datePublished":"2023-04-17T06:09:57+00:00","dateModified":"2023-04-17T06:09:57+00:00","breadcrumb":{"@id":"https:\/\/vosgesinfo.fr\/saintdieinfo\/2023\/04\/senones-changement-de-presidence-a-lamicale-donneurs-de-sang\/#breadcrumb"},"inLanguage":"fr-FR","potentialAction":[{"@type":"ReadAction","target":["https:\/\/vosgesinfo.fr\/saintdieinfo\/2023\/04\/senones-changement-de-presidence-a-lamicale-donneurs-de-sang\/"]}]},{"@type":"ImageObject","inLanguage":"fr-FR","@id":"https:\/\/vosgesinfo.fr\/saintdieinfo\/2023\/04\/senones-changement-de-presidence-a-lamicale-donneurs-de-sang\/#primaryimage","url":"https:\/\/vosgesinfo.fr\/app\/uploads\/sites\/4\/2024\/08\/202304senones-nouveau-president-donneurs-de-sang.jpg","contentUrl":"https:\/\/vosgesinfo.fr\/app\/uploads\/sites\/4\/2024\/08\/202304senones-nouveau-president-donneurs-de-sang.jpg","width":960,"height":720},{"@type":"BreadcrumbList","@id":"https:\/\/vosgesinfo.fr\/saintdieinfo\/2023\/04\/senones-changement-de-presidence-a-lamicale-donneurs-de-sang\/#breadcrumb","itemListElement":[{"@type":"ListItem","position":1,"name":"Home","item":"https:\/\/vosgesinfo.fr\/saintdieinfo\/"},{"@type":"ListItem","position":2,"name":"Senones \u2013 Changement de pr\u00e9sidence \u00e0 l&rsquo;amicale des Donneurs de Sang"}]},{"@type":"WebSite","@id":"https:\/\/vosgesinfo.fr\/saintdieinfo\/#website","url":"https:\/\/vosgesinfo.fr\/saintdieinfo\/","name":"Saint Die Info","description":"Toute l&#039;actualit\u00e9 de Saint-Di\u00e9-Des-Vosges","publisher":{"@id":"https:\/\/vosgesinfo.fr\/saintdieinfo\/#organization"},"alternateName":"Toute l'actualit\u00e9 de Saint-Di\u00e9-Des-Vosges","potentialAction":[{"@type":"SearchAction","target":{"@type":"EntryPoint","urlTemplate":"https:\/\/vosgesinfo.fr\/saintdieinfo\/?s={search_term_string}"},"query-input":"required name=search_term_string"}],"inLanguage":"fr-FR"},{"@type":"Organization","@id":"https:\/\/vosgesinfo.fr\/saintdieinfo\/#organization","name":"Saint Die Info","url":"https:\/\/vosgesinfo.fr\/saintdieinfo\/","logo":{"@type":"ImageObject","inLanguage":"fr-FR","@id":"https:\/\/vosgesinfo.fr\/saintdieinfo\/#\/schema\/logo\/image\/","url":"https:\/\/vosgesinfo.fr\/app\/uploads\/sites\/4\/2024\/02\/logo-sdi.jpg","contentUrl":"https:\/\/vosgesinfo.fr\/app\/uploads\/sites\/4\/2024\/02\/logo-sdi.jpg","width":600,"height":600,"caption":"Saint Die Info"},"image":{"@id":"https:\/\/vosgesinfo.fr\/saintdieinfo\/#\/schema\/logo\/image\/"},"sameAs":["https:\/\/www.facebook.com\/Saintdieinfofr","https:\/\/x.com\/VosgesInfo88","https:\/\/www.youtube.com\/@vosgesinfo"]},{"@type":"Person","@id":"https:\/\/vosgesinfo.fr\/saintdieinfo\/#\/schema\/person\/faee6704a21f3977511db84bd1cd450f","name":"la r\u00e9daction","image":{"@type":"ImageObject","inLanguage":"fr-FR","@id":"https:\/\/vosgesinfo.fr\/saintdieinfo\/#\/schema\/person\/image\/","url":"https:\/\/secure.gravatar.com\/avatar\/6673d8bc6a9c17fa9a453eaa3448de834fa308c2ec9635b7aa99441a7c8d2cf6?s=96&d=mm&r=g","contentUrl":"https:\/\/secure.gravatar.com\/avatar\/6673d8bc6a9c17fa9a453eaa3448de834fa308c2ec9635b7aa99441a7c8d2cf6?s=96&d=mm&r=g","caption":"la r\u00e9daction"},"url":"https:\/\/vosgesinfo.fr\/saintdieinfo\/author\/redac\/"}]}},"_links":{"self":[{"href":"https:\/\/vosgesinfo.fr\/saintdieinfo\/wp-json\/wp\/v2\/posts\/64166","targetHints":{"allow":["GET"]}}],"collection":[{"href":"https:\/\/vosgesinfo.fr\/saintdieinfo\/wp-json\/wp\/v2\/posts"}],"about":[{"href":"https:\/\/vosgesinfo.fr\/saintdieinfo\/wp-json\/wp\/v2\/types\/post"}],"author":[{"embeddable":true,"href":"https:\/\/vosgesinfo.fr\/saintdieinfo\/wp-json\/wp\/v2\/users\/44"}],"replies":[{"embeddable":true,"href":"https:\/\/vosgesinfo.fr\/saintdieinfo\/wp-json\/wp\/v2\/comments?post=64166"}],"version-history":[{"count":0,"href":"https:\/\/vosgesinfo.fr\/saintdieinfo\/wp-json\/wp\/v2\/posts\/64166\/revisions"}],"wp:featuredmedia":[{"embeddable":true,"href":"https:\/\/vosgesinfo.fr\/saintdieinfo\/wp-json\/wp\/v2\/media\/64167"}],"wp:attachment":[{"href":"https:\/\/vosgesinfo.fr\/saintdieinfo\/wp-json\/wp\/v2\/media?parent=64166"}],"wp:term":[{"taxonomy":"category","embeddable":true,"href":"https:\/\/vosgesinfo.fr\/saintdieinfo\/wp-json\/wp\/v2\/categories?post=64166"},{"taxonomy":"post_tag","embeddable":true,"href":"https:\/\/vosgesinfo.fr\/saintdieinfo\/wp-json\/wp\/v2\/tags?post=64166"}],"curies":[{"name":"wp","href":"https:\/\/api.w.org\/{rel}","templated":true}]}}