{"id":64168,"date":"2023-04-17T08:35:02","date_gmt":"2023-04-17T06:35:02","guid":{"rendered":"https:\/\/vosgesinfo.fr\/saintdieinfo\/2023\/04\/depute-david-valence-va-porter-plainte-usurpation-didentite\/"},"modified":"2023-04-17T08:35:02","modified_gmt":"2023-04-17T06:35:02","slug":"depute-david-valence-va-porter-plainte-usurpation-didentite","status":"publish","type":"post","link":"https:\/\/vosgesinfo.fr\/saintdieinfo\/2023\/04\/depute-david-valence-va-porter-plainte-usurpation-didentite\/","title":{"rendered":"Le d\u00e9put\u00e9 David Valence va porter plainte pour usurpation d&rsquo;identit\u00e9"},"content":{"rendered":"<p><a href=\"\/2023\/02\/David_Valence.jpg\" target=\"_blank\" rel=\"noopener\"><img decoding=\"async\" class=\"aligncenter wp-image-197305 size-full\" src=\"\/2023\/02\/David_Valence.jpg\" alt=\"David_Valence\" width=\"857\" height=\"857\" \/><\/a><\/p>\n<h2><strong><span style=\"font-size: 14pt;\">Le d\u00e9put\u00e9 de la seconde circonscription des Vosges David Valence a annonc\u00e9 ce lundi matin qu&rsquo;il allait d\u00e9poser plainte demain, apr\u00e8s que son identit\u00e9 ait \u00e9t\u00e9 usurp\u00e9e. Comme l&rsquo;explique l&rsquo;\u00e9lu, une personne a usurp\u00e9 son identit\u00e9 pour enregistrer une pr\u00e9-adh\u00e9sion aupr\u00e8s du Rassemblement National.<\/span><\/strong><\/h2>\n<p><!--more--><\/p>\n<p>\u00ab\u00a0J&rsquo;ai re\u00e7u un courriel en ce sens de la formation politique d&rsquo;extr\u00eame-droite. Je ressens cela comme un vol. Celui du nom que j&rsquo;ai re\u00e7u de mon d\u00e9funt p\u00e8re, si attach\u00e9 aux valeurs de la R\u00e9publique. Comment ne pas \u00eatre r\u00e9volt\u00e9 par une d\u00e9marche aussi vile\u00a0?\u00a0\u00bb David Valence, outre son d\u00e9p\u00f4t de plainte pour usurpation d&rsquo;identit\u00e9, va \u00e9galement adresser une lettre recommand\u00e9e au si\u00e8ge du Rassemblement National pour signaler cette usurpation d&rsquo;identit\u00e9.<\/p>\n<p>\u00ab\u00a0Depuis 15 ans, je suis adh\u00e9rent au Parti Radical, le p lus vieux parti de France. Les radicaux sont des adversaires d\u00e9termin\u00e9s du populisme et de l&rsquo;extr\u00eame-droite. Toute ma vie, j&rsquo;ai combattu les id\u00e9es de la famille Le Pen par une action de terrain. J&rsquo;ai gagn\u00e9 face \u00e0 ces id\u00e9es-l\u00e0 dans les urnes \u00e0 5 reprises, directement ou indirectement. Que cela plaise ou non \u00e0 ce petit malin, je ne compte pas rel\u00e2cher mes efforts pour faire reculer ces id\u00e9es-l\u00e0. Ni ne me laisserai impressionner, une fois de plus, par les insultes, la calomnie ou cette forme tr\u00e8s pernicieuse de harc\u00e8lement\u00a0\u00bb a d\u00e9clar\u00e9 le d\u00e9put\u00e9, tout en rappelant que en vertu de l&rsquo;article 226-4-1 du code p\u00e9nal, \u00ab le fait d&rsquo;usurper l&rsquo;identit\u00e9 d&rsquo;un tiers [&#8230;] en vue de troubler sa tranquillit\u00e9 [&#8230;] ou de porter atteinte \u00e0 son honneur et \u00e0 sa consid\u00e9ration est puni d&rsquo;un an d&#8217;emprisonnement et de 15 000\u20ac d&rsquo;amence. \u00bb<\/p>\n<p>J.J.<\/p>\n<p>&nbsp;<\/p>\n","protected":false},"excerpt":{"rendered":"<p>Le d\u00e9put\u00e9 de la seconde circonscription des Vosges David Valence a annonc\u00e9 ce lundi matin qu&rsquo;il allait d\u00e9poser plainte demain, [&hellip;]<\/p>\n","protected":false},"author":44,"featured_media":22781,"comment_status":"open","ping_status":"open","sticky":false,"template":"","format":"standard","meta":{"footnotes":""},"categories":[460,10,2915],"tags":[3337,3338,4714,14227],"class_list":["post-64168","post","type-post","status-publish","format-standard","has-post-thumbnail","hentry","category-a-la-une","category-politique","category-saint-die-son-canton","tag-david-valence","tag-depute-de-la-deuxieme-circonscription-des-vosges","tag-rassemblement-national","tag-usurpation-didentite"],"acf":[],"yoast_head":"<!-- This site is optimized with the Yoast SEO plugin v22.5 - https:\/\/yoast.com\/wordpress\/plugins\/seo\/ -->\n<title>Le d\u00e9put\u00e9 David Valence va porter plainte pour usurpation d&#039;identit\u00e9 - Saint Die Info<\/title>\n<meta name=\"robots\" content=\"index, follow, max-snippet:-1, max-image-preview:large, max-video-preview:-1\" \/>\n<link rel=\"canonical\" href=\"https:\/\/vosgesinfo.fr\/saintdieinfo\/2023\/04\/depute-david-valence-va-porter-plainte-usurpation-didentite\/\" \/>\n<meta name=\"twitter:card\" content=\"summary_large_image\" \/>\n<meta name=\"twitter:title\" content=\"Le d\u00e9put\u00e9 David Valence va porter plainte pour usurpation d&#039;identit\u00e9 - Saint Die Info\" \/>\n<meta name=\"twitter:description\" content=\"Le d\u00e9put\u00e9 de la seconde circonscription des Vosges David Valence a annonc\u00e9 ce lundi matin qu&rsquo;il allait d\u00e9poser plainte demain, [&hellip;]\" \/>\n<meta name=\"twitter:image\" content=\"https:\/\/vosgesinfo.fr\/app\/uploads\/sites\/4\/2023\/02\/david-valence.jpg\" \/>\n<meta name=\"twitter:creator\" content=\"@VosgesInfo88\" \/>\n<meta name=\"twitter:site\" content=\"@VosgesInfo88\" \/>\n<meta name=\"twitter:label1\" content=\"\u00c9crit par\" \/>\n\t<meta name=\"twitter:data1\" content=\"la r\u00e9daction\" \/>\n\t<meta name=\"twitter:label2\" content=\"Dur\u00e9e de lecture estim\u00e9e\" \/>\n\t<meta name=\"twitter:data2\" content=\"1 minute\" \/>\n<script type=\"application\/ld+json\" class=\"yoast-schema-graph\">{\"@context\":\"https:\/\/schema.org\",\"@graph\":[{\"@type\":\"Article\",\"@id\":\"https:\/\/vosgesinfo.fr\/saintdieinfo\/2023\/04\/depute-david-valence-va-porter-plainte-usurpation-didentite\/#article\",\"isPartOf\":{\"@id\":\"https:\/\/vosgesinfo.fr\/saintdieinfo\/2023\/04\/depute-david-valence-va-porter-plainte-usurpation-didentite\/\"},\"author\":{\"name\":\"la r\u00e9daction\",\"@id\":\"https:\/\/vosgesinfo.fr\/saintdieinfo\/#\/schema\/person\/faee6704a21f3977511db84bd1cd450f\"},\"headline\":\"Le d\u00e9put\u00e9 David Valence va porter plainte pour usurpation d&rsquo;identit\u00e9\",\"datePublished\":\"2023-04-17T06:35:02+00:00\",\"dateModified\":\"2023-04-17T06:35:02+00:00\",\"mainEntityOfPage\":{\"@id\":\"https:\/\/vosgesinfo.fr\/saintdieinfo\/2023\/04\/depute-david-valence-va-porter-plainte-usurpation-didentite\/\"},\"wordCount\":323,\"commentCount\":0,\"publisher\":{\"@id\":\"https:\/\/vosgesinfo.fr\/saintdieinfo\/#organization\"},\"image\":{\"@id\":\"https:\/\/vosgesinfo.fr\/saintdieinfo\/2023\/04\/depute-david-valence-va-porter-plainte-usurpation-didentite\/#primaryimage\"},\"thumbnailUrl\":\"https:\/\/vosgesinfo.fr\/app\/uploads\/sites\/4\/2023\/02\/david-valence.jpg\",\"keywords\":[\"David Valence\",\"D\u00e9put\u00e9 de la deuxi\u00e8me circonscription des Vosges\",\"Rassemblement National\",\"Usurpation d'identit\u00e9\"],\"articleSection\":[\"A la Une\",\"Politique\",\"Saint-Di\u00e9-des-Vosges et son Agglom\u00e9ration\"],\"inLanguage\":\"fr-FR\",\"potentialAction\":[{\"@type\":\"CommentAction\",\"name\":\"Comment\",\"target\":[\"https:\/\/vosgesinfo.fr\/saintdieinfo\/2023\/04\/depute-david-valence-va-porter-plainte-usurpation-didentite\/#respond\"]}]},{\"@type\":\"WebPage\",\"@id\":\"https:\/\/vosgesinfo.fr\/saintdieinfo\/2023\/04\/depute-david-valence-va-porter-plainte-usurpation-didentite\/\",\"url\":\"https:\/\/vosgesinfo.fr\/saintdieinfo\/2023\/04\/depute-david-valence-va-porter-plainte-usurpation-didentite\/\",\"name\":\"Le d\u00e9put\u00e9 David Valence va porter plainte pour usurpation d'identit\u00e9 - Saint Die Info\",\"isPartOf\":{\"@id\":\"https:\/\/vosgesinfo.fr\/saintdieinfo\/#website\"},\"primaryImageOfPage\":{\"@id\":\"https:\/\/vosgesinfo.fr\/saintdieinfo\/2023\/04\/depute-david-valence-va-porter-plainte-usurpation-didentite\/#primaryimage\"},\"image\":{\"@id\":\"https:\/\/vosgesinfo.fr\/saintdieinfo\/2023\/04\/depute-david-valence-va-porter-plainte-usurpation-didentite\/#primaryimage\"},\"thumbnailUrl\":\"https:\/\/vosgesinfo.fr\/app\/uploads\/sites\/4\/2023\/02\/david-valence.jpg\",\"datePublished\":\"2023-04-17T06:35:02+00:00\",\"dateModified\":\"2023-04-17T06:35:02+00:00\",\"breadcrumb\":{\"@id\":\"https:\/\/vosgesinfo.fr\/saintdieinfo\/2023\/04\/depute-david-valence-va-porter-plainte-usurpation-didentite\/#breadcrumb\"},\"inLanguage\":\"fr-FR\",\"potentialAction\":[{\"@type\":\"ReadAction\",\"target\":[\"https:\/\/vosgesinfo.fr\/saintdieinfo\/2023\/04\/depute-david-valence-va-porter-plainte-usurpation-didentite\/\"]}]},{\"@type\":\"ImageObject\",\"inLanguage\":\"fr-FR\",\"@id\":\"https:\/\/vosgesinfo.fr\/saintdieinfo\/2023\/04\/depute-david-valence-va-porter-plainte-usurpation-didentite\/#primaryimage\",\"url\":\"https:\/\/vosgesinfo.fr\/app\/uploads\/sites\/4\/2023\/02\/david-valence.jpg\",\"contentUrl\":\"https:\/\/vosgesinfo.fr\/app\/uploads\/sites\/4\/2023\/02\/david-valence.jpg\",\"width\":857,\"height\":857},{\"@type\":\"BreadcrumbList\",\"@id\":\"https:\/\/vosgesinfo.fr\/saintdieinfo\/2023\/04\/depute-david-valence-va-porter-plainte-usurpation-didentite\/#breadcrumb\",\"itemListElement\":[{\"@type\":\"ListItem\",\"position\":1,\"name\":\"Home\",\"item\":\"https:\/\/vosgesinfo.fr\/saintdieinfo\/\"},{\"@type\":\"ListItem\",\"position\":2,\"name\":\"Le d\u00e9put\u00e9 David Valence va porter plainte pour usurpation d&rsquo;identit\u00e9\"}]},{\"@type\":\"WebSite\",\"@id\":\"https:\/\/vosgesinfo.fr\/saintdieinfo\/#website\",\"url\":\"https:\/\/vosgesinfo.fr\/saintdieinfo\/\",\"name\":\"Saint Die Info\",\"description\":\"Toute l&#039;actualit\u00e9 de Saint-Di\u00e9-Des-Vosges\",\"publisher\":{\"@id\":\"https:\/\/vosgesinfo.fr\/saintdieinfo\/#organization\"},\"alternateName\":\"Toute l'actualit\u00e9 de Saint-Di\u00e9-Des-Vosges\",\"potentialAction\":[{\"@type\":\"SearchAction\",\"target\":{\"@type\":\"EntryPoint\",\"urlTemplate\":\"https:\/\/vosgesinfo.fr\/saintdieinfo\/?s={search_term_string}\"},\"query-input\":\"required name=search_term_string\"}],\"inLanguage\":\"fr-FR\"},{\"@type\":\"Organization\",\"@id\":\"https:\/\/vosgesinfo.fr\/saintdieinfo\/#organization\",\"name\":\"Saint Die Info\",\"url\":\"https:\/\/vosgesinfo.fr\/saintdieinfo\/\",\"logo\":{\"@type\":\"ImageObject\",\"inLanguage\":\"fr-FR\",\"@id\":\"https:\/\/vosgesinfo.fr\/saintdieinfo\/#\/schema\/logo\/image\/\",\"url\":\"https:\/\/vosgesinfo.fr\/app\/uploads\/sites\/4\/2024\/02\/logo-sdi.jpg\",\"contentUrl\":\"https:\/\/vosgesinfo.fr\/app\/uploads\/sites\/4\/2024\/02\/logo-sdi.jpg\",\"width\":600,\"height\":600,\"caption\":\"Saint Die Info\"},\"image\":{\"@id\":\"https:\/\/vosgesinfo.fr\/saintdieinfo\/#\/schema\/logo\/image\/\"},\"sameAs\":[\"https:\/\/www.facebook.com\/Saintdieinfofr\",\"https:\/\/x.com\/VosgesInfo88\",\"https:\/\/www.youtube.com\/@vosgesinfo\"]},{\"@type\":\"Person\",\"@id\":\"https:\/\/vosgesinfo.fr\/saintdieinfo\/#\/schema\/person\/faee6704a21f3977511db84bd1cd450f\",\"name\":\"la r\u00e9daction\",\"image\":{\"@type\":\"ImageObject\",\"inLanguage\":\"fr-FR\",\"@id\":\"https:\/\/vosgesinfo.fr\/saintdieinfo\/#\/schema\/person\/image\/\",\"url\":\"https:\/\/secure.gravatar.com\/avatar\/6673d8bc6a9c17fa9a453eaa3448de834fa308c2ec9635b7aa99441a7c8d2cf6?s=96&d=mm&r=g\",\"contentUrl\":\"https:\/\/secure.gravatar.com\/avatar\/6673d8bc6a9c17fa9a453eaa3448de834fa308c2ec9635b7aa99441a7c8d2cf6?s=96&d=mm&r=g\",\"caption\":\"la r\u00e9daction\"},\"url\":\"https:\/\/vosgesinfo.fr\/saintdieinfo\/author\/redac\/\"}]}<\/script>\n<!-- \/ Yoast SEO plugin. -->","yoast_head_json":{"title":"Le d\u00e9put\u00e9 David Valence va porter plainte pour usurpation d'identit\u00e9 - Saint Die Info","robots":{"index":"index","follow":"follow","max-snippet":"max-snippet:-1","max-image-preview":"max-image-preview:large","max-video-preview":"max-video-preview:-1"},"canonical":"https:\/\/vosgesinfo.fr\/saintdieinfo\/2023\/04\/depute-david-valence-va-porter-plainte-usurpation-didentite\/","twitter_card":"summary_large_image","twitter_title":"Le d\u00e9put\u00e9 David Valence va porter plainte pour usurpation d'identit\u00e9 - Saint Die Info","twitter_description":"Le d\u00e9put\u00e9 de la seconde circonscription des Vosges David Valence a annonc\u00e9 ce lundi matin qu&rsquo;il allait d\u00e9poser plainte demain, [&hellip;]","twitter_image":"https:\/\/vosgesinfo.fr\/app\/uploads\/sites\/4\/2023\/02\/david-valence.jpg","twitter_creator":"@VosgesInfo88","twitter_site":"@VosgesInfo88","twitter_misc":{"\u00c9crit par":"la r\u00e9daction","Dur\u00e9e de lecture estim\u00e9e":"1 minute"},"schema":{"@context":"https:\/\/schema.org","@graph":[{"@type":"Article","@id":"https:\/\/vosgesinfo.fr\/saintdieinfo\/2023\/04\/depute-david-valence-va-porter-plainte-usurpation-didentite\/#article","isPartOf":{"@id":"https:\/\/vosgesinfo.fr\/saintdieinfo\/2023\/04\/depute-david-valence-va-porter-plainte-usurpation-didentite\/"},"author":{"name":"la r\u00e9daction","@id":"https:\/\/vosgesinfo.fr\/saintdieinfo\/#\/schema\/person\/faee6704a21f3977511db84bd1cd450f"},"headline":"Le d\u00e9put\u00e9 David Valence va porter plainte pour usurpation d&rsquo;identit\u00e9","datePublished":"2023-04-17T06:35:02+00:00","dateModified":"2023-04-17T06:35:02+00:00","mainEntityOfPage":{"@id":"https:\/\/vosgesinfo.fr\/saintdieinfo\/2023\/04\/depute-david-valence-va-porter-plainte-usurpation-didentite\/"},"wordCount":323,"commentCount":0,"publisher":{"@id":"https:\/\/vosgesinfo.fr\/saintdieinfo\/#organization"},"image":{"@id":"https:\/\/vosgesinfo.fr\/saintdieinfo\/2023\/04\/depute-david-valence-va-porter-plainte-usurpation-didentite\/#primaryimage"},"thumbnailUrl":"https:\/\/vosgesinfo.fr\/app\/uploads\/sites\/4\/2023\/02\/david-valence.jpg","keywords":["David Valence","D\u00e9put\u00e9 de la deuxi\u00e8me circonscription des Vosges","Rassemblement National","Usurpation d'identit\u00e9"],"articleSection":["A la Une","Politique","Saint-Di\u00e9-des-Vosges et son Agglom\u00e9ration"],"inLanguage":"fr-FR","potentialAction":[{"@type":"CommentAction","name":"Comment","target":["https:\/\/vosgesinfo.fr\/saintdieinfo\/2023\/04\/depute-david-valence-va-porter-plainte-usurpation-didentite\/#respond"]}]},{"@type":"WebPage","@id":"https:\/\/vosgesinfo.fr\/saintdieinfo\/2023\/04\/depute-david-valence-va-porter-plainte-usurpation-didentite\/","url":"https:\/\/vosgesinfo.fr\/saintdieinfo\/2023\/04\/depute-david-valence-va-porter-plainte-usurpation-didentite\/","name":"Le d\u00e9put\u00e9 David Valence va porter plainte pour usurpation d'identit\u00e9 - Saint Die Info","isPartOf":{"@id":"https:\/\/vosgesinfo.fr\/saintdieinfo\/#website"},"primaryImageOfPage":{"@id":"https:\/\/vosgesinfo.fr\/saintdieinfo\/2023\/04\/depute-david-valence-va-porter-plainte-usurpation-didentite\/#primaryimage"},"image":{"@id":"https:\/\/vosgesinfo.fr\/saintdieinfo\/2023\/04\/depute-david-valence-va-porter-plainte-usurpation-didentite\/#primaryimage"},"thumbnailUrl":"https:\/\/vosgesinfo.fr\/app\/uploads\/sites\/4\/2023\/02\/david-valence.jpg","datePublished":"2023-04-17T06:35:02+00:00","dateModified":"2023-04-17T06:35:02+00:00","breadcrumb":{"@id":"https:\/\/vosgesinfo.fr\/saintdieinfo\/2023\/04\/depute-david-valence-va-porter-plainte-usurpation-didentite\/#breadcrumb"},"inLanguage":"fr-FR","potentialAction":[{"@type":"ReadAction","target":["https:\/\/vosgesinfo.fr\/saintdieinfo\/2023\/04\/depute-david-valence-va-porter-plainte-usurpation-didentite\/"]}]},{"@type":"ImageObject","inLanguage":"fr-FR","@id":"https:\/\/vosgesinfo.fr\/saintdieinfo\/2023\/04\/depute-david-valence-va-porter-plainte-usurpation-didentite\/#primaryimage","url":"https:\/\/vosgesinfo.fr\/app\/uploads\/sites\/4\/2023\/02\/david-valence.jpg","contentUrl":"https:\/\/vosgesinfo.fr\/app\/uploads\/sites\/4\/2023\/02\/david-valence.jpg","width":857,"height":857},{"@type":"BreadcrumbList","@id":"https:\/\/vosgesinfo.fr\/saintdieinfo\/2023\/04\/depute-david-valence-va-porter-plainte-usurpation-didentite\/#breadcrumb","itemListElement":[{"@type":"ListItem","position":1,"name":"Home","item":"https:\/\/vosgesinfo.fr\/saintdieinfo\/"},{"@type":"ListItem","position":2,"name":"Le d\u00e9put\u00e9 David Valence va porter plainte pour usurpation d&rsquo;identit\u00e9"}]},{"@type":"WebSite","@id":"https:\/\/vosgesinfo.fr\/saintdieinfo\/#website","url":"https:\/\/vosgesinfo.fr\/saintdieinfo\/","name":"Saint Die Info","description":"Toute l&#039;actualit\u00e9 de Saint-Di\u00e9-Des-Vosges","publisher":{"@id":"https:\/\/vosgesinfo.fr\/saintdieinfo\/#organization"},"alternateName":"Toute l'actualit\u00e9 de Saint-Di\u00e9-Des-Vosges","potentialAction":[{"@type":"SearchAction","target":{"@type":"EntryPoint","urlTemplate":"https:\/\/vosgesinfo.fr\/saintdieinfo\/?s={search_term_string}"},"query-input":"required name=search_term_string"}],"inLanguage":"fr-FR"},{"@type":"Organization","@id":"https:\/\/vosgesinfo.fr\/saintdieinfo\/#organization","name":"Saint Die Info","url":"https:\/\/vosgesinfo.fr\/saintdieinfo\/","logo":{"@type":"ImageObject","inLanguage":"fr-FR","@id":"https:\/\/vosgesinfo.fr\/saintdieinfo\/#\/schema\/logo\/image\/","url":"https:\/\/vosgesinfo.fr\/app\/uploads\/sites\/4\/2024\/02\/logo-sdi.jpg","contentUrl":"https:\/\/vosgesinfo.fr\/app\/uploads\/sites\/4\/2024\/02\/logo-sdi.jpg","width":600,"height":600,"caption":"Saint Die Info"},"image":{"@id":"https:\/\/vosgesinfo.fr\/saintdieinfo\/#\/schema\/logo\/image\/"},"sameAs":["https:\/\/www.facebook.com\/Saintdieinfofr","https:\/\/x.com\/VosgesInfo88","https:\/\/www.youtube.com\/@vosgesinfo"]},{"@type":"Person","@id":"https:\/\/vosgesinfo.fr\/saintdieinfo\/#\/schema\/person\/faee6704a21f3977511db84bd1cd450f","name":"la r\u00e9daction","image":{"@type":"ImageObject","inLanguage":"fr-FR","@id":"https:\/\/vosgesinfo.fr\/saintdieinfo\/#\/schema\/person\/image\/","url":"https:\/\/secure.gravatar.com\/avatar\/6673d8bc6a9c17fa9a453eaa3448de834fa308c2ec9635b7aa99441a7c8d2cf6?s=96&d=mm&r=g","contentUrl":"https:\/\/secure.gravatar.com\/avatar\/6673d8bc6a9c17fa9a453eaa3448de834fa308c2ec9635b7aa99441a7c8d2cf6?s=96&d=mm&r=g","caption":"la r\u00e9daction"},"url":"https:\/\/vosgesinfo.fr\/saintdieinfo\/author\/redac\/"}]}},"_links":{"self":[{"href":"https:\/\/vosgesinfo.fr\/saintdieinfo\/wp-json\/wp\/v2\/posts\/64168","targetHints":{"allow":["GET"]}}],"collection":[{"href":"https:\/\/vosgesinfo.fr\/saintdieinfo\/wp-json\/wp\/v2\/posts"}],"about":[{"href":"https:\/\/vosgesinfo.fr\/saintdieinfo\/wp-json\/wp\/v2\/types\/post"}],"author":[{"embeddable":true,"href":"https:\/\/vosgesinfo.fr\/saintdieinfo\/wp-json\/wp\/v2\/users\/44"}],"replies":[{"embeddable":true,"href":"https:\/\/vosgesinfo.fr\/saintdieinfo\/wp-json\/wp\/v2\/comments?post=64168"}],"version-history":[{"count":0,"href":"https:\/\/vosgesinfo.fr\/saintdieinfo\/wp-json\/wp\/v2\/posts\/64168\/revisions"}],"wp:featuredmedia":[{"embeddable":true,"href":"https:\/\/vosgesinfo.fr\/saintdieinfo\/wp-json\/wp\/v2\/media\/22781"}],"wp:attachment":[{"href":"https:\/\/vosgesinfo.fr\/saintdieinfo\/wp-json\/wp\/v2\/media?parent=64168"}],"wp:term":[{"taxonomy":"category","embeddable":true,"href":"https:\/\/vosgesinfo.fr\/saintdieinfo\/wp-json\/wp\/v2\/categories?post=64168"},{"taxonomy":"post_tag","embeddable":true,"href":"https:\/\/vosgesinfo.fr\/saintdieinfo\/wp-json\/wp\/v2\/tags?post=64168"}],"curies":[{"name":"wp","href":"https:\/\/api.w.org\/{rel}","templated":true}]}}