{"id":64169,"date":"2023-04-17T08:39:29","date_gmt":"2023-04-17T06:39:29","guid":{"rendered":"https:\/\/vosgesinfo.fr\/saintdieinfo\/2023\/04\/passion-vegetal-aux-pepinieres-thomas\/"},"modified":"2023-04-17T08:39:29","modified_gmt":"2023-04-17T06:39:29","slug":"passion-vegetal-aux-pepinieres-thomas","status":"publish","type":"post","link":"https:\/\/vosgesinfo.fr\/saintdieinfo\/2023\/04\/passion-vegetal-aux-pepinieres-thomas\/","title":{"rendered":"La passion du v\u00e9g\u00e9tal aux P\u00e9pini\u00e8res Thomas\u00a0!"},"content":{"rendered":"<p align=\"LEFT\"><a href=\"\/2023\/04\/p\u00e9pini\u00e8res-thomas-photo-premium.jpg\" target=\"_blank\" rel=\"noopener\"><img decoding=\"async\" class=\"aligncenter wp-image-200178 size-large\" src=\"\/2023\/04\/p\u00e9pini\u00e8res-thomas-photo-premium-1024x635.jpg\" alt=\"p\u00e9pini\u00e8res thomas - photo premium\" width=\"960\" height=\"595\" \/><\/a><\/p>\n<h2 align=\"LEFT\"><strong><span style=\"font-size: 14pt;\">Yves Thomas, p\u00e9pini\u00e9riste \u00e0 Anould, \u00e9paul\u00e9 par Virginie son \u00e9pouse, leur fille L\u00e9a et toute sa fid\u00e8le \u00e9quipe, sont heureux de vous faire d\u00e9couvrir leur m\u00e9tier de passion ainsi que leur grande nouveaut\u00e9\u00a0: la production de plants de l\u00e9gumes, lors de la Porte Ouverte qui aura lieu le lundi 8 Mai de 9h \u00e0 18h.<\/span><\/strong><\/h2>\n<p align=\"LEFT\"><!--more--><\/p>\n<p align=\"LEFT\"><strong>Depuis bient\u00f4t 30 ans, les p\u00e9pini\u00e8res Thomas sont au service des particuliers et des professionnels pour la vente et le conseil de divers v\u00e9g\u00e9taux mais pas que\u00a0! <\/strong>L\u2019Entreprise familiale qui a d\u00e9but\u00e9 par la production et la vente de plants forestiers et d\u2019ornement s\u2019est diversifi\u00e9e en 2011, en ajoutant la production en conteneurs et en 2014 ce f\u00fbt la cr\u00e9ation du service \u00e0 la personne\u00a0: \u00ab entretien des\u00a0espaces verts\u00a0\u00bb, qui a \u00e9t\u00e9 impuls\u00e9 par le regrett\u00e9 <strong>Jonathan Metz. <\/strong>Ce service qui comprend le conseil, la plantation et l\u2019entretien des jardins, permet, bien-s\u00fbr, aux particuliers de b\u00e9n\u00e9ficier du cr\u00e9dit d\u2019imp\u00f4t \u00e0 hauteur de 50%.<\/p>\n\n<p align=\"LEFT\"><strong>Situ\u00e9es sur les hauteurs d\u2019Anould, les p\u00e9pini\u00e8res Thomas, qui b\u00e9n\u00e9ficient d\u2019un emplacement ensoleill\u00e9 sur plus de 3 hectares, ont tout pour vous ravir, <\/strong>avec plus de 1000 vari\u00e9t\u00e9s de v\u00e9g\u00e9taux acclimat\u00e9s \u00e0 notre R\u00e9gion\u2026 D\u00e8s votre arriv\u00e9e devant une grande ferme aux volets et aux portes de couleur violette, vous serez accueilli, en semaine, par Yves, le ma\u00eetre de ces lieux, et par sa charmante \u00e9pouse Virginie le samedi toute la journ\u00e9e. Ils sauront vous diriger et vous conseiller avec grand plaisir, selon vos envies. Vous cherchez des plantes vivaces, des arbustes \u00e0 fleurs, des rosiers, des conif\u00e8res, des arbres et arbustes d\u2019ornement, des petits fruits et autres arbres fruitiers\u2026et bien \u00e9videmment des sacs de terreau et d\u2019engrais sont \u00e0 la vente. Vous serez combl\u00e9s et conquis par la qualit\u00e9 et la diversit\u00e9 des productions\u00a0de la Maison Thomas\u00a0!<\/p>\n\n<p align=\"LEFT\"><strong><a name=\"_GoBack\"><\/a>\u00ab\u00a0Car la force de cette belle aventure familiale r\u00e9side \u00e9galement \u00e0 travers l\u2019esprit d\u2019entreprise qui y r\u00e8gne\u00a0\u00bb, nous livre Virginie\u00a0!\u00a0<\/strong> En t\u00e9moigne une bonne ambiance de travail, ressentie par les nombreux clients, et qui est insuffl\u00e9e par la passion du m\u00e9tier, la consid\u00e9ration et le respect des uns envers les autres et par les \u00e9v\u00e9nements sympathiques qui sont organis\u00e9s au sein de l\u2019\u00e9quipe, par Yves, Virginie et L\u00e9a Thomas\u00a0; Tonio et Carole sont \u00e0 la production, Julian a repris le poste de Jonathan \u00e0 l\u2019entretien des espaces verts, aid\u00e9 par Tom, apprenti, et par William, stagiaire et tr\u00e8s heureux de revenir \u00e0 l\u2019Entreprise pour la 3<sup>\u00e8me<\/sup> fois, tant l\u2019ambiance y est agr\u00e9able\u00a0! Au vu du d\u00e9veloppement de ces activit\u00e9s, <strong>Yves Thomas recherche une personne en poste \u00e0 temps plein pour seconder Julian en saison.<\/strong><\/p>\n\n<p align=\"LEFT\"><strong>Tous vous donnent rendez-vous le lundi 8 Mai, de 9h \u00e0 18h, lors de la Porte Ouverte annuelle, et vous aurez le plaisir de d\u00e9couvrir la grande nouveaut\u00e9 des p\u00e9pini\u00e8res Thomas, \u00e0 savoir\u00a0: la production et la vente de plants de l\u00e9gumes, <\/strong>garantis plein de saveurs et de vitamines, tels que\u00a0: salades, betteraves, poireaux, choux, melons, courges, tomates, poivrons, piments, concombres\u2026<\/p>\n<p align=\"LEFT\"><a href=\"\/2023\/04\/p\u00e9pini\u00e8res-thomas-photo-5-2.jpg\" target=\"_blank\" rel=\"noopener\"><img decoding=\"async\" class=\"aligncenter wp-image-200180 size-full\" src=\"\/2023\/04\/p\u00e9pini\u00e8res-thomas-photo-5-2.jpg\" alt=\"p\u00e9pini\u00e8res thomas photo 5 (2)\" width=\"423\" height=\"453\" \/><\/a><\/p>\n<p align=\"LEFT\"><span style=\"text-decoration: underline;\"><strong>Renseignements compl\u00e9mentaires\u00a0: <\/strong><\/span><\/p>\n<p align=\"LEFT\"><strong>P\u00e9pini\u00e8res Thomas, 668 Rue J.B Colbert \u00e0 Anould<\/strong><\/p>\n<p align=\"LEFT\"><strong>T\u00e9l.\u00a0: 03.29.57.02.56 ou 06.74.33.68.44<\/strong><\/p>\n<p align=\"LEFT\"><strong><a href=\"https:\/\/www.facebook.com\/profile.php?id=100057669060694\" target=\"_blank\" rel=\"noopener\">https:\/\/www.facebook.com\/profile.php?id=100057669060694<\/a><\/strong><\/p>\n<p align=\"LEFT\">R\u00e9daction\u00a0: Patricia Ferry-Demange &#8211; patricia.ferrydemange@gmail.com<\/p>\n","protected":false},"excerpt":{"rendered":"<p>Yves Thomas, p\u00e9pini\u00e9riste \u00e0 Anould, \u00e9paul\u00e9 par Virginie son \u00e9pouse, leur fille L\u00e9a et toute sa fid\u00e8le \u00e9quipe, sont heureux [&hellip;]<\/p>\n","protected":false},"author":44,"featured_media":64170,"comment_status":"open","ping_status":"open","sticky":false,"template":"","format":"standard","meta":{"footnotes":""},"categories":[460,2915],"tags":[3927,5981,306],"class_list":["post-64169","post","type-post","status-publish","format-standard","has-post-thumbnail","hentry","category-a-la-une","category-saint-die-son-canton","tag-anould","tag-pepinieres-thomas","tag-portes-ouvertes"],"acf":[],"yoast_head":"<!-- This site is optimized with the Yoast SEO plugin v22.5 - https:\/\/yoast.com\/wordpress\/plugins\/seo\/ -->\n<title>La passion du v\u00e9g\u00e9tal aux P\u00e9pini\u00e8res Thomas\u00a0! - Saint Die Info<\/title>\n<meta name=\"robots\" content=\"index, follow, max-snippet:-1, max-image-preview:large, max-video-preview:-1\" \/>\n<link rel=\"canonical\" href=\"https:\/\/vosgesinfo.fr\/saintdieinfo\/2023\/04\/passion-vegetal-aux-pepinieres-thomas\/\" \/>\n<meta name=\"twitter:card\" content=\"summary_large_image\" \/>\n<meta name=\"twitter:title\" content=\"La passion du v\u00e9g\u00e9tal aux P\u00e9pini\u00e8res Thomas\u00a0! - Saint Die Info\" \/>\n<meta name=\"twitter:description\" content=\"Yves Thomas, p\u00e9pini\u00e9riste \u00e0 Anould, \u00e9paul\u00e9 par Virginie son \u00e9pouse, leur fille L\u00e9a et toute sa fid\u00e8le \u00e9quipe, sont heureux [&hellip;]\" \/>\n<meta name=\"twitter:image\" content=\"https:\/\/vosgesinfo.fr\/app\/uploads\/sites\/4\/2024\/08\/202304pepinieres-thomas-photo-premium-scaled.jpg\" \/>\n<meta name=\"twitter:creator\" content=\"@VosgesInfo88\" \/>\n<meta name=\"twitter:site\" content=\"@VosgesInfo88\" \/>\n<meta name=\"twitter:label1\" content=\"\u00c9crit par\" \/>\n\t<meta name=\"twitter:data1\" content=\"la r\u00e9daction\" \/>\n\t<meta name=\"twitter:label2\" content=\"Dur\u00e9e de lecture estim\u00e9e\" \/>\n\t<meta name=\"twitter:data2\" content=\"3 minutes\" \/>\n<script type=\"application\/ld+json\" class=\"yoast-schema-graph\">{\"@context\":\"https:\/\/schema.org\",\"@graph\":[{\"@type\":\"Article\",\"@id\":\"https:\/\/vosgesinfo.fr\/saintdieinfo\/2023\/04\/passion-vegetal-aux-pepinieres-thomas\/#article\",\"isPartOf\":{\"@id\":\"https:\/\/vosgesinfo.fr\/saintdieinfo\/2023\/04\/passion-vegetal-aux-pepinieres-thomas\/\"},\"author\":{\"name\":\"la r\u00e9daction\",\"@id\":\"https:\/\/vosgesinfo.fr\/saintdieinfo\/#\/schema\/person\/faee6704a21f3977511db84bd1cd450f\"},\"headline\":\"La passion du v\u00e9g\u00e9tal aux P\u00e9pini\u00e8res Thomas\u00a0!\",\"datePublished\":\"2023-04-17T06:39:29+00:00\",\"dateModified\":\"2023-04-17T06:39:29+00:00\",\"mainEntityOfPage\":{\"@id\":\"https:\/\/vosgesinfo.fr\/saintdieinfo\/2023\/04\/passion-vegetal-aux-pepinieres-thomas\/\"},\"wordCount\":601,\"commentCount\":0,\"publisher\":{\"@id\":\"https:\/\/vosgesinfo.fr\/saintdieinfo\/#organization\"},\"image\":{\"@id\":\"https:\/\/vosgesinfo.fr\/saintdieinfo\/2023\/04\/passion-vegetal-aux-pepinieres-thomas\/#primaryimage\"},\"thumbnailUrl\":\"https:\/\/vosgesinfo.fr\/app\/uploads\/sites\/4\/2024\/08\/202304pepinieres-thomas-photo-premium-scaled.jpg\",\"keywords\":[\"Anould\",\"p\u00e9pini\u00e8res Thomas\",\"portes ouvertes\"],\"articleSection\":[\"A la Une\",\"Saint-Di\u00e9-des-Vosges et son Agglom\u00e9ration\"],\"inLanguage\":\"fr-FR\",\"potentialAction\":[{\"@type\":\"CommentAction\",\"name\":\"Comment\",\"target\":[\"https:\/\/vosgesinfo.fr\/saintdieinfo\/2023\/04\/passion-vegetal-aux-pepinieres-thomas\/#respond\"]}]},{\"@type\":\"WebPage\",\"@id\":\"https:\/\/vosgesinfo.fr\/saintdieinfo\/2023\/04\/passion-vegetal-aux-pepinieres-thomas\/\",\"url\":\"https:\/\/vosgesinfo.fr\/saintdieinfo\/2023\/04\/passion-vegetal-aux-pepinieres-thomas\/\",\"name\":\"La passion du v\u00e9g\u00e9tal aux P\u00e9pini\u00e8res Thomas\u00a0! - Saint Die Info\",\"isPartOf\":{\"@id\":\"https:\/\/vosgesinfo.fr\/saintdieinfo\/#website\"},\"primaryImageOfPage\":{\"@id\":\"https:\/\/vosgesinfo.fr\/saintdieinfo\/2023\/04\/passion-vegetal-aux-pepinieres-thomas\/#primaryimage\"},\"image\":{\"@id\":\"https:\/\/vosgesinfo.fr\/saintdieinfo\/2023\/04\/passion-vegetal-aux-pepinieres-thomas\/#primaryimage\"},\"thumbnailUrl\":\"https:\/\/vosgesinfo.fr\/app\/uploads\/sites\/4\/2024\/08\/202304pepinieres-thomas-photo-premium-scaled.jpg\",\"datePublished\":\"2023-04-17T06:39:29+00:00\",\"dateModified\":\"2023-04-17T06:39:29+00:00\",\"breadcrumb\":{\"@id\":\"https:\/\/vosgesinfo.fr\/saintdieinfo\/2023\/04\/passion-vegetal-aux-pepinieres-thomas\/#breadcrumb\"},\"inLanguage\":\"fr-FR\",\"potentialAction\":[{\"@type\":\"ReadAction\",\"target\":[\"https:\/\/vosgesinfo.fr\/saintdieinfo\/2023\/04\/passion-vegetal-aux-pepinieres-thomas\/\"]}]},{\"@type\":\"ImageObject\",\"inLanguage\":\"fr-FR\",\"@id\":\"https:\/\/vosgesinfo.fr\/saintdieinfo\/2023\/04\/passion-vegetal-aux-pepinieres-thomas\/#primaryimage\",\"url\":\"https:\/\/vosgesinfo.fr\/app\/uploads\/sites\/4\/2024\/08\/202304pepinieres-thomas-photo-premium-scaled.jpg\",\"contentUrl\":\"https:\/\/vosgesinfo.fr\/app\/uploads\/sites\/4\/2024\/08\/202304pepinieres-thomas-photo-premium-scaled.jpg\",\"width\":2560,\"height\":1588},{\"@type\":\"BreadcrumbList\",\"@id\":\"https:\/\/vosgesinfo.fr\/saintdieinfo\/2023\/04\/passion-vegetal-aux-pepinieres-thomas\/#breadcrumb\",\"itemListElement\":[{\"@type\":\"ListItem\",\"position\":1,\"name\":\"Home\",\"item\":\"https:\/\/vosgesinfo.fr\/saintdieinfo\/\"},{\"@type\":\"ListItem\",\"position\":2,\"name\":\"La passion du v\u00e9g\u00e9tal aux P\u00e9pini\u00e8res Thomas\u00a0!\"}]},{\"@type\":\"WebSite\",\"@id\":\"https:\/\/vosgesinfo.fr\/saintdieinfo\/#website\",\"url\":\"https:\/\/vosgesinfo.fr\/saintdieinfo\/\",\"name\":\"Saint Die Info\",\"description\":\"Toute l&#039;actualit\u00e9 de Saint-Di\u00e9-Des-Vosges\",\"publisher\":{\"@id\":\"https:\/\/vosgesinfo.fr\/saintdieinfo\/#organization\"},\"alternateName\":\"Toute l'actualit\u00e9 de Saint-Di\u00e9-Des-Vosges\",\"potentialAction\":[{\"@type\":\"SearchAction\",\"target\":{\"@type\":\"EntryPoint\",\"urlTemplate\":\"https:\/\/vosgesinfo.fr\/saintdieinfo\/?s={search_term_string}\"},\"query-input\":\"required name=search_term_string\"}],\"inLanguage\":\"fr-FR\"},{\"@type\":\"Organization\",\"@id\":\"https:\/\/vosgesinfo.fr\/saintdieinfo\/#organization\",\"name\":\"Saint Die Info\",\"url\":\"https:\/\/vosgesinfo.fr\/saintdieinfo\/\",\"logo\":{\"@type\":\"ImageObject\",\"inLanguage\":\"fr-FR\",\"@id\":\"https:\/\/vosgesinfo.fr\/saintdieinfo\/#\/schema\/logo\/image\/\",\"url\":\"https:\/\/vosgesinfo.fr\/app\/uploads\/sites\/4\/2024\/02\/logo-sdi.jpg\",\"contentUrl\":\"https:\/\/vosgesinfo.fr\/app\/uploads\/sites\/4\/2024\/02\/logo-sdi.jpg\",\"width\":600,\"height\":600,\"caption\":\"Saint Die Info\"},\"image\":{\"@id\":\"https:\/\/vosgesinfo.fr\/saintdieinfo\/#\/schema\/logo\/image\/\"},\"sameAs\":[\"https:\/\/www.facebook.com\/Saintdieinfofr\",\"https:\/\/x.com\/VosgesInfo88\",\"https:\/\/www.youtube.com\/@vosgesinfo\"]},{\"@type\":\"Person\",\"@id\":\"https:\/\/vosgesinfo.fr\/saintdieinfo\/#\/schema\/person\/faee6704a21f3977511db84bd1cd450f\",\"name\":\"la r\u00e9daction\",\"image\":{\"@type\":\"ImageObject\",\"inLanguage\":\"fr-FR\",\"@id\":\"https:\/\/vosgesinfo.fr\/saintdieinfo\/#\/schema\/person\/image\/\",\"url\":\"https:\/\/secure.gravatar.com\/avatar\/6673d8bc6a9c17fa9a453eaa3448de834fa308c2ec9635b7aa99441a7c8d2cf6?s=96&d=mm&r=g\",\"contentUrl\":\"https:\/\/secure.gravatar.com\/avatar\/6673d8bc6a9c17fa9a453eaa3448de834fa308c2ec9635b7aa99441a7c8d2cf6?s=96&d=mm&r=g\",\"caption\":\"la r\u00e9daction\"},\"url\":\"https:\/\/vosgesinfo.fr\/saintdieinfo\/author\/redac\/\"}]}<\/script>\n<!-- \/ Yoast SEO plugin. -->","yoast_head_json":{"title":"La passion du v\u00e9g\u00e9tal aux P\u00e9pini\u00e8res Thomas\u00a0! - Saint Die Info","robots":{"index":"index","follow":"follow","max-snippet":"max-snippet:-1","max-image-preview":"max-image-preview:large","max-video-preview":"max-video-preview:-1"},"canonical":"https:\/\/vosgesinfo.fr\/saintdieinfo\/2023\/04\/passion-vegetal-aux-pepinieres-thomas\/","twitter_card":"summary_large_image","twitter_title":"La passion du v\u00e9g\u00e9tal aux P\u00e9pini\u00e8res Thomas\u00a0! - Saint Die Info","twitter_description":"Yves Thomas, p\u00e9pini\u00e9riste \u00e0 Anould, \u00e9paul\u00e9 par Virginie son \u00e9pouse, leur fille L\u00e9a et toute sa fid\u00e8le \u00e9quipe, sont heureux [&hellip;]","twitter_image":"https:\/\/vosgesinfo.fr\/app\/uploads\/sites\/4\/2024\/08\/202304pepinieres-thomas-photo-premium-scaled.jpg","twitter_creator":"@VosgesInfo88","twitter_site":"@VosgesInfo88","twitter_misc":{"\u00c9crit par":"la r\u00e9daction","Dur\u00e9e de lecture estim\u00e9e":"3 minutes"},"schema":{"@context":"https:\/\/schema.org","@graph":[{"@type":"Article","@id":"https:\/\/vosgesinfo.fr\/saintdieinfo\/2023\/04\/passion-vegetal-aux-pepinieres-thomas\/#article","isPartOf":{"@id":"https:\/\/vosgesinfo.fr\/saintdieinfo\/2023\/04\/passion-vegetal-aux-pepinieres-thomas\/"},"author":{"name":"la r\u00e9daction","@id":"https:\/\/vosgesinfo.fr\/saintdieinfo\/#\/schema\/person\/faee6704a21f3977511db84bd1cd450f"},"headline":"La passion du v\u00e9g\u00e9tal aux P\u00e9pini\u00e8res Thomas\u00a0!","datePublished":"2023-04-17T06:39:29+00:00","dateModified":"2023-04-17T06:39:29+00:00","mainEntityOfPage":{"@id":"https:\/\/vosgesinfo.fr\/saintdieinfo\/2023\/04\/passion-vegetal-aux-pepinieres-thomas\/"},"wordCount":601,"commentCount":0,"publisher":{"@id":"https:\/\/vosgesinfo.fr\/saintdieinfo\/#organization"},"image":{"@id":"https:\/\/vosgesinfo.fr\/saintdieinfo\/2023\/04\/passion-vegetal-aux-pepinieres-thomas\/#primaryimage"},"thumbnailUrl":"https:\/\/vosgesinfo.fr\/app\/uploads\/sites\/4\/2024\/08\/202304pepinieres-thomas-photo-premium-scaled.jpg","keywords":["Anould","p\u00e9pini\u00e8res Thomas","portes ouvertes"],"articleSection":["A la Une","Saint-Di\u00e9-des-Vosges et son Agglom\u00e9ration"],"inLanguage":"fr-FR","potentialAction":[{"@type":"CommentAction","name":"Comment","target":["https:\/\/vosgesinfo.fr\/saintdieinfo\/2023\/04\/passion-vegetal-aux-pepinieres-thomas\/#respond"]}]},{"@type":"WebPage","@id":"https:\/\/vosgesinfo.fr\/saintdieinfo\/2023\/04\/passion-vegetal-aux-pepinieres-thomas\/","url":"https:\/\/vosgesinfo.fr\/saintdieinfo\/2023\/04\/passion-vegetal-aux-pepinieres-thomas\/","name":"La passion du v\u00e9g\u00e9tal aux P\u00e9pini\u00e8res Thomas\u00a0! - Saint Die Info","isPartOf":{"@id":"https:\/\/vosgesinfo.fr\/saintdieinfo\/#website"},"primaryImageOfPage":{"@id":"https:\/\/vosgesinfo.fr\/saintdieinfo\/2023\/04\/passion-vegetal-aux-pepinieres-thomas\/#primaryimage"},"image":{"@id":"https:\/\/vosgesinfo.fr\/saintdieinfo\/2023\/04\/passion-vegetal-aux-pepinieres-thomas\/#primaryimage"},"thumbnailUrl":"https:\/\/vosgesinfo.fr\/app\/uploads\/sites\/4\/2024\/08\/202304pepinieres-thomas-photo-premium-scaled.jpg","datePublished":"2023-04-17T06:39:29+00:00","dateModified":"2023-04-17T06:39:29+00:00","breadcrumb":{"@id":"https:\/\/vosgesinfo.fr\/saintdieinfo\/2023\/04\/passion-vegetal-aux-pepinieres-thomas\/#breadcrumb"},"inLanguage":"fr-FR","potentialAction":[{"@type":"ReadAction","target":["https:\/\/vosgesinfo.fr\/saintdieinfo\/2023\/04\/passion-vegetal-aux-pepinieres-thomas\/"]}]},{"@type":"ImageObject","inLanguage":"fr-FR","@id":"https:\/\/vosgesinfo.fr\/saintdieinfo\/2023\/04\/passion-vegetal-aux-pepinieres-thomas\/#primaryimage","url":"https:\/\/vosgesinfo.fr\/app\/uploads\/sites\/4\/2024\/08\/202304pepinieres-thomas-photo-premium-scaled.jpg","contentUrl":"https:\/\/vosgesinfo.fr\/app\/uploads\/sites\/4\/2024\/08\/202304pepinieres-thomas-photo-premium-scaled.jpg","width":2560,"height":1588},{"@type":"BreadcrumbList","@id":"https:\/\/vosgesinfo.fr\/saintdieinfo\/2023\/04\/passion-vegetal-aux-pepinieres-thomas\/#breadcrumb","itemListElement":[{"@type":"ListItem","position":1,"name":"Home","item":"https:\/\/vosgesinfo.fr\/saintdieinfo\/"},{"@type":"ListItem","position":2,"name":"La passion du v\u00e9g\u00e9tal aux P\u00e9pini\u00e8res Thomas\u00a0!"}]},{"@type":"WebSite","@id":"https:\/\/vosgesinfo.fr\/saintdieinfo\/#website","url":"https:\/\/vosgesinfo.fr\/saintdieinfo\/","name":"Saint Die Info","description":"Toute l&#039;actualit\u00e9 de Saint-Di\u00e9-Des-Vosges","publisher":{"@id":"https:\/\/vosgesinfo.fr\/saintdieinfo\/#organization"},"alternateName":"Toute l'actualit\u00e9 de Saint-Di\u00e9-Des-Vosges","potentialAction":[{"@type":"SearchAction","target":{"@type":"EntryPoint","urlTemplate":"https:\/\/vosgesinfo.fr\/saintdieinfo\/?s={search_term_string}"},"query-input":"required name=search_term_string"}],"inLanguage":"fr-FR"},{"@type":"Organization","@id":"https:\/\/vosgesinfo.fr\/saintdieinfo\/#organization","name":"Saint Die Info","url":"https:\/\/vosgesinfo.fr\/saintdieinfo\/","logo":{"@type":"ImageObject","inLanguage":"fr-FR","@id":"https:\/\/vosgesinfo.fr\/saintdieinfo\/#\/schema\/logo\/image\/","url":"https:\/\/vosgesinfo.fr\/app\/uploads\/sites\/4\/2024\/02\/logo-sdi.jpg","contentUrl":"https:\/\/vosgesinfo.fr\/app\/uploads\/sites\/4\/2024\/02\/logo-sdi.jpg","width":600,"height":600,"caption":"Saint Die Info"},"image":{"@id":"https:\/\/vosgesinfo.fr\/saintdieinfo\/#\/schema\/logo\/image\/"},"sameAs":["https:\/\/www.facebook.com\/Saintdieinfofr","https:\/\/x.com\/VosgesInfo88","https:\/\/www.youtube.com\/@vosgesinfo"]},{"@type":"Person","@id":"https:\/\/vosgesinfo.fr\/saintdieinfo\/#\/schema\/person\/faee6704a21f3977511db84bd1cd450f","name":"la r\u00e9daction","image":{"@type":"ImageObject","inLanguage":"fr-FR","@id":"https:\/\/vosgesinfo.fr\/saintdieinfo\/#\/schema\/person\/image\/","url":"https:\/\/secure.gravatar.com\/avatar\/6673d8bc6a9c17fa9a453eaa3448de834fa308c2ec9635b7aa99441a7c8d2cf6?s=96&d=mm&r=g","contentUrl":"https:\/\/secure.gravatar.com\/avatar\/6673d8bc6a9c17fa9a453eaa3448de834fa308c2ec9635b7aa99441a7c8d2cf6?s=96&d=mm&r=g","caption":"la r\u00e9daction"},"url":"https:\/\/vosgesinfo.fr\/saintdieinfo\/author\/redac\/"}]}},"_links":{"self":[{"href":"https:\/\/vosgesinfo.fr\/saintdieinfo\/wp-json\/wp\/v2\/posts\/64169","targetHints":{"allow":["GET"]}}],"collection":[{"href":"https:\/\/vosgesinfo.fr\/saintdieinfo\/wp-json\/wp\/v2\/posts"}],"about":[{"href":"https:\/\/vosgesinfo.fr\/saintdieinfo\/wp-json\/wp\/v2\/types\/post"}],"author":[{"embeddable":true,"href":"https:\/\/vosgesinfo.fr\/saintdieinfo\/wp-json\/wp\/v2\/users\/44"}],"replies":[{"embeddable":true,"href":"https:\/\/vosgesinfo.fr\/saintdieinfo\/wp-json\/wp\/v2\/comments?post=64169"}],"version-history":[{"count":0,"href":"https:\/\/vosgesinfo.fr\/saintdieinfo\/wp-json\/wp\/v2\/posts\/64169\/revisions"}],"wp:featuredmedia":[{"embeddable":true,"href":"https:\/\/vosgesinfo.fr\/saintdieinfo\/wp-json\/wp\/v2\/media\/64170"}],"wp:attachment":[{"href":"https:\/\/vosgesinfo.fr\/saintdieinfo\/wp-json\/wp\/v2\/media?parent=64169"}],"wp:term":[{"taxonomy":"category","embeddable":true,"href":"https:\/\/vosgesinfo.fr\/saintdieinfo\/wp-json\/wp\/v2\/categories?post=64169"},{"taxonomy":"post_tag","embeddable":true,"href":"https:\/\/vosgesinfo.fr\/saintdieinfo\/wp-json\/wp\/v2\/tags?post=64169"}],"curies":[{"name":"wp","href":"https:\/\/api.w.org\/{rel}","templated":true}]}}