{"id":64252,"date":"2023-04-19T06:16:50","date_gmt":"2023-04-19T04:16:50","guid":{"rendered":"https:\/\/vosgesinfo.fr\/saintdieinfo\/2023\/04\/40-ans-de-bonheur-jardin-fleuri\/"},"modified":"2023-04-19T06:16:50","modified_gmt":"2023-04-19T04:16:50","slug":"40-ans-de-bonheur-jardin-fleuri","status":"publish","type":"post","link":"https:\/\/vosgesinfo.fr\/saintdieinfo\/2023\/04\/40-ans-de-bonheur-jardin-fleuri\/","title":{"rendered":"40 ans de bonheur \u00ab\u00a0Au Jardin Fleuri\u00a0\u00bb\u00a0!"},"content":{"rendered":"<p align=\"LEFT\"><a href=\"\/2023\/04\/au-jar-photo-premium.jpg\" target=\"_blank\" rel=\"noopener\"><img decoding=\"async\" class=\"aligncenter wp-image-200289 size-large\" src=\"\/2023\/04\/au-jar-photo-premium-1024x802.jpg\" alt=\"au jar -photo premium\" width=\"960\" height=\"752\" \/><\/a><\/p>\n<h2 align=\"LEFT\"><strong><span style=\"font-family: Cambria, sans-serif; font-size: 14pt;\">Au Jardin Fleuri, situ\u00e9 \u00e0 Baccarat, connu \u00e9galement sous le nom des Etablissements Horticoles Henry, f\u00eate leurs 40 ans d\u2019existence cette ann\u00e9e !<\/span><\/strong><\/h2>\n<p align=\"LEFT\"><!--more--><\/p>\n<p align=\"LEFT\"><strong><span style=\"font-family: Cambria, sans-serif;\"><span style=\"font-size: medium;\">Le ma\u00eetre des lieux, c\u2019est David HENRY, horticulteur qualifi\u00e9\u00a0et surtout amoureux de son m\u00e9tier\u00a0!<\/span><\/span><\/strong><span style=\"font-family: Cambria, sans-serif;\"><span style=\"font-size: medium;\"> David et sa fid\u00e8le \u00e9quipe proposent en toutes saisons un vaste choix de fleurs, de plantes vertes et fleuries ainsi que des plants de l\u00e9gumes, s\u00e9lectionn\u00e9s pour leur qualit\u00e9, leur diversit\u00e9, et leur durabilit\u00e9. Ces passionn\u00e9s se feront un plaisir de vous transmettre leur savoir-faire pour r\u00e9ussir toutes vos plantations.<\/span><\/span><\/p>\n<p align=\"LEFT\"><strong><span style=\"font-family: Cambria, sans-serif;\"><span style=\"font-size: medium;\">Vous y trouverez \u00e9galement du terreau, des engrais qui sont vendus au m\u00eame prix que l\u2019an pass\u00e9, des poteries\u2026<\/span><\/span><\/strong><span style=\"font-family: Cambria, sans-serif;\"><span style=\"font-size: medium;\">\u00a0; Avec l\u2019arriv\u00e9e des beaux jours, les particuliers et les professionnels ne s\u2019y trompent pas\u2026 Au jardin fleuri, c\u2019est \u00ab\u00a0the place to be\u00a0\u00bb pour les amoureux des belles plantes.<\/span><\/span><\/p>\n\n<p align=\"LEFT\"><strong><span style=\"font-family: Cambria, sans-serif;\"><span style=\"font-size: medium;\">A votre arriv\u00e9e Au Jardin Fleuri, vous serez accueilli par \u00ab\u00a0Helios\u00a0\u00bb, le jeune perroquet vert,<\/span><\/span><\/strong><span style=\"font-family: Cambria, sans-serif;\"><span style=\"font-size: medium;\"> mascotte de l\u2019Etablissement, qui vous sifflera la Marseillaise\u00a0! <\/span><\/span><strong><span style=\"font-family: Cambria, sans-serif;\"><span style=\"font-size: medium;\">Vous allez \u00eatre, ensuite, s\u00e9duit par d\u2019innombrables vari\u00e9t\u00e9s de plantes<\/span><\/span><\/strong><span style=\"font-family: Cambria, sans-serif;\"><span style=\"font-size: medium;\"><strong>,<\/strong> rassemblant les arbustes d\u2019ornement, les plantes vertes, les plantes fleuries offrant une magnifique palette de couleurs, destin\u00e9es \u00e0 cr\u00e9er une ambiance, un massif\u2026et vous serez enivr\u00e9s par le doux parfum des citrons et des orangers qui jouxtent les <\/span><\/span><\/p>\n<p align=\"LEFT\"><strong><span style=\"font-family: Cambria, sans-serif;\"><span style=\"font-size: medium;\">L\u2019incontournable \u00ab\u00a0Dipladenia\u00a0\u00bb, rouge-\u00e9carlate<\/span><\/span><\/strong><span style=\"font-family: Cambria, sans-serif;\"><span style=\"font-size: medium;\"><strong>, <\/strong>se retrouve en nombre cette ann\u00e9e, en effet, v\u00e9ritable \u00ab\u00a0coup de c\u0153ur\u00a0\u00bb, cette fleur demande tr\u00e8s peu d\u2019entretien et fleurit tout l\u2019\u00e9t\u00e9 et supporte tr\u00e8s bien nos p\u00e9riodes caniculaires\u00a0; <\/span><\/span><strong><span style=\"font-family: Cambria, sans-serif;\"><span style=\"font-size: medium;\">Tout comme le fameux g\u00e9ranium<\/span><\/span><\/strong><span style=\"font-family: Cambria, sans-serif;\"><span style=\"font-size: medium;\"><strong>,<\/strong> -zonal ou retombant -qui doit son nom de \u00ab\u00a0roi du balcon\u00a0\u00bb \u00e0 sa cascade de fleurs- le g\u00e9ranium est id\u00e9al pour orner vos terrasses, vos massifs et vos balcons, ainsi que les fameux p\u00e9tunias pour r\u00e9aliser des compositions, <\/span><\/span><\/p>\n\n<p align=\"LEFT\"><strong><span style=\"font-family: Cambria, sans-serif;\"><span style=\"font-size: medium;\">David, v\u00e9ritable passionn\u00e9 par l\u2019horticulture<\/span><\/span><\/strong><span style=\"font-family: Cambria, sans-serif;\"><span style=\"font-size: medium;\"><strong>, <\/strong>ainsi que toute son \u00e9quipe, vous feront d\u00e9couvrir d\u2019innombrables vari\u00e9t\u00e9s et seront \u00e0 l\u2019\u00e9coute de toutes vos envies et de vos interrogations sur le choix et l\u2019entretien de celles-ci\u00a0; Ils conseilleront au mieux les particuliers et les commer\u00e7ants, sur le fleurissement de leur devanture de maison ou de commerce. <\/span><\/span><\/p>\n<p align=\"LEFT\"><a name=\"_GoBack\"><\/a> <strong><span style=\"font-family: Cambria, sans-serif;\"><span style=\"font-size: medium;\">Au jardin Fleuri, vous trouverez \u00e9galement les plants de l\u00e9gumes de saison, garantis sans pesticide<\/span><\/span><\/strong><span style=\"font-family: Cambria, sans-serif;\"><span style=\"font-size: medium;\"><strong>, <\/strong>tels que des tomates, salades \u2013batavia, feuille de ch\u00eane, laitue-, poivrons, concombres, aubergines, navets, courgettes, oignons blancs, jaunes et rouges, et sans doute des melons et autres cucurbitac\u00e9es ; de quoi ravir les papilles gustatives des amateurs de bons l\u00e9gumes. <\/span><\/span><strong><span style=\"font-family: Cambria, sans-serif;\"><span style=\"font-size: medium;\">En mai, l\u2019\u00e9tablissement sera ouvert tous les jours, y compris le dimanche et les jours f\u00e9ri\u00e9s, des promotions et des petits cadeaux sont mis en place pour remercier la fid\u00e9lit\u00e9 des nombreux clients.<\/span><\/span><\/strong><\/p>\n\n<p align=\"LEFT\"><strong><span style=\"font-family: Cambria, sans-serif;\"><span style=\"font-size: medium;\">Au Jardin Fleuri &#8211; Ets Horticoles Henry D. \u00e0 BACCARAT<\/span><\/span><\/strong><\/p>\n<p align=\"LEFT\"><strong><span style=\"font-family: Cambria, sans-serif;\"><span style=\"font-size: medium;\">16 rue Charles Peccatte (ZA Baccarat-Bertrichamps) &#8211; T\u00e9l.\u00a0: 03 83 75 27 53<\/span><\/span><\/strong><\/p>\n<p align=\"LEFT\"><a href=\"https:\/\/www.facebook.com\/AuJardinFleuriBaccarat\/?referrer=services_landing_page\" target=\"_blank\" rel=\"noopener\">https:\/\/www.facebook.com\/AuJardinFleuriBaccarat\/?referrer=services_landing_page<\/a><\/p>\n<p align=\"LEFT\"><a href=\"https:\/\/www.aujardinfleuri54.fr\/\" target=\"_blank\" rel=\"noopener\">https:\/\/www.aujardinfleuri54.fr\/<\/a><\/p>\n<p align=\"LEFT\"><span style=\"font-family: Cambria, sans-serif;\"><span style=\"font-size: medium;\">R\u00e9daction : Patricia Ferry-Demange<\/span><\/span><\/p>\n","protected":false},"excerpt":{"rendered":"<p>Au Jardin Fleuri, situ\u00e9 \u00e0 Baccarat, connu \u00e9galement sous le nom des Etablissements Horticoles Henry, f\u00eate leurs 40 ans d\u2019existence [&hellip;]<\/p>\n","protected":false},"author":44,"featured_media":64253,"comment_status":"open","ping_status":"open","sticky":false,"template":"","format":"standard","meta":{"footnotes":""},"categories":[460,2915],"tags":[5983,3105],"class_list":["post-64252","post","type-post","status-publish","format-standard","has-post-thumbnail","hentry","category-a-la-une","category-saint-die-son-canton","tag-au-jardin-fleuri","tag-baccarat"],"acf":[],"yoast_head":"<!-- This site is optimized with the Yoast SEO plugin v22.5 - https:\/\/yoast.com\/wordpress\/plugins\/seo\/ -->\n<title>40 ans de bonheur \u00ab\u00a0Au Jardin Fleuri\u00a0\u00bb\u00a0! - Saint Die Info<\/title>\n<meta name=\"robots\" content=\"index, follow, max-snippet:-1, max-image-preview:large, max-video-preview:-1\" \/>\n<link rel=\"canonical\" href=\"https:\/\/vosgesinfo.fr\/saintdieinfo\/2023\/04\/40-ans-de-bonheur-jardin-fleuri\/\" \/>\n<meta name=\"twitter:card\" content=\"summary_large_image\" \/>\n<meta name=\"twitter:title\" content=\"40 ans de bonheur \u00ab\u00a0Au Jardin Fleuri\u00a0\u00bb\u00a0! - Saint Die Info\" \/>\n<meta name=\"twitter:description\" content=\"Au Jardin Fleuri, situ\u00e9 \u00e0 Baccarat, connu \u00e9galement sous le nom des Etablissements Horticoles Henry, f\u00eate leurs 40 ans d\u2019existence [&hellip;]\" \/>\n<meta name=\"twitter:image\" content=\"https:\/\/vosgesinfo.fr\/app\/uploads\/sites\/4\/2024\/08\/202304au-jar-photo-premium-scaled.jpg\" \/>\n<meta name=\"twitter:creator\" content=\"@VosgesInfo88\" \/>\n<meta name=\"twitter:site\" content=\"@VosgesInfo88\" \/>\n<meta name=\"twitter:label1\" content=\"\u00c9crit par\" \/>\n\t<meta name=\"twitter:data1\" content=\"la r\u00e9daction\" \/>\n\t<meta name=\"twitter:label2\" content=\"Dur\u00e9e de lecture estim\u00e9e\" \/>\n\t<meta name=\"twitter:data2\" content=\"3 minutes\" \/>\n<script type=\"application\/ld+json\" class=\"yoast-schema-graph\">{\"@context\":\"https:\/\/schema.org\",\"@graph\":[{\"@type\":\"Article\",\"@id\":\"https:\/\/vosgesinfo.fr\/saintdieinfo\/2023\/04\/40-ans-de-bonheur-jardin-fleuri\/#article\",\"isPartOf\":{\"@id\":\"https:\/\/vosgesinfo.fr\/saintdieinfo\/2023\/04\/40-ans-de-bonheur-jardin-fleuri\/\"},\"author\":{\"name\":\"la r\u00e9daction\",\"@id\":\"https:\/\/vosgesinfo.fr\/saintdieinfo\/#\/schema\/person\/faee6704a21f3977511db84bd1cd450f\"},\"headline\":\"40 ans de bonheur \u00ab\u00a0Au Jardin Fleuri\u00a0\u00bb\u00a0!\",\"datePublished\":\"2023-04-19T04:16:50+00:00\",\"dateModified\":\"2023-04-19T04:16:50+00:00\",\"mainEntityOfPage\":{\"@id\":\"https:\/\/vosgesinfo.fr\/saintdieinfo\/2023\/04\/40-ans-de-bonheur-jardin-fleuri\/\"},\"wordCount\":535,\"commentCount\":0,\"publisher\":{\"@id\":\"https:\/\/vosgesinfo.fr\/saintdieinfo\/#organization\"},\"image\":{\"@id\":\"https:\/\/vosgesinfo.fr\/saintdieinfo\/2023\/04\/40-ans-de-bonheur-jardin-fleuri\/#primaryimage\"},\"thumbnailUrl\":\"https:\/\/vosgesinfo.fr\/app\/uploads\/sites\/4\/2024\/08\/202304au-jar-photo-premium-scaled.jpg\",\"keywords\":[\"Au jardin Fleuri\",\"Baccarat\"],\"articleSection\":[\"A la Une\",\"Saint-Di\u00e9-des-Vosges et son Agglom\u00e9ration\"],\"inLanguage\":\"fr-FR\",\"potentialAction\":[{\"@type\":\"CommentAction\",\"name\":\"Comment\",\"target\":[\"https:\/\/vosgesinfo.fr\/saintdieinfo\/2023\/04\/40-ans-de-bonheur-jardin-fleuri\/#respond\"]}]},{\"@type\":\"WebPage\",\"@id\":\"https:\/\/vosgesinfo.fr\/saintdieinfo\/2023\/04\/40-ans-de-bonheur-jardin-fleuri\/\",\"url\":\"https:\/\/vosgesinfo.fr\/saintdieinfo\/2023\/04\/40-ans-de-bonheur-jardin-fleuri\/\",\"name\":\"40 ans de bonheur \u00ab\u00a0Au Jardin Fleuri\u00a0\u00bb\u00a0! - Saint Die Info\",\"isPartOf\":{\"@id\":\"https:\/\/vosgesinfo.fr\/saintdieinfo\/#website\"},\"primaryImageOfPage\":{\"@id\":\"https:\/\/vosgesinfo.fr\/saintdieinfo\/2023\/04\/40-ans-de-bonheur-jardin-fleuri\/#primaryimage\"},\"image\":{\"@id\":\"https:\/\/vosgesinfo.fr\/saintdieinfo\/2023\/04\/40-ans-de-bonheur-jardin-fleuri\/#primaryimage\"},\"thumbnailUrl\":\"https:\/\/vosgesinfo.fr\/app\/uploads\/sites\/4\/2024\/08\/202304au-jar-photo-premium-scaled.jpg\",\"datePublished\":\"2023-04-19T04:16:50+00:00\",\"dateModified\":\"2023-04-19T04:16:50+00:00\",\"breadcrumb\":{\"@id\":\"https:\/\/vosgesinfo.fr\/saintdieinfo\/2023\/04\/40-ans-de-bonheur-jardin-fleuri\/#breadcrumb\"},\"inLanguage\":\"fr-FR\",\"potentialAction\":[{\"@type\":\"ReadAction\",\"target\":[\"https:\/\/vosgesinfo.fr\/saintdieinfo\/2023\/04\/40-ans-de-bonheur-jardin-fleuri\/\"]}]},{\"@type\":\"ImageObject\",\"inLanguage\":\"fr-FR\",\"@id\":\"https:\/\/vosgesinfo.fr\/saintdieinfo\/2023\/04\/40-ans-de-bonheur-jardin-fleuri\/#primaryimage\",\"url\":\"https:\/\/vosgesinfo.fr\/app\/uploads\/sites\/4\/2024\/08\/202304au-jar-photo-premium-scaled.jpg\",\"contentUrl\":\"https:\/\/vosgesinfo.fr\/app\/uploads\/sites\/4\/2024\/08\/202304au-jar-photo-premium-scaled.jpg\",\"width\":2560,\"height\":2004},{\"@type\":\"BreadcrumbList\",\"@id\":\"https:\/\/vosgesinfo.fr\/saintdieinfo\/2023\/04\/40-ans-de-bonheur-jardin-fleuri\/#breadcrumb\",\"itemListElement\":[{\"@type\":\"ListItem\",\"position\":1,\"name\":\"Home\",\"item\":\"https:\/\/vosgesinfo.fr\/saintdieinfo\/\"},{\"@type\":\"ListItem\",\"position\":2,\"name\":\"40 ans de bonheur \u00ab\u00a0Au Jardin Fleuri\u00a0\u00bb\u00a0!\"}]},{\"@type\":\"WebSite\",\"@id\":\"https:\/\/vosgesinfo.fr\/saintdieinfo\/#website\",\"url\":\"https:\/\/vosgesinfo.fr\/saintdieinfo\/\",\"name\":\"Saint Die Info\",\"description\":\"Toute l&#039;actualit\u00e9 de Saint-Di\u00e9-Des-Vosges\",\"publisher\":{\"@id\":\"https:\/\/vosgesinfo.fr\/saintdieinfo\/#organization\"},\"alternateName\":\"Toute l'actualit\u00e9 de Saint-Di\u00e9-Des-Vosges\",\"potentialAction\":[{\"@type\":\"SearchAction\",\"target\":{\"@type\":\"EntryPoint\",\"urlTemplate\":\"https:\/\/vosgesinfo.fr\/saintdieinfo\/?s={search_term_string}\"},\"query-input\":\"required name=search_term_string\"}],\"inLanguage\":\"fr-FR\"},{\"@type\":\"Organization\",\"@id\":\"https:\/\/vosgesinfo.fr\/saintdieinfo\/#organization\",\"name\":\"Saint Die Info\",\"url\":\"https:\/\/vosgesinfo.fr\/saintdieinfo\/\",\"logo\":{\"@type\":\"ImageObject\",\"inLanguage\":\"fr-FR\",\"@id\":\"https:\/\/vosgesinfo.fr\/saintdieinfo\/#\/schema\/logo\/image\/\",\"url\":\"https:\/\/vosgesinfo.fr\/app\/uploads\/sites\/4\/2024\/02\/logo-sdi.jpg\",\"contentUrl\":\"https:\/\/vosgesinfo.fr\/app\/uploads\/sites\/4\/2024\/02\/logo-sdi.jpg\",\"width\":600,\"height\":600,\"caption\":\"Saint Die Info\"},\"image\":{\"@id\":\"https:\/\/vosgesinfo.fr\/saintdieinfo\/#\/schema\/logo\/image\/\"},\"sameAs\":[\"https:\/\/www.facebook.com\/Saintdieinfofr\",\"https:\/\/x.com\/VosgesInfo88\",\"https:\/\/www.youtube.com\/@vosgesinfo\"]},{\"@type\":\"Person\",\"@id\":\"https:\/\/vosgesinfo.fr\/saintdieinfo\/#\/schema\/person\/faee6704a21f3977511db84bd1cd450f\",\"name\":\"la r\u00e9daction\",\"image\":{\"@type\":\"ImageObject\",\"inLanguage\":\"fr-FR\",\"@id\":\"https:\/\/vosgesinfo.fr\/saintdieinfo\/#\/schema\/person\/image\/\",\"url\":\"https:\/\/secure.gravatar.com\/avatar\/6673d8bc6a9c17fa9a453eaa3448de834fa308c2ec9635b7aa99441a7c8d2cf6?s=96&d=mm&r=g\",\"contentUrl\":\"https:\/\/secure.gravatar.com\/avatar\/6673d8bc6a9c17fa9a453eaa3448de834fa308c2ec9635b7aa99441a7c8d2cf6?s=96&d=mm&r=g\",\"caption\":\"la r\u00e9daction\"},\"url\":\"https:\/\/vosgesinfo.fr\/saintdieinfo\/author\/redac\/\"}]}<\/script>\n<!-- \/ Yoast SEO plugin. -->","yoast_head_json":{"title":"40 ans de bonheur \u00ab\u00a0Au Jardin Fleuri\u00a0\u00bb\u00a0! - Saint Die Info","robots":{"index":"index","follow":"follow","max-snippet":"max-snippet:-1","max-image-preview":"max-image-preview:large","max-video-preview":"max-video-preview:-1"},"canonical":"https:\/\/vosgesinfo.fr\/saintdieinfo\/2023\/04\/40-ans-de-bonheur-jardin-fleuri\/","twitter_card":"summary_large_image","twitter_title":"40 ans de bonheur \u00ab\u00a0Au Jardin Fleuri\u00a0\u00bb\u00a0! - Saint Die Info","twitter_description":"Au Jardin Fleuri, situ\u00e9 \u00e0 Baccarat, connu \u00e9galement sous le nom des Etablissements Horticoles Henry, f\u00eate leurs 40 ans d\u2019existence [&hellip;]","twitter_image":"https:\/\/vosgesinfo.fr\/app\/uploads\/sites\/4\/2024\/08\/202304au-jar-photo-premium-scaled.jpg","twitter_creator":"@VosgesInfo88","twitter_site":"@VosgesInfo88","twitter_misc":{"\u00c9crit par":"la r\u00e9daction","Dur\u00e9e de lecture estim\u00e9e":"3 minutes"},"schema":{"@context":"https:\/\/schema.org","@graph":[{"@type":"Article","@id":"https:\/\/vosgesinfo.fr\/saintdieinfo\/2023\/04\/40-ans-de-bonheur-jardin-fleuri\/#article","isPartOf":{"@id":"https:\/\/vosgesinfo.fr\/saintdieinfo\/2023\/04\/40-ans-de-bonheur-jardin-fleuri\/"},"author":{"name":"la r\u00e9daction","@id":"https:\/\/vosgesinfo.fr\/saintdieinfo\/#\/schema\/person\/faee6704a21f3977511db84bd1cd450f"},"headline":"40 ans de bonheur \u00ab\u00a0Au Jardin Fleuri\u00a0\u00bb\u00a0!","datePublished":"2023-04-19T04:16:50+00:00","dateModified":"2023-04-19T04:16:50+00:00","mainEntityOfPage":{"@id":"https:\/\/vosgesinfo.fr\/saintdieinfo\/2023\/04\/40-ans-de-bonheur-jardin-fleuri\/"},"wordCount":535,"commentCount":0,"publisher":{"@id":"https:\/\/vosgesinfo.fr\/saintdieinfo\/#organization"},"image":{"@id":"https:\/\/vosgesinfo.fr\/saintdieinfo\/2023\/04\/40-ans-de-bonheur-jardin-fleuri\/#primaryimage"},"thumbnailUrl":"https:\/\/vosgesinfo.fr\/app\/uploads\/sites\/4\/2024\/08\/202304au-jar-photo-premium-scaled.jpg","keywords":["Au jardin Fleuri","Baccarat"],"articleSection":["A la Une","Saint-Di\u00e9-des-Vosges et son Agglom\u00e9ration"],"inLanguage":"fr-FR","potentialAction":[{"@type":"CommentAction","name":"Comment","target":["https:\/\/vosgesinfo.fr\/saintdieinfo\/2023\/04\/40-ans-de-bonheur-jardin-fleuri\/#respond"]}]},{"@type":"WebPage","@id":"https:\/\/vosgesinfo.fr\/saintdieinfo\/2023\/04\/40-ans-de-bonheur-jardin-fleuri\/","url":"https:\/\/vosgesinfo.fr\/saintdieinfo\/2023\/04\/40-ans-de-bonheur-jardin-fleuri\/","name":"40 ans de bonheur \u00ab\u00a0Au Jardin Fleuri\u00a0\u00bb\u00a0! - Saint Die Info","isPartOf":{"@id":"https:\/\/vosgesinfo.fr\/saintdieinfo\/#website"},"primaryImageOfPage":{"@id":"https:\/\/vosgesinfo.fr\/saintdieinfo\/2023\/04\/40-ans-de-bonheur-jardin-fleuri\/#primaryimage"},"image":{"@id":"https:\/\/vosgesinfo.fr\/saintdieinfo\/2023\/04\/40-ans-de-bonheur-jardin-fleuri\/#primaryimage"},"thumbnailUrl":"https:\/\/vosgesinfo.fr\/app\/uploads\/sites\/4\/2024\/08\/202304au-jar-photo-premium-scaled.jpg","datePublished":"2023-04-19T04:16:50+00:00","dateModified":"2023-04-19T04:16:50+00:00","breadcrumb":{"@id":"https:\/\/vosgesinfo.fr\/saintdieinfo\/2023\/04\/40-ans-de-bonheur-jardin-fleuri\/#breadcrumb"},"inLanguage":"fr-FR","potentialAction":[{"@type":"ReadAction","target":["https:\/\/vosgesinfo.fr\/saintdieinfo\/2023\/04\/40-ans-de-bonheur-jardin-fleuri\/"]}]},{"@type":"ImageObject","inLanguage":"fr-FR","@id":"https:\/\/vosgesinfo.fr\/saintdieinfo\/2023\/04\/40-ans-de-bonheur-jardin-fleuri\/#primaryimage","url":"https:\/\/vosgesinfo.fr\/app\/uploads\/sites\/4\/2024\/08\/202304au-jar-photo-premium-scaled.jpg","contentUrl":"https:\/\/vosgesinfo.fr\/app\/uploads\/sites\/4\/2024\/08\/202304au-jar-photo-premium-scaled.jpg","width":2560,"height":2004},{"@type":"BreadcrumbList","@id":"https:\/\/vosgesinfo.fr\/saintdieinfo\/2023\/04\/40-ans-de-bonheur-jardin-fleuri\/#breadcrumb","itemListElement":[{"@type":"ListItem","position":1,"name":"Home","item":"https:\/\/vosgesinfo.fr\/saintdieinfo\/"},{"@type":"ListItem","position":2,"name":"40 ans de bonheur \u00ab\u00a0Au Jardin Fleuri\u00a0\u00bb\u00a0!"}]},{"@type":"WebSite","@id":"https:\/\/vosgesinfo.fr\/saintdieinfo\/#website","url":"https:\/\/vosgesinfo.fr\/saintdieinfo\/","name":"Saint Die Info","description":"Toute l&#039;actualit\u00e9 de Saint-Di\u00e9-Des-Vosges","publisher":{"@id":"https:\/\/vosgesinfo.fr\/saintdieinfo\/#organization"},"alternateName":"Toute l'actualit\u00e9 de Saint-Di\u00e9-Des-Vosges","potentialAction":[{"@type":"SearchAction","target":{"@type":"EntryPoint","urlTemplate":"https:\/\/vosgesinfo.fr\/saintdieinfo\/?s={search_term_string}"},"query-input":"required name=search_term_string"}],"inLanguage":"fr-FR"},{"@type":"Organization","@id":"https:\/\/vosgesinfo.fr\/saintdieinfo\/#organization","name":"Saint Die Info","url":"https:\/\/vosgesinfo.fr\/saintdieinfo\/","logo":{"@type":"ImageObject","inLanguage":"fr-FR","@id":"https:\/\/vosgesinfo.fr\/saintdieinfo\/#\/schema\/logo\/image\/","url":"https:\/\/vosgesinfo.fr\/app\/uploads\/sites\/4\/2024\/02\/logo-sdi.jpg","contentUrl":"https:\/\/vosgesinfo.fr\/app\/uploads\/sites\/4\/2024\/02\/logo-sdi.jpg","width":600,"height":600,"caption":"Saint Die Info"},"image":{"@id":"https:\/\/vosgesinfo.fr\/saintdieinfo\/#\/schema\/logo\/image\/"},"sameAs":["https:\/\/www.facebook.com\/Saintdieinfofr","https:\/\/x.com\/VosgesInfo88","https:\/\/www.youtube.com\/@vosgesinfo"]},{"@type":"Person","@id":"https:\/\/vosgesinfo.fr\/saintdieinfo\/#\/schema\/person\/faee6704a21f3977511db84bd1cd450f","name":"la r\u00e9daction","image":{"@type":"ImageObject","inLanguage":"fr-FR","@id":"https:\/\/vosgesinfo.fr\/saintdieinfo\/#\/schema\/person\/image\/","url":"https:\/\/secure.gravatar.com\/avatar\/6673d8bc6a9c17fa9a453eaa3448de834fa308c2ec9635b7aa99441a7c8d2cf6?s=96&d=mm&r=g","contentUrl":"https:\/\/secure.gravatar.com\/avatar\/6673d8bc6a9c17fa9a453eaa3448de834fa308c2ec9635b7aa99441a7c8d2cf6?s=96&d=mm&r=g","caption":"la r\u00e9daction"},"url":"https:\/\/vosgesinfo.fr\/saintdieinfo\/author\/redac\/"}]}},"_links":{"self":[{"href":"https:\/\/vosgesinfo.fr\/saintdieinfo\/wp-json\/wp\/v2\/posts\/64252","targetHints":{"allow":["GET"]}}],"collection":[{"href":"https:\/\/vosgesinfo.fr\/saintdieinfo\/wp-json\/wp\/v2\/posts"}],"about":[{"href":"https:\/\/vosgesinfo.fr\/saintdieinfo\/wp-json\/wp\/v2\/types\/post"}],"author":[{"embeddable":true,"href":"https:\/\/vosgesinfo.fr\/saintdieinfo\/wp-json\/wp\/v2\/users\/44"}],"replies":[{"embeddable":true,"href":"https:\/\/vosgesinfo.fr\/saintdieinfo\/wp-json\/wp\/v2\/comments?post=64252"}],"version-history":[{"count":0,"href":"https:\/\/vosgesinfo.fr\/saintdieinfo\/wp-json\/wp\/v2\/posts\/64252\/revisions"}],"wp:featuredmedia":[{"embeddable":true,"href":"https:\/\/vosgesinfo.fr\/saintdieinfo\/wp-json\/wp\/v2\/media\/64253"}],"wp:attachment":[{"href":"https:\/\/vosgesinfo.fr\/saintdieinfo\/wp-json\/wp\/v2\/media?parent=64252"}],"wp:term":[{"taxonomy":"category","embeddable":true,"href":"https:\/\/vosgesinfo.fr\/saintdieinfo\/wp-json\/wp\/v2\/categories?post=64252"},{"taxonomy":"post_tag","embeddable":true,"href":"https:\/\/vosgesinfo.fr\/saintdieinfo\/wp-json\/wp\/v2\/tags?post=64252"}],"curies":[{"name":"wp","href":"https:\/\/api.w.org\/{rel}","templated":true}]}}