{"id":64912,"date":"2023-05-19T09:36:25","date_gmt":"2023-05-19T07:36:25","guid":{"rendered":"https:\/\/vosgesinfo.fr\/saintdieinfo\/2023\/05\/voitures-anciennes-de-prestige-de-ladada-venues-se-garer-place-jules-ferry\/"},"modified":"2023-05-19T09:36:25","modified_gmt":"2023-05-19T07:36:25","slug":"voitures-anciennes-de-prestige-de-ladada-venues-se-garer-place-jules-ferry","status":"publish","type":"post","link":"https:\/\/vosgesinfo.fr\/saintdieinfo\/2023\/05\/voitures-anciennes-de-prestige-de-ladada-venues-se-garer-place-jules-ferry\/","title":{"rendered":"Les voitures anciennes et de prestige de l&rsquo;ADADA sont venues se garer sur la place Jules-Ferry"},"content":{"rendered":"<div id=\"attachment_201427\" style=\"width: 970px\" class=\"wp-caption aligncenter\"><a href=\"\/2023\/05\/ADADA_2023-2.jpg\" target=\"_blank\" rel=\"noopener\"><img decoding=\"async\" aria-describedby=\"caption-attachment-201427\" class=\"wp-image-201427 size-large\" src=\"\/2023\/05\/ADADA_2023-2-1024x683.jpg\" alt=\"ADADA_2023 (2)\" width=\"960\" height=\"640\" \/><\/a><p id=\"caption-attachment-201427\" class=\"wp-caption-text\">(Photographies Marc Fourniquet)<\/p><\/div>\n<h2><strong><span style=\"font-size: 14pt;\">Hier jeudi, jour de l&rsquo;Ascension, l&rsquo;Association Des Amis De l&rsquo;Automobile \u2013 ADADA \u2013 organisait, conjointement avec l&rsquo;Ecurie Gentiane Historique, un rassemblement de voitures sur la place Jules-Ferry.<\/span><\/strong><\/h2>\n<p><!--more--><\/p>\n<p>De 15h \u00e0 20h, les visiteurs ont ainsi pu admirer 20 v\u00e9hicules anciens et de prestige, dont une MG Morgani 44, une M\u00e9hari, une Deux Chevaux Citro\u00ebn, une Porsche Carrera 4S ou une Alpine Renault A110S&#8230; La quarantaine de participants \u00e0 ce rassemblement printanier \u00e9taient pour certains originaires d&rsquo;au-del\u00e0 la D\u00e9odatie. L&rsquo;occasion pour eux de d\u00e9couvrir la cit\u00e9 d\u00e9odatienne, notamment son histoire et ses sites embl\u00e9matiques, et ses alentours.<\/p>\n<p>Cr\u00e9\u00e9e il y a maintenant 14 ans par un groupe d&rsquo;amis, l&rsquo;ADADA organise des balades automobiles et des <em>road books<\/em> dans diverses r\u00e9gions de France. Le rassemblement de voitures qui s&rsquo;est tenu hier sur la place Jules-Ferry est organis\u00e9 chaque ann\u00e9e \u00e0 la m\u00eame date, mais \u00e0 chaque fois dans un lieu diff\u00e9rent. Cette ann\u00e9e, c&rsquo;est donc Saint-Di\u00e9-des-Vosges qui accueillait ce rendez-vous d&rsquo;amateurs de belles automobiles, apr\u00e8s la Corr\u00e8ze, la Corse, le Pays de la Loire ou le Pas-de-Calais ces derni\u00e8res ann\u00e9es. L&rsquo;id\u00e9e \u00e9tant de promouvoir et faire d\u00e9couvrir le lieu du rassemblement, mais aussi de donner \u00e0 ses participants d&rsquo;y revenir.<\/p>\n<p>J.J.<\/p>\n\n","protected":false},"excerpt":{"rendered":"<p>Hier jeudi, jour de l&rsquo;Ascension, l&rsquo;Association Des Amis De l&rsquo;Automobile \u2013 ADADA \u2013 organisait, conjointement avec l&rsquo;Ecurie Gentiane Historique, un [&hellip;]<\/p>\n","protected":false},"author":44,"featured_media":64913,"comment_status":"open","ping_status":"open","sticky":false,"template":"","format":"standard","meta":{"footnotes":""},"categories":[460,20,2915,17],"tags":[14387,14388,2930,11350,6773,14389],"class_list":["post-64912","post","type-post","status-publish","format-standard","has-post-thumbnail","hentry","category-a-la-une","category-loisirs","category-saint-die-son-canton","category-vie-associative","tag-adada","tag-association-des-amis-de-lautomobile","tag-ecurie-gentiane-historique","tag-jeudi-de-lascension","tag-place-jules-ferry","tag-rassemblement-de-vehicules-anciens-et-de-prestige"],"acf":[],"yoast_head":"<!-- This site is optimized with the Yoast SEO plugin v22.5 - https:\/\/yoast.com\/wordpress\/plugins\/seo\/ -->\n<title>Les voitures anciennes et de prestige de l&#039;ADADA sont venues se garer sur la place Jules-Ferry - Saint Die Info<\/title>\n<meta name=\"robots\" content=\"index, follow, max-snippet:-1, max-image-preview:large, max-video-preview:-1\" \/>\n<link rel=\"canonical\" href=\"https:\/\/vosgesinfo.fr\/saintdieinfo\/2023\/05\/voitures-anciennes-de-prestige-de-ladada-venues-se-garer-place-jules-ferry\/\" \/>\n<meta name=\"twitter:card\" content=\"summary_large_image\" \/>\n<meta name=\"twitter:title\" content=\"Les voitures anciennes et de prestige de l&#039;ADADA sont venues se garer sur la place Jules-Ferry - Saint Die Info\" \/>\n<meta name=\"twitter:description\" content=\"Hier jeudi, jour de l&rsquo;Ascension, l&rsquo;Association Des Amis De l&rsquo;Automobile \u2013 ADADA \u2013 organisait, conjointement avec l&rsquo;Ecurie Gentiane Historique, un [&hellip;]\" \/>\n<meta name=\"twitter:image\" content=\"https:\/\/vosgesinfo.fr\/app\/uploads\/sites\/4\/2024\/08\/202305adada-2023-2.jpg\" \/>\n<meta name=\"twitter:creator\" content=\"@VosgesInfo88\" \/>\n<meta name=\"twitter:site\" content=\"@VosgesInfo88\" \/>\n<meta name=\"twitter:label1\" content=\"\u00c9crit par\" \/>\n\t<meta name=\"twitter:data1\" content=\"la r\u00e9daction\" \/>\n\t<meta name=\"twitter:label2\" content=\"Dur\u00e9e de lecture estim\u00e9e\" \/>\n\t<meta name=\"twitter:data2\" content=\"1 minute\" \/>\n<script type=\"application\/ld+json\" class=\"yoast-schema-graph\">{\"@context\":\"https:\/\/schema.org\",\"@graph\":[{\"@type\":\"Article\",\"@id\":\"https:\/\/vosgesinfo.fr\/saintdieinfo\/2023\/05\/voitures-anciennes-de-prestige-de-ladada-venues-se-garer-place-jules-ferry\/#article\",\"isPartOf\":{\"@id\":\"https:\/\/vosgesinfo.fr\/saintdieinfo\/2023\/05\/voitures-anciennes-de-prestige-de-ladada-venues-se-garer-place-jules-ferry\/\"},\"author\":{\"name\":\"la r\u00e9daction\",\"@id\":\"https:\/\/vosgesinfo.fr\/saintdieinfo\/#\/schema\/person\/faee6704a21f3977511db84bd1cd450f\"},\"headline\":\"Les voitures anciennes et de prestige de l&rsquo;ADADA sont venues se garer sur la place Jules-Ferry\",\"datePublished\":\"2023-05-19T07:36:25+00:00\",\"dateModified\":\"2023-05-19T07:36:25+00:00\",\"mainEntityOfPage\":{\"@id\":\"https:\/\/vosgesinfo.fr\/saintdieinfo\/2023\/05\/voitures-anciennes-de-prestige-de-ladada-venues-se-garer-place-jules-ferry\/\"},\"wordCount\":257,\"commentCount\":0,\"publisher\":{\"@id\":\"https:\/\/vosgesinfo.fr\/saintdieinfo\/#organization\"},\"image\":{\"@id\":\"https:\/\/vosgesinfo.fr\/saintdieinfo\/2023\/05\/voitures-anciennes-de-prestige-de-ladada-venues-se-garer-place-jules-ferry\/#primaryimage\"},\"thumbnailUrl\":\"https:\/\/vosgesinfo.fr\/app\/uploads\/sites\/4\/2024\/08\/202305adada-2023-2.jpg\",\"keywords\":[\"ADADA\",\"Association Des Amis De l'Automobile\",\"Ecurie Gentiane Historique\",\"Jeudi de l'Ascension\",\"Place Jules-Ferry\",\"Rassemblement de v\u00e9hicules anciens et de prestige\"],\"articleSection\":[\"A la Une\",\"Loisirs\",\"Saint-Di\u00e9-des-Vosges et son Agglom\u00e9ration\",\"Vie Associative\"],\"inLanguage\":\"fr-FR\",\"potentialAction\":[{\"@type\":\"CommentAction\",\"name\":\"Comment\",\"target\":[\"https:\/\/vosgesinfo.fr\/saintdieinfo\/2023\/05\/voitures-anciennes-de-prestige-de-ladada-venues-se-garer-place-jules-ferry\/#respond\"]}]},{\"@type\":\"WebPage\",\"@id\":\"https:\/\/vosgesinfo.fr\/saintdieinfo\/2023\/05\/voitures-anciennes-de-prestige-de-ladada-venues-se-garer-place-jules-ferry\/\",\"url\":\"https:\/\/vosgesinfo.fr\/saintdieinfo\/2023\/05\/voitures-anciennes-de-prestige-de-ladada-venues-se-garer-place-jules-ferry\/\",\"name\":\"Les voitures anciennes et de prestige de l'ADADA sont venues se garer sur la place Jules-Ferry - Saint Die Info\",\"isPartOf\":{\"@id\":\"https:\/\/vosgesinfo.fr\/saintdieinfo\/#website\"},\"primaryImageOfPage\":{\"@id\":\"https:\/\/vosgesinfo.fr\/saintdieinfo\/2023\/05\/voitures-anciennes-de-prestige-de-ladada-venues-se-garer-place-jules-ferry\/#primaryimage\"},\"image\":{\"@id\":\"https:\/\/vosgesinfo.fr\/saintdieinfo\/2023\/05\/voitures-anciennes-de-prestige-de-ladada-venues-se-garer-place-jules-ferry\/#primaryimage\"},\"thumbnailUrl\":\"https:\/\/vosgesinfo.fr\/app\/uploads\/sites\/4\/2024\/08\/202305adada-2023-2.jpg\",\"datePublished\":\"2023-05-19T07:36:25+00:00\",\"dateModified\":\"2023-05-19T07:36:25+00:00\",\"breadcrumb\":{\"@id\":\"https:\/\/vosgesinfo.fr\/saintdieinfo\/2023\/05\/voitures-anciennes-de-prestige-de-ladada-venues-se-garer-place-jules-ferry\/#breadcrumb\"},\"inLanguage\":\"fr-FR\",\"potentialAction\":[{\"@type\":\"ReadAction\",\"target\":[\"https:\/\/vosgesinfo.fr\/saintdieinfo\/2023\/05\/voitures-anciennes-de-prestige-de-ladada-venues-se-garer-place-jules-ferry\/\"]}]},{\"@type\":\"ImageObject\",\"inLanguage\":\"fr-FR\",\"@id\":\"https:\/\/vosgesinfo.fr\/saintdieinfo\/2023\/05\/voitures-anciennes-de-prestige-de-ladada-venues-se-garer-place-jules-ferry\/#primaryimage\",\"url\":\"https:\/\/vosgesinfo.fr\/app\/uploads\/sites\/4\/2024\/08\/202305adada-2023-2.jpg\",\"contentUrl\":\"https:\/\/vosgesinfo.fr\/app\/uploads\/sites\/4\/2024\/08\/202305adada-2023-2.jpg\",\"width\":1024,\"height\":683},{\"@type\":\"BreadcrumbList\",\"@id\":\"https:\/\/vosgesinfo.fr\/saintdieinfo\/2023\/05\/voitures-anciennes-de-prestige-de-ladada-venues-se-garer-place-jules-ferry\/#breadcrumb\",\"itemListElement\":[{\"@type\":\"ListItem\",\"position\":1,\"name\":\"Home\",\"item\":\"https:\/\/vosgesinfo.fr\/saintdieinfo\/\"},{\"@type\":\"ListItem\",\"position\":2,\"name\":\"Les voitures anciennes et de prestige de l&rsquo;ADADA sont venues se garer sur la place Jules-Ferry\"}]},{\"@type\":\"WebSite\",\"@id\":\"https:\/\/vosgesinfo.fr\/saintdieinfo\/#website\",\"url\":\"https:\/\/vosgesinfo.fr\/saintdieinfo\/\",\"name\":\"Saint Die Info\",\"description\":\"Toute l&#039;actualit\u00e9 de Saint-Di\u00e9-Des-Vosges\",\"publisher\":{\"@id\":\"https:\/\/vosgesinfo.fr\/saintdieinfo\/#organization\"},\"alternateName\":\"Toute l'actualit\u00e9 de Saint-Di\u00e9-Des-Vosges\",\"potentialAction\":[{\"@type\":\"SearchAction\",\"target\":{\"@type\":\"EntryPoint\",\"urlTemplate\":\"https:\/\/vosgesinfo.fr\/saintdieinfo\/?s={search_term_string}\"},\"query-input\":\"required name=search_term_string\"}],\"inLanguage\":\"fr-FR\"},{\"@type\":\"Organization\",\"@id\":\"https:\/\/vosgesinfo.fr\/saintdieinfo\/#organization\",\"name\":\"Saint Die Info\",\"url\":\"https:\/\/vosgesinfo.fr\/saintdieinfo\/\",\"logo\":{\"@type\":\"ImageObject\",\"inLanguage\":\"fr-FR\",\"@id\":\"https:\/\/vosgesinfo.fr\/saintdieinfo\/#\/schema\/logo\/image\/\",\"url\":\"https:\/\/vosgesinfo.fr\/app\/uploads\/sites\/4\/2024\/02\/logo-sdi.jpg\",\"contentUrl\":\"https:\/\/vosgesinfo.fr\/app\/uploads\/sites\/4\/2024\/02\/logo-sdi.jpg\",\"width\":600,\"height\":600,\"caption\":\"Saint Die Info\"},\"image\":{\"@id\":\"https:\/\/vosgesinfo.fr\/saintdieinfo\/#\/schema\/logo\/image\/\"},\"sameAs\":[\"https:\/\/www.facebook.com\/Saintdieinfofr\",\"https:\/\/x.com\/VosgesInfo88\",\"https:\/\/www.youtube.com\/@vosgesinfo\"]},{\"@type\":\"Person\",\"@id\":\"https:\/\/vosgesinfo.fr\/saintdieinfo\/#\/schema\/person\/faee6704a21f3977511db84bd1cd450f\",\"name\":\"la r\u00e9daction\",\"image\":{\"@type\":\"ImageObject\",\"inLanguage\":\"fr-FR\",\"@id\":\"https:\/\/vosgesinfo.fr\/saintdieinfo\/#\/schema\/person\/image\/\",\"url\":\"https:\/\/secure.gravatar.com\/avatar\/6673d8bc6a9c17fa9a453eaa3448de834fa308c2ec9635b7aa99441a7c8d2cf6?s=96&d=mm&r=g\",\"contentUrl\":\"https:\/\/secure.gravatar.com\/avatar\/6673d8bc6a9c17fa9a453eaa3448de834fa308c2ec9635b7aa99441a7c8d2cf6?s=96&d=mm&r=g\",\"caption\":\"la r\u00e9daction\"},\"url\":\"https:\/\/vosgesinfo.fr\/saintdieinfo\/author\/redac\/\"}]}<\/script>\n<!-- \/ Yoast SEO plugin. -->","yoast_head_json":{"title":"Les voitures anciennes et de prestige de l'ADADA sont venues se garer sur la place Jules-Ferry - Saint Die Info","robots":{"index":"index","follow":"follow","max-snippet":"max-snippet:-1","max-image-preview":"max-image-preview:large","max-video-preview":"max-video-preview:-1"},"canonical":"https:\/\/vosgesinfo.fr\/saintdieinfo\/2023\/05\/voitures-anciennes-de-prestige-de-ladada-venues-se-garer-place-jules-ferry\/","twitter_card":"summary_large_image","twitter_title":"Les voitures anciennes et de prestige de l'ADADA sont venues se garer sur la place Jules-Ferry - Saint Die Info","twitter_description":"Hier jeudi, jour de l&rsquo;Ascension, l&rsquo;Association Des Amis De l&rsquo;Automobile \u2013 ADADA \u2013 organisait, conjointement avec l&rsquo;Ecurie Gentiane Historique, un [&hellip;]","twitter_image":"https:\/\/vosgesinfo.fr\/app\/uploads\/sites\/4\/2024\/08\/202305adada-2023-2.jpg","twitter_creator":"@VosgesInfo88","twitter_site":"@VosgesInfo88","twitter_misc":{"\u00c9crit par":"la r\u00e9daction","Dur\u00e9e de lecture estim\u00e9e":"1 minute"},"schema":{"@context":"https:\/\/schema.org","@graph":[{"@type":"Article","@id":"https:\/\/vosgesinfo.fr\/saintdieinfo\/2023\/05\/voitures-anciennes-de-prestige-de-ladada-venues-se-garer-place-jules-ferry\/#article","isPartOf":{"@id":"https:\/\/vosgesinfo.fr\/saintdieinfo\/2023\/05\/voitures-anciennes-de-prestige-de-ladada-venues-se-garer-place-jules-ferry\/"},"author":{"name":"la r\u00e9daction","@id":"https:\/\/vosgesinfo.fr\/saintdieinfo\/#\/schema\/person\/faee6704a21f3977511db84bd1cd450f"},"headline":"Les voitures anciennes et de prestige de l&rsquo;ADADA sont venues se garer sur la place Jules-Ferry","datePublished":"2023-05-19T07:36:25+00:00","dateModified":"2023-05-19T07:36:25+00:00","mainEntityOfPage":{"@id":"https:\/\/vosgesinfo.fr\/saintdieinfo\/2023\/05\/voitures-anciennes-de-prestige-de-ladada-venues-se-garer-place-jules-ferry\/"},"wordCount":257,"commentCount":0,"publisher":{"@id":"https:\/\/vosgesinfo.fr\/saintdieinfo\/#organization"},"image":{"@id":"https:\/\/vosgesinfo.fr\/saintdieinfo\/2023\/05\/voitures-anciennes-de-prestige-de-ladada-venues-se-garer-place-jules-ferry\/#primaryimage"},"thumbnailUrl":"https:\/\/vosgesinfo.fr\/app\/uploads\/sites\/4\/2024\/08\/202305adada-2023-2.jpg","keywords":["ADADA","Association Des Amis De l'Automobile","Ecurie Gentiane Historique","Jeudi de l'Ascension","Place Jules-Ferry","Rassemblement de v\u00e9hicules anciens et de prestige"],"articleSection":["A la Une","Loisirs","Saint-Di\u00e9-des-Vosges et son Agglom\u00e9ration","Vie Associative"],"inLanguage":"fr-FR","potentialAction":[{"@type":"CommentAction","name":"Comment","target":["https:\/\/vosgesinfo.fr\/saintdieinfo\/2023\/05\/voitures-anciennes-de-prestige-de-ladada-venues-se-garer-place-jules-ferry\/#respond"]}]},{"@type":"WebPage","@id":"https:\/\/vosgesinfo.fr\/saintdieinfo\/2023\/05\/voitures-anciennes-de-prestige-de-ladada-venues-se-garer-place-jules-ferry\/","url":"https:\/\/vosgesinfo.fr\/saintdieinfo\/2023\/05\/voitures-anciennes-de-prestige-de-ladada-venues-se-garer-place-jules-ferry\/","name":"Les voitures anciennes et de prestige de l'ADADA sont venues se garer sur la place Jules-Ferry - Saint Die Info","isPartOf":{"@id":"https:\/\/vosgesinfo.fr\/saintdieinfo\/#website"},"primaryImageOfPage":{"@id":"https:\/\/vosgesinfo.fr\/saintdieinfo\/2023\/05\/voitures-anciennes-de-prestige-de-ladada-venues-se-garer-place-jules-ferry\/#primaryimage"},"image":{"@id":"https:\/\/vosgesinfo.fr\/saintdieinfo\/2023\/05\/voitures-anciennes-de-prestige-de-ladada-venues-se-garer-place-jules-ferry\/#primaryimage"},"thumbnailUrl":"https:\/\/vosgesinfo.fr\/app\/uploads\/sites\/4\/2024\/08\/202305adada-2023-2.jpg","datePublished":"2023-05-19T07:36:25+00:00","dateModified":"2023-05-19T07:36:25+00:00","breadcrumb":{"@id":"https:\/\/vosgesinfo.fr\/saintdieinfo\/2023\/05\/voitures-anciennes-de-prestige-de-ladada-venues-se-garer-place-jules-ferry\/#breadcrumb"},"inLanguage":"fr-FR","potentialAction":[{"@type":"ReadAction","target":["https:\/\/vosgesinfo.fr\/saintdieinfo\/2023\/05\/voitures-anciennes-de-prestige-de-ladada-venues-se-garer-place-jules-ferry\/"]}]},{"@type":"ImageObject","inLanguage":"fr-FR","@id":"https:\/\/vosgesinfo.fr\/saintdieinfo\/2023\/05\/voitures-anciennes-de-prestige-de-ladada-venues-se-garer-place-jules-ferry\/#primaryimage","url":"https:\/\/vosgesinfo.fr\/app\/uploads\/sites\/4\/2024\/08\/202305adada-2023-2.jpg","contentUrl":"https:\/\/vosgesinfo.fr\/app\/uploads\/sites\/4\/2024\/08\/202305adada-2023-2.jpg","width":1024,"height":683},{"@type":"BreadcrumbList","@id":"https:\/\/vosgesinfo.fr\/saintdieinfo\/2023\/05\/voitures-anciennes-de-prestige-de-ladada-venues-se-garer-place-jules-ferry\/#breadcrumb","itemListElement":[{"@type":"ListItem","position":1,"name":"Home","item":"https:\/\/vosgesinfo.fr\/saintdieinfo\/"},{"@type":"ListItem","position":2,"name":"Les voitures anciennes et de prestige de l&rsquo;ADADA sont venues se garer sur la place Jules-Ferry"}]},{"@type":"WebSite","@id":"https:\/\/vosgesinfo.fr\/saintdieinfo\/#website","url":"https:\/\/vosgesinfo.fr\/saintdieinfo\/","name":"Saint Die Info","description":"Toute l&#039;actualit\u00e9 de Saint-Di\u00e9-Des-Vosges","publisher":{"@id":"https:\/\/vosgesinfo.fr\/saintdieinfo\/#organization"},"alternateName":"Toute l'actualit\u00e9 de Saint-Di\u00e9-Des-Vosges","potentialAction":[{"@type":"SearchAction","target":{"@type":"EntryPoint","urlTemplate":"https:\/\/vosgesinfo.fr\/saintdieinfo\/?s={search_term_string}"},"query-input":"required name=search_term_string"}],"inLanguage":"fr-FR"},{"@type":"Organization","@id":"https:\/\/vosgesinfo.fr\/saintdieinfo\/#organization","name":"Saint Die Info","url":"https:\/\/vosgesinfo.fr\/saintdieinfo\/","logo":{"@type":"ImageObject","inLanguage":"fr-FR","@id":"https:\/\/vosgesinfo.fr\/saintdieinfo\/#\/schema\/logo\/image\/","url":"https:\/\/vosgesinfo.fr\/app\/uploads\/sites\/4\/2024\/02\/logo-sdi.jpg","contentUrl":"https:\/\/vosgesinfo.fr\/app\/uploads\/sites\/4\/2024\/02\/logo-sdi.jpg","width":600,"height":600,"caption":"Saint Die Info"},"image":{"@id":"https:\/\/vosgesinfo.fr\/saintdieinfo\/#\/schema\/logo\/image\/"},"sameAs":["https:\/\/www.facebook.com\/Saintdieinfofr","https:\/\/x.com\/VosgesInfo88","https:\/\/www.youtube.com\/@vosgesinfo"]},{"@type":"Person","@id":"https:\/\/vosgesinfo.fr\/saintdieinfo\/#\/schema\/person\/faee6704a21f3977511db84bd1cd450f","name":"la r\u00e9daction","image":{"@type":"ImageObject","inLanguage":"fr-FR","@id":"https:\/\/vosgesinfo.fr\/saintdieinfo\/#\/schema\/person\/image\/","url":"https:\/\/secure.gravatar.com\/avatar\/6673d8bc6a9c17fa9a453eaa3448de834fa308c2ec9635b7aa99441a7c8d2cf6?s=96&d=mm&r=g","contentUrl":"https:\/\/secure.gravatar.com\/avatar\/6673d8bc6a9c17fa9a453eaa3448de834fa308c2ec9635b7aa99441a7c8d2cf6?s=96&d=mm&r=g","caption":"la r\u00e9daction"},"url":"https:\/\/vosgesinfo.fr\/saintdieinfo\/author\/redac\/"}]}},"_links":{"self":[{"href":"https:\/\/vosgesinfo.fr\/saintdieinfo\/wp-json\/wp\/v2\/posts\/64912","targetHints":{"allow":["GET"]}}],"collection":[{"href":"https:\/\/vosgesinfo.fr\/saintdieinfo\/wp-json\/wp\/v2\/posts"}],"about":[{"href":"https:\/\/vosgesinfo.fr\/saintdieinfo\/wp-json\/wp\/v2\/types\/post"}],"author":[{"embeddable":true,"href":"https:\/\/vosgesinfo.fr\/saintdieinfo\/wp-json\/wp\/v2\/users\/44"}],"replies":[{"embeddable":true,"href":"https:\/\/vosgesinfo.fr\/saintdieinfo\/wp-json\/wp\/v2\/comments?post=64912"}],"version-history":[{"count":0,"href":"https:\/\/vosgesinfo.fr\/saintdieinfo\/wp-json\/wp\/v2\/posts\/64912\/revisions"}],"wp:featuredmedia":[{"embeddable":true,"href":"https:\/\/vosgesinfo.fr\/saintdieinfo\/wp-json\/wp\/v2\/media\/64913"}],"wp:attachment":[{"href":"https:\/\/vosgesinfo.fr\/saintdieinfo\/wp-json\/wp\/v2\/media?parent=64912"}],"wp:term":[{"taxonomy":"category","embeddable":true,"href":"https:\/\/vosgesinfo.fr\/saintdieinfo\/wp-json\/wp\/v2\/categories?post=64912"},{"taxonomy":"post_tag","embeddable":true,"href":"https:\/\/vosgesinfo.fr\/saintdieinfo\/wp-json\/wp\/v2\/tags?post=64912"}],"curies":[{"name":"wp","href":"https:\/\/api.w.org\/{rel}","templated":true}]}}