{"id":64918,"date":"2023-05-19T11:30:43","date_gmt":"2023-05-19T09:30:43","guid":{"rendered":"https:\/\/vosgesinfo.fr\/saintdieinfo\/2023\/05\/raon-letape-lets-move-presente-premier-spectacle-de-danse-modern-jazz\/"},"modified":"2023-05-19T11:30:43","modified_gmt":"2023-05-19T09:30:43","slug":"raon-letape-lets-move-presente-premier-spectacle-de-danse-modern-jazz","status":"publish","type":"post","link":"https:\/\/vosgesinfo.fr\/saintdieinfo\/2023\/05\/raon-letape-lets-move-presente-premier-spectacle-de-danse-modern-jazz\/","title":{"rendered":"Raon-l&rsquo;Etape \u2013 Let&rsquo;s Move pr\u00e9sente son premier spectacle de danse modern jazz"},"content":{"rendered":"<div id=\"attachment_201434\" style=\"width: 764px\" class=\"wp-caption aligncenter\"><a href=\"\/2023\/05\/Raon-lEtape-Spectacle_Lets_Move_01.jpg\" target=\"_blank\" rel=\"noopener\"><img decoding=\"async\" aria-describedby=\"caption-attachment-201434\" class=\"wp-image-201434 size-large\" src=\"\/2023\/05\/Raon-lEtape-Spectacle_Lets_Move_01-754x1024.jpg\" alt=\"Raon-l'Etape-Spectacle_Let's_Move_01\" width=\"754\" height=\"1024\" \/><\/a><p id=\"caption-attachment-201434\" class=\"wp-caption-text\">(Photographie association \u00ab\u00a0Let&rsquo;s Move\u00a0\u00bb)<\/p><\/div>\n<h2><strong><span style=\"font-size: 14pt;\">L&rsquo;association \u00a0Let&rsquo;s Move\u00a0\u00bb est n\u00e9e \u00e0 Raonl&rsquo;Etape \u00e0 la derni\u00e8re rentr\u00e9e de septembre. Cr\u00e9\u00e9e par les s\u0153urs Morgane et Sol\u00e8ne Durain et leur amie L\u00e9a Mougin, la jeune association de danse modern jazz organise son premier spectacle le samedi 10 juin prochain \u00e0 la salle Beauregard. Ouverture des portes \u00e0 20h pour un d\u00e9but de la repr\u00e9sentation \u00e0 20h30.<\/span><\/strong><\/h2>\n<p><!--more--><\/p>\n<p>Autour du th\u00e8me \u00ab\u00a0La bo\u00eete \u00e0 musique\u00a0\u00bb, qui donne une id\u00e9e de l&rsquo;\u00e9clectisme du spectacle, une cinquantaine de danseuses encha\u00eeneront les s\u00e9quences de danses durant environ 2 heures. De l&rsquo;expression corporelle \u00e0 la danse contemporaine, en passant par la danse latine&#8230; \u00ab\u00a0Nous avons m\u00e9lang\u00e9 un maximum de styles et de musiques diff\u00e9rentes pour notre premier spectacle, qui a demand\u00e9 un an de pr\u00e9paration\u00a0\u00bb pr\u00e9cise Morgane Durain. Les places sont en vente aux tarifs de 8\u20ac pour les adultes et de 4\u20ac pour les enfants. Les billets sont en pr\u00e9vente directement aupr\u00e8s de l&rsquo;association, en envoyant un message \u00e0 <a href=\"mailto:asso.lets.move@gmail.com\" target=\"_blank\" rel=\"noopener\">asso.lets.move@gmail.com<\/a>.<\/p>\n<p>\u00ab\u00a0Let&rsquo;s Move\u00a0\u00bb anime des cours de danse chaque jeudi soir, de 18h30 \u00e0 21h \u00e0 la salle de danse de Raon-l&rsquo;Etape pour les adultes, et les samedis matins, de 9h \u00e0 10h45, sous le pr\u00e9au de l&rsquo;\u00e9cole primaire raonnaise. L&rsquo;association propose \u00e9galement des cours de fitness, avec du yoga et de la zumba au programme, le mardi soir de 18h30 \u00e0 21h, \u00e9galement \u00e0 la salle de danse de Raon-l&rsquo;Etape. Renseignements compl\u00e9mentaires via l&rsquo;adresse \u00e9lectronique ci-dessus, ou par t\u00e9l\u00e9phone au 06-30-97-31-22.<\/p>\n<p><a href=\"\/2023\/05\/Raon-lEtape-Spectacle_Lets_Move.jpg\"><img decoding=\"async\" class=\"aligncenter size-large wp-image-201433\" src=\"\/2023\/05\/Raon-lEtape-Spectacle_Lets_Move-724x1024.jpg\" alt=\"Raon-l'Etape-Spectacle_Let's_Move\" width=\"724\" height=\"1024\" \/><\/a><\/p>\n<p>J.J.<\/p>\n","protected":false},"excerpt":{"rendered":"<p>L&rsquo;association \u00a0Let&rsquo;s Move\u00a0\u00bb est n\u00e9e \u00e0 Raonl&rsquo;Etape \u00e0 la derni\u00e8re rentr\u00e9e de septembre. Cr\u00e9\u00e9e par les s\u0153urs Morgane et Sol\u00e8ne [&hellip;]<\/p>\n","protected":false},"author":44,"featured_media":64919,"comment_status":"open","ping_status":"open","sticky":false,"template":"","format":"standard","meta":{"footnotes":""},"categories":[460,2915,17],"tags":[14390,5647,2654,6207],"class_list":["post-64918","post","type-post","status-publish","format-standard","has-post-thumbnail","hentry","category-a-la-une","category-saint-die-son-canton","category-vie-associative","tag-danse-modern-jazz","tag-lets-move","tag-raon-letape","tag-spectacle-de-danse-modern-jazz"],"acf":[],"yoast_head":"<!-- This site is optimized with the Yoast SEO plugin v22.5 - https:\/\/yoast.com\/wordpress\/plugins\/seo\/ -->\n<title>Raon-l&#039;Etape \u2013 Let&#039;s Move pr\u00e9sente son premier spectacle de danse modern jazz - Saint Die Info<\/title>\n<meta name=\"robots\" content=\"index, follow, max-snippet:-1, max-image-preview:large, max-video-preview:-1\" \/>\n<link rel=\"canonical\" href=\"https:\/\/vosgesinfo.fr\/saintdieinfo\/2023\/05\/raon-letape-lets-move-presente-premier-spectacle-de-danse-modern-jazz\/\" \/>\n<meta name=\"twitter:card\" content=\"summary_large_image\" \/>\n<meta name=\"twitter:title\" content=\"Raon-l&#039;Etape \u2013 Let&#039;s Move pr\u00e9sente son premier spectacle de danse modern jazz - Saint Die Info\" \/>\n<meta name=\"twitter:description\" content=\"L&rsquo;association \u00a0Let&rsquo;s Move\u00a0\u00bb est n\u00e9e \u00e0 Raonl&rsquo;Etape \u00e0 la derni\u00e8re rentr\u00e9e de septembre. Cr\u00e9\u00e9e par les s\u0153urs Morgane et Sol\u00e8ne [&hellip;]\" \/>\n<meta name=\"twitter:image\" content=\"https:\/\/vosgesinfo.fr\/app\/uploads\/sites\/4\/2024\/08\/202305raon-letape-spectacle-lets-move-01.jpg\" \/>\n<meta name=\"twitter:creator\" content=\"@VosgesInfo88\" \/>\n<meta name=\"twitter:site\" content=\"@VosgesInfo88\" \/>\n<meta name=\"twitter:label1\" content=\"\u00c9crit par\" \/>\n\t<meta name=\"twitter:data1\" content=\"la r\u00e9daction\" \/>\n\t<meta name=\"twitter:label2\" content=\"Dur\u00e9e de lecture estim\u00e9e\" \/>\n\t<meta name=\"twitter:data2\" content=\"1 minute\" \/>\n<script type=\"application\/ld+json\" class=\"yoast-schema-graph\">{\"@context\":\"https:\/\/schema.org\",\"@graph\":[{\"@type\":\"Article\",\"@id\":\"https:\/\/vosgesinfo.fr\/saintdieinfo\/2023\/05\/raon-letape-lets-move-presente-premier-spectacle-de-danse-modern-jazz\/#article\",\"isPartOf\":{\"@id\":\"https:\/\/vosgesinfo.fr\/saintdieinfo\/2023\/05\/raon-letape-lets-move-presente-premier-spectacle-de-danse-modern-jazz\/\"},\"author\":{\"name\":\"la r\u00e9daction\",\"@id\":\"https:\/\/vosgesinfo.fr\/saintdieinfo\/#\/schema\/person\/faee6704a21f3977511db84bd1cd450f\"},\"headline\":\"Raon-l&rsquo;Etape \u2013 Let&rsquo;s Move pr\u00e9sente son premier spectacle de danse modern jazz\",\"datePublished\":\"2023-05-19T09:30:43+00:00\",\"dateModified\":\"2023-05-19T09:30:43+00:00\",\"mainEntityOfPage\":{\"@id\":\"https:\/\/vosgesinfo.fr\/saintdieinfo\/2023\/05\/raon-letape-lets-move-presente-premier-spectacle-de-danse-modern-jazz\/\"},\"wordCount\":293,\"commentCount\":0,\"publisher\":{\"@id\":\"https:\/\/vosgesinfo.fr\/saintdieinfo\/#organization\"},\"image\":{\"@id\":\"https:\/\/vosgesinfo.fr\/saintdieinfo\/2023\/05\/raon-letape-lets-move-presente-premier-spectacle-de-danse-modern-jazz\/#primaryimage\"},\"thumbnailUrl\":\"https:\/\/vosgesinfo.fr\/app\/uploads\/sites\/4\/2024\/08\/202305raon-letape-spectacle-lets-move-01.jpg\",\"keywords\":[\"Danse Modern Jazz\",\"Let's Move\",\"Raon-l\u2019Etape\",\"Spectacle de danse modern jazz\"],\"articleSection\":[\"A la Une\",\"Saint-Di\u00e9-des-Vosges et son Agglom\u00e9ration\",\"Vie Associative\"],\"inLanguage\":\"fr-FR\",\"potentialAction\":[{\"@type\":\"CommentAction\",\"name\":\"Comment\",\"target\":[\"https:\/\/vosgesinfo.fr\/saintdieinfo\/2023\/05\/raon-letape-lets-move-presente-premier-spectacle-de-danse-modern-jazz\/#respond\"]}]},{\"@type\":\"WebPage\",\"@id\":\"https:\/\/vosgesinfo.fr\/saintdieinfo\/2023\/05\/raon-letape-lets-move-presente-premier-spectacle-de-danse-modern-jazz\/\",\"url\":\"https:\/\/vosgesinfo.fr\/saintdieinfo\/2023\/05\/raon-letape-lets-move-presente-premier-spectacle-de-danse-modern-jazz\/\",\"name\":\"Raon-l'Etape \u2013 Let's Move pr\u00e9sente son premier spectacle de danse modern jazz - Saint Die Info\",\"isPartOf\":{\"@id\":\"https:\/\/vosgesinfo.fr\/saintdieinfo\/#website\"},\"primaryImageOfPage\":{\"@id\":\"https:\/\/vosgesinfo.fr\/saintdieinfo\/2023\/05\/raon-letape-lets-move-presente-premier-spectacle-de-danse-modern-jazz\/#primaryimage\"},\"image\":{\"@id\":\"https:\/\/vosgesinfo.fr\/saintdieinfo\/2023\/05\/raon-letape-lets-move-presente-premier-spectacle-de-danse-modern-jazz\/#primaryimage\"},\"thumbnailUrl\":\"https:\/\/vosgesinfo.fr\/app\/uploads\/sites\/4\/2024\/08\/202305raon-letape-spectacle-lets-move-01.jpg\",\"datePublished\":\"2023-05-19T09:30:43+00:00\",\"dateModified\":\"2023-05-19T09:30:43+00:00\",\"breadcrumb\":{\"@id\":\"https:\/\/vosgesinfo.fr\/saintdieinfo\/2023\/05\/raon-letape-lets-move-presente-premier-spectacle-de-danse-modern-jazz\/#breadcrumb\"},\"inLanguage\":\"fr-FR\",\"potentialAction\":[{\"@type\":\"ReadAction\",\"target\":[\"https:\/\/vosgesinfo.fr\/saintdieinfo\/2023\/05\/raon-letape-lets-move-presente-premier-spectacle-de-danse-modern-jazz\/\"]}]},{\"@type\":\"ImageObject\",\"inLanguage\":\"fr-FR\",\"@id\":\"https:\/\/vosgesinfo.fr\/saintdieinfo\/2023\/05\/raon-letape-lets-move-presente-premier-spectacle-de-danse-modern-jazz\/#primaryimage\",\"url\":\"https:\/\/vosgesinfo.fr\/app\/uploads\/sites\/4\/2024\/08\/202305raon-letape-spectacle-lets-move-01.jpg\",\"contentUrl\":\"https:\/\/vosgesinfo.fr\/app\/uploads\/sites\/4\/2024\/08\/202305raon-letape-spectacle-lets-move-01.jpg\",\"width\":1080,\"height\":1466},{\"@type\":\"BreadcrumbList\",\"@id\":\"https:\/\/vosgesinfo.fr\/saintdieinfo\/2023\/05\/raon-letape-lets-move-presente-premier-spectacle-de-danse-modern-jazz\/#breadcrumb\",\"itemListElement\":[{\"@type\":\"ListItem\",\"position\":1,\"name\":\"Home\",\"item\":\"https:\/\/vosgesinfo.fr\/saintdieinfo\/\"},{\"@type\":\"ListItem\",\"position\":2,\"name\":\"Raon-l&rsquo;Etape \u2013 Let&rsquo;s Move pr\u00e9sente son premier spectacle de danse modern jazz\"}]},{\"@type\":\"WebSite\",\"@id\":\"https:\/\/vosgesinfo.fr\/saintdieinfo\/#website\",\"url\":\"https:\/\/vosgesinfo.fr\/saintdieinfo\/\",\"name\":\"Saint Die Info\",\"description\":\"Toute l&#039;actualit\u00e9 de Saint-Di\u00e9-Des-Vosges\",\"publisher\":{\"@id\":\"https:\/\/vosgesinfo.fr\/saintdieinfo\/#organization\"},\"alternateName\":\"Toute l'actualit\u00e9 de Saint-Di\u00e9-Des-Vosges\",\"potentialAction\":[{\"@type\":\"SearchAction\",\"target\":{\"@type\":\"EntryPoint\",\"urlTemplate\":\"https:\/\/vosgesinfo.fr\/saintdieinfo\/?s={search_term_string}\"},\"query-input\":\"required name=search_term_string\"}],\"inLanguage\":\"fr-FR\"},{\"@type\":\"Organization\",\"@id\":\"https:\/\/vosgesinfo.fr\/saintdieinfo\/#organization\",\"name\":\"Saint Die Info\",\"url\":\"https:\/\/vosgesinfo.fr\/saintdieinfo\/\",\"logo\":{\"@type\":\"ImageObject\",\"inLanguage\":\"fr-FR\",\"@id\":\"https:\/\/vosgesinfo.fr\/saintdieinfo\/#\/schema\/logo\/image\/\",\"url\":\"https:\/\/vosgesinfo.fr\/app\/uploads\/sites\/4\/2024\/02\/logo-sdi.jpg\",\"contentUrl\":\"https:\/\/vosgesinfo.fr\/app\/uploads\/sites\/4\/2024\/02\/logo-sdi.jpg\",\"width\":600,\"height\":600,\"caption\":\"Saint Die Info\"},\"image\":{\"@id\":\"https:\/\/vosgesinfo.fr\/saintdieinfo\/#\/schema\/logo\/image\/\"},\"sameAs\":[\"https:\/\/www.facebook.com\/Saintdieinfofr\",\"https:\/\/x.com\/VosgesInfo88\",\"https:\/\/www.youtube.com\/@vosgesinfo\"]},{\"@type\":\"Person\",\"@id\":\"https:\/\/vosgesinfo.fr\/saintdieinfo\/#\/schema\/person\/faee6704a21f3977511db84bd1cd450f\",\"name\":\"la r\u00e9daction\",\"image\":{\"@type\":\"ImageObject\",\"inLanguage\":\"fr-FR\",\"@id\":\"https:\/\/vosgesinfo.fr\/saintdieinfo\/#\/schema\/person\/image\/\",\"url\":\"https:\/\/secure.gravatar.com\/avatar\/6673d8bc6a9c17fa9a453eaa3448de834fa308c2ec9635b7aa99441a7c8d2cf6?s=96&d=mm&r=g\",\"contentUrl\":\"https:\/\/secure.gravatar.com\/avatar\/6673d8bc6a9c17fa9a453eaa3448de834fa308c2ec9635b7aa99441a7c8d2cf6?s=96&d=mm&r=g\",\"caption\":\"la r\u00e9daction\"},\"url\":\"https:\/\/vosgesinfo.fr\/saintdieinfo\/author\/redac\/\"}]}<\/script>\n<!-- \/ Yoast SEO plugin. -->","yoast_head_json":{"title":"Raon-l'Etape \u2013 Let's Move pr\u00e9sente son premier spectacle de danse modern jazz - Saint Die Info","robots":{"index":"index","follow":"follow","max-snippet":"max-snippet:-1","max-image-preview":"max-image-preview:large","max-video-preview":"max-video-preview:-1"},"canonical":"https:\/\/vosgesinfo.fr\/saintdieinfo\/2023\/05\/raon-letape-lets-move-presente-premier-spectacle-de-danse-modern-jazz\/","twitter_card":"summary_large_image","twitter_title":"Raon-l'Etape \u2013 Let's Move pr\u00e9sente son premier spectacle de danse modern jazz - Saint Die Info","twitter_description":"L&rsquo;association \u00a0Let&rsquo;s Move\u00a0\u00bb est n\u00e9e \u00e0 Raonl&rsquo;Etape \u00e0 la derni\u00e8re rentr\u00e9e de septembre. Cr\u00e9\u00e9e par les s\u0153urs Morgane et Sol\u00e8ne [&hellip;]","twitter_image":"https:\/\/vosgesinfo.fr\/app\/uploads\/sites\/4\/2024\/08\/202305raon-letape-spectacle-lets-move-01.jpg","twitter_creator":"@VosgesInfo88","twitter_site":"@VosgesInfo88","twitter_misc":{"\u00c9crit par":"la r\u00e9daction","Dur\u00e9e de lecture estim\u00e9e":"1 minute"},"schema":{"@context":"https:\/\/schema.org","@graph":[{"@type":"Article","@id":"https:\/\/vosgesinfo.fr\/saintdieinfo\/2023\/05\/raon-letape-lets-move-presente-premier-spectacle-de-danse-modern-jazz\/#article","isPartOf":{"@id":"https:\/\/vosgesinfo.fr\/saintdieinfo\/2023\/05\/raon-letape-lets-move-presente-premier-spectacle-de-danse-modern-jazz\/"},"author":{"name":"la r\u00e9daction","@id":"https:\/\/vosgesinfo.fr\/saintdieinfo\/#\/schema\/person\/faee6704a21f3977511db84bd1cd450f"},"headline":"Raon-l&rsquo;Etape \u2013 Let&rsquo;s Move pr\u00e9sente son premier spectacle de danse modern jazz","datePublished":"2023-05-19T09:30:43+00:00","dateModified":"2023-05-19T09:30:43+00:00","mainEntityOfPage":{"@id":"https:\/\/vosgesinfo.fr\/saintdieinfo\/2023\/05\/raon-letape-lets-move-presente-premier-spectacle-de-danse-modern-jazz\/"},"wordCount":293,"commentCount":0,"publisher":{"@id":"https:\/\/vosgesinfo.fr\/saintdieinfo\/#organization"},"image":{"@id":"https:\/\/vosgesinfo.fr\/saintdieinfo\/2023\/05\/raon-letape-lets-move-presente-premier-spectacle-de-danse-modern-jazz\/#primaryimage"},"thumbnailUrl":"https:\/\/vosgesinfo.fr\/app\/uploads\/sites\/4\/2024\/08\/202305raon-letape-spectacle-lets-move-01.jpg","keywords":["Danse Modern Jazz","Let's Move","Raon-l\u2019Etape","Spectacle de danse modern jazz"],"articleSection":["A la Une","Saint-Di\u00e9-des-Vosges et son Agglom\u00e9ration","Vie Associative"],"inLanguage":"fr-FR","potentialAction":[{"@type":"CommentAction","name":"Comment","target":["https:\/\/vosgesinfo.fr\/saintdieinfo\/2023\/05\/raon-letape-lets-move-presente-premier-spectacle-de-danse-modern-jazz\/#respond"]}]},{"@type":"WebPage","@id":"https:\/\/vosgesinfo.fr\/saintdieinfo\/2023\/05\/raon-letape-lets-move-presente-premier-spectacle-de-danse-modern-jazz\/","url":"https:\/\/vosgesinfo.fr\/saintdieinfo\/2023\/05\/raon-letape-lets-move-presente-premier-spectacle-de-danse-modern-jazz\/","name":"Raon-l'Etape \u2013 Let's Move pr\u00e9sente son premier spectacle de danse modern jazz - Saint Die Info","isPartOf":{"@id":"https:\/\/vosgesinfo.fr\/saintdieinfo\/#website"},"primaryImageOfPage":{"@id":"https:\/\/vosgesinfo.fr\/saintdieinfo\/2023\/05\/raon-letape-lets-move-presente-premier-spectacle-de-danse-modern-jazz\/#primaryimage"},"image":{"@id":"https:\/\/vosgesinfo.fr\/saintdieinfo\/2023\/05\/raon-letape-lets-move-presente-premier-spectacle-de-danse-modern-jazz\/#primaryimage"},"thumbnailUrl":"https:\/\/vosgesinfo.fr\/app\/uploads\/sites\/4\/2024\/08\/202305raon-letape-spectacle-lets-move-01.jpg","datePublished":"2023-05-19T09:30:43+00:00","dateModified":"2023-05-19T09:30:43+00:00","breadcrumb":{"@id":"https:\/\/vosgesinfo.fr\/saintdieinfo\/2023\/05\/raon-letape-lets-move-presente-premier-spectacle-de-danse-modern-jazz\/#breadcrumb"},"inLanguage":"fr-FR","potentialAction":[{"@type":"ReadAction","target":["https:\/\/vosgesinfo.fr\/saintdieinfo\/2023\/05\/raon-letape-lets-move-presente-premier-spectacle-de-danse-modern-jazz\/"]}]},{"@type":"ImageObject","inLanguage":"fr-FR","@id":"https:\/\/vosgesinfo.fr\/saintdieinfo\/2023\/05\/raon-letape-lets-move-presente-premier-spectacle-de-danse-modern-jazz\/#primaryimage","url":"https:\/\/vosgesinfo.fr\/app\/uploads\/sites\/4\/2024\/08\/202305raon-letape-spectacle-lets-move-01.jpg","contentUrl":"https:\/\/vosgesinfo.fr\/app\/uploads\/sites\/4\/2024\/08\/202305raon-letape-spectacle-lets-move-01.jpg","width":1080,"height":1466},{"@type":"BreadcrumbList","@id":"https:\/\/vosgesinfo.fr\/saintdieinfo\/2023\/05\/raon-letape-lets-move-presente-premier-spectacle-de-danse-modern-jazz\/#breadcrumb","itemListElement":[{"@type":"ListItem","position":1,"name":"Home","item":"https:\/\/vosgesinfo.fr\/saintdieinfo\/"},{"@type":"ListItem","position":2,"name":"Raon-l&rsquo;Etape \u2013 Let&rsquo;s Move pr\u00e9sente son premier spectacle de danse modern jazz"}]},{"@type":"WebSite","@id":"https:\/\/vosgesinfo.fr\/saintdieinfo\/#website","url":"https:\/\/vosgesinfo.fr\/saintdieinfo\/","name":"Saint Die Info","description":"Toute l&#039;actualit\u00e9 de Saint-Di\u00e9-Des-Vosges","publisher":{"@id":"https:\/\/vosgesinfo.fr\/saintdieinfo\/#organization"},"alternateName":"Toute l'actualit\u00e9 de Saint-Di\u00e9-Des-Vosges","potentialAction":[{"@type":"SearchAction","target":{"@type":"EntryPoint","urlTemplate":"https:\/\/vosgesinfo.fr\/saintdieinfo\/?s={search_term_string}"},"query-input":"required name=search_term_string"}],"inLanguage":"fr-FR"},{"@type":"Organization","@id":"https:\/\/vosgesinfo.fr\/saintdieinfo\/#organization","name":"Saint Die Info","url":"https:\/\/vosgesinfo.fr\/saintdieinfo\/","logo":{"@type":"ImageObject","inLanguage":"fr-FR","@id":"https:\/\/vosgesinfo.fr\/saintdieinfo\/#\/schema\/logo\/image\/","url":"https:\/\/vosgesinfo.fr\/app\/uploads\/sites\/4\/2024\/02\/logo-sdi.jpg","contentUrl":"https:\/\/vosgesinfo.fr\/app\/uploads\/sites\/4\/2024\/02\/logo-sdi.jpg","width":600,"height":600,"caption":"Saint Die Info"},"image":{"@id":"https:\/\/vosgesinfo.fr\/saintdieinfo\/#\/schema\/logo\/image\/"},"sameAs":["https:\/\/www.facebook.com\/Saintdieinfofr","https:\/\/x.com\/VosgesInfo88","https:\/\/www.youtube.com\/@vosgesinfo"]},{"@type":"Person","@id":"https:\/\/vosgesinfo.fr\/saintdieinfo\/#\/schema\/person\/faee6704a21f3977511db84bd1cd450f","name":"la r\u00e9daction","image":{"@type":"ImageObject","inLanguage":"fr-FR","@id":"https:\/\/vosgesinfo.fr\/saintdieinfo\/#\/schema\/person\/image\/","url":"https:\/\/secure.gravatar.com\/avatar\/6673d8bc6a9c17fa9a453eaa3448de834fa308c2ec9635b7aa99441a7c8d2cf6?s=96&d=mm&r=g","contentUrl":"https:\/\/secure.gravatar.com\/avatar\/6673d8bc6a9c17fa9a453eaa3448de834fa308c2ec9635b7aa99441a7c8d2cf6?s=96&d=mm&r=g","caption":"la r\u00e9daction"},"url":"https:\/\/vosgesinfo.fr\/saintdieinfo\/author\/redac\/"}]}},"_links":{"self":[{"href":"https:\/\/vosgesinfo.fr\/saintdieinfo\/wp-json\/wp\/v2\/posts\/64918","targetHints":{"allow":["GET"]}}],"collection":[{"href":"https:\/\/vosgesinfo.fr\/saintdieinfo\/wp-json\/wp\/v2\/posts"}],"about":[{"href":"https:\/\/vosgesinfo.fr\/saintdieinfo\/wp-json\/wp\/v2\/types\/post"}],"author":[{"embeddable":true,"href":"https:\/\/vosgesinfo.fr\/saintdieinfo\/wp-json\/wp\/v2\/users\/44"}],"replies":[{"embeddable":true,"href":"https:\/\/vosgesinfo.fr\/saintdieinfo\/wp-json\/wp\/v2\/comments?post=64918"}],"version-history":[{"count":0,"href":"https:\/\/vosgesinfo.fr\/saintdieinfo\/wp-json\/wp\/v2\/posts\/64918\/revisions"}],"wp:featuredmedia":[{"embeddable":true,"href":"https:\/\/vosgesinfo.fr\/saintdieinfo\/wp-json\/wp\/v2\/media\/64919"}],"wp:attachment":[{"href":"https:\/\/vosgesinfo.fr\/saintdieinfo\/wp-json\/wp\/v2\/media?parent=64918"}],"wp:term":[{"taxonomy":"category","embeddable":true,"href":"https:\/\/vosgesinfo.fr\/saintdieinfo\/wp-json\/wp\/v2\/categories?post=64918"},{"taxonomy":"post_tag","embeddable":true,"href":"https:\/\/vosgesinfo.fr\/saintdieinfo\/wp-json\/wp\/v2\/tags?post=64918"}],"curies":[{"name":"wp","href":"https:\/\/api.w.org\/{rel}","templated":true}]}}