{"id":64934,"date":"2023-05-20T08:04:54","date_gmt":"2023-05-20T06:04:54","guid":{"rendered":"https:\/\/vosgesinfo.fr\/saintdieinfo\/2023\/05\/senones-19-mai-2023-date-restera-memoires-senonaises\/"},"modified":"2023-05-20T08:04:54","modified_gmt":"2023-05-20T06:04:54","slug":"senones-19-mai-2023-date-restera-memoires-senonaises","status":"publish","type":"post","link":"https:\/\/vosgesinfo.fr\/saintdieinfo\/2023\/05\/senones-19-mai-2023-date-restera-memoires-senonaises\/","title":{"rendered":"Senones \u2013 Le 19 mai 2023, une date qui restera dans les m\u00e9moires senonaises"},"content":{"rendered":"<div id=\"attachment_201456\" style=\"width: 970px\" class=\"wp-caption aligncenter\"><a href=\"\/2023\/05\/Senones-19_Mai_2023_Anniversaires-2.jpg\" target=\"_blank\" rel=\"noopener\"><img decoding=\"async\" aria-describedby=\"caption-attachment-201456\" class=\"wp-image-201456 size-large\" src=\"\/2023\/05\/Senones-19_Mai_2023_Anniversaires-2-1024x768.jpg\" alt=\"Senones-19_Mai_2023_Anniversaires (2)\" width=\"960\" height=\"720\" \/><\/a><p id=\"caption-attachment-201456\" class=\"wp-caption-text\">(Photographies Mairie de Senones)<\/p><\/div>\n<h2><strong><span style=\"font-size: 14pt;\">La date du 19 mai 2023 restera sans nul doute dans les m\u00e9moires senonaises. Car c&rsquo;est hier que plusieurs anniversaires, et non des moindres, ont \u00e9t\u00e9 c\u00e9l\u00e9br\u00e9es \u00e0 Senones.<\/span><\/strong><\/h2>\n<p><!--more--><\/p>\n<p>D&rsquo;une part les anniversaires des jumelages avec les villes de Marchin en Belgique (depuis 1962), Vernio en Italie (depuis 1988) et Jettingen en Allemagne (depuis 1993). En pr\u00e9sence des 4 maires, une c\u00e9r\u00e9monie conviviale s&rsquo;est tenue au Salon d&rsquo;Honneur de la cit\u00e9 de Salm. Les 4 \u00e9lus ont \u00ab\u00a0parl\u00e9 d&rsquo;une seule voix, soulignant tout \u00e0 tour l&rsquo;importance de maintenir les attaches nou\u00e9es depuis des d\u00e9cennies entre nos communes, dans ces temps o\u00f9 la guerre est aux portes de l&rsquo;Europe.\u00a0\u00bb Un repas concoct\u00e9 par le Clos Malpr\u00e9, ponctu\u00e9 par une prestation de l&rsquo;Apromuse, ont suivi la c\u00e9r\u00e9monie. D&rsquo;autre part les 60 ans de la Garde de Salm, avec pour l&rsquo;occasion une rel\u00e8ve digne des plus beaux jours, un film r\u00e9trospective sur g\u00e9ant g\u00e9ant et m\u00eame un feu d&rsquo;artifices ont rythm\u00e9 cet anniversaire. A noter la venue du prince Constantin de Salm-Salm, qui s&rsquo;est ainsi rendu au pays de ses anc\u00eatres, qui a partag\u00e9 un verre avec les habitants au bar le Relax.<\/p>\n<p>La f\u00eate se poursuit ce samedi avec une soir\u00e9e musicale dans la cour de l&rsquo;Abbaye \u00e0 partir de 19h30. Les musiciens de la Croche-Point\u00e9e monteront sur sc\u00e8ne les premiers, puis ce sera au tour de Pot au Feu. Plus de renseignements ci-dessous.<\/p>\n\n<p><a href=\"\/2023\/05\/Senones-19_Mai_2023_Anniversaires-5.jpg\" target=\"_blank\" rel=\"noopener\"><img decoding=\"async\" class=\"aligncenter wp-image-201459 size-large\" src=\"\/2023\/05\/Senones-19_Mai_2023_Anniversaires-5-724x1024.jpg\" alt=\"Senones-19_Mai_2023_Anniversaires (5)\" width=\"724\" height=\"1024\" \/><\/a><\/p>\n<p>J.J.<\/p>\n","protected":false},"excerpt":{"rendered":"<p>La date du 19 mai 2023 restera sans nul doute dans les m\u00e9moires senonaises. Car c&rsquo;est hier que plusieurs anniversaires, [&hellip;]<\/p>\n","protected":false},"author":44,"featured_media":64935,"comment_status":"open","ping_status":"open","sticky":false,"template":"","format":"standard","meta":{"footnotes":""},"categories":[460,2915],"tags":[14393,14394,14395,14357,2998,14383],"class_list":["post-64934","post","type-post","status-publish","format-standard","has-post-thumbnail","hentry","category-a-la-une","category-saint-die-son-canton","tag-60-ans-de-la-garde-de-sam","tag-anniversaire-des-jumelages-de-senones","tag-jettingen","tag-marchin","tag-senones","tag-vernio"],"acf":[],"yoast_head":"<!-- This site is optimized with the Yoast SEO plugin v22.5 - https:\/\/yoast.com\/wordpress\/plugins\/seo\/ -->\n<title>Senones \u2013 Le 19 mai 2023, une date qui restera dans les m\u00e9moires senonaises - Saint Die Info<\/title>\n<meta name=\"robots\" content=\"index, follow, max-snippet:-1, max-image-preview:large, max-video-preview:-1\" \/>\n<link rel=\"canonical\" href=\"https:\/\/vosgesinfo.fr\/saintdieinfo\/2023\/05\/senones-19-mai-2023-date-restera-memoires-senonaises\/\" \/>\n<meta name=\"twitter:card\" content=\"summary_large_image\" \/>\n<meta name=\"twitter:title\" content=\"Senones \u2013 Le 19 mai 2023, une date qui restera dans les m\u00e9moires senonaises - Saint Die Info\" \/>\n<meta name=\"twitter:description\" content=\"La date du 19 mai 2023 restera sans nul doute dans les m\u00e9moires senonaises. Car c&rsquo;est hier que plusieurs anniversaires, [&hellip;]\" \/>\n<meta name=\"twitter:image\" content=\"https:\/\/vosgesinfo.fr\/app\/uploads\/sites\/4\/2024\/08\/202305senones-19-mai-2023-anniversaires-2.jpg\" \/>\n<meta name=\"twitter:creator\" content=\"@VosgesInfo88\" \/>\n<meta name=\"twitter:site\" content=\"@VosgesInfo88\" \/>\n<meta name=\"twitter:label1\" content=\"\u00c9crit par\" \/>\n\t<meta name=\"twitter:data1\" content=\"la r\u00e9daction\" \/>\n\t<meta name=\"twitter:label2\" content=\"Dur\u00e9e de lecture estim\u00e9e\" \/>\n\t<meta name=\"twitter:data2\" content=\"1 minute\" \/>\n<script type=\"application\/ld+json\" class=\"yoast-schema-graph\">{\"@context\":\"https:\/\/schema.org\",\"@graph\":[{\"@type\":\"Article\",\"@id\":\"https:\/\/vosgesinfo.fr\/saintdieinfo\/2023\/05\/senones-19-mai-2023-date-restera-memoires-senonaises\/#article\",\"isPartOf\":{\"@id\":\"https:\/\/vosgesinfo.fr\/saintdieinfo\/2023\/05\/senones-19-mai-2023-date-restera-memoires-senonaises\/\"},\"author\":{\"name\":\"la r\u00e9daction\",\"@id\":\"https:\/\/vosgesinfo.fr\/saintdieinfo\/#\/schema\/person\/faee6704a21f3977511db84bd1cd450f\"},\"headline\":\"Senones \u2013 Le 19 mai 2023, une date qui restera dans les m\u00e9moires senonaises\",\"datePublished\":\"2023-05-20T06:04:54+00:00\",\"dateModified\":\"2023-05-20T06:04:54+00:00\",\"mainEntityOfPage\":{\"@id\":\"https:\/\/vosgesinfo.fr\/saintdieinfo\/2023\/05\/senones-19-mai-2023-date-restera-memoires-senonaises\/\"},\"wordCount\":286,\"commentCount\":0,\"publisher\":{\"@id\":\"https:\/\/vosgesinfo.fr\/saintdieinfo\/#organization\"},\"image\":{\"@id\":\"https:\/\/vosgesinfo.fr\/saintdieinfo\/2023\/05\/senones-19-mai-2023-date-restera-memoires-senonaises\/#primaryimage\"},\"thumbnailUrl\":\"https:\/\/vosgesinfo.fr\/app\/uploads\/sites\/4\/2024\/08\/202305senones-19-mai-2023-anniversaires-2.jpg\",\"keywords\":[\"60 ans de la Garde de Sam\",\"Anniversaire des jumelages de Senones\",\"Jettingen\",\"Marchin\",\"Senones\",\"Vernio\"],\"articleSection\":[\"A la Une\",\"Saint-Di\u00e9-des-Vosges et son Agglom\u00e9ration\"],\"inLanguage\":\"fr-FR\",\"potentialAction\":[{\"@type\":\"CommentAction\",\"name\":\"Comment\",\"target\":[\"https:\/\/vosgesinfo.fr\/saintdieinfo\/2023\/05\/senones-19-mai-2023-date-restera-memoires-senonaises\/#respond\"]}]},{\"@type\":\"WebPage\",\"@id\":\"https:\/\/vosgesinfo.fr\/saintdieinfo\/2023\/05\/senones-19-mai-2023-date-restera-memoires-senonaises\/\",\"url\":\"https:\/\/vosgesinfo.fr\/saintdieinfo\/2023\/05\/senones-19-mai-2023-date-restera-memoires-senonaises\/\",\"name\":\"Senones \u2013 Le 19 mai 2023, une date qui restera dans les m\u00e9moires senonaises - Saint Die Info\",\"isPartOf\":{\"@id\":\"https:\/\/vosgesinfo.fr\/saintdieinfo\/#website\"},\"primaryImageOfPage\":{\"@id\":\"https:\/\/vosgesinfo.fr\/saintdieinfo\/2023\/05\/senones-19-mai-2023-date-restera-memoires-senonaises\/#primaryimage\"},\"image\":{\"@id\":\"https:\/\/vosgesinfo.fr\/saintdieinfo\/2023\/05\/senones-19-mai-2023-date-restera-memoires-senonaises\/#primaryimage\"},\"thumbnailUrl\":\"https:\/\/vosgesinfo.fr\/app\/uploads\/sites\/4\/2024\/08\/202305senones-19-mai-2023-anniversaires-2.jpg\",\"datePublished\":\"2023-05-20T06:04:54+00:00\",\"dateModified\":\"2023-05-20T06:04:54+00:00\",\"breadcrumb\":{\"@id\":\"https:\/\/vosgesinfo.fr\/saintdieinfo\/2023\/05\/senones-19-mai-2023-date-restera-memoires-senonaises\/#breadcrumb\"},\"inLanguage\":\"fr-FR\",\"potentialAction\":[{\"@type\":\"ReadAction\",\"target\":[\"https:\/\/vosgesinfo.fr\/saintdieinfo\/2023\/05\/senones-19-mai-2023-date-restera-memoires-senonaises\/\"]}]},{\"@type\":\"ImageObject\",\"inLanguage\":\"fr-FR\",\"@id\":\"https:\/\/vosgesinfo.fr\/saintdieinfo\/2023\/05\/senones-19-mai-2023-date-restera-memoires-senonaises\/#primaryimage\",\"url\":\"https:\/\/vosgesinfo.fr\/app\/uploads\/sites\/4\/2024\/08\/202305senones-19-mai-2023-anniversaires-2.jpg\",\"contentUrl\":\"https:\/\/vosgesinfo.fr\/app\/uploads\/sites\/4\/2024\/08\/202305senones-19-mai-2023-anniversaires-2.jpg\",\"width\":2048,\"height\":1536},{\"@type\":\"BreadcrumbList\",\"@id\":\"https:\/\/vosgesinfo.fr\/saintdieinfo\/2023\/05\/senones-19-mai-2023-date-restera-memoires-senonaises\/#breadcrumb\",\"itemListElement\":[{\"@type\":\"ListItem\",\"position\":1,\"name\":\"Home\",\"item\":\"https:\/\/vosgesinfo.fr\/saintdieinfo\/\"},{\"@type\":\"ListItem\",\"position\":2,\"name\":\"Senones \u2013 Le 19 mai 2023, une date qui restera dans les m\u00e9moires senonaises\"}]},{\"@type\":\"WebSite\",\"@id\":\"https:\/\/vosgesinfo.fr\/saintdieinfo\/#website\",\"url\":\"https:\/\/vosgesinfo.fr\/saintdieinfo\/\",\"name\":\"Saint Die Info\",\"description\":\"Toute l&#039;actualit\u00e9 de Saint-Di\u00e9-Des-Vosges\",\"publisher\":{\"@id\":\"https:\/\/vosgesinfo.fr\/saintdieinfo\/#organization\"},\"alternateName\":\"Toute l'actualit\u00e9 de Saint-Di\u00e9-Des-Vosges\",\"potentialAction\":[{\"@type\":\"SearchAction\",\"target\":{\"@type\":\"EntryPoint\",\"urlTemplate\":\"https:\/\/vosgesinfo.fr\/saintdieinfo\/?s={search_term_string}\"},\"query-input\":\"required name=search_term_string\"}],\"inLanguage\":\"fr-FR\"},{\"@type\":\"Organization\",\"@id\":\"https:\/\/vosgesinfo.fr\/saintdieinfo\/#organization\",\"name\":\"Saint Die Info\",\"url\":\"https:\/\/vosgesinfo.fr\/saintdieinfo\/\",\"logo\":{\"@type\":\"ImageObject\",\"inLanguage\":\"fr-FR\",\"@id\":\"https:\/\/vosgesinfo.fr\/saintdieinfo\/#\/schema\/logo\/image\/\",\"url\":\"https:\/\/vosgesinfo.fr\/app\/uploads\/sites\/4\/2024\/02\/logo-sdi.jpg\",\"contentUrl\":\"https:\/\/vosgesinfo.fr\/app\/uploads\/sites\/4\/2024\/02\/logo-sdi.jpg\",\"width\":600,\"height\":600,\"caption\":\"Saint Die Info\"},\"image\":{\"@id\":\"https:\/\/vosgesinfo.fr\/saintdieinfo\/#\/schema\/logo\/image\/\"},\"sameAs\":[\"https:\/\/www.facebook.com\/Saintdieinfofr\",\"https:\/\/x.com\/VosgesInfo88\",\"https:\/\/www.youtube.com\/@vosgesinfo\"]},{\"@type\":\"Person\",\"@id\":\"https:\/\/vosgesinfo.fr\/saintdieinfo\/#\/schema\/person\/faee6704a21f3977511db84bd1cd450f\",\"name\":\"la r\u00e9daction\",\"image\":{\"@type\":\"ImageObject\",\"inLanguage\":\"fr-FR\",\"@id\":\"https:\/\/vosgesinfo.fr\/saintdieinfo\/#\/schema\/person\/image\/\",\"url\":\"https:\/\/secure.gravatar.com\/avatar\/6673d8bc6a9c17fa9a453eaa3448de834fa308c2ec9635b7aa99441a7c8d2cf6?s=96&d=mm&r=g\",\"contentUrl\":\"https:\/\/secure.gravatar.com\/avatar\/6673d8bc6a9c17fa9a453eaa3448de834fa308c2ec9635b7aa99441a7c8d2cf6?s=96&d=mm&r=g\",\"caption\":\"la r\u00e9daction\"},\"url\":\"https:\/\/vosgesinfo.fr\/saintdieinfo\/author\/redac\/\"}]}<\/script>\n<!-- \/ Yoast SEO plugin. -->","yoast_head_json":{"title":"Senones \u2013 Le 19 mai 2023, une date qui restera dans les m\u00e9moires senonaises - Saint Die Info","robots":{"index":"index","follow":"follow","max-snippet":"max-snippet:-1","max-image-preview":"max-image-preview:large","max-video-preview":"max-video-preview:-1"},"canonical":"https:\/\/vosgesinfo.fr\/saintdieinfo\/2023\/05\/senones-19-mai-2023-date-restera-memoires-senonaises\/","twitter_card":"summary_large_image","twitter_title":"Senones \u2013 Le 19 mai 2023, une date qui restera dans les m\u00e9moires senonaises - Saint Die Info","twitter_description":"La date du 19 mai 2023 restera sans nul doute dans les m\u00e9moires senonaises. Car c&rsquo;est hier que plusieurs anniversaires, [&hellip;]","twitter_image":"https:\/\/vosgesinfo.fr\/app\/uploads\/sites\/4\/2024\/08\/202305senones-19-mai-2023-anniversaires-2.jpg","twitter_creator":"@VosgesInfo88","twitter_site":"@VosgesInfo88","twitter_misc":{"\u00c9crit par":"la r\u00e9daction","Dur\u00e9e de lecture estim\u00e9e":"1 minute"},"schema":{"@context":"https:\/\/schema.org","@graph":[{"@type":"Article","@id":"https:\/\/vosgesinfo.fr\/saintdieinfo\/2023\/05\/senones-19-mai-2023-date-restera-memoires-senonaises\/#article","isPartOf":{"@id":"https:\/\/vosgesinfo.fr\/saintdieinfo\/2023\/05\/senones-19-mai-2023-date-restera-memoires-senonaises\/"},"author":{"name":"la r\u00e9daction","@id":"https:\/\/vosgesinfo.fr\/saintdieinfo\/#\/schema\/person\/faee6704a21f3977511db84bd1cd450f"},"headline":"Senones \u2013 Le 19 mai 2023, une date qui restera dans les m\u00e9moires senonaises","datePublished":"2023-05-20T06:04:54+00:00","dateModified":"2023-05-20T06:04:54+00:00","mainEntityOfPage":{"@id":"https:\/\/vosgesinfo.fr\/saintdieinfo\/2023\/05\/senones-19-mai-2023-date-restera-memoires-senonaises\/"},"wordCount":286,"commentCount":0,"publisher":{"@id":"https:\/\/vosgesinfo.fr\/saintdieinfo\/#organization"},"image":{"@id":"https:\/\/vosgesinfo.fr\/saintdieinfo\/2023\/05\/senones-19-mai-2023-date-restera-memoires-senonaises\/#primaryimage"},"thumbnailUrl":"https:\/\/vosgesinfo.fr\/app\/uploads\/sites\/4\/2024\/08\/202305senones-19-mai-2023-anniversaires-2.jpg","keywords":["60 ans de la Garde de Sam","Anniversaire des jumelages de Senones","Jettingen","Marchin","Senones","Vernio"],"articleSection":["A la Une","Saint-Di\u00e9-des-Vosges et son Agglom\u00e9ration"],"inLanguage":"fr-FR","potentialAction":[{"@type":"CommentAction","name":"Comment","target":["https:\/\/vosgesinfo.fr\/saintdieinfo\/2023\/05\/senones-19-mai-2023-date-restera-memoires-senonaises\/#respond"]}]},{"@type":"WebPage","@id":"https:\/\/vosgesinfo.fr\/saintdieinfo\/2023\/05\/senones-19-mai-2023-date-restera-memoires-senonaises\/","url":"https:\/\/vosgesinfo.fr\/saintdieinfo\/2023\/05\/senones-19-mai-2023-date-restera-memoires-senonaises\/","name":"Senones \u2013 Le 19 mai 2023, une date qui restera dans les m\u00e9moires senonaises - Saint Die Info","isPartOf":{"@id":"https:\/\/vosgesinfo.fr\/saintdieinfo\/#website"},"primaryImageOfPage":{"@id":"https:\/\/vosgesinfo.fr\/saintdieinfo\/2023\/05\/senones-19-mai-2023-date-restera-memoires-senonaises\/#primaryimage"},"image":{"@id":"https:\/\/vosgesinfo.fr\/saintdieinfo\/2023\/05\/senones-19-mai-2023-date-restera-memoires-senonaises\/#primaryimage"},"thumbnailUrl":"https:\/\/vosgesinfo.fr\/app\/uploads\/sites\/4\/2024\/08\/202305senones-19-mai-2023-anniversaires-2.jpg","datePublished":"2023-05-20T06:04:54+00:00","dateModified":"2023-05-20T06:04:54+00:00","breadcrumb":{"@id":"https:\/\/vosgesinfo.fr\/saintdieinfo\/2023\/05\/senones-19-mai-2023-date-restera-memoires-senonaises\/#breadcrumb"},"inLanguage":"fr-FR","potentialAction":[{"@type":"ReadAction","target":["https:\/\/vosgesinfo.fr\/saintdieinfo\/2023\/05\/senones-19-mai-2023-date-restera-memoires-senonaises\/"]}]},{"@type":"ImageObject","inLanguage":"fr-FR","@id":"https:\/\/vosgesinfo.fr\/saintdieinfo\/2023\/05\/senones-19-mai-2023-date-restera-memoires-senonaises\/#primaryimage","url":"https:\/\/vosgesinfo.fr\/app\/uploads\/sites\/4\/2024\/08\/202305senones-19-mai-2023-anniversaires-2.jpg","contentUrl":"https:\/\/vosgesinfo.fr\/app\/uploads\/sites\/4\/2024\/08\/202305senones-19-mai-2023-anniversaires-2.jpg","width":2048,"height":1536},{"@type":"BreadcrumbList","@id":"https:\/\/vosgesinfo.fr\/saintdieinfo\/2023\/05\/senones-19-mai-2023-date-restera-memoires-senonaises\/#breadcrumb","itemListElement":[{"@type":"ListItem","position":1,"name":"Home","item":"https:\/\/vosgesinfo.fr\/saintdieinfo\/"},{"@type":"ListItem","position":2,"name":"Senones \u2013 Le 19 mai 2023, une date qui restera dans les m\u00e9moires senonaises"}]},{"@type":"WebSite","@id":"https:\/\/vosgesinfo.fr\/saintdieinfo\/#website","url":"https:\/\/vosgesinfo.fr\/saintdieinfo\/","name":"Saint Die Info","description":"Toute l&#039;actualit\u00e9 de Saint-Di\u00e9-Des-Vosges","publisher":{"@id":"https:\/\/vosgesinfo.fr\/saintdieinfo\/#organization"},"alternateName":"Toute l'actualit\u00e9 de Saint-Di\u00e9-Des-Vosges","potentialAction":[{"@type":"SearchAction","target":{"@type":"EntryPoint","urlTemplate":"https:\/\/vosgesinfo.fr\/saintdieinfo\/?s={search_term_string}"},"query-input":"required name=search_term_string"}],"inLanguage":"fr-FR"},{"@type":"Organization","@id":"https:\/\/vosgesinfo.fr\/saintdieinfo\/#organization","name":"Saint Die Info","url":"https:\/\/vosgesinfo.fr\/saintdieinfo\/","logo":{"@type":"ImageObject","inLanguage":"fr-FR","@id":"https:\/\/vosgesinfo.fr\/saintdieinfo\/#\/schema\/logo\/image\/","url":"https:\/\/vosgesinfo.fr\/app\/uploads\/sites\/4\/2024\/02\/logo-sdi.jpg","contentUrl":"https:\/\/vosgesinfo.fr\/app\/uploads\/sites\/4\/2024\/02\/logo-sdi.jpg","width":600,"height":600,"caption":"Saint Die Info"},"image":{"@id":"https:\/\/vosgesinfo.fr\/saintdieinfo\/#\/schema\/logo\/image\/"},"sameAs":["https:\/\/www.facebook.com\/Saintdieinfofr","https:\/\/x.com\/VosgesInfo88","https:\/\/www.youtube.com\/@vosgesinfo"]},{"@type":"Person","@id":"https:\/\/vosgesinfo.fr\/saintdieinfo\/#\/schema\/person\/faee6704a21f3977511db84bd1cd450f","name":"la r\u00e9daction","image":{"@type":"ImageObject","inLanguage":"fr-FR","@id":"https:\/\/vosgesinfo.fr\/saintdieinfo\/#\/schema\/person\/image\/","url":"https:\/\/secure.gravatar.com\/avatar\/6673d8bc6a9c17fa9a453eaa3448de834fa308c2ec9635b7aa99441a7c8d2cf6?s=96&d=mm&r=g","contentUrl":"https:\/\/secure.gravatar.com\/avatar\/6673d8bc6a9c17fa9a453eaa3448de834fa308c2ec9635b7aa99441a7c8d2cf6?s=96&d=mm&r=g","caption":"la r\u00e9daction"},"url":"https:\/\/vosgesinfo.fr\/saintdieinfo\/author\/redac\/"}]}},"_links":{"self":[{"href":"https:\/\/vosgesinfo.fr\/saintdieinfo\/wp-json\/wp\/v2\/posts\/64934","targetHints":{"allow":["GET"]}}],"collection":[{"href":"https:\/\/vosgesinfo.fr\/saintdieinfo\/wp-json\/wp\/v2\/posts"}],"about":[{"href":"https:\/\/vosgesinfo.fr\/saintdieinfo\/wp-json\/wp\/v2\/types\/post"}],"author":[{"embeddable":true,"href":"https:\/\/vosgesinfo.fr\/saintdieinfo\/wp-json\/wp\/v2\/users\/44"}],"replies":[{"embeddable":true,"href":"https:\/\/vosgesinfo.fr\/saintdieinfo\/wp-json\/wp\/v2\/comments?post=64934"}],"version-history":[{"count":0,"href":"https:\/\/vosgesinfo.fr\/saintdieinfo\/wp-json\/wp\/v2\/posts\/64934\/revisions"}],"wp:featuredmedia":[{"embeddable":true,"href":"https:\/\/vosgesinfo.fr\/saintdieinfo\/wp-json\/wp\/v2\/media\/64935"}],"wp:attachment":[{"href":"https:\/\/vosgesinfo.fr\/saintdieinfo\/wp-json\/wp\/v2\/media?parent=64934"}],"wp:term":[{"taxonomy":"category","embeddable":true,"href":"https:\/\/vosgesinfo.fr\/saintdieinfo\/wp-json\/wp\/v2\/categories?post=64934"},{"taxonomy":"post_tag","embeddable":true,"href":"https:\/\/vosgesinfo.fr\/saintdieinfo\/wp-json\/wp\/v2\/tags?post=64934"}],"curies":[{"name":"wp","href":"https:\/\/api.w.org\/{rel}","templated":true}]}}