{"id":64943,"date":"2023-05-20T08:07:15","date_gmt":"2023-05-20T06:07:15","guid":{"rendered":"https:\/\/vosgesinfo.fr\/saintdieinfo\/2023\/05\/rencontre-mobilite-europeenne-jeunes-cest-possible\/"},"modified":"2023-05-20T08:07:15","modified_gmt":"2023-05-20T06:07:15","slug":"rencontre-mobilite-europeenne-jeunes-cest-possible","status":"publish","type":"post","link":"https:\/\/vosgesinfo.fr\/saintdieinfo\/2023\/05\/rencontre-mobilite-europeenne-jeunes-cest-possible\/","title":{"rendered":"Rencontre \u00ab\u00a0La mobilit\u00e9 europ\u00e9enne des jeunes, c\u2019est possible\u00a0\u00bb"},"content":{"rendered":"<div><a href=\"\/2023\/05\/IUT-expo.jpg\" target=\"_blank\" rel=\"noopener\"><img decoding=\"async\" class=\"aligncenter wp-image-201466 size-large\" src=\"\/2023\/05\/IUT-expo-1024x577.jpg\" alt=\"IUT expo\" width=\"960\" height=\"541\" \/><\/a><\/div>\n<p><!--more--><\/p>\n<h3><strong><span style=\"font-size: 12pt;\"><span id=\"m_2082272678947227362OBJ_PREFIX_DWT943_com_zimbra_date\"><span id=\"m_2082272678947227362OBJ_PREFIX_DWT1043_com_zimbra_date\">Lundi<\/span><\/span> 22 mai de 16 h \u00e0 18 h \/ IUT<\/span><\/strong><\/h3>\n<div><strong>Echange avec les \u00e9tudiants de Saint-Di\u00e9-des-Vosges : \u00ab la mobilit\u00e9 europ\u00e9enne des jeunes, c\u2019est possible \u00bb<\/strong><br \/>\nA l\u2019IUT (salle TD13). Intervention de CRISTEEL &#8211; Centre\u00a0 d\u2019information Europe Direct Lorraine Grand Est, dans le cadre de l\u2019ann\u00e9e europ\u00e9enne des comp\u00e9tences. Rendez-vous anim\u00e9 par Roxane Ledard (permanente CRISTEEL) et une volontaire europ\u00e9enne italienne actuellement en stage \u00e0 l\u2019\u00e9cole Montessori de Senones.<\/div>\n<div><\/div>\n<h3><strong><span style=\"font-size: 12pt;\">Du <span id=\"m_2082272678947227362OBJ_PREFIX_DWT1314_com_zimbra_date\"><span id=\"m_2082272678947227362OBJ_PREFIX_DWT1414_com_zimbra_date\">lundi<\/span><\/span> 22 au <span id=\"m_2082272678947227362OBJ_PREFIX_DWT1315_com_zimbra_date\"><span id=\"m_2082272678947227362OBJ_PREFIX_DWT1415_com_zimbra_date\">mardi<\/span><\/span> 31 mai \/ IUT<\/span><\/strong><\/h3>\n<div><strong>Exposition\u00a0\u00ab L\u2019Europe, c\u2019est possible \u00bb<\/strong><br \/>\nsur les mobilit\u00e9s europ\u00e9ennes des jeunes<br \/>\nA l\u2019IUT (hall de rez-de-chauss\u00e9e). Une exposition propos\u00e9e par CRISTEEL &#8211; Centre d\u2019information Europe Direct Lorraine Grand Est , dans le cadre de l\u2019ann\u00e9e europ\u00e9enne des comp\u00e9tences. Exposition compl\u00e9t\u00e9e par de la documentation CRISTEEL et Erasmus+.<\/div>\n<div><\/div>\n<div><a href=\"https:\/\/france.representation.ec.europa.eu\/informations\/la-commission-lance-les-travaux-sur-lannee-europeenne-des-competences-2022-10-12_fr\" target=\"_blank\" data-saferedirecturl=\"https:\/\/www.google.com\/url?q=https:\/\/france.representation.ec.europa.eu\/informations\/la-commission-lance-les-travaux-sur-lannee-europeenne-des-competences-2022-10-12_fr&amp;source=gmail&amp;ust=1684654288258000&amp;usg=AOvVaw0oEeHQHz0am6chRUXI_baF\" rel=\"noopener\">https:\/\/france.representation.<wbr \/>ec.europa.eu\/informations\/la-<wbr \/>commission-lance-les-travaux-<wbr \/>sur-lannee-europeenne-des-<wbr \/>competences-2022-10-12_fr<\/a><\/div>\n<div><a href=\"https:\/\/commission.europa.eu\/strategy-and-policy\/priorities-2019-2024\/europe-fit-digital-age\/european-year-skills-2023_fr\" target=\"_blank\" data-saferedirecturl=\"https:\/\/www.google.com\/url?q=https:\/\/commission.europa.eu\/strategy-and-policy\/priorities-2019-2024\/europe-fit-digital-age\/european-year-skills-2023_fr&amp;source=gmail&amp;ust=1684654288258000&amp;usg=AOvVaw01H3aXpsyhgnMaGU7GfV05\" rel=\"noopener\">https:\/\/commission.europa.eu\/<wbr \/>strategy-and-policy\/<wbr \/>priorities-2019-2024\/europe-<wbr \/>fit-digital-age\/european-year-<wbr \/>skills-2023_fr<\/a><\/div>\n<div><a href=\"https:\/\/www.cristeel.fr\/\" target=\"_blank\" data-saferedirecturl=\"https:\/\/www.google.com\/url?q=https:\/\/www.cristeel.fr\/&amp;source=gmail&amp;ust=1684654288258000&amp;usg=AOvVaw33vwMDaJd0IEsu-DtMhGOJ\" rel=\"noopener\">https:\/\/www.cristeel.fr\/<\/a><\/div>\n","protected":false},"excerpt":{"rendered":"","protected":false},"author":40,"featured_media":64944,"comment_status":"open","ping_status":"open","sticky":false,"template":"","format":"standard","meta":{"footnotes":""},"categories":[460,6,2915],"tags":[14396,3205,14397,6123],"class_list":["post-64943","post","type-post","status-publish","format-standard","has-post-thumbnail","hentry","category-a-la-une","category-education","category-saint-die-son-canton","tag-cristeel","tag-iut-de-saint-die-des-vosges","tag-mobilite-des-jeunes","tag-union-europeenne"],"acf":[],"yoast_head":"<!-- This site is optimized with the Yoast SEO plugin v22.5 - https:\/\/yoast.com\/wordpress\/plugins\/seo\/ -->\n<title>Rencontre &quot;La mobilit\u00e9 europ\u00e9enne des jeunes, c\u2019est possible&quot; - Saint Die Info<\/title>\n<meta name=\"robots\" content=\"index, follow, max-snippet:-1, max-image-preview:large, max-video-preview:-1\" \/>\n<link rel=\"canonical\" href=\"https:\/\/vosgesinfo.fr\/saintdieinfo\/2023\/05\/rencontre-mobilite-europeenne-jeunes-cest-possible\/\" \/>\n<meta name=\"twitter:card\" content=\"summary_large_image\" \/>\n<meta name=\"twitter:title\" content=\"Rencontre &quot;La mobilit\u00e9 europ\u00e9enne des jeunes, c\u2019est possible&quot; - Saint Die Info\" \/>\n<meta name=\"twitter:image\" content=\"https:\/\/vosgesinfo.fr\/app\/uploads\/sites\/4\/2024\/08\/202305iut-expo.jpg\" \/>\n<meta name=\"twitter:creator\" content=\"@VosgesInfo88\" \/>\n<meta name=\"twitter:site\" content=\"@VosgesInfo88\" \/>\n<meta name=\"twitter:label1\" content=\"\u00c9crit par\" \/>\n\t<meta name=\"twitter:data1\" content=\"\u00c9ric Richard\" \/>\n\t<meta name=\"twitter:label2\" content=\"Dur\u00e9e de lecture estim\u00e9e\" \/>\n\t<meta name=\"twitter:data2\" content=\"1 minute\" \/>\n<script type=\"application\/ld+json\" class=\"yoast-schema-graph\">{\"@context\":\"https:\/\/schema.org\",\"@graph\":[{\"@type\":\"Article\",\"@id\":\"https:\/\/vosgesinfo.fr\/saintdieinfo\/2023\/05\/rencontre-mobilite-europeenne-jeunes-cest-possible\/#article\",\"isPartOf\":{\"@id\":\"https:\/\/vosgesinfo.fr\/saintdieinfo\/2023\/05\/rencontre-mobilite-europeenne-jeunes-cest-possible\/\"},\"author\":{\"name\":\"\u00c9ric Richard\",\"@id\":\"https:\/\/vosgesinfo.fr\/saintdieinfo\/#\/schema\/person\/a1fec7861121115e7faca6f142141c04\"},\"headline\":\"Rencontre \u00ab\u00a0La mobilit\u00e9 europ\u00e9enne des jeunes, c\u2019est possible\u00a0\u00bb\",\"datePublished\":\"2023-05-20T06:07:15+00:00\",\"dateModified\":\"2023-05-20T06:07:15+00:00\",\"mainEntityOfPage\":{\"@id\":\"https:\/\/vosgesinfo.fr\/saintdieinfo\/2023\/05\/rencontre-mobilite-europeenne-jeunes-cest-possible\/\"},\"wordCount\":172,\"commentCount\":0,\"publisher\":{\"@id\":\"https:\/\/vosgesinfo.fr\/saintdieinfo\/#organization\"},\"image\":{\"@id\":\"https:\/\/vosgesinfo.fr\/saintdieinfo\/2023\/05\/rencontre-mobilite-europeenne-jeunes-cest-possible\/#primaryimage\"},\"thumbnailUrl\":\"https:\/\/vosgesinfo.fr\/app\/uploads\/sites\/4\/2024\/08\/202305iut-expo.jpg\",\"keywords\":[\"CRISTEEL\",\"IUT de Saint-Di\u00e9-des-Vosges\",\"Mobilit\u00e9 des jeunes\",\"Union Europ\u00e9enne\"],\"articleSection\":[\"A la Une\",\"\u00c9ducation\",\"Saint-Di\u00e9-des-Vosges et son Agglom\u00e9ration\"],\"inLanguage\":\"fr-FR\",\"potentialAction\":[{\"@type\":\"CommentAction\",\"name\":\"Comment\",\"target\":[\"https:\/\/vosgesinfo.fr\/saintdieinfo\/2023\/05\/rencontre-mobilite-europeenne-jeunes-cest-possible\/#respond\"]}]},{\"@type\":\"WebPage\",\"@id\":\"https:\/\/vosgesinfo.fr\/saintdieinfo\/2023\/05\/rencontre-mobilite-europeenne-jeunes-cest-possible\/\",\"url\":\"https:\/\/vosgesinfo.fr\/saintdieinfo\/2023\/05\/rencontre-mobilite-europeenne-jeunes-cest-possible\/\",\"name\":\"Rencontre \\\"La mobilit\u00e9 europ\u00e9enne des jeunes, c\u2019est possible\\\" - Saint Die Info\",\"isPartOf\":{\"@id\":\"https:\/\/vosgesinfo.fr\/saintdieinfo\/#website\"},\"primaryImageOfPage\":{\"@id\":\"https:\/\/vosgesinfo.fr\/saintdieinfo\/2023\/05\/rencontre-mobilite-europeenne-jeunes-cest-possible\/#primaryimage\"},\"image\":{\"@id\":\"https:\/\/vosgesinfo.fr\/saintdieinfo\/2023\/05\/rencontre-mobilite-europeenne-jeunes-cest-possible\/#primaryimage\"},\"thumbnailUrl\":\"https:\/\/vosgesinfo.fr\/app\/uploads\/sites\/4\/2024\/08\/202305iut-expo.jpg\",\"datePublished\":\"2023-05-20T06:07:15+00:00\",\"dateModified\":\"2023-05-20T06:07:15+00:00\",\"breadcrumb\":{\"@id\":\"https:\/\/vosgesinfo.fr\/saintdieinfo\/2023\/05\/rencontre-mobilite-europeenne-jeunes-cest-possible\/#breadcrumb\"},\"inLanguage\":\"fr-FR\",\"potentialAction\":[{\"@type\":\"ReadAction\",\"target\":[\"https:\/\/vosgesinfo.fr\/saintdieinfo\/2023\/05\/rencontre-mobilite-europeenne-jeunes-cest-possible\/\"]}]},{\"@type\":\"ImageObject\",\"inLanguage\":\"fr-FR\",\"@id\":\"https:\/\/vosgesinfo.fr\/saintdieinfo\/2023\/05\/rencontre-mobilite-europeenne-jeunes-cest-possible\/#primaryimage\",\"url\":\"https:\/\/vosgesinfo.fr\/app\/uploads\/sites\/4\/2024\/08\/202305iut-expo.jpg\",\"contentUrl\":\"https:\/\/vosgesinfo.fr\/app\/uploads\/sites\/4\/2024\/08\/202305iut-expo.jpg\",\"width\":1229,\"height\":692},{\"@type\":\"BreadcrumbList\",\"@id\":\"https:\/\/vosgesinfo.fr\/saintdieinfo\/2023\/05\/rencontre-mobilite-europeenne-jeunes-cest-possible\/#breadcrumb\",\"itemListElement\":[{\"@type\":\"ListItem\",\"position\":1,\"name\":\"Home\",\"item\":\"https:\/\/vosgesinfo.fr\/saintdieinfo\/\"},{\"@type\":\"ListItem\",\"position\":2,\"name\":\"Rencontre \u00ab\u00a0La mobilit\u00e9 europ\u00e9enne des jeunes, c\u2019est possible\u00a0\u00bb\"}]},{\"@type\":\"WebSite\",\"@id\":\"https:\/\/vosgesinfo.fr\/saintdieinfo\/#website\",\"url\":\"https:\/\/vosgesinfo.fr\/saintdieinfo\/\",\"name\":\"Saint Die Info\",\"description\":\"Toute l&#039;actualit\u00e9 de Saint-Di\u00e9-Des-Vosges\",\"publisher\":{\"@id\":\"https:\/\/vosgesinfo.fr\/saintdieinfo\/#organization\"},\"alternateName\":\"Toute l'actualit\u00e9 de Saint-Di\u00e9-Des-Vosges\",\"potentialAction\":[{\"@type\":\"SearchAction\",\"target\":{\"@type\":\"EntryPoint\",\"urlTemplate\":\"https:\/\/vosgesinfo.fr\/saintdieinfo\/?s={search_term_string}\"},\"query-input\":\"required name=search_term_string\"}],\"inLanguage\":\"fr-FR\"},{\"@type\":\"Organization\",\"@id\":\"https:\/\/vosgesinfo.fr\/saintdieinfo\/#organization\",\"name\":\"Saint Die Info\",\"url\":\"https:\/\/vosgesinfo.fr\/saintdieinfo\/\",\"logo\":{\"@type\":\"ImageObject\",\"inLanguage\":\"fr-FR\",\"@id\":\"https:\/\/vosgesinfo.fr\/saintdieinfo\/#\/schema\/logo\/image\/\",\"url\":\"https:\/\/vosgesinfo.fr\/app\/uploads\/sites\/4\/2024\/02\/logo-sdi.jpg\",\"contentUrl\":\"https:\/\/vosgesinfo.fr\/app\/uploads\/sites\/4\/2024\/02\/logo-sdi.jpg\",\"width\":600,\"height\":600,\"caption\":\"Saint Die Info\"},\"image\":{\"@id\":\"https:\/\/vosgesinfo.fr\/saintdieinfo\/#\/schema\/logo\/image\/\"},\"sameAs\":[\"https:\/\/www.facebook.com\/Saintdieinfofr\",\"https:\/\/x.com\/VosgesInfo88\",\"https:\/\/www.youtube.com\/@vosgesinfo\"]},{\"@type\":\"Person\",\"@id\":\"https:\/\/vosgesinfo.fr\/saintdieinfo\/#\/schema\/person\/a1fec7861121115e7faca6f142141c04\",\"name\":\"\u00c9ric Richard\",\"image\":{\"@type\":\"ImageObject\",\"inLanguage\":\"fr-FR\",\"@id\":\"https:\/\/vosgesinfo.fr\/saintdieinfo\/#\/schema\/person\/image\/\",\"url\":\"https:\/\/secure.gravatar.com\/avatar\/6c6531f27907fbb153a9318dc55c2483c52588f678772542208862079a50dead?s=96&d=mm&r=g\",\"contentUrl\":\"https:\/\/secure.gravatar.com\/avatar\/6c6531f27907fbb153a9318dc55c2483c52588f678772542208862079a50dead?s=96&d=mm&r=g\",\"caption\":\"\u00c9ric Richard\"},\"url\":\"https:\/\/vosgesinfo.fr\/saintdieinfo\/author\/eric\/\"}]}<\/script>\n<!-- \/ Yoast SEO plugin. -->","yoast_head_json":{"title":"Rencontre \"La mobilit\u00e9 europ\u00e9enne des jeunes, c\u2019est possible\" - Saint Die Info","robots":{"index":"index","follow":"follow","max-snippet":"max-snippet:-1","max-image-preview":"max-image-preview:large","max-video-preview":"max-video-preview:-1"},"canonical":"https:\/\/vosgesinfo.fr\/saintdieinfo\/2023\/05\/rencontre-mobilite-europeenne-jeunes-cest-possible\/","twitter_card":"summary_large_image","twitter_title":"Rencontre \"La mobilit\u00e9 europ\u00e9enne des jeunes, c\u2019est possible\" - Saint Die Info","twitter_image":"https:\/\/vosgesinfo.fr\/app\/uploads\/sites\/4\/2024\/08\/202305iut-expo.jpg","twitter_creator":"@VosgesInfo88","twitter_site":"@VosgesInfo88","twitter_misc":{"\u00c9crit par":"\u00c9ric Richard","Dur\u00e9e de lecture estim\u00e9e":"1 minute"},"schema":{"@context":"https:\/\/schema.org","@graph":[{"@type":"Article","@id":"https:\/\/vosgesinfo.fr\/saintdieinfo\/2023\/05\/rencontre-mobilite-europeenne-jeunes-cest-possible\/#article","isPartOf":{"@id":"https:\/\/vosgesinfo.fr\/saintdieinfo\/2023\/05\/rencontre-mobilite-europeenne-jeunes-cest-possible\/"},"author":{"name":"\u00c9ric Richard","@id":"https:\/\/vosgesinfo.fr\/saintdieinfo\/#\/schema\/person\/a1fec7861121115e7faca6f142141c04"},"headline":"Rencontre \u00ab\u00a0La mobilit\u00e9 europ\u00e9enne des jeunes, c\u2019est possible\u00a0\u00bb","datePublished":"2023-05-20T06:07:15+00:00","dateModified":"2023-05-20T06:07:15+00:00","mainEntityOfPage":{"@id":"https:\/\/vosgesinfo.fr\/saintdieinfo\/2023\/05\/rencontre-mobilite-europeenne-jeunes-cest-possible\/"},"wordCount":172,"commentCount":0,"publisher":{"@id":"https:\/\/vosgesinfo.fr\/saintdieinfo\/#organization"},"image":{"@id":"https:\/\/vosgesinfo.fr\/saintdieinfo\/2023\/05\/rencontre-mobilite-europeenne-jeunes-cest-possible\/#primaryimage"},"thumbnailUrl":"https:\/\/vosgesinfo.fr\/app\/uploads\/sites\/4\/2024\/08\/202305iut-expo.jpg","keywords":["CRISTEEL","IUT de Saint-Di\u00e9-des-Vosges","Mobilit\u00e9 des jeunes","Union Europ\u00e9enne"],"articleSection":["A la Une","\u00c9ducation","Saint-Di\u00e9-des-Vosges et son Agglom\u00e9ration"],"inLanguage":"fr-FR","potentialAction":[{"@type":"CommentAction","name":"Comment","target":["https:\/\/vosgesinfo.fr\/saintdieinfo\/2023\/05\/rencontre-mobilite-europeenne-jeunes-cest-possible\/#respond"]}]},{"@type":"WebPage","@id":"https:\/\/vosgesinfo.fr\/saintdieinfo\/2023\/05\/rencontre-mobilite-europeenne-jeunes-cest-possible\/","url":"https:\/\/vosgesinfo.fr\/saintdieinfo\/2023\/05\/rencontre-mobilite-europeenne-jeunes-cest-possible\/","name":"Rencontre \"La mobilit\u00e9 europ\u00e9enne des jeunes, c\u2019est possible\" - Saint Die Info","isPartOf":{"@id":"https:\/\/vosgesinfo.fr\/saintdieinfo\/#website"},"primaryImageOfPage":{"@id":"https:\/\/vosgesinfo.fr\/saintdieinfo\/2023\/05\/rencontre-mobilite-europeenne-jeunes-cest-possible\/#primaryimage"},"image":{"@id":"https:\/\/vosgesinfo.fr\/saintdieinfo\/2023\/05\/rencontre-mobilite-europeenne-jeunes-cest-possible\/#primaryimage"},"thumbnailUrl":"https:\/\/vosgesinfo.fr\/app\/uploads\/sites\/4\/2024\/08\/202305iut-expo.jpg","datePublished":"2023-05-20T06:07:15+00:00","dateModified":"2023-05-20T06:07:15+00:00","breadcrumb":{"@id":"https:\/\/vosgesinfo.fr\/saintdieinfo\/2023\/05\/rencontre-mobilite-europeenne-jeunes-cest-possible\/#breadcrumb"},"inLanguage":"fr-FR","potentialAction":[{"@type":"ReadAction","target":["https:\/\/vosgesinfo.fr\/saintdieinfo\/2023\/05\/rencontre-mobilite-europeenne-jeunes-cest-possible\/"]}]},{"@type":"ImageObject","inLanguage":"fr-FR","@id":"https:\/\/vosgesinfo.fr\/saintdieinfo\/2023\/05\/rencontre-mobilite-europeenne-jeunes-cest-possible\/#primaryimage","url":"https:\/\/vosgesinfo.fr\/app\/uploads\/sites\/4\/2024\/08\/202305iut-expo.jpg","contentUrl":"https:\/\/vosgesinfo.fr\/app\/uploads\/sites\/4\/2024\/08\/202305iut-expo.jpg","width":1229,"height":692},{"@type":"BreadcrumbList","@id":"https:\/\/vosgesinfo.fr\/saintdieinfo\/2023\/05\/rencontre-mobilite-europeenne-jeunes-cest-possible\/#breadcrumb","itemListElement":[{"@type":"ListItem","position":1,"name":"Home","item":"https:\/\/vosgesinfo.fr\/saintdieinfo\/"},{"@type":"ListItem","position":2,"name":"Rencontre \u00ab\u00a0La mobilit\u00e9 europ\u00e9enne des jeunes, c\u2019est possible\u00a0\u00bb"}]},{"@type":"WebSite","@id":"https:\/\/vosgesinfo.fr\/saintdieinfo\/#website","url":"https:\/\/vosgesinfo.fr\/saintdieinfo\/","name":"Saint Die Info","description":"Toute l&#039;actualit\u00e9 de Saint-Di\u00e9-Des-Vosges","publisher":{"@id":"https:\/\/vosgesinfo.fr\/saintdieinfo\/#organization"},"alternateName":"Toute l'actualit\u00e9 de Saint-Di\u00e9-Des-Vosges","potentialAction":[{"@type":"SearchAction","target":{"@type":"EntryPoint","urlTemplate":"https:\/\/vosgesinfo.fr\/saintdieinfo\/?s={search_term_string}"},"query-input":"required name=search_term_string"}],"inLanguage":"fr-FR"},{"@type":"Organization","@id":"https:\/\/vosgesinfo.fr\/saintdieinfo\/#organization","name":"Saint Die Info","url":"https:\/\/vosgesinfo.fr\/saintdieinfo\/","logo":{"@type":"ImageObject","inLanguage":"fr-FR","@id":"https:\/\/vosgesinfo.fr\/saintdieinfo\/#\/schema\/logo\/image\/","url":"https:\/\/vosgesinfo.fr\/app\/uploads\/sites\/4\/2024\/02\/logo-sdi.jpg","contentUrl":"https:\/\/vosgesinfo.fr\/app\/uploads\/sites\/4\/2024\/02\/logo-sdi.jpg","width":600,"height":600,"caption":"Saint Die Info"},"image":{"@id":"https:\/\/vosgesinfo.fr\/saintdieinfo\/#\/schema\/logo\/image\/"},"sameAs":["https:\/\/www.facebook.com\/Saintdieinfofr","https:\/\/x.com\/VosgesInfo88","https:\/\/www.youtube.com\/@vosgesinfo"]},{"@type":"Person","@id":"https:\/\/vosgesinfo.fr\/saintdieinfo\/#\/schema\/person\/a1fec7861121115e7faca6f142141c04","name":"\u00c9ric Richard","image":{"@type":"ImageObject","inLanguage":"fr-FR","@id":"https:\/\/vosgesinfo.fr\/saintdieinfo\/#\/schema\/person\/image\/","url":"https:\/\/secure.gravatar.com\/avatar\/6c6531f27907fbb153a9318dc55c2483c52588f678772542208862079a50dead?s=96&d=mm&r=g","contentUrl":"https:\/\/secure.gravatar.com\/avatar\/6c6531f27907fbb153a9318dc55c2483c52588f678772542208862079a50dead?s=96&d=mm&r=g","caption":"\u00c9ric Richard"},"url":"https:\/\/vosgesinfo.fr\/saintdieinfo\/author\/eric\/"}]}},"_links":{"self":[{"href":"https:\/\/vosgesinfo.fr\/saintdieinfo\/wp-json\/wp\/v2\/posts\/64943","targetHints":{"allow":["GET"]}}],"collection":[{"href":"https:\/\/vosgesinfo.fr\/saintdieinfo\/wp-json\/wp\/v2\/posts"}],"about":[{"href":"https:\/\/vosgesinfo.fr\/saintdieinfo\/wp-json\/wp\/v2\/types\/post"}],"author":[{"embeddable":true,"href":"https:\/\/vosgesinfo.fr\/saintdieinfo\/wp-json\/wp\/v2\/users\/40"}],"replies":[{"embeddable":true,"href":"https:\/\/vosgesinfo.fr\/saintdieinfo\/wp-json\/wp\/v2\/comments?post=64943"}],"version-history":[{"count":0,"href":"https:\/\/vosgesinfo.fr\/saintdieinfo\/wp-json\/wp\/v2\/posts\/64943\/revisions"}],"wp:featuredmedia":[{"embeddable":true,"href":"https:\/\/vosgesinfo.fr\/saintdieinfo\/wp-json\/wp\/v2\/media\/64944"}],"wp:attachment":[{"href":"https:\/\/vosgesinfo.fr\/saintdieinfo\/wp-json\/wp\/v2\/media?parent=64943"}],"wp:term":[{"taxonomy":"category","embeddable":true,"href":"https:\/\/vosgesinfo.fr\/saintdieinfo\/wp-json\/wp\/v2\/categories?post=64943"},{"taxonomy":"post_tag","embeddable":true,"href":"https:\/\/vosgesinfo.fr\/saintdieinfo\/wp-json\/wp\/v2\/tags?post=64943"}],"curies":[{"name":"wp","href":"https:\/\/api.w.org\/{rel}","templated":true}]}}